{"id":67347,"date":"2025-12-11T13:10:39","date_gmt":"2025-12-11T12:10:39","guid":{"rendered":"https:\/\/www.revistarambla.com\/?p=67347"},"modified":"2025-12-11T13:10:52","modified_gmt":"2025-12-11T12:10:52","slug":"mercadona-debera-pagar-60-000-euros-a-una-exempleada-acusada-de-comerse-platos-preparados","status":"publish","type":"post","link":"https:\/\/www.revistarambla.com\/en\/mercadona-debera-pagar-60-000-euros-a-una-exempleada-acusada-de-comerse-platos-preparados\/","title":{"rendered":"Mercadona deber\u00e1 pagar 60.000 euros a una exempleada acusada de comerse platos preparados"},"content":{"rendered":"<p>En un fallo que resalta las tensiones entre las rigurosas pol\u00edticas internas de las grandes cadenas de supermercados y los derechos fundamentales de los trabajadores<!--more-->, el Tribunal Superior de Justicia de Catalu\u00f1a (TSJC) ha ratificado la improcedencia del despido de una empleada de Mercadona en Rub\u00ed (Barcelona). La empresa, l\u00edder indiscutible en el sector de la distribuci\u00f3n alimentaria en Espa\u00f1a, deber\u00e1 optar entre readmitir a la afectada o indemnizarla con 60.000 euros, una cantidad que refleja no solo la antig\u00fcedad y el salario de la trabajadora, sino tambi\u00e9n la gravedad percibida de la sanci\u00f3n inicial. Este caso, avanzado por Radio Rub\u00ed y resuelto en noviembre de 2025, se suma a una serie de sentencias que cuestionan la proporcionalidad de las medidas disciplinarias en entornos laborales de alta presi\u00f3n, como los supermercados.<\/p>\n<p>Mercadona, fundada en 1977 por Juan Roig y convertida en un coloso con m\u00e1s de 1.600 tiendas y una facturaci\u00f3n superior a los 30.000 millones de euros anuales, es conocida por su modelo de gesti\u00f3n eficiente, centrado en la optimizaci\u00f3n de procesos y la estricta adhesi\u00f3n a protocolos internos. Sin embargo, esta eficiencia ha sido criticada en ocasiones por sindicatos y expertos en derecho laboral, quienes argumentan que las pol\u00edticas de la compa\u00f1\u00eda, como la prohibici\u00f3n absoluta de consumir productos del establecimiento sin pago previo \u2014incluso aquellos destinados a la basura\u2014, pueden rozar el abuso de poder y vulnerar el principio de buena fe contractual establecido en el Estatuto de los Trabajadores (ET). En este contexto, el caso de Rub\u00ed ilustra c\u00f3mo un incidente aparentemente menor puede escalar a un litigio que expone las fisuras en el equilibrio entre control empresarial y protecci\u00f3n laboral.<\/p>\n<p>Los eventos se remontan a abril de 2024, cuando la extrabajadora, cuya identidad se mantiene en reserva por privacidad, recibi\u00f3 una carta de despido por falta muy grave. Seg\u00fan la comunicaci\u00f3n de Mercadona, la empleada hab\u00eda consumido platos preparados del supermercado en dos ocasiones consecutivas, una vez finalizado su turno y con el local ya cerrado al p\u00fablico. La primera noche, se le acus\u00f3 de ingerir medio pollo asado y jam\u00f3n, valorados en 8,5 euros; al d\u00eda siguiente, croquetas de pollo, sushi, patatas y un trozo de bocadillo, por un total de 17 euros.<\/p>\n<p>La empresa respald\u00f3 estas acusaciones con testimonios de la gestora del centro y una compa\u00f1era, quienes afirmaron haber presenciado los hechos. Adem\u00e1s, adjuntaron fotograf\u00edas de los restos encontrados en una papelera, presentados como evidencia irrefutable de una \u00abapropiaci\u00f3n indebida\u00bb y una violaci\u00f3n de la buena fe contractual, tal como se define en el art\u00edculo 54.2.d del ET. Mercadona, fiel a su convenio colectivo \u2014que clasifica el consumo no autorizado de productos como una falta muy grave equiparable a fraude o abuso de confianza\u2014, propuso un acuerdo extrajudicial: 1.000 euros a cambio de que la afectada admitiera los hechos y renunciara a reclamos futuros. La oferta fue rechazada, lo que llev\u00f3 el caso al Juzgado de lo Social n\u00famero 1 de Terrassa (Barcelona).<\/p>\n<p>Detr\u00e1s de este incidente, emergen detalles que a\u00f1aden complejidad. La sentencia inicial, dictada en enero de 2025, revel\u00f3 que la trabajadora y su compa\u00f1era testigo hab\u00edan sostenido una discusi\u00f3n acalorada poco antes de los supuestos consumos, lo que podr\u00eda sugerir motivaciones personales en las acusaciones. Adem\u00e1s, el juez cuestion\u00f3 la credibilidad de los testimonios y las fotograf\u00edas, argumentando que no probaban de manera concluyente la autor\u00eda ni la intencionalidad dolosa. La gerente que entreg\u00f3 la carta de despido no pertenec\u00eda al departamento de Recursos Humanos, un detalle que el tribunal interpret\u00f3 como una irregularidad procedimental, potencialmente violatoria del derecho a la defensa del trabajador.<\/p>\n<p>El juicio en Terrassa culmin\u00f3 con una sentencia que declaraba el despido improcedente, obligando a Mercadona a elegir entre la readmisi\u00f3n inmediata \u2014con abono de salarios devengados\u2014 o una indemnizaci\u00f3n de 60.000 euros, calculada en base a los 33 d\u00edas de salario por a\u00f1o trabajado establecidos en el art\u00edculo 56 del ET (reforma de 2012). Esta cifra implica una antig\u00fcedad considerable y un salario medio-alto para el sector retail, donde los sueldos base rondan los 1.300-1.800 euros mensuales para puestos similares.<\/p>\n<p>Mercadona recurri\u00f3 en suplicaci\u00f3n ante el TSJC, argumentando que la conducta de la empleada constitu\u00eda una transgresi\u00f3n grave del convenio colectivo y del principio de lealtad hacia la empresa. Sin embargo, en noviembre de 2025, la Sala de lo Social ratific\u00f3 el fallo inicial, enfatizando la falta de proporcionalidad: los productos consumidos ten\u00edan un valor \u00ednfimo (menos de 26 euros en total), y no se demostr\u00f3 perjuicio econ\u00f3mico real para la compa\u00f1\u00eda, especialmente considerando que podr\u00edan haber sido destinados a desperdicio. La sentencia subraya que, aunque las pol\u00edticas internas son v\u00e1lidas, deben someterse al escrutinio judicial para evitar abusos, aline\u00e1ndose con la jurisprudencia del Tribunal Supremo (TS) en casos de despidos disciplinarios.<\/p>\n<p>A\u00fan no firme, la resoluci\u00f3n puede recurrirse en casaci\u00f3n ante el TS, un paso que Mercadona podr\u00eda considerar dada su historia de litigiosidad en temas laborales. Expertos como Abel Rodr\u00edguez Romero, abogado laboralista citado en casos similares, argumentan que \u00abpor un consumo puntual, no se puede aplicar la sanci\u00f3n m\u00e1s extrema; debe prevalecer el principio de gradualidad y proporcionalidad\u00bb.<\/p>\n<p>Desde una perspectiva experta, este caso pivota sobre conceptos clave del derecho laboral espa\u00f1ol. El ET, en su art\u00edculo 54, permite el despido disciplinario por incumplimientos graves y culpables, pero exige que la sanci\u00f3n sea proporcional al da\u00f1o causado. Aqu\u00ed, el tribunal aplic\u00f3 el \u00abprincipio de proporcionalidad\u00bb, un pilar jurisprudencial derivado de la Constituci\u00f3n Espa\u00f1ola (art\u00edculo 18) y la doctrina del Tribunal Constitucional, que exige equilibrar el inter\u00e9s empresarial con los derechos del trabajador.<\/p>\n<p>El convenio colectivo de Mercadona, negociado con sindicatos como UGT y CCOO, clasifica el \u00abconsumo de productos sin pago previo\u00bb como falta muy grave, incluso si se destinan a basura. Sin embargo, sentencias como esta cuestionan su rigidez: \u00bfconstituye un \u00abrobo\u00bb o \u00ababuso de confianza\u00bb ingerir alimentos de bajo valor post-cierre? El TSJC, al igual que en otros fallos, prioriz\u00f3 la ausencia de \u00e1nimo de lucro y perjuicio patrimonial, recordando que los productos en cuesti\u00f3n no ten\u00edan \u00abvalor de mercado\u00bb una vez retirados de la venta.<\/p>\n<p>Adem\u00e1s, se invoca la \u00abbuena fe contractual\u00bb (art\u00edculo 5 ET), que obliga a ambas partes a actuar con lealtad. La discusi\u00f3n previa entre la afectada y su compa\u00f1era sugiere posible retaliaci\u00f3n, lo que podr\u00eda invalidar los testimonios bajo el principio de \u00abprueba il\u00edcita\u00bb o sesgada. En t\u00e9rminos cuantitativos, la indemnizaci\u00f3n de 60.000 euros se calcula as\u00ed: suponiendo 20 a\u00f1os de antig\u00fcedad (aprox.), a 33 d\u00edas por a\u00f1o y un salario diario de 50-60 euros, la suma encaja perfectamente, destacando c\u00f3mo la reforma laboral de 2012 redujo las indemnizaciones de 45 a 33 d\u00edas para abaratar despidos, pero no elimin\u00f3 la protecci\u00f3n contra abusos.<\/p>\n<p>Este no es un incidente aislado. En noviembre de 2024, el TSJ de Castilla-La Mancha declar\u00f3 improcedente el despido de un trabajador con 16 a\u00f1os de antig\u00fcedad por comerse una croqueta destinada a la basura en un supermercado de Albacete. La sentencia, que conden\u00f3 a Mercadona a pagar casi 40.000 euros, argument\u00f3 que el producto carec\u00eda de valor econ\u00f3mico y que el acto fue \u00abexcepcional y puntual\u00bb, no justificando una sanci\u00f3n extrema. Ana Gonz\u00e1lez, de UGT Castilla-La Mancha, enfatiz\u00f3: \u00abNo hay hurto en algo que iba a la basura; el despido no es proporcional\u00bb.<\/p>\n<p>Otro precedente es el de febrero de 2025, cuando el TSJ de Madrid fall\u00f3 a favor de una gerente despedida por beber una lata de cerveza durante su descanso en el parking. Sin pruebas de embriaguez o impacto en el rendimiento, el tribunal orden\u00f3 readmisi\u00f3n o 55.000 euros de indemnizaci\u00f3n, criticando la falta de proporcionalidad y recordando que las pausas son tiempo personal.<\/p>\n<p>Estos casos revelan un patr\u00f3n: Mercadona aplica pol\u00edticas estrictas para prevenir p\u00e9rdidas \u2014estimadas en 1-2% del inventario anual en el sector retail\u2014, pero los tribunales exigen evidencia s\u00f3lida y consideraci\u00f3n del contexto humano. Seg\u00fan datos del Ministerio de Trabajo, en 2024 se declararon improcedentes el 45% de los despidos disciplinarios en el comercio minorista, un aumento del 10% respecto a 2020, atribuible a mayor litigiosidad post-pandemia.<\/p>\n<p>El fallo de Rub\u00ed tiene implicaciones profundas. Para Mercadona, podr\u00eda forzar una revisi\u00f3n de su convenio colectivo, incorporando cl\u00e1usulas de gradualidad en sanciones \u2014desde advertencias hasta suspensiones antes del despido\u2014. Sindicatos como UGT y CCOO han aplaudido la sentencia, vi\u00e9ndola como un avance en la lucha contra el \u00abdespotismo laboral\u00bb en el retail, donde el 70% de los empleados son mujeres y enfrentan presiones adicionales.<\/p>\n<p>En un contexto m\u00e1s amplio, este caso toca el desperdicio alimentario: Espa\u00f1a tira 1.300 millones de kilos de comida al a\u00f1o, seg\u00fan el INE, y pol\u00edticas como las de Mercadona contribuyen a ello al prohibir donaciones o consumos internos. Expertos en sostenibilidad laboral, como profesores de la Universidad Complutense, sugieren que sentencias como esta podr\u00edan incentivar modelos m\u00e1s flexibles, alineados con la Directiva UE 2019\/633 sobre pr\u00e1cticas comerciales desleales.<\/p>\n<p>Mercadona no ha comentado p\u00fablicamente, pero fuentes internas indican que optar\u00e1n por la indemnizaci\u00f3n para evitar precedentes. Para la extrabajadora, representa no solo compensaci\u00f3n econ\u00f3mica, sino vindicaci\u00f3n: un recordatorio de que, en el derecho laboral espa\u00f1ol, la rigidez empresarial tiene l\u00edmites.<\/p>\n<p>En conclusi\u00f3n, este despido improcedente subraya la necesidad de equilibrar eficiencia empresarial con humanidad. Con el TS a\u00fan pendiente, el caso podr\u00eda sentar jurisprudencia, influyendo en miles de trabajadores del sector. En un mercado laboral cada vez m\u00e1s precario, fallos como este refuerzan que la justicia no solo mide euros, sino tambi\u00e9n dignidad.<\/p>","protected":false},"excerpt":{"rendered":"<p>En un fallo que resalta las tensiones entre las rigurosas pol\u00edticas internas de las grandes cadenas de supermercados y los derechos fundamentales de los trabajadores<\/p>","protected":false},"author":3,"featured_media":42441,"comment_status":"closed","ping_status":"closed","sticky":false,"template":"","format":"standard","meta":{"footnotes":""},"categories":[59],"tags":[],"class_list":["post-67347","post","type-post","status-publish","format-standard","has-post-thumbnail","hentry","category-catalunya"],"yoast_head":"<!-- This site is optimized with the Yoast SEO plugin v27.5 - https:\/\/yoast.com\/product\/yoast-seo-wordpress\/ -->\n<title>Mercadona deber\u00e1 pagar 60.000 euros a una exempleada acusada de comerse platos preparados - Revista Rambla<\/title>\n<meta name=\"robots\" content=\"index, follow, max-snippet:-1, max-image-preview:large, max-video-preview:-1\" \/>\n<link rel=\"canonical\" href=\"https:\/\/www.revistarambla.com\/en\/mercadona-debera-pagar-60-000-euros-a-una-exempleada-acusada-de-comerse-platos-preparados\/\" \/>\n<meta property=\"og:locale\" content=\"en_GB\" \/>\n<meta property=\"og:type\" content=\"article\" \/>\n<meta property=\"og:title\" content=\"Mercadona deber\u00e1 pagar 60.000 euros a una exempleada acusada de comerse platos preparados - Revista Rambla\" \/>\n<meta property=\"og:description\" content=\"En un fallo que resalta las tensiones entre las rigurosas pol\u00edticas internas de las grandes cadenas de supermercados y los derechos fundamentales de los trabajadores\" \/>\n<meta property=\"og:url\" content=\"https:\/\/www.revistarambla.com\/en\/mercadona-debera-pagar-60-000-euros-a-una-exempleada-acusada-de-comerse-platos-preparados\/\" \/>\n<meta property=\"og:site_name\" content=\"Revista Rambla\" \/>\n<meta property=\"article:publisher\" content=\"https:\/\/www.facebook.com\/revistarambla\/\" \/>\n<meta property=\"article:author\" content=\"https:\/\/www.facebook.com\/revistarambla\" \/>\n<meta property=\"article:published_time\" content=\"2025-12-11T12:10:39+00:00\" \/>\n<meta property=\"article:modified_time\" content=\"2025-12-11T12:10:52+00:00\" \/>\n<meta property=\"og:image\" content=\"https:\/\/www.revistarambla.com\/wp-content\/uploads\/2022\/05\/2560px-Mercadona_Nuevo_Modelo_de_Tienda4.jpg\" \/>\n\t<meta property=\"og:image:width\" content=\"2560\" \/>\n\t<meta property=\"og:image:height\" content=\"1669\" \/>\n\t<meta property=\"og:image:type\" content=\"image\/jpeg\" \/>\n<meta name=\"author\" content=\"R@mbla\" \/>\n<meta name=\"twitter:card\" content=\"summary_large_image\" \/>\n<meta name=\"twitter:creator\" content=\"@revistarambla\" \/>\n<meta name=\"twitter:site\" content=\"@revistarambla\" \/>\n<meta name=\"twitter:label1\" content=\"Written by\" \/>\n\t<meta name=\"twitter:data1\" content=\"R@mbla\" \/>\n\t<meta name=\"twitter:label2\" content=\"Estimated reading time\" \/>\n\t<meta name=\"twitter:data2\" content=\"8 minutes\" \/>\n<script type=\"application\/ld+json\" class=\"yoast-schema-graph\">{\"@context\":\"https:\\\/\\\/schema.org\",\"@graph\":[{\"@type\":\"Article\",\"@id\":\"https:\\\/\\\/www.revistarambla.com\\\/mercadona-debera-pagar-60-000-euros-a-una-exempleada-acusada-de-comerse-platos-preparados\\\/#article\",\"isPartOf\":{\"@id\":\"https:\\\/\\\/www.revistarambla.com\\\/mercadona-debera-pagar-60-000-euros-a-una-exempleada-acusada-de-comerse-platos-preparados\\\/\"},\"author\":{\"name\":\"R@mbla\",\"@id\":\"https:\\\/\\\/www.revistarambla.com\\\/#\\\/schema\\\/person\\\/a146a5a2550b94981a75131180e1bd9c\"},\"headline\":\"Mercadona deber\u00e1 pagar 60.000 euros a una exempleada acusada de comerse platos preparados\",\"datePublished\":\"2025-12-11T12:10:39+00:00\",\"dateModified\":\"2025-12-11T12:10:52+00:00\",\"mainEntityOfPage\":{\"@id\":\"https:\\\/\\\/www.revistarambla.com\\\/mercadona-debera-pagar-60-000-euros-a-una-exempleada-acusada-de-comerse-platos-preparados\\\/\"},\"wordCount\":1665,\"publisher\":{\"@id\":\"https:\\\/\\\/www.revistarambla.com\\\/#organization\"},\"image\":{\"@id\":\"https:\\\/\\\/www.revistarambla.com\\\/mercadona-debera-pagar-60-000-euros-a-una-exempleada-acusada-de-comerse-platos-preparados\\\/#primaryimage\"},\"thumbnailUrl\":\"https:\\\/\\\/www.revistarambla.com\\\/wp-content\\\/uploads\\\/2022\\\/05\\\/2560px-Mercadona_Nuevo_Modelo_de_Tienda4.jpg\",\"articleSection\":[\"Catalunya\"],\"inLanguage\":\"en-GB\"},{\"@type\":\"WebPage\",\"@id\":\"https:\\\/\\\/www.revistarambla.com\\\/mercadona-debera-pagar-60-000-euros-a-una-exempleada-acusada-de-comerse-platos-preparados\\\/\",\"url\":\"https:\\\/\\\/www.revistarambla.com\\\/mercadona-debera-pagar-60-000-euros-a-una-exempleada-acusada-de-comerse-platos-preparados\\\/\",\"name\":\"Mercadona deber\u00e1 pagar 60.000 euros a una exempleada acusada de comerse platos preparados - Revista Rambla\",\"isPartOf\":{\"@id\":\"https:\\\/\\\/www.revistarambla.com\\\/#website\"},\"primaryImageOfPage\":{\"@id\":\"https:\\\/\\\/www.revistarambla.com\\\/mercadona-debera-pagar-60-000-euros-a-una-exempleada-acusada-de-comerse-platos-preparados\\\/#primaryimage\"},\"image\":{\"@id\":\"https:\\\/\\\/www.revistarambla.com\\\/mercadona-debera-pagar-60-000-euros-a-una-exempleada-acusada-de-comerse-platos-preparados\\\/#primaryimage\"},\"thumbnailUrl\":\"https:\\\/\\\/www.revistarambla.com\\\/wp-content\\\/uploads\\\/2022\\\/05\\\/2560px-Mercadona_Nuevo_Modelo_de_Tienda4.jpg\",\"datePublished\":\"2025-12-11T12:10:39+00:00\",\"dateModified\":\"2025-12-11T12:10:52+00:00\",\"breadcrumb\":{\"@id\":\"https:\\\/\\\/www.revistarambla.com\\\/mercadona-debera-pagar-60-000-euros-a-una-exempleada-acusada-de-comerse-platos-preparados\\\/#breadcrumb\"},\"inLanguage\":\"en-GB\",\"potentialAction\":[{\"@type\":\"ReadAction\",\"target\":[\"https:\\\/\\\/www.revistarambla.com\\\/mercadona-debera-pagar-60-000-euros-a-una-exempleada-acusada-de-comerse-platos-preparados\\\/\"]}]},{\"@type\":\"ImageObject\",\"inLanguage\":\"en-GB\",\"@id\":\"https:\\\/\\\/www.revistarambla.com\\\/mercadona-debera-pagar-60-000-euros-a-una-exempleada-acusada-de-comerse-platos-preparados\\\/#primaryimage\",\"url\":\"https:\\\/\\\/www.revistarambla.com\\\/wp-content\\\/uploads\\\/2022\\\/05\\\/2560px-Mercadona_Nuevo_Modelo_de_Tienda4.jpg\",\"contentUrl\":\"https:\\\/\\\/www.revistarambla.com\\\/wp-content\\\/uploads\\\/2022\\\/05\\\/2560px-Mercadona_Nuevo_Modelo_de_Tienda4.jpg\",\"width\":2560,\"height\":1669,\"caption\":\"robos supermercados\"},{\"@type\":\"BreadcrumbList\",\"@id\":\"https:\\\/\\\/www.revistarambla.com\\\/mercadona-debera-pagar-60-000-euros-a-una-exempleada-acusada-de-comerse-platos-preparados\\\/#breadcrumb\",\"itemListElement\":[{\"@type\":\"ListItem\",\"position\":1,\"name\":\"Portada\",\"item\":\"https:\\\/\\\/www.revistarambla.com\\\/\"},{\"@type\":\"ListItem\",\"position\":2,\"name\":\"Mercadona deber\u00e1 pagar 60.000 euros a una exempleada acusada de comerse platos preparados\"}]},{\"@type\":\"WebSite\",\"@id\":\"https:\\\/\\\/www.revistarambla.com\\\/#website\",\"url\":\"https:\\\/\\\/www.revistarambla.com\\\/\",\"name\":\"Revista Rambla Barcelona\",\"description\":\"Periodismo independiente\",\"publisher\":{\"@id\":\"https:\\\/\\\/www.revistarambla.com\\\/#organization\"},\"potentialAction\":[{\"@type\":\"SearchAction\",\"target\":{\"@type\":\"EntryPoint\",\"urlTemplate\":\"https:\\\/\\\/www.revistarambla.com\\\/?s={search_term_string}\"},\"query-input\":{\"@type\":\"PropertyValueSpecification\",\"valueRequired\":true,\"valueName\":\"search_term_string\"}}],\"inLanguage\":\"en-GB\"},{\"@type\":\"Organization\",\"@id\":\"https:\\\/\\\/www.revistarambla.com\\\/#organization\",\"name\":\"Revista Rambla\",\"url\":\"https:\\\/\\\/www.revistarambla.com\\\/\",\"logo\":{\"@type\":\"ImageObject\",\"inLanguage\":\"en-GB\",\"@id\":\"https:\\\/\\\/www.revistarambla.com\\\/#\\\/schema\\\/logo\\\/image\\\/\",\"url\":\"https:\\\/\\\/www.revistarambla.com\\\/wp-content\\\/uploads\\\/2020\\\/09\\\/banner_rambla_1900x600_BB.png\",\"contentUrl\":\"https:\\\/\\\/www.revistarambla.com\\\/wp-content\\\/uploads\\\/2020\\\/09\\\/banner_rambla_1900x600_BB.png\",\"width\":1900,\"height\":600,\"caption\":\"Revista Rambla\"},\"image\":{\"@id\":\"https:\\\/\\\/www.revistarambla.com\\\/#\\\/schema\\\/logo\\\/image\\\/\"},\"sameAs\":[\"https:\\\/\\\/www.facebook.com\\\/revistarambla\\\/\",\"https:\\\/\\\/x.com\\\/revistarambla\",\"https:\\\/\\\/www.instagram.com\\\/revista_rambla\",\"https:\\\/\\\/es.linkedin.com\\\/company\\\/revista-rambla\"]},{\"@type\":\"Person\",\"@id\":\"https:\\\/\\\/www.revistarambla.com\\\/#\\\/schema\\\/person\\\/a146a5a2550b94981a75131180e1bd9c\",\"name\":\"R@mbla\",\"description\":\"Este art\u00edculo ha sido redactado y\\\/o validado por el equipo de redacci\u00f3n de Revista Rambla.\",\"sameAs\":[\"https:\\\/\\\/www.revistarambla.com\\\/\",\"https:\\\/\\\/www.facebook.com\\\/revistarambla\",\"https:\\\/\\\/x.com\\\/revistarambla\"]}]}<\/script>\n<!-- \/ Yoast SEO plugin. -->","yoast_head_json":{"title":"Mercadona deber\u00e1 pagar 60.000 euros a una exempleada acusada de comerse platos preparados - Revista Rambla","robots":{"index":"index","follow":"follow","max-snippet":"max-snippet:-1","max-image-preview":"max-image-preview:large","max-video-preview":"max-video-preview:-1"},"canonical":"https:\/\/www.revistarambla.com\/en\/mercadona-debera-pagar-60-000-euros-a-una-exempleada-acusada-de-comerse-platos-preparados\/","og_locale":"en_GB","og_type":"article","og_title":"Mercadona deber\u00e1 pagar 60.000 euros a una exempleada acusada de comerse platos preparados - Revista Rambla","og_description":"En un fallo que resalta las tensiones entre las rigurosas pol\u00edticas internas de las grandes cadenas de supermercados y los derechos fundamentales de los trabajadores","og_url":"https:\/\/www.revistarambla.com\/en\/mercadona-debera-pagar-60-000-euros-a-una-exempleada-acusada-de-comerse-platos-preparados\/","og_site_name":"Revista Rambla","article_publisher":"https:\/\/www.facebook.com\/revistarambla\/","article_author":"https:\/\/www.facebook.com\/revistarambla","article_published_time":"2025-12-11T12:10:39+00:00","article_modified_time":"2025-12-11T12:10:52+00:00","og_image":[{"width":2560,"height":1669,"url":"https:\/\/www.revistarambla.com\/wp-content\/uploads\/2022\/05\/2560px-Mercadona_Nuevo_Modelo_de_Tienda4.jpg","type":"image\/jpeg"}],"author":"R@mbla","twitter_card":"summary_large_image","twitter_creator":"@revistarambla","twitter_site":"@revistarambla","twitter_misc":{"Written by":"R@mbla","Estimated reading time":"8 minutes"},"schema":{"@context":"https:\/\/schema.org","@graph":[{"@type":"Article","@id":"https:\/\/www.revistarambla.com\/mercadona-debera-pagar-60-000-euros-a-una-exempleada-acusada-de-comerse-platos-preparados\/#article","isPartOf":{"@id":"https:\/\/www.revistarambla.com\/mercadona-debera-pagar-60-000-euros-a-una-exempleada-acusada-de-comerse-platos-preparados\/"},"author":{"name":"R@mbla","@id":"https:\/\/www.revistarambla.com\/#\/schema\/person\/a146a5a2550b94981a75131180e1bd9c"},"headline":"Mercadona deber\u00e1 pagar 60.000 euros a una exempleada acusada de comerse platos preparados","datePublished":"2025-12-11T12:10:39+00:00","dateModified":"2025-12-11T12:10:52+00:00","mainEntityOfPage":{"@id":"https:\/\/www.revistarambla.com\/mercadona-debera-pagar-60-000-euros-a-una-exempleada-acusada-de-comerse-platos-preparados\/"},"wordCount":1665,"publisher":{"@id":"https:\/\/www.revistarambla.com\/#organization"},"image":{"@id":"https:\/\/www.revistarambla.com\/mercadona-debera-pagar-60-000-euros-a-una-exempleada-acusada-de-comerse-platos-preparados\/#primaryimage"},"thumbnailUrl":"https:\/\/www.revistarambla.com\/wp-content\/uploads\/2022\/05\/2560px-Mercadona_Nuevo_Modelo_de_Tienda4.jpg","articleSection":["Catalunya"],"inLanguage":"en-GB"},{"@type":"WebPage","@id":"https:\/\/www.revistarambla.com\/mercadona-debera-pagar-60-000-euros-a-una-exempleada-acusada-de-comerse-platos-preparados\/","url":"https:\/\/www.revistarambla.com\/mercadona-debera-pagar-60-000-euros-a-una-exempleada-acusada-de-comerse-platos-preparados\/","name":"Mercadona deber\u00e1 pagar 60.000 euros a una exempleada acusada de comerse platos preparados - Revista Rambla","isPartOf":{"@id":"https:\/\/www.revistarambla.com\/#website"},"primaryImageOfPage":{"@id":"https:\/\/www.revistarambla.com\/mercadona-debera-pagar-60-000-euros-a-una-exempleada-acusada-de-comerse-platos-preparados\/#primaryimage"},"image":{"@id":"https:\/\/www.revistarambla.com\/mercadona-debera-pagar-60-000-euros-a-una-exempleada-acusada-de-comerse-platos-preparados\/#primaryimage"},"thumbnailUrl":"https:\/\/www.revistarambla.com\/wp-content\/uploads\/2022\/05\/2560px-Mercadona_Nuevo_Modelo_de_Tienda4.jpg","datePublished":"2025-12-11T12:10:39+00:00","dateModified":"2025-12-11T12:10:52+00:00","breadcrumb":{"@id":"https:\/\/www.revistarambla.com\/mercadona-debera-pagar-60-000-euros-a-una-exempleada-acusada-de-comerse-platos-preparados\/#breadcrumb"},"inLanguage":"en-GB","potentialAction":[{"@type":"ReadAction","target":["https:\/\/www.revistarambla.com\/mercadona-debera-pagar-60-000-euros-a-una-exempleada-acusada-de-comerse-platos-preparados\/"]}]},{"@type":"ImageObject","inLanguage":"en-GB","@id":"https:\/\/www.revistarambla.com\/mercadona-debera-pagar-60-000-euros-a-una-exempleada-acusada-de-comerse-platos-preparados\/#primaryimage","url":"https:\/\/www.revistarambla.com\/wp-content\/uploads\/2022\/05\/2560px-Mercadona_Nuevo_Modelo_de_Tienda4.jpg","contentUrl":"https:\/\/www.revistarambla.com\/wp-content\/uploads\/2022\/05\/2560px-Mercadona_Nuevo_Modelo_de_Tienda4.jpg","width":2560,"height":1669,"caption":"robos supermercados"},{"@type":"BreadcrumbList","@id":"https:\/\/www.revistarambla.com\/mercadona-debera-pagar-60-000-euros-a-una-exempleada-acusada-de-comerse-platos-preparados\/#breadcrumb","itemListElement":[{"@type":"ListItem","position":1,"name":"Portada","item":"https:\/\/www.revistarambla.com\/"},{"@type":"ListItem","position":2,"name":"Mercadona deber\u00e1 pagar 60.000 euros a una exempleada acusada de comerse platos preparados"}]},{"@type":"WebSite","@id":"https:\/\/www.revistarambla.com\/#website","url":"https:\/\/www.revistarambla.com\/","name":"Revista Rambla Barcelona","description":"Periodismo independiente","publisher":{"@id":"https:\/\/www.revistarambla.com\/#organization"},"potentialAction":[{"@type":"SearchAction","target":{"@type":"EntryPoint","urlTemplate":"https:\/\/www.revistarambla.com\/?s={search_term_string}"},"query-input":{"@type":"PropertyValueSpecification","valueRequired":true,"valueName":"search_term_string"}}],"inLanguage":"en-GB"},{"@type":"Organization","@id":"https:\/\/www.revistarambla.com\/#organization","name":"Revista Rambla","url":"https:\/\/www.revistarambla.com\/","logo":{"@type":"ImageObject","inLanguage":"en-GB","@id":"https:\/\/www.revistarambla.com\/#\/schema\/logo\/image\/","url":"https:\/\/www.revistarambla.com\/wp-content\/uploads\/2020\/09\/banner_rambla_1900x600_BB.png","contentUrl":"https:\/\/www.revistarambla.com\/wp-content\/uploads\/2020\/09\/banner_rambla_1900x600_BB.png","width":1900,"height":600,"caption":"Revista Rambla"},"image":{"@id":"https:\/\/www.revistarambla.com\/#\/schema\/logo\/image\/"},"sameAs":["https:\/\/www.facebook.com\/revistarambla\/","https:\/\/x.com\/revistarambla","https:\/\/www.instagram.com\/revista_rambla","https:\/\/es.linkedin.com\/company\/revista-rambla"]},{"@type":"Person","@id":"https:\/\/www.revistarambla.com\/#\/schema\/person\/a146a5a2550b94981a75131180e1bd9c","name":"R@mbla","description":"Este art\u00edculo ha sido redactado y\/o validado por el equipo de redacci\u00f3n de Revista Rambla.","sameAs":["https:\/\/www.revistarambla.com\/","https:\/\/www.facebook.com\/revistarambla","https:\/\/x.com\/revistarambla"]}]}},"_links":{"self":[{"href":"https:\/\/www.revistarambla.com\/en\/wp-json\/wp\/v2\/posts\/67347","targetHints":{"allow":["GET"]}}],"collection":[{"href":"https:\/\/www.revistarambla.com\/en\/wp-json\/wp\/v2\/posts"}],"about":[{"href":"https:\/\/www.revistarambla.com\/en\/wp-json\/wp\/v2\/types\/post"}],"author":[{"embeddable":true,"href":"https:\/\/www.revistarambla.com\/en\/wp-json\/wp\/v2\/users\/3"}],"replies":[{"embeddable":true,"href":"https:\/\/www.revistarambla.com\/en\/wp-json\/wp\/v2\/comments?post=67347"}],"version-history":[{"count":2,"href":"https:\/\/www.revistarambla.com\/en\/wp-json\/wp\/v2\/posts\/67347\/revisions"}],"predecessor-version":[{"id":67349,"href":"https:\/\/www.revistarambla.com\/en\/wp-json\/wp\/v2\/posts\/67347\/revisions\/67349"}],"wp:featuredmedia":[{"embeddable":true,"href":"https:\/\/www.revistarambla.com\/en\/wp-json\/wp\/v2\/media\/42441"}],"wp:attachment":[{"href":"https:\/\/www.revistarambla.com\/en\/wp-json\/wp\/v2\/media?parent=67347"}],"wp:term":[{"taxonomy":"category","embeddable":true,"href":"https:\/\/www.revistarambla.com\/en\/wp-json\/wp\/v2\/categories?post=67347"},{"taxonomy":"post_tag","embeddable":true,"href":"https:\/\/www.revistarambla.com\/en\/wp-json\/wp\/v2\/tags?post=67347"}],"curies":[{"name":"wp","href":"https:\/\/api.w.org\/{rel}","templated":true}]}}