{"id":67344,"date":"2025-12-11T13:08:34","date_gmt":"2025-12-11T12:08:34","guid":{"rendered":"https:\/\/www.revistarambla.com\/?p=67344"},"modified":"2025-12-11T13:08:34","modified_gmt":"2025-12-11T12:08:34","slug":"que-es-revuelta-la-asociacion-juvenil-a-la-que-ha-denunciado-vox-las-claves-de-la-polemica","status":"publish","type":"post","link":"https:\/\/www.revistarambla.com\/en\/que-es-revuelta-la-asociacion-juvenil-a-la-que-ha-denunciado-vox-las-claves-de-la-polemica\/","title":{"rendered":"Qu\u00e9 es Revuelta, la asociaci\u00f3n juvenil a la que ha denunciado Vox: las claves de la pol\u00e9mica"},"content":{"rendered":"<p>El partido ultraderechista Vox ha protagonizado un giro inesperado al denunciar a Revuelta, una asociaci\u00f3n juvenil que hasta hace poco se consideraba su rama informal <!--more-->de captaci\u00f3n de militantes j\u00f3venes. Esta denuncia, presentada ante la Autoridad Independiente de Protecci\u00f3n del Informante (AIPI), surge tras revelaciones de presuntas irregularidades en la gesti\u00f3n de fondos recaudados para las v\u00edctimas de la DANA (Depresi\u00f3n Aislada en Niveles Altos), la cat\u00e1strofe hidrometeorol\u00f3gica que azot\u00f3 la Comunidad Valenciana en octubre de 2024, causando cientos de muertes y da\u00f1os millonarios. Paralelamente, dos exdirigentes de Revuelta y trabajadores de Vox han llevado el caso ante la Fiscal\u00eda, que ha admitido a tr\u00e1mite la querella, abriendo una investigaci\u00f3n que podr\u00eda salpicar la imagen del partido liderado por Santiago Abascal.<\/p>\n<p>Revuelta se fund\u00f3 en septiembre de 2023 como una asociaci\u00f3n juvenil espa\u00f1ola, emergiendo al calor de las protestas contra la ley de amnist\u00eda para los l\u00edderes independentistas catalanes. Su creaci\u00f3n fue impulsada por un grupo de cinco j\u00f3venes ex trabajadores de Vox: Jaime Hern\u00e1ndez Z\u00fa\u00f1iga (presidente), Arturo Villarroya Gonz\u00e1lez (vicepresidente), Pablo Gonz\u00e1lez Gasca (secretario), Santiago Aneiros y Javier Esteban Bejarano (vocales). Desde su inception, Revuelta se posicion\u00f3 como un movimiento \u00abpatri\u00f3tico y transparente\u00bb, enfocado en la defensa de la unidad nacional, las condiciones laborales dignas y la oposici\u00f3n a pol\u00edticas progresistas como la Agenda 2030. Su sitio web oficial describe la organizaci\u00f3n como un \u00abmovimiento limpio\u00bb que apoya protestas contra \u00abtodo lo injusto\u00bb, con \u00e9nfasis en acciones callejeras y campa\u00f1as de sensibilizaci\u00f3n.<\/p>\n<p>Aunque Vox ha insistido repetidamente en que no existe un \u00abv\u00ednculo org\u00e1nico\u00bb con Revuelta, la realidad es m\u00e1s matizada. La asociaci\u00f3n ha actuado como una suerte de cantera juvenil para el partido, participando en manifestaciones conjuntas, como las acaloradas protestas en la calle Ferraz de Madrid en noviembre de 2023, donde miles de personas se congregaron contra el Gobierno de Pedro S\u00e1nchez. Revuelta gan\u00f3 notoriedad por su rol en estas movilizaciones, que catapultaron su visibilidad y le permitieron recaudar fondos y afiliados. Fuentes internas de Vox han admitido que varios de sus empleados formaban parte de la c\u00fapula directiva de Revuelta, lo que evidencia una intersecci\u00f3n personal y operativa. Por ejemplo, Villarroya sigue siendo asesor del eurodiputado Vox Jorge Buxad\u00e9, y Esteban Bejarano mantiene su empleo en el partido. Esta conexi\u00f3n ha sido calificada por analistas pol\u00edticos como una \u00abrelaci\u00f3n simbi\u00f3tica\u00bb, donde Revuelta proporciona frescura y movilizaci\u00f3n juvenil a Vox, mientras que el partido ofrece respaldo log\u00edstico y medi\u00e1tico.<\/p>\n<p>Expertos en sociolog\u00eda pol\u00edtica, como el profesor de la Universidad Complutense de Madrid, destacan que organizaciones como Revuelta representan una evoluci\u00f3n de las juventudes partidistas tradicionales, adaptadas a la era digital y las redes sociales. A diferencia de Nuevas Generaciones (PP) o Juventudes Socialistas (PSOE), Revuelta opera con mayor autonom\u00eda formal, lo que le permite atraer a j\u00f3venes desencantados con la pol\u00edtica institucional. Sin embargo, esta independencia es relativa: en sus inicios, Santiago Abascal promocion\u00f3 p\u00fablicamente las campa\u00f1as de Revuelta, llam\u00e1ndolos \u00abla Espa\u00f1a real\u00bb, y el partido difundi\u00f3 sus llamados a donaciones. Esta din\u00e1mica refleja una estrategia com\u00fan en la derecha europea, similar a las juventudes de Alternativa para Alemania (AfD) o el Frente Nacional franc\u00e9s, donde se cultiva un activismo radical para captar votos j\u00f3venes.<\/p>\n<p>La pol\u00e9mica estall\u00f3 en torno a los fondos recaudados por Revuelta para las v\u00edctimas de la DANA, una tragedia que dej\u00f3 m\u00e1s de 200 muertos y da\u00f1os estimados en miles de millones de euros en la Comunidad Valenciana. Revuelta lanz\u00f3 una campa\u00f1a de donaciones en noviembre de 2024, apelando a la solidaridad patri\u00f3tica y criticando a las ONG tradicionales por supuestamente \u00abhacer negocio\u00bb con las ayudas. El monto exacto recaudado no ha sido divulgado oficialmente, pero fuentes cercanas a Vox estiman que podr\u00eda ascender a \u00abcientos de miles de euros\u00bb, posiblemente hasta 800.000 seg\u00fan audios filtrados. Vox apoy\u00f3 inicialmente esta iniciativa: Abascal y otros l\u00edderes del partido retuitearon los llamados a donar, integrando la campa\u00f1a en su narrativa anti-Gobierno, acusando al Ejecutivo de negligencia en la gesti\u00f3n de la cat\u00e1strofe.<\/p>\n<p>Sin embargo, las sospechas de irregularidades surgieron cuando exdirigentes de Revuelta comenzaron a cuestionar la transparencia en la contabilidad. La asociaci\u00f3n se bas\u00f3 en una entidad previa llamada Asoma para su constituci\u00f3n, pero no adapt\u00f3 estatutos ni realiz\u00f3 asambleas formales en m\u00e1s de dos a\u00f1os, careciendo de actas, contratos, facturas o declaraciones fiscales visibles. Acusaciones espec\u00edficas incluyen el desv\u00edo de fondos para fines no relacionados con la DANA, cobros de cuotas de afiliaci\u00f3n sin derechos asociados, pagos directos a Hern\u00e1ndez y su empresa Picaporte, retiradas de efectivo inexplicadas y contrataciones opacas. Estos elementos configuran un potencial delito de estafa, apropiaci\u00f3n indebida y falta de rendici\u00f3n de cuentas, agravado por el contexto de emergencia humanitaria.<\/p>\n<p>La crisis se aceler\u00f3 a finales de noviembre de 2025. El 30 de noviembre, Villarroya y Esteban Bejarano anunciaron su dimisi\u00f3n a trav\u00e9s de redes sociales, citando \u00abirregularidades graves\u00bb en la gesti\u00f3n. Elsa Almada, exportavoz, se uni\u00f3 poco despu\u00e9s, expresando dudas sobre el uso de las donaciones. Ese mismo d\u00eda, los dos exdirigentes presentaron una denuncia ante la Fiscal\u00eda contra Hern\u00e1ndez, Aneiros y Gonz\u00e1lez Gasca, solicitando acceso a las cuentas bancarias, revisi\u00f3n de impuestos y donaci\u00f3n de remanentes a los damnificados. La Fiscal\u00eda admiti\u00f3 a tr\u00e1mite la querella el 9 de diciembre, iniciando una investigaci\u00f3n que podr\u00eda extenderse meses y requerir peritajes contables.<\/p>\n<p>Vox, al enterarse de las presuntas irregularidades a trav\u00e9s de sus afiliados, actu\u00f3 con celeridad. Fuentes del partido explican que exigieron \u00abtransparencia absoluta\u00bb a sus trabajadores en Revuelta, pero ante la negativa de los responsables a mostrar las cuentas, optaron por denunciar ante la AIPI el 5 de diciembre. Esta entidad, creada por la Ley 2\/2023 de protecci\u00f3n a informantes, investiga fraudes en organizaciones privadas y p\u00fablicas, protegiendo a los denunciantes de represalias. Vox justific\u00f3 su intervenci\u00f3n argumentando que, aunque no hay v\u00ednculo formal, la presencia de sus empleados obligaba a actuar para preservar su imagen de integridad.<\/p>\n<p>Un elemento clave en la pol\u00e9mica son los audios secretos filtrados, que confirman el desv\u00edo de fondos y revelan intentos de encubrimiento. En una conversaci\u00f3n grabada, Arturo Villarroya (referido como \u00abArturo Villa\u00bb) admite: \u00abHemos pedido dinero para la DANA y no lo hemos gastado en la DANA y tengo un marr\u00f3n de la hostia\u00bb. Sugiere liquidar los fondos, donarlos a Paiporta (una zona afectada) y posar para una \u00abputa foto\u00bb con v\u00edctimas para evitar denuncias, aludiendo a un \u00abhacerse un Alvise\u00bb (posible referencia a t\u00e1cticas de imagen). Estos audios implican a Vox, ya que mencionan que el partido conoc\u00eda las irregularidades desde hace meses, con figuras como Buxad\u00e9 involucradas en las discusiones.<\/p>\n<p>Manuel Mariscal, exdiputado de Vox y cu\u00f1ado de Hern\u00e1ndez, estuvo presente en reuniones sobre c\u00f3mo \u00abtapar\u00bb el esc\u00e1ndalo, revelando que el partido sab\u00eda del problema \u00abdesde hace dos meses\u00bb. Revuelta, por su parte, niega las acusaciones y afirma que probar\u00e1 su inocencia ante la Fiscal\u00eda, insistiendo en su independencia econ\u00f3mica y pol\u00edtica.<\/p>\n<p>La denuncia ha generado un terremoto en la derecha espa\u00f1ola. Vox se desmarca p\u00fablicamente, calificando el asunto de \u00abvicisitudes internas\u00bb de una organizaci\u00f3n ajena, pero cr\u00edticos como Sumar exigen comparecencias en la comisi\u00f3n de investigaci\u00f3n del Congreso sobre la DANA, incluyendo a Abascal. En redes como X (anteriormente Twitter), la pol\u00e9mica se divide: simpatizantes de Vox elogian la denuncia como prueba de integridad, mientras opositores la ven como un lavado de imagen ante un esc\u00e1ndalo inevitable.<\/p>\n<p>Desde una perspectiva experta, este caso ilustra las vulnerabilidades de las asociaciones juveniles afiliadas a partidos. El polit\u00f3logo Fernando Vallesp\u00edn, de la Universidad Aut\u00f3noma de Madrid, argumenta que la falta de controles internos en entidades como Revuelta facilita abusos, especialmente en campa\u00f1as de crowdfunding sin auditor\u00edas externas. Adem\u00e1s, expone tensiones en Vox: la ruptura con Revuelta, que impuls\u00f3 su proyecci\u00f3n callejera, podr\u00eda debilitar su base juvenil en un momento de erosi\u00f3n electoral. Jur\u00eddicamente, si se prueban los desv\u00edos, podr\u00edan derivar en penas de prisi\u00f3n por estafa (art\u00edculo 248 del C\u00f3digo Penal) y da\u00f1os reputacionales irreparables.<\/p>\n<p>Esta pol\u00e9mica no solo cuestiona la gesti\u00f3n de Revuelta, sino el modelo de financiaci\u00f3n de movimientos pol\u00edticos en Espa\u00f1a. La AIPI y la Fiscal\u00eda investigar\u00e1n exhaustivamente, potencialmente revelando m\u00e1s irregularidades. Para Vox, representa un desaf\u00edo: mantener su narrativa anticorrupci\u00f3n mientras lidia con salpicaduras internas. Revuelta, meanwhile, enfrenta un posible desmantelamiento si se confirman las acusaciones.<\/p>\n<p>En conclusi\u00f3n, el caso Revuelta-Vox subraya la necesidad de mayor regulaci\u00f3n en donaciones humanitarias y asociaciones pol\u00edticas. Con la investigaci\u00f3n en curso, el desenlace podr\u00eda reconfigurar el paisaje de la derecha radical, recordando que la transparencia no es solo un eslogan, sino un imperativo \u00e9tico y legal.<\/p>","protected":false},"excerpt":{"rendered":"<p>El partido ultraderechista Vox ha protagonizado un giro inesperado al denunciar a Revuelta, una asociaci\u00f3n juvenil que hasta hace poco se consideraba su rama informal<\/p>","protected":false},"author":3,"featured_media":67345,"comment_status":"closed","ping_status":"closed","sticky":false,"template":"","format":"standard","meta":{"footnotes":""},"categories":[58],"tags":[],"class_list":["post-67344","post","type-post","status-publish","format-standard","has-post-thumbnail","hentry","category-estado-espanol"],"yoast_head":"<!-- This site is optimized with the Yoast SEO plugin v27.5 - https:\/\/yoast.com\/product\/yoast-seo-wordpress\/ -->\n<title>Qu\u00e9 es Revuelta, la asociaci\u00f3n juvenil a la que ha denunciado Vox: las claves de la pol\u00e9mica - Revista Rambla<\/title>\n<meta name=\"robots\" content=\"index, follow, max-snippet:-1, max-image-preview:large, max-video-preview:-1\" \/>\n<link rel=\"canonical\" href=\"https:\/\/www.revistarambla.com\/en\/que-es-revuelta-la-asociacion-juvenil-a-la-que-ha-denunciado-vox-las-claves-de-la-polemica\/\" \/>\n<meta property=\"og:locale\" content=\"en_GB\" \/>\n<meta property=\"og:type\" content=\"article\" \/>\n<meta property=\"og:title\" content=\"Qu\u00e9 es Revuelta, la asociaci\u00f3n juvenil a la que ha denunciado Vox: las claves de la pol\u00e9mica - Revista Rambla\" \/>\n<meta property=\"og:description\" content=\"El partido ultraderechista Vox ha protagonizado un giro inesperado al denunciar a Revuelta, una asociaci\u00f3n juvenil que hasta hace poco se consideraba su rama informal\" \/>\n<meta property=\"og:url\" content=\"https:\/\/www.revistarambla.com\/en\/que-es-revuelta-la-asociacion-juvenil-a-la-que-ha-denunciado-vox-las-claves-de-la-polemica\/\" \/>\n<meta property=\"og:site_name\" content=\"Revista Rambla\" \/>\n<meta property=\"article:publisher\" content=\"https:\/\/www.facebook.com\/revistarambla\/\" \/>\n<meta property=\"article:author\" content=\"https:\/\/www.facebook.com\/revistarambla\" \/>\n<meta property=\"article:published_time\" content=\"2025-12-11T12:08:34+00:00\" \/>\n<meta property=\"og:image\" content=\"https:\/\/www.revistarambla.com\/wp-content\/uploads\/2025\/12\/673a021439369.jpeg\" \/>\n\t<meta property=\"og:image:width\" content=\"480\" \/>\n\t<meta property=\"og:image:height\" content=\"270\" \/>\n\t<meta property=\"og:image:type\" content=\"image\/jpeg\" \/>\n<meta name=\"author\" content=\"R@mbla\" \/>\n<meta name=\"twitter:card\" content=\"summary_large_image\" \/>\n<meta name=\"twitter:creator\" content=\"@revistarambla\" \/>\n<meta name=\"twitter:site\" content=\"@revistarambla\" \/>\n<meta name=\"twitter:label1\" content=\"Written by\" \/>\n\t<meta name=\"twitter:data1\" content=\"R@mbla\" \/>\n\t<meta name=\"twitter:label2\" content=\"Estimated reading time\" \/>\n\t<meta name=\"twitter:data2\" content=\"7 minutes\" \/>\n<script type=\"application\/ld+json\" class=\"yoast-schema-graph\">{\"@context\":\"https:\\\/\\\/schema.org\",\"@graph\":[{\"@type\":\"Article\",\"@id\":\"https:\\\/\\\/www.revistarambla.com\\\/que-es-revuelta-la-asociacion-juvenil-a-la-que-ha-denunciado-vox-las-claves-de-la-polemica\\\/#article\",\"isPartOf\":{\"@id\":\"https:\\\/\\\/www.revistarambla.com\\\/que-es-revuelta-la-asociacion-juvenil-a-la-que-ha-denunciado-vox-las-claves-de-la-polemica\\\/\"},\"author\":{\"name\":\"R@mbla\",\"@id\":\"https:\\\/\\\/www.revistarambla.com\\\/#\\\/schema\\\/person\\\/a146a5a2550b94981a75131180e1bd9c\"},\"headline\":\"Qu\u00e9 es Revuelta, la asociaci\u00f3n juvenil a la que ha denunciado Vox: las claves de la pol\u00e9mica\",\"datePublished\":\"2025-12-11T12:08:34+00:00\",\"mainEntityOfPage\":{\"@id\":\"https:\\\/\\\/www.revistarambla.com\\\/que-es-revuelta-la-asociacion-juvenil-a-la-que-ha-denunciado-vox-las-claves-de-la-polemica\\\/\"},\"wordCount\":1569,\"publisher\":{\"@id\":\"https:\\\/\\\/www.revistarambla.com\\\/#organization\"},\"image\":{\"@id\":\"https:\\\/\\\/www.revistarambla.com\\\/que-es-revuelta-la-asociacion-juvenil-a-la-que-ha-denunciado-vox-las-claves-de-la-polemica\\\/#primaryimage\"},\"thumbnailUrl\":\"https:\\\/\\\/www.revistarambla.com\\\/wp-content\\\/uploads\\\/2025\\\/12\\\/673a021439369.jpeg\",\"articleSection\":[\"Estado Espa\u00f1ol\"],\"inLanguage\":\"en-GB\"},{\"@type\":\"WebPage\",\"@id\":\"https:\\\/\\\/www.revistarambla.com\\\/que-es-revuelta-la-asociacion-juvenil-a-la-que-ha-denunciado-vox-las-claves-de-la-polemica\\\/\",\"url\":\"https:\\\/\\\/www.revistarambla.com\\\/que-es-revuelta-la-asociacion-juvenil-a-la-que-ha-denunciado-vox-las-claves-de-la-polemica\\\/\",\"name\":\"Qu\u00e9 es Revuelta, la asociaci\u00f3n juvenil a la que ha denunciado Vox: las claves de la pol\u00e9mica - Revista Rambla\",\"isPartOf\":{\"@id\":\"https:\\\/\\\/www.revistarambla.com\\\/#website\"},\"primaryImageOfPage\":{\"@id\":\"https:\\\/\\\/www.revistarambla.com\\\/que-es-revuelta-la-asociacion-juvenil-a-la-que-ha-denunciado-vox-las-claves-de-la-polemica\\\/#primaryimage\"},\"image\":{\"@id\":\"https:\\\/\\\/www.revistarambla.com\\\/que-es-revuelta-la-asociacion-juvenil-a-la-que-ha-denunciado-vox-las-claves-de-la-polemica\\\/#primaryimage\"},\"thumbnailUrl\":\"https:\\\/\\\/www.revistarambla.com\\\/wp-content\\\/uploads\\\/2025\\\/12\\\/673a021439369.jpeg\",\"datePublished\":\"2025-12-11T12:08:34+00:00\",\"breadcrumb\":{\"@id\":\"https:\\\/\\\/www.revistarambla.com\\\/que-es-revuelta-la-asociacion-juvenil-a-la-que-ha-denunciado-vox-las-claves-de-la-polemica\\\/#breadcrumb\"},\"inLanguage\":\"en-GB\",\"potentialAction\":[{\"@type\":\"ReadAction\",\"target\":[\"https:\\\/\\\/www.revistarambla.com\\\/que-es-revuelta-la-asociacion-juvenil-a-la-que-ha-denunciado-vox-las-claves-de-la-polemica\\\/\"]}]},{\"@type\":\"ImageObject\",\"inLanguage\":\"en-GB\",\"@id\":\"https:\\\/\\\/www.revistarambla.com\\\/que-es-revuelta-la-asociacion-juvenil-a-la-que-ha-denunciado-vox-las-claves-de-la-polemica\\\/#primaryimage\",\"url\":\"https:\\\/\\\/www.revistarambla.com\\\/wp-content\\\/uploads\\\/2025\\\/12\\\/673a021439369.jpeg\",\"contentUrl\":\"https:\\\/\\\/www.revistarambla.com\\\/wp-content\\\/uploads\\\/2025\\\/12\\\/673a021439369.jpeg\",\"width\":480,\"height\":270,\"caption\":\"la revuelta vox\"},{\"@type\":\"BreadcrumbList\",\"@id\":\"https:\\\/\\\/www.revistarambla.com\\\/que-es-revuelta-la-asociacion-juvenil-a-la-que-ha-denunciado-vox-las-claves-de-la-polemica\\\/#breadcrumb\",\"itemListElement\":[{\"@type\":\"ListItem\",\"position\":1,\"name\":\"Portada\",\"item\":\"https:\\\/\\\/www.revistarambla.com\\\/\"},{\"@type\":\"ListItem\",\"position\":2,\"name\":\"Qu\u00e9 es Revuelta, la asociaci\u00f3n juvenil a la que ha denunciado Vox: las claves de la pol\u00e9mica\"}]},{\"@type\":\"WebSite\",\"@id\":\"https:\\\/\\\/www.revistarambla.com\\\/#website\",\"url\":\"https:\\\/\\\/www.revistarambla.com\\\/\",\"name\":\"Revista Rambla Barcelona\",\"description\":\"Periodismo independiente\",\"publisher\":{\"@id\":\"https:\\\/\\\/www.revistarambla.com\\\/#organization\"},\"potentialAction\":[{\"@type\":\"SearchAction\",\"target\":{\"@type\":\"EntryPoint\",\"urlTemplate\":\"https:\\\/\\\/www.revistarambla.com\\\/?s={search_term_string}\"},\"query-input\":{\"@type\":\"PropertyValueSpecification\",\"valueRequired\":true,\"valueName\":\"search_term_string\"}}],\"inLanguage\":\"en-GB\"},{\"@type\":\"Organization\",\"@id\":\"https:\\\/\\\/www.revistarambla.com\\\/#organization\",\"name\":\"Revista Rambla\",\"url\":\"https:\\\/\\\/www.revistarambla.com\\\/\",\"logo\":{\"@type\":\"ImageObject\",\"inLanguage\":\"en-GB\",\"@id\":\"https:\\\/\\\/www.revistarambla.com\\\/#\\\/schema\\\/logo\\\/image\\\/\",\"url\":\"https:\\\/\\\/www.revistarambla.com\\\/wp-content\\\/uploads\\\/2020\\\/09\\\/banner_rambla_1900x600_BB.png\",\"contentUrl\":\"https:\\\/\\\/www.revistarambla.com\\\/wp-content\\\/uploads\\\/2020\\\/09\\\/banner_rambla_1900x600_BB.png\",\"width\":1900,\"height\":600,\"caption\":\"Revista Rambla\"},\"image\":{\"@id\":\"https:\\\/\\\/www.revistarambla.com\\\/#\\\/schema\\\/logo\\\/image\\\/\"},\"sameAs\":[\"https:\\\/\\\/www.facebook.com\\\/revistarambla\\\/\",\"https:\\\/\\\/x.com\\\/revistarambla\",\"https:\\\/\\\/www.instagram.com\\\/revista_rambla\",\"https:\\\/\\\/es.linkedin.com\\\/company\\\/revista-rambla\"]},{\"@type\":\"Person\",\"@id\":\"https:\\\/\\\/www.revistarambla.com\\\/#\\\/schema\\\/person\\\/a146a5a2550b94981a75131180e1bd9c\",\"name\":\"R@mbla\",\"description\":\"Este art\u00edculo ha sido redactado y\\\/o validado por el equipo de redacci\u00f3n de Revista Rambla.\",\"sameAs\":[\"https:\\\/\\\/www.revistarambla.com\\\/\",\"https:\\\/\\\/www.facebook.com\\\/revistarambla\",\"https:\\\/\\\/x.com\\\/revistarambla\"]}]}<\/script>\n<!-- \/ Yoast SEO plugin. -->","yoast_head_json":{"title":"Qu\u00e9 es Revuelta, la asociaci\u00f3n juvenil a la que ha denunciado Vox: las claves de la pol\u00e9mica - Revista Rambla","robots":{"index":"index","follow":"follow","max-snippet":"max-snippet:-1","max-image-preview":"max-image-preview:large","max-video-preview":"max-video-preview:-1"},"canonical":"https:\/\/www.revistarambla.com\/en\/que-es-revuelta-la-asociacion-juvenil-a-la-que-ha-denunciado-vox-las-claves-de-la-polemica\/","og_locale":"en_GB","og_type":"article","og_title":"Qu\u00e9 es Revuelta, la asociaci\u00f3n juvenil a la que ha denunciado Vox: las claves de la pol\u00e9mica - Revista Rambla","og_description":"El partido ultraderechista Vox ha protagonizado un giro inesperado al denunciar a Revuelta, una asociaci\u00f3n juvenil que hasta hace poco se consideraba su rama informal","og_url":"https:\/\/www.revistarambla.com\/en\/que-es-revuelta-la-asociacion-juvenil-a-la-que-ha-denunciado-vox-las-claves-de-la-polemica\/","og_site_name":"Revista Rambla","article_publisher":"https:\/\/www.facebook.com\/revistarambla\/","article_author":"https:\/\/www.facebook.com\/revistarambla","article_published_time":"2025-12-11T12:08:34+00:00","og_image":[{"width":480,"height":270,"url":"https:\/\/www.revistarambla.com\/wp-content\/uploads\/2025\/12\/673a021439369.jpeg","type":"image\/jpeg"}],"author":"R@mbla","twitter_card":"summary_large_image","twitter_creator":"@revistarambla","twitter_site":"@revistarambla","twitter_misc":{"Written by":"R@mbla","Estimated reading time":"7 minutes"},"schema":{"@context":"https:\/\/schema.org","@graph":[{"@type":"Article","@id":"https:\/\/www.revistarambla.com\/que-es-revuelta-la-asociacion-juvenil-a-la-que-ha-denunciado-vox-las-claves-de-la-polemica\/#article","isPartOf":{"@id":"https:\/\/www.revistarambla.com\/que-es-revuelta-la-asociacion-juvenil-a-la-que-ha-denunciado-vox-las-claves-de-la-polemica\/"},"author":{"name":"R@mbla","@id":"https:\/\/www.revistarambla.com\/#\/schema\/person\/a146a5a2550b94981a75131180e1bd9c"},"headline":"Qu\u00e9 es Revuelta, la asociaci\u00f3n juvenil a la que ha denunciado Vox: las claves de la pol\u00e9mica","datePublished":"2025-12-11T12:08:34+00:00","mainEntityOfPage":{"@id":"https:\/\/www.revistarambla.com\/que-es-revuelta-la-asociacion-juvenil-a-la-que-ha-denunciado-vox-las-claves-de-la-polemica\/"},"wordCount":1569,"publisher":{"@id":"https:\/\/www.revistarambla.com\/#organization"},"image":{"@id":"https:\/\/www.revistarambla.com\/que-es-revuelta-la-asociacion-juvenil-a-la-que-ha-denunciado-vox-las-claves-de-la-polemica\/#primaryimage"},"thumbnailUrl":"https:\/\/www.revistarambla.com\/wp-content\/uploads\/2025\/12\/673a021439369.jpeg","articleSection":["Estado Espa\u00f1ol"],"inLanguage":"en-GB"},{"@type":"WebPage","@id":"https:\/\/www.revistarambla.com\/que-es-revuelta-la-asociacion-juvenil-a-la-que-ha-denunciado-vox-las-claves-de-la-polemica\/","url":"https:\/\/www.revistarambla.com\/que-es-revuelta-la-asociacion-juvenil-a-la-que-ha-denunciado-vox-las-claves-de-la-polemica\/","name":"Qu\u00e9 es Revuelta, la asociaci\u00f3n juvenil a la que ha denunciado Vox: las claves de la pol\u00e9mica - Revista Rambla","isPartOf":{"@id":"https:\/\/www.revistarambla.com\/#website"},"primaryImageOfPage":{"@id":"https:\/\/www.revistarambla.com\/que-es-revuelta-la-asociacion-juvenil-a-la-que-ha-denunciado-vox-las-claves-de-la-polemica\/#primaryimage"},"image":{"@id":"https:\/\/www.revistarambla.com\/que-es-revuelta-la-asociacion-juvenil-a-la-que-ha-denunciado-vox-las-claves-de-la-polemica\/#primaryimage"},"thumbnailUrl":"https:\/\/www.revistarambla.com\/wp-content\/uploads\/2025\/12\/673a021439369.jpeg","datePublished":"2025-12-11T12:08:34+00:00","breadcrumb":{"@id":"https:\/\/www.revistarambla.com\/que-es-revuelta-la-asociacion-juvenil-a-la-que-ha-denunciado-vox-las-claves-de-la-polemica\/#breadcrumb"},"inLanguage":"en-GB","potentialAction":[{"@type":"ReadAction","target":["https:\/\/www.revistarambla.com\/que-es-revuelta-la-asociacion-juvenil-a-la-que-ha-denunciado-vox-las-claves-de-la-polemica\/"]}]},{"@type":"ImageObject","inLanguage":"en-GB","@id":"https:\/\/www.revistarambla.com\/que-es-revuelta-la-asociacion-juvenil-a-la-que-ha-denunciado-vox-las-claves-de-la-polemica\/#primaryimage","url":"https:\/\/www.revistarambla.com\/wp-content\/uploads\/2025\/12\/673a021439369.jpeg","contentUrl":"https:\/\/www.revistarambla.com\/wp-content\/uploads\/2025\/12\/673a021439369.jpeg","width":480,"height":270,"caption":"la revuelta vox"},{"@type":"BreadcrumbList","@id":"https:\/\/www.revistarambla.com\/que-es-revuelta-la-asociacion-juvenil-a-la-que-ha-denunciado-vox-las-claves-de-la-polemica\/#breadcrumb","itemListElement":[{"@type":"ListItem","position":1,"name":"Portada","item":"https:\/\/www.revistarambla.com\/"},{"@type":"ListItem","position":2,"name":"Qu\u00e9 es Revuelta, la asociaci\u00f3n juvenil a la que ha denunciado Vox: las claves de la pol\u00e9mica"}]},{"@type":"WebSite","@id":"https:\/\/www.revistarambla.com\/#website","url":"https:\/\/www.revistarambla.com\/","name":"Revista Rambla Barcelona","description":"Periodismo independiente","publisher":{"@id":"https:\/\/www.revistarambla.com\/#organization"},"potentialAction":[{"@type":"SearchAction","target":{"@type":"EntryPoint","urlTemplate":"https:\/\/www.revistarambla.com\/?s={search_term_string}"},"query-input":{"@type":"PropertyValueSpecification","valueRequired":true,"valueName":"search_term_string"}}],"inLanguage":"en-GB"},{"@type":"Organization","@id":"https:\/\/www.revistarambla.com\/#organization","name":"Revista Rambla","url":"https:\/\/www.revistarambla.com\/","logo":{"@type":"ImageObject","inLanguage":"en-GB","@id":"https:\/\/www.revistarambla.com\/#\/schema\/logo\/image\/","url":"https:\/\/www.revistarambla.com\/wp-content\/uploads\/2020\/09\/banner_rambla_1900x600_BB.png","contentUrl":"https:\/\/www.revistarambla.com\/wp-content\/uploads\/2020\/09\/banner_rambla_1900x600_BB.png","width":1900,"height":600,"caption":"Revista Rambla"},"image":{"@id":"https:\/\/www.revistarambla.com\/#\/schema\/logo\/image\/"},"sameAs":["https:\/\/www.facebook.com\/revistarambla\/","https:\/\/x.com\/revistarambla","https:\/\/www.instagram.com\/revista_rambla","https:\/\/es.linkedin.com\/company\/revista-rambla"]},{"@type":"Person","@id":"https:\/\/www.revistarambla.com\/#\/schema\/person\/a146a5a2550b94981a75131180e1bd9c","name":"R@mbla","description":"Este art\u00edculo ha sido redactado y\/o validado por el equipo de redacci\u00f3n de Revista Rambla.","sameAs":["https:\/\/www.revistarambla.com\/","https:\/\/www.facebook.com\/revistarambla","https:\/\/x.com\/revistarambla"]}]}},"_links":{"self":[{"href":"https:\/\/www.revistarambla.com\/en\/wp-json\/wp\/v2\/posts\/67344","targetHints":{"allow":["GET"]}}],"collection":[{"href":"https:\/\/www.revistarambla.com\/en\/wp-json\/wp\/v2\/posts"}],"about":[{"href":"https:\/\/www.revistarambla.com\/en\/wp-json\/wp\/v2\/types\/post"}],"author":[{"embeddable":true,"href":"https:\/\/www.revistarambla.com\/en\/wp-json\/wp\/v2\/users\/3"}],"replies":[{"embeddable":true,"href":"https:\/\/www.revistarambla.com\/en\/wp-json\/wp\/v2\/comments?post=67344"}],"version-history":[{"count":1,"href":"https:\/\/www.revistarambla.com\/en\/wp-json\/wp\/v2\/posts\/67344\/revisions"}],"predecessor-version":[{"id":67346,"href":"https:\/\/www.revistarambla.com\/en\/wp-json\/wp\/v2\/posts\/67344\/revisions\/67346"}],"wp:featuredmedia":[{"embeddable":true,"href":"https:\/\/www.revistarambla.com\/en\/wp-json\/wp\/v2\/media\/67345"}],"wp:attachment":[{"href":"https:\/\/www.revistarambla.com\/en\/wp-json\/wp\/v2\/media?parent=67344"}],"wp:term":[{"taxonomy":"category","embeddable":true,"href":"https:\/\/www.revistarambla.com\/en\/wp-json\/wp\/v2\/categories?post=67344"},{"taxonomy":"post_tag","embeddable":true,"href":"https:\/\/www.revistarambla.com\/en\/wp-json\/wp\/v2\/tags?post=67344"}],"curies":[{"name":"wp","href":"https:\/\/api.w.org\/{rel}","templated":true}]}}