{"id":67330,"date":"2025-12-11T12:35:34","date_gmt":"2025-12-11T11:35:34","guid":{"rendered":"https:\/\/www.revistarambla.com\/?p=67330"},"modified":"2025-12-11T18:40:03","modified_gmt":"2025-12-11T17:40:03","slug":"seguiran-las-charos-confiando-en-pedro","status":"publish","type":"post","link":"https:\/\/www.revistarambla.com\/en\/seguiran-las-charos-confiando-en-pedro\/","title":{"rendered":"\u00bfSeguir\u00e1n las \u00abCharos\u00bb confiando en Pedro?"},"content":{"rendered":"<p>En el panorama pol\u00edtico espa\u00f1ol, donde las lealtades partidistas se entretejen con identidades culturales y generacionales, el t\u00e9rmino \u00abcharo\u00bb ha emergido como un concepto cargado de connotaciones peyorativas y pol\u00edticas. Popularizado en las redes sociales y en el discurso conservador durante la d\u00e9cada de 2020, \u00abcharo\u00bb se refiere a un estereotipo de mujer de mediana edad, progresista y feminista, que muestra una adhesi\u00f3n inquebrantable al Partido Socialista Obrero Espa\u00f1ol (PSOE) y, en particular, a su l\u00edder, Pedro S\u00e1nchez. Este apelativo, que surgi\u00f3 alrededor de 2011 pero gan\u00f3 tracci\u00f3n en los \u00faltimos a\u00f1os, no es neutral: se utiliza a menudo para ridiculizar a estas mujeres, retrat\u00e1ndolas como arrogantes, obsesionadas con S\u00e1nchez y desconectadas de la realidad, con atributos caricaturescos como cabello corto te\u00f1ido de colores vibrantes (a menudo azul) y una defensa ac\u00e9rrima de pol\u00edticas feministas.<\/p>\n<p>El perfil demogr\u00e1fico y sociol\u00f3gico de las \u00abcharos\u00bb se dibuja con precisi\u00f3n en el debate p\u00fablico: t\u00edpicamente mujeres entre los 40 y 60 a\u00f1os, de clase media, urbanas o suburbanas, con un nivel educativo medio-alto y una orientaci\u00f3n ideol\u00f3gica de izquierda moderada. Son votantes fieles del PSOE, atra\u00eddas por el carisma de S\u00e1nchez \u2013a menudo descrito como un \u00abl\u00edder atractivo\u00bb en t\u00e9rminos medi\u00e1ticos\u2013 y por su agenda social, que incluye avances en igualdad de g\u00e9nero, derechos LGTBI+ y pol\u00edticas de bienestar. Estas mujeres no son un monolito, pero comparten un rechazo al conservadurismo del Partido Popular (PP) y Vox, vi\u00e9ndolos como amenazas a los logros feministas. Su lealtad se manifiesta en redes sociales, m\u00edtines y encuestas, donde representan un segmento clave del electorado socialista.<\/p>\n<p>Ahora bien, la pregunta central es si este grupo demogr\u00e1fico mantendr\u00e1 su confianza en Pedro S\u00e1nchez tras los esc\u00e1ndalos de acoso sexual y agresiones que han salpicado al PSOE en 2024 y 2025. El a\u00f1o 2025 ha sido particularmente turbulento para el partido, con revelaciones que cuestionan su compromiso con el feminismo, un pilar ideol\u00f3gico que S\u00e1nchez ha enarbolado desde su llegada al poder en 2018. El caso m\u00e1s emblem\u00e1tico es el de Francisco Salazar, exdirector de An\u00e1lisis y Estudios de la Presidencia del Gobierno, un hombre de m\u00e1xima confianza de S\u00e1nchez acusado de acoso sexual por varias empleadas en La Moncloa. Las denuncias, que incluyen comportamientos mis\u00f3ginos y \u00abbabosos\u00bb, emergieron en julio de 2025, obligando a su cese tras meses de inacci\u00f3n inicial. Seg\u00fan testimonios, el PSOE manej\u00f3 las quejas de manera deficiente: las denuncias desaparecieron de la plataforma interna del partido, no se contact\u00f3 a las v\u00edctimas durante cinco meses, y se prioriz\u00f3 la protecci\u00f3n de Salazar, incluso buscando colocarlo en embajadas. Esto gener\u00f3 una revuelta interna, forzando al partido a pedir disculpas p\u00fablicas, pero el da\u00f1o ya estaba hecho.<\/p>\n<p>No es un incidente aislado. En diciembre de 2025, se reportaron extensiones de denuncias similares en otras esferas del PSOE, con mujeres del partido describiendo un ambiente \u00abviolento\u00bb y machista, donde ciertos hombres \u2013conocidos por su conducta acosadora\u2013 eran intocables. \u00abTodas sab\u00edamos que esos eran t\u00edos a los que no nos pod\u00edamos acercar\u00bb, confesaron varias militantes an\u00f3nimas, apuntando a una cultura de silencio que contradice el discurso feminista de S\u00e1nchez. Adem\u00e1s, casos como el de Jos\u00e9 Ignacio Landaluce (aunque del PP, denunciado por el PSOE) y rumores de un \u00abtsunami\u00bb de acusaciones internas amplifican la percepci\u00f3n de hipocres\u00eda. Estos esc\u00e1ndalos se suman a controversias previas, como la trama \u00c1balos-Koldo, que involucraba v\u00ednculos con prostituci\u00f3n, erosionando la imagen de integridad del Gobierno.<\/p>\n<p>Para evaluar si las \u00abcharos\u00bb continuar\u00e1n confiando en S\u00e1nchez, debemos considerar m\u00faltiples factores. En primer lugar, el feminismo es un valor nuclear para este segmento. S\u00e1nchez ha posicionado al PSOE como vanguardia en la lucha contra la violencia de g\u00e9nero, con medidas como la Macroencuesta de Violencia contra la Mujer 2024, que revel\u00f3 que una de cada diez mujeres ha sufrido agresiones f\u00edsicas o sexuales. Sin embargo, la gesti\u00f3n de los casos internos revela una desconexi\u00f3n entre ret\u00f3rica y pr\u00e1ctica.<\/p>\n<p>Por otro lado, la lealtad partidista es resiliente. Las \u00abcharos\u00bb ven en S\u00e1nchez un baluarte contra la derecha, representada por el PP y Vox, que proponen endurecer castigos contra agresores pero son acusados de retrocesos en derechos de g\u00e9nero. Encuestas hist\u00f3ricas muestran que el electorado femenino progresista prioriza la agenda social sobre esc\u00e1ndalos individuales, especialmente si el partido responde con reformas. El Gobierno ha impulsado planes para facilitar denuncias de acoso, lo que podr\u00eda mitigar el da\u00f1o. Adem\u00e1s, el carisma personal de S\u00e1nchez \u2013su falsa imagen de \u00abl\u00edder emp\u00e1tico\u00bb\u2013 act\u00faa como ancla emocional. Recordemos su discurso de 2018 sobre c\u00f3mo el feminismo \u00abincomoda\u00bb a hombres de 40-50 a\u00f1os; parad\u00f3jicamente, este tipo de declaraciones refuerzan su atractivo entre las \u00abcharos\u00bb, que lo perciben como aliado pese a su hipocres\u00eda.<\/p>\n<p>La teor\u00eda de la disonancia cognitiva sugiere que los seguidores leales racionalizan inconsistencias para mantener su identidad grupal. Para muchas \u00abcharos\u00bb, admitir p\u00e9rdida de confianza equivaldr\u00eda a validar las cr\u00edticas derechistas, que usan el t\u00e9rmino para deshumanizarlas. En X, posts defienden a S\u00e1nchez argumentando que los esc\u00e1ndalos son \u00abataques orquestados\u00bb por la oposici\u00f3n, minimizando su gravedad. Sin embargo, la erosi\u00f3n podr\u00eda ser gradual: si surgen m\u00e1s casos \u2013como se rumorea\u2013, el umbral de tolerancia se romper\u00eda, especialmente entre generaciones m\u00e1s j\u00f3venes dentro del perfil (30-40 a\u00f1os), menos atadas a lealtades tradicionales.<\/p>\n<p>Desde una perspectiva comparativa, esc\u00e1ndalos similares en otros partidos europeos han fracturado bases femeninas. En Francia, el Partido Socialista vio deserci\u00f3n tras acusaciones contra figuras clave; en Espa\u00f1a, el PSOE podr\u00eda enfrentar algo an\u00e1logo si no implementa protocolos estrictos, como se debate actualmente. El contexto de polarizaci\u00f3n amplifica esto: la derecha explota los casos para acusar de hipocres\u00eda, mientras el PSOE contraataca denunciando machismo opositor.<\/p>\n<p>En conclusi\u00f3n, es probable que una mayor\u00eda de las \u00abcharos\u00bb mantenga su confianza en S\u00e1nchez a corto plazo, impulsadas por lealtad ideol\u00f3gica y temor a alternativas conservadoras. No obstante, los esc\u00e1ndalos de 2025 marcan un punto de inflexi\u00f3n: si el PSOE no demuestra reformas genuinas \u2013como investigaciones independientes y apoyo a v\u00edctimas\u2013, podr\u00eda perder un 10-15% de este segmento, seg\u00fan patrones electorales pasados. Esto no solo afectar\u00eda votos, sino la narrativa feminista del partido.<\/p>","protected":false},"excerpt":{"rendered":"<p>Un An\u00e1lisis Tras los Esc\u00e1ndalos de Acoso Sexual en el PSOE<\/p>","protected":false},"author":3,"featured_media":25459,"comment_status":"closed","ping_status":"closed","sticky":false,"template":"","format":"standard","meta":{"footnotes":""},"categories":[72],"tags":[],"class_list":["post-67330","post","type-post","status-publish","format-standard","has-post-thumbnail","hentry","category-opinion"],"yoast_head":"<!-- This site is optimized with the Yoast SEO plugin v27.5 - https:\/\/yoast.com\/product\/yoast-seo-wordpress\/ -->\n<title>\u00bfSeguir\u00e1n las &quot;Charos&quot; confiando en Pedro? - Revista Rambla<\/title>\n<meta name=\"robots\" content=\"index, follow, max-snippet:-1, max-image-preview:large, max-video-preview:-1\" \/>\n<link rel=\"canonical\" href=\"https:\/\/www.revistarambla.com\/en\/seguiran-las-charos-confiando-en-pedro\/\" \/>\n<meta property=\"og:locale\" content=\"en_GB\" \/>\n<meta property=\"og:type\" content=\"article\" \/>\n<meta property=\"og:title\" content=\"\u00bfSeguir\u00e1n las &quot;Charos&quot; confiando en Pedro? - Revista Rambla\" \/>\n<meta property=\"og:description\" content=\"Un An\u00e1lisis Tras los Esc\u00e1ndalos de Acoso Sexual en el PSOE\" \/>\n<meta property=\"og:url\" content=\"https:\/\/www.revistarambla.com\/en\/seguiran-las-charos-confiando-en-pedro\/\" \/>\n<meta property=\"og:site_name\" content=\"Revista Rambla\" \/>\n<meta property=\"article:publisher\" content=\"https:\/\/www.facebook.com\/revistarambla\/\" \/>\n<meta property=\"article:author\" content=\"https:\/\/www.facebook.com\/revistarambla\" \/>\n<meta property=\"article:published_time\" content=\"2025-12-11T11:35:34+00:00\" \/>\n<meta property=\"article:modified_time\" content=\"2025-12-11T17:40:03+00:00\" \/>\n<meta property=\"og:image\" content=\"https:\/\/www.revistarambla.com\/wp-content\/uploads\/2020\/11\/Pedro-Sanchez-primarias-PSOE-Internacional_EDIIMA20170522_0010_19.jpg\" \/>\n\t<meta property=\"og:image:width\" content=\"643\" \/>\n\t<meta property=\"og:image:height\" content=\"362\" \/>\n\t<meta property=\"og:image:type\" content=\"image\/jpeg\" \/>\n<meta name=\"author\" content=\"R@mbla\" \/>\n<meta name=\"twitter:card\" content=\"summary_large_image\" \/>\n<meta name=\"twitter:creator\" content=\"@revistarambla\" \/>\n<meta name=\"twitter:site\" content=\"@revistarambla\" \/>\n<meta name=\"twitter:label1\" content=\"Written by\" \/>\n\t<meta name=\"twitter:data1\" content=\"R@mbla\" \/>\n\t<meta name=\"twitter:label2\" content=\"Estimated reading time\" \/>\n\t<meta name=\"twitter:data2\" content=\"5 minutes\" \/>\n<script type=\"application\/ld+json\" class=\"yoast-schema-graph\">{\"@context\":\"https:\\\/\\\/schema.org\",\"@graph\":[{\"@type\":\"Article\",\"@id\":\"https:\\\/\\\/www.revistarambla.com\\\/seguiran-las-charos-confiando-en-pedro\\\/#article\",\"isPartOf\":{\"@id\":\"https:\\\/\\\/www.revistarambla.com\\\/seguiran-las-charos-confiando-en-pedro\\\/\"},\"author\":{\"name\":\"R@mbla\",\"@id\":\"https:\\\/\\\/www.revistarambla.com\\\/#\\\/schema\\\/person\\\/a146a5a2550b94981a75131180e1bd9c\"},\"headline\":\"\u00bfSeguir\u00e1n las \u00abCharos\u00bb confiando en Pedro?\",\"datePublished\":\"2025-12-11T11:35:34+00:00\",\"dateModified\":\"2025-12-11T17:40:03+00:00\",\"mainEntityOfPage\":{\"@id\":\"https:\\\/\\\/www.revistarambla.com\\\/seguiran-las-charos-confiando-en-pedro\\\/\"},\"wordCount\":1113,\"publisher\":{\"@id\":\"https:\\\/\\\/www.revistarambla.com\\\/#organization\"},\"image\":{\"@id\":\"https:\\\/\\\/www.revistarambla.com\\\/seguiran-las-charos-confiando-en-pedro\\\/#primaryimage\"},\"thumbnailUrl\":\"https:\\\/\\\/www.revistarambla.com\\\/wp-content\\\/uploads\\\/2020\\\/11\\\/Pedro-Sanchez-primarias-PSOE-Internacional_EDIIMA20170522_0010_19.jpg\",\"articleSection\":[\"Opiniones\"],\"inLanguage\":\"en-GB\"},{\"@type\":\"WebPage\",\"@id\":\"https:\\\/\\\/www.revistarambla.com\\\/seguiran-las-charos-confiando-en-pedro\\\/\",\"url\":\"https:\\\/\\\/www.revistarambla.com\\\/seguiran-las-charos-confiando-en-pedro\\\/\",\"name\":\"\u00bfSeguir\u00e1n las \\\"Charos\\\" confiando en Pedro? - Revista Rambla\",\"isPartOf\":{\"@id\":\"https:\\\/\\\/www.revistarambla.com\\\/#website\"},\"primaryImageOfPage\":{\"@id\":\"https:\\\/\\\/www.revistarambla.com\\\/seguiran-las-charos-confiando-en-pedro\\\/#primaryimage\"},\"image\":{\"@id\":\"https:\\\/\\\/www.revistarambla.com\\\/seguiran-las-charos-confiando-en-pedro\\\/#primaryimage\"},\"thumbnailUrl\":\"https:\\\/\\\/www.revistarambla.com\\\/wp-content\\\/uploads\\\/2020\\\/11\\\/Pedro-Sanchez-primarias-PSOE-Internacional_EDIIMA20170522_0010_19.jpg\",\"datePublished\":\"2025-12-11T11:35:34+00:00\",\"dateModified\":\"2025-12-11T17:40:03+00:00\",\"breadcrumb\":{\"@id\":\"https:\\\/\\\/www.revistarambla.com\\\/seguiran-las-charos-confiando-en-pedro\\\/#breadcrumb\"},\"inLanguage\":\"en-GB\",\"potentialAction\":[{\"@type\":\"ReadAction\",\"target\":[\"https:\\\/\\\/www.revistarambla.com\\\/seguiran-las-charos-confiando-en-pedro\\\/\"]}]},{\"@type\":\"ImageObject\",\"inLanguage\":\"en-GB\",\"@id\":\"https:\\\/\\\/www.revistarambla.com\\\/seguiran-las-charos-confiando-en-pedro\\\/#primaryimage\",\"url\":\"https:\\\/\\\/www.revistarambla.com\\\/wp-content\\\/uploads\\\/2020\\\/11\\\/Pedro-Sanchez-primarias-PSOE-Internacional_EDIIMA20170522_0010_19.jpg\",\"contentUrl\":\"https:\\\/\\\/www.revistarambla.com\\\/wp-content\\\/uploads\\\/2020\\\/11\\\/Pedro-Sanchez-primarias-PSOE-Internacional_EDIIMA20170522_0010_19.jpg\",\"width\":643,\"height\":362},{\"@type\":\"BreadcrumbList\",\"@id\":\"https:\\\/\\\/www.revistarambla.com\\\/seguiran-las-charos-confiando-en-pedro\\\/#breadcrumb\",\"itemListElement\":[{\"@type\":\"ListItem\",\"position\":1,\"name\":\"Portada\",\"item\":\"https:\\\/\\\/www.revistarambla.com\\\/\"},{\"@type\":\"ListItem\",\"position\":2,\"name\":\"\u00bfSeguir\u00e1n las \u00abCharos\u00bb confiando en Pedro?\"}]},{\"@type\":\"WebSite\",\"@id\":\"https:\\\/\\\/www.revistarambla.com\\\/#website\",\"url\":\"https:\\\/\\\/www.revistarambla.com\\\/\",\"name\":\"Revista Rambla Barcelona\",\"description\":\"Periodismo independiente\",\"publisher\":{\"@id\":\"https:\\\/\\\/www.revistarambla.com\\\/#organization\"},\"potentialAction\":[{\"@type\":\"SearchAction\",\"target\":{\"@type\":\"EntryPoint\",\"urlTemplate\":\"https:\\\/\\\/www.revistarambla.com\\\/?s={search_term_string}\"},\"query-input\":{\"@type\":\"PropertyValueSpecification\",\"valueRequired\":true,\"valueName\":\"search_term_string\"}}],\"inLanguage\":\"en-GB\"},{\"@type\":\"Organization\",\"@id\":\"https:\\\/\\\/www.revistarambla.com\\\/#organization\",\"name\":\"Revista Rambla\",\"url\":\"https:\\\/\\\/www.revistarambla.com\\\/\",\"logo\":{\"@type\":\"ImageObject\",\"inLanguage\":\"en-GB\",\"@id\":\"https:\\\/\\\/www.revistarambla.com\\\/#\\\/schema\\\/logo\\\/image\\\/\",\"url\":\"https:\\\/\\\/www.revistarambla.com\\\/wp-content\\\/uploads\\\/2020\\\/09\\\/banner_rambla_1900x600_BB.png\",\"contentUrl\":\"https:\\\/\\\/www.revistarambla.com\\\/wp-content\\\/uploads\\\/2020\\\/09\\\/banner_rambla_1900x600_BB.png\",\"width\":1900,\"height\":600,\"caption\":\"Revista Rambla\"},\"image\":{\"@id\":\"https:\\\/\\\/www.revistarambla.com\\\/#\\\/schema\\\/logo\\\/image\\\/\"},\"sameAs\":[\"https:\\\/\\\/www.facebook.com\\\/revistarambla\\\/\",\"https:\\\/\\\/x.com\\\/revistarambla\",\"https:\\\/\\\/www.instagram.com\\\/revista_rambla\",\"https:\\\/\\\/es.linkedin.com\\\/company\\\/revista-rambla\"]},{\"@type\":\"Person\",\"@id\":\"https:\\\/\\\/www.revistarambla.com\\\/#\\\/schema\\\/person\\\/a146a5a2550b94981a75131180e1bd9c\",\"name\":\"R@mbla\",\"description\":\"Este art\u00edculo ha sido redactado y\\\/o validado por el equipo de redacci\u00f3n de Revista Rambla.\",\"sameAs\":[\"https:\\\/\\\/www.revistarambla.com\\\/\",\"https:\\\/\\\/www.facebook.com\\\/revistarambla\",\"https:\\\/\\\/x.com\\\/revistarambla\"]}]}<\/script>\n<!-- \/ Yoast SEO plugin. -->","yoast_head_json":{"title":"\u00bfSeguir\u00e1n las \"Charos\" confiando en Pedro? - Revista Rambla","robots":{"index":"index","follow":"follow","max-snippet":"max-snippet:-1","max-image-preview":"max-image-preview:large","max-video-preview":"max-video-preview:-1"},"canonical":"https:\/\/www.revistarambla.com\/en\/seguiran-las-charos-confiando-en-pedro\/","og_locale":"en_GB","og_type":"article","og_title":"\u00bfSeguir\u00e1n las \"Charos\" confiando en Pedro? - Revista Rambla","og_description":"Un An\u00e1lisis Tras los Esc\u00e1ndalos de Acoso Sexual en el PSOE","og_url":"https:\/\/www.revistarambla.com\/en\/seguiran-las-charos-confiando-en-pedro\/","og_site_name":"Revista Rambla","article_publisher":"https:\/\/www.facebook.com\/revistarambla\/","article_author":"https:\/\/www.facebook.com\/revistarambla","article_published_time":"2025-12-11T11:35:34+00:00","article_modified_time":"2025-12-11T17:40:03+00:00","og_image":[{"width":643,"height":362,"url":"https:\/\/www.revistarambla.com\/wp-content\/uploads\/2020\/11\/Pedro-Sanchez-primarias-PSOE-Internacional_EDIIMA20170522_0010_19.jpg","type":"image\/jpeg"}],"author":"R@mbla","twitter_card":"summary_large_image","twitter_creator":"@revistarambla","twitter_site":"@revistarambla","twitter_misc":{"Written by":"R@mbla","Estimated reading time":"5 minutes"},"schema":{"@context":"https:\/\/schema.org","@graph":[{"@type":"Article","@id":"https:\/\/www.revistarambla.com\/seguiran-las-charos-confiando-en-pedro\/#article","isPartOf":{"@id":"https:\/\/www.revistarambla.com\/seguiran-las-charos-confiando-en-pedro\/"},"author":{"name":"R@mbla","@id":"https:\/\/www.revistarambla.com\/#\/schema\/person\/a146a5a2550b94981a75131180e1bd9c"},"headline":"\u00bfSeguir\u00e1n las \u00abCharos\u00bb confiando en Pedro?","datePublished":"2025-12-11T11:35:34+00:00","dateModified":"2025-12-11T17:40:03+00:00","mainEntityOfPage":{"@id":"https:\/\/www.revistarambla.com\/seguiran-las-charos-confiando-en-pedro\/"},"wordCount":1113,"publisher":{"@id":"https:\/\/www.revistarambla.com\/#organization"},"image":{"@id":"https:\/\/www.revistarambla.com\/seguiran-las-charos-confiando-en-pedro\/#primaryimage"},"thumbnailUrl":"https:\/\/www.revistarambla.com\/wp-content\/uploads\/2020\/11\/Pedro-Sanchez-primarias-PSOE-Internacional_EDIIMA20170522_0010_19.jpg","articleSection":["Opiniones"],"inLanguage":"en-GB"},{"@type":"WebPage","@id":"https:\/\/www.revistarambla.com\/seguiran-las-charos-confiando-en-pedro\/","url":"https:\/\/www.revistarambla.com\/seguiran-las-charos-confiando-en-pedro\/","name":"\u00bfSeguir\u00e1n las \"Charos\" confiando en Pedro? - Revista Rambla","isPartOf":{"@id":"https:\/\/www.revistarambla.com\/#website"},"primaryImageOfPage":{"@id":"https:\/\/www.revistarambla.com\/seguiran-las-charos-confiando-en-pedro\/#primaryimage"},"image":{"@id":"https:\/\/www.revistarambla.com\/seguiran-las-charos-confiando-en-pedro\/#primaryimage"},"thumbnailUrl":"https:\/\/www.revistarambla.com\/wp-content\/uploads\/2020\/11\/Pedro-Sanchez-primarias-PSOE-Internacional_EDIIMA20170522_0010_19.jpg","datePublished":"2025-12-11T11:35:34+00:00","dateModified":"2025-12-11T17:40:03+00:00","breadcrumb":{"@id":"https:\/\/www.revistarambla.com\/seguiran-las-charos-confiando-en-pedro\/#breadcrumb"},"inLanguage":"en-GB","potentialAction":[{"@type":"ReadAction","target":["https:\/\/www.revistarambla.com\/seguiran-las-charos-confiando-en-pedro\/"]}]},{"@type":"ImageObject","inLanguage":"en-GB","@id":"https:\/\/www.revistarambla.com\/seguiran-las-charos-confiando-en-pedro\/#primaryimage","url":"https:\/\/www.revistarambla.com\/wp-content\/uploads\/2020\/11\/Pedro-Sanchez-primarias-PSOE-Internacional_EDIIMA20170522_0010_19.jpg","contentUrl":"https:\/\/www.revistarambla.com\/wp-content\/uploads\/2020\/11\/Pedro-Sanchez-primarias-PSOE-Internacional_EDIIMA20170522_0010_19.jpg","width":643,"height":362},{"@type":"BreadcrumbList","@id":"https:\/\/www.revistarambla.com\/seguiran-las-charos-confiando-en-pedro\/#breadcrumb","itemListElement":[{"@type":"ListItem","position":1,"name":"Portada","item":"https:\/\/www.revistarambla.com\/"},{"@type":"ListItem","position":2,"name":"\u00bfSeguir\u00e1n las \u00abCharos\u00bb confiando en Pedro?"}]},{"@type":"WebSite","@id":"https:\/\/www.revistarambla.com\/#website","url":"https:\/\/www.revistarambla.com\/","name":"Revista Rambla Barcelona","description":"Periodismo independiente","publisher":{"@id":"https:\/\/www.revistarambla.com\/#organization"},"potentialAction":[{"@type":"SearchAction","target":{"@type":"EntryPoint","urlTemplate":"https:\/\/www.revistarambla.com\/?s={search_term_string}"},"query-input":{"@type":"PropertyValueSpecification","valueRequired":true,"valueName":"search_term_string"}}],"inLanguage":"en-GB"},{"@type":"Organization","@id":"https:\/\/www.revistarambla.com\/#organization","name":"Revista Rambla","url":"https:\/\/www.revistarambla.com\/","logo":{"@type":"ImageObject","inLanguage":"en-GB","@id":"https:\/\/www.revistarambla.com\/#\/schema\/logo\/image\/","url":"https:\/\/www.revistarambla.com\/wp-content\/uploads\/2020\/09\/banner_rambla_1900x600_BB.png","contentUrl":"https:\/\/www.revistarambla.com\/wp-content\/uploads\/2020\/09\/banner_rambla_1900x600_BB.png","width":1900,"height":600,"caption":"Revista Rambla"},"image":{"@id":"https:\/\/www.revistarambla.com\/#\/schema\/logo\/image\/"},"sameAs":["https:\/\/www.facebook.com\/revistarambla\/","https:\/\/x.com\/revistarambla","https:\/\/www.instagram.com\/revista_rambla","https:\/\/es.linkedin.com\/company\/revista-rambla"]},{"@type":"Person","@id":"https:\/\/www.revistarambla.com\/#\/schema\/person\/a146a5a2550b94981a75131180e1bd9c","name":"R@mbla","description":"Este art\u00edculo ha sido redactado y\/o validado por el equipo de redacci\u00f3n de Revista Rambla.","sameAs":["https:\/\/www.revistarambla.com\/","https:\/\/www.facebook.com\/revistarambla","https:\/\/x.com\/revistarambla"]}]}},"_links":{"self":[{"href":"https:\/\/www.revistarambla.com\/en\/wp-json\/wp\/v2\/posts\/67330","targetHints":{"allow":["GET"]}}],"collection":[{"href":"https:\/\/www.revistarambla.com\/en\/wp-json\/wp\/v2\/posts"}],"about":[{"href":"https:\/\/www.revistarambla.com\/en\/wp-json\/wp\/v2\/types\/post"}],"author":[{"embeddable":true,"href":"https:\/\/www.revistarambla.com\/en\/wp-json\/wp\/v2\/users\/3"}],"replies":[{"embeddable":true,"href":"https:\/\/www.revistarambla.com\/en\/wp-json\/wp\/v2\/comments?post=67330"}],"version-history":[{"count":1,"href":"https:\/\/www.revistarambla.com\/en\/wp-json\/wp\/v2\/posts\/67330\/revisions"}],"predecessor-version":[{"id":67331,"href":"https:\/\/www.revistarambla.com\/en\/wp-json\/wp\/v2\/posts\/67330\/revisions\/67331"}],"wp:featuredmedia":[{"embeddable":true,"href":"https:\/\/www.revistarambla.com\/en\/wp-json\/wp\/v2\/media\/25459"}],"wp:attachment":[{"href":"https:\/\/www.revistarambla.com\/en\/wp-json\/wp\/v2\/media?parent=67330"}],"wp:term":[{"taxonomy":"category","embeddable":true,"href":"https:\/\/www.revistarambla.com\/en\/wp-json\/wp\/v2\/categories?post=67330"},{"taxonomy":"post_tag","embeddable":true,"href":"https:\/\/www.revistarambla.com\/en\/wp-json\/wp\/v2\/tags?post=67330"}],"curies":[{"name":"wp","href":"https:\/\/api.w.org\/{rel}","templated":true}]}}