{"id":67326,"date":"2025-12-11T12:26:38","date_gmt":"2025-12-11T11:26:38","guid":{"rendered":"https:\/\/www.revistarambla.com\/?p=67326"},"modified":"2025-12-11T12:36:11","modified_gmt":"2025-12-11T11:36:11","slug":"la-izquierda-mas-feminista-concentra-los-casos-de-acoso-y-agresion-sexual-en-sus-filas","status":"publish","type":"post","link":"https:\/\/www.revistarambla.com\/en\/la-izquierda-mas-feminista-concentra-los-casos-de-acoso-y-agresion-sexual-en-sus-filas\/","title":{"rendered":"La izquierda \u00abm\u00e1s feminista\u00bb concentra los casos de acoso y agresi\u00f3n sexual"},"content":{"rendered":"<p>En el turbulento panorama pol\u00edtico espa\u00f1ol de 2025, los esc\u00e1ndalos relacionados con acoso y agresi\u00f3n sexual han emergido como un tema recurrente<!--more-->, erosionando la credibilidad de partidos que se autoproclaman defensores de la igualdad de g\u00e9nero. Partidos de izquierda como el Partido Socialista Obrero Espa\u00f1ol (PSOE), Podemos y Sumar han enfrentado una serie de denuncias que sugieren una concentraci\u00f3n de casos en sus filas, contrastando con su ret\u00f3rica feminista. Sin embargo, un an\u00e1lisis exhaustivo revela que, aunque los casos en la izquierda han dominado los titulares recientes, el problema trasciende ideolog\u00edas, afectando tambi\u00e9n a formaciones de derecha como el Partido Popular (PP) y Vox.<\/p>\n<p>El a\u00f1o 2025 ha sido particularmente devastador para el PSOE, con una cascada de denuncias que han puesto en jaque su imagen como \u00abel partido m\u00e1s feminista\u00bb. El caso m\u00e1s emblem\u00e1tico es el de Francisco &#8216;Paco&#8217; Salazar, exasesor en La Moncloa y hombre de confianza de Pedro S\u00e1nchez. Salazar fue cesado en diciembre de 2025 tras revelarse denuncias de acoso sexual por parte de varias mujeres en entornos laborales. Las acusaciones incluyen insinuaciones constantes, proposiciones no consentidas y abuso de poder, con relatos que describen un patr\u00f3n de comportamiento machista que, seg\u00fan informes, era conocido internamente pero no actuado hasta que sali\u00f3 a la luz p\u00fablica. El Gobierno formaliz\u00f3 su cese, condenando las acciones, pero cr\u00edticos como Alberto N\u00fa\u00f1ez Feij\u00f3o (PP) acusaron a S\u00e1nchez de pasar del \u00abhermana, yo s\u00ed te creo\u00bb a encubrir al \u00abacosador\u00bb.<\/p>\n<p>No es un incidente aislado. En Lugo, Jos\u00e9 Tom\u00e9, presidente de la Diputaci\u00f3n y l\u00edder provincial del PSOE, dimiti\u00f3 en diciembre de 2025 tras denuncias de media docena de compa\u00f1eras por acoso sexual y comportamientos machistas. Tom\u00e9 inicialmente neg\u00f3 las acusaciones, calific\u00e1ndolas de \u00abfalsas\u00bb, pero cedi\u00f3 ante la presi\u00f3n, solicitando incluso la suspensi\u00f3n de militancia para no da\u00f1ar al partido. Fuentes internas del PSOE confirmaron una denuncia an\u00f3nima investigada, enfatizando su compromiso con la verdad, aunque admitieron que los protocolos no previnieron el esc\u00e1ndalo. En Torremolinos, Antonio Navarro, secretario general local y diputado provincial, enfrenta acusaciones similares de una militante: proposiciones sexuales y insinuaciones persistentes. Estos casos se suman a esc\u00e1ndalos previos, como el de Tito Berni o Javier Perales, implicados en redes de prostituci\u00f3n, revelando un patr\u00f3n de abuso de poder. Audios filtrados muestran a pol\u00edticos del PSOE discutiendo sobre \u00abrepartirse prostitutas\u00bb, incluyendo referencias a mujeres colombianas, en un informe oficial que salpica al entorno de S\u00e1nchez.<\/p>\n<p>Podemos, por su parte, ha lidiado con denuncias que cuestionan su compromiso feminista. Juan Carlos Monedero, fundador del partido, enfrenta acusaciones de acoso sexual no judicializadas, recordando ineficacias en protocolos internos. El partido expuls\u00f3 a acusados en el pasado, como en el caso de un violador en En Marea (aliado), pero cr\u00edticos argumentan que los silencios c\u00f3mplices persisten. Pablo Iglesias, exl\u00edder, fue criticado por comentarios violentos como \u00abazotar\u00eda hasta que sangre\u00bb a una periodista, aunque no deriv\u00f3 en denuncia formal. Podemos implement\u00f3 un protocolo contra acoso en 2019, pionero entre partidos nacionales, pero su aplicaci\u00f3n ha sido cuestionada por militantes que lo tildan de \u00abinsuficiente\u00bb y \u00abfr\u00edo\u00bb.<\/p>\n<p>Sumar, el proyecto liderado por Yolanda D\u00edaz, ha sido golpeado por el caso de \u00cd\u00f1igo Errej\u00f3n, ex portavoz parlamentario. En octubre de 2024, Errej\u00f3n dimiti\u00f3 tras admitir \u00abcomportamientos machistas\u00bb, con denuncias de acoso y tocamientos no consentidos en \u00e1mbitos privados. El partido admiti\u00f3 fallos en sus protocolos, aprobados en enero de 2025, post-esc\u00e1ndalo, incluyendo canales de denuncia y medidas cautelares. Cr\u00edticos como Cristina Fallar\u00e1s revelaron patrones repetidos, con v\u00edctimas silenciadas por miedo a represalias. Otro caso involucra a Juanjo Mart\u00ednez, se\u00f1alado por abuso.<\/p>\n<p>\u00bfEs esta concentraci\u00f3n real o medi\u00e1tica? Datos del Instituto Nacional de Estad\u00edstica (INE) sobre delitos sexuales no desglosan por afiliaci\u00f3n pol\u00edtica, pero un repaso hist\u00f3rico muestra 589 casos de corrupci\u00f3n general (incluyendo sexual) desde 2000, con el PSOE y PP liderando. Sin embargo, en 2025, los casos en izquierda suman al menos una docena p\u00fablica, versus menos en derecha. Vox acusa al PSOE de encubrir para proteger a S\u00e1nchez, mientras el PP usa los esc\u00e1ndalos para cuestionar el feminismo socialista.<\/p>\n<p>Contrastando, el PP no est\u00e1 exento. En Algeciras, el alcalde Jos\u00e9 Ignacio Landaluce (PP) fue denunciado por acoso sexual en diciembre de 2025, con Mar\u00eda Jes\u00fas Montero (PSOE) exigiendo su dimisi\u00f3n. \u00c1ngel Alonso, diputado PP en Madrid, gener\u00f3 pol\u00e9mica con un comentario sexualizado: \u00abverlos as\u00ed, a m\u00ed me pone\u00bb. Hist\u00f3ricos incluyen a Javier Le\u00f3n de la Riva (exalcalde Valladolid) o Juan Carlos Fern\u00e1ndez (PP), condenados por acoso. El PP actualiz\u00f3 su c\u00f3digo de conducta en 2023, prohibiendo acoso, pero no lo publica actualmente.<\/p>\n<p>Vox, que niega la violencia machista como concepto ideol\u00f3gico, ha tenido casos como Carlos Flores Juber\u00edas, condenado por violencia ps\u00edquica, o Javier Liso, expulsado por amenazas. Su protocolo trata el acoso como \u00abriesgo laboral\u00bb, prometiendo despidos, pero cr\u00edticos lo ven insuficiente para casos extralaborales. Encuestas muestran Vox ganando apoyo masculino, posiblemente por su rechazo a \u00abpol\u00edticas de g\u00e9nero\u00bb.<\/p>\n<p>Expertos como Newtral destacan que protocolos de PSOE, PP y Vox limitan su alcance a \u00e1mbitos laborales, fallando en casos privados como Errej\u00f3n. Un informe del Ministerio del Interior sobre violencia sexual en Espa\u00f1a indica datos limitados, pero enfatiza el problema estructural. Asociaciones feministas de izquierda han callado ante casos en PSOE, generando acusaciones de presiones a v\u00edctimas. Fuentes territoriales del PSOE expresan frustraci\u00f3n con S\u00e1nchez por \u00abencubrir\u00bb y \u00abesconder denuncias\u00bb.<\/p>","protected":false},"excerpt":{"rendered":"<p>En el turbulento panorama pol\u00edtico espa\u00f1ol de 2025, los esc\u00e1ndalos relacionados con acoso y agresi\u00f3n sexual han emergido como un tema recurrente<\/p>","protected":false},"author":3,"featured_media":53562,"comment_status":"closed","ping_status":"closed","sticky":false,"template":"","format":"standard","meta":{"footnotes":""},"categories":[58],"tags":[],"class_list":["post-67326","post","type-post","status-publish","format-standard","has-post-thumbnail","hentry","category-estado-espanol"],"yoast_head":"<!-- This site is optimized with the Yoast SEO plugin v27.5 - https:\/\/yoast.com\/product\/yoast-seo-wordpress\/ -->\n<title>La izquierda &quot;m\u00e1s feminista&quot; concentra los casos de acoso y agresi\u00f3n sexual - Revista Rambla<\/title>\n<meta name=\"robots\" content=\"index, follow, max-snippet:-1, max-image-preview:large, max-video-preview:-1\" \/>\n<link rel=\"canonical\" href=\"https:\/\/www.revistarambla.com\/en\/la-izquierda-mas-feminista-concentra-los-casos-de-acoso-y-agresion-sexual-en-sus-filas\/\" \/>\n<meta property=\"og:locale\" content=\"en_GB\" \/>\n<meta property=\"og:type\" content=\"article\" \/>\n<meta property=\"og:title\" content=\"La izquierda &quot;m\u00e1s feminista&quot; concentra los casos de acoso y agresi\u00f3n sexual - Revista Rambla\" \/>\n<meta property=\"og:description\" content=\"En el turbulento panorama pol\u00edtico espa\u00f1ol de 2025, los esc\u00e1ndalos relacionados con acoso y agresi\u00f3n sexual han emergido como un tema recurrente\" \/>\n<meta property=\"og:url\" content=\"https:\/\/www.revistarambla.com\/en\/la-izquierda-mas-feminista-concentra-los-casos-de-acoso-y-agresion-sexual-en-sus-filas\/\" \/>\n<meta property=\"og:site_name\" content=\"Revista Rambla\" \/>\n<meta property=\"article:publisher\" content=\"https:\/\/www.facebook.com\/revistarambla\/\" \/>\n<meta property=\"article:author\" content=\"https:\/\/www.facebook.com\/revistarambla\" \/>\n<meta property=\"article:published_time\" content=\"2025-12-11T11:26:38+00:00\" \/>\n<meta property=\"article:modified_time\" content=\"2025-12-11T11:36:11+00:00\" \/>\n<meta property=\"og:image\" content=\"https:\/\/www.revistarambla.com\/wp-content\/uploads\/2023\/03\/feminismo-barcelona-2.jpg\" \/>\n\t<meta property=\"og:image:width\" content=\"1920\" \/>\n\t<meta property=\"og:image:height\" content=\"1139\" \/>\n\t<meta property=\"og:image:type\" content=\"image\/jpeg\" \/>\n<meta name=\"author\" content=\"R@mbla\" \/>\n<meta name=\"twitter:card\" content=\"summary_large_image\" \/>\n<meta name=\"twitter:creator\" content=\"@revistarambla\" \/>\n<meta name=\"twitter:site\" content=\"@revistarambla\" \/>\n<meta name=\"twitter:label1\" content=\"Written by\" \/>\n\t<meta name=\"twitter:data1\" content=\"R@mbla\" \/>\n\t<meta name=\"twitter:label2\" content=\"Estimated reading time\" \/>\n\t<meta name=\"twitter:data2\" content=\"5 minutes\" \/>\n<script type=\"application\/ld+json\" class=\"yoast-schema-graph\">{\"@context\":\"https:\\\/\\\/schema.org\",\"@graph\":[{\"@type\":\"Article\",\"@id\":\"https:\\\/\\\/www.revistarambla.com\\\/la-izquierda-mas-feminista-concentra-los-casos-de-acoso-y-agresion-sexual-en-sus-filas\\\/#article\",\"isPartOf\":{\"@id\":\"https:\\\/\\\/www.revistarambla.com\\\/la-izquierda-mas-feminista-concentra-los-casos-de-acoso-y-agresion-sexual-en-sus-filas\\\/\"},\"author\":{\"name\":\"R@mbla\",\"@id\":\"https:\\\/\\\/www.revistarambla.com\\\/#\\\/schema\\\/person\\\/a146a5a2550b94981a75131180e1bd9c\"},\"headline\":\"La izquierda \u00abm\u00e1s feminista\u00bb concentra los casos de acoso y agresi\u00f3n sexual\",\"datePublished\":\"2025-12-11T11:26:38+00:00\",\"dateModified\":\"2025-12-11T11:36:11+00:00\",\"mainEntityOfPage\":{\"@id\":\"https:\\\/\\\/www.revistarambla.com\\\/la-izquierda-mas-feminista-concentra-los-casos-de-acoso-y-agresion-sexual-en-sus-filas\\\/\"},\"wordCount\":963,\"publisher\":{\"@id\":\"https:\\\/\\\/www.revistarambla.com\\\/#organization\"},\"image\":{\"@id\":\"https:\\\/\\\/www.revistarambla.com\\\/la-izquierda-mas-feminista-concentra-los-casos-de-acoso-y-agresion-sexual-en-sus-filas\\\/#primaryimage\"},\"thumbnailUrl\":\"https:\\\/\\\/www.revistarambla.com\\\/wp-content\\\/uploads\\\/2023\\\/03\\\/feminismo-barcelona-2.jpg\",\"articleSection\":[\"Estado Espa\u00f1ol\"],\"inLanguage\":\"en-GB\"},{\"@type\":\"WebPage\",\"@id\":\"https:\\\/\\\/www.revistarambla.com\\\/la-izquierda-mas-feminista-concentra-los-casos-de-acoso-y-agresion-sexual-en-sus-filas\\\/\",\"url\":\"https:\\\/\\\/www.revistarambla.com\\\/la-izquierda-mas-feminista-concentra-los-casos-de-acoso-y-agresion-sexual-en-sus-filas\\\/\",\"name\":\"La izquierda \\\"m\u00e1s feminista\\\" concentra los casos de acoso y agresi\u00f3n sexual - Revista Rambla\",\"isPartOf\":{\"@id\":\"https:\\\/\\\/www.revistarambla.com\\\/#website\"},\"primaryImageOfPage\":{\"@id\":\"https:\\\/\\\/www.revistarambla.com\\\/la-izquierda-mas-feminista-concentra-los-casos-de-acoso-y-agresion-sexual-en-sus-filas\\\/#primaryimage\"},\"image\":{\"@id\":\"https:\\\/\\\/www.revistarambla.com\\\/la-izquierda-mas-feminista-concentra-los-casos-de-acoso-y-agresion-sexual-en-sus-filas\\\/#primaryimage\"},\"thumbnailUrl\":\"https:\\\/\\\/www.revistarambla.com\\\/wp-content\\\/uploads\\\/2023\\\/03\\\/feminismo-barcelona-2.jpg\",\"datePublished\":\"2025-12-11T11:26:38+00:00\",\"dateModified\":\"2025-12-11T11:36:11+00:00\",\"breadcrumb\":{\"@id\":\"https:\\\/\\\/www.revistarambla.com\\\/la-izquierda-mas-feminista-concentra-los-casos-de-acoso-y-agresion-sexual-en-sus-filas\\\/#breadcrumb\"},\"inLanguage\":\"en-GB\",\"potentialAction\":[{\"@type\":\"ReadAction\",\"target\":[\"https:\\\/\\\/www.revistarambla.com\\\/la-izquierda-mas-feminista-concentra-los-casos-de-acoso-y-agresion-sexual-en-sus-filas\\\/\"]}]},{\"@type\":\"ImageObject\",\"inLanguage\":\"en-GB\",\"@id\":\"https:\\\/\\\/www.revistarambla.com\\\/la-izquierda-mas-feminista-concentra-los-casos-de-acoso-y-agresion-sexual-en-sus-filas\\\/#primaryimage\",\"url\":\"https:\\\/\\\/www.revistarambla.com\\\/wp-content\\\/uploads\\\/2023\\\/03\\\/feminismo-barcelona-2.jpg\",\"contentUrl\":\"https:\\\/\\\/www.revistarambla.com\\\/wp-content\\\/uploads\\\/2023\\\/03\\\/feminismo-barcelona-2.jpg\",\"width\":1920,\"height\":1139},{\"@type\":\"BreadcrumbList\",\"@id\":\"https:\\\/\\\/www.revistarambla.com\\\/la-izquierda-mas-feminista-concentra-los-casos-de-acoso-y-agresion-sexual-en-sus-filas\\\/#breadcrumb\",\"itemListElement\":[{\"@type\":\"ListItem\",\"position\":1,\"name\":\"Portada\",\"item\":\"https:\\\/\\\/www.revistarambla.com\\\/\"},{\"@type\":\"ListItem\",\"position\":2,\"name\":\"La izquierda \u00abm\u00e1s feminista\u00bb concentra los casos de acoso y agresi\u00f3n sexual\"}]},{\"@type\":\"WebSite\",\"@id\":\"https:\\\/\\\/www.revistarambla.com\\\/#website\",\"url\":\"https:\\\/\\\/www.revistarambla.com\\\/\",\"name\":\"Revista Rambla Barcelona\",\"description\":\"Periodismo independiente\",\"publisher\":{\"@id\":\"https:\\\/\\\/www.revistarambla.com\\\/#organization\"},\"potentialAction\":[{\"@type\":\"SearchAction\",\"target\":{\"@type\":\"EntryPoint\",\"urlTemplate\":\"https:\\\/\\\/www.revistarambla.com\\\/?s={search_term_string}\"},\"query-input\":{\"@type\":\"PropertyValueSpecification\",\"valueRequired\":true,\"valueName\":\"search_term_string\"}}],\"inLanguage\":\"en-GB\"},{\"@type\":\"Organization\",\"@id\":\"https:\\\/\\\/www.revistarambla.com\\\/#organization\",\"name\":\"Revista Rambla\",\"url\":\"https:\\\/\\\/www.revistarambla.com\\\/\",\"logo\":{\"@type\":\"ImageObject\",\"inLanguage\":\"en-GB\",\"@id\":\"https:\\\/\\\/www.revistarambla.com\\\/#\\\/schema\\\/logo\\\/image\\\/\",\"url\":\"https:\\\/\\\/www.revistarambla.com\\\/wp-content\\\/uploads\\\/2020\\\/09\\\/banner_rambla_1900x600_BB.png\",\"contentUrl\":\"https:\\\/\\\/www.revistarambla.com\\\/wp-content\\\/uploads\\\/2020\\\/09\\\/banner_rambla_1900x600_BB.png\",\"width\":1900,\"height\":600,\"caption\":\"Revista Rambla\"},\"image\":{\"@id\":\"https:\\\/\\\/www.revistarambla.com\\\/#\\\/schema\\\/logo\\\/image\\\/\"},\"sameAs\":[\"https:\\\/\\\/www.facebook.com\\\/revistarambla\\\/\",\"https:\\\/\\\/x.com\\\/revistarambla\",\"https:\\\/\\\/www.instagram.com\\\/revista_rambla\",\"https:\\\/\\\/es.linkedin.com\\\/company\\\/revista-rambla\"]},{\"@type\":\"Person\",\"@id\":\"https:\\\/\\\/www.revistarambla.com\\\/#\\\/schema\\\/person\\\/a146a5a2550b94981a75131180e1bd9c\",\"name\":\"R@mbla\",\"description\":\"Este art\u00edculo ha sido redactado y\\\/o validado por el equipo de redacci\u00f3n de Revista Rambla.\",\"sameAs\":[\"https:\\\/\\\/www.revistarambla.com\\\/\",\"https:\\\/\\\/www.facebook.com\\\/revistarambla\",\"https:\\\/\\\/x.com\\\/revistarambla\"]}]}<\/script>\n<!-- \/ Yoast SEO plugin. -->","yoast_head_json":{"title":"La izquierda \"m\u00e1s feminista\" concentra los casos de acoso y agresi\u00f3n sexual - Revista Rambla","robots":{"index":"index","follow":"follow","max-snippet":"max-snippet:-1","max-image-preview":"max-image-preview:large","max-video-preview":"max-video-preview:-1"},"canonical":"https:\/\/www.revistarambla.com\/en\/la-izquierda-mas-feminista-concentra-los-casos-de-acoso-y-agresion-sexual-en-sus-filas\/","og_locale":"en_GB","og_type":"article","og_title":"La izquierda \"m\u00e1s feminista\" concentra los casos de acoso y agresi\u00f3n sexual - Revista Rambla","og_description":"En el turbulento panorama pol\u00edtico espa\u00f1ol de 2025, los esc\u00e1ndalos relacionados con acoso y agresi\u00f3n sexual han emergido como un tema recurrente","og_url":"https:\/\/www.revistarambla.com\/en\/la-izquierda-mas-feminista-concentra-los-casos-de-acoso-y-agresion-sexual-en-sus-filas\/","og_site_name":"Revista Rambla","article_publisher":"https:\/\/www.facebook.com\/revistarambla\/","article_author":"https:\/\/www.facebook.com\/revistarambla","article_published_time":"2025-12-11T11:26:38+00:00","article_modified_time":"2025-12-11T11:36:11+00:00","og_image":[{"width":1920,"height":1139,"url":"https:\/\/www.revistarambla.com\/wp-content\/uploads\/2023\/03\/feminismo-barcelona-2.jpg","type":"image\/jpeg"}],"author":"R@mbla","twitter_card":"summary_large_image","twitter_creator":"@revistarambla","twitter_site":"@revistarambla","twitter_misc":{"Written by":"R@mbla","Estimated reading time":"5 minutes"},"schema":{"@context":"https:\/\/schema.org","@graph":[{"@type":"Article","@id":"https:\/\/www.revistarambla.com\/la-izquierda-mas-feminista-concentra-los-casos-de-acoso-y-agresion-sexual-en-sus-filas\/#article","isPartOf":{"@id":"https:\/\/www.revistarambla.com\/la-izquierda-mas-feminista-concentra-los-casos-de-acoso-y-agresion-sexual-en-sus-filas\/"},"author":{"name":"R@mbla","@id":"https:\/\/www.revistarambla.com\/#\/schema\/person\/a146a5a2550b94981a75131180e1bd9c"},"headline":"La izquierda \u00abm\u00e1s feminista\u00bb concentra los casos de acoso y agresi\u00f3n sexual","datePublished":"2025-12-11T11:26:38+00:00","dateModified":"2025-12-11T11:36:11+00:00","mainEntityOfPage":{"@id":"https:\/\/www.revistarambla.com\/la-izquierda-mas-feminista-concentra-los-casos-de-acoso-y-agresion-sexual-en-sus-filas\/"},"wordCount":963,"publisher":{"@id":"https:\/\/www.revistarambla.com\/#organization"},"image":{"@id":"https:\/\/www.revistarambla.com\/la-izquierda-mas-feminista-concentra-los-casos-de-acoso-y-agresion-sexual-en-sus-filas\/#primaryimage"},"thumbnailUrl":"https:\/\/www.revistarambla.com\/wp-content\/uploads\/2023\/03\/feminismo-barcelona-2.jpg","articleSection":["Estado Espa\u00f1ol"],"inLanguage":"en-GB"},{"@type":"WebPage","@id":"https:\/\/www.revistarambla.com\/la-izquierda-mas-feminista-concentra-los-casos-de-acoso-y-agresion-sexual-en-sus-filas\/","url":"https:\/\/www.revistarambla.com\/la-izquierda-mas-feminista-concentra-los-casos-de-acoso-y-agresion-sexual-en-sus-filas\/","name":"La izquierda \"m\u00e1s feminista\" concentra los casos de acoso y agresi\u00f3n sexual - Revista Rambla","isPartOf":{"@id":"https:\/\/www.revistarambla.com\/#website"},"primaryImageOfPage":{"@id":"https:\/\/www.revistarambla.com\/la-izquierda-mas-feminista-concentra-los-casos-de-acoso-y-agresion-sexual-en-sus-filas\/#primaryimage"},"image":{"@id":"https:\/\/www.revistarambla.com\/la-izquierda-mas-feminista-concentra-los-casos-de-acoso-y-agresion-sexual-en-sus-filas\/#primaryimage"},"thumbnailUrl":"https:\/\/www.revistarambla.com\/wp-content\/uploads\/2023\/03\/feminismo-barcelona-2.jpg","datePublished":"2025-12-11T11:26:38+00:00","dateModified":"2025-12-11T11:36:11+00:00","breadcrumb":{"@id":"https:\/\/www.revistarambla.com\/la-izquierda-mas-feminista-concentra-los-casos-de-acoso-y-agresion-sexual-en-sus-filas\/#breadcrumb"},"inLanguage":"en-GB","potentialAction":[{"@type":"ReadAction","target":["https:\/\/www.revistarambla.com\/la-izquierda-mas-feminista-concentra-los-casos-de-acoso-y-agresion-sexual-en-sus-filas\/"]}]},{"@type":"ImageObject","inLanguage":"en-GB","@id":"https:\/\/www.revistarambla.com\/la-izquierda-mas-feminista-concentra-los-casos-de-acoso-y-agresion-sexual-en-sus-filas\/#primaryimage","url":"https:\/\/www.revistarambla.com\/wp-content\/uploads\/2023\/03\/feminismo-barcelona-2.jpg","contentUrl":"https:\/\/www.revistarambla.com\/wp-content\/uploads\/2023\/03\/feminismo-barcelona-2.jpg","width":1920,"height":1139},{"@type":"BreadcrumbList","@id":"https:\/\/www.revistarambla.com\/la-izquierda-mas-feminista-concentra-los-casos-de-acoso-y-agresion-sexual-en-sus-filas\/#breadcrumb","itemListElement":[{"@type":"ListItem","position":1,"name":"Portada","item":"https:\/\/www.revistarambla.com\/"},{"@type":"ListItem","position":2,"name":"La izquierda \u00abm\u00e1s feminista\u00bb concentra los casos de acoso y agresi\u00f3n sexual"}]},{"@type":"WebSite","@id":"https:\/\/www.revistarambla.com\/#website","url":"https:\/\/www.revistarambla.com\/","name":"Revista Rambla Barcelona","description":"Periodismo independiente","publisher":{"@id":"https:\/\/www.revistarambla.com\/#organization"},"potentialAction":[{"@type":"SearchAction","target":{"@type":"EntryPoint","urlTemplate":"https:\/\/www.revistarambla.com\/?s={search_term_string}"},"query-input":{"@type":"PropertyValueSpecification","valueRequired":true,"valueName":"search_term_string"}}],"inLanguage":"en-GB"},{"@type":"Organization","@id":"https:\/\/www.revistarambla.com\/#organization","name":"Revista Rambla","url":"https:\/\/www.revistarambla.com\/","logo":{"@type":"ImageObject","inLanguage":"en-GB","@id":"https:\/\/www.revistarambla.com\/#\/schema\/logo\/image\/","url":"https:\/\/www.revistarambla.com\/wp-content\/uploads\/2020\/09\/banner_rambla_1900x600_BB.png","contentUrl":"https:\/\/www.revistarambla.com\/wp-content\/uploads\/2020\/09\/banner_rambla_1900x600_BB.png","width":1900,"height":600,"caption":"Revista Rambla"},"image":{"@id":"https:\/\/www.revistarambla.com\/#\/schema\/logo\/image\/"},"sameAs":["https:\/\/www.facebook.com\/revistarambla\/","https:\/\/x.com\/revistarambla","https:\/\/www.instagram.com\/revista_rambla","https:\/\/es.linkedin.com\/company\/revista-rambla"]},{"@type":"Person","@id":"https:\/\/www.revistarambla.com\/#\/schema\/person\/a146a5a2550b94981a75131180e1bd9c","name":"R@mbla","description":"Este art\u00edculo ha sido redactado y\/o validado por el equipo de redacci\u00f3n de Revista Rambla.","sameAs":["https:\/\/www.revistarambla.com\/","https:\/\/www.facebook.com\/revistarambla","https:\/\/x.com\/revistarambla"]}]}},"_links":{"self":[{"href":"https:\/\/www.revistarambla.com\/en\/wp-json\/wp\/v2\/posts\/67326","targetHints":{"allow":["GET"]}}],"collection":[{"href":"https:\/\/www.revistarambla.com\/en\/wp-json\/wp\/v2\/posts"}],"about":[{"href":"https:\/\/www.revistarambla.com\/en\/wp-json\/wp\/v2\/types\/post"}],"author":[{"embeddable":true,"href":"https:\/\/www.revistarambla.com\/en\/wp-json\/wp\/v2\/users\/3"}],"replies":[{"embeddable":true,"href":"https:\/\/www.revistarambla.com\/en\/wp-json\/wp\/v2\/comments?post=67326"}],"version-history":[{"count":4,"href":"https:\/\/www.revistarambla.com\/en\/wp-json\/wp\/v2\/posts\/67326\/revisions"}],"predecessor-version":[{"id":67332,"href":"https:\/\/www.revistarambla.com\/en\/wp-json\/wp\/v2\/posts\/67326\/revisions\/67332"}],"wp:featuredmedia":[{"embeddable":true,"href":"https:\/\/www.revistarambla.com\/en\/wp-json\/wp\/v2\/media\/53562"}],"wp:attachment":[{"href":"https:\/\/www.revistarambla.com\/en\/wp-json\/wp\/v2\/media?parent=67326"}],"wp:term":[{"taxonomy":"category","embeddable":true,"href":"https:\/\/www.revistarambla.com\/en\/wp-json\/wp\/v2\/categories?post=67326"},{"taxonomy":"post_tag","embeddable":true,"href":"https:\/\/www.revistarambla.com\/en\/wp-json\/wp\/v2\/tags?post=67326"}],"curies":[{"name":"wp","href":"https:\/\/api.w.org\/{rel}","templated":true}]}}