{"id":67320,"date":"2025-12-03T21:07:53","date_gmt":"2025-12-03T20:07:53","guid":{"rendered":"https:\/\/www.revistarambla.com\/?p=67320"},"modified":"2025-12-03T21:07:53","modified_gmt":"2025-12-03T20:07:53","slug":"mexico-avanza-en-medicina-visual-con-los-programas-liderados-por-manuel-ignacio-vejarano-restrepo","status":"publish","type":"post","link":"https:\/\/www.revistarambla.com\/en\/mexico-avanza-en-medicina-visual-con-los-programas-liderados-por-manuel-ignacio-vejarano-restrepo\/","title":{"rendered":"M\u00e9xico avanza en medicina visual con los programas liderados por Manuel Ignacio Vejarano Restrepo"},"content":{"rendered":"<p>La atenci\u00f3n oftalmol\u00f3gica en M\u00e9xico contin\u00faa desarroll\u00e1ndose mediante programas que integran asistencia cl\u00ednica, capacitaci\u00f3n profesional y acci\u00f3n comunitaria. En un contexto donde la demanda de servicios visuales mantiene una tendencia creciente, distintas iniciativas buscan ampliar el acceso a procedimientos de <b>cirug\u00eda ocular<\/b> especializada y fortalecer la formaci\u00f3n de m\u00e9dicos que ejercer\u00e1n funciones relevantes dentro del sistema sanitario. En este marco destaca la labor del <b>Doctor<\/b> <b>Manuel Ignacio Vejarano Restrepo<\/b>, cuya trayectoria combina actividad asistencial, ense\u00f1anza acad\u00e9mica y compromiso social. La pr\u00e1ctica de <b>Manuel Ignacio Vejarano Restrepo<\/b> se desarrolla tanto en cl\u00ednicas de alta especializaci\u00f3n como en entornos formativos donde el conocimiento t\u00e9cnico se aplica directamente a la atenci\u00f3n del paciente.<\/p>\n<h2><b>Formaci\u00f3n acad\u00e9mica de Manuel Vejarano y su v\u00ednculo con M\u00e9xico<\/b><\/h2>\n<p>La carrera de <b>Manuel Vejarano<\/b> comenz\u00f3 en Colombia, donde curs\u00f3 estudios de medicina en la Universidad del Cauca y realiz\u00f3 su especializaci\u00f3n en oftalmolog\u00eda en instituciones de Santander. Durante esta etapa, <b>Manuel Vejarano<\/b> orient\u00f3 su formaci\u00f3n hacia procedimientos refractivos, intervenci\u00f3n en el segmento anterior y t\u00e9cnicas reconstructivas vinculadas a la <b>cirug\u00eda oftalmol\u00f3gica<\/b>. Posteriormente, <b>Manuel Ignacio Vejarano Restrepo se<\/b> traslad\u00f3 a M\u00e9xico para ampliar su preparaci\u00f3n mediante una subespecialidad en la Asociaci\u00f3n para Evitar la Ceguera junto con la Universidad Nacional Aut\u00f3noma de M\u00e9xico.<\/p>\n<p>La experiencia obtenida por <b>Manuel Vejarano<\/b> facilit\u00f3 la puesta en marcha de programas educativos dirigidos a residentes y m\u00e9dicos j\u00f3venes interesados en el perfeccionamiento de destrezas de <a href=\"https:\/\/diario.mx\/escaparate\/2025\/may\/29\/conoce-a-manuel-ignacio-vejarano-restrepo-el-heredero-del-prestigioso-criadero-de-caballos-la-marqueza-que-busca-innovar-y-elevar-el-estandar-en-el-mundo-equino-1068375.html\"><b>microcirug\u00eda<\/b> <\/a>ocular y la aplicaci\u00f3n de t\u00e9cnicas avanzadas. Desde la docencia, el <b>Doctor<\/b> se\u00f1ala la importancia de la actualizaci\u00f3n permanente como base para enfrentar los retos cl\u00ednicos actuales.<\/p>\n<h2><b>Iniciativas comunitarias de atenci\u00f3n oftalmol\u00f3gica<\/b><\/h2>\n<p>Adem\u00e1s de su actividad acad\u00e9mica, el <b>Doctor<\/b> <b>Manuel Ignacio Vejarano Restrepo<\/b> participa en campa\u00f1as enfocadas en reducir las barreras de acceso a servicios oftalmol\u00f3gicos en comunidades con recursos limitados. Las jornadas incluyen consultas de valoraci\u00f3n, <b>cirug\u00eda<\/b> de catarata, trasplantes de c\u00f3rnea e intervenciones refractivas dirigidas a poblaciones vulnerables. Bajo la coordinaci\u00f3n de <b>Vejarano<\/b>, equipos m\u00e9dicos, personal de enfermer\u00eda y apoyo tecnol\u00f3gico act\u00faan de manera conjunta para brindar atenci\u00f3n integral centrada en la <b>salud<\/b> visual.<\/p>\n<p>El enfoque preventivo promovido por el <b>Doctor<\/b> tiene como meta disminuir la incidencia de ceguera evitable y fomentar h\u00e1bitos de cuidado ocular. Las acciones impulsadas por <b>Vejarano<\/b> han tenido presencia constante en el Estado de M\u00e9xico y en otras regiones donde la atenci\u00f3n especializada permanece limitada.<\/p>\n<h2><b>Actividad quir\u00fargica y empleo de innovaci\u00f3n t\u00e9cnica<\/b><\/h2>\n<p>En el Vejarano Cosmetic and Laser Vision Center, ubicado en el Estado de M\u00e9xico, <b>Manuel Vejarano<\/b> mantiene una actividad quir\u00fargica constante. Entre los procedimientos habituales se incluyen la facoemulsificaci\u00f3n con implante de lentes intraoculares, la colocaci\u00f3n de anillos intracorneales, el crosslinking corneal, el trasplante de c\u00e9lulas limbares y varias modalidades de <b>cirug\u00eda refractiva<\/b> como LASIK, PRK y LASEK. Varias de estas intervenciones se apoyan en equipamiento de alta precisi\u00f3n caracter\u00edstico de la <b>microcirug\u00eda<\/b> moderna.<\/p>\n<p>De forma complementaria, el <b>Doctor<\/b> desarrolla actividad peri\u00f3dica en Colombia como jefe de cirug\u00eda pl\u00e1stica facial oft\u00e1lmica en la Fundaci\u00f3n Oftalmol\u00f3gica <b>Vejarano<\/b>. Esta pr\u00e1ctica en dos sistemas sanitarios diferentes permite a <b>Manuel Ignacio Vejarano Restrepo<\/b> integrar aprendizajes cl\u00ednicos complementarios para enriquecer su ejercicio profesional. Su trayectoria tambi\u00e9n contiene el manejo de c\u00f3rneas irregulares, miop\u00edas elevadas y procedimientos con lentes suturados a esclera.<\/p>\n<h2><b>Reconocimientos a Manuel Ignacio Vejarano Restrepo<\/b><\/h2>\n<p>El <b>Doctor<\/b> ha recibido reconocimiento en M\u00e9xico por su contribuci\u00f3n a campa\u00f1as comunitarias de <b>salud<\/b> visual y por la calidad de los procedimientos efectuados en centros acreditados. <b>Manuel Vejarano<\/b> fue distinguido como Rotario Honor\u00edfico debido a su compromiso sostenido con iniciativas de prevenci\u00f3n de la ceguera y apoyo a poblaciones con recursos limitados.<\/p>\n<p>Asimismo, <b>Vejarano<\/b> participa activamente en organizaciones m\u00e9dicas nacionales e internacionales donde presenta investigaciones vinculadas a t\u00e9cnicas quir\u00fargicas avanzadas, estudios de casos complejos y evaluaci\u00f3n de resultados cl\u00ednicos. Estas aportaciones han fortalecido la presencia del <b>Doctor<\/b> en congresos cient\u00edficos y espacios acad\u00e9micos especializados.<\/p>\n<h2><b>Aporte sostenido a la salud visual en M\u00e9xico<\/b><\/h2>\n<p>La integraci\u00f3n de pr\u00e1ctica cl\u00ednica, docencia y participaci\u00f3n social ha consolidado la trayectoria de <b>Manuel Ignacio Vejarano Restrepo<\/b> como una referencia dentro del \u00e1mbito oftalmol\u00f3gico mexicano. Estos esfuerzos generan beneficios directos para los pacientes y refuerzan la formaci\u00f3n de nuevos profesionales comprometidos con una atenci\u00f3n de calidad.<\/p>\n<p>En un contexto donde la demanda de atenci\u00f3n visual contin\u00faa aumentando, las iniciativas impulsadas por el <b>Doctor<\/b> <b>Manuel Vejarano<\/b> apoyan la ampliaci\u00f3n de la cobertura m\u00e9dica especializada. El trabajo de <b>Vejarano<\/b> refleja un compromiso constante con la <b>salud<\/b> visual y con el desarrollo de soluciones pr\u00e1cticas que impactan positivamente en comunidades de distintas regiones del pa\u00eds.<\/p>","protected":false},"excerpt":{"rendered":"<p>La atenci\u00f3n oftalmol\u00f3gica en M\u00e9xico contin\u00faa desarroll\u00e1ndose mediante programas que integran asistencia cl\u00ednica, capacitaci\u00f3n profesional y acci\u00f3n comunitaria. En un contexto donde la demanda de servicios visuales mantiene una tendencia creciente, distintas iniciativas buscan ampliar el acceso a procedimientos de cirug\u00eda ocular especializada y fortalecer la formaci\u00f3n de m\u00e9dicos que [&hellip;]<\/p>\n","protected":false},"author":3,"featured_media":67321,"comment_status":"closed","ping_status":"closed","sticky":false,"template":"","format":"standard","meta":{"footnotes":""},"categories":[3790],"tags":[],"class_list":["post-67320","post","type-post","status-publish","format-standard","has-post-thumbnail","hentry","category-otras-noticias"],"yoast_head":"<!-- This site is optimized with the Yoast SEO plugin v27.5 - https:\/\/yoast.com\/product\/yoast-seo-wordpress\/ -->\n<title>M\u00e9xico avanza en medicina visual con los programas liderados por Manuel Ignacio Vejarano Restrepo - Revista Rambla<\/title>\n<meta name=\"robots\" content=\"index, follow, max-snippet:-1, max-image-preview:large, max-video-preview:-1\" \/>\n<link rel=\"canonical\" href=\"https:\/\/www.revistarambla.com\/en\/mexico-avanza-en-medicina-visual-con-los-programas-liderados-por-manuel-ignacio-vejarano-restrepo\/\" \/>\n<meta property=\"og:locale\" content=\"en_GB\" \/>\n<meta property=\"og:type\" content=\"article\" \/>\n<meta property=\"og:title\" content=\"M\u00e9xico avanza en medicina visual con los programas liderados por Manuel Ignacio Vejarano Restrepo - Revista Rambla\" \/>\n<meta property=\"og:description\" content=\"La atenci\u00f3n oftalmol\u00f3gica en M\u00e9xico contin\u00faa desarroll\u00e1ndose mediante programas que integran asistencia cl\u00ednica, capacitaci\u00f3n profesional y acci\u00f3n comunitaria. En un contexto donde la demanda de servicios visuales mantiene una tendencia creciente, distintas iniciativas buscan ampliar el acceso a procedimientos de cirug\u00eda ocular especializada y fortalecer la formaci\u00f3n de m\u00e9dicos que [&hellip;]\" \/>\n<meta property=\"og:url\" content=\"https:\/\/www.revistarambla.com\/en\/mexico-avanza-en-medicina-visual-con-los-programas-liderados-por-manuel-ignacio-vejarano-restrepo\/\" \/>\n<meta property=\"og:site_name\" content=\"Revista Rambla\" \/>\n<meta property=\"article:publisher\" content=\"https:\/\/www.facebook.com\/revistarambla\/\" \/>\n<meta property=\"article:author\" content=\"https:\/\/www.facebook.com\/revistarambla\" \/>\n<meta property=\"article:published_time\" content=\"2025-12-03T20:07:53+00:00\" \/>\n<meta property=\"og:image\" content=\"https:\/\/www.revistarambla.com\/wp-content\/uploads\/2025\/12\/phpmFElDl692ed12737b2f.jpg\" \/>\n\t<meta property=\"og:image:width\" content=\"1179\" \/>\n\t<meta property=\"og:image:height\" content=\"1172\" \/>\n\t<meta property=\"og:image:type\" content=\"image\/jpeg\" \/>\n<meta name=\"author\" content=\"R@mbla\" \/>\n<meta name=\"twitter:card\" content=\"summary_large_image\" \/>\n<meta name=\"twitter:creator\" content=\"@revistarambla\" \/>\n<meta name=\"twitter:site\" content=\"@revistarambla\" \/>\n<meta name=\"twitter:label1\" content=\"Written by\" \/>\n\t<meta name=\"twitter:data1\" content=\"R@mbla\" \/>\n\t<meta name=\"twitter:label2\" content=\"Estimated reading time\" \/>\n\t<meta name=\"twitter:data2\" content=\"4 minutes\" \/>\n<script type=\"application\/ld+json\" class=\"yoast-schema-graph\">{\"@context\":\"https:\\\/\\\/schema.org\",\"@graph\":[{\"@type\":\"Article\",\"@id\":\"https:\\\/\\\/www.revistarambla.com\\\/mexico-avanza-en-medicina-visual-con-los-programas-liderados-por-manuel-ignacio-vejarano-restrepo\\\/#article\",\"isPartOf\":{\"@id\":\"https:\\\/\\\/www.revistarambla.com\\\/mexico-avanza-en-medicina-visual-con-los-programas-liderados-por-manuel-ignacio-vejarano-restrepo\\\/\"},\"author\":{\"name\":\"R@mbla\",\"@id\":\"https:\\\/\\\/www.revistarambla.com\\\/#\\\/schema\\\/person\\\/a146a5a2550b94981a75131180e1bd9c\"},\"headline\":\"M\u00e9xico avanza en medicina visual con los programas liderados por Manuel Ignacio Vejarano Restrepo\",\"datePublished\":\"2025-12-03T20:07:53+00:00\",\"mainEntityOfPage\":{\"@id\":\"https:\\\/\\\/www.revistarambla.com\\\/mexico-avanza-en-medicina-visual-con-los-programas-liderados-por-manuel-ignacio-vejarano-restrepo\\\/\"},\"wordCount\":863,\"publisher\":{\"@id\":\"https:\\\/\\\/www.revistarambla.com\\\/#organization\"},\"image\":{\"@id\":\"https:\\\/\\\/www.revistarambla.com\\\/mexico-avanza-en-medicina-visual-con-los-programas-liderados-por-manuel-ignacio-vejarano-restrepo\\\/#primaryimage\"},\"thumbnailUrl\":\"https:\\\/\\\/www.revistarambla.com\\\/wp-content\\\/uploads\\\/2025\\\/12\\\/phpmFElDl692ed12737b2f.jpg\",\"articleSection\":[\"Otras Noticias\"],\"inLanguage\":\"en-GB\"},{\"@type\":\"WebPage\",\"@id\":\"https:\\\/\\\/www.revistarambla.com\\\/mexico-avanza-en-medicina-visual-con-los-programas-liderados-por-manuel-ignacio-vejarano-restrepo\\\/\",\"url\":\"https:\\\/\\\/www.revistarambla.com\\\/mexico-avanza-en-medicina-visual-con-los-programas-liderados-por-manuel-ignacio-vejarano-restrepo\\\/\",\"name\":\"M\u00e9xico avanza en medicina visual con los programas liderados por Manuel Ignacio Vejarano Restrepo - Revista Rambla\",\"isPartOf\":{\"@id\":\"https:\\\/\\\/www.revistarambla.com\\\/#website\"},\"primaryImageOfPage\":{\"@id\":\"https:\\\/\\\/www.revistarambla.com\\\/mexico-avanza-en-medicina-visual-con-los-programas-liderados-por-manuel-ignacio-vejarano-restrepo\\\/#primaryimage\"},\"image\":{\"@id\":\"https:\\\/\\\/www.revistarambla.com\\\/mexico-avanza-en-medicina-visual-con-los-programas-liderados-por-manuel-ignacio-vejarano-restrepo\\\/#primaryimage\"},\"thumbnailUrl\":\"https:\\\/\\\/www.revistarambla.com\\\/wp-content\\\/uploads\\\/2025\\\/12\\\/phpmFElDl692ed12737b2f.jpg\",\"datePublished\":\"2025-12-03T20:07:53+00:00\",\"breadcrumb\":{\"@id\":\"https:\\\/\\\/www.revistarambla.com\\\/mexico-avanza-en-medicina-visual-con-los-programas-liderados-por-manuel-ignacio-vejarano-restrepo\\\/#breadcrumb\"},\"inLanguage\":\"en-GB\",\"potentialAction\":[{\"@type\":\"ReadAction\",\"target\":[\"https:\\\/\\\/www.revistarambla.com\\\/mexico-avanza-en-medicina-visual-con-los-programas-liderados-por-manuel-ignacio-vejarano-restrepo\\\/\"]}]},{\"@type\":\"ImageObject\",\"inLanguage\":\"en-GB\",\"@id\":\"https:\\\/\\\/www.revistarambla.com\\\/mexico-avanza-en-medicina-visual-con-los-programas-liderados-por-manuel-ignacio-vejarano-restrepo\\\/#primaryimage\",\"url\":\"https:\\\/\\\/www.revistarambla.com\\\/wp-content\\\/uploads\\\/2025\\\/12\\\/phpmFElDl692ed12737b2f.jpg\",\"contentUrl\":\"https:\\\/\\\/www.revistarambla.com\\\/wp-content\\\/uploads\\\/2025\\\/12\\\/phpmFElDl692ed12737b2f.jpg\",\"width\":1179,\"height\":1172,\"caption\":\"medicina visual\"},{\"@type\":\"BreadcrumbList\",\"@id\":\"https:\\\/\\\/www.revistarambla.com\\\/mexico-avanza-en-medicina-visual-con-los-programas-liderados-por-manuel-ignacio-vejarano-restrepo\\\/#breadcrumb\",\"itemListElement\":[{\"@type\":\"ListItem\",\"position\":1,\"name\":\"Portada\",\"item\":\"https:\\\/\\\/www.revistarambla.com\\\/\"},{\"@type\":\"ListItem\",\"position\":2,\"name\":\"M\u00e9xico avanza en medicina visual con los programas liderados por Manuel Ignacio Vejarano Restrepo\"}]},{\"@type\":\"WebSite\",\"@id\":\"https:\\\/\\\/www.revistarambla.com\\\/#website\",\"url\":\"https:\\\/\\\/www.revistarambla.com\\\/\",\"name\":\"Revista Rambla Barcelona\",\"description\":\"Periodismo independiente\",\"publisher\":{\"@id\":\"https:\\\/\\\/www.revistarambla.com\\\/#organization\"},\"potentialAction\":[{\"@type\":\"SearchAction\",\"target\":{\"@type\":\"EntryPoint\",\"urlTemplate\":\"https:\\\/\\\/www.revistarambla.com\\\/?s={search_term_string}\"},\"query-input\":{\"@type\":\"PropertyValueSpecification\",\"valueRequired\":true,\"valueName\":\"search_term_string\"}}],\"inLanguage\":\"en-GB\"},{\"@type\":\"Organization\",\"@id\":\"https:\\\/\\\/www.revistarambla.com\\\/#organization\",\"name\":\"Revista Rambla\",\"url\":\"https:\\\/\\\/www.revistarambla.com\\\/\",\"logo\":{\"@type\":\"ImageObject\",\"inLanguage\":\"en-GB\",\"@id\":\"https:\\\/\\\/www.revistarambla.com\\\/#\\\/schema\\\/logo\\\/image\\\/\",\"url\":\"https:\\\/\\\/www.revistarambla.com\\\/wp-content\\\/uploads\\\/2020\\\/09\\\/banner_rambla_1900x600_BB.png\",\"contentUrl\":\"https:\\\/\\\/www.revistarambla.com\\\/wp-content\\\/uploads\\\/2020\\\/09\\\/banner_rambla_1900x600_BB.png\",\"width\":1900,\"height\":600,\"caption\":\"Revista Rambla\"},\"image\":{\"@id\":\"https:\\\/\\\/www.revistarambla.com\\\/#\\\/schema\\\/logo\\\/image\\\/\"},\"sameAs\":[\"https:\\\/\\\/www.facebook.com\\\/revistarambla\\\/\",\"https:\\\/\\\/x.com\\\/revistarambla\",\"https:\\\/\\\/www.instagram.com\\\/revista_rambla\",\"https:\\\/\\\/es.linkedin.com\\\/company\\\/revista-rambla\"]},{\"@type\":\"Person\",\"@id\":\"https:\\\/\\\/www.revistarambla.com\\\/#\\\/schema\\\/person\\\/a146a5a2550b94981a75131180e1bd9c\",\"name\":\"R@mbla\",\"description\":\"Este art\u00edculo ha sido redactado y\\\/o validado por el equipo de redacci\u00f3n de Revista Rambla.\",\"sameAs\":[\"https:\\\/\\\/www.revistarambla.com\\\/\",\"https:\\\/\\\/www.facebook.com\\\/revistarambla\",\"https:\\\/\\\/x.com\\\/revistarambla\"]}]}<\/script>\n<!-- \/ Yoast SEO plugin. -->","yoast_head_json":{"title":"M\u00e9xico avanza en medicina visual con los programas liderados por Manuel Ignacio Vejarano Restrepo - Revista Rambla","robots":{"index":"index","follow":"follow","max-snippet":"max-snippet:-1","max-image-preview":"max-image-preview:large","max-video-preview":"max-video-preview:-1"},"canonical":"https:\/\/www.revistarambla.com\/en\/mexico-avanza-en-medicina-visual-con-los-programas-liderados-por-manuel-ignacio-vejarano-restrepo\/","og_locale":"en_GB","og_type":"article","og_title":"M\u00e9xico avanza en medicina visual con los programas liderados por Manuel Ignacio Vejarano Restrepo - Revista Rambla","og_description":"La atenci\u00f3n oftalmol\u00f3gica en M\u00e9xico contin\u00faa desarroll\u00e1ndose mediante programas que integran asistencia cl\u00ednica, capacitaci\u00f3n profesional y acci\u00f3n comunitaria. En un contexto donde la demanda de servicios visuales mantiene una tendencia creciente, distintas iniciativas buscan ampliar el acceso a procedimientos de cirug\u00eda ocular especializada y fortalecer la formaci\u00f3n de m\u00e9dicos que [&hellip;]","og_url":"https:\/\/www.revistarambla.com\/en\/mexico-avanza-en-medicina-visual-con-los-programas-liderados-por-manuel-ignacio-vejarano-restrepo\/","og_site_name":"Revista Rambla","article_publisher":"https:\/\/www.facebook.com\/revistarambla\/","article_author":"https:\/\/www.facebook.com\/revistarambla","article_published_time":"2025-12-03T20:07:53+00:00","og_image":[{"width":1179,"height":1172,"url":"https:\/\/www.revistarambla.com\/wp-content\/uploads\/2025\/12\/phpmFElDl692ed12737b2f.jpg","type":"image\/jpeg"}],"author":"R@mbla","twitter_card":"summary_large_image","twitter_creator":"@revistarambla","twitter_site":"@revistarambla","twitter_misc":{"Written by":"R@mbla","Estimated reading time":"4 minutes"},"schema":{"@context":"https:\/\/schema.org","@graph":[{"@type":"Article","@id":"https:\/\/www.revistarambla.com\/mexico-avanza-en-medicina-visual-con-los-programas-liderados-por-manuel-ignacio-vejarano-restrepo\/#article","isPartOf":{"@id":"https:\/\/www.revistarambla.com\/mexico-avanza-en-medicina-visual-con-los-programas-liderados-por-manuel-ignacio-vejarano-restrepo\/"},"author":{"name":"R@mbla","@id":"https:\/\/www.revistarambla.com\/#\/schema\/person\/a146a5a2550b94981a75131180e1bd9c"},"headline":"M\u00e9xico avanza en medicina visual con los programas liderados por Manuel Ignacio Vejarano Restrepo","datePublished":"2025-12-03T20:07:53+00:00","mainEntityOfPage":{"@id":"https:\/\/www.revistarambla.com\/mexico-avanza-en-medicina-visual-con-los-programas-liderados-por-manuel-ignacio-vejarano-restrepo\/"},"wordCount":863,"publisher":{"@id":"https:\/\/www.revistarambla.com\/#organization"},"image":{"@id":"https:\/\/www.revistarambla.com\/mexico-avanza-en-medicina-visual-con-los-programas-liderados-por-manuel-ignacio-vejarano-restrepo\/#primaryimage"},"thumbnailUrl":"https:\/\/www.revistarambla.com\/wp-content\/uploads\/2025\/12\/phpmFElDl692ed12737b2f.jpg","articleSection":["Otras Noticias"],"inLanguage":"en-GB"},{"@type":"WebPage","@id":"https:\/\/www.revistarambla.com\/mexico-avanza-en-medicina-visual-con-los-programas-liderados-por-manuel-ignacio-vejarano-restrepo\/","url":"https:\/\/www.revistarambla.com\/mexico-avanza-en-medicina-visual-con-los-programas-liderados-por-manuel-ignacio-vejarano-restrepo\/","name":"M\u00e9xico avanza en medicina visual con los programas liderados por Manuel Ignacio Vejarano Restrepo - Revista Rambla","isPartOf":{"@id":"https:\/\/www.revistarambla.com\/#website"},"primaryImageOfPage":{"@id":"https:\/\/www.revistarambla.com\/mexico-avanza-en-medicina-visual-con-los-programas-liderados-por-manuel-ignacio-vejarano-restrepo\/#primaryimage"},"image":{"@id":"https:\/\/www.revistarambla.com\/mexico-avanza-en-medicina-visual-con-los-programas-liderados-por-manuel-ignacio-vejarano-restrepo\/#primaryimage"},"thumbnailUrl":"https:\/\/www.revistarambla.com\/wp-content\/uploads\/2025\/12\/phpmFElDl692ed12737b2f.jpg","datePublished":"2025-12-03T20:07:53+00:00","breadcrumb":{"@id":"https:\/\/www.revistarambla.com\/mexico-avanza-en-medicina-visual-con-los-programas-liderados-por-manuel-ignacio-vejarano-restrepo\/#breadcrumb"},"inLanguage":"en-GB","potentialAction":[{"@type":"ReadAction","target":["https:\/\/www.revistarambla.com\/mexico-avanza-en-medicina-visual-con-los-programas-liderados-por-manuel-ignacio-vejarano-restrepo\/"]}]},{"@type":"ImageObject","inLanguage":"en-GB","@id":"https:\/\/www.revistarambla.com\/mexico-avanza-en-medicina-visual-con-los-programas-liderados-por-manuel-ignacio-vejarano-restrepo\/#primaryimage","url":"https:\/\/www.revistarambla.com\/wp-content\/uploads\/2025\/12\/phpmFElDl692ed12737b2f.jpg","contentUrl":"https:\/\/www.revistarambla.com\/wp-content\/uploads\/2025\/12\/phpmFElDl692ed12737b2f.jpg","width":1179,"height":1172,"caption":"medicina visual"},{"@type":"BreadcrumbList","@id":"https:\/\/www.revistarambla.com\/mexico-avanza-en-medicina-visual-con-los-programas-liderados-por-manuel-ignacio-vejarano-restrepo\/#breadcrumb","itemListElement":[{"@type":"ListItem","position":1,"name":"Portada","item":"https:\/\/www.revistarambla.com\/"},{"@type":"ListItem","position":2,"name":"M\u00e9xico avanza en medicina visual con los programas liderados por Manuel Ignacio Vejarano Restrepo"}]},{"@type":"WebSite","@id":"https:\/\/www.revistarambla.com\/#website","url":"https:\/\/www.revistarambla.com\/","name":"Revista Rambla Barcelona","description":"Periodismo independiente","publisher":{"@id":"https:\/\/www.revistarambla.com\/#organization"},"potentialAction":[{"@type":"SearchAction","target":{"@type":"EntryPoint","urlTemplate":"https:\/\/www.revistarambla.com\/?s={search_term_string}"},"query-input":{"@type":"PropertyValueSpecification","valueRequired":true,"valueName":"search_term_string"}}],"inLanguage":"en-GB"},{"@type":"Organization","@id":"https:\/\/www.revistarambla.com\/#organization","name":"Revista Rambla","url":"https:\/\/www.revistarambla.com\/","logo":{"@type":"ImageObject","inLanguage":"en-GB","@id":"https:\/\/www.revistarambla.com\/#\/schema\/logo\/image\/","url":"https:\/\/www.revistarambla.com\/wp-content\/uploads\/2020\/09\/banner_rambla_1900x600_BB.png","contentUrl":"https:\/\/www.revistarambla.com\/wp-content\/uploads\/2020\/09\/banner_rambla_1900x600_BB.png","width":1900,"height":600,"caption":"Revista Rambla"},"image":{"@id":"https:\/\/www.revistarambla.com\/#\/schema\/logo\/image\/"},"sameAs":["https:\/\/www.facebook.com\/revistarambla\/","https:\/\/x.com\/revistarambla","https:\/\/www.instagram.com\/revista_rambla","https:\/\/es.linkedin.com\/company\/revista-rambla"]},{"@type":"Person","@id":"https:\/\/www.revistarambla.com\/#\/schema\/person\/a146a5a2550b94981a75131180e1bd9c","name":"R@mbla","description":"Este art\u00edculo ha sido redactado y\/o validado por el equipo de redacci\u00f3n de Revista Rambla.","sameAs":["https:\/\/www.revistarambla.com\/","https:\/\/www.facebook.com\/revistarambla","https:\/\/x.com\/revistarambla"]}]}},"_links":{"self":[{"href":"https:\/\/www.revistarambla.com\/en\/wp-json\/wp\/v2\/posts\/67320","targetHints":{"allow":["GET"]}}],"collection":[{"href":"https:\/\/www.revistarambla.com\/en\/wp-json\/wp\/v2\/posts"}],"about":[{"href":"https:\/\/www.revistarambla.com\/en\/wp-json\/wp\/v2\/types\/post"}],"author":[{"embeddable":true,"href":"https:\/\/www.revistarambla.com\/en\/wp-json\/wp\/v2\/users\/3"}],"replies":[{"embeddable":true,"href":"https:\/\/www.revistarambla.com\/en\/wp-json\/wp\/v2\/comments?post=67320"}],"version-history":[{"count":1,"href":"https:\/\/www.revistarambla.com\/en\/wp-json\/wp\/v2\/posts\/67320\/revisions"}],"predecessor-version":[{"id":67322,"href":"https:\/\/www.revistarambla.com\/en\/wp-json\/wp\/v2\/posts\/67320\/revisions\/67322"}],"wp:featuredmedia":[{"embeddable":true,"href":"https:\/\/www.revistarambla.com\/en\/wp-json\/wp\/v2\/media\/67321"}],"wp:attachment":[{"href":"https:\/\/www.revistarambla.com\/en\/wp-json\/wp\/v2\/media?parent=67320"}],"wp:term":[{"taxonomy":"category","embeddable":true,"href":"https:\/\/www.revistarambla.com\/en\/wp-json\/wp\/v2\/categories?post=67320"},{"taxonomy":"post_tag","embeddable":true,"href":"https:\/\/www.revistarambla.com\/en\/wp-json\/wp\/v2\/tags?post=67320"}],"curies":[{"name":"wp","href":"https:\/\/api.w.org\/{rel}","templated":true}]}}