{"id":67295,"date":"2025-11-26T19:31:43","date_gmt":"2025-11-26T18:31:43","guid":{"rendered":"https:\/\/www.revistarambla.com\/?p=67295"},"modified":"2025-12-11T12:29:05","modified_gmt":"2025-12-11T11:29:05","slug":"victoria-rotunda-de-la-vaga-de-lloguers-contra-la-caixa-1-700-pisos-quedaran-protegits-per-sempre","status":"publish","type":"post","link":"https:\/\/www.revistarambla.com\/en\/victoria-rotunda-de-la-vaga-de-lloguers-contra-la-caixa-1-700-pisos-quedaran-protegits-per-sempre\/","title":{"rendered":"Vict\u00f2ria rotunda de la vaga de lloguers contra La Caixa: 1.700 pisos quedaran protegits per sempre"},"content":{"rendered":"<p>El Govern ha anunciat avui el darrer paquet de trasp\u00e0s de 1.100 pisos que, sumats als anteriors, fan un total de 1.700 habitatges de protecci\u00f3 oficial blindats per sempre com a parc p\u00fablic. Una vict\u00f2ria hist\u00f2rica de la lluita sostinguda per les llogateres, que des de fa anys denuncien l\u2019intent de privatitzaci\u00f3 massiva d\u2019aquests habitatges constru\u00efts amb diners p\u00fablics.<\/p>\n<p>La vaga de lloguers ha estat sostinguda per 71 fam\u00edlies de les promocions de Sentmenat, Sitges, Banyoles i Palau-Solit\u00e0 i Plegamans, que des de l\u20191 d\u2019abril estan en vaga i han retingut 257.631,73\u202f\u20ac en rendes de lloguer.<\/p>\n<p>El pla original de la Fundaci\u00f3 La Caixa era tan simple com agressiu: deixar expirar el per\u00edode de lloguer protegit per expulsar milers de fam\u00edlies i vendre al millor postor. No ho han aconseguit. Des del 2020 les ve\u00efnes han denunciat cl\u00e0usules abusives, manca de manteniment, preus inflats i el cobrament indegut de l\u2019IBI, organitzant-se amb el Sindicat de Llogateres i portant l\u2019empresa als tribunals en dues ocasions. Les dues demandes continuen obertes, una de les quals reclama el retorn de m\u00e9s de 350.000 \u20ac.<\/p>\n<p>Per\u00f2 l&#8217;objectiu final era clar: que tots els blocs de la Fundaci\u00f3 La Caixa passessin a ser p\u00fablics i protegits per sempre. Despr\u00e9s d\u2019anys de lluita i d\u2019una vaga de lloguers, ho han aconseguit: amb l\u2019adquisici\u00f3 anunciada avui de 1.100 habitatges per un valor mitj\u00e0 de 81.954 \u20ac cadascun, un total de 1.700 habitatges quedaran protegits i p\u00fablics per sempre.<\/p>\n<h3>Les llogateres decidiran dissabte els seg\u00fcents passos de la lluita<\/h3>\n<p>En les \u00faltimes setmanes s\u2019han celebrat assemblees i brigades informatives a Barcelona, Matar\u00f3, l\u2019Hospitalet, Terrassa i Lleida, trucant a porta per porta a m\u00e9s de 300 fam\u00edlies amb l\u2019objectiu d\u2019estendre la vaga de lloguers. Les promocions de l\u2019Hospitalet, Barcelona, Terrassa i Lleida ja havien aprovat en assemblea sumar-se a la vaga al mes de desembre, arribant aix\u00ed a m\u00e9s d\u2019un centenar de fam\u00edlies vaguistes. Davant l\u2019anunci del Govern, les vaguistes celebraran una assemblea dissabte 29 de novembre a l\u2019Hospitalet de Llobregat, per decidir com continua la lluita.<\/p>\n<p>De fet, el 29 de novembre, l\u2019Hospitalet acollir\u00e0 un gran acte de suport i celebraci\u00f3 de la vaga de lloguers davant de dos dels blocs afectats. Diversos artistes hi participaran, entre ells el raper Baya Baye, en una jornada per refor\u00e7ar la caixa de resist\u00e8ncia i amplificar la lluita.<\/p>\n<p>Les demandes de les vaguistes s\u00f3n clares i continuen vigents, per tant, durant els dies vinents es decidir\u00e0 com continua la lluita:<\/p>\n<p>&#8211; Retirada de totes les demandes judicials, tant a vaguistes com a no vaguistes.<\/p>\n<p>&#8211; Renovaci\u00f3 de contractes sense cl\u00e0usules abusives i a preus assequibles.<\/p>\n<p>&#8211; Manteniment adequat de llars i edificis.<\/p>\n<p>&#8211; Retorn immediat de totes les quantitats cobrades indegudament.<\/p>\n<p>Quan les llogateres ens organitzem, guanyem<\/p>\n<p>Aquesta vict\u00f2ria demostra que la vaga de lloguers funciona i que l\u2019organitzaci\u00f3 sindical de les llogateres \u00e9s l\u2019\u00fanica garantia per defensar el dret a l\u2019habitatge. El Sindicat de Llogateres fa una crida a omplir la caixa de resist\u00e8ncia, sumar-se a les assemblees territorials i refor\u00e7ar la lluita.<\/p>","protected":false},"excerpt":{"rendered":"<p>El Govern ha anunciat avui el darrer paquet de trasp\u00e0s de 1.100 pisos que, sumats als anteriors, fan un total de 1.700 habitatges de protecci\u00f3 oficial blindats per sempre com a parc p\u00fablic. Una vict\u00f2ria hist\u00f2rica de la lluita sostinguda per les llogateres, que des de fa anys denuncien l\u2019intent [&hellip;]<\/p>\n","protected":false},"author":328,"featured_media":67296,"comment_status":"closed","ping_status":"closed","sticky":false,"template":"","format":"standard","meta":{"footnotes":""},"categories":[4079],"tags":[],"class_list":["post-67295","post","type-post","status-publish","format-standard","has-post-thumbnail","hentry","category-tribuna-libre"],"yoast_head":"<!-- This site is optimized with the Yoast SEO plugin v27.5 - https:\/\/yoast.com\/product\/yoast-seo-wordpress\/ -->\n<title>Vict\u00f2ria rotunda de la vaga de lloguers contra La Caixa: 1.700 pisos quedaran protegits per sempre - Revista Rambla<\/title>\n<meta name=\"robots\" content=\"index, follow, max-snippet:-1, max-image-preview:large, max-video-preview:-1\" \/>\n<link rel=\"canonical\" href=\"https:\/\/www.revistarambla.com\/en\/victoria-rotunda-de-la-vaga-de-lloguers-contra-la-caixa-1-700-pisos-quedaran-protegits-per-sempre\/\" \/>\n<meta property=\"og:locale\" content=\"en_GB\" \/>\n<meta property=\"og:type\" content=\"article\" \/>\n<meta property=\"og:title\" content=\"Vict\u00f2ria rotunda de la vaga de lloguers contra La Caixa: 1.700 pisos quedaran protegits per sempre - Revista Rambla\" \/>\n<meta property=\"og:description\" content=\"El Govern ha anunciat avui el darrer paquet de trasp\u00e0s de 1.100 pisos que, sumats als anteriors, fan un total de 1.700 habitatges de protecci\u00f3 oficial blindats per sempre com a parc p\u00fablic. Una vict\u00f2ria hist\u00f2rica de la lluita sostinguda per les llogateres, que des de fa anys denuncien l\u2019intent [&hellip;]\" \/>\n<meta property=\"og:url\" content=\"https:\/\/www.revistarambla.com\/en\/victoria-rotunda-de-la-vaga-de-lloguers-contra-la-caixa-1-700-pisos-quedaran-protegits-per-sempre\/\" \/>\n<meta property=\"og:site_name\" content=\"Revista Rambla\" \/>\n<meta property=\"article:publisher\" content=\"https:\/\/www.facebook.com\/revistarambla\/\" \/>\n<meta property=\"article:author\" content=\"https:\/\/www.facebook.com\/SindicatLloguer\/\" \/>\n<meta property=\"article:published_time\" content=\"2025-11-26T18:31:43+00:00\" \/>\n<meta property=\"article:modified_time\" content=\"2025-12-11T11:29:05+00:00\" \/>\n<meta property=\"og:image\" content=\"https:\/\/www.revistarambla.com\/wp-content\/uploads\/2025\/11\/LLOGATERES.jpg\" \/>\n\t<meta property=\"og:image:width\" content=\"1920\" \/>\n\t<meta property=\"og:image:height\" content=\"1080\" \/>\n\t<meta property=\"og:image:type\" content=\"image\/jpeg\" \/>\n<meta name=\"author\" content=\"Sindicat de Llogateres\" \/>\n<meta name=\"twitter:card\" content=\"summary_large_image\" \/>\n<meta name=\"twitter:creator\" content=\"@sindicatlloguer\" \/>\n<meta name=\"twitter:site\" content=\"@revistarambla\" \/>\n<meta name=\"twitter:label1\" content=\"Written by\" \/>\n\t<meta name=\"twitter:data1\" content=\"Sindicat de Llogateres\" \/>\n\t<meta name=\"twitter:label2\" content=\"Estimated reading time\" \/>\n\t<meta name=\"twitter:data2\" content=\"3 minutes\" \/>\n<script type=\"application\/ld+json\" class=\"yoast-schema-graph\">{\"@context\":\"https:\\\/\\\/schema.org\",\"@graph\":[{\"@type\":\"Article\",\"@id\":\"https:\\\/\\\/www.revistarambla.com\\\/victoria-rotunda-de-la-vaga-de-lloguers-contra-la-caixa-1-700-pisos-quedaran-protegits-per-sempre\\\/#article\",\"isPartOf\":{\"@id\":\"https:\\\/\\\/www.revistarambla.com\\\/victoria-rotunda-de-la-vaga-de-lloguers-contra-la-caixa-1-700-pisos-quedaran-protegits-per-sempre\\\/\"},\"author\":{\"name\":\"Sindicat de Llogateres\",\"@id\":\"https:\\\/\\\/www.revistarambla.com\\\/#\\\/schema\\\/person\\\/cdb47f1b20cae4529e0d80b9b620ee26\"},\"headline\":\"Vict\u00f2ria rotunda de la vaga de lloguers contra La Caixa: 1.700 pisos quedaran protegits per sempre\",\"datePublished\":\"2025-11-26T18:31:43+00:00\",\"dateModified\":\"2025-12-11T11:29:05+00:00\",\"mainEntityOfPage\":{\"@id\":\"https:\\\/\\\/www.revistarambla.com\\\/victoria-rotunda-de-la-vaga-de-lloguers-contra-la-caixa-1-700-pisos-quedaran-protegits-per-sempre\\\/\"},\"wordCount\":553,\"publisher\":{\"@id\":\"https:\\\/\\\/www.revistarambla.com\\\/#organization\"},\"image\":{\"@id\":\"https:\\\/\\\/www.revistarambla.com\\\/victoria-rotunda-de-la-vaga-de-lloguers-contra-la-caixa-1-700-pisos-quedaran-protegits-per-sempre\\\/#primaryimage\"},\"thumbnailUrl\":\"https:\\\/\\\/www.revistarambla.com\\\/wp-content\\\/uploads\\\/2025\\\/11\\\/LLOGATERES.jpg\",\"articleSection\":[\"Tribuna Libre\"],\"inLanguage\":\"en-GB\"},{\"@type\":\"WebPage\",\"@id\":\"https:\\\/\\\/www.revistarambla.com\\\/victoria-rotunda-de-la-vaga-de-lloguers-contra-la-caixa-1-700-pisos-quedaran-protegits-per-sempre\\\/\",\"url\":\"https:\\\/\\\/www.revistarambla.com\\\/victoria-rotunda-de-la-vaga-de-lloguers-contra-la-caixa-1-700-pisos-quedaran-protegits-per-sempre\\\/\",\"name\":\"Vict\u00f2ria rotunda de la vaga de lloguers contra La Caixa: 1.700 pisos quedaran protegits per sempre - Revista Rambla\",\"isPartOf\":{\"@id\":\"https:\\\/\\\/www.revistarambla.com\\\/#website\"},\"primaryImageOfPage\":{\"@id\":\"https:\\\/\\\/www.revistarambla.com\\\/victoria-rotunda-de-la-vaga-de-lloguers-contra-la-caixa-1-700-pisos-quedaran-protegits-per-sempre\\\/#primaryimage\"},\"image\":{\"@id\":\"https:\\\/\\\/www.revistarambla.com\\\/victoria-rotunda-de-la-vaga-de-lloguers-contra-la-caixa-1-700-pisos-quedaran-protegits-per-sempre\\\/#primaryimage\"},\"thumbnailUrl\":\"https:\\\/\\\/www.revistarambla.com\\\/wp-content\\\/uploads\\\/2025\\\/11\\\/LLOGATERES.jpg\",\"datePublished\":\"2025-11-26T18:31:43+00:00\",\"dateModified\":\"2025-12-11T11:29:05+00:00\",\"breadcrumb\":{\"@id\":\"https:\\\/\\\/www.revistarambla.com\\\/victoria-rotunda-de-la-vaga-de-lloguers-contra-la-caixa-1-700-pisos-quedaran-protegits-per-sempre\\\/#breadcrumb\"},\"inLanguage\":\"en-GB\",\"potentialAction\":[{\"@type\":\"ReadAction\",\"target\":[\"https:\\\/\\\/www.revistarambla.com\\\/victoria-rotunda-de-la-vaga-de-lloguers-contra-la-caixa-1-700-pisos-quedaran-protegits-per-sempre\\\/\"]}]},{\"@type\":\"ImageObject\",\"inLanguage\":\"en-GB\",\"@id\":\"https:\\\/\\\/www.revistarambla.com\\\/victoria-rotunda-de-la-vaga-de-lloguers-contra-la-caixa-1-700-pisos-quedaran-protegits-per-sempre\\\/#primaryimage\",\"url\":\"https:\\\/\\\/www.revistarambla.com\\\/wp-content\\\/uploads\\\/2025\\\/11\\\/LLOGATERES.jpg\",\"contentUrl\":\"https:\\\/\\\/www.revistarambla.com\\\/wp-content\\\/uploads\\\/2025\\\/11\\\/LLOGATERES.jpg\",\"width\":1920,\"height\":1080,\"caption\":\"vaga de lloguers contra La Caixa\"},{\"@type\":\"BreadcrumbList\",\"@id\":\"https:\\\/\\\/www.revistarambla.com\\\/victoria-rotunda-de-la-vaga-de-lloguers-contra-la-caixa-1-700-pisos-quedaran-protegits-per-sempre\\\/#breadcrumb\",\"itemListElement\":[{\"@type\":\"ListItem\",\"position\":1,\"name\":\"Portada\",\"item\":\"https:\\\/\\\/www.revistarambla.com\\\/\"},{\"@type\":\"ListItem\",\"position\":2,\"name\":\"Vict\u00f2ria rotunda de la vaga de lloguers contra La Caixa: 1.700 pisos quedaran protegits per sempre\"}]},{\"@type\":\"WebSite\",\"@id\":\"https:\\\/\\\/www.revistarambla.com\\\/#website\",\"url\":\"https:\\\/\\\/www.revistarambla.com\\\/\",\"name\":\"Revista Rambla Barcelona\",\"description\":\"Periodismo independiente\",\"publisher\":{\"@id\":\"https:\\\/\\\/www.revistarambla.com\\\/#organization\"},\"potentialAction\":[{\"@type\":\"SearchAction\",\"target\":{\"@type\":\"EntryPoint\",\"urlTemplate\":\"https:\\\/\\\/www.revistarambla.com\\\/?s={search_term_string}\"},\"query-input\":{\"@type\":\"PropertyValueSpecification\",\"valueRequired\":true,\"valueName\":\"search_term_string\"}}],\"inLanguage\":\"en-GB\"},{\"@type\":\"Organization\",\"@id\":\"https:\\\/\\\/www.revistarambla.com\\\/#organization\",\"name\":\"Revista Rambla\",\"url\":\"https:\\\/\\\/www.revistarambla.com\\\/\",\"logo\":{\"@type\":\"ImageObject\",\"inLanguage\":\"en-GB\",\"@id\":\"https:\\\/\\\/www.revistarambla.com\\\/#\\\/schema\\\/logo\\\/image\\\/\",\"url\":\"https:\\\/\\\/www.revistarambla.com\\\/wp-content\\\/uploads\\\/2020\\\/09\\\/banner_rambla_1900x600_BB.png\",\"contentUrl\":\"https:\\\/\\\/www.revistarambla.com\\\/wp-content\\\/uploads\\\/2020\\\/09\\\/banner_rambla_1900x600_BB.png\",\"width\":1900,\"height\":600,\"caption\":\"Revista Rambla\"},\"image\":{\"@id\":\"https:\\\/\\\/www.revistarambla.com\\\/#\\\/schema\\\/logo\\\/image\\\/\"},\"sameAs\":[\"https:\\\/\\\/www.facebook.com\\\/revistarambla\\\/\",\"https:\\\/\\\/x.com\\\/revistarambla\",\"https:\\\/\\\/www.instagram.com\\\/revista_rambla\",\"https:\\\/\\\/es.linkedin.com\\\/company\\\/revista-rambla\"]},{\"@type\":\"Person\",\"@id\":\"https:\\\/\\\/www.revistarambla.com\\\/#\\\/schema\\\/person\\\/cdb47f1b20cae4529e0d80b9b620ee26\",\"name\":\"Sindicat de Llogateres\",\"description\":\"Protegim el dret a l'habitatge. Millorem la vida de la gent. Ajuda'ns a seguir canviant les coses i suma-t'hi.\",\"sameAs\":[\"http:\\\/\\\/sindicatdellogateres.org\\\/\",\"https:\\\/\\\/www.facebook.com\\\/SindicatLloguer\\\/\",\"https:\\\/\\\/x.com\\\/sindicatlloguer\"]}]}<\/script>\n<!-- \/ Yoast SEO plugin. -->","yoast_head_json":{"title":"Vict\u00f2ria rotunda de la vaga de lloguers contra La Caixa: 1.700 pisos quedaran protegits per sempre - Revista Rambla","robots":{"index":"index","follow":"follow","max-snippet":"max-snippet:-1","max-image-preview":"max-image-preview:large","max-video-preview":"max-video-preview:-1"},"canonical":"https:\/\/www.revistarambla.com\/en\/victoria-rotunda-de-la-vaga-de-lloguers-contra-la-caixa-1-700-pisos-quedaran-protegits-per-sempre\/","og_locale":"en_GB","og_type":"article","og_title":"Vict\u00f2ria rotunda de la vaga de lloguers contra La Caixa: 1.700 pisos quedaran protegits per sempre - Revista Rambla","og_description":"El Govern ha anunciat avui el darrer paquet de trasp\u00e0s de 1.100 pisos que, sumats als anteriors, fan un total de 1.700 habitatges de protecci\u00f3 oficial blindats per sempre com a parc p\u00fablic. Una vict\u00f2ria hist\u00f2rica de la lluita sostinguda per les llogateres, que des de fa anys denuncien l\u2019intent [&hellip;]","og_url":"https:\/\/www.revistarambla.com\/en\/victoria-rotunda-de-la-vaga-de-lloguers-contra-la-caixa-1-700-pisos-quedaran-protegits-per-sempre\/","og_site_name":"Revista Rambla","article_publisher":"https:\/\/www.facebook.com\/revistarambla\/","article_author":"https:\/\/www.facebook.com\/SindicatLloguer\/","article_published_time":"2025-11-26T18:31:43+00:00","article_modified_time":"2025-12-11T11:29:05+00:00","og_image":[{"width":1920,"height":1080,"url":"https:\/\/www.revistarambla.com\/wp-content\/uploads\/2025\/11\/LLOGATERES.jpg","type":"image\/jpeg"}],"author":"Sindicat de Llogateres","twitter_card":"summary_large_image","twitter_creator":"@sindicatlloguer","twitter_site":"@revistarambla","twitter_misc":{"Written by":"Sindicat de Llogateres","Estimated reading time":"3 minutes"},"schema":{"@context":"https:\/\/schema.org","@graph":[{"@type":"Article","@id":"https:\/\/www.revistarambla.com\/victoria-rotunda-de-la-vaga-de-lloguers-contra-la-caixa-1-700-pisos-quedaran-protegits-per-sempre\/#article","isPartOf":{"@id":"https:\/\/www.revistarambla.com\/victoria-rotunda-de-la-vaga-de-lloguers-contra-la-caixa-1-700-pisos-quedaran-protegits-per-sempre\/"},"author":{"name":"Sindicat de Llogateres","@id":"https:\/\/www.revistarambla.com\/#\/schema\/person\/cdb47f1b20cae4529e0d80b9b620ee26"},"headline":"Vict\u00f2ria rotunda de la vaga de lloguers contra La Caixa: 1.700 pisos quedaran protegits per sempre","datePublished":"2025-11-26T18:31:43+00:00","dateModified":"2025-12-11T11:29:05+00:00","mainEntityOfPage":{"@id":"https:\/\/www.revistarambla.com\/victoria-rotunda-de-la-vaga-de-lloguers-contra-la-caixa-1-700-pisos-quedaran-protegits-per-sempre\/"},"wordCount":553,"publisher":{"@id":"https:\/\/www.revistarambla.com\/#organization"},"image":{"@id":"https:\/\/www.revistarambla.com\/victoria-rotunda-de-la-vaga-de-lloguers-contra-la-caixa-1-700-pisos-quedaran-protegits-per-sempre\/#primaryimage"},"thumbnailUrl":"https:\/\/www.revistarambla.com\/wp-content\/uploads\/2025\/11\/LLOGATERES.jpg","articleSection":["Tribuna Libre"],"inLanguage":"en-GB"},{"@type":"WebPage","@id":"https:\/\/www.revistarambla.com\/victoria-rotunda-de-la-vaga-de-lloguers-contra-la-caixa-1-700-pisos-quedaran-protegits-per-sempre\/","url":"https:\/\/www.revistarambla.com\/victoria-rotunda-de-la-vaga-de-lloguers-contra-la-caixa-1-700-pisos-quedaran-protegits-per-sempre\/","name":"Vict\u00f2ria rotunda de la vaga de lloguers contra La Caixa: 1.700 pisos quedaran protegits per sempre - Revista Rambla","isPartOf":{"@id":"https:\/\/www.revistarambla.com\/#website"},"primaryImageOfPage":{"@id":"https:\/\/www.revistarambla.com\/victoria-rotunda-de-la-vaga-de-lloguers-contra-la-caixa-1-700-pisos-quedaran-protegits-per-sempre\/#primaryimage"},"image":{"@id":"https:\/\/www.revistarambla.com\/victoria-rotunda-de-la-vaga-de-lloguers-contra-la-caixa-1-700-pisos-quedaran-protegits-per-sempre\/#primaryimage"},"thumbnailUrl":"https:\/\/www.revistarambla.com\/wp-content\/uploads\/2025\/11\/LLOGATERES.jpg","datePublished":"2025-11-26T18:31:43+00:00","dateModified":"2025-12-11T11:29:05+00:00","breadcrumb":{"@id":"https:\/\/www.revistarambla.com\/victoria-rotunda-de-la-vaga-de-lloguers-contra-la-caixa-1-700-pisos-quedaran-protegits-per-sempre\/#breadcrumb"},"inLanguage":"en-GB","potentialAction":[{"@type":"ReadAction","target":["https:\/\/www.revistarambla.com\/victoria-rotunda-de-la-vaga-de-lloguers-contra-la-caixa-1-700-pisos-quedaran-protegits-per-sempre\/"]}]},{"@type":"ImageObject","inLanguage":"en-GB","@id":"https:\/\/www.revistarambla.com\/victoria-rotunda-de-la-vaga-de-lloguers-contra-la-caixa-1-700-pisos-quedaran-protegits-per-sempre\/#primaryimage","url":"https:\/\/www.revistarambla.com\/wp-content\/uploads\/2025\/11\/LLOGATERES.jpg","contentUrl":"https:\/\/www.revistarambla.com\/wp-content\/uploads\/2025\/11\/LLOGATERES.jpg","width":1920,"height":1080,"caption":"vaga de lloguers contra La Caixa"},{"@type":"BreadcrumbList","@id":"https:\/\/www.revistarambla.com\/victoria-rotunda-de-la-vaga-de-lloguers-contra-la-caixa-1-700-pisos-quedaran-protegits-per-sempre\/#breadcrumb","itemListElement":[{"@type":"ListItem","position":1,"name":"Portada","item":"https:\/\/www.revistarambla.com\/"},{"@type":"ListItem","position":2,"name":"Vict\u00f2ria rotunda de la vaga de lloguers contra La Caixa: 1.700 pisos quedaran protegits per sempre"}]},{"@type":"WebSite","@id":"https:\/\/www.revistarambla.com\/#website","url":"https:\/\/www.revistarambla.com\/","name":"Revista Rambla Barcelona","description":"Periodismo independiente","publisher":{"@id":"https:\/\/www.revistarambla.com\/#organization"},"potentialAction":[{"@type":"SearchAction","target":{"@type":"EntryPoint","urlTemplate":"https:\/\/www.revistarambla.com\/?s={search_term_string}"},"query-input":{"@type":"PropertyValueSpecification","valueRequired":true,"valueName":"search_term_string"}}],"inLanguage":"en-GB"},{"@type":"Organization","@id":"https:\/\/www.revistarambla.com\/#organization","name":"Revista Rambla","url":"https:\/\/www.revistarambla.com\/","logo":{"@type":"ImageObject","inLanguage":"en-GB","@id":"https:\/\/www.revistarambla.com\/#\/schema\/logo\/image\/","url":"https:\/\/www.revistarambla.com\/wp-content\/uploads\/2020\/09\/banner_rambla_1900x600_BB.png","contentUrl":"https:\/\/www.revistarambla.com\/wp-content\/uploads\/2020\/09\/banner_rambla_1900x600_BB.png","width":1900,"height":600,"caption":"Revista Rambla"},"image":{"@id":"https:\/\/www.revistarambla.com\/#\/schema\/logo\/image\/"},"sameAs":["https:\/\/www.facebook.com\/revistarambla\/","https:\/\/x.com\/revistarambla","https:\/\/www.instagram.com\/revista_rambla","https:\/\/es.linkedin.com\/company\/revista-rambla"]},{"@type":"Person","@id":"https:\/\/www.revistarambla.com\/#\/schema\/person\/cdb47f1b20cae4529e0d80b9b620ee26","name":"Sindicat de Llogateres","description":"Protegim el dret a l'habitatge. Millorem la vida de la gent. Ajuda'ns a seguir canviant les coses i suma-t'hi.","sameAs":["http:\/\/sindicatdellogateres.org\/","https:\/\/www.facebook.com\/SindicatLloguer\/","https:\/\/x.com\/sindicatlloguer"]}]}},"_links":{"self":[{"href":"https:\/\/www.revistarambla.com\/en\/wp-json\/wp\/v2\/posts\/67295","targetHints":{"allow":["GET"]}}],"collection":[{"href":"https:\/\/www.revistarambla.com\/en\/wp-json\/wp\/v2\/posts"}],"about":[{"href":"https:\/\/www.revistarambla.com\/en\/wp-json\/wp\/v2\/types\/post"}],"author":[{"embeddable":true,"href":"https:\/\/www.revistarambla.com\/en\/wp-json\/wp\/v2\/users\/328"}],"replies":[{"embeddable":true,"href":"https:\/\/www.revistarambla.com\/en\/wp-json\/wp\/v2\/comments?post=67295"}],"version-history":[{"count":1,"href":"https:\/\/www.revistarambla.com\/en\/wp-json\/wp\/v2\/posts\/67295\/revisions"}],"predecessor-version":[{"id":67297,"href":"https:\/\/www.revistarambla.com\/en\/wp-json\/wp\/v2\/posts\/67295\/revisions\/67297"}],"wp:featuredmedia":[{"embeddable":true,"href":"https:\/\/www.revistarambla.com\/en\/wp-json\/wp\/v2\/media\/67296"}],"wp:attachment":[{"href":"https:\/\/www.revistarambla.com\/en\/wp-json\/wp\/v2\/media?parent=67295"}],"wp:term":[{"taxonomy":"category","embeddable":true,"href":"https:\/\/www.revistarambla.com\/en\/wp-json\/wp\/v2\/categories?post=67295"},{"taxonomy":"post_tag","embeddable":true,"href":"https:\/\/www.revistarambla.com\/en\/wp-json\/wp\/v2\/tags?post=67295"}],"curies":[{"name":"wp","href":"https:\/\/api.w.org\/{rel}","templated":true}]}}