{"id":67293,"date":"2025-11-26T18:36:44","date_gmt":"2025-11-26T17:36:44","guid":{"rendered":"https:\/\/www.revistarambla.com\/?p=67293"},"modified":"2025-11-26T18:36:44","modified_gmt":"2025-11-26T17:36:44","slug":"no-a-la-impunidad-del-genocidio","status":"publish","type":"post","link":"https:\/\/www.revistarambla.com\/en\/no-a-la-impunidad-del-genocidio\/","title":{"rendered":"No a la impunidad del genocidio"},"content":{"rendered":"<p>Parece obvio decir que si realmente hubiera justicia Benjamin Netanyahu, Israel Katz, Itamar Ben-vir, Eyal Zamir, David Saar Salama, Shmuel Eliyahu, el rabino Zor <!--more-->de la academia militar Bnei David, Beni Aharon, Sean Glass, Moshe Feiglin o Itai Shukerkov habr\u00edan sido detenidos y estar\u00edan siendo juzgados ya por cr\u00edmenes contra la humanidad. No es as\u00ed. Le llaman impunidad y suele corresponder con la cobertura, el encubrimiento y la justificaci\u00f3n de la vulneraci\u00f3n de derechos realizada por quienes protegen a delincuentes en los sistemas institucionales o medi\u00e1ticos. Est\u00e1 en cuesti\u00f3n la propia legitimidad de los sistemas internacionales y estatales de protecci\u00f3n de derechos supuestamente avalados con firma por sus representantes, as\u00ed como la de jueces y sistemas judiciales. No es solo cuesti\u00f3n de \u201cpapel mojado\u201d sino de connivencia y complicidad, por lo que est\u00e1n implicadas personas vinculadas a la econom\u00eda del genocidio como Andr\u00e9s Arizkorreta Garc\u00eda, Florentino P\u00e9rez Rodr\u00edguez o incluso presidentes de los estados como Viktor Orb\u00e1n, Keir Starmer, Frank-Walter Steinmeier o \u00darsula Gertrud Von der Leyen del gobierno europeo. Un claro c\u00f3mplice: Donald Trump.<\/p>\n<p>Tenemos la imagen de los tribunales de N\u00faremberg como la referencia hist\u00f3rica de justicia por cr\u00edmenes contra la humanidad cuando diversos estados se aliaron frente a los nazis; pero sabemos que para que eso se repita hoy en d\u00eda, son las sociedades las que se tendr\u00e1n que movilizar, como lo han hecho hasta ahora. En la actualidad, los intereses econ\u00f3micos y pol\u00edticos por acaparar poder priman sobre todo lo dem\u00e1s; ya no hay alianza contra el nazismo, pese a que el sionismo act\u00fae de forma parecida. Los genocidas y sus aliados seguir\u00e1n c\u00ednicamente exigiendo pacifismo al \u201cenemigo\u201d; cualquiera que muestre solidaridad, se niegue a recetar la farmac\u00e9utica TEVA, rechace el blanqueamiento a trav\u00e9s del deporte, obstaculice el tr\u00e1fico de armas o se manifieste contra una ideolog\u00eda que en nombre de la religi\u00f3n justifica la extorsi\u00f3n, el robo, la tortura o el asesinato. Al contrario de una postura firme y decidida de los \u201cdemocracias homologadas\u201d, cabe esperar que se siga intentando criminalizar al movimiento internacional humanitario, como hemos visto durante todos estos meses en tantos pa\u00edses. Mencionar especialmente la brutalidad policial en Alemania, el acoso en Gran Breta\u00f1a o el papel represivo del estado egipcio en la Marcha a Gaza o la campa\u00f1a pro-sionista de los medios de comunicaci\u00f3n reaccionarios en Espa\u00f1a o Estados Unidos.<\/p>\n<p>Miles de personas en la calle, en todo el mundo, hemos contribuido a paralizar un poco el genocidio y hemos demostrado que se puede hacer; pero persisten en sus cr\u00edmenes, precisamente porque hay quienes les cubren y amparan. Es por eso que no podemos esperar a que en instancias como la Corte Internacional de Justicia, el Tribunal Internacional de Justicia o la ONU se muevan resoluciones que no est\u00e1n yendo a ninguna parte, o, la relatora de Naciones Unidas se desga\u00f1ite denunciando el genocidio. Si la gente queremos justicia, debemos seguir reclam\u00e1ndola.<\/p>\n<p>Es un compromiso con lo humano y tiene nombre y apellidos. Justicia para Hind Rajab, Adam Samer al Ghoul, Basil Suleiman Abu al Wafa, la familia de Alaa al Najjar, Mohammed Hassan al-Harbeiti, Sannd Abu al-Shaer, Layan Hamada\u2026 y tantos otros asesinados en cr\u00edmenes atroces y horrendos que no pueden olvidarse y dejarlo estar como si no hubieran existido. Miles y miles de v\u00edctimas; muchas, menores de edad.<\/p>\n<p><em>*FIRMAS: Bitor Abarzuza Fontellas, Silvana Rita Garaffa, Alfonso Ortiz Besga, Montse Arroyo Rodr\u00edguez, \u00cd\u00f1igo Garc\u00eda Sola, Inanda Aguilar S\u00e1nchez<\/em><\/p>","protected":false},"excerpt":{"rendered":"<p>Parece obvio decir que si realmente hubiera justicia Benjamin Netanyahu, Israel Katz, Itamar Ben-vir, Eyal Zamir, David Saar Salama, Shmuel Eliyahu, el rabino Zor<\/p>","protected":false},"author":15,"featured_media":64396,"comment_status":"closed","ping_status":"closed","sticky":false,"template":"","format":"standard","meta":{"footnotes":""},"categories":[72],"tags":[],"class_list":["post-67293","post","type-post","status-publish","format-standard","has-post-thumbnail","hentry","category-opinion"],"yoast_head":"<!-- This site is optimized with the Yoast SEO plugin v27.5 - https:\/\/yoast.com\/product\/yoast-seo-wordpress\/ -->\n<title>No a la impunidad del genocidio - Revista Rambla<\/title>\n<meta name=\"robots\" content=\"index, follow, max-snippet:-1, max-image-preview:large, max-video-preview:-1\" \/>\n<link rel=\"canonical\" href=\"https:\/\/www.revistarambla.com\/en\/no-a-la-impunidad-del-genocidio\/\" \/>\n<meta property=\"og:locale\" content=\"en_GB\" \/>\n<meta property=\"og:type\" content=\"article\" \/>\n<meta property=\"og:title\" content=\"No a la impunidad del genocidio - Revista Rambla\" \/>\n<meta property=\"og:description\" content=\"Parece obvio decir que si realmente hubiera justicia Benjamin Netanyahu, Israel Katz, Itamar Ben-vir, Eyal Zamir, David Saar Salama, Shmuel Eliyahu, el rabino Zor\" \/>\n<meta property=\"og:url\" content=\"https:\/\/www.revistarambla.com\/en\/no-a-la-impunidad-del-genocidio\/\" \/>\n<meta property=\"og:site_name\" content=\"Revista Rambla\" \/>\n<meta property=\"article:publisher\" content=\"https:\/\/www.facebook.com\/revistarambla\/\" \/>\n<meta property=\"article:published_time\" content=\"2025-11-26T17:36:44+00:00\" \/>\n<meta property=\"og:image\" content=\"https:\/\/www.revistarambla.com\/wp-content\/uploads\/2025\/02\/A-pesar-de-la-destruccion-la-poblacion-gazati-defiende-su-territorio-y-esta-dispuesta-a-seguir-viviendo-alli.-Fotos-Publicas.jpg\" \/>\n\t<meta property=\"og:image:width\" content=\"1024\" \/>\n\t<meta property=\"og:image:height\" content=\"569\" \/>\n\t<meta property=\"og:image:type\" content=\"image\/jpeg\" \/>\n<meta name=\"author\" content=\"Varios Autores\" \/>\n<meta name=\"twitter:card\" content=\"summary_large_image\" \/>\n<meta name=\"twitter:creator\" content=\"@revistarambla\" \/>\n<meta name=\"twitter:site\" content=\"@revistarambla\" \/>\n<meta name=\"twitter:label1\" content=\"Written by\" \/>\n\t<meta name=\"twitter:data1\" content=\"Varios Autores\" \/>\n\t<meta name=\"twitter:label2\" content=\"Estimated reading time\" \/>\n\t<meta name=\"twitter:data2\" content=\"3 minutes\" \/>\n<script type=\"application\/ld+json\" class=\"yoast-schema-graph\">{\"@context\":\"https:\\\/\\\/schema.org\",\"@graph\":[{\"@type\":\"Article\",\"@id\":\"https:\\\/\\\/www.revistarambla.com\\\/no-a-la-impunidad-del-genocidio\\\/#article\",\"isPartOf\":{\"@id\":\"https:\\\/\\\/www.revistarambla.com\\\/no-a-la-impunidad-del-genocidio\\\/\"},\"author\":{\"name\":\"Varios Autores\",\"@id\":\"https:\\\/\\\/www.revistarambla.com\\\/#\\\/schema\\\/person\\\/2b19179a8ace334b829ad72cc6e6ce97\"},\"headline\":\"No a la impunidad del genocidio\",\"datePublished\":\"2025-11-26T17:36:44+00:00\",\"mainEntityOfPage\":{\"@id\":\"https:\\\/\\\/www.revistarambla.com\\\/no-a-la-impunidad-del-genocidio\\\/\"},\"wordCount\":622,\"publisher\":{\"@id\":\"https:\\\/\\\/www.revistarambla.com\\\/#organization\"},\"image\":{\"@id\":\"https:\\\/\\\/www.revistarambla.com\\\/no-a-la-impunidad-del-genocidio\\\/#primaryimage\"},\"thumbnailUrl\":\"https:\\\/\\\/www.revistarambla.com\\\/wp-content\\\/uploads\\\/2025\\\/02\\\/A-pesar-de-la-destruccion-la-poblacion-gazati-defiende-su-territorio-y-esta-dispuesta-a-seguir-viviendo-alli.-Fotos-Publicas.jpg\",\"articleSection\":[\"Opiniones\"],\"inLanguage\":\"en-GB\"},{\"@type\":\"WebPage\",\"@id\":\"https:\\\/\\\/www.revistarambla.com\\\/no-a-la-impunidad-del-genocidio\\\/\",\"url\":\"https:\\\/\\\/www.revistarambla.com\\\/no-a-la-impunidad-del-genocidio\\\/\",\"name\":\"No a la impunidad del genocidio - Revista Rambla\",\"isPartOf\":{\"@id\":\"https:\\\/\\\/www.revistarambla.com\\\/#website\"},\"primaryImageOfPage\":{\"@id\":\"https:\\\/\\\/www.revistarambla.com\\\/no-a-la-impunidad-del-genocidio\\\/#primaryimage\"},\"image\":{\"@id\":\"https:\\\/\\\/www.revistarambla.com\\\/no-a-la-impunidad-del-genocidio\\\/#primaryimage\"},\"thumbnailUrl\":\"https:\\\/\\\/www.revistarambla.com\\\/wp-content\\\/uploads\\\/2025\\\/02\\\/A-pesar-de-la-destruccion-la-poblacion-gazati-defiende-su-territorio-y-esta-dispuesta-a-seguir-viviendo-alli.-Fotos-Publicas.jpg\",\"datePublished\":\"2025-11-26T17:36:44+00:00\",\"breadcrumb\":{\"@id\":\"https:\\\/\\\/www.revistarambla.com\\\/no-a-la-impunidad-del-genocidio\\\/#breadcrumb\"},\"inLanguage\":\"en-GB\",\"potentialAction\":[{\"@type\":\"ReadAction\",\"target\":[\"https:\\\/\\\/www.revistarambla.com\\\/no-a-la-impunidad-del-genocidio\\\/\"]}]},{\"@type\":\"ImageObject\",\"inLanguage\":\"en-GB\",\"@id\":\"https:\\\/\\\/www.revistarambla.com\\\/no-a-la-impunidad-del-genocidio\\\/#primaryimage\",\"url\":\"https:\\\/\\\/www.revistarambla.com\\\/wp-content\\\/uploads\\\/2025\\\/02\\\/A-pesar-de-la-destruccion-la-poblacion-gazati-defiende-su-territorio-y-esta-dispuesta-a-seguir-viviendo-alli.-Fotos-Publicas.jpg\",\"contentUrl\":\"https:\\\/\\\/www.revistarambla.com\\\/wp-content\\\/uploads\\\/2025\\\/02\\\/A-pesar-de-la-destruccion-la-poblacion-gazati-defiende-su-territorio-y-esta-dispuesta-a-seguir-viviendo-alli.-Fotos-Publicas.jpg\",\"width\":1024,\"height\":569,\"caption\":\"impunidad del genocidio\"},{\"@type\":\"BreadcrumbList\",\"@id\":\"https:\\\/\\\/www.revistarambla.com\\\/no-a-la-impunidad-del-genocidio\\\/#breadcrumb\",\"itemListElement\":[{\"@type\":\"ListItem\",\"position\":1,\"name\":\"Portada\",\"item\":\"https:\\\/\\\/www.revistarambla.com\\\/\"},{\"@type\":\"ListItem\",\"position\":2,\"name\":\"No a la impunidad del genocidio\"}]},{\"@type\":\"WebSite\",\"@id\":\"https:\\\/\\\/www.revistarambla.com\\\/#website\",\"url\":\"https:\\\/\\\/www.revistarambla.com\\\/\",\"name\":\"Revista Rambla Barcelona\",\"description\":\"Periodismo independiente\",\"publisher\":{\"@id\":\"https:\\\/\\\/www.revistarambla.com\\\/#organization\"},\"potentialAction\":[{\"@type\":\"SearchAction\",\"target\":{\"@type\":\"EntryPoint\",\"urlTemplate\":\"https:\\\/\\\/www.revistarambla.com\\\/?s={search_term_string}\"},\"query-input\":{\"@type\":\"PropertyValueSpecification\",\"valueRequired\":true,\"valueName\":\"search_term_string\"}}],\"inLanguage\":\"en-GB\"},{\"@type\":\"Organization\",\"@id\":\"https:\\\/\\\/www.revistarambla.com\\\/#organization\",\"name\":\"Revista Rambla\",\"url\":\"https:\\\/\\\/www.revistarambla.com\\\/\",\"logo\":{\"@type\":\"ImageObject\",\"inLanguage\":\"en-GB\",\"@id\":\"https:\\\/\\\/www.revistarambla.com\\\/#\\\/schema\\\/logo\\\/image\\\/\",\"url\":\"https:\\\/\\\/www.revistarambla.com\\\/wp-content\\\/uploads\\\/2020\\\/09\\\/banner_rambla_1900x600_BB.png\",\"contentUrl\":\"https:\\\/\\\/www.revistarambla.com\\\/wp-content\\\/uploads\\\/2020\\\/09\\\/banner_rambla_1900x600_BB.png\",\"width\":1900,\"height\":600,\"caption\":\"Revista Rambla\"},\"image\":{\"@id\":\"https:\\\/\\\/www.revistarambla.com\\\/#\\\/schema\\\/logo\\\/image\\\/\"},\"sameAs\":[\"https:\\\/\\\/www.facebook.com\\\/revistarambla\\\/\",\"https:\\\/\\\/x.com\\\/revistarambla\",\"https:\\\/\\\/www.instagram.com\\\/revista_rambla\",\"https:\\\/\\\/es.linkedin.com\\\/company\\\/revista-rambla\"]},{\"@type\":\"Person\",\"@id\":\"https:\\\/\\\/www.revistarambla.com\\\/#\\\/schema\\\/person\\\/2b19179a8ace334b829ad72cc6e6ce97\",\"name\":\"Varios Autores\"}]}<\/script>\n<!-- \/ Yoast SEO plugin. -->","yoast_head_json":{"title":"No a la impunidad del genocidio - Revista Rambla","robots":{"index":"index","follow":"follow","max-snippet":"max-snippet:-1","max-image-preview":"max-image-preview:large","max-video-preview":"max-video-preview:-1"},"canonical":"https:\/\/www.revistarambla.com\/en\/no-a-la-impunidad-del-genocidio\/","og_locale":"en_GB","og_type":"article","og_title":"No a la impunidad del genocidio - Revista Rambla","og_description":"Parece obvio decir que si realmente hubiera justicia Benjamin Netanyahu, Israel Katz, Itamar Ben-vir, Eyal Zamir, David Saar Salama, Shmuel Eliyahu, el rabino Zor","og_url":"https:\/\/www.revistarambla.com\/en\/no-a-la-impunidad-del-genocidio\/","og_site_name":"Revista Rambla","article_publisher":"https:\/\/www.facebook.com\/revistarambla\/","article_published_time":"2025-11-26T17:36:44+00:00","og_image":[{"width":1024,"height":569,"url":"https:\/\/www.revistarambla.com\/wp-content\/uploads\/2025\/02\/A-pesar-de-la-destruccion-la-poblacion-gazati-defiende-su-territorio-y-esta-dispuesta-a-seguir-viviendo-alli.-Fotos-Publicas.jpg","type":"image\/jpeg"}],"author":"Varios Autores","twitter_card":"summary_large_image","twitter_creator":"@revistarambla","twitter_site":"@revistarambla","twitter_misc":{"Written by":"Varios Autores","Estimated reading time":"3 minutes"},"schema":{"@context":"https:\/\/schema.org","@graph":[{"@type":"Article","@id":"https:\/\/www.revistarambla.com\/no-a-la-impunidad-del-genocidio\/#article","isPartOf":{"@id":"https:\/\/www.revistarambla.com\/no-a-la-impunidad-del-genocidio\/"},"author":{"name":"Varios Autores","@id":"https:\/\/www.revistarambla.com\/#\/schema\/person\/2b19179a8ace334b829ad72cc6e6ce97"},"headline":"No a la impunidad del genocidio","datePublished":"2025-11-26T17:36:44+00:00","mainEntityOfPage":{"@id":"https:\/\/www.revistarambla.com\/no-a-la-impunidad-del-genocidio\/"},"wordCount":622,"publisher":{"@id":"https:\/\/www.revistarambla.com\/#organization"},"image":{"@id":"https:\/\/www.revistarambla.com\/no-a-la-impunidad-del-genocidio\/#primaryimage"},"thumbnailUrl":"https:\/\/www.revistarambla.com\/wp-content\/uploads\/2025\/02\/A-pesar-de-la-destruccion-la-poblacion-gazati-defiende-su-territorio-y-esta-dispuesta-a-seguir-viviendo-alli.-Fotos-Publicas.jpg","articleSection":["Opiniones"],"inLanguage":"en-GB"},{"@type":"WebPage","@id":"https:\/\/www.revistarambla.com\/no-a-la-impunidad-del-genocidio\/","url":"https:\/\/www.revistarambla.com\/no-a-la-impunidad-del-genocidio\/","name":"No a la impunidad del genocidio - Revista Rambla","isPartOf":{"@id":"https:\/\/www.revistarambla.com\/#website"},"primaryImageOfPage":{"@id":"https:\/\/www.revistarambla.com\/no-a-la-impunidad-del-genocidio\/#primaryimage"},"image":{"@id":"https:\/\/www.revistarambla.com\/no-a-la-impunidad-del-genocidio\/#primaryimage"},"thumbnailUrl":"https:\/\/www.revistarambla.com\/wp-content\/uploads\/2025\/02\/A-pesar-de-la-destruccion-la-poblacion-gazati-defiende-su-territorio-y-esta-dispuesta-a-seguir-viviendo-alli.-Fotos-Publicas.jpg","datePublished":"2025-11-26T17:36:44+00:00","breadcrumb":{"@id":"https:\/\/www.revistarambla.com\/no-a-la-impunidad-del-genocidio\/#breadcrumb"},"inLanguage":"en-GB","potentialAction":[{"@type":"ReadAction","target":["https:\/\/www.revistarambla.com\/no-a-la-impunidad-del-genocidio\/"]}]},{"@type":"ImageObject","inLanguage":"en-GB","@id":"https:\/\/www.revistarambla.com\/no-a-la-impunidad-del-genocidio\/#primaryimage","url":"https:\/\/www.revistarambla.com\/wp-content\/uploads\/2025\/02\/A-pesar-de-la-destruccion-la-poblacion-gazati-defiende-su-territorio-y-esta-dispuesta-a-seguir-viviendo-alli.-Fotos-Publicas.jpg","contentUrl":"https:\/\/www.revistarambla.com\/wp-content\/uploads\/2025\/02\/A-pesar-de-la-destruccion-la-poblacion-gazati-defiende-su-territorio-y-esta-dispuesta-a-seguir-viviendo-alli.-Fotos-Publicas.jpg","width":1024,"height":569,"caption":"impunidad del genocidio"},{"@type":"BreadcrumbList","@id":"https:\/\/www.revistarambla.com\/no-a-la-impunidad-del-genocidio\/#breadcrumb","itemListElement":[{"@type":"ListItem","position":1,"name":"Portada","item":"https:\/\/www.revistarambla.com\/"},{"@type":"ListItem","position":2,"name":"No a la impunidad del genocidio"}]},{"@type":"WebSite","@id":"https:\/\/www.revistarambla.com\/#website","url":"https:\/\/www.revistarambla.com\/","name":"Revista Rambla Barcelona","description":"Periodismo independiente","publisher":{"@id":"https:\/\/www.revistarambla.com\/#organization"},"potentialAction":[{"@type":"SearchAction","target":{"@type":"EntryPoint","urlTemplate":"https:\/\/www.revistarambla.com\/?s={search_term_string}"},"query-input":{"@type":"PropertyValueSpecification","valueRequired":true,"valueName":"search_term_string"}}],"inLanguage":"en-GB"},{"@type":"Organization","@id":"https:\/\/www.revistarambla.com\/#organization","name":"Revista Rambla","url":"https:\/\/www.revistarambla.com\/","logo":{"@type":"ImageObject","inLanguage":"en-GB","@id":"https:\/\/www.revistarambla.com\/#\/schema\/logo\/image\/","url":"https:\/\/www.revistarambla.com\/wp-content\/uploads\/2020\/09\/banner_rambla_1900x600_BB.png","contentUrl":"https:\/\/www.revistarambla.com\/wp-content\/uploads\/2020\/09\/banner_rambla_1900x600_BB.png","width":1900,"height":600,"caption":"Revista Rambla"},"image":{"@id":"https:\/\/www.revistarambla.com\/#\/schema\/logo\/image\/"},"sameAs":["https:\/\/www.facebook.com\/revistarambla\/","https:\/\/x.com\/revistarambla","https:\/\/www.instagram.com\/revista_rambla","https:\/\/es.linkedin.com\/company\/revista-rambla"]},{"@type":"Person","@id":"https:\/\/www.revistarambla.com\/#\/schema\/person\/2b19179a8ace334b829ad72cc6e6ce97","name":"Varios Autores"}]}},"_links":{"self":[{"href":"https:\/\/www.revistarambla.com\/en\/wp-json\/wp\/v2\/posts\/67293","targetHints":{"allow":["GET"]}}],"collection":[{"href":"https:\/\/www.revistarambla.com\/en\/wp-json\/wp\/v2\/posts"}],"about":[{"href":"https:\/\/www.revistarambla.com\/en\/wp-json\/wp\/v2\/types\/post"}],"author":[{"embeddable":true,"href":"https:\/\/www.revistarambla.com\/en\/wp-json\/wp\/v2\/users\/15"}],"replies":[{"embeddable":true,"href":"https:\/\/www.revistarambla.com\/en\/wp-json\/wp\/v2\/comments?post=67293"}],"version-history":[{"count":1,"href":"https:\/\/www.revistarambla.com\/en\/wp-json\/wp\/v2\/posts\/67293\/revisions"}],"predecessor-version":[{"id":67294,"href":"https:\/\/www.revistarambla.com\/en\/wp-json\/wp\/v2\/posts\/67293\/revisions\/67294"}],"wp:featuredmedia":[{"embeddable":true,"href":"https:\/\/www.revistarambla.com\/en\/wp-json\/wp\/v2\/media\/64396"}],"wp:attachment":[{"href":"https:\/\/www.revistarambla.com\/en\/wp-json\/wp\/v2\/media?parent=67293"}],"wp:term":[{"taxonomy":"category","embeddable":true,"href":"https:\/\/www.revistarambla.com\/en\/wp-json\/wp\/v2\/categories?post=67293"},{"taxonomy":"post_tag","embeddable":true,"href":"https:\/\/www.revistarambla.com\/en\/wp-json\/wp\/v2\/tags?post=67293"}],"curies":[{"name":"wp","href":"https:\/\/api.w.org\/{rel}","templated":true}]}}