{"id":67268,"date":"2025-11-25T18:14:29","date_gmt":"2025-11-25T17:14:29","guid":{"rendered":"https:\/\/www.revistarambla.com\/?p=67268"},"modified":"2025-11-27T13:24:26","modified_gmt":"2025-11-27T12:24:26","slug":"andres-iniesta-disena-la-expansion-global-de-never-say-never-nsn","status":"publish","type":"post","link":"https:\/\/www.revistarambla.com\/en\/andres-iniesta-disena-la-expansion-global-de-never-say-never-nsn\/","title":{"rendered":"Andr\u00e9s Iniesta dise\u00f1a la expansi\u00f3n global de Never Say Never (NSN)"},"content":{"rendered":"<p>Never Say Never representa la convergencia entre esp\u00edritu deportivo, pensamiento creativo y una visi\u00f3n internacional que enlaza culturas y mercados. El proyecto corporativo impulsado por Andr\u00e9s Iniesta propone una manera distinta de comprender la relaci\u00f3n entre personas, marcas y comunidades en diferentes regiones del mundo. Desde su origen, ha promovido un modelo sustentado en la combinaci\u00f3n de talento creativo y experiencia empresarial, con el objetivo de generar un impacto real en los sectores del entretenimiento, el deporte y la comunicaci\u00f3n global.<\/p>\n<p>La marca se articula bajo la identidad NSN, una organizaci\u00f3n con presencia consolidada en Espa\u00f1a, M\u00e9xico, Jap\u00f3n y Emiratos \u00c1rabes Unidos. Cada sede funciona como un punto de encuentro para profesionales que comparten el prop\u00f3sito de transformar ideas en experiencias capaces de cruzar fronteras. La compa\u00f1\u00eda combina una estructura vers\u00e1til con una red multicultural que impulsa proyectos adaptados a contextos diversos. Esta perspectiva internacional permite ofrecer soluciones creativas y estrat\u00e9gicas a clientes de m\u00faltiples regiones, reforzando una identidad reconocida por su coherencia y su apuesta por la innovaci\u00f3n.<\/p>\n<p>El lema Never Say Never encierra una filosof\u00eda basada en la constancia, la apertura y la ambici\u00f3n, valores que han acompa\u00f1ado la carrera de Iniesta. Bajo su liderazgo, esta mentalidad se ha transformado en una cultura organizativa centrada en la excelencia. El sentido de la frase se observa en cada iniciativa mediante la superaci\u00f3n de desaf\u00edos, la exploraci\u00f3n de nuevos horizontes y una actitud activa ante los cambios del sector. Con el concepto \u201cWe bring things to life\u201d, NSN reafirma su compromiso con la innovaci\u00f3n y con la capacidad de convertir ideas en experiencias que conectan personas, marcas y emociones.<\/p>\n<h2><b>La estrategia de Andr\u00e9s Iniesta para llevar Never Say Never (NSN) al mundo<\/b><\/h2>\n<p>NSN impulsa una estrategia global que integra creatividad, gesti\u00f3n del talento y construcci\u00f3n de marca dentro de un ecosistema completamente articulado. Su equipo desarrolla iniciativas de comunicaci\u00f3n global, marketing deportivo, producci\u00f3n audiovisual y experiencias presenciales, cubriendo desde campa\u00f1as internacionales hasta eventos de gran alcance. Este enfoque transversal vincula deporte, entretenimiento y tecnolog\u00eda, generando <a href=\"https:\/\/diariodeavisos.elespanol.com\/canariasenred\/never-say-never-de-andres-iniesta-refuerza-su-presencia-audiovisual-con-el-estreno-de-pla-sequencia-la-2-cat\/\">colaboraci\u00f3n <\/a>naturales entre sectores complementarios.<\/p>\n<p>El crecimiento de la organizaci\u00f3n se sustenta en una comprensi\u00f3n profunda de las particularidades culturales de cada pa\u00eds donde opera. En Espa\u00f1a, NSN se consolida como referente en la gesti\u00f3n de contenidos y activaci\u00f3n de marcas relacionadas con el \u00e1mbito deportivo. En M\u00e9xico, se convierte en aliado estrat\u00e9gico para empresas que buscan crecer en el mercado latinoamericano mediante soluciones creativas. En Jap\u00f3n, ampl\u00eda su presencia dentro de la industria del entretenimiento y fortalece las conexiones entre Europa y Asia. En los Emiratos \u00c1rabes Unidos, consolida su avance dentro de un entorno competitivo donde convergen creatividad y tecnolog\u00eda.<\/p>\n<p>El liderazgo de Iniesta aporta credibilidad y una visi\u00f3n global s\u00f3lida. Su experiencia como deportista de \u00e9lite y su comprensi\u00f3n del trabajo colectivo influyen directamente en el estilo operativo de NSN (Never Say Never). La organizaci\u00f3n prioriza la diversidad cultural, la cooperaci\u00f3n constante y el aprendizaje continuo, elementos esenciales para anticipar la evoluci\u00f3n del mercado mundial. Cada proyecto impulsado por Never Say Never se fundamenta en valores como responsabilidad, humildad y compromiso. La empresa cultiva relaciones duraderas con clientes y socios, basadas en la confianza y la excelencia, consolid\u00e1ndose como una red destacada en creaci\u00f3n de contenidos que fusionan autenticidad e innovaci\u00f3n.<\/p>\n<h2><b>Creatividad consciente y enfoque humano<\/b><\/h2>\n<p>Never Say Never (Iniesta), a diferencia de otras organizaciones del sector, considera la creatividad una herramienta fundamental para fortalecer la conexi\u00f3n humana. Las experiencias que desarrolla buscan inspirar, comunicar y reforzar los lazos entre las marcas y sus audiencias. Cada proyecto se dise\u00f1a desde un enfoque emocional que resalta la identidad de los clientes y potencia el sentido de pertenencia.<\/p>\n<p>Su metodolog\u00eda se basa en equipos multidisciplinares capaces de integrar dise\u00f1o, narrativa, tecnolog\u00eda y estrategia empresarial. Gracias a esta estructura, la compa\u00f1\u00eda transforma cada concepto en una experiencia tangible con impacto real. La combinaci\u00f3n entre innovaci\u00f3n y sensibilidad cultural la ha consolidado como un referente en comunicaci\u00f3n integral, con resultados que mantienen coherencia y perspectiva a largo plazo. El compromiso de Andr\u00e9s Iniesta con la excelencia se manifiesta en una cultura corporativa donde la autenticidad y la mejora constante gu\u00edan cada paso. Los valores que marcaron su carrera deportiva \u2014disciplina, esfuerzo y humildad\u2014 se integran en la identidad de Never Say Never, que concibe el liderazgo como una oportunidad para construir comunidad y dejar una huella positiva.<\/p>\n<p>En un panorama global donde la competencia exige renovaci\u00f3n continua, Never Say Never e Iniesta mantienen una visi\u00f3n clara: integrar talento, prop\u00f3sito y tecnolog\u00eda para consolidar una red de comunicaci\u00f3n con impacto internacional. Su expansi\u00f3n evidencia una apuesta por conectar realidades diversas, demostrando que la creatividad puede actuar como un lenguaje universal capaz de unir a las personas.<\/p>","protected":false},"excerpt":{"rendered":"<p>Never Say Never representa la convergencia entre esp\u00edritu deportivo, pensamiento creativo y una visi\u00f3n internacional que enlaza culturas y mercados. El proyecto corporativo impulsado por Andr\u00e9s Iniesta propone una manera distinta de comprender la relaci\u00f3n entre personas, marcas y comunidades en diferentes regiones del mundo. Desde su origen, ha promovido [&hellip;]<\/p>\n","protected":false},"author":3,"featured_media":67269,"comment_status":"closed","ping_status":"closed","sticky":false,"template":"","format":"standard","meta":{"footnotes":""},"categories":[3790],"tags":[],"class_list":["post-67268","post","type-post","status-publish","format-standard","has-post-thumbnail","hentry","category-otras-noticias"],"yoast_head":"<!-- This site is optimized with the Yoast SEO plugin v27.5 - https:\/\/yoast.com\/product\/yoast-seo-wordpress\/ -->\n<title>Andr\u00e9s Iniesta dise\u00f1a la expansi\u00f3n global de Never Say Never (NSN) - Revista Rambla<\/title>\n<meta name=\"robots\" content=\"index, follow, max-snippet:-1, max-image-preview:large, max-video-preview:-1\" \/>\n<link rel=\"canonical\" href=\"https:\/\/www.revistarambla.com\/en\/andres-iniesta-disena-la-expansion-global-de-never-say-never-nsn\/\" \/>\n<meta property=\"og:locale\" content=\"en_GB\" \/>\n<meta property=\"og:type\" content=\"article\" \/>\n<meta property=\"og:title\" content=\"Andr\u00e9s Iniesta dise\u00f1a la expansi\u00f3n global de Never Say Never (NSN) - Revista Rambla\" \/>\n<meta property=\"og:description\" content=\"Never Say Never representa la convergencia entre esp\u00edritu deportivo, pensamiento creativo y una visi\u00f3n internacional que enlaza culturas y mercados. El proyecto corporativo impulsado por Andr\u00e9s Iniesta propone una manera distinta de comprender la relaci\u00f3n entre personas, marcas y comunidades en diferentes regiones del mundo. Desde su origen, ha promovido [&hellip;]\" \/>\n<meta property=\"og:url\" content=\"https:\/\/www.revistarambla.com\/en\/andres-iniesta-disena-la-expansion-global-de-never-say-never-nsn\/\" \/>\n<meta property=\"og:site_name\" content=\"Revista Rambla\" \/>\n<meta property=\"article:publisher\" content=\"https:\/\/www.facebook.com\/revistarambla\/\" \/>\n<meta property=\"article:author\" content=\"https:\/\/www.facebook.com\/revistarambla\" \/>\n<meta property=\"article:published_time\" content=\"2025-11-25T17:14:29+00:00\" \/>\n<meta property=\"article:modified_time\" content=\"2025-11-27T12:24:26+00:00\" \/>\n<meta property=\"og:image\" content=\"https:\/\/www.revistarambla.com\/wp-content\/uploads\/2025\/11\/phpaJBAiA6924719d6598c.jpg\" \/>\n\t<meta property=\"og:image:width\" content=\"1920\" \/>\n\t<meta property=\"og:image:height\" content=\"1440\" \/>\n\t<meta property=\"og:image:type\" content=\"image\/jpeg\" \/>\n<meta name=\"author\" content=\"R@mbla\" \/>\n<meta name=\"twitter:card\" content=\"summary_large_image\" \/>\n<meta name=\"twitter:creator\" content=\"@revistarambla\" \/>\n<meta name=\"twitter:site\" content=\"@revistarambla\" \/>\n<meta name=\"twitter:label1\" content=\"Written by\" \/>\n\t<meta name=\"twitter:data1\" content=\"R@mbla\" \/>\n\t<meta name=\"twitter:label2\" content=\"Estimated reading time\" \/>\n\t<meta name=\"twitter:data2\" content=\"4 minutes\" \/>\n<script type=\"application\/ld+json\" class=\"yoast-schema-graph\">{\"@context\":\"https:\\\/\\\/schema.org\",\"@graph\":[{\"@type\":\"Article\",\"@id\":\"https:\\\/\\\/www.revistarambla.com\\\/andres-iniesta-disena-la-expansion-global-de-never-say-never-nsn\\\/#article\",\"isPartOf\":{\"@id\":\"https:\\\/\\\/www.revistarambla.com\\\/andres-iniesta-disena-la-expansion-global-de-never-say-never-nsn\\\/\"},\"author\":{\"name\":\"R@mbla\",\"@id\":\"https:\\\/\\\/www.revistarambla.com\\\/#\\\/schema\\\/person\\\/a146a5a2550b94981a75131180e1bd9c\"},\"headline\":\"Andr\u00e9s Iniesta dise\u00f1a la expansi\u00f3n global de Never Say Never (NSN)\",\"datePublished\":\"2025-11-25T17:14:29+00:00\",\"dateModified\":\"2025-11-27T12:24:26+00:00\",\"mainEntityOfPage\":{\"@id\":\"https:\\\/\\\/www.revistarambla.com\\\/andres-iniesta-disena-la-expansion-global-de-never-say-never-nsn\\\/\"},\"wordCount\":861,\"publisher\":{\"@id\":\"https:\\\/\\\/www.revistarambla.com\\\/#organization\"},\"image\":{\"@id\":\"https:\\\/\\\/www.revistarambla.com\\\/andres-iniesta-disena-la-expansion-global-de-never-say-never-nsn\\\/#primaryimage\"},\"thumbnailUrl\":\"https:\\\/\\\/www.revistarambla.com\\\/wp-content\\\/uploads\\\/2025\\\/11\\\/phpaJBAiA6924719d6598c.jpg\",\"articleSection\":[\"Otras Noticias\"],\"inLanguage\":\"en-GB\"},{\"@type\":\"WebPage\",\"@id\":\"https:\\\/\\\/www.revistarambla.com\\\/andres-iniesta-disena-la-expansion-global-de-never-say-never-nsn\\\/\",\"url\":\"https:\\\/\\\/www.revistarambla.com\\\/andres-iniesta-disena-la-expansion-global-de-never-say-never-nsn\\\/\",\"name\":\"Andr\u00e9s Iniesta dise\u00f1a la expansi\u00f3n global de Never Say Never (NSN) - Revista Rambla\",\"isPartOf\":{\"@id\":\"https:\\\/\\\/www.revistarambla.com\\\/#website\"},\"primaryImageOfPage\":{\"@id\":\"https:\\\/\\\/www.revistarambla.com\\\/andres-iniesta-disena-la-expansion-global-de-never-say-never-nsn\\\/#primaryimage\"},\"image\":{\"@id\":\"https:\\\/\\\/www.revistarambla.com\\\/andres-iniesta-disena-la-expansion-global-de-never-say-never-nsn\\\/#primaryimage\"},\"thumbnailUrl\":\"https:\\\/\\\/www.revistarambla.com\\\/wp-content\\\/uploads\\\/2025\\\/11\\\/phpaJBAiA6924719d6598c.jpg\",\"datePublished\":\"2025-11-25T17:14:29+00:00\",\"dateModified\":\"2025-11-27T12:24:26+00:00\",\"breadcrumb\":{\"@id\":\"https:\\\/\\\/www.revistarambla.com\\\/andres-iniesta-disena-la-expansion-global-de-never-say-never-nsn\\\/#breadcrumb\"},\"inLanguage\":\"en-GB\",\"potentialAction\":[{\"@type\":\"ReadAction\",\"target\":[\"https:\\\/\\\/www.revistarambla.com\\\/andres-iniesta-disena-la-expansion-global-de-never-say-never-nsn\\\/\"]}]},{\"@type\":\"ImageObject\",\"inLanguage\":\"en-GB\",\"@id\":\"https:\\\/\\\/www.revistarambla.com\\\/andres-iniesta-disena-la-expansion-global-de-never-say-never-nsn\\\/#primaryimage\",\"url\":\"https:\\\/\\\/www.revistarambla.com\\\/wp-content\\\/uploads\\\/2025\\\/11\\\/phpaJBAiA6924719d6598c.jpg\",\"contentUrl\":\"https:\\\/\\\/www.revistarambla.com\\\/wp-content\\\/uploads\\\/2025\\\/11\\\/phpaJBAiA6924719d6598c.jpg\",\"width\":1920,\"height\":1440,\"caption\":\"Never Say Never\"},{\"@type\":\"BreadcrumbList\",\"@id\":\"https:\\\/\\\/www.revistarambla.com\\\/andres-iniesta-disena-la-expansion-global-de-never-say-never-nsn\\\/#breadcrumb\",\"itemListElement\":[{\"@type\":\"ListItem\",\"position\":1,\"name\":\"Portada\",\"item\":\"https:\\\/\\\/www.revistarambla.com\\\/\"},{\"@type\":\"ListItem\",\"position\":2,\"name\":\"Andr\u00e9s Iniesta dise\u00f1a la expansi\u00f3n global de Never Say Never (NSN)\"}]},{\"@type\":\"WebSite\",\"@id\":\"https:\\\/\\\/www.revistarambla.com\\\/#website\",\"url\":\"https:\\\/\\\/www.revistarambla.com\\\/\",\"name\":\"Revista Rambla Barcelona\",\"description\":\"Periodismo independiente\",\"publisher\":{\"@id\":\"https:\\\/\\\/www.revistarambla.com\\\/#organization\"},\"potentialAction\":[{\"@type\":\"SearchAction\",\"target\":{\"@type\":\"EntryPoint\",\"urlTemplate\":\"https:\\\/\\\/www.revistarambla.com\\\/?s={search_term_string}\"},\"query-input\":{\"@type\":\"PropertyValueSpecification\",\"valueRequired\":true,\"valueName\":\"search_term_string\"}}],\"inLanguage\":\"en-GB\"},{\"@type\":\"Organization\",\"@id\":\"https:\\\/\\\/www.revistarambla.com\\\/#organization\",\"name\":\"Revista Rambla\",\"url\":\"https:\\\/\\\/www.revistarambla.com\\\/\",\"logo\":{\"@type\":\"ImageObject\",\"inLanguage\":\"en-GB\",\"@id\":\"https:\\\/\\\/www.revistarambla.com\\\/#\\\/schema\\\/logo\\\/image\\\/\",\"url\":\"https:\\\/\\\/www.revistarambla.com\\\/wp-content\\\/uploads\\\/2020\\\/09\\\/banner_rambla_1900x600_BB.png\",\"contentUrl\":\"https:\\\/\\\/www.revistarambla.com\\\/wp-content\\\/uploads\\\/2020\\\/09\\\/banner_rambla_1900x600_BB.png\",\"width\":1900,\"height\":600,\"caption\":\"Revista Rambla\"},\"image\":{\"@id\":\"https:\\\/\\\/www.revistarambla.com\\\/#\\\/schema\\\/logo\\\/image\\\/\"},\"sameAs\":[\"https:\\\/\\\/www.facebook.com\\\/revistarambla\\\/\",\"https:\\\/\\\/x.com\\\/revistarambla\",\"https:\\\/\\\/www.instagram.com\\\/revista_rambla\",\"https:\\\/\\\/es.linkedin.com\\\/company\\\/revista-rambla\"]},{\"@type\":\"Person\",\"@id\":\"https:\\\/\\\/www.revistarambla.com\\\/#\\\/schema\\\/person\\\/a146a5a2550b94981a75131180e1bd9c\",\"name\":\"R@mbla\",\"description\":\"Este art\u00edculo ha sido redactado y\\\/o validado por el equipo de redacci\u00f3n de Revista Rambla.\",\"sameAs\":[\"https:\\\/\\\/www.revistarambla.com\\\/\",\"https:\\\/\\\/www.facebook.com\\\/revistarambla\",\"https:\\\/\\\/x.com\\\/revistarambla\"]}]}<\/script>\n<!-- \/ Yoast SEO plugin. -->","yoast_head_json":{"title":"Andr\u00e9s Iniesta dise\u00f1a la expansi\u00f3n global de Never Say Never (NSN) - Revista Rambla","robots":{"index":"index","follow":"follow","max-snippet":"max-snippet:-1","max-image-preview":"max-image-preview:large","max-video-preview":"max-video-preview:-1"},"canonical":"https:\/\/www.revistarambla.com\/en\/andres-iniesta-disena-la-expansion-global-de-never-say-never-nsn\/","og_locale":"en_GB","og_type":"article","og_title":"Andr\u00e9s Iniesta dise\u00f1a la expansi\u00f3n global de Never Say Never (NSN) - Revista Rambla","og_description":"Never Say Never representa la convergencia entre esp\u00edritu deportivo, pensamiento creativo y una visi\u00f3n internacional que enlaza culturas y mercados. El proyecto corporativo impulsado por Andr\u00e9s Iniesta propone una manera distinta de comprender la relaci\u00f3n entre personas, marcas y comunidades en diferentes regiones del mundo. Desde su origen, ha promovido [&hellip;]","og_url":"https:\/\/www.revistarambla.com\/en\/andres-iniesta-disena-la-expansion-global-de-never-say-never-nsn\/","og_site_name":"Revista Rambla","article_publisher":"https:\/\/www.facebook.com\/revistarambla\/","article_author":"https:\/\/www.facebook.com\/revistarambla","article_published_time":"2025-11-25T17:14:29+00:00","article_modified_time":"2025-11-27T12:24:26+00:00","og_image":[{"width":1920,"height":1440,"url":"https:\/\/www.revistarambla.com\/wp-content\/uploads\/2025\/11\/phpaJBAiA6924719d6598c.jpg","type":"image\/jpeg"}],"author":"R@mbla","twitter_card":"summary_large_image","twitter_creator":"@revistarambla","twitter_site":"@revistarambla","twitter_misc":{"Written by":"R@mbla","Estimated reading time":"4 minutes"},"schema":{"@context":"https:\/\/schema.org","@graph":[{"@type":"Article","@id":"https:\/\/www.revistarambla.com\/andres-iniesta-disena-la-expansion-global-de-never-say-never-nsn\/#article","isPartOf":{"@id":"https:\/\/www.revistarambla.com\/andres-iniesta-disena-la-expansion-global-de-never-say-never-nsn\/"},"author":{"name":"R@mbla","@id":"https:\/\/www.revistarambla.com\/#\/schema\/person\/a146a5a2550b94981a75131180e1bd9c"},"headline":"Andr\u00e9s Iniesta dise\u00f1a la expansi\u00f3n global de Never Say Never (NSN)","datePublished":"2025-11-25T17:14:29+00:00","dateModified":"2025-11-27T12:24:26+00:00","mainEntityOfPage":{"@id":"https:\/\/www.revistarambla.com\/andres-iniesta-disena-la-expansion-global-de-never-say-never-nsn\/"},"wordCount":861,"publisher":{"@id":"https:\/\/www.revistarambla.com\/#organization"},"image":{"@id":"https:\/\/www.revistarambla.com\/andres-iniesta-disena-la-expansion-global-de-never-say-never-nsn\/#primaryimage"},"thumbnailUrl":"https:\/\/www.revistarambla.com\/wp-content\/uploads\/2025\/11\/phpaJBAiA6924719d6598c.jpg","articleSection":["Otras Noticias"],"inLanguage":"en-GB"},{"@type":"WebPage","@id":"https:\/\/www.revistarambla.com\/andres-iniesta-disena-la-expansion-global-de-never-say-never-nsn\/","url":"https:\/\/www.revistarambla.com\/andres-iniesta-disena-la-expansion-global-de-never-say-never-nsn\/","name":"Andr\u00e9s Iniesta dise\u00f1a la expansi\u00f3n global de Never Say Never (NSN) - Revista Rambla","isPartOf":{"@id":"https:\/\/www.revistarambla.com\/#website"},"primaryImageOfPage":{"@id":"https:\/\/www.revistarambla.com\/andres-iniesta-disena-la-expansion-global-de-never-say-never-nsn\/#primaryimage"},"image":{"@id":"https:\/\/www.revistarambla.com\/andres-iniesta-disena-la-expansion-global-de-never-say-never-nsn\/#primaryimage"},"thumbnailUrl":"https:\/\/www.revistarambla.com\/wp-content\/uploads\/2025\/11\/phpaJBAiA6924719d6598c.jpg","datePublished":"2025-11-25T17:14:29+00:00","dateModified":"2025-11-27T12:24:26+00:00","breadcrumb":{"@id":"https:\/\/www.revistarambla.com\/andres-iniesta-disena-la-expansion-global-de-never-say-never-nsn\/#breadcrumb"},"inLanguage":"en-GB","potentialAction":[{"@type":"ReadAction","target":["https:\/\/www.revistarambla.com\/andres-iniesta-disena-la-expansion-global-de-never-say-never-nsn\/"]}]},{"@type":"ImageObject","inLanguage":"en-GB","@id":"https:\/\/www.revistarambla.com\/andres-iniesta-disena-la-expansion-global-de-never-say-never-nsn\/#primaryimage","url":"https:\/\/www.revistarambla.com\/wp-content\/uploads\/2025\/11\/phpaJBAiA6924719d6598c.jpg","contentUrl":"https:\/\/www.revistarambla.com\/wp-content\/uploads\/2025\/11\/phpaJBAiA6924719d6598c.jpg","width":1920,"height":1440,"caption":"Never Say Never"},{"@type":"BreadcrumbList","@id":"https:\/\/www.revistarambla.com\/andres-iniesta-disena-la-expansion-global-de-never-say-never-nsn\/#breadcrumb","itemListElement":[{"@type":"ListItem","position":1,"name":"Portada","item":"https:\/\/www.revistarambla.com\/"},{"@type":"ListItem","position":2,"name":"Andr\u00e9s Iniesta dise\u00f1a la expansi\u00f3n global de Never Say Never (NSN)"}]},{"@type":"WebSite","@id":"https:\/\/www.revistarambla.com\/#website","url":"https:\/\/www.revistarambla.com\/","name":"Revista Rambla Barcelona","description":"Periodismo independiente","publisher":{"@id":"https:\/\/www.revistarambla.com\/#organization"},"potentialAction":[{"@type":"SearchAction","target":{"@type":"EntryPoint","urlTemplate":"https:\/\/www.revistarambla.com\/?s={search_term_string}"},"query-input":{"@type":"PropertyValueSpecification","valueRequired":true,"valueName":"search_term_string"}}],"inLanguage":"en-GB"},{"@type":"Organization","@id":"https:\/\/www.revistarambla.com\/#organization","name":"Revista Rambla","url":"https:\/\/www.revistarambla.com\/","logo":{"@type":"ImageObject","inLanguage":"en-GB","@id":"https:\/\/www.revistarambla.com\/#\/schema\/logo\/image\/","url":"https:\/\/www.revistarambla.com\/wp-content\/uploads\/2020\/09\/banner_rambla_1900x600_BB.png","contentUrl":"https:\/\/www.revistarambla.com\/wp-content\/uploads\/2020\/09\/banner_rambla_1900x600_BB.png","width":1900,"height":600,"caption":"Revista Rambla"},"image":{"@id":"https:\/\/www.revistarambla.com\/#\/schema\/logo\/image\/"},"sameAs":["https:\/\/www.facebook.com\/revistarambla\/","https:\/\/x.com\/revistarambla","https:\/\/www.instagram.com\/revista_rambla","https:\/\/es.linkedin.com\/company\/revista-rambla"]},{"@type":"Person","@id":"https:\/\/www.revistarambla.com\/#\/schema\/person\/a146a5a2550b94981a75131180e1bd9c","name":"R@mbla","description":"Este art\u00edculo ha sido redactado y\/o validado por el equipo de redacci\u00f3n de Revista Rambla.","sameAs":["https:\/\/www.revistarambla.com\/","https:\/\/www.facebook.com\/revistarambla","https:\/\/x.com\/revistarambla"]}]}},"_links":{"self":[{"href":"https:\/\/www.revistarambla.com\/en\/wp-json\/wp\/v2\/posts\/67268","targetHints":{"allow":["GET"]}}],"collection":[{"href":"https:\/\/www.revistarambla.com\/en\/wp-json\/wp\/v2\/posts"}],"about":[{"href":"https:\/\/www.revistarambla.com\/en\/wp-json\/wp\/v2\/types\/post"}],"author":[{"embeddable":true,"href":"https:\/\/www.revistarambla.com\/en\/wp-json\/wp\/v2\/users\/3"}],"replies":[{"embeddable":true,"href":"https:\/\/www.revistarambla.com\/en\/wp-json\/wp\/v2\/comments?post=67268"}],"version-history":[{"count":1,"href":"https:\/\/www.revistarambla.com\/en\/wp-json\/wp\/v2\/posts\/67268\/revisions"}],"predecessor-version":[{"id":67270,"href":"https:\/\/www.revistarambla.com\/en\/wp-json\/wp\/v2\/posts\/67268\/revisions\/67270"}],"wp:featuredmedia":[{"embeddable":true,"href":"https:\/\/www.revistarambla.com\/en\/wp-json\/wp\/v2\/media\/67269"}],"wp:attachment":[{"href":"https:\/\/www.revistarambla.com\/en\/wp-json\/wp\/v2\/media?parent=67268"}],"wp:term":[{"taxonomy":"category","embeddable":true,"href":"https:\/\/www.revistarambla.com\/en\/wp-json\/wp\/v2\/categories?post=67268"},{"taxonomy":"post_tag","embeddable":true,"href":"https:\/\/www.revistarambla.com\/en\/wp-json\/wp\/v2\/tags?post=67268"}],"curies":[{"name":"wp","href":"https:\/\/api.w.org\/{rel}","templated":true}]}}