{"id":67249,"date":"2025-11-20T12:14:43","date_gmt":"2025-11-20T11:14:43","guid":{"rendered":"https:\/\/www.revistarambla.com\/?p=67249"},"modified":"2025-11-20T12:14:43","modified_gmt":"2025-11-20T11:14:43","slug":"renting-alquiler-y-nuevos-habitos-urbanos-la-movilidad-que-zaragoza-ya-esta-viviendo","status":"publish","type":"post","link":"https:\/\/www.revistarambla.com\/en\/renting-alquiler-y-nuevos-habitos-urbanos-la-movilidad-que-zaragoza-ya-esta-viviendo\/","title":{"rendered":"Renting, alquiler y nuevos h\u00e1bitos urbanos: la movilidad que Zaragoza ya est\u00e1 viviendo"},"content":{"rendered":"<p>El mapa de la movilidad urbana ya no se parece al de hace apenas unos a\u00f1os. Propiedad, alquiler, suscripciones\u2026 El abanico de opciones se ha multiplicado y, con \u00e9l, la posibilidad de<b> elegir la f\u00f3rmula que mejor encaje en cada momento de la vida<\/b>. En ciudades como Zaragoza, donde la actividad log\u00edstica convive con un ritmo ciudadano cada vez m\u00e1s din\u00e1mico, hay empresas que han entendido esta transformaci\u00f3n y est\u00e1n impulsando un modelo m\u00e1s flexible y accesible para todos.<\/p>\n<p>Una de las claves de este cambio est\u00e1 en el <a href=\"https:\/\/alquilerdecochesalcocars.es\/renting-flexible\">renting de coches en zaragoza<\/a>, una soluci\u00f3n que ha dejado de ser territorio exclusivo de grandes empresas para <b>abrirse a aut\u00f3nomos, familias y particulares que buscan un veh\u00edculo sin las obligaciones de tener uno en propiedad<\/b>. No hablamos de un alquiler puntual, sino de un servicio que permite disponer de coche durante uno, dos o hasta cuatro a\u00f1os con una cuota fija y sin incertidumbres.<\/p>\n<h2><b>Renting o alquiler: conceptos distintos para necesidades distintas<\/b><\/h2>\n<p>Aunque ambos t\u00e9rminos a veces se confunden, renting y alquiler no son lo mismo. El renting funciona como un <b>servicio de movilidad a medio y largo plazo<\/b>, dise\u00f1ado para quienes necesitan estabilidad sin atarse a un veh\u00edculo que, inevitablemente, se deprecia. Incluye mantenimiento, asistencia y seguro, lo que reduce los imprevistos a pr\u00e1cticamente cero.<\/p>\n<p>El alquiler tradicional, en cambio, responde a situaciones puntuales: un viaje, una sustituci\u00f3n temporal del coche particular, una aver\u00eda o un desplazamiento urgente. Muchas personas recurren al <a href=\"https:\/\/alquilerdecochesalcocars.es\/flota\/categoria\/turismos\">alquiler de coches en zaragoza<\/a> <b>cuando necesitan un turismo por unos d\u00edas, sin complicaciones y con la agilidad que exige un calendario ajustado.<\/b> Ambas f\u00f3rmulas coexisten porque atienden necesidades diferentes.<\/p>\n<h3><b>\u00bfPor qu\u00e9 el renting gana terreno?<\/b><\/h3>\n<p>La tendencia no es casual. El renting est\u00e1 multiplicando su presencia por varias razones que conectan directamente con las necesidades actuales:<\/p>\n<ol>\n<li><b> Costes predecibles, cero imprevistos.<\/b><\/li>\n<\/ol>\n<p>La cuota mensual incluye todo: mantenimiento, revisiones, seguro, asistencia. Es una forma de tener control total sobre el gasto, algo particularmente apreciado en un contexto de precios vol\u00e1tiles.<\/p>\n<ol start=\"2\">\n<li><b> Renovaci\u00f3n peri\u00f3dica del veh\u00edculo.<\/b><\/li>\n<\/ol>\n<p>En lugar de quedarse atrapado en un coche que envejece y pierde valor, el renting permite estrenar veh\u00edculo cada pocos a\u00f1os. Para quienes buscan eficiencia, consumo ajustado y seguridad, esto es determinante.<\/p>\n<ol start=\"3\">\n<li><b> Libertad administrativa.<\/b><\/li>\n<\/ol>\n<p>El usuario se despreocupa de tr\u00e1mites, seguros, gestiones y papeleos. La empresa se encarga de todo, y ese tiempo recuperado es, para muchos, uno de los mayores beneficios.<\/p>\n<ol start=\"4\">\n<li><b> Adaptaci\u00f3n total.<\/b><\/li>\n<\/ol>\n<p>Con el renting flexible, el veh\u00edculo acompa\u00f1a los cambios, no al rev\u00e9s. Y esa idea encaja con la vida real, que dif\u00edcilmente sigue un guion fijo.<\/p>\n<h2><b>Una flota con sentido: del turismo a la autocaravana<\/b><\/h2>\n<p>La diversificaci\u00f3n tambi\u00e9n ha sido clave. La movilidad no se resuelve con un \u00fanico tipo de veh\u00edculo, sino con una oferta que se adapta a lo que cada persona necesita en cada momento. Para quienes buscan un coche pr\u00e1ctico, eficiente y listo para usar, las compa\u00f1\u00edas ofrecen opciones de<b> alquiler de turismos pensados tanto para moverse por la ciudad como para viajes m\u00e1s largos<\/b>. Pero no todo se queda ah\u00ed. El auge del turismo itinerante ha revitalizado un sector que parec\u00eda reservado solo a aficionados muy concretos. Hoy, cada vez m\u00e1s familias y grupos de amigos optan por el <a href=\"https:\/\/alquilerdecochesalcocars.es\/flota\/categoria\/autocaravanas\">alquiler de autocaravanas en zaragoza<\/a> para desconectar unos d\u00edas, explorar rutas naturales o improvisar un viaje sin la presi\u00f3n del reloj.<\/p>\n<p>Y, por supuesto, la movilidad profesional tambi\u00e9n reclama su espacio. Las empresas de mudanza, comercios locales o proyectos de obra necesitan soluciones que respondan a demandas de carga, no de pasajeros. Por eso, el <a href=\"https:\/\/alquilerdecochesalcocars.es\/flota\/categoria\/furgonetas-de-carga\">alquiler de furgonetas de carga en zaragoza<\/a> <b>se ha convertido en un recurso imprescindible<\/b>. Esta variedad permite que una misma empresa d\u00e9 respuesta tanto a quien solo necesita un coche peque\u00f1o para un fin de semana como a quien requiere un veh\u00edculo robusto para transportar mercanc\u00eda.<\/p>\n<h2><b>La movilidad como servicio, no como posesi\u00f3n<\/b><\/h2>\n<p>La movilidad est\u00e1 dejando de definirse por la propiedad. Hoy la prioridad es disponer de un veh\u00edculo cuando lo necesitas, cambiarlo cuando algo no encaja y prescindir de \u00e9l cuando ya no aporta valor. Zaragoza, con su mezcla de industria, transporte, turismo y ritmo urbano, es terreno f\u00e9rtil para este enfoque. El renting, as\u00ed como el alquiler bien estructurado, no solo ofrece veh\u00edculos.<b> Ofrece tranquilidad, flexibilidad y un modo de moverse m\u00e1s alineado con el presente. <\/b>Una forma de entender el transporte que, m\u00e1s que una moda, parece una evoluci\u00f3n natural de c\u00f3mo vivimos.<\/p>","protected":false},"excerpt":{"rendered":"<p>El mapa de la movilidad urbana ya no se parece al de hace apenas unos a\u00f1os. Propiedad, alquiler, suscripciones\u2026 El abanico de opciones se ha multiplicado y, con \u00e9l, la posibilidad de elegir la f\u00f3rmula que mejor encaje en cada momento de la vida. En ciudades como Zaragoza, donde la [&hellip;]<\/p>\n","protected":false},"author":3,"featured_media":67250,"comment_status":"closed","ping_status":"closed","sticky":false,"template":"","format":"standard","meta":{"footnotes":""},"categories":[3790],"tags":[],"class_list":["post-67249","post","type-post","status-publish","format-standard","has-post-thumbnail","hentry","category-otras-noticias"],"yoast_head":"<!-- This site is optimized with the Yoast SEO plugin v27.5 - https:\/\/yoast.com\/product\/yoast-seo-wordpress\/ -->\n<title>Renting, alquiler y nuevos h\u00e1bitos urbanos: la movilidad que Zaragoza ya est\u00e1 viviendo - Revista Rambla<\/title>\n<meta name=\"robots\" content=\"index, follow, max-snippet:-1, max-image-preview:large, max-video-preview:-1\" \/>\n<link rel=\"canonical\" href=\"https:\/\/www.revistarambla.com\/en\/renting-alquiler-y-nuevos-habitos-urbanos-la-movilidad-que-zaragoza-ya-esta-viviendo\/\" \/>\n<meta property=\"og:locale\" content=\"en_GB\" \/>\n<meta property=\"og:type\" content=\"article\" \/>\n<meta property=\"og:title\" content=\"Renting, alquiler y nuevos h\u00e1bitos urbanos: la movilidad que Zaragoza ya est\u00e1 viviendo - Revista Rambla\" \/>\n<meta property=\"og:description\" content=\"El mapa de la movilidad urbana ya no se parece al de hace apenas unos a\u00f1os. Propiedad, alquiler, suscripciones\u2026 El abanico de opciones se ha multiplicado y, con \u00e9l, la posibilidad de elegir la f\u00f3rmula que mejor encaje en cada momento de la vida. En ciudades como Zaragoza, donde la [&hellip;]\" \/>\n<meta property=\"og:url\" content=\"https:\/\/www.revistarambla.com\/en\/renting-alquiler-y-nuevos-habitos-urbanos-la-movilidad-que-zaragoza-ya-esta-viviendo\/\" \/>\n<meta property=\"og:site_name\" content=\"Revista Rambla\" \/>\n<meta property=\"article:publisher\" content=\"https:\/\/www.facebook.com\/revistarambla\/\" \/>\n<meta property=\"article:author\" content=\"https:\/\/www.facebook.com\/revistarambla\" \/>\n<meta property=\"article:published_time\" content=\"2025-11-20T11:14:43+00:00\" \/>\n<meta property=\"og:image\" content=\"https:\/\/www.revistarambla.com\/wp-content\/uploads\/2025\/11\/img_04.jpg\" \/>\n\t<meta property=\"og:image:width\" content=\"1500\" \/>\n\t<meta property=\"og:image:height\" content=\"1001\" \/>\n\t<meta property=\"og:image:type\" content=\"image\/jpeg\" \/>\n<meta name=\"author\" content=\"R@mbla\" \/>\n<meta name=\"twitter:card\" content=\"summary_large_image\" \/>\n<meta name=\"twitter:creator\" content=\"@revistarambla\" \/>\n<meta name=\"twitter:site\" content=\"@revistarambla\" \/>\n<meta name=\"twitter:label1\" content=\"Written by\" \/>\n\t<meta name=\"twitter:data1\" content=\"R@mbla\" \/>\n\t<meta name=\"twitter:label2\" content=\"Estimated reading time\" \/>\n\t<meta name=\"twitter:data2\" content=\"4 minutes\" \/>\n<script type=\"application\/ld+json\" class=\"yoast-schema-graph\">{\"@context\":\"https:\\\/\\\/schema.org\",\"@graph\":[{\"@type\":\"Article\",\"@id\":\"https:\\\/\\\/www.revistarambla.com\\\/renting-alquiler-y-nuevos-habitos-urbanos-la-movilidad-que-zaragoza-ya-esta-viviendo\\\/#article\",\"isPartOf\":{\"@id\":\"https:\\\/\\\/www.revistarambla.com\\\/renting-alquiler-y-nuevos-habitos-urbanos-la-movilidad-que-zaragoza-ya-esta-viviendo\\\/\"},\"author\":{\"name\":\"R@mbla\",\"@id\":\"https:\\\/\\\/www.revistarambla.com\\\/#\\\/schema\\\/person\\\/a146a5a2550b94981a75131180e1bd9c\"},\"headline\":\"Renting, alquiler y nuevos h\u00e1bitos urbanos: la movilidad que Zaragoza ya est\u00e1 viviendo\",\"datePublished\":\"2025-11-20T11:14:43+00:00\",\"mainEntityOfPage\":{\"@id\":\"https:\\\/\\\/www.revistarambla.com\\\/renting-alquiler-y-nuevos-habitos-urbanos-la-movilidad-que-zaragoza-ya-esta-viviendo\\\/\"},\"wordCount\":804,\"publisher\":{\"@id\":\"https:\\\/\\\/www.revistarambla.com\\\/#organization\"},\"image\":{\"@id\":\"https:\\\/\\\/www.revistarambla.com\\\/renting-alquiler-y-nuevos-habitos-urbanos-la-movilidad-que-zaragoza-ya-esta-viviendo\\\/#primaryimage\"},\"thumbnailUrl\":\"https:\\\/\\\/www.revistarambla.com\\\/wp-content\\\/uploads\\\/2025\\\/11\\\/img_04.jpg\",\"articleSection\":[\"Otras Noticias\"],\"inLanguage\":\"en-GB\"},{\"@type\":\"WebPage\",\"@id\":\"https:\\\/\\\/www.revistarambla.com\\\/renting-alquiler-y-nuevos-habitos-urbanos-la-movilidad-que-zaragoza-ya-esta-viviendo\\\/\",\"url\":\"https:\\\/\\\/www.revistarambla.com\\\/renting-alquiler-y-nuevos-habitos-urbanos-la-movilidad-que-zaragoza-ya-esta-viviendo\\\/\",\"name\":\"Renting, alquiler y nuevos h\u00e1bitos urbanos: la movilidad que Zaragoza ya est\u00e1 viviendo - Revista Rambla\",\"isPartOf\":{\"@id\":\"https:\\\/\\\/www.revistarambla.com\\\/#website\"},\"primaryImageOfPage\":{\"@id\":\"https:\\\/\\\/www.revistarambla.com\\\/renting-alquiler-y-nuevos-habitos-urbanos-la-movilidad-que-zaragoza-ya-esta-viviendo\\\/#primaryimage\"},\"image\":{\"@id\":\"https:\\\/\\\/www.revistarambla.com\\\/renting-alquiler-y-nuevos-habitos-urbanos-la-movilidad-que-zaragoza-ya-esta-viviendo\\\/#primaryimage\"},\"thumbnailUrl\":\"https:\\\/\\\/www.revistarambla.com\\\/wp-content\\\/uploads\\\/2025\\\/11\\\/img_04.jpg\",\"datePublished\":\"2025-11-20T11:14:43+00:00\",\"breadcrumb\":{\"@id\":\"https:\\\/\\\/www.revistarambla.com\\\/renting-alquiler-y-nuevos-habitos-urbanos-la-movilidad-que-zaragoza-ya-esta-viviendo\\\/#breadcrumb\"},\"inLanguage\":\"en-GB\",\"potentialAction\":[{\"@type\":\"ReadAction\",\"target\":[\"https:\\\/\\\/www.revistarambla.com\\\/renting-alquiler-y-nuevos-habitos-urbanos-la-movilidad-que-zaragoza-ya-esta-viviendo\\\/\"]}]},{\"@type\":\"ImageObject\",\"inLanguage\":\"en-GB\",\"@id\":\"https:\\\/\\\/www.revistarambla.com\\\/renting-alquiler-y-nuevos-habitos-urbanos-la-movilidad-que-zaragoza-ya-esta-viviendo\\\/#primaryimage\",\"url\":\"https:\\\/\\\/www.revistarambla.com\\\/wp-content\\\/uploads\\\/2025\\\/11\\\/img_04.jpg\",\"contentUrl\":\"https:\\\/\\\/www.revistarambla.com\\\/wp-content\\\/uploads\\\/2025\\\/11\\\/img_04.jpg\",\"width\":1500,\"height\":1001,\"caption\":\"Renting\"},{\"@type\":\"BreadcrumbList\",\"@id\":\"https:\\\/\\\/www.revistarambla.com\\\/renting-alquiler-y-nuevos-habitos-urbanos-la-movilidad-que-zaragoza-ya-esta-viviendo\\\/#breadcrumb\",\"itemListElement\":[{\"@type\":\"ListItem\",\"position\":1,\"name\":\"Portada\",\"item\":\"https:\\\/\\\/www.revistarambla.com\\\/\"},{\"@type\":\"ListItem\",\"position\":2,\"name\":\"Renting, alquiler y nuevos h\u00e1bitos urbanos: la movilidad que Zaragoza ya est\u00e1 viviendo\"}]},{\"@type\":\"WebSite\",\"@id\":\"https:\\\/\\\/www.revistarambla.com\\\/#website\",\"url\":\"https:\\\/\\\/www.revistarambla.com\\\/\",\"name\":\"Revista Rambla Barcelona\",\"description\":\"Periodismo independiente\",\"publisher\":{\"@id\":\"https:\\\/\\\/www.revistarambla.com\\\/#organization\"},\"potentialAction\":[{\"@type\":\"SearchAction\",\"target\":{\"@type\":\"EntryPoint\",\"urlTemplate\":\"https:\\\/\\\/www.revistarambla.com\\\/?s={search_term_string}\"},\"query-input\":{\"@type\":\"PropertyValueSpecification\",\"valueRequired\":true,\"valueName\":\"search_term_string\"}}],\"inLanguage\":\"en-GB\"},{\"@type\":\"Organization\",\"@id\":\"https:\\\/\\\/www.revistarambla.com\\\/#organization\",\"name\":\"Revista Rambla\",\"url\":\"https:\\\/\\\/www.revistarambla.com\\\/\",\"logo\":{\"@type\":\"ImageObject\",\"inLanguage\":\"en-GB\",\"@id\":\"https:\\\/\\\/www.revistarambla.com\\\/#\\\/schema\\\/logo\\\/image\\\/\",\"url\":\"https:\\\/\\\/www.revistarambla.com\\\/wp-content\\\/uploads\\\/2020\\\/09\\\/banner_rambla_1900x600_BB.png\",\"contentUrl\":\"https:\\\/\\\/www.revistarambla.com\\\/wp-content\\\/uploads\\\/2020\\\/09\\\/banner_rambla_1900x600_BB.png\",\"width\":1900,\"height\":600,\"caption\":\"Revista Rambla\"},\"image\":{\"@id\":\"https:\\\/\\\/www.revistarambla.com\\\/#\\\/schema\\\/logo\\\/image\\\/\"},\"sameAs\":[\"https:\\\/\\\/www.facebook.com\\\/revistarambla\\\/\",\"https:\\\/\\\/x.com\\\/revistarambla\",\"https:\\\/\\\/www.instagram.com\\\/revista_rambla\",\"https:\\\/\\\/es.linkedin.com\\\/company\\\/revista-rambla\"]},{\"@type\":\"Person\",\"@id\":\"https:\\\/\\\/www.revistarambla.com\\\/#\\\/schema\\\/person\\\/a146a5a2550b94981a75131180e1bd9c\",\"name\":\"R@mbla\",\"description\":\"Este art\u00edculo ha sido redactado y\\\/o validado por el equipo de redacci\u00f3n de Revista Rambla.\",\"sameAs\":[\"https:\\\/\\\/www.revistarambla.com\\\/\",\"https:\\\/\\\/www.facebook.com\\\/revistarambla\",\"https:\\\/\\\/x.com\\\/revistarambla\"]}]}<\/script>\n<!-- \/ Yoast SEO plugin. -->","yoast_head_json":{"title":"Renting, alquiler y nuevos h\u00e1bitos urbanos: la movilidad que Zaragoza ya est\u00e1 viviendo - Revista Rambla","robots":{"index":"index","follow":"follow","max-snippet":"max-snippet:-1","max-image-preview":"max-image-preview:large","max-video-preview":"max-video-preview:-1"},"canonical":"https:\/\/www.revistarambla.com\/en\/renting-alquiler-y-nuevos-habitos-urbanos-la-movilidad-que-zaragoza-ya-esta-viviendo\/","og_locale":"en_GB","og_type":"article","og_title":"Renting, alquiler y nuevos h\u00e1bitos urbanos: la movilidad que Zaragoza ya est\u00e1 viviendo - Revista Rambla","og_description":"El mapa de la movilidad urbana ya no se parece al de hace apenas unos a\u00f1os. Propiedad, alquiler, suscripciones\u2026 El abanico de opciones se ha multiplicado y, con \u00e9l, la posibilidad de elegir la f\u00f3rmula que mejor encaje en cada momento de la vida. En ciudades como Zaragoza, donde la [&hellip;]","og_url":"https:\/\/www.revistarambla.com\/en\/renting-alquiler-y-nuevos-habitos-urbanos-la-movilidad-que-zaragoza-ya-esta-viviendo\/","og_site_name":"Revista Rambla","article_publisher":"https:\/\/www.facebook.com\/revistarambla\/","article_author":"https:\/\/www.facebook.com\/revistarambla","article_published_time":"2025-11-20T11:14:43+00:00","og_image":[{"width":1500,"height":1001,"url":"https:\/\/www.revistarambla.com\/wp-content\/uploads\/2025\/11\/img_04.jpg","type":"image\/jpeg"}],"author":"R@mbla","twitter_card":"summary_large_image","twitter_creator":"@revistarambla","twitter_site":"@revistarambla","twitter_misc":{"Written by":"R@mbla","Estimated reading time":"4 minutes"},"schema":{"@context":"https:\/\/schema.org","@graph":[{"@type":"Article","@id":"https:\/\/www.revistarambla.com\/renting-alquiler-y-nuevos-habitos-urbanos-la-movilidad-que-zaragoza-ya-esta-viviendo\/#article","isPartOf":{"@id":"https:\/\/www.revistarambla.com\/renting-alquiler-y-nuevos-habitos-urbanos-la-movilidad-que-zaragoza-ya-esta-viviendo\/"},"author":{"name":"R@mbla","@id":"https:\/\/www.revistarambla.com\/#\/schema\/person\/a146a5a2550b94981a75131180e1bd9c"},"headline":"Renting, alquiler y nuevos h\u00e1bitos urbanos: la movilidad que Zaragoza ya est\u00e1 viviendo","datePublished":"2025-11-20T11:14:43+00:00","mainEntityOfPage":{"@id":"https:\/\/www.revistarambla.com\/renting-alquiler-y-nuevos-habitos-urbanos-la-movilidad-que-zaragoza-ya-esta-viviendo\/"},"wordCount":804,"publisher":{"@id":"https:\/\/www.revistarambla.com\/#organization"},"image":{"@id":"https:\/\/www.revistarambla.com\/renting-alquiler-y-nuevos-habitos-urbanos-la-movilidad-que-zaragoza-ya-esta-viviendo\/#primaryimage"},"thumbnailUrl":"https:\/\/www.revistarambla.com\/wp-content\/uploads\/2025\/11\/img_04.jpg","articleSection":["Otras Noticias"],"inLanguage":"en-GB"},{"@type":"WebPage","@id":"https:\/\/www.revistarambla.com\/renting-alquiler-y-nuevos-habitos-urbanos-la-movilidad-que-zaragoza-ya-esta-viviendo\/","url":"https:\/\/www.revistarambla.com\/renting-alquiler-y-nuevos-habitos-urbanos-la-movilidad-que-zaragoza-ya-esta-viviendo\/","name":"Renting, alquiler y nuevos h\u00e1bitos urbanos: la movilidad que Zaragoza ya est\u00e1 viviendo - Revista Rambla","isPartOf":{"@id":"https:\/\/www.revistarambla.com\/#website"},"primaryImageOfPage":{"@id":"https:\/\/www.revistarambla.com\/renting-alquiler-y-nuevos-habitos-urbanos-la-movilidad-que-zaragoza-ya-esta-viviendo\/#primaryimage"},"image":{"@id":"https:\/\/www.revistarambla.com\/renting-alquiler-y-nuevos-habitos-urbanos-la-movilidad-que-zaragoza-ya-esta-viviendo\/#primaryimage"},"thumbnailUrl":"https:\/\/www.revistarambla.com\/wp-content\/uploads\/2025\/11\/img_04.jpg","datePublished":"2025-11-20T11:14:43+00:00","breadcrumb":{"@id":"https:\/\/www.revistarambla.com\/renting-alquiler-y-nuevos-habitos-urbanos-la-movilidad-que-zaragoza-ya-esta-viviendo\/#breadcrumb"},"inLanguage":"en-GB","potentialAction":[{"@type":"ReadAction","target":["https:\/\/www.revistarambla.com\/renting-alquiler-y-nuevos-habitos-urbanos-la-movilidad-que-zaragoza-ya-esta-viviendo\/"]}]},{"@type":"ImageObject","inLanguage":"en-GB","@id":"https:\/\/www.revistarambla.com\/renting-alquiler-y-nuevos-habitos-urbanos-la-movilidad-que-zaragoza-ya-esta-viviendo\/#primaryimage","url":"https:\/\/www.revistarambla.com\/wp-content\/uploads\/2025\/11\/img_04.jpg","contentUrl":"https:\/\/www.revistarambla.com\/wp-content\/uploads\/2025\/11\/img_04.jpg","width":1500,"height":1001,"caption":"Renting"},{"@type":"BreadcrumbList","@id":"https:\/\/www.revistarambla.com\/renting-alquiler-y-nuevos-habitos-urbanos-la-movilidad-que-zaragoza-ya-esta-viviendo\/#breadcrumb","itemListElement":[{"@type":"ListItem","position":1,"name":"Portada","item":"https:\/\/www.revistarambla.com\/"},{"@type":"ListItem","position":2,"name":"Renting, alquiler y nuevos h\u00e1bitos urbanos: la movilidad que Zaragoza ya est\u00e1 viviendo"}]},{"@type":"WebSite","@id":"https:\/\/www.revistarambla.com\/#website","url":"https:\/\/www.revistarambla.com\/","name":"Revista Rambla Barcelona","description":"Periodismo independiente","publisher":{"@id":"https:\/\/www.revistarambla.com\/#organization"},"potentialAction":[{"@type":"SearchAction","target":{"@type":"EntryPoint","urlTemplate":"https:\/\/www.revistarambla.com\/?s={search_term_string}"},"query-input":{"@type":"PropertyValueSpecification","valueRequired":true,"valueName":"search_term_string"}}],"inLanguage":"en-GB"},{"@type":"Organization","@id":"https:\/\/www.revistarambla.com\/#organization","name":"Revista Rambla","url":"https:\/\/www.revistarambla.com\/","logo":{"@type":"ImageObject","inLanguage":"en-GB","@id":"https:\/\/www.revistarambla.com\/#\/schema\/logo\/image\/","url":"https:\/\/www.revistarambla.com\/wp-content\/uploads\/2020\/09\/banner_rambla_1900x600_BB.png","contentUrl":"https:\/\/www.revistarambla.com\/wp-content\/uploads\/2020\/09\/banner_rambla_1900x600_BB.png","width":1900,"height":600,"caption":"Revista Rambla"},"image":{"@id":"https:\/\/www.revistarambla.com\/#\/schema\/logo\/image\/"},"sameAs":["https:\/\/www.facebook.com\/revistarambla\/","https:\/\/x.com\/revistarambla","https:\/\/www.instagram.com\/revista_rambla","https:\/\/es.linkedin.com\/company\/revista-rambla"]},{"@type":"Person","@id":"https:\/\/www.revistarambla.com\/#\/schema\/person\/a146a5a2550b94981a75131180e1bd9c","name":"R@mbla","description":"Este art\u00edculo ha sido redactado y\/o validado por el equipo de redacci\u00f3n de Revista Rambla.","sameAs":["https:\/\/www.revistarambla.com\/","https:\/\/www.facebook.com\/revistarambla","https:\/\/x.com\/revistarambla"]}]}},"_links":{"self":[{"href":"https:\/\/www.revistarambla.com\/en\/wp-json\/wp\/v2\/posts\/67249","targetHints":{"allow":["GET"]}}],"collection":[{"href":"https:\/\/www.revistarambla.com\/en\/wp-json\/wp\/v2\/posts"}],"about":[{"href":"https:\/\/www.revistarambla.com\/en\/wp-json\/wp\/v2\/types\/post"}],"author":[{"embeddable":true,"href":"https:\/\/www.revistarambla.com\/en\/wp-json\/wp\/v2\/users\/3"}],"replies":[{"embeddable":true,"href":"https:\/\/www.revistarambla.com\/en\/wp-json\/wp\/v2\/comments?post=67249"}],"version-history":[{"count":1,"href":"https:\/\/www.revistarambla.com\/en\/wp-json\/wp\/v2\/posts\/67249\/revisions"}],"predecessor-version":[{"id":67251,"href":"https:\/\/www.revistarambla.com\/en\/wp-json\/wp\/v2\/posts\/67249\/revisions\/67251"}],"wp:featuredmedia":[{"embeddable":true,"href":"https:\/\/www.revistarambla.com\/en\/wp-json\/wp\/v2\/media\/67250"}],"wp:attachment":[{"href":"https:\/\/www.revistarambla.com\/en\/wp-json\/wp\/v2\/media?parent=67249"}],"wp:term":[{"taxonomy":"category","embeddable":true,"href":"https:\/\/www.revistarambla.com\/en\/wp-json\/wp\/v2\/categories?post=67249"},{"taxonomy":"post_tag","embeddable":true,"href":"https:\/\/www.revistarambla.com\/en\/wp-json\/wp\/v2\/tags?post=67249"}],"curies":[{"name":"wp","href":"https:\/\/api.w.org\/{rel}","templated":true}]}}