{"id":67238,"date":"2025-11-20T12:08:11","date_gmt":"2025-11-20T11:08:11","guid":{"rendered":"https:\/\/www.revistarambla.com\/?p=67238"},"modified":"2025-11-20T12:08:11","modified_gmt":"2025-11-20T11:08:11","slug":"180-the-concept-acompana-al-rey-de-espana-en-su-visita-de-estado-a-china-mostrando-la-capacidad-innovadora-y-la-proyeccion-global-de-espana","status":"publish","type":"post","link":"https:\/\/www.revistarambla.com\/en\/180-the-concept-acompana-al-rey-de-espana-en-su-visita-de-estado-a-china-mostrando-la-capacidad-innovadora-y-la-proyeccion-global-de-espana\/","title":{"rendered":"180 the concept acompa\u00f1a al Rey de Espa\u00f1a en su visita de Estado a China, mostrando la capacidad innovadora y la proyecci\u00f3n global de Espa\u00f1a"},"content":{"rendered":"<p>Con motivo del 20.\u00ba aniversario del establecimiento de la Asociaci\u00f3n Estrat\u00e9gica Integral entre China y Espa\u00f1a, Su Majestad el Rey Felipe VI realiz\u00f3 recientemente una visita de Estado a China. Este viaje no solo refleja la alta importancia que ambos pa\u00edses conceden a sus relaciones bilaterales, sino que tambi\u00e9n impulsa una nueva din\u00e1mica de cooperaci\u00f3n pr\u00e1ctica en diversos \u00e1mbitos. Se trata de la primera visita de Estado del Rey Felipe VI a China desde su proclamaci\u00f3n y de la primera visita de un monarca espa\u00f1ol al pa\u00eds asi\u00e1tico en 18 a\u00f1os.<\/p>\n<p>Como marca espa\u00f1ola respaldada por programas gubernamentales de internacionalizaci\u00f3n, 180 the concept, firma de referencia en el sector espa\u00f1ol de la nutricosm\u00e9tica y el antienvejecimiento oral de alta gama, tuvo el honor de formar parte de la delegaci\u00f3n oficial y acompa\u00f1ar al Rey de Espa\u00f1a en su visita. Su participaci\u00f3n supone una oportunidad para presentar al mercado chino la excelencia de la nutrici\u00f3n de precisi\u00f3n desarrollada en la pen\u00ednsula ib\u00e9rica y para testimoniar la profunda amistad entre ambos pa\u00edses.<\/p>\n<p><b>180 the concept: referente innovador de la nutricosm\u00e9tica antiedad de alta gama en Espa\u00f1a<\/b><\/p>\n<p>La presencia de 180 the concept en la delegaci\u00f3n oficial no es fruto del azar, sino el resultado de la s\u00f3lida trayectoria profesional y la creciente influencia que la marca ha construido en Espa\u00f1a.<\/p>\n<p>En un edificio emblem\u00e1tico del coraz\u00f3n de Madrid se encuentra el primer espacio de salud avanzada fundado por Gema Caba\u00f1ero, creadora de 180 the concept. Fue en este entorno donde Gema reuni\u00f3 una amplia experiencia cl\u00ednica y numerosos casos de \u00e9xito, que la llevaron a una conclusi\u00f3n esencial: la gesti\u00f3n de la salud no debe limitarse a tratar problemas aislados, sino que requiere una regulaci\u00f3n precisa e integral adaptada a las necesidades individuales, especialmente en el \u00e1mbito del envejecimiento saludable.<\/p>\n<p>En 1995, Gema present\u00f3 el Sistema de Localizaci\u00f3n Nutricional en Seis Dimensiones, un m\u00e9todo cient\u00edfico que aborda las causas del envejecimiento y combina nutrici\u00f3n, est\u00e9tica y salud integral para ofrecer soluciones sist\u00e9micas antiedad. Este enfoque no solo redefini\u00f3 la comprensi\u00f3n del antienvejecimiento en los sectores de la salud y la est\u00e9tica en Espa\u00f1a, sino que tambi\u00e9n se convirti\u00f3 en el pilar metodol\u00f3gico de todos los productos y programas de 180 the concept.<\/p>\n<p>La marca comenz\u00f3 atendiendo a un grupo reducido de personas interesadas en la salud y el antienvejecimiento, pero gracias a los resultados visibles en la piel, la vitalidad y par\u00e1metros medibles de bienestar, 180 the concept fue ganando reconocimiento entre empresarios, artistas y perfiles de \u00e9lite. A trav\u00e9s del boca a boca, la firma se consolid\u00f3 r\u00e1pidamente como una de las principales referencias espa\u00f1olas en el \u00e1mbito de la nutricosm\u00e9tica antiedad de alta gama.<\/p>\n<p>Actualmente, 180 the concept est\u00e1 presente en m\u00e1s de 300 centros y cl\u00ednicas de est\u00e9tica premium en Espa\u00f1a, convirti\u00e9ndose en una de las primeras elecciones de clientes de alto nivel. Su ADN de lujo forma parte esencial de la identidad de la marca.<\/p>\n<p><b>Llevando la innovaci\u00f3n espa\u00f1ola al mundo: 180 the concept conquista los mercados internacionales<\/b><\/p>\n<p>Tras consolidar su posici\u00f3n en Espa\u00f1a, 180 the concept ha puesto su mirada en la expansi\u00f3n global. Gracias a su exclusivo Sistema de Localizaci\u00f3n Nutricional en Seis Dimensiones y a sus completas soluciones antiedad, la marca ha logrado captar la atenci\u00f3n de consumidores exigentes en distintos continentes. Desde Europa hasta Asia, 180 the concept se ha convertido en un referente internacional de la nutricosm\u00e9tica de alta gama, superando fronteras y elevando el est\u00e1ndar del sector.<\/p>\n<p>La participaci\u00f3n de 180 the concept en la visita de Estado del Rey de Espa\u00f1a a China constituye un hito clave en su proceso de internacionalizaci\u00f3n. A medida que contin\u00faa consolidando su presencia en diferentes mercados, la marca avanza con firmeza hacia su visi\u00f3n: convertirse en l\u00edder global en el \u00e1mbito de la nutricosm\u00e9tica antiedad, ayudando a consumidores de todo el mundo a disfrutar de una vida m\u00e1s saludable, vital y joven.<\/p>","protected":false},"excerpt":{"rendered":"<p>Con motivo del 20.\u00ba aniversario del establecimiento de la Asociaci\u00f3n Estrat\u00e9gica Integral entre China y Espa\u00f1a, Su Majestad el Rey Felipe VI realiz\u00f3 recientemente una visita de Estado a China. Este viaje no solo refleja la alta importancia que ambos pa\u00edses conceden a sus relaciones bilaterales, sino que tambi\u00e9n impulsa [&hellip;]<\/p>\n","protected":false},"author":3,"featured_media":67239,"comment_status":"closed","ping_status":"closed","sticky":false,"template":"","format":"standard","meta":{"footnotes":""},"categories":[3790],"tags":[],"class_list":["post-67238","post","type-post","status-publish","format-standard","has-post-thumbnail","hentry","category-otras-noticias"],"yoast_head":"<!-- This site is optimized with the Yoast SEO plugin v27.5 - https:\/\/yoast.com\/product\/yoast-seo-wordpress\/ -->\n<title>180 the concept acompa\u00f1a al Rey de Espa\u00f1a en su visita de Estado a China, mostrando la capacidad innovadora y la proyecci\u00f3n global de Espa\u00f1a - Revista Rambla<\/title>\n<meta name=\"robots\" content=\"index, follow, max-snippet:-1, max-image-preview:large, max-video-preview:-1\" \/>\n<link rel=\"canonical\" href=\"https:\/\/www.revistarambla.com\/en\/180-the-concept-acompana-al-rey-de-espana-en-su-visita-de-estado-a-china-mostrando-la-capacidad-innovadora-y-la-proyeccion-global-de-espana\/\" \/>\n<meta property=\"og:locale\" content=\"en_GB\" \/>\n<meta property=\"og:type\" content=\"article\" \/>\n<meta property=\"og:title\" content=\"180 the concept acompa\u00f1a al Rey de Espa\u00f1a en su visita de Estado a China, mostrando la capacidad innovadora y la proyecci\u00f3n global de Espa\u00f1a - Revista Rambla\" \/>\n<meta property=\"og:description\" content=\"Con motivo del 20.\u00ba aniversario del establecimiento de la Asociaci\u00f3n Estrat\u00e9gica Integral entre China y Espa\u00f1a, Su Majestad el Rey Felipe VI realiz\u00f3 recientemente una visita de Estado a China. Este viaje no solo refleja la alta importancia que ambos pa\u00edses conceden a sus relaciones bilaterales, sino que tambi\u00e9n impulsa [&hellip;]\" \/>\n<meta property=\"og:url\" content=\"https:\/\/www.revistarambla.com\/en\/180-the-concept-acompana-al-rey-de-espana-en-su-visita-de-estado-a-china-mostrando-la-capacidad-innovadora-y-la-proyeccion-global-de-espana\/\" \/>\n<meta property=\"og:site_name\" content=\"Revista Rambla\" \/>\n<meta property=\"article:publisher\" content=\"https:\/\/www.facebook.com\/revistarambla\/\" \/>\n<meta property=\"article:author\" content=\"https:\/\/www.facebook.com\/revistarambla\" \/>\n<meta property=\"article:published_time\" content=\"2025-11-20T11:08:11+00:00\" \/>\n<meta property=\"og:image\" content=\"https:\/\/www.revistarambla.com\/wp-content\/uploads\/2025\/11\/phpKiGEMM691dacd24274c.jpg\" \/>\n\t<meta property=\"og:image:width\" content=\"1266\" \/>\n\t<meta property=\"og:image:height\" content=\"860\" \/>\n\t<meta property=\"og:image:type\" content=\"image\/jpeg\" \/>\n<meta name=\"author\" content=\"R@mbla\" \/>\n<meta name=\"twitter:card\" content=\"summary_large_image\" \/>\n<meta name=\"twitter:creator\" content=\"@revistarambla\" \/>\n<meta name=\"twitter:site\" content=\"@revistarambla\" \/>\n<meta name=\"twitter:label1\" content=\"Written by\" \/>\n\t<meta name=\"twitter:data1\" content=\"R@mbla\" \/>\n\t<meta name=\"twitter:label2\" content=\"Estimated reading time\" \/>\n\t<meta name=\"twitter:data2\" content=\"4 minutes\" \/>\n<script type=\"application\/ld+json\" class=\"yoast-schema-graph\">{\"@context\":\"https:\\\/\\\/schema.org\",\"@graph\":[{\"@type\":\"Article\",\"@id\":\"https:\\\/\\\/www.revistarambla.com\\\/180-the-concept-acompana-al-rey-de-espana-en-su-visita-de-estado-a-china-mostrando-la-capacidad-innovadora-y-la-proyeccion-global-de-espana\\\/#article\",\"isPartOf\":{\"@id\":\"https:\\\/\\\/www.revistarambla.com\\\/180-the-concept-acompana-al-rey-de-espana-en-su-visita-de-estado-a-china-mostrando-la-capacidad-innovadora-y-la-proyeccion-global-de-espana\\\/\"},\"author\":{\"name\":\"R@mbla\",\"@id\":\"https:\\\/\\\/www.revistarambla.com\\\/#\\\/schema\\\/person\\\/a146a5a2550b94981a75131180e1bd9c\"},\"headline\":\"180 the concept acompa\u00f1a al Rey de Espa\u00f1a en su visita de Estado a China, mostrando la capacidad innovadora y la proyecci\u00f3n global de Espa\u00f1a\",\"datePublished\":\"2025-11-20T11:08:11+00:00\",\"mainEntityOfPage\":{\"@id\":\"https:\\\/\\\/www.revistarambla.com\\\/180-the-concept-acompana-al-rey-de-espana-en-su-visita-de-estado-a-china-mostrando-la-capacidad-innovadora-y-la-proyeccion-global-de-espana\\\/\"},\"wordCount\":736,\"publisher\":{\"@id\":\"https:\\\/\\\/www.revistarambla.com\\\/#organization\"},\"image\":{\"@id\":\"https:\\\/\\\/www.revistarambla.com\\\/180-the-concept-acompana-al-rey-de-espana-en-su-visita-de-estado-a-china-mostrando-la-capacidad-innovadora-y-la-proyeccion-global-de-espana\\\/#primaryimage\"},\"thumbnailUrl\":\"https:\\\/\\\/www.revistarambla.com\\\/wp-content\\\/uploads\\\/2025\\\/11\\\/phpKiGEMM691dacd24274c.jpg\",\"articleSection\":[\"Otras Noticias\"],\"inLanguage\":\"en-GB\"},{\"@type\":\"WebPage\",\"@id\":\"https:\\\/\\\/www.revistarambla.com\\\/180-the-concept-acompana-al-rey-de-espana-en-su-visita-de-estado-a-china-mostrando-la-capacidad-innovadora-y-la-proyeccion-global-de-espana\\\/\",\"url\":\"https:\\\/\\\/www.revistarambla.com\\\/180-the-concept-acompana-al-rey-de-espana-en-su-visita-de-estado-a-china-mostrando-la-capacidad-innovadora-y-la-proyeccion-global-de-espana\\\/\",\"name\":\"180 the concept acompa\u00f1a al Rey de Espa\u00f1a en su visita de Estado a China, mostrando la capacidad innovadora y la proyecci\u00f3n global de Espa\u00f1a - Revista Rambla\",\"isPartOf\":{\"@id\":\"https:\\\/\\\/www.revistarambla.com\\\/#website\"},\"primaryImageOfPage\":{\"@id\":\"https:\\\/\\\/www.revistarambla.com\\\/180-the-concept-acompana-al-rey-de-espana-en-su-visita-de-estado-a-china-mostrando-la-capacidad-innovadora-y-la-proyeccion-global-de-espana\\\/#primaryimage\"},\"image\":{\"@id\":\"https:\\\/\\\/www.revistarambla.com\\\/180-the-concept-acompana-al-rey-de-espana-en-su-visita-de-estado-a-china-mostrando-la-capacidad-innovadora-y-la-proyeccion-global-de-espana\\\/#primaryimage\"},\"thumbnailUrl\":\"https:\\\/\\\/www.revistarambla.com\\\/wp-content\\\/uploads\\\/2025\\\/11\\\/phpKiGEMM691dacd24274c.jpg\",\"datePublished\":\"2025-11-20T11:08:11+00:00\",\"breadcrumb\":{\"@id\":\"https:\\\/\\\/www.revistarambla.com\\\/180-the-concept-acompana-al-rey-de-espana-en-su-visita-de-estado-a-china-mostrando-la-capacidad-innovadora-y-la-proyeccion-global-de-espana\\\/#breadcrumb\"},\"inLanguage\":\"en-GB\",\"potentialAction\":[{\"@type\":\"ReadAction\",\"target\":[\"https:\\\/\\\/www.revistarambla.com\\\/180-the-concept-acompana-al-rey-de-espana-en-su-visita-de-estado-a-china-mostrando-la-capacidad-innovadora-y-la-proyeccion-global-de-espana\\\/\"]}]},{\"@type\":\"ImageObject\",\"inLanguage\":\"en-GB\",\"@id\":\"https:\\\/\\\/www.revistarambla.com\\\/180-the-concept-acompana-al-rey-de-espana-en-su-visita-de-estado-a-china-mostrando-la-capacidad-innovadora-y-la-proyeccion-global-de-espana\\\/#primaryimage\",\"url\":\"https:\\\/\\\/www.revistarambla.com\\\/wp-content\\\/uploads\\\/2025\\\/11\\\/phpKiGEMM691dacd24274c.jpg\",\"contentUrl\":\"https:\\\/\\\/www.revistarambla.com\\\/wp-content\\\/uploads\\\/2025\\\/11\\\/phpKiGEMM691dacd24274c.jpg\",\"width\":1266,\"height\":860,\"caption\":\"nutricosm\u00e9tica\"},{\"@type\":\"BreadcrumbList\",\"@id\":\"https:\\\/\\\/www.revistarambla.com\\\/180-the-concept-acompana-al-rey-de-espana-en-su-visita-de-estado-a-china-mostrando-la-capacidad-innovadora-y-la-proyeccion-global-de-espana\\\/#breadcrumb\",\"itemListElement\":[{\"@type\":\"ListItem\",\"position\":1,\"name\":\"Portada\",\"item\":\"https:\\\/\\\/www.revistarambla.com\\\/\"},{\"@type\":\"ListItem\",\"position\":2,\"name\":\"180 the concept acompa\u00f1a al Rey de Espa\u00f1a en su visita de Estado a China, mostrando la capacidad innovadora y la proyecci\u00f3n global de Espa\u00f1a\"}]},{\"@type\":\"WebSite\",\"@id\":\"https:\\\/\\\/www.revistarambla.com\\\/#website\",\"url\":\"https:\\\/\\\/www.revistarambla.com\\\/\",\"name\":\"Revista Rambla Barcelona\",\"description\":\"Periodismo independiente\",\"publisher\":{\"@id\":\"https:\\\/\\\/www.revistarambla.com\\\/#organization\"},\"potentialAction\":[{\"@type\":\"SearchAction\",\"target\":{\"@type\":\"EntryPoint\",\"urlTemplate\":\"https:\\\/\\\/www.revistarambla.com\\\/?s={search_term_string}\"},\"query-input\":{\"@type\":\"PropertyValueSpecification\",\"valueRequired\":true,\"valueName\":\"search_term_string\"}}],\"inLanguage\":\"en-GB\"},{\"@type\":\"Organization\",\"@id\":\"https:\\\/\\\/www.revistarambla.com\\\/#organization\",\"name\":\"Revista Rambla\",\"url\":\"https:\\\/\\\/www.revistarambla.com\\\/\",\"logo\":{\"@type\":\"ImageObject\",\"inLanguage\":\"en-GB\",\"@id\":\"https:\\\/\\\/www.revistarambla.com\\\/#\\\/schema\\\/logo\\\/image\\\/\",\"url\":\"https:\\\/\\\/www.revistarambla.com\\\/wp-content\\\/uploads\\\/2020\\\/09\\\/banner_rambla_1900x600_BB.png\",\"contentUrl\":\"https:\\\/\\\/www.revistarambla.com\\\/wp-content\\\/uploads\\\/2020\\\/09\\\/banner_rambla_1900x600_BB.png\",\"width\":1900,\"height\":600,\"caption\":\"Revista Rambla\"},\"image\":{\"@id\":\"https:\\\/\\\/www.revistarambla.com\\\/#\\\/schema\\\/logo\\\/image\\\/\"},\"sameAs\":[\"https:\\\/\\\/www.facebook.com\\\/revistarambla\\\/\",\"https:\\\/\\\/x.com\\\/revistarambla\",\"https:\\\/\\\/www.instagram.com\\\/revista_rambla\",\"https:\\\/\\\/es.linkedin.com\\\/company\\\/revista-rambla\"]},{\"@type\":\"Person\",\"@id\":\"https:\\\/\\\/www.revistarambla.com\\\/#\\\/schema\\\/person\\\/a146a5a2550b94981a75131180e1bd9c\",\"name\":\"R@mbla\",\"description\":\"Este art\u00edculo ha sido redactado y\\\/o validado por el equipo de redacci\u00f3n de Revista Rambla.\",\"sameAs\":[\"https:\\\/\\\/www.revistarambla.com\\\/\",\"https:\\\/\\\/www.facebook.com\\\/revistarambla\",\"https:\\\/\\\/x.com\\\/revistarambla\"]}]}<\/script>\n<!-- \/ Yoast SEO plugin. -->","yoast_head_json":{"title":"180 the concept acompa\u00f1a al Rey de Espa\u00f1a en su visita de Estado a China, mostrando la capacidad innovadora y la proyecci\u00f3n global de Espa\u00f1a - Revista Rambla","robots":{"index":"index","follow":"follow","max-snippet":"max-snippet:-1","max-image-preview":"max-image-preview:large","max-video-preview":"max-video-preview:-1"},"canonical":"https:\/\/www.revistarambla.com\/en\/180-the-concept-acompana-al-rey-de-espana-en-su-visita-de-estado-a-china-mostrando-la-capacidad-innovadora-y-la-proyeccion-global-de-espana\/","og_locale":"en_GB","og_type":"article","og_title":"180 the concept acompa\u00f1a al Rey de Espa\u00f1a en su visita de Estado a China, mostrando la capacidad innovadora y la proyecci\u00f3n global de Espa\u00f1a - Revista Rambla","og_description":"Con motivo del 20.\u00ba aniversario del establecimiento de la Asociaci\u00f3n Estrat\u00e9gica Integral entre China y Espa\u00f1a, Su Majestad el Rey Felipe VI realiz\u00f3 recientemente una visita de Estado a China. Este viaje no solo refleja la alta importancia que ambos pa\u00edses conceden a sus relaciones bilaterales, sino que tambi\u00e9n impulsa [&hellip;]","og_url":"https:\/\/www.revistarambla.com\/en\/180-the-concept-acompana-al-rey-de-espana-en-su-visita-de-estado-a-china-mostrando-la-capacidad-innovadora-y-la-proyeccion-global-de-espana\/","og_site_name":"Revista Rambla","article_publisher":"https:\/\/www.facebook.com\/revistarambla\/","article_author":"https:\/\/www.facebook.com\/revistarambla","article_published_time":"2025-11-20T11:08:11+00:00","og_image":[{"width":1266,"height":860,"url":"https:\/\/www.revistarambla.com\/wp-content\/uploads\/2025\/11\/phpKiGEMM691dacd24274c.jpg","type":"image\/jpeg"}],"author":"R@mbla","twitter_card":"summary_large_image","twitter_creator":"@revistarambla","twitter_site":"@revistarambla","twitter_misc":{"Written by":"R@mbla","Estimated reading time":"4 minutes"},"schema":{"@context":"https:\/\/schema.org","@graph":[{"@type":"Article","@id":"https:\/\/www.revistarambla.com\/180-the-concept-acompana-al-rey-de-espana-en-su-visita-de-estado-a-china-mostrando-la-capacidad-innovadora-y-la-proyeccion-global-de-espana\/#article","isPartOf":{"@id":"https:\/\/www.revistarambla.com\/180-the-concept-acompana-al-rey-de-espana-en-su-visita-de-estado-a-china-mostrando-la-capacidad-innovadora-y-la-proyeccion-global-de-espana\/"},"author":{"name":"R@mbla","@id":"https:\/\/www.revistarambla.com\/#\/schema\/person\/a146a5a2550b94981a75131180e1bd9c"},"headline":"180 the concept acompa\u00f1a al Rey de Espa\u00f1a en su visita de Estado a China, mostrando la capacidad innovadora y la proyecci\u00f3n global de Espa\u00f1a","datePublished":"2025-11-20T11:08:11+00:00","mainEntityOfPage":{"@id":"https:\/\/www.revistarambla.com\/180-the-concept-acompana-al-rey-de-espana-en-su-visita-de-estado-a-china-mostrando-la-capacidad-innovadora-y-la-proyeccion-global-de-espana\/"},"wordCount":736,"publisher":{"@id":"https:\/\/www.revistarambla.com\/#organization"},"image":{"@id":"https:\/\/www.revistarambla.com\/180-the-concept-acompana-al-rey-de-espana-en-su-visita-de-estado-a-china-mostrando-la-capacidad-innovadora-y-la-proyeccion-global-de-espana\/#primaryimage"},"thumbnailUrl":"https:\/\/www.revistarambla.com\/wp-content\/uploads\/2025\/11\/phpKiGEMM691dacd24274c.jpg","articleSection":["Otras Noticias"],"inLanguage":"en-GB"},{"@type":"WebPage","@id":"https:\/\/www.revistarambla.com\/180-the-concept-acompana-al-rey-de-espana-en-su-visita-de-estado-a-china-mostrando-la-capacidad-innovadora-y-la-proyeccion-global-de-espana\/","url":"https:\/\/www.revistarambla.com\/180-the-concept-acompana-al-rey-de-espana-en-su-visita-de-estado-a-china-mostrando-la-capacidad-innovadora-y-la-proyeccion-global-de-espana\/","name":"180 the concept acompa\u00f1a al Rey de Espa\u00f1a en su visita de Estado a China, mostrando la capacidad innovadora y la proyecci\u00f3n global de Espa\u00f1a - Revista Rambla","isPartOf":{"@id":"https:\/\/www.revistarambla.com\/#website"},"primaryImageOfPage":{"@id":"https:\/\/www.revistarambla.com\/180-the-concept-acompana-al-rey-de-espana-en-su-visita-de-estado-a-china-mostrando-la-capacidad-innovadora-y-la-proyeccion-global-de-espana\/#primaryimage"},"image":{"@id":"https:\/\/www.revistarambla.com\/180-the-concept-acompana-al-rey-de-espana-en-su-visita-de-estado-a-china-mostrando-la-capacidad-innovadora-y-la-proyeccion-global-de-espana\/#primaryimage"},"thumbnailUrl":"https:\/\/www.revistarambla.com\/wp-content\/uploads\/2025\/11\/phpKiGEMM691dacd24274c.jpg","datePublished":"2025-11-20T11:08:11+00:00","breadcrumb":{"@id":"https:\/\/www.revistarambla.com\/180-the-concept-acompana-al-rey-de-espana-en-su-visita-de-estado-a-china-mostrando-la-capacidad-innovadora-y-la-proyeccion-global-de-espana\/#breadcrumb"},"inLanguage":"en-GB","potentialAction":[{"@type":"ReadAction","target":["https:\/\/www.revistarambla.com\/180-the-concept-acompana-al-rey-de-espana-en-su-visita-de-estado-a-china-mostrando-la-capacidad-innovadora-y-la-proyeccion-global-de-espana\/"]}]},{"@type":"ImageObject","inLanguage":"en-GB","@id":"https:\/\/www.revistarambla.com\/180-the-concept-acompana-al-rey-de-espana-en-su-visita-de-estado-a-china-mostrando-la-capacidad-innovadora-y-la-proyeccion-global-de-espana\/#primaryimage","url":"https:\/\/www.revistarambla.com\/wp-content\/uploads\/2025\/11\/phpKiGEMM691dacd24274c.jpg","contentUrl":"https:\/\/www.revistarambla.com\/wp-content\/uploads\/2025\/11\/phpKiGEMM691dacd24274c.jpg","width":1266,"height":860,"caption":"nutricosm\u00e9tica"},{"@type":"BreadcrumbList","@id":"https:\/\/www.revistarambla.com\/180-the-concept-acompana-al-rey-de-espana-en-su-visita-de-estado-a-china-mostrando-la-capacidad-innovadora-y-la-proyeccion-global-de-espana\/#breadcrumb","itemListElement":[{"@type":"ListItem","position":1,"name":"Portada","item":"https:\/\/www.revistarambla.com\/"},{"@type":"ListItem","position":2,"name":"180 the concept acompa\u00f1a al Rey de Espa\u00f1a en su visita de Estado a China, mostrando la capacidad innovadora y la proyecci\u00f3n global de Espa\u00f1a"}]},{"@type":"WebSite","@id":"https:\/\/www.revistarambla.com\/#website","url":"https:\/\/www.revistarambla.com\/","name":"Revista Rambla Barcelona","description":"Periodismo independiente","publisher":{"@id":"https:\/\/www.revistarambla.com\/#organization"},"potentialAction":[{"@type":"SearchAction","target":{"@type":"EntryPoint","urlTemplate":"https:\/\/www.revistarambla.com\/?s={search_term_string}"},"query-input":{"@type":"PropertyValueSpecification","valueRequired":true,"valueName":"search_term_string"}}],"inLanguage":"en-GB"},{"@type":"Organization","@id":"https:\/\/www.revistarambla.com\/#organization","name":"Revista Rambla","url":"https:\/\/www.revistarambla.com\/","logo":{"@type":"ImageObject","inLanguage":"en-GB","@id":"https:\/\/www.revistarambla.com\/#\/schema\/logo\/image\/","url":"https:\/\/www.revistarambla.com\/wp-content\/uploads\/2020\/09\/banner_rambla_1900x600_BB.png","contentUrl":"https:\/\/www.revistarambla.com\/wp-content\/uploads\/2020\/09\/banner_rambla_1900x600_BB.png","width":1900,"height":600,"caption":"Revista Rambla"},"image":{"@id":"https:\/\/www.revistarambla.com\/#\/schema\/logo\/image\/"},"sameAs":["https:\/\/www.facebook.com\/revistarambla\/","https:\/\/x.com\/revistarambla","https:\/\/www.instagram.com\/revista_rambla","https:\/\/es.linkedin.com\/company\/revista-rambla"]},{"@type":"Person","@id":"https:\/\/www.revistarambla.com\/#\/schema\/person\/a146a5a2550b94981a75131180e1bd9c","name":"R@mbla","description":"Este art\u00edculo ha sido redactado y\/o validado por el equipo de redacci\u00f3n de Revista Rambla.","sameAs":["https:\/\/www.revistarambla.com\/","https:\/\/www.facebook.com\/revistarambla","https:\/\/x.com\/revistarambla"]}]}},"_links":{"self":[{"href":"https:\/\/www.revistarambla.com\/en\/wp-json\/wp\/v2\/posts\/67238","targetHints":{"allow":["GET"]}}],"collection":[{"href":"https:\/\/www.revistarambla.com\/en\/wp-json\/wp\/v2\/posts"}],"about":[{"href":"https:\/\/www.revistarambla.com\/en\/wp-json\/wp\/v2\/types\/post"}],"author":[{"embeddable":true,"href":"https:\/\/www.revistarambla.com\/en\/wp-json\/wp\/v2\/users\/3"}],"replies":[{"embeddable":true,"href":"https:\/\/www.revistarambla.com\/en\/wp-json\/wp\/v2\/comments?post=67238"}],"version-history":[{"count":1,"href":"https:\/\/www.revistarambla.com\/en\/wp-json\/wp\/v2\/posts\/67238\/revisions"}],"predecessor-version":[{"id":67240,"href":"https:\/\/www.revistarambla.com\/en\/wp-json\/wp\/v2\/posts\/67238\/revisions\/67240"}],"wp:featuredmedia":[{"embeddable":true,"href":"https:\/\/www.revistarambla.com\/en\/wp-json\/wp\/v2\/media\/67239"}],"wp:attachment":[{"href":"https:\/\/www.revistarambla.com\/en\/wp-json\/wp\/v2\/media?parent=67238"}],"wp:term":[{"taxonomy":"category","embeddable":true,"href":"https:\/\/www.revistarambla.com\/en\/wp-json\/wp\/v2\/categories?post=67238"},{"taxonomy":"post_tag","embeddable":true,"href":"https:\/\/www.revistarambla.com\/en\/wp-json\/wp\/v2\/tags?post=67238"}],"curies":[{"name":"wp","href":"https:\/\/api.w.org\/{rel}","templated":true}]}}