{"id":67223,"date":"2025-11-18T22:32:19","date_gmt":"2025-11-18T21:32:19","guid":{"rendered":"https:\/\/www.revistarambla.com\/?p=67223"},"modified":"2025-11-18T22:33:55","modified_gmt":"2025-11-18T21:33:55","slug":"el-rey-de-las-sombras-rotas","status":"publish","type":"post","link":"https:\/\/www.revistarambla.com\/en\/el-rey-de-las-sombras-rotas\/","title":{"rendered":"El rey de las sombras rotas"},"content":{"rendered":"<p>En el crep\u00fasculo de su quincuag\u00e9simo a\u00f1o, Eduardo se ergu\u00eda como un faro apagado en el puerto de una ciudad que lo ignoraba. Su autoridad era un espejismo en el desierto de la oficina: un gerente de recursos humanos en una empresa de seguros, donde sus \u00f3rdenes se disipaban como humo en el viento, obedecidas solo por inercia, no por respeto. Era homosexual, un secreto que guardaba como un diamante envenenado en el fondo de su pecho, pulido por a\u00f1os de complejos que lo carcom\u00edan como termitas en la madera antigua. Traumatizado por un padre que lo hab\u00eda azotado con palabras como l\u00e1tigos invisibles, Eduardo hab\u00eda construido su vida sobre pilares de arena: autoritario en la superficie, pero sin la verdadera autoridad que nace de la empat\u00eda. Era un tirano de cart\u00f3n, un rey sin corona que reinaba sobre s\u00fabditos imaginarios, incapaz de sentir el pulso ajeno porque el suyo propio lat\u00eda herido.<\/p>\n<p>Su apartamento en el centro de la ciudad era un mausoleo de soledad, decorado con muebles minimalistas que reflejaban su alma: l\u00edneas rectas y fr\u00edas, como las barreras que erig\u00eda contra el mundo. Cada ma\u00f1ana, se vest\u00eda con trajes impecables, armaduras de lana y seda que ocultaban las cicatrices de su juventud. En el espejo, se ve\u00eda como un coloso, pero sus ojos, pozos negros de complejos, traicionaban la verdad: era un hombre diminuto, aplastado por el peso de traumas no resueltos. Recordaba vagamente su adolescencia en un pueblo polvoriento, donde el amor por un compa\u00f1ero de clase se hab\u00eda torcido en verg\u00fcenza, un secreto que su padre hab\u00eda olfateado como un sabueso y extinguido con pu\u00f1os y silencio. Desde entonces, Eduardo hab\u00eda aprendido a odiarse, a proyectar esa ira en \u00f3rdenes secas y cr\u00edticas mordaces. En la oficina, sus empleados lo evitaban como a una tormenta inminente, susurrando a sus espaldas que era un jefe sin alma, un vampiro que succionaba la alegr\u00eda sin dar nada a cambio.<\/p>\n<p>Pero el castillo de naipes que era su existencia comenz\u00f3 a tambalearse una tarde de oto\u00f1o, cuando el pasado irrumpi\u00f3 como un r\u00edo desbordado. Eduardo revisaba correos electr\u00f3nicos en su escritorio, su mente un enjambre de abejas enfurecidas por un informe mal redactado, cuando lleg\u00f3 un paquete an\u00f3nimo. Era una caja peque\u00f1a, envuelta en papel marr\u00f3n como la piel arrugada de un recuerdo olvidado. Dentro, una carta amarillenta y una fotograf\u00eda descolorida: \u00e9l, joven y vulnerable, abrazado a un muchacho de ojos tristes en un bosque que ol\u00eda a pinos y promesas rotas. El nombre del muchacho era Miguel, un amor fugaz de sus veinte a\u00f1os, ahogado en el alcohol y la represi\u00f3n. La carta, escrita con tinta borrosa, revelaba el oscuro secreto que Eduardo hab\u00eda enterrado en las profundidades de su psique: \u00abEduardo, \u00bfrecuerdas esa noche en el bosque? T\u00fa lo empujaste. No fue un accidente. Miguel no se cay\u00f3 solo; tu rabia lo mat\u00f3. He guardado el silencio por d\u00e9cadas, pero ahora, en mi lecho de muerte, libero la verdad. Tu primo, el que vio todo.\u00bb<\/p>\n<p>El impacto fue como un terremoto que resquebraja la corteza terrestre, revelando abismos insondables. Eduardo se derrumb\u00f3 en su silla, el coraz\u00f3n latiendo como un tambor de guerra en un campo desierto. El secreto no era solo un recuerdo; era un crimen velado, un homicidio involuntario disfrazado de accidente. Aquella noche, bajo la luna como un ojo acusador, hab\u00edan discutido: Miguel quer\u00eda gritar su amor al mundo, Eduardo, aterrorizado por el rechazo familiar, lo hab\u00eda empujado en un arrebato de p\u00e1nico. El muchacho cay\u00f3 por un barranco, su cr\u00e1neo fractur\u00e1ndose contra las rocas como un jarr\u00f3n de porcelana fina. Eduardo hab\u00eda huido, inventando una coartada de suicidio, y el pueblo, indiferente, lo hab\u00eda cre\u00eddo. Pero su primo, testigo oculto en las sombras, hab\u00eda callado por lealtad familiar, un silencio que ahora se romp\u00eda como una presa agrietada.<\/p>\n<p>Desde ese momento, la vida de Eduardo se desmoron\u00f3 como un glaciar que se derrite bajo un sol implacable. Los complejos, que antes eran murmullos en su mente, se convirtieron en rugidos ensordecedores. Se ve\u00eda en el espejo como un monstruo, un Minotauro atrapado en su propio laberinto de mentiras. En la oficina, su autoridad se evapor\u00f3: un empleado, al que hab\u00eda reprendido con sa\u00f1a por un error menor, renunci\u00f3 espet\u00e1ndole verdades como flechas envenenadas. \u00abEres un tirano vac\u00edo, Eduardo. Nadie te respeta porque no sabes qu\u00e9 es el respeto.\u00bb Las palabras se clavaron en su carne como espinas de un rosal marchito. Intent\u00f3 refugiarse en sus amantes ocasionales, hombres an\u00f3nimos encontrados en apps de citas, sombras fugaces en la noche que lo usaban como \u00e9l los usaba: sin empat\u00eda, sin conexi\u00f3n. Pero ahora, el secreto lo paralizaba; sus encuentros se volv\u00edan mec\u00e1nicos, como engranajes oxidados en una m\u00e1quina rota.<\/p>\n<p>Los traumas resurgieron como fantasmas de un cementerio olvidado. Noches de insomnio lo asaltaban, donde so\u00f1aba con Miguel cayendo eternamente, su grito un eco en el vac\u00edo de su alma. Eduardo intentaba racionalizarlo: \u00abFue un accidente\u00bb, se repet\u00eda, pero las met\u00e1foras de su mente lo traicionaban. Su vida era un tapiz deshilachado, cada hilo un complejo no resuelto: el rechazo paterno como una tormenta que arrasa un jard\u00edn, su homosexualidad como un r\u00edo subterr\u00e1neo que erosiona la tierra f\u00e9rtil de su ser. Sin empat\u00eda, no pod\u00eda buscar ayuda; sus amigos, si es que los ten\u00eda, eran meros conocidos que hu\u00edan ante su frialdad. Un intento de confesi\u00f3n a un terapeuta termin\u00f3 en fracaso: \u00abNo entiendes\u00bb, le espet\u00f3, saliendo como un lobo herido de la consulta.<\/p>\n<p>La desintegraci\u00f3n se aceler\u00f3. Perdi\u00f3 el trabajo cuando un rumor, filtrado quiz\u00e1 por su primo moribundo, lleg\u00f3 a o\u00eddos de la directiva. \u00abConflicto de intereses \u00e9ticos\u00bb, le dijeron, pero Eduardo sab\u00eda que era el fantasma de Miguel reclamando justicia. Desempleado, su apartamento se convirti\u00f3 en una c\u00e1rcel de lujo, las paredes cerr\u00e1ndose como las fauces de una bestia hambrienta. Sus ahorros se evaporaban como niebla matutina, y su salud, minada por el estr\u00e9s, comenz\u00f3 a fallar: dolores en el pecho como pu\u00f1ales traicioneros, insomnio que lo convert\u00eda en un espectro andante. Intent\u00f3 reconectar con su familia, pero su hermana, la \u00fanica que quedaba, lo rechaz\u00f3: \u00abSiempre has sido ego\u00edsta, Eduardo. No hay lugar para ti aqu\u00ed.\u00bb Era un n\u00e1ufrago en un oc\u00e9ano de aislamiento, sus complejos como anclas que lo arrastraban al fondo.<\/p>\n<p>En las semanas finales, Eduardo se convirti\u00f3 en un ermita\u00f1o, un rey destronado en su palacio derruido. Caminaba por las calles como un sombra entre las multitudes, invisible y solo. Las met\u00e1foras de su existencia se materializaban: su autoridad era un cetro de cristal roto, sus traumas un laberinto sin salida, su falta de empat\u00eda un desierto donde nada crec\u00eda. Una noche, solo en su cama, el secreto lo consumi\u00f3 por completo. Un infarto lo golpe\u00f3 como un rayo en una noche sin estrellas, el coraz\u00f3n fallando como un motor gripado por el \u00f3xido del remordimiento. No hubo nadie para llamar a emergencias; sus vecinos, indiferentes, lo encontraron d\u00edas despu\u00e9s, el cuerpo r\u00edgido como una estatua ca\u00edda de su pedestal.<\/p>\n<p>Eduardo muri\u00f3 solo, un hombre que hab\u00eda construido murallas tan altas que ni siquiera \u00e9l pod\u00eda escalarlas. Su legado era el vac\u00edo: un testamento no escrito, un secreto que se carried\u00f3 con \u00e9l al abismo. En el final, era solo un eco en el viento, un recordatorio de que la autoridad sin alma es como un trono sobre arenas movedizas, destinado a hundirse en el olvido.<\/p>","protected":false},"excerpt":{"rendered":"<p>En el crep\u00fasculo de su quincuag\u00e9simo a\u00f1o, Eduardo se ergu\u00eda como un faro apagado en el puerto de una ciudad que lo ignoraba. Su autoridad era un espejismo en el desierto de la oficina: un gerente de recursos humanos en una empresa de seguros, donde sus \u00f3rdenes se disipaban como [&hellip;]<\/p>\n","protected":false},"author":15,"featured_media":67225,"comment_status":"closed","ping_status":"closed","sticky":false,"template":"","format":"standard","meta":{"footnotes":""},"categories":[75],"tags":[],"class_list":["post-67223","post","type-post","status-publish","format-standard","has-post-thumbnail","hentry","category-letras-y-cuentos"],"yoast_head":"<!-- This site is optimized with the Yoast SEO plugin v27.5 - https:\/\/yoast.com\/product\/yoast-seo-wordpress\/ -->\n<title>El rey de las sombras rotas - Revista Rambla<\/title>\n<meta name=\"robots\" content=\"index, follow, max-snippet:-1, max-image-preview:large, max-video-preview:-1\" \/>\n<link rel=\"canonical\" href=\"https:\/\/www.revistarambla.com\/en\/el-rey-de-las-sombras-rotas\/\" \/>\n<meta property=\"og:locale\" content=\"en_GB\" \/>\n<meta property=\"og:type\" content=\"article\" \/>\n<meta property=\"og:title\" content=\"El rey de las sombras rotas - Revista Rambla\" \/>\n<meta property=\"og:description\" content=\"En el crep\u00fasculo de su quincuag\u00e9simo a\u00f1o, Eduardo se ergu\u00eda como un faro apagado en el puerto de una ciudad que lo ignoraba. Su autoridad era un espejismo en el desierto de la oficina: un gerente de recursos humanos en una empresa de seguros, donde sus \u00f3rdenes se disipaban como [&hellip;]\" \/>\n<meta property=\"og:url\" content=\"https:\/\/www.revistarambla.com\/en\/el-rey-de-las-sombras-rotas\/\" \/>\n<meta property=\"og:site_name\" content=\"Revista Rambla\" \/>\n<meta property=\"article:publisher\" content=\"https:\/\/www.facebook.com\/revistarambla\/\" \/>\n<meta property=\"article:published_time\" content=\"2025-11-18T21:32:19+00:00\" \/>\n<meta property=\"article:modified_time\" content=\"2025-11-18T21:33:55+00:00\" \/>\n<meta property=\"og:image\" content=\"https:\/\/www.revistarambla.com\/wp-content\/uploads\/2025\/11\/IMG_20251118_223120.jpg\" \/>\n\t<meta property=\"og:image:width\" content=\"1920\" \/>\n\t<meta property=\"og:image:height\" content=\"1920\" \/>\n\t<meta property=\"og:image:type\" content=\"image\/jpeg\" \/>\n<meta name=\"author\" content=\"Alejandra Maller\" \/>\n<meta name=\"twitter:card\" content=\"summary_large_image\" \/>\n<meta name=\"twitter:creator\" content=\"@revistarambla\" \/>\n<meta name=\"twitter:site\" content=\"@revistarambla\" \/>\n<meta name=\"twitter:label1\" content=\"Written by\" \/>\n\t<meta name=\"twitter:data1\" content=\"Alejandra Maller\" \/>\n\t<meta name=\"twitter:label2\" content=\"Estimated reading time\" \/>\n\t<meta name=\"twitter:data2\" content=\"6 minutes\" \/>\n<script type=\"application\/ld+json\" class=\"yoast-schema-graph\">{\"@context\":\"https:\\\/\\\/schema.org\",\"@graph\":[{\"@type\":\"Article\",\"@id\":\"https:\\\/\\\/www.revistarambla.com\\\/el-rey-de-las-sombras-rotas\\\/#article\",\"isPartOf\":{\"@id\":\"https:\\\/\\\/www.revistarambla.com\\\/el-rey-de-las-sombras-rotas\\\/\"},\"author\":{\"name\":\"Alejandra Maller\",\"@id\":\"https:\\\/\\\/www.revistarambla.com\\\/#\\\/schema\\\/person\\\/2b19179a8ace334b829ad72cc6e6ce97\"},\"headline\":\"El rey de las sombras rotas\",\"datePublished\":\"2025-11-18T21:32:19+00:00\",\"dateModified\":\"2025-11-18T21:33:55+00:00\",\"mainEntityOfPage\":{\"@id\":\"https:\\\/\\\/www.revistarambla.com\\\/el-rey-de-las-sombras-rotas\\\/\"},\"wordCount\":1336,\"publisher\":{\"@id\":\"https:\\\/\\\/www.revistarambla.com\\\/#organization\"},\"image\":{\"@id\":\"https:\\\/\\\/www.revistarambla.com\\\/el-rey-de-las-sombras-rotas\\\/#primaryimage\"},\"thumbnailUrl\":\"https:\\\/\\\/www.revistarambla.com\\\/wp-content\\\/uploads\\\/2025\\\/11\\\/IMG_20251118_223120.jpg\",\"articleSection\":[\"Letras y Cuentos\"],\"inLanguage\":\"en-GB\"},{\"@type\":\"WebPage\",\"@id\":\"https:\\\/\\\/www.revistarambla.com\\\/el-rey-de-las-sombras-rotas\\\/\",\"url\":\"https:\\\/\\\/www.revistarambla.com\\\/el-rey-de-las-sombras-rotas\\\/\",\"name\":\"El rey de las sombras rotas - Revista Rambla\",\"isPartOf\":{\"@id\":\"https:\\\/\\\/www.revistarambla.com\\\/#website\"},\"primaryImageOfPage\":{\"@id\":\"https:\\\/\\\/www.revistarambla.com\\\/el-rey-de-las-sombras-rotas\\\/#primaryimage\"},\"image\":{\"@id\":\"https:\\\/\\\/www.revistarambla.com\\\/el-rey-de-las-sombras-rotas\\\/#primaryimage\"},\"thumbnailUrl\":\"https:\\\/\\\/www.revistarambla.com\\\/wp-content\\\/uploads\\\/2025\\\/11\\\/IMG_20251118_223120.jpg\",\"datePublished\":\"2025-11-18T21:32:19+00:00\",\"dateModified\":\"2025-11-18T21:33:55+00:00\",\"breadcrumb\":{\"@id\":\"https:\\\/\\\/www.revistarambla.com\\\/el-rey-de-las-sombras-rotas\\\/#breadcrumb\"},\"inLanguage\":\"en-GB\",\"potentialAction\":[{\"@type\":\"ReadAction\",\"target\":[\"https:\\\/\\\/www.revistarambla.com\\\/el-rey-de-las-sombras-rotas\\\/\"]}]},{\"@type\":\"ImageObject\",\"inLanguage\":\"en-GB\",\"@id\":\"https:\\\/\\\/www.revistarambla.com\\\/el-rey-de-las-sombras-rotas\\\/#primaryimage\",\"url\":\"https:\\\/\\\/www.revistarambla.com\\\/wp-content\\\/uploads\\\/2025\\\/11\\\/IMG_20251118_223120.jpg\",\"contentUrl\":\"https:\\\/\\\/www.revistarambla.com\\\/wp-content\\\/uploads\\\/2025\\\/11\\\/IMG_20251118_223120.jpg\",\"width\":1920,\"height\":1920},{\"@type\":\"BreadcrumbList\",\"@id\":\"https:\\\/\\\/www.revistarambla.com\\\/el-rey-de-las-sombras-rotas\\\/#breadcrumb\",\"itemListElement\":[{\"@type\":\"ListItem\",\"position\":1,\"name\":\"Portada\",\"item\":\"https:\\\/\\\/www.revistarambla.com\\\/\"},{\"@type\":\"ListItem\",\"position\":2,\"name\":\"El rey de las sombras rotas\"}]},{\"@type\":\"WebSite\",\"@id\":\"https:\\\/\\\/www.revistarambla.com\\\/#website\",\"url\":\"https:\\\/\\\/www.revistarambla.com\\\/\",\"name\":\"Revista Rambla Barcelona\",\"description\":\"Periodismo independiente\",\"publisher\":{\"@id\":\"https:\\\/\\\/www.revistarambla.com\\\/#organization\"},\"potentialAction\":[{\"@type\":\"SearchAction\",\"target\":{\"@type\":\"EntryPoint\",\"urlTemplate\":\"https:\\\/\\\/www.revistarambla.com\\\/?s={search_term_string}\"},\"query-input\":{\"@type\":\"PropertyValueSpecification\",\"valueRequired\":true,\"valueName\":\"search_term_string\"}}],\"inLanguage\":\"en-GB\"},{\"@type\":\"Organization\",\"@id\":\"https:\\\/\\\/www.revistarambla.com\\\/#organization\",\"name\":\"Revista Rambla\",\"url\":\"https:\\\/\\\/www.revistarambla.com\\\/\",\"logo\":{\"@type\":\"ImageObject\",\"inLanguage\":\"en-GB\",\"@id\":\"https:\\\/\\\/www.revistarambla.com\\\/#\\\/schema\\\/logo\\\/image\\\/\",\"url\":\"https:\\\/\\\/www.revistarambla.com\\\/wp-content\\\/uploads\\\/2020\\\/09\\\/banner_rambla_1900x600_BB.png\",\"contentUrl\":\"https:\\\/\\\/www.revistarambla.com\\\/wp-content\\\/uploads\\\/2020\\\/09\\\/banner_rambla_1900x600_BB.png\",\"width\":1900,\"height\":600,\"caption\":\"Revista Rambla\"},\"image\":{\"@id\":\"https:\\\/\\\/www.revistarambla.com\\\/#\\\/schema\\\/logo\\\/image\\\/\"},\"sameAs\":[\"https:\\\/\\\/www.facebook.com\\\/revistarambla\\\/\",\"https:\\\/\\\/x.com\\\/revistarambla\",\"https:\\\/\\\/www.instagram.com\\\/revista_rambla\",\"https:\\\/\\\/es.linkedin.com\\\/company\\\/revista-rambla\"]},{\"@type\":\"Person\",\"@id\":\"https:\\\/\\\/www.revistarambla.com\\\/#\\\/schema\\\/person\\\/2b19179a8ace334b829ad72cc6e6ce97\",\"name\":\"Alejandra Maller\",\"description\":\"Periodista y catalana.\",\"sameAs\":[\"https:\\\/\\\/www.revistarambla.com\\\/\"]}]}<\/script>\n<!-- \/ Yoast SEO plugin. -->","yoast_head_json":{"title":"El rey de las sombras rotas - Revista Rambla","robots":{"index":"index","follow":"follow","max-snippet":"max-snippet:-1","max-image-preview":"max-image-preview:large","max-video-preview":"max-video-preview:-1"},"canonical":"https:\/\/www.revistarambla.com\/en\/el-rey-de-las-sombras-rotas\/","og_locale":"en_GB","og_type":"article","og_title":"El rey de las sombras rotas - Revista Rambla","og_description":"En el crep\u00fasculo de su quincuag\u00e9simo a\u00f1o, Eduardo se ergu\u00eda como un faro apagado en el puerto de una ciudad que lo ignoraba. Su autoridad era un espejismo en el desierto de la oficina: un gerente de recursos humanos en una empresa de seguros, donde sus \u00f3rdenes se disipaban como [&hellip;]","og_url":"https:\/\/www.revistarambla.com\/en\/el-rey-de-las-sombras-rotas\/","og_site_name":"Revista Rambla","article_publisher":"https:\/\/www.facebook.com\/revistarambla\/","article_published_time":"2025-11-18T21:32:19+00:00","article_modified_time":"2025-11-18T21:33:55+00:00","og_image":[{"width":1920,"height":1920,"url":"https:\/\/www.revistarambla.com\/wp-content\/uploads\/2025\/11\/IMG_20251118_223120.jpg","type":"image\/jpeg"}],"author":"Alejandra Maller","twitter_card":"summary_large_image","twitter_creator":"@revistarambla","twitter_site":"@revistarambla","twitter_misc":{"Written by":"Alejandra Maller","Estimated reading time":"6 minutes"},"schema":{"@context":"https:\/\/schema.org","@graph":[{"@type":"Article","@id":"https:\/\/www.revistarambla.com\/el-rey-de-las-sombras-rotas\/#article","isPartOf":{"@id":"https:\/\/www.revistarambla.com\/el-rey-de-las-sombras-rotas\/"},"author":{"name":"Alejandra Maller","@id":"https:\/\/www.revistarambla.com\/#\/schema\/person\/2b19179a8ace334b829ad72cc6e6ce97"},"headline":"El rey de las sombras rotas","datePublished":"2025-11-18T21:32:19+00:00","dateModified":"2025-11-18T21:33:55+00:00","mainEntityOfPage":{"@id":"https:\/\/www.revistarambla.com\/el-rey-de-las-sombras-rotas\/"},"wordCount":1336,"publisher":{"@id":"https:\/\/www.revistarambla.com\/#organization"},"image":{"@id":"https:\/\/www.revistarambla.com\/el-rey-de-las-sombras-rotas\/#primaryimage"},"thumbnailUrl":"https:\/\/www.revistarambla.com\/wp-content\/uploads\/2025\/11\/IMG_20251118_223120.jpg","articleSection":["Letras y Cuentos"],"inLanguage":"en-GB"},{"@type":"WebPage","@id":"https:\/\/www.revistarambla.com\/el-rey-de-las-sombras-rotas\/","url":"https:\/\/www.revistarambla.com\/el-rey-de-las-sombras-rotas\/","name":"El rey de las sombras rotas - Revista Rambla","isPartOf":{"@id":"https:\/\/www.revistarambla.com\/#website"},"primaryImageOfPage":{"@id":"https:\/\/www.revistarambla.com\/el-rey-de-las-sombras-rotas\/#primaryimage"},"image":{"@id":"https:\/\/www.revistarambla.com\/el-rey-de-las-sombras-rotas\/#primaryimage"},"thumbnailUrl":"https:\/\/www.revistarambla.com\/wp-content\/uploads\/2025\/11\/IMG_20251118_223120.jpg","datePublished":"2025-11-18T21:32:19+00:00","dateModified":"2025-11-18T21:33:55+00:00","breadcrumb":{"@id":"https:\/\/www.revistarambla.com\/el-rey-de-las-sombras-rotas\/#breadcrumb"},"inLanguage":"en-GB","potentialAction":[{"@type":"ReadAction","target":["https:\/\/www.revistarambla.com\/el-rey-de-las-sombras-rotas\/"]}]},{"@type":"ImageObject","inLanguage":"en-GB","@id":"https:\/\/www.revistarambla.com\/el-rey-de-las-sombras-rotas\/#primaryimage","url":"https:\/\/www.revistarambla.com\/wp-content\/uploads\/2025\/11\/IMG_20251118_223120.jpg","contentUrl":"https:\/\/www.revistarambla.com\/wp-content\/uploads\/2025\/11\/IMG_20251118_223120.jpg","width":1920,"height":1920},{"@type":"BreadcrumbList","@id":"https:\/\/www.revistarambla.com\/el-rey-de-las-sombras-rotas\/#breadcrumb","itemListElement":[{"@type":"ListItem","position":1,"name":"Portada","item":"https:\/\/www.revistarambla.com\/"},{"@type":"ListItem","position":2,"name":"El rey de las sombras rotas"}]},{"@type":"WebSite","@id":"https:\/\/www.revistarambla.com\/#website","url":"https:\/\/www.revistarambla.com\/","name":"Revista Rambla Barcelona","description":"Periodismo independiente","publisher":{"@id":"https:\/\/www.revistarambla.com\/#organization"},"potentialAction":[{"@type":"SearchAction","target":{"@type":"EntryPoint","urlTemplate":"https:\/\/www.revistarambla.com\/?s={search_term_string}"},"query-input":{"@type":"PropertyValueSpecification","valueRequired":true,"valueName":"search_term_string"}}],"inLanguage":"en-GB"},{"@type":"Organization","@id":"https:\/\/www.revistarambla.com\/#organization","name":"Revista Rambla","url":"https:\/\/www.revistarambla.com\/","logo":{"@type":"ImageObject","inLanguage":"en-GB","@id":"https:\/\/www.revistarambla.com\/#\/schema\/logo\/image\/","url":"https:\/\/www.revistarambla.com\/wp-content\/uploads\/2020\/09\/banner_rambla_1900x600_BB.png","contentUrl":"https:\/\/www.revistarambla.com\/wp-content\/uploads\/2020\/09\/banner_rambla_1900x600_BB.png","width":1900,"height":600,"caption":"Revista Rambla"},"image":{"@id":"https:\/\/www.revistarambla.com\/#\/schema\/logo\/image\/"},"sameAs":["https:\/\/www.facebook.com\/revistarambla\/","https:\/\/x.com\/revistarambla","https:\/\/www.instagram.com\/revista_rambla","https:\/\/es.linkedin.com\/company\/revista-rambla"]},{"@type":"Person","@id":"https:\/\/www.revistarambla.com\/#\/schema\/person\/2b19179a8ace334b829ad72cc6e6ce97","name":"Alejandra Maller","description":"Periodista y catalana.","sameAs":["https:\/\/www.revistarambla.com\/"]}]}},"_links":{"self":[{"href":"https:\/\/www.revistarambla.com\/en\/wp-json\/wp\/v2\/posts\/67223","targetHints":{"allow":["GET"]}}],"collection":[{"href":"https:\/\/www.revistarambla.com\/en\/wp-json\/wp\/v2\/posts"}],"about":[{"href":"https:\/\/www.revistarambla.com\/en\/wp-json\/wp\/v2\/types\/post"}],"author":[{"embeddable":true,"href":"https:\/\/www.revistarambla.com\/en\/wp-json\/wp\/v2\/users\/15"}],"replies":[{"embeddable":true,"href":"https:\/\/www.revistarambla.com\/en\/wp-json\/wp\/v2\/comments?post=67223"}],"version-history":[{"count":2,"href":"https:\/\/www.revistarambla.com\/en\/wp-json\/wp\/v2\/posts\/67223\/revisions"}],"predecessor-version":[{"id":67226,"href":"https:\/\/www.revistarambla.com\/en\/wp-json\/wp\/v2\/posts\/67223\/revisions\/67226"}],"wp:featuredmedia":[{"embeddable":true,"href":"https:\/\/www.revistarambla.com\/en\/wp-json\/wp\/v2\/media\/67225"}],"wp:attachment":[{"href":"https:\/\/www.revistarambla.com\/en\/wp-json\/wp\/v2\/media?parent=67223"}],"wp:term":[{"taxonomy":"category","embeddable":true,"href":"https:\/\/www.revistarambla.com\/en\/wp-json\/wp\/v2\/categories?post=67223"},{"taxonomy":"post_tag","embeddable":true,"href":"https:\/\/www.revistarambla.com\/en\/wp-json\/wp\/v2\/tags?post=67223"}],"curies":[{"name":"wp","href":"https:\/\/api.w.org\/{rel}","templated":true}]}}