{"id":67218,"date":"2025-11-18T13:43:06","date_gmt":"2025-11-18T12:43:06","guid":{"rendered":"https:\/\/www.revistarambla.com\/?p=67218"},"modified":"2025-11-18T13:43:06","modified_gmt":"2025-11-18T12:43:06","slug":"que-pasaria-si-colapsara-la-corriente-oceanica-amoc","status":"publish","type":"post","link":"https:\/\/www.revistarambla.com\/en\/que-pasaria-si-colapsara-la-corriente-oceanica-amoc\/","title":{"rendered":"\u00bfQu\u00e9 pasar\u00eda si colapsara la corriente oce\u00e1nica AMOC?"},"content":{"rendered":"<p>La Circulaci\u00f3n Meridional de Vuelco Atl\u00e1ntica (AMOC, por sus siglas en ingl\u00e9s), conocida tambi\u00e9n como la circulaci\u00f3n termohalina en el Atl\u00e1ntico, es un componente crucial <!--more-->del sistema clim\u00e1tico global. Esta corriente oce\u00e1nica transporta agua c\u00e1lida desde los tr\u00f3picos hacia el norte, influyendo en el clima de regiones enteras, especialmente en el hemisferio norte. En las \u00faltimas d\u00e9cadas, los cient\u00edficos han advertido sobre un posible debilitamiento o colapso de la AMOC debido al cambio clim\u00e1tico antropog\u00e9nico, principalmente por el aumento de las temperaturas globales y el derretimiento de los glaciares, que introducen agua dulce en el oc\u00e9ano y alteran la densidad del agua. Un colapso de esta corriente no solo ser\u00eda un evento de gran magnitud, sino que podr\u00eda desencadenar cambios abruptos en el clima mundial, con consecuencias catastr\u00f3ficas para la sociedad humana y los ecosistemas.<\/p>\n<p><img decoding=\"async\" class=\"aligncenter size-full wp-image-67219\" src=\"https:\/\/www.revistarambla.com\/wp-content\/uploads\/2025\/11\/OCP07_Fig-6.jpg\" alt=\"amoc\" width=\"600\" height=\"473\" srcset=\"https:\/\/www.revistarambla.com\/wp-content\/uploads\/2025\/11\/OCP07_Fig-6.jpg 600w, https:\/\/www.revistarambla.com\/wp-content\/uploads\/2025\/11\/OCP07_Fig-6-463x365.jpg 463w, https:\/\/www.revistarambla.com\/wp-content\/uploads\/2025\/11\/OCP07_Fig-6-15x12.jpg 15w\" sizes=\"(max-width: 600px) 100vw, 600px\" \/><\/p>\n<p>La AMOC act\u00faa como una \u00abcinta transportadora\u00bb oce\u00e1nica: agua c\u00e1lida y salina fluye hacia el norte en la superficie, liberando calor a la atm\u00f3sfera y moderando el clima de Europa y Am\u00e9rica del Norte. Al llegar a latitudes altas, se enfr\u00eda, se vuelve m\u00e1s densa y se hunde, regresando al sur en profundidad. Sin embargo, el calentamiento global acelera el derretimiento de la capa de hielo de Groenlandia, inyectando agua dulce que reduce la salinidad y, por ende, la densidad del agua, impidiendo que se hunda efectivamente. Estudios paleoclim\u00e1ticos, como los eventos Dansgaard-Oeschger y Heinrich, muestran que colapsos pasados de la AMOC han causado cambios abruptos en el clima, con enfriamientos r\u00e1pidos en el hemisferio norte. Aunque algunos modelos sugieren que un colapso completo es improbable en este siglo, otros indican que podr\u00eda ocurrir tan pronto como en 2057 bajo escenarios de emisiones altas.<\/p>\n<h2>Posible Colapso<\/h2>\n<p>Observaciones recientes indican que la AMOC se ha debilitado en un 15-20% desde mediados del siglo XX, seg\u00fan mediciones directas y proxies paleoclim\u00e1ticos. Un estudio publicado en Science Advances utiliza se\u00f1ales de advertencia temprana basadas en f\u00edsica, como la variabilidad de la salinidad, para estimar que la AMOC podr\u00eda estar acerc\u00e1ndose a un punto de inflexi\u00f3n. Los autores proyectan un colapso entre 2025 y 2095, con un promedio en 2057, bajo escenarios de negocio como de costumbre. Sin embargo, un modelo reciente en Nature recomienda que, incluso bajo cambio clim\u00e1tico, la circulaci\u00f3n podr\u00eda persistir, aunque debilitada, gracias a formaciones de corrientes en el Pac\u00edfico Norte que estabilizan el sistema. El IPCC, en su Sexto Informe de Evaluaci\u00f3n, califica el riesgo de colapso como de \u00abbaja probabilidad, pero alto impacto\u00bb, pero advierte que un colapso causar\u00eda <em>shifts<\/em> (oscilaciones) abruptos en patrones clim\u00e1ticos regionales. Estudios multi-modelo, como los del Proyecto de Intercomparaci\u00f3n de Modelos Acoplados (CMIP), confirman que el aumento de agua dulce de Groenlandia es el principal driver de este debilitamiento.<\/p>\n<h2>Impactos Clim\u00e1ticos y Meteorol\u00f3gicos<\/h2>\n<p>Un colapso de la AMOC redistribuir\u00eda dr\u00e1sticamente el calor global, causando un enfriamiento significativo en el hemisferio norte mientras el sur se calienta m\u00e1s. En Europa, las temperaturas invernales podr\u00edan caer hasta 10-15\u202f\u00b0C en regiones como Escandinavia y el Reino Unido, incluso en un mundo con calentamiento global de 2\u202f\u00b0C. Un estudio en Geophysical Research Letters, utilizando el modelo CESM, proyecta que en un escenario de emisiones intermedias (RCP4.5), el colapso causar\u00eda un \u00abenfriamiento profundo\u00bb en el noroeste de Europa, con temperaturas medias invernales en Oslo bajando a -16.5\u202f\u00b0C y extremos de -47.9\u202f\u00b0C. Londres ver\u00eda d\u00edas de congelaci\u00f3n aumentando a 17.6 por a\u00f1o, y Par\u00eds experimentar\u00eda extremos de -18\u202f\u00b0C. Esto se debe a la p\u00e9rdida de transporte de calor y la expansi\u00f3n de hielo marino, que amplifica el enfriamiento.<\/p>\n<p>Globalmente, el colapso desplazar\u00eda las bandas de lluvia tropicales hacia el sur, debilitando los monzones africanos y asi\u00e1ticos mientras fortalece los del hemisferio sur. Un an\u00e1lisis multi-modelo en Earth&#8217;s Future muestra que los monzones del Oeste Africano (WAM), Indio (ISM) y Este Asi\u00e1tico (EASM) ver\u00edan reducciones anuales de precipitaci\u00f3n, con impactos severos en la agricultura. En Am\u00e9rica del Norte, el enfriamiento afectar\u00eda el noreste, con m\u00e1s tormentas invernales, mientras que el hemisferio sur experimentar\u00eda calentamiento adicional, exacerbando sequ\u00edas en Australia y Am\u00e9rica del Sur. Adem\u00e1s, la frecuencia de eventos extremos aumentar\u00eda: olas de calor en verano en Europa podr\u00edan persistir debido a cambios en el jet stream, y huracanes m\u00e1s intensos en el Atl\u00e1ntico por gradientes t\u00e9rmicos alterados.<\/p>\n<h2>Impactos en el Nivel del Mar<\/h2>\n<p>El colapso de la AMOC tendr\u00eda efectos pronunciados en el nivel del mar, particularmente asim\u00e9tricos. Sin el transporte norte\u00f1o del Gulf Stream, el agua se acumular\u00eda en la costa este de Estados Unidos debido a cambios en la fuerza de Coriolis, causando un aumento adicional de 15-20 cm para 2100, m\u00e1s all\u00e1 del ascenso global por derretimiento de hielo. Estudios como los de Levermann et al. (2005) y Yin et al. (2010) modelan este \u00abefecto din\u00e1mico\u00bb, que agravar\u00eda inundaciones costeras, erosi\u00f3n y da\u00f1os por tormentas en ciudades como Nueva York y Miami. En Europa, el enfriamiento podr\u00eda reducir el ascenso local por contracci\u00f3n t\u00e9rmica del agua, pero globalmente, el colapso contribuir\u00eda a un ascenso neto al alterar la distribuci\u00f3n de masa oce\u00e1nica. Paleodatos de eventos Heinrich muestran ascensos de varios metros por inyecciones masivas de agua dulce, un an\u00e1logo para escenarios futuros.<\/p>\n<h2>Impactos en Ecosistemas y Biodiversidad<\/h2>\n<p>Los ecosistemas marinos y terrestres sufrir\u00edan gravemente. En el oc\u00e9ano Atl\u00e1ntico norte, la reducci\u00f3n del ox\u00edgeno en aguas profundas y la menor absorci\u00f3n de CO\u2082 llevar\u00edan a un colapso ecosist\u00e9mico, afectando pesquer\u00edas y biodiversidad marina. El IPCC advierte de hipoxia extendida, que matar\u00eda especies bent\u00f3nicas y alterar\u00eda cadenas alimentarias. En tierra, el enfriamiento en Europa podr\u00eda transformar bosques boreales, con especies como el abeto desplazado por tundra, seg\u00fan proyecciones en Frontiers in Forests and Global Change. En la Amazonia, un colapso inicial estabilizar\u00eda temporalmente la selva al aumentar precipitaciones, pero combinado con calentamiento global, acelerar\u00eda su tipping point hacia sabana. Biodiversidad marina en el \u00c1rtico sufrir\u00eda por enfriamiento, con extinciones locales de peces y mam\u00edferos marinos, mientras que en tr\u00f3picos, <em>shifts<\/em> en monzones causar\u00edan sequ\u00edas que amenazan corales y manglares. Globalmente, estos cambios podr\u00edan desencadenar cascadas ecol\u00f3gicas, reduciendo servicios ecosist\u00e9micos como la polinizaci\u00f3n y purificaci\u00f3n de agua.<\/p>\n<h2>Impactos Socioecon\u00f3micos<\/h2>\n<p>Las repercusiones humanas ser\u00edan profundas. En agricultura, reducciones en precipitaci\u00f3n en monzones asi\u00e1ticos y africanos llevar\u00edan a fallos de cosechas, inseguridad alimentaria y aumentos de precios, afectando miles de millones. Europa enfrentar\u00eda inviernos m\u00e1s duros, incrementando demanda energ\u00e9tica y costos de calefacci\u00f3n, con disrupciones en transporte por hielo. Ascensos en nivel del mar en costas estadounidenses agravar\u00eda da\u00f1os econ\u00f3micos por inundaciones, estimados en billones de d\u00f3lares. Un estudio en Nature Communications destaca que el colapso reducir\u00eda la absorci\u00f3n oce\u00e1nica de carbono, exacerbando el calentamiento y costos de mitigaci\u00f3n. Cadenas de suministro globales se ver\u00edan interrumpidas, con impactos en comercio mar\u00edtimo y migraciones forzadas por climas inhabitables. En Islandia, considerado un riesgo de seguridad nacional, el colapso podr\u00eda bajar temperaturas invernales dr\u00e1sticamente, afectando econom\u00eda pesquera y turismo. Globalmente, el OECD estima que combinar colapso con calentamiento empeorar\u00eda producci\u00f3n alimentaria, con costos socioecon\u00f3micos incalculables.<\/p>\n<p>Un colapso de la AMOC representar\u00eda una cat\u00e1strofe clim\u00e1tica, con enfriamiento en el norte, <em>shifts<\/em> en precipitaciones, ascensos en nivel del mar y colapsos ecosist\u00e9micos, exacerbando desigualdades globales. Aunque la probabilidad exacta var\u00eda, la urgencia de reducir emisiones es clara para evitar este tipping point. Investigaciones futuras deben enfocarse en monitoreo mejorado y modelizaciones para predecir y mitigar estos riesgos. La humanidad debe actuar ahora para preservar este vital sistema oce\u00e1nico.<\/p>","protected":false},"excerpt":{"rendered":"<p>La Circulaci\u00f3n Meridional de Vuelco Atl\u00e1ntica (AMOC, por sus siglas en ingl\u00e9s), conocida tambi\u00e9n como la circulaci\u00f3n termohalina en el Atl\u00e1ntico, es un componente crucial<\/p>","protected":false},"author":3,"featured_media":67220,"comment_status":"closed","ping_status":"closed","sticky":false,"template":"","format":"standard","meta":{"footnotes":""},"categories":[4099],"tags":[],"class_list":["post-67218","post","type-post","status-publish","format-standard","has-post-thumbnail","hentry","category-otras-miradas"],"yoast_head":"<!-- This site is optimized with the Yoast SEO plugin v27.5 - https:\/\/yoast.com\/product\/yoast-seo-wordpress\/ -->\n<title>\u00bfQu\u00e9 pasar\u00eda si colapsara la corriente oce\u00e1nica AMOC? - Revista Rambla<\/title>\n<meta name=\"robots\" content=\"index, follow, max-snippet:-1, max-image-preview:large, max-video-preview:-1\" \/>\n<link rel=\"canonical\" href=\"https:\/\/www.revistarambla.com\/en\/que-pasaria-si-colapsara-la-corriente-oceanica-amoc\/\" \/>\n<meta property=\"og:locale\" content=\"en_GB\" \/>\n<meta property=\"og:type\" content=\"article\" \/>\n<meta property=\"og:title\" content=\"\u00bfQu\u00e9 pasar\u00eda si colapsara la corriente oce\u00e1nica AMOC? - Revista Rambla\" \/>\n<meta property=\"og:description\" content=\"La Circulaci\u00f3n Meridional de Vuelco Atl\u00e1ntica (AMOC, por sus siglas en ingl\u00e9s), conocida tambi\u00e9n como la circulaci\u00f3n termohalina en el Atl\u00e1ntico, es un componente crucial\" \/>\n<meta property=\"og:url\" content=\"https:\/\/www.revistarambla.com\/en\/que-pasaria-si-colapsara-la-corriente-oceanica-amoc\/\" \/>\n<meta property=\"og:site_name\" content=\"Revista Rambla\" \/>\n<meta property=\"article:publisher\" content=\"https:\/\/www.facebook.com\/revistarambla\/\" \/>\n<meta property=\"article:author\" content=\"https:\/\/www.facebook.com\/revistarambla\" \/>\n<meta property=\"article:published_time\" content=\"2025-11-18T12:43:06+00:00\" \/>\n<meta property=\"og:image\" content=\"https:\/\/www.revistarambla.com\/wp-content\/uploads\/2025\/11\/amoc.webp\" \/>\n\t<meta property=\"og:image:width\" content=\"1920\" \/>\n\t<meta property=\"og:image:height\" content=\"1315\" \/>\n\t<meta property=\"og:image:type\" content=\"image\/webp\" \/>\n<meta name=\"author\" content=\"R@mbla\" \/>\n<meta name=\"twitter:card\" content=\"summary_large_image\" \/>\n<meta name=\"twitter:creator\" content=\"@revistarambla\" \/>\n<meta name=\"twitter:site\" content=\"@revistarambla\" \/>\n<meta name=\"twitter:label1\" content=\"Written by\" \/>\n\t<meta name=\"twitter:data1\" content=\"R@mbla\" \/>\n\t<meta name=\"twitter:label2\" content=\"Estimated reading time\" \/>\n\t<meta name=\"twitter:data2\" content=\"7 minutes\" \/>\n<script type=\"application\/ld+json\" class=\"yoast-schema-graph\">{\"@context\":\"https:\\\/\\\/schema.org\",\"@graph\":[{\"@type\":\"Article\",\"@id\":\"https:\\\/\\\/www.revistarambla.com\\\/que-pasaria-si-colapsara-la-corriente-oceanica-amoc\\\/#article\",\"isPartOf\":{\"@id\":\"https:\\\/\\\/www.revistarambla.com\\\/que-pasaria-si-colapsara-la-corriente-oceanica-amoc\\\/\"},\"author\":{\"name\":\"R@mbla\",\"@id\":\"https:\\\/\\\/www.revistarambla.com\\\/#\\\/schema\\\/person\\\/a146a5a2550b94981a75131180e1bd9c\"},\"headline\":\"\u00bfQu\u00e9 pasar\u00eda si colapsara la corriente oce\u00e1nica AMOC?\",\"datePublished\":\"2025-11-18T12:43:06+00:00\",\"mainEntityOfPage\":{\"@id\":\"https:\\\/\\\/www.revistarambla.com\\\/que-pasaria-si-colapsara-la-corriente-oceanica-amoc\\\/\"},\"wordCount\":1373,\"publisher\":{\"@id\":\"https:\\\/\\\/www.revistarambla.com\\\/#organization\"},\"image\":{\"@id\":\"https:\\\/\\\/www.revistarambla.com\\\/que-pasaria-si-colapsara-la-corriente-oceanica-amoc\\\/#primaryimage\"},\"thumbnailUrl\":\"https:\\\/\\\/www.revistarambla.com\\\/wp-content\\\/uploads\\\/2025\\\/11\\\/amoc.webp\",\"articleSection\":[\"Otras Miradas\"],\"inLanguage\":\"en-GB\"},{\"@type\":\"WebPage\",\"@id\":\"https:\\\/\\\/www.revistarambla.com\\\/que-pasaria-si-colapsara-la-corriente-oceanica-amoc\\\/\",\"url\":\"https:\\\/\\\/www.revistarambla.com\\\/que-pasaria-si-colapsara-la-corriente-oceanica-amoc\\\/\",\"name\":\"\u00bfQu\u00e9 pasar\u00eda si colapsara la corriente oce\u00e1nica AMOC? - Revista Rambla\",\"isPartOf\":{\"@id\":\"https:\\\/\\\/www.revistarambla.com\\\/#website\"},\"primaryImageOfPage\":{\"@id\":\"https:\\\/\\\/www.revistarambla.com\\\/que-pasaria-si-colapsara-la-corriente-oceanica-amoc\\\/#primaryimage\"},\"image\":{\"@id\":\"https:\\\/\\\/www.revistarambla.com\\\/que-pasaria-si-colapsara-la-corriente-oceanica-amoc\\\/#primaryimage\"},\"thumbnailUrl\":\"https:\\\/\\\/www.revistarambla.com\\\/wp-content\\\/uploads\\\/2025\\\/11\\\/amoc.webp\",\"datePublished\":\"2025-11-18T12:43:06+00:00\",\"breadcrumb\":{\"@id\":\"https:\\\/\\\/www.revistarambla.com\\\/que-pasaria-si-colapsara-la-corriente-oceanica-amoc\\\/#breadcrumb\"},\"inLanguage\":\"en-GB\",\"potentialAction\":[{\"@type\":\"ReadAction\",\"target\":[\"https:\\\/\\\/www.revistarambla.com\\\/que-pasaria-si-colapsara-la-corriente-oceanica-amoc\\\/\"]}]},{\"@type\":\"ImageObject\",\"inLanguage\":\"en-GB\",\"@id\":\"https:\\\/\\\/www.revistarambla.com\\\/que-pasaria-si-colapsara-la-corriente-oceanica-amoc\\\/#primaryimage\",\"url\":\"https:\\\/\\\/www.revistarambla.com\\\/wp-content\\\/uploads\\\/2025\\\/11\\\/amoc.webp\",\"contentUrl\":\"https:\\\/\\\/www.revistarambla.com\\\/wp-content\\\/uploads\\\/2025\\\/11\\\/amoc.webp\",\"width\":1920,\"height\":1315,\"caption\":\"amoc\"},{\"@type\":\"BreadcrumbList\",\"@id\":\"https:\\\/\\\/www.revistarambla.com\\\/que-pasaria-si-colapsara-la-corriente-oceanica-amoc\\\/#breadcrumb\",\"itemListElement\":[{\"@type\":\"ListItem\",\"position\":1,\"name\":\"Portada\",\"item\":\"https:\\\/\\\/www.revistarambla.com\\\/\"},{\"@type\":\"ListItem\",\"position\":2,\"name\":\"\u00bfQu\u00e9 pasar\u00eda si colapsara la corriente oce\u00e1nica AMOC?\"}]},{\"@type\":\"WebSite\",\"@id\":\"https:\\\/\\\/www.revistarambla.com\\\/#website\",\"url\":\"https:\\\/\\\/www.revistarambla.com\\\/\",\"name\":\"Revista Rambla Barcelona\",\"description\":\"Periodismo independiente\",\"publisher\":{\"@id\":\"https:\\\/\\\/www.revistarambla.com\\\/#organization\"},\"potentialAction\":[{\"@type\":\"SearchAction\",\"target\":{\"@type\":\"EntryPoint\",\"urlTemplate\":\"https:\\\/\\\/www.revistarambla.com\\\/?s={search_term_string}\"},\"query-input\":{\"@type\":\"PropertyValueSpecification\",\"valueRequired\":true,\"valueName\":\"search_term_string\"}}],\"inLanguage\":\"en-GB\"},{\"@type\":\"Organization\",\"@id\":\"https:\\\/\\\/www.revistarambla.com\\\/#organization\",\"name\":\"Revista Rambla\",\"url\":\"https:\\\/\\\/www.revistarambla.com\\\/\",\"logo\":{\"@type\":\"ImageObject\",\"inLanguage\":\"en-GB\",\"@id\":\"https:\\\/\\\/www.revistarambla.com\\\/#\\\/schema\\\/logo\\\/image\\\/\",\"url\":\"https:\\\/\\\/www.revistarambla.com\\\/wp-content\\\/uploads\\\/2020\\\/09\\\/banner_rambla_1900x600_BB.png\",\"contentUrl\":\"https:\\\/\\\/www.revistarambla.com\\\/wp-content\\\/uploads\\\/2020\\\/09\\\/banner_rambla_1900x600_BB.png\",\"width\":1900,\"height\":600,\"caption\":\"Revista Rambla\"},\"image\":{\"@id\":\"https:\\\/\\\/www.revistarambla.com\\\/#\\\/schema\\\/logo\\\/image\\\/\"},\"sameAs\":[\"https:\\\/\\\/www.facebook.com\\\/revistarambla\\\/\",\"https:\\\/\\\/x.com\\\/revistarambla\",\"https:\\\/\\\/www.instagram.com\\\/revista_rambla\",\"https:\\\/\\\/es.linkedin.com\\\/company\\\/revista-rambla\"]},{\"@type\":\"Person\",\"@id\":\"https:\\\/\\\/www.revistarambla.com\\\/#\\\/schema\\\/person\\\/a146a5a2550b94981a75131180e1bd9c\",\"name\":\"R@mbla\",\"description\":\"Este art\u00edculo ha sido redactado y\\\/o validado por el equipo de redacci\u00f3n de Revista Rambla.\",\"sameAs\":[\"https:\\\/\\\/www.revistarambla.com\\\/\",\"https:\\\/\\\/www.facebook.com\\\/revistarambla\",\"https:\\\/\\\/x.com\\\/revistarambla\"]}]}<\/script>\n<!-- \/ Yoast SEO plugin. -->","yoast_head_json":{"title":"\u00bfQu\u00e9 pasar\u00eda si colapsara la corriente oce\u00e1nica AMOC? - Revista Rambla","robots":{"index":"index","follow":"follow","max-snippet":"max-snippet:-1","max-image-preview":"max-image-preview:large","max-video-preview":"max-video-preview:-1"},"canonical":"https:\/\/www.revistarambla.com\/en\/que-pasaria-si-colapsara-la-corriente-oceanica-amoc\/","og_locale":"en_GB","og_type":"article","og_title":"\u00bfQu\u00e9 pasar\u00eda si colapsara la corriente oce\u00e1nica AMOC? - Revista Rambla","og_description":"La Circulaci\u00f3n Meridional de Vuelco Atl\u00e1ntica (AMOC, por sus siglas en ingl\u00e9s), conocida tambi\u00e9n como la circulaci\u00f3n termohalina en el Atl\u00e1ntico, es un componente crucial","og_url":"https:\/\/www.revistarambla.com\/en\/que-pasaria-si-colapsara-la-corriente-oceanica-amoc\/","og_site_name":"Revista Rambla","article_publisher":"https:\/\/www.facebook.com\/revistarambla\/","article_author":"https:\/\/www.facebook.com\/revistarambla","article_published_time":"2025-11-18T12:43:06+00:00","og_image":[{"width":1920,"height":1315,"url":"https:\/\/www.revistarambla.com\/wp-content\/uploads\/2025\/11\/amoc.webp","type":"image\/webp"}],"author":"R@mbla","twitter_card":"summary_large_image","twitter_creator":"@revistarambla","twitter_site":"@revistarambla","twitter_misc":{"Written by":"R@mbla","Estimated reading time":"7 minutes"},"schema":{"@context":"https:\/\/schema.org","@graph":[{"@type":"Article","@id":"https:\/\/www.revistarambla.com\/que-pasaria-si-colapsara-la-corriente-oceanica-amoc\/#article","isPartOf":{"@id":"https:\/\/www.revistarambla.com\/que-pasaria-si-colapsara-la-corriente-oceanica-amoc\/"},"author":{"name":"R@mbla","@id":"https:\/\/www.revistarambla.com\/#\/schema\/person\/a146a5a2550b94981a75131180e1bd9c"},"headline":"\u00bfQu\u00e9 pasar\u00eda si colapsara la corriente oce\u00e1nica AMOC?","datePublished":"2025-11-18T12:43:06+00:00","mainEntityOfPage":{"@id":"https:\/\/www.revistarambla.com\/que-pasaria-si-colapsara-la-corriente-oceanica-amoc\/"},"wordCount":1373,"publisher":{"@id":"https:\/\/www.revistarambla.com\/#organization"},"image":{"@id":"https:\/\/www.revistarambla.com\/que-pasaria-si-colapsara-la-corriente-oceanica-amoc\/#primaryimage"},"thumbnailUrl":"https:\/\/www.revistarambla.com\/wp-content\/uploads\/2025\/11\/amoc.webp","articleSection":["Otras Miradas"],"inLanguage":"en-GB"},{"@type":"WebPage","@id":"https:\/\/www.revistarambla.com\/que-pasaria-si-colapsara-la-corriente-oceanica-amoc\/","url":"https:\/\/www.revistarambla.com\/que-pasaria-si-colapsara-la-corriente-oceanica-amoc\/","name":"\u00bfQu\u00e9 pasar\u00eda si colapsara la corriente oce\u00e1nica AMOC? - Revista Rambla","isPartOf":{"@id":"https:\/\/www.revistarambla.com\/#website"},"primaryImageOfPage":{"@id":"https:\/\/www.revistarambla.com\/que-pasaria-si-colapsara-la-corriente-oceanica-amoc\/#primaryimage"},"image":{"@id":"https:\/\/www.revistarambla.com\/que-pasaria-si-colapsara-la-corriente-oceanica-amoc\/#primaryimage"},"thumbnailUrl":"https:\/\/www.revistarambla.com\/wp-content\/uploads\/2025\/11\/amoc.webp","datePublished":"2025-11-18T12:43:06+00:00","breadcrumb":{"@id":"https:\/\/www.revistarambla.com\/que-pasaria-si-colapsara-la-corriente-oceanica-amoc\/#breadcrumb"},"inLanguage":"en-GB","potentialAction":[{"@type":"ReadAction","target":["https:\/\/www.revistarambla.com\/que-pasaria-si-colapsara-la-corriente-oceanica-amoc\/"]}]},{"@type":"ImageObject","inLanguage":"en-GB","@id":"https:\/\/www.revistarambla.com\/que-pasaria-si-colapsara-la-corriente-oceanica-amoc\/#primaryimage","url":"https:\/\/www.revistarambla.com\/wp-content\/uploads\/2025\/11\/amoc.webp","contentUrl":"https:\/\/www.revistarambla.com\/wp-content\/uploads\/2025\/11\/amoc.webp","width":1920,"height":1315,"caption":"amoc"},{"@type":"BreadcrumbList","@id":"https:\/\/www.revistarambla.com\/que-pasaria-si-colapsara-la-corriente-oceanica-amoc\/#breadcrumb","itemListElement":[{"@type":"ListItem","position":1,"name":"Portada","item":"https:\/\/www.revistarambla.com\/"},{"@type":"ListItem","position":2,"name":"\u00bfQu\u00e9 pasar\u00eda si colapsara la corriente oce\u00e1nica AMOC?"}]},{"@type":"WebSite","@id":"https:\/\/www.revistarambla.com\/#website","url":"https:\/\/www.revistarambla.com\/","name":"Revista Rambla Barcelona","description":"Periodismo independiente","publisher":{"@id":"https:\/\/www.revistarambla.com\/#organization"},"potentialAction":[{"@type":"SearchAction","target":{"@type":"EntryPoint","urlTemplate":"https:\/\/www.revistarambla.com\/?s={search_term_string}"},"query-input":{"@type":"PropertyValueSpecification","valueRequired":true,"valueName":"search_term_string"}}],"inLanguage":"en-GB"},{"@type":"Organization","@id":"https:\/\/www.revistarambla.com\/#organization","name":"Revista Rambla","url":"https:\/\/www.revistarambla.com\/","logo":{"@type":"ImageObject","inLanguage":"en-GB","@id":"https:\/\/www.revistarambla.com\/#\/schema\/logo\/image\/","url":"https:\/\/www.revistarambla.com\/wp-content\/uploads\/2020\/09\/banner_rambla_1900x600_BB.png","contentUrl":"https:\/\/www.revistarambla.com\/wp-content\/uploads\/2020\/09\/banner_rambla_1900x600_BB.png","width":1900,"height":600,"caption":"Revista Rambla"},"image":{"@id":"https:\/\/www.revistarambla.com\/#\/schema\/logo\/image\/"},"sameAs":["https:\/\/www.facebook.com\/revistarambla\/","https:\/\/x.com\/revistarambla","https:\/\/www.instagram.com\/revista_rambla","https:\/\/es.linkedin.com\/company\/revista-rambla"]},{"@type":"Person","@id":"https:\/\/www.revistarambla.com\/#\/schema\/person\/a146a5a2550b94981a75131180e1bd9c","name":"R@mbla","description":"Este art\u00edculo ha sido redactado y\/o validado por el equipo de redacci\u00f3n de Revista Rambla.","sameAs":["https:\/\/www.revistarambla.com\/","https:\/\/www.facebook.com\/revistarambla","https:\/\/x.com\/revistarambla"]}]}},"_links":{"self":[{"href":"https:\/\/www.revistarambla.com\/en\/wp-json\/wp\/v2\/posts\/67218","targetHints":{"allow":["GET"]}}],"collection":[{"href":"https:\/\/www.revistarambla.com\/en\/wp-json\/wp\/v2\/posts"}],"about":[{"href":"https:\/\/www.revistarambla.com\/en\/wp-json\/wp\/v2\/types\/post"}],"author":[{"embeddable":true,"href":"https:\/\/www.revistarambla.com\/en\/wp-json\/wp\/v2\/users\/3"}],"replies":[{"embeddable":true,"href":"https:\/\/www.revistarambla.com\/en\/wp-json\/wp\/v2\/comments?post=67218"}],"version-history":[{"count":1,"href":"https:\/\/www.revistarambla.com\/en\/wp-json\/wp\/v2\/posts\/67218\/revisions"}],"predecessor-version":[{"id":67221,"href":"https:\/\/www.revistarambla.com\/en\/wp-json\/wp\/v2\/posts\/67218\/revisions\/67221"}],"wp:featuredmedia":[{"embeddable":true,"href":"https:\/\/www.revistarambla.com\/en\/wp-json\/wp\/v2\/media\/67220"}],"wp:attachment":[{"href":"https:\/\/www.revistarambla.com\/en\/wp-json\/wp\/v2\/media?parent=67218"}],"wp:term":[{"taxonomy":"category","embeddable":true,"href":"https:\/\/www.revistarambla.com\/en\/wp-json\/wp\/v2\/categories?post=67218"},{"taxonomy":"post_tag","embeddable":true,"href":"https:\/\/www.revistarambla.com\/en\/wp-json\/wp\/v2\/tags?post=67218"}],"curies":[{"name":"wp","href":"https:\/\/api.w.org\/{rel}","templated":true}]}}