{"id":67214,"date":"2025-11-18T13:10:08","date_gmt":"2025-11-18T12:10:08","guid":{"rendered":"https:\/\/www.revistarambla.com\/?p=67214"},"modified":"2025-11-26T19:35:30","modified_gmt":"2025-11-26T18:35:30","slug":"la-precariedad-habitacional-se-convierte-en-llamas-en-las-chabolas-de-sagrera","status":"publish","type":"post","link":"https:\/\/www.revistarambla.com\/en\/la-precariedad-habitacional-se-convierte-en-llamas-en-las-chabolas-de-sagrera\/","title":{"rendered":"La precariedad habitacional se convierte en llamas en las chabolas de la Sagrera"},"content":{"rendered":"<p>Un incendio declarado a primera hora de esta ma\u00f1ana ha devastado un asentamiento de chabolas en el distrito de Sant Andreu, dejando al menos dos personas heridas <!--more-->y reavivando el debate sobre la persistencia de infraviviendas en una ciudad que se enorgullece de su modernidad. El fuego, que se inici\u00f3 alrededor de las 7:00 horas en la confluencia de las calles Bac de Roda y Huelva, afect\u00f3 a media docena de barracas improvisadas situadas en una zona lim\u00edtrofe entre los barrios de La Sagrera y Sant Mart\u00ed. Este espacio perif\u00e9rico, adyacente a las colosales obras de la futura estaci\u00f3n del AVE en La Sagrera, ha sido escenario de incidentes similares en el pasado, destacando las vulnerabilidades sociales que persisten en los intersticios urbanos de la capital catalana.<\/p>\n<p>El aviso del siniestro fue recibido por los servicios de emergencia a las siete de la ma\u00f1ana, seg\u00fan confirmaron fuentes de los Bombers de Barcelona. Una decena de dotaciones de bomberos se desplegaron r\u00e1pidamente en el lugar, trabajando intensamente para controlar las llamas que se propagaron con rapidez debido a la naturaleza precaria de las construcciones \u2014hechas principalmente de pal\u00e9s, pl\u00e1sticos y lonas\u2014. El fuego fue extinguido alrededor de las 8:19 horas, pero no sin antes generar una densa columna de humo visible desde varios puntos de la ciudad y obligar al corte temporal del tr\u00e1fico en el puente de Bac de Roda y la calle Huelva. Las l\u00edneas de autob\u00fas afectadas fueron desviadas, causando leves disrupciones en la movilidad matutina. Los Mossos d\u2019Esquadra, por su parte, han iniciado una investigaci\u00f3n para determinar el origen del incendio. Aunque no se ha confirmado aun si fue accidental o intencionado, testigos reportaron explosiones que podr\u00edan atribuirse a bombonas de butano, aerosoles o bater\u00edas almacenadas de manera improvisada en el asentamiento. Fuentes policiales indicaron que se encontraron varios cilindros de gas entre los restos calcinados, un factor com\u00fan en este tipo de incidentes.<\/p>\n<p>En cuanto a las v\u00edctimas, el balance inicial confirma dos heridos. Uno de ellos sufri\u00f3 quemaduras de gravedad moderada y fue trasladado en estado menos grave al Hospital Vall d\u2019Hebron, uno de los centros de referencia en quemados de Catalu\u00f1a. El segundo herido present\u00f3 un corte en la mano, posiblemente causado durante la evacuaci\u00f3n apresurada, y fue atendido in situ por personal del Sistema d\u2019Emerg\u00e8ncies M\u00e8diques (SEM), sin requerir hospitalizaci\u00f3n. No se reportaron fallecidos, pero el Centro de Urgencias y Emergencias Sociales de Barcelona (CUESB) atendi\u00f3 a un total de ocho personas afectadas \u2014siete hombres y una mujer\u2014, todas adultas en situaci\u00f3n de vulnerabilidad. Estos individuos recibieron acompa\u00f1amiento m\u00e9dico, orientaci\u00f3n social y derivaciones a servicios como el SOASS (Servicio de Orientaci\u00f3n y Atenci\u00f3n Social al Sinhogarismo) y el SASSEP (Servicio de Atenci\u00f3n Social al Sinhogarismo en el Espacio P\u00fablico). Los equipos de calle de servicios sociales han estado operando en la zona durante los \u00faltimos cinco a\u00f1os, lo que subraya la cronicidad del problema.<\/p>\n<p>Este no es un episodio aislado. El asentamiento bajo el puente de Bac de Roda ha sufrido al menos dos incendios previos en 2025: uno en enero en un solar adyacente propiedad de Adif, y otro en abril, que ya generaron alertas entre vecinos y autoridades. Vecinos de los bloques colindantes, como los de Sant Mart\u00ed de Proven\u00e7als, han expresado su frustraci\u00f3n ante la recurrencia de estos eventos. Justa Clavijo, una residente de larga data en el barrio, declar\u00f3 a medios locales: \u201cLlevamos a\u00f1os as\u00ed. En una ciudad como Barcelona esto no puede ocurrir. Era la cr\u00f3nica de una muerte anunciada\u201d. Clavijo enfatiz\u00f3 la obligaci\u00f3n del Ayuntamiento de abordar el problema habitacional, sugiriendo que solo se actuar\u00e1 cuando se inaugure la estaci\u00f3n del AVE. Otros residentes denuncian no solo los riesgos de incendio, sino tambi\u00e9n problemas asociados como robos, altercados nocturnos y la proliferaci\u00f3n de insalubridad, exacerbados por la ausencia de infraestructuras b\u00e1sicas como agua corriente o electricidad regulada.<\/p>\n<p>Para entender la magnitud de este incidente, es esencial contextualizarlo dentro de la historia del chabolismo en Barcelona. Aunque el barraquismo masivo de los a\u00f1os 50 y 60 \u2014impulsado por la migraci\u00f3n rural y la industrializaci\u00f3n\u2014 fue erradicado en gran medida durante las d\u00e9cadas siguientes, con la demolici\u00f3n de barrios como el Somorrostro o Montju\u00efc, resurgi\u00f3 en formas m\u00e1s dispersas a partir de los 2000. Seg\u00fan datos del Ayuntamiento, en 2020 se identificaban unos 77 asentamientos con m\u00e1s de 400 personas en situaci\u00f3n de sinhogarismo, concentrados en distritos como Sant Mart\u00ed, Sant Andreu y el Eix Bes\u00f2s. La Sagrera, en particular, se ha convertido en un foco visible debido a las prolongadas obras de la estaci\u00f3n intermodal, que han dejado solares vac\u00edos y abandonados propicios para estos n\u00facleos informales. En octubre de 2024, las mismas obras obligaron al desalojo de un asentamiento de 40 personas, muchos de ellos gitanos oriundos de Europa del Este, destacando c\u00f3mo los proyectos urban\u00edsticos de gran escala generan desplazamientos sin soluciones alternativas.<\/p>\n<p>Las obras de la estaci\u00f3n de La Sagrera, iniciadas hace m\u00e1s de 15 a\u00f1os y con un horizonte de finalizaci\u00f3n a\u00fan incierto \u2014se estima al menos siete a\u00f1os m\u00e1s\u2014, representan un paradigma de los desaf\u00edos urbanos en Barcelona. Prometida como la gran terminal ferroviaria de la ciudad, con conexiones de AVE, Rodalies y metro, el proyecto ha acumulado sobrecostes millonarios, retrasos por corrupci\u00f3n (como el caso investigado en 2016 por malversaci\u00f3n en el Juzgado de Instrucci\u00f3n n\u00famero 9) y problemas ambientales. Sin embargo, su impacto social es igualmente grave: los terrenos bald\u00edos han atra\u00eddo a decenas de personas en precariedad, viviendo en chabolas, sin agua ni luz, calent\u00e1ndose con hogueras y dependiendo de conexiones el\u00e9ctricas ilegales que aumentan el riesgo de incendios. Expertos en urbanismo, como los del Institut Metr\u00f2poli, se\u00f1alan que estos vac\u00edos urbanos contribuyen a la insostenibilidad social, agravada por la crisis habitacional pospandemia, con alquileres disparados y una oferta insuficiente de vivienda social.<\/p>\n<p>El incendio ha desatado una oleada de reacciones pol\u00edticas. Jordi Mart\u00ed Galbis, presidente de Junts per Barcelona, calific\u00f3 el suceso como \u201ccuesti\u00f3n de tiempo\u201d debido a la \u201cinacci\u00f3n\u201d del gobierno municipal liderado por Jaume Collboni (PSC), y reclam\u00f3 el desmantelamiento urgente de los asentamientos con atenci\u00f3n prioritaria a las personas vulnerables. ERC present\u00f3 un ruego para un plan de choque inmediato, incluyendo medidas de mantenimiento y seguridad hasta la finalizaci\u00f3n de las obras. Daniel Sirera, del PP, denunci\u00f3 la \u201cdejadez\u201d del PSC y exigi\u00f3 evacuaciones, atendiendo especialmente a adultos y posibles menores en riesgo. Incluso Vox se sum\u00f3, tildando la situaci\u00f3n de \u201cinhumana y tercermundista\u201d. Entidades vecinales, como la Asociaci\u00f3n Vecinal de Nav\u00e0s, han solicitado la rehabilitaci\u00f3n de la zona, incluyendo la Torre del Fang \u2014un hist\u00f3rico cuartel de la Guerra de Sucesi\u00f3n\u2014, que se ha convertido en un foco de basura, plagas de ratas y degradaci\u00f3n.<\/p>\n<p>El impacto en la comunidad es multifac\u00e9tico. Para los residentes del asentamiento, la p\u00e9rdida de sus precarias viviendas significa un nuevo ciclo de inestabilidad, con servicios sociales ofreciendo soluciones temporales como albergues o programas de inserci\u00f3n. Para los vecinos colindantes, representa un recordatorio de las desigualdades urbanas: una ciudad que invierte millones en infraestructuras de \u00e9lite, pero falla en integrar a sus marginados. Seg\u00fan estimaciones municipales, entre 500 y 550 personas viven en asentamientos similares en Barcelona, concentrados en \u00e1reas en transformaci\u00f3n como La Sagrera, Vallcarca o Poblenou.<\/p>\n<p>Mirando hacia el futuro, expertos abogan por enfoques integrales: no solo desalojos, sino puentes hacia vivienda digna, refuerzo de programas sociales y aceleraci\u00f3n de las obras para eliminar vac\u00edos urbanos. La Sagrera podr\u00eda convertirse en un s\u00edmbolo de regeneraci\u00f3n si se prioriza la inclusi\u00f3n social junto al desarrollo ferroviario. Sin embargo, mientras persistan las demoras y la inacci\u00f3n, incidentes como este seguir\u00e1n siendo, como dijo Clavijo, \u201cla cr\u00f3nica de una muerte anunciada\u201d. Barcelona, una metr\u00f3polis global, no puede permitirse ignorar estas grietas en su tejido social.<\/p>","protected":false},"excerpt":{"rendered":"<p>Un incendio declarado a primera hora de esta ma\u00f1ana ha devastado un asentamiento de chabolas en el distrito de Sant Andreu, dejando al menos dos personas heridas<\/p>","protected":false},"author":3,"featured_media":67215,"comment_status":"closed","ping_status":"closed","sticky":false,"template":"","format":"standard","meta":{"footnotes":""},"categories":[76],"tags":[],"class_list":["post-67214","post","type-post","status-publish","format-standard","has-post-thumbnail","hentry","category-barcelona"],"yoast_head":"<!-- This site is optimized with the Yoast SEO plugin v27.5 - https:\/\/yoast.com\/product\/yoast-seo-wordpress\/ -->\n<title>La precariedad habitacional se convierte en llamas en las chabolas de la Sagrera - Revista Rambla<\/title>\n<meta name=\"robots\" content=\"index, follow, max-snippet:-1, max-image-preview:large, max-video-preview:-1\" \/>\n<link rel=\"canonical\" href=\"https:\/\/www.revistarambla.com\/en\/la-precariedad-habitacional-se-convierte-en-llamas-en-las-chabolas-de-sagrera\/\" \/>\n<meta property=\"og:locale\" content=\"en_GB\" \/>\n<meta property=\"og:type\" content=\"article\" \/>\n<meta property=\"og:title\" content=\"La precariedad habitacional se convierte en llamas en las chabolas de la Sagrera - Revista Rambla\" \/>\n<meta property=\"og:description\" content=\"Un incendio declarado a primera hora de esta ma\u00f1ana ha devastado un asentamiento de chabolas en el distrito de Sant Andreu, dejando al menos dos personas heridas\" \/>\n<meta property=\"og:url\" content=\"https:\/\/www.revistarambla.com\/en\/la-precariedad-habitacional-se-convierte-en-llamas-en-las-chabolas-de-sagrera\/\" \/>\n<meta property=\"og:site_name\" content=\"Revista Rambla\" \/>\n<meta property=\"article:publisher\" content=\"https:\/\/www.facebook.com\/revistarambla\/\" \/>\n<meta property=\"article:author\" content=\"https:\/\/www.facebook.com\/revistarambla\" \/>\n<meta property=\"article:published_time\" content=\"2025-11-18T12:10:08+00:00\" \/>\n<meta property=\"article:modified_time\" content=\"2025-11-26T18:35:30+00:00\" \/>\n<meta property=\"og:image\" content=\"https:\/\/www.revistarambla.com\/wp-content\/uploads\/2025\/11\/691c23dee65ae.webp\" \/>\n\t<meta property=\"og:image:width\" content=\"768\" \/>\n\t<meta property=\"og:image:height\" content=\"432\" \/>\n\t<meta property=\"og:image:type\" content=\"image\/webp\" \/>\n<meta name=\"author\" content=\"R@mbla\" \/>\n<meta name=\"twitter:card\" content=\"summary_large_image\" \/>\n<meta name=\"twitter:creator\" content=\"@revistarambla\" \/>\n<meta name=\"twitter:site\" content=\"@revistarambla\" \/>\n<meta name=\"twitter:label1\" content=\"Written by\" \/>\n\t<meta name=\"twitter:data1\" content=\"R@mbla\" \/>\n\t<meta name=\"twitter:label2\" content=\"Estimated reading time\" \/>\n\t<meta name=\"twitter:data2\" content=\"7 minutes\" \/>\n<script type=\"application\/ld+json\" class=\"yoast-schema-graph\">{\"@context\":\"https:\\\/\\\/schema.org\",\"@graph\":[{\"@type\":\"Article\",\"@id\":\"https:\\\/\\\/www.revistarambla.com\\\/la-precariedad-habitacional-se-convierte-en-llamas-en-las-chabolas-de-sagrera\\\/#article\",\"isPartOf\":{\"@id\":\"https:\\\/\\\/www.revistarambla.com\\\/la-precariedad-habitacional-se-convierte-en-llamas-en-las-chabolas-de-sagrera\\\/\"},\"author\":{\"name\":\"R@mbla\",\"@id\":\"https:\\\/\\\/www.revistarambla.com\\\/#\\\/schema\\\/person\\\/a146a5a2550b94981a75131180e1bd9c\"},\"headline\":\"La precariedad habitacional se convierte en llamas en las chabolas de la Sagrera\",\"datePublished\":\"2025-11-18T12:10:08+00:00\",\"dateModified\":\"2025-11-26T18:35:30+00:00\",\"mainEntityOfPage\":{\"@id\":\"https:\\\/\\\/www.revistarambla.com\\\/la-precariedad-habitacional-se-convierte-en-llamas-en-las-chabolas-de-sagrera\\\/\"},\"wordCount\":1386,\"publisher\":{\"@id\":\"https:\\\/\\\/www.revistarambla.com\\\/#organization\"},\"image\":{\"@id\":\"https:\\\/\\\/www.revistarambla.com\\\/la-precariedad-habitacional-se-convierte-en-llamas-en-las-chabolas-de-sagrera\\\/#primaryimage\"},\"thumbnailUrl\":\"https:\\\/\\\/www.revistarambla.com\\\/wp-content\\\/uploads\\\/2025\\\/11\\\/691c23dee65ae.webp\",\"articleSection\":[\"Barcelona\"],\"inLanguage\":\"en-GB\"},{\"@type\":\"WebPage\",\"@id\":\"https:\\\/\\\/www.revistarambla.com\\\/la-precariedad-habitacional-se-convierte-en-llamas-en-las-chabolas-de-sagrera\\\/\",\"url\":\"https:\\\/\\\/www.revistarambla.com\\\/la-precariedad-habitacional-se-convierte-en-llamas-en-las-chabolas-de-sagrera\\\/\",\"name\":\"La precariedad habitacional se convierte en llamas en las chabolas de la Sagrera - Revista Rambla\",\"isPartOf\":{\"@id\":\"https:\\\/\\\/www.revistarambla.com\\\/#website\"},\"primaryImageOfPage\":{\"@id\":\"https:\\\/\\\/www.revistarambla.com\\\/la-precariedad-habitacional-se-convierte-en-llamas-en-las-chabolas-de-sagrera\\\/#primaryimage\"},\"image\":{\"@id\":\"https:\\\/\\\/www.revistarambla.com\\\/la-precariedad-habitacional-se-convierte-en-llamas-en-las-chabolas-de-sagrera\\\/#primaryimage\"},\"thumbnailUrl\":\"https:\\\/\\\/www.revistarambla.com\\\/wp-content\\\/uploads\\\/2025\\\/11\\\/691c23dee65ae.webp\",\"datePublished\":\"2025-11-18T12:10:08+00:00\",\"dateModified\":\"2025-11-26T18:35:30+00:00\",\"breadcrumb\":{\"@id\":\"https:\\\/\\\/www.revistarambla.com\\\/la-precariedad-habitacional-se-convierte-en-llamas-en-las-chabolas-de-sagrera\\\/#breadcrumb\"},\"inLanguage\":\"en-GB\",\"potentialAction\":[{\"@type\":\"ReadAction\",\"target\":[\"https:\\\/\\\/www.revistarambla.com\\\/la-precariedad-habitacional-se-convierte-en-llamas-en-las-chabolas-de-sagrera\\\/\"]}]},{\"@type\":\"ImageObject\",\"inLanguage\":\"en-GB\",\"@id\":\"https:\\\/\\\/www.revistarambla.com\\\/la-precariedad-habitacional-se-convierte-en-llamas-en-las-chabolas-de-sagrera\\\/#primaryimage\",\"url\":\"https:\\\/\\\/www.revistarambla.com\\\/wp-content\\\/uploads\\\/2025\\\/11\\\/691c23dee65ae.webp\",\"contentUrl\":\"https:\\\/\\\/www.revistarambla.com\\\/wp-content\\\/uploads\\\/2025\\\/11\\\/691c23dee65ae.webp\",\"width\":768,\"height\":432,\"caption\":\"incendio chabolas barcelona\"},{\"@type\":\"BreadcrumbList\",\"@id\":\"https:\\\/\\\/www.revistarambla.com\\\/la-precariedad-habitacional-se-convierte-en-llamas-en-las-chabolas-de-sagrera\\\/#breadcrumb\",\"itemListElement\":[{\"@type\":\"ListItem\",\"position\":1,\"name\":\"Portada\",\"item\":\"https:\\\/\\\/www.revistarambla.com\\\/\"},{\"@type\":\"ListItem\",\"position\":2,\"name\":\"La precariedad habitacional se convierte en llamas en las chabolas de la Sagrera\"}]},{\"@type\":\"WebSite\",\"@id\":\"https:\\\/\\\/www.revistarambla.com\\\/#website\",\"url\":\"https:\\\/\\\/www.revistarambla.com\\\/\",\"name\":\"Revista Rambla Barcelona\",\"description\":\"Periodismo independiente\",\"publisher\":{\"@id\":\"https:\\\/\\\/www.revistarambla.com\\\/#organization\"},\"potentialAction\":[{\"@type\":\"SearchAction\",\"target\":{\"@type\":\"EntryPoint\",\"urlTemplate\":\"https:\\\/\\\/www.revistarambla.com\\\/?s={search_term_string}\"},\"query-input\":{\"@type\":\"PropertyValueSpecification\",\"valueRequired\":true,\"valueName\":\"search_term_string\"}}],\"inLanguage\":\"en-GB\"},{\"@type\":\"Organization\",\"@id\":\"https:\\\/\\\/www.revistarambla.com\\\/#organization\",\"name\":\"Revista Rambla\",\"url\":\"https:\\\/\\\/www.revistarambla.com\\\/\",\"logo\":{\"@type\":\"ImageObject\",\"inLanguage\":\"en-GB\",\"@id\":\"https:\\\/\\\/www.revistarambla.com\\\/#\\\/schema\\\/logo\\\/image\\\/\",\"url\":\"https:\\\/\\\/www.revistarambla.com\\\/wp-content\\\/uploads\\\/2020\\\/09\\\/banner_rambla_1900x600_BB.png\",\"contentUrl\":\"https:\\\/\\\/www.revistarambla.com\\\/wp-content\\\/uploads\\\/2020\\\/09\\\/banner_rambla_1900x600_BB.png\",\"width\":1900,\"height\":600,\"caption\":\"Revista Rambla\"},\"image\":{\"@id\":\"https:\\\/\\\/www.revistarambla.com\\\/#\\\/schema\\\/logo\\\/image\\\/\"},\"sameAs\":[\"https:\\\/\\\/www.facebook.com\\\/revistarambla\\\/\",\"https:\\\/\\\/x.com\\\/revistarambla\",\"https:\\\/\\\/www.instagram.com\\\/revista_rambla\",\"https:\\\/\\\/es.linkedin.com\\\/company\\\/revista-rambla\"]},{\"@type\":\"Person\",\"@id\":\"https:\\\/\\\/www.revistarambla.com\\\/#\\\/schema\\\/person\\\/a146a5a2550b94981a75131180e1bd9c\",\"name\":\"R@mbla\",\"description\":\"Este art\u00edculo ha sido redactado y\\\/o validado por el equipo de redacci\u00f3n de Revista Rambla.\",\"sameAs\":[\"https:\\\/\\\/www.revistarambla.com\\\/\",\"https:\\\/\\\/www.facebook.com\\\/revistarambla\",\"https:\\\/\\\/x.com\\\/revistarambla\"]}]}<\/script>\n<!-- \/ Yoast SEO plugin. -->","yoast_head_json":{"title":"La precariedad habitacional se convierte en llamas en las chabolas de la Sagrera - Revista Rambla","robots":{"index":"index","follow":"follow","max-snippet":"max-snippet:-1","max-image-preview":"max-image-preview:large","max-video-preview":"max-video-preview:-1"},"canonical":"https:\/\/www.revistarambla.com\/en\/la-precariedad-habitacional-se-convierte-en-llamas-en-las-chabolas-de-sagrera\/","og_locale":"en_GB","og_type":"article","og_title":"La precariedad habitacional se convierte en llamas en las chabolas de la Sagrera - Revista Rambla","og_description":"Un incendio declarado a primera hora de esta ma\u00f1ana ha devastado un asentamiento de chabolas en el distrito de Sant Andreu, dejando al menos dos personas heridas","og_url":"https:\/\/www.revistarambla.com\/en\/la-precariedad-habitacional-se-convierte-en-llamas-en-las-chabolas-de-sagrera\/","og_site_name":"Revista Rambla","article_publisher":"https:\/\/www.facebook.com\/revistarambla\/","article_author":"https:\/\/www.facebook.com\/revistarambla","article_published_time":"2025-11-18T12:10:08+00:00","article_modified_time":"2025-11-26T18:35:30+00:00","og_image":[{"width":768,"height":432,"url":"https:\/\/www.revistarambla.com\/wp-content\/uploads\/2025\/11\/691c23dee65ae.webp","type":"image\/webp"}],"author":"R@mbla","twitter_card":"summary_large_image","twitter_creator":"@revistarambla","twitter_site":"@revistarambla","twitter_misc":{"Written by":"R@mbla","Estimated reading time":"7 minutes"},"schema":{"@context":"https:\/\/schema.org","@graph":[{"@type":"Article","@id":"https:\/\/www.revistarambla.com\/la-precariedad-habitacional-se-convierte-en-llamas-en-las-chabolas-de-sagrera\/#article","isPartOf":{"@id":"https:\/\/www.revistarambla.com\/la-precariedad-habitacional-se-convierte-en-llamas-en-las-chabolas-de-sagrera\/"},"author":{"name":"R@mbla","@id":"https:\/\/www.revistarambla.com\/#\/schema\/person\/a146a5a2550b94981a75131180e1bd9c"},"headline":"La precariedad habitacional se convierte en llamas en las chabolas de la Sagrera","datePublished":"2025-11-18T12:10:08+00:00","dateModified":"2025-11-26T18:35:30+00:00","mainEntityOfPage":{"@id":"https:\/\/www.revistarambla.com\/la-precariedad-habitacional-se-convierte-en-llamas-en-las-chabolas-de-sagrera\/"},"wordCount":1386,"publisher":{"@id":"https:\/\/www.revistarambla.com\/#organization"},"image":{"@id":"https:\/\/www.revistarambla.com\/la-precariedad-habitacional-se-convierte-en-llamas-en-las-chabolas-de-sagrera\/#primaryimage"},"thumbnailUrl":"https:\/\/www.revistarambla.com\/wp-content\/uploads\/2025\/11\/691c23dee65ae.webp","articleSection":["Barcelona"],"inLanguage":"en-GB"},{"@type":"WebPage","@id":"https:\/\/www.revistarambla.com\/la-precariedad-habitacional-se-convierte-en-llamas-en-las-chabolas-de-sagrera\/","url":"https:\/\/www.revistarambla.com\/la-precariedad-habitacional-se-convierte-en-llamas-en-las-chabolas-de-sagrera\/","name":"La precariedad habitacional se convierte en llamas en las chabolas de la Sagrera - Revista Rambla","isPartOf":{"@id":"https:\/\/www.revistarambla.com\/#website"},"primaryImageOfPage":{"@id":"https:\/\/www.revistarambla.com\/la-precariedad-habitacional-se-convierte-en-llamas-en-las-chabolas-de-sagrera\/#primaryimage"},"image":{"@id":"https:\/\/www.revistarambla.com\/la-precariedad-habitacional-se-convierte-en-llamas-en-las-chabolas-de-sagrera\/#primaryimage"},"thumbnailUrl":"https:\/\/www.revistarambla.com\/wp-content\/uploads\/2025\/11\/691c23dee65ae.webp","datePublished":"2025-11-18T12:10:08+00:00","dateModified":"2025-11-26T18:35:30+00:00","breadcrumb":{"@id":"https:\/\/www.revistarambla.com\/la-precariedad-habitacional-se-convierte-en-llamas-en-las-chabolas-de-sagrera\/#breadcrumb"},"inLanguage":"en-GB","potentialAction":[{"@type":"ReadAction","target":["https:\/\/www.revistarambla.com\/la-precariedad-habitacional-se-convierte-en-llamas-en-las-chabolas-de-sagrera\/"]}]},{"@type":"ImageObject","inLanguage":"en-GB","@id":"https:\/\/www.revistarambla.com\/la-precariedad-habitacional-se-convierte-en-llamas-en-las-chabolas-de-sagrera\/#primaryimage","url":"https:\/\/www.revistarambla.com\/wp-content\/uploads\/2025\/11\/691c23dee65ae.webp","contentUrl":"https:\/\/www.revistarambla.com\/wp-content\/uploads\/2025\/11\/691c23dee65ae.webp","width":768,"height":432,"caption":"incendio chabolas barcelona"},{"@type":"BreadcrumbList","@id":"https:\/\/www.revistarambla.com\/la-precariedad-habitacional-se-convierte-en-llamas-en-las-chabolas-de-sagrera\/#breadcrumb","itemListElement":[{"@type":"ListItem","position":1,"name":"Portada","item":"https:\/\/www.revistarambla.com\/"},{"@type":"ListItem","position":2,"name":"La precariedad habitacional se convierte en llamas en las chabolas de la Sagrera"}]},{"@type":"WebSite","@id":"https:\/\/www.revistarambla.com\/#website","url":"https:\/\/www.revistarambla.com\/","name":"Revista Rambla Barcelona","description":"Periodismo independiente","publisher":{"@id":"https:\/\/www.revistarambla.com\/#organization"},"potentialAction":[{"@type":"SearchAction","target":{"@type":"EntryPoint","urlTemplate":"https:\/\/www.revistarambla.com\/?s={search_term_string}"},"query-input":{"@type":"PropertyValueSpecification","valueRequired":true,"valueName":"search_term_string"}}],"inLanguage":"en-GB"},{"@type":"Organization","@id":"https:\/\/www.revistarambla.com\/#organization","name":"Revista Rambla","url":"https:\/\/www.revistarambla.com\/","logo":{"@type":"ImageObject","inLanguage":"en-GB","@id":"https:\/\/www.revistarambla.com\/#\/schema\/logo\/image\/","url":"https:\/\/www.revistarambla.com\/wp-content\/uploads\/2020\/09\/banner_rambla_1900x600_BB.png","contentUrl":"https:\/\/www.revistarambla.com\/wp-content\/uploads\/2020\/09\/banner_rambla_1900x600_BB.png","width":1900,"height":600,"caption":"Revista Rambla"},"image":{"@id":"https:\/\/www.revistarambla.com\/#\/schema\/logo\/image\/"},"sameAs":["https:\/\/www.facebook.com\/revistarambla\/","https:\/\/x.com\/revistarambla","https:\/\/www.instagram.com\/revista_rambla","https:\/\/es.linkedin.com\/company\/revista-rambla"]},{"@type":"Person","@id":"https:\/\/www.revistarambla.com\/#\/schema\/person\/a146a5a2550b94981a75131180e1bd9c","name":"R@mbla","description":"Este art\u00edculo ha sido redactado y\/o validado por el equipo de redacci\u00f3n de Revista Rambla.","sameAs":["https:\/\/www.revistarambla.com\/","https:\/\/www.facebook.com\/revistarambla","https:\/\/x.com\/revistarambla"]}]}},"_links":{"self":[{"href":"https:\/\/www.revistarambla.com\/en\/wp-json\/wp\/v2\/posts\/67214","targetHints":{"allow":["GET"]}}],"collection":[{"href":"https:\/\/www.revistarambla.com\/en\/wp-json\/wp\/v2\/posts"}],"about":[{"href":"https:\/\/www.revistarambla.com\/en\/wp-json\/wp\/v2\/types\/post"}],"author":[{"embeddable":true,"href":"https:\/\/www.revistarambla.com\/en\/wp-json\/wp\/v2\/users\/3"}],"replies":[{"embeddable":true,"href":"https:\/\/www.revistarambla.com\/en\/wp-json\/wp\/v2\/comments?post=67214"}],"version-history":[{"count":2,"href":"https:\/\/www.revistarambla.com\/en\/wp-json\/wp\/v2\/posts\/67214\/revisions"}],"predecessor-version":[{"id":67217,"href":"https:\/\/www.revistarambla.com\/en\/wp-json\/wp\/v2\/posts\/67214\/revisions\/67217"}],"wp:featuredmedia":[{"embeddable":true,"href":"https:\/\/www.revistarambla.com\/en\/wp-json\/wp\/v2\/media\/67215"}],"wp:attachment":[{"href":"https:\/\/www.revistarambla.com\/en\/wp-json\/wp\/v2\/media?parent=67214"}],"wp:term":[{"taxonomy":"category","embeddable":true,"href":"https:\/\/www.revistarambla.com\/en\/wp-json\/wp\/v2\/categories?post=67214"},{"taxonomy":"post_tag","embeddable":true,"href":"https:\/\/www.revistarambla.com\/en\/wp-json\/wp\/v2\/tags?post=67214"}],"curies":[{"name":"wp","href":"https:\/\/api.w.org\/{rel}","templated":true}]}}