{"id":67203,"date":"2025-11-17T19:48:15","date_gmt":"2025-11-17T18:48:15","guid":{"rendered":"https:\/\/www.revistarambla.com\/?p=67203"},"modified":"2025-11-17T19:48:15","modified_gmt":"2025-11-17T18:48:15","slug":"trilce","status":"publish","type":"post","link":"https:\/\/www.revistarambla.com\/en\/trilce\/","title":{"rendered":"Trilce"},"content":{"rendered":"<p>C\u00e9sar Abraham Vallejo Mendoza (1892-1938), uno de los poetas m\u00e1s influyentes de la literatura hispanoamericana del siglo XX, representa un punto de inflexi\u00f3n en la vanguardia po\u00e9tica latinoamericana. Nacido en Santiago de Chuco, Per\u00fa, en el seno de una familia mestiza con ra\u00edces ind\u00edgenas y espa\u00f1olas, Vallejo experiment\u00f3 tempranamente las tensiones sociales y culturales de su \u00e9poca: la migraci\u00f3n del campo a la ciudad, la pobreza, la injusticia laboral y el exilio pol\u00edtico. Su obra po\u00e9tica, marcada por un profundo humanismo y una experimentaci\u00f3n ling\u00fc\u00edstica radical, incluye t\u00edtulos emblem\u00e1ticos como <em>Los heraldos negros<\/em> (1918), <em>Trilce<\/em> (1922), <em>Poemas humanos<\/em> (1939, p\u00f3stumo) y <em>Espa\u00f1a, aparta de m\u00ed este c\u00e1liz<\/em> (1939, p\u00f3stumo). Entre estos, <em>Trilce<\/em> destaca por su hermetismo, su ruptura con las convenciones po\u00e9ticas tradicionales y su invenci\u00f3n de un idiolecto que desaf\u00eda las normas del espa\u00f1ol est\u00e1ndar.<\/p>\n<p>Publicada en octubre de 1922 en Lima, en los Talleres Tipogr\u00e1ficos de la Penitenciar\u00eda, <em>Trilce<\/em> consta de 77 poemas numerados con romanos, sin t\u00edtulos individuales, lo que acent\u00faa su car\u00e1cter enigm\u00e1tico y fragmentario. El libro surgi\u00f3 en un contexto biogr\u00e1fico turbulento: Vallejo acababa de salir de prisi\u00f3n tras 112 d\u00edas de encierro injusto por un supuesto incendio en su pueblo natal (1920-1921), hab\u00eda roto con su amante Otilia Villanueva y enfrentaba la muerte de su madre (1918) y otros mentores. Este trasfondo de orfandad, p\u00e9rdida y alienaci\u00f3n impregna la obra, convirti\u00e9ndola en un testimonio de la crisis existencial del sujeto moderno. Seg\u00fan cr\u00edticos como Antenor Orrego, quien prolog\u00f3 la primera edici\u00f3n, <em>Trilce<\/em> marca \u00abuna superaci\u00f3n est\u00e9tica en la gesta mental de Am\u00e9rica\u00bb, exigiendo del lector un conocimiento profundo y un amor incondicional para su comprensi\u00f3n.<\/p>\n<p>El t\u00edtulo mismo, \u00abTrilce\u00bb, es un neologismo inventado por Vallejo, un t\u00e9rmino que no existe en el diccionario y que ha generado d\u00e9cadas de especulaciones etimol\u00f3gicas y hermen\u00e9uticas. Vallejo afirm\u00f3 en una entrevista con C\u00e9sar Gonz\u00e1lez Ruano en 1931 que \u00abTrilce no quiere decir nada. No encontraba, en mi af\u00e1n, ninguna palabra con dignidad de t\u00edtulo y entonces la invent\u00e9: Trilce\u00bb. Sin embargo, esta declaraci\u00f3n no cierra el debate; al contrario, invita a explorar sus posibles ra\u00edces fon\u00e9ticas, sem\u00e1nticas y simb\u00f3licas.<\/p>\n<h2>Origen y etimolog\u00eda de \u00abTrilce\u00bb: Hip\u00f3tesis y especulaciones<\/h2>\n<p>La invenci\u00f3n de \u00abTrilce\u00bb responde a la necesidad de Vallejo de romper con la tradici\u00f3n literaria y crear un lenguaje propio, alineado con las vanguardias europeas como el dada\u00edsmo y el ultra\u00edsmo, pero anclado en la realidad latinoamericana. Seg\u00fan Enrique Foffani, el t\u00edtulo tapa un \u00abvac\u00edo\u00bb textual, desconociendo el \u00abnombre del padre\u00bb y simbolizando una orfandad geneal\u00f3gica que permea toda la obra. Posibles t\u00edtulos previos, como <em>F\u00e9retros<\/em> o Cr\u00e1neos de bronce, fueron descartados, sugiriendo que \u00abTrilce\u00bb emerge de una crisis nominativa, un acto de nominaci\u00f3n que es, a la vez, des-nominaci\u00f3n.<\/p>\n<p>Las hip\u00f3tesis etimol\u00f3gicas son variadas y reflejan la riqueza interpretativa del t\u00e9rmino. Una de las m\u00e1s tempranas, propuesta por cr\u00edticos como Juan Casta\u00f1\u00f3n (1963), Amado Nervo Ferro (1964) y Jean Franco (1967), lo deriva de la fusi\u00f3n de \u00abtriste\u00bb y \u00abdulce\u00bb, evocando la ambivalencia emocional de los poemas: el dolor existencial mitigado por un anhelo de ternura. Esta interpretaci\u00f3n se alinea con el tono melanc\u00f3lico de piezas como el poema XXIII, donde la nostalgia por la madre se entreteje con im\u00e1genes de dulzura hogare\u00f1a. Eduardo Neale-Silva (1975) ampl\u00eda esta idea, vincul\u00e1ndola a la \u00abfase tr\u00edlcica\u00bb de Vallejo, donde el lenguaje se deforma para capturar la dualidad de la vida.<\/p>\n<p>Otras lecturas son m\u00e1s concretas y biogr\u00e1ficas. Se ha sugerido que \u00abTrilce\u00bb alude a \u00abtres libras\u00bb, el costo de impresi\u00f3n del libro en la penitenciar\u00eda, o a \u00abTrujillo y Lima c\u00e1rcel estuve\u00bb, acr\u00f3nimo de las experiencias carcelarias y migratorias del poeta. Gustavo Goloboff (1988) propone un anagrama de fragmentos de \u00abTrujillo\u00bb (ciudad peruana) y \u00abC\u00e9sar\u00bb, simbolizando la desterritorializaci\u00f3n andina. Francisco Bravo (2000) ofrece una perspectiva numerol\u00f3gica y cabal\u00edstica: las letras de \u00abTrilce\u00bb suman 77 en el alfabeto espa\u00f1ol (T=19, R=17, I=9, L=11, C=3, E=5; total 64, pero ajustado a gematr\u00eda), coincidiendo con el n\u00famero de poemas y evocando la escritura sagrada. En 2020, Bravo a\u00f1ade una ra\u00edz filol\u00f3gica del lat\u00edn <em>trilicem<\/em>, relacionado con \u00abtejido de tres hilos\u00bb, aludiendo al quipu andino como sistema de registro prehisp\u00e1nico, lo que integra el mestizaje cultural en la po\u00e9tica vallejiana.<\/p>\n<p>Una hip\u00f3tesis innovadora, propuesta por Jos\u00e9 Antonio Mazzotti (2022), interpreta \u00abTrilce\u00bb como anagrama incompleto de \u00abOtilia\u00bb (T-I-L) y \u00abC\u00e9sar\u00bb (R-C-E), representando al hijo nonato de la relaci\u00f3n con Otilia Villanueva (1918), posiblemente abortado. La \u00abO\u00bb ausente simboliza el cero o la nulidad (la vagina en el parto frustrado), mientras que las seis letras evocan una doble trinidad, deformada por la p\u00e9rdida. Esta lectura se sustenta en cartas de Vallejo a Orrego, donde describe el libro como \u00abcriatura en el trance de su alumbramiento\u00bb, y en poemas como Trilce LVI, que aluden a un ni\u00f1o no nacido perdido por el amor de los padres. Temas de nacimiento frustrado aparecen en V, VIII, X, XVI, XXXI, XXXIII, XL y XLI, seg\u00fan an\u00e1lisis de Ricardo Altamirano (1999) y Patricia Arroyo Paredes (2014). As\u00ed, \u00abTrilce\u00bb no es arbitrario, sino un significante que condensa la frustraci\u00f3n er\u00f3tica, la orfandad triple (madre, hermana, esposa) y el nacimiento verbal como compensaci\u00f3n.<\/p>\n<p>Estas hip\u00f3tesis, aunque especulativas, subrayan la polisemia del t\u00e9rmino: fon\u00e9ticamente, evoca \u00abtres\u00bb (trinidad, tres etapas vitales) y \u00ablice\u00bb (del lat\u00edn <em>licere<\/em>, permitir, o \u00abliceo\u00bb como espacio educativo); sem\u00e1nticamente, apunta a la hibridez cultural peruana, fusionando espa\u00f1ol, quechua y elementos populares.<\/p>\n<h2>El significado de \u00abTrilce\u00bb en el contexto de la obra po\u00e9tica<\/h2>\n<p>En el marco de <em>Trilce<\/em>, la palabra titular funciona como umbral hermen\u00e9utico, invitando a una lectura que desestabiliza las expectativas del lector. El poemario se divide tem\u00e1ticamente en amorosos (35 poemas), existenciales (23), hogare\u00f1os (7), carcelarios (6) y reflexivos est\u00e9ticos (6), seg\u00fan Ricardo Gonz\u00e1lez Vigil (2009). \u00abTrilce\u00bb encapsula esta diversidad: su ambig\u00fcedad refleja el hermetismo l\u00e9xico, la introspecci\u00f3n est\u00e9tica y el veh\u00edculo musical de la obra, como se\u00f1ala Clodoaldo Espinoza Bravo al prever un \u00abvallejismo\u00bb personal e inconfundible.<\/p>\n<p>Po\u00e9ticamente, \u00abTrilce\u00bb representa la ruptura con el racionalismo comunicativo. Vallejo deconstruye el lenguaje: neologismos (como \u00abdesestrelar\u00bb en poema I), dislocamientos sint\u00e1cticos y juegos fon\u00e9ticos crean un idiolecto que, seg\u00fan Patricia Arroyo Paredes (2011), recupera el habla infantil, esquizoide y coloquial para una \u00abnueva sensibilidad\u00bb. Peruanismos (70 en su poes\u00eda, per \u00c1ngeles Caballero, 1958) y quechuismos (\u00cdtalo Rojas, 2013-2016) integran lo popular: palabras como \u00abguano\u00bb, \u00abchirota\u00bb o \u00abconcha\u00bb (como \u00f3rgano sexual) evocan el cuerpo y la tierra andina. En poema II, la c\u00e1rcel se metaforiza como tiempo detenido (\u00ablas paredes suman cuatro en punto\u00bb), simbolizando la alienaci\u00f3n temporal que \u00abTrilce\u00bb nombra.<\/p>\n<p>El significado er\u00f3tico-sexual, propuesto por Roberto Gonz\u00e1lez Vigil (2022), ve en \u00abTrilce\u00bb una \u00abcumbre po\u00e9tica de la actividad sexual\u00bb: el polvo como coito en LVI, o la nostalgia corporal en XXIII, vinculan el t\u00edtulo a la frustraci\u00f3n reproductiva. Biogr\u00e1ficamente, la ruptura con Otilia (30 poemas dedicados) y la influencia anarquista (Jos\u00e9 Mar\u00eda Gonz\u00e1lez Prada) infunden un compromiso social: la explotaci\u00f3n en haciendas y minas (como Quiruvilca) se filtra en im\u00e1genes de animalidad y guano como materia prima vanguardista, per Foffani (2014).<\/p>\n<p>En suma, \u00abTrilce\u00bb es un significante flotante que condensa la migrancia (de Andes a costa, Per\u00fa a Europa), la nostalgia andina (huaynos, burro peruano) y la transgresi\u00f3n verbal, como un quipu moderno que teje hilos de dolor, deseo y rebeli\u00f3n.<\/p>\n<h2>Interpretaciones cr\u00edticas y vigencia contempor\u00e1nea<\/h2>\n<p>La tradici\u00f3n exeg\u00e9tica de <em>Trilce<\/em> ha generado tipolog\u00edas de \u00abvallejistas\u00bb y \u00abtr\u00edlcicos\u00bb, clasificadas por Max Silva Tuesta (1994) en pioneros (Orrego, Mari\u00e1tegui), vallej\u00f3logos (N\u00fa\u00f1ez, Mongui\u00f3) y otros. Orrego (1922) enfatiza el conocimiento y amor: \u00abBien quisiera yo&#8230; tenue vibraci\u00f3n del torbellino musical\u00bb. Mari\u00e1tegui ve en Vallejo el \u00aborto\u00bb de la literatura peruana, aunque no analiza <em>Trilce<\/em> directamente. Luis Mongui\u00f3 (1994) interpreta \u00abEsperanza pla\u00f1e entra algodones\u00bb como gemido entre algodones m\u00e9dicos, ligado a la virtud teologal.<\/p>\n<p>Cr\u00edticos extranjeros como Michelle Clayton (2011) sit\u00faan <em>Trilce<\/em> en la modernidad l\u00edrica, mientras Daniel Sald\u00edvar (1988) lo \u00abdevela\u00bb como enigma vital. La recepci\u00f3n inicial fue lenta en Per\u00fa debido a la dictadura de Legu\u00eda (1919-1930), pero creci\u00f3 postmortem, con ediciones cr\u00edticas de Gonz\u00e1lez Vigil (2012), quien lo llama \u00abnuevo Evangelio\u00bb por su lenguaje \u00abcristal\u00bb (letras de \u00abCristo\u00bb). Hoy, su vigencia radica en su apertura a lecturas poscoloniales, feministas y ecol\u00f3gicas, influyendo en poetas contempor\u00e1neos.<\/p>\n<p>\u00abTrilce\u00bb trasciende su aparente vacuidad para convertirse en emblema de la po\u00e9tica vallejiana: un neologismo que nombra lo innombrable, fusionando tristeza y dulzura, p\u00e9rdida y creaci\u00f3n. A trav\u00e9s de hip\u00f3tesis etimol\u00f3gicas y an\u00e1lisis cr\u00edticos, se revela como s\u00edntesis de la orfandad existencial y la resistencia ling\u00fc\u00edstica. En un mundo fragmentado, <em>Trilce<\/em>\u00a0invita a repensar el lenguaje como acto de nacimiento, perpetuando la vigencia de Vallejo en la literatura universal.<\/p>","protected":false},"excerpt":{"rendered":"<p>El significado de la palabra en la obra de C\u00e9sar Vallejo: Un an\u00e1lisis etimol\u00f3gico y hermen\u00e9utico<\/p>","protected":false},"author":3,"featured_media":67205,"comment_status":"closed","ping_status":"closed","sticky":false,"template":"","format":"standard","meta":{"footnotes":""},"categories":[60],"tags":[],"class_list":["post-67203","post","type-post","status-publish","format-standard","has-post-thumbnail","hentry","category-libros"],"yoast_head":"<!-- This site is optimized with the Yoast SEO plugin v27.5 - https:\/\/yoast.com\/product\/yoast-seo-wordpress\/ -->\n<title>Trilce - Revista Rambla<\/title>\n<meta name=\"robots\" content=\"index, follow, max-snippet:-1, max-image-preview:large, max-video-preview:-1\" \/>\n<link rel=\"canonical\" href=\"https:\/\/www.revistarambla.com\/en\/trilce\/\" \/>\n<meta property=\"og:locale\" content=\"en_GB\" \/>\n<meta property=\"og:type\" content=\"article\" \/>\n<meta property=\"og:title\" content=\"Trilce - Revista Rambla\" \/>\n<meta property=\"og:description\" content=\"El significado de la palabra en la obra de C\u00e9sar Vallejo: Un an\u00e1lisis etimol\u00f3gico y hermen\u00e9utico\" \/>\n<meta property=\"og:url\" content=\"https:\/\/www.revistarambla.com\/en\/trilce\/\" \/>\n<meta property=\"og:site_name\" content=\"Revista Rambla\" \/>\n<meta property=\"article:publisher\" content=\"https:\/\/www.facebook.com\/revistarambla\/\" \/>\n<meta property=\"article:author\" content=\"https:\/\/www.facebook.com\/revistarambla\" \/>\n<meta property=\"article:published_time\" content=\"2025-11-17T18:48:15+00:00\" \/>\n<meta property=\"og:image\" content=\"https:\/\/www.revistarambla.com\/wp-content\/uploads\/2025\/11\/cesar-vallejo.jpg\" \/>\n\t<meta property=\"og:image:width\" content=\"1800\" \/>\n\t<meta property=\"og:image:height\" content=\"1212\" \/>\n\t<meta property=\"og:image:type\" content=\"image\/jpeg\" \/>\n<meta name=\"author\" content=\"R@mbla\" \/>\n<meta name=\"twitter:card\" content=\"summary_large_image\" \/>\n<meta name=\"twitter:creator\" content=\"@revistarambla\" \/>\n<meta name=\"twitter:site\" content=\"@revistarambla\" \/>\n<meta name=\"twitter:label1\" content=\"Written by\" \/>\n\t<meta name=\"twitter:data1\" content=\"R@mbla\" \/>\n\t<meta name=\"twitter:label2\" content=\"Estimated reading time\" \/>\n\t<meta name=\"twitter:data2\" content=\"7 minutes\" \/>\n<script type=\"application\/ld+json\" class=\"yoast-schema-graph\">{\"@context\":\"https:\\\/\\\/schema.org\",\"@graph\":[{\"@type\":\"Article\",\"@id\":\"https:\\\/\\\/www.revistarambla.com\\\/trilce\\\/#article\",\"isPartOf\":{\"@id\":\"https:\\\/\\\/www.revistarambla.com\\\/trilce\\\/\"},\"author\":{\"name\":\"R@mbla\",\"@id\":\"https:\\\/\\\/www.revistarambla.com\\\/#\\\/schema\\\/person\\\/a146a5a2550b94981a75131180e1bd9c\"},\"headline\":\"Trilce\",\"datePublished\":\"2025-11-17T18:48:15+00:00\",\"mainEntityOfPage\":{\"@id\":\"https:\\\/\\\/www.revistarambla.com\\\/trilce\\\/\"},\"wordCount\":1570,\"publisher\":{\"@id\":\"https:\\\/\\\/www.revistarambla.com\\\/#organization\"},\"image\":{\"@id\":\"https:\\\/\\\/www.revistarambla.com\\\/trilce\\\/#primaryimage\"},\"thumbnailUrl\":\"https:\\\/\\\/www.revistarambla.com\\\/wp-content\\\/uploads\\\/2025\\\/11\\\/cesar-vallejo.jpg\",\"articleSection\":[\"Libros\"],\"inLanguage\":\"en-GB\"},{\"@type\":\"WebPage\",\"@id\":\"https:\\\/\\\/www.revistarambla.com\\\/trilce\\\/\",\"url\":\"https:\\\/\\\/www.revistarambla.com\\\/trilce\\\/\",\"name\":\"Trilce - Revista Rambla\",\"isPartOf\":{\"@id\":\"https:\\\/\\\/www.revistarambla.com\\\/#website\"},\"primaryImageOfPage\":{\"@id\":\"https:\\\/\\\/www.revistarambla.com\\\/trilce\\\/#primaryimage\"},\"image\":{\"@id\":\"https:\\\/\\\/www.revistarambla.com\\\/trilce\\\/#primaryimage\"},\"thumbnailUrl\":\"https:\\\/\\\/www.revistarambla.com\\\/wp-content\\\/uploads\\\/2025\\\/11\\\/cesar-vallejo.jpg\",\"datePublished\":\"2025-11-17T18:48:15+00:00\",\"breadcrumb\":{\"@id\":\"https:\\\/\\\/www.revistarambla.com\\\/trilce\\\/#breadcrumb\"},\"inLanguage\":\"en-GB\",\"potentialAction\":[{\"@type\":\"ReadAction\",\"target\":[\"https:\\\/\\\/www.revistarambla.com\\\/trilce\\\/\"]}]},{\"@type\":\"ImageObject\",\"inLanguage\":\"en-GB\",\"@id\":\"https:\\\/\\\/www.revistarambla.com\\\/trilce\\\/#primaryimage\",\"url\":\"https:\\\/\\\/www.revistarambla.com\\\/wp-content\\\/uploads\\\/2025\\\/11\\\/cesar-vallejo.jpg\",\"contentUrl\":\"https:\\\/\\\/www.revistarambla.com\\\/wp-content\\\/uploads\\\/2025\\\/11\\\/cesar-vallejo.jpg\",\"width\":1800,\"height\":1212,\"caption\":\"trilce\"},{\"@type\":\"BreadcrumbList\",\"@id\":\"https:\\\/\\\/www.revistarambla.com\\\/trilce\\\/#breadcrumb\",\"itemListElement\":[{\"@type\":\"ListItem\",\"position\":1,\"name\":\"Portada\",\"item\":\"https:\\\/\\\/www.revistarambla.com\\\/\"},{\"@type\":\"ListItem\",\"position\":2,\"name\":\"Trilce\"}]},{\"@type\":\"WebSite\",\"@id\":\"https:\\\/\\\/www.revistarambla.com\\\/#website\",\"url\":\"https:\\\/\\\/www.revistarambla.com\\\/\",\"name\":\"Revista Rambla Barcelona\",\"description\":\"Periodismo independiente\",\"publisher\":{\"@id\":\"https:\\\/\\\/www.revistarambla.com\\\/#organization\"},\"potentialAction\":[{\"@type\":\"SearchAction\",\"target\":{\"@type\":\"EntryPoint\",\"urlTemplate\":\"https:\\\/\\\/www.revistarambla.com\\\/?s={search_term_string}\"},\"query-input\":{\"@type\":\"PropertyValueSpecification\",\"valueRequired\":true,\"valueName\":\"search_term_string\"}}],\"inLanguage\":\"en-GB\"},{\"@type\":\"Organization\",\"@id\":\"https:\\\/\\\/www.revistarambla.com\\\/#organization\",\"name\":\"Revista Rambla\",\"url\":\"https:\\\/\\\/www.revistarambla.com\\\/\",\"logo\":{\"@type\":\"ImageObject\",\"inLanguage\":\"en-GB\",\"@id\":\"https:\\\/\\\/www.revistarambla.com\\\/#\\\/schema\\\/logo\\\/image\\\/\",\"url\":\"https:\\\/\\\/www.revistarambla.com\\\/wp-content\\\/uploads\\\/2020\\\/09\\\/banner_rambla_1900x600_BB.png\",\"contentUrl\":\"https:\\\/\\\/www.revistarambla.com\\\/wp-content\\\/uploads\\\/2020\\\/09\\\/banner_rambla_1900x600_BB.png\",\"width\":1900,\"height\":600,\"caption\":\"Revista Rambla\"},\"image\":{\"@id\":\"https:\\\/\\\/www.revistarambla.com\\\/#\\\/schema\\\/logo\\\/image\\\/\"},\"sameAs\":[\"https:\\\/\\\/www.facebook.com\\\/revistarambla\\\/\",\"https:\\\/\\\/x.com\\\/revistarambla\",\"https:\\\/\\\/www.instagram.com\\\/revista_rambla\",\"https:\\\/\\\/es.linkedin.com\\\/company\\\/revista-rambla\"]},{\"@type\":\"Person\",\"@id\":\"https:\\\/\\\/www.revistarambla.com\\\/#\\\/schema\\\/person\\\/a146a5a2550b94981a75131180e1bd9c\",\"name\":\"R@mbla\",\"description\":\"Este art\u00edculo ha sido redactado y\\\/o validado por el equipo de redacci\u00f3n de Revista Rambla.\",\"sameAs\":[\"https:\\\/\\\/www.revistarambla.com\\\/\",\"https:\\\/\\\/www.facebook.com\\\/revistarambla\",\"https:\\\/\\\/x.com\\\/revistarambla\"]}]}<\/script>\n<!-- \/ Yoast SEO plugin. -->","yoast_head_json":{"title":"Trilce - Revista Rambla","robots":{"index":"index","follow":"follow","max-snippet":"max-snippet:-1","max-image-preview":"max-image-preview:large","max-video-preview":"max-video-preview:-1"},"canonical":"https:\/\/www.revistarambla.com\/en\/trilce\/","og_locale":"en_GB","og_type":"article","og_title":"Trilce - Revista Rambla","og_description":"El significado de la palabra en la obra de C\u00e9sar Vallejo: Un an\u00e1lisis etimol\u00f3gico y hermen\u00e9utico","og_url":"https:\/\/www.revistarambla.com\/en\/trilce\/","og_site_name":"Revista Rambla","article_publisher":"https:\/\/www.facebook.com\/revistarambla\/","article_author":"https:\/\/www.facebook.com\/revistarambla","article_published_time":"2025-11-17T18:48:15+00:00","og_image":[{"width":1800,"height":1212,"url":"https:\/\/www.revistarambla.com\/wp-content\/uploads\/2025\/11\/cesar-vallejo.jpg","type":"image\/jpeg"}],"author":"R@mbla","twitter_card":"summary_large_image","twitter_creator":"@revistarambla","twitter_site":"@revistarambla","twitter_misc":{"Written by":"R@mbla","Estimated reading time":"7 minutes"},"schema":{"@context":"https:\/\/schema.org","@graph":[{"@type":"Article","@id":"https:\/\/www.revistarambla.com\/trilce\/#article","isPartOf":{"@id":"https:\/\/www.revistarambla.com\/trilce\/"},"author":{"name":"R@mbla","@id":"https:\/\/www.revistarambla.com\/#\/schema\/person\/a146a5a2550b94981a75131180e1bd9c"},"headline":"Trilce","datePublished":"2025-11-17T18:48:15+00:00","mainEntityOfPage":{"@id":"https:\/\/www.revistarambla.com\/trilce\/"},"wordCount":1570,"publisher":{"@id":"https:\/\/www.revistarambla.com\/#organization"},"image":{"@id":"https:\/\/www.revistarambla.com\/trilce\/#primaryimage"},"thumbnailUrl":"https:\/\/www.revistarambla.com\/wp-content\/uploads\/2025\/11\/cesar-vallejo.jpg","articleSection":["Libros"],"inLanguage":"en-GB"},{"@type":"WebPage","@id":"https:\/\/www.revistarambla.com\/trilce\/","url":"https:\/\/www.revistarambla.com\/trilce\/","name":"Trilce - Revista Rambla","isPartOf":{"@id":"https:\/\/www.revistarambla.com\/#website"},"primaryImageOfPage":{"@id":"https:\/\/www.revistarambla.com\/trilce\/#primaryimage"},"image":{"@id":"https:\/\/www.revistarambla.com\/trilce\/#primaryimage"},"thumbnailUrl":"https:\/\/www.revistarambla.com\/wp-content\/uploads\/2025\/11\/cesar-vallejo.jpg","datePublished":"2025-11-17T18:48:15+00:00","breadcrumb":{"@id":"https:\/\/www.revistarambla.com\/trilce\/#breadcrumb"},"inLanguage":"en-GB","potentialAction":[{"@type":"ReadAction","target":["https:\/\/www.revistarambla.com\/trilce\/"]}]},{"@type":"ImageObject","inLanguage":"en-GB","@id":"https:\/\/www.revistarambla.com\/trilce\/#primaryimage","url":"https:\/\/www.revistarambla.com\/wp-content\/uploads\/2025\/11\/cesar-vallejo.jpg","contentUrl":"https:\/\/www.revistarambla.com\/wp-content\/uploads\/2025\/11\/cesar-vallejo.jpg","width":1800,"height":1212,"caption":"trilce"},{"@type":"BreadcrumbList","@id":"https:\/\/www.revistarambla.com\/trilce\/#breadcrumb","itemListElement":[{"@type":"ListItem","position":1,"name":"Portada","item":"https:\/\/www.revistarambla.com\/"},{"@type":"ListItem","position":2,"name":"Trilce"}]},{"@type":"WebSite","@id":"https:\/\/www.revistarambla.com\/#website","url":"https:\/\/www.revistarambla.com\/","name":"Revista Rambla Barcelona","description":"Periodismo independiente","publisher":{"@id":"https:\/\/www.revistarambla.com\/#organization"},"potentialAction":[{"@type":"SearchAction","target":{"@type":"EntryPoint","urlTemplate":"https:\/\/www.revistarambla.com\/?s={search_term_string}"},"query-input":{"@type":"PropertyValueSpecification","valueRequired":true,"valueName":"search_term_string"}}],"inLanguage":"en-GB"},{"@type":"Organization","@id":"https:\/\/www.revistarambla.com\/#organization","name":"Revista Rambla","url":"https:\/\/www.revistarambla.com\/","logo":{"@type":"ImageObject","inLanguage":"en-GB","@id":"https:\/\/www.revistarambla.com\/#\/schema\/logo\/image\/","url":"https:\/\/www.revistarambla.com\/wp-content\/uploads\/2020\/09\/banner_rambla_1900x600_BB.png","contentUrl":"https:\/\/www.revistarambla.com\/wp-content\/uploads\/2020\/09\/banner_rambla_1900x600_BB.png","width":1900,"height":600,"caption":"Revista Rambla"},"image":{"@id":"https:\/\/www.revistarambla.com\/#\/schema\/logo\/image\/"},"sameAs":["https:\/\/www.facebook.com\/revistarambla\/","https:\/\/x.com\/revistarambla","https:\/\/www.instagram.com\/revista_rambla","https:\/\/es.linkedin.com\/company\/revista-rambla"]},{"@type":"Person","@id":"https:\/\/www.revistarambla.com\/#\/schema\/person\/a146a5a2550b94981a75131180e1bd9c","name":"R@mbla","description":"Este art\u00edculo ha sido redactado y\/o validado por el equipo de redacci\u00f3n de Revista Rambla.","sameAs":["https:\/\/www.revistarambla.com\/","https:\/\/www.facebook.com\/revistarambla","https:\/\/x.com\/revistarambla"]}]}},"_links":{"self":[{"href":"https:\/\/www.revistarambla.com\/en\/wp-json\/wp\/v2\/posts\/67203","targetHints":{"allow":["GET"]}}],"collection":[{"href":"https:\/\/www.revistarambla.com\/en\/wp-json\/wp\/v2\/posts"}],"about":[{"href":"https:\/\/www.revistarambla.com\/en\/wp-json\/wp\/v2\/types\/post"}],"author":[{"embeddable":true,"href":"https:\/\/www.revistarambla.com\/en\/wp-json\/wp\/v2\/users\/3"}],"replies":[{"embeddable":true,"href":"https:\/\/www.revistarambla.com\/en\/wp-json\/wp\/v2\/comments?post=67203"}],"version-history":[{"count":3,"href":"https:\/\/www.revistarambla.com\/en\/wp-json\/wp\/v2\/posts\/67203\/revisions"}],"predecessor-version":[{"id":67207,"href":"https:\/\/www.revistarambla.com\/en\/wp-json\/wp\/v2\/posts\/67203\/revisions\/67207"}],"wp:featuredmedia":[{"embeddable":true,"href":"https:\/\/www.revistarambla.com\/en\/wp-json\/wp\/v2\/media\/67205"}],"wp:attachment":[{"href":"https:\/\/www.revistarambla.com\/en\/wp-json\/wp\/v2\/media?parent=67203"}],"wp:term":[{"taxonomy":"category","embeddable":true,"href":"https:\/\/www.revistarambla.com\/en\/wp-json\/wp\/v2\/categories?post=67203"},{"taxonomy":"post_tag","embeddable":true,"href":"https:\/\/www.revistarambla.com\/en\/wp-json\/wp\/v2\/tags?post=67203"}],"curies":[{"name":"wp","href":"https:\/\/api.w.org\/{rel}","templated":true}]}}