{"id":67196,"date":"2025-11-17T19:06:13","date_gmt":"2025-11-17T18:06:13","guid":{"rendered":"https:\/\/www.revistarambla.com\/?p=67196"},"modified":"2025-11-17T19:06:13","modified_gmt":"2025-11-17T18:06:13","slug":"el-accidente-del-avion-turco-y-la-investigacion-silenciada","status":"publish","type":"post","link":"https:\/\/www.revistarambla.com\/en\/el-accidente-del-avion-turco-y-la-investigacion-silenciada\/","title":{"rendered":"El accidente del avi\u00f3n turco y la investigaci\u00f3n silenciada"},"content":{"rendered":"<p>La ca\u00edda del avi\u00f3n militar turco C-130 sobre Georgia el pasado martes pareci\u00f3 pasar calmadamente en los medios, pero ciertamente no fue as\u00ed para quienes tienen criterio y experiencia. <!--more-->La forma en que cay\u00f3 el avi\u00f3n, las partes de su estructura que volaron por el aire y la ausencia de cualquier declaraci\u00f3n clara del Ministerio de Defensa turco a la espera de los resultados de la investigaci\u00f3n son se\u00f1ales que abren la puerta a grandes preguntas y quiz\u00e1s a hip\u00f3tesis a\u00fan mayores. Esto se acent\u00faa especialmente cuando Azerbaiy\u00e1n se apresura a plantear la hip\u00f3tesis de que el avi\u00f3n fue destruido o que la carga no estaba bien asegurada. Aunque esta \u00faltima es una explicaci\u00f3n t\u00e9cnica posible, la rapidez con la que se present\u00f3 antes de que concluyeran las investigaciones ha llevado a muchos a convencerse de que hay algo oculto o, al menos, algo que se teme revelar.<\/p>\n<p>Por lo tanto, puede ser \u00fatil acercarse m\u00e1s a la verdad mencionando todas las partes posibles, sin descartar tampoco la hip\u00f3tesis de un accidente casual, antes de detenernos en la parte cuya presencia no puede ignorarse en ning\u00fan expediente sensible de seguridad en la regi\u00f3n.<\/p>\n<h3>Rusia<\/h3>\n<p>Un analista podr\u00eda decir que Rusia quiz\u00e1 quiso vengarse por el derribo de su avi\u00f3n a manos de Turqu\u00eda en Siria hace a\u00f1os. Pero las condiciones actuales no son propicias: Turqu\u00eda y Rusia se encuentran en un estado de claro equilibrio de intereses y de cuidadoso intercambio de roles en Siria, el C\u00e1ucaso y Ucrania. Esto hace que la posibilidad sea d\u00e9bil, pero no imposible.<\/p>\n<p>Grupos kurdos<\/p>\n<p>No se descarta la posibilidad de que miembros extremistas del Partido de los Trabajadores del Kurdist\u00e1n (PKK) o alg\u00fan grupo rebelde relacionado hayan llevado a cabo una operaci\u00f3n as\u00ed. Sin embargo, la capacidad t\u00e9cnica para derribar un avi\u00f3n militar en el espacio a\u00e9reo de Georgia es cuestionable. A menos que recibieran apoyo de aliados regionales, se convierte simplemente en una posibilidad m\u00e1s.<\/p>\n<h3>Ir\u00e1n<\/h3>\n<p>Las relaciones turco-iran\u00edes viven una competencia regional, pero no existe ning\u00fan indicio pr\u00e1ctico de que Teher\u00e1n emprenda una acci\u00f3n as\u00ed en un momento en el que se prepara para una posible guerra regional contra ella. La posibilidad es poco probable.<\/p>\n<h3>Grecia y Armenia<\/h3>\n<p>Armenia hoy es demasiado d\u00e9bil como para entrar en una confrontaci\u00f3n directa de este tipo, y Grecia, por m\u00e1s profundo que sea su desacuerdo con Turqu\u00eda, no se atrever\u00eda a dar un paso que diera a Ankara justificaci\u00f3n para un enfrentamiento abierto. Las posibilidades aqu\u00ed son casi inexistentes.<\/p>\n<h3>El actor evidente y oculto a la vez: Israel<\/h3>\n<p>Hay una parte que nadie se atreve a excluir o acusar directamente, y hacia la cual muchos han comenzado a mirar: Israel. No como una acusaci\u00f3n directa, sino como una hip\u00f3tesis l\u00f3gica en el mundo de la inteligencia. Israel siempre ha actuado en la regi\u00f3n sin restricciones significativas y con una profunda coordinaci\u00f3n con Estados Unidos, y a veces incluso sin esperar su aprobaci\u00f3n. Es la \u00fanica parte que no tiene en gran cuenta las condenas o respuestas y posee la capacidad de llegar a casi cualquier punto del Medio Oriente.<\/p>\n<h3>Pero \u00bfpor qu\u00e9 este avi\u00f3n en particular y por qu\u00e9 en este momento?<\/h3>\n<p>La respuesta, seg\u00fan algunos analistas, puede residir en la identidad de los veinte individuos que murieron. Entre ellos se encontraban ingenieros y expertos t\u00e9cnicos importantes en el expediente del mantenimiento y desarrollo de los aviones F-16, as\u00ed como personas involucradas en las complejas negociaciones de Turqu\u00eda con Estados Unidos sobre los F-35. Si esta informaci\u00f3n es cierta, el avi\u00f3n no ser\u00eda solo un medio de transporte, sino un portador de mentes sensibles en la ruta del equilibrio a\u00e9reo regional.<\/p>\n<p>Si hay una parte que quisiera enviar un mensaje a Turqu\u00eda, ese mensaje ser\u00eda el siguiente:<\/p>\n<ul>\n<li>Derribamos un avi\u00f3n sin presidente, y podr\u00edamos derribar otro con el presidente, en una clara alusi\u00f3n al incidente del fallecido presidente iran\u00ed Ebrahim Raisi.<\/li>\n<li>No estamos de acuerdo con que Turqu\u00eda posea equipamiento a\u00e9reo capaz de cambiar las reglas del juego, especialmente los F-35.<\/li>\n<li>Nuestra capacidad para alcanzarte es amplia, y tu capacidad de responder est\u00e1 sujeta a c\u00e1lculos complejos.<\/li>\n<\/ul>\n<p>Algunos no olvidan el incidente del avi\u00f3n egipcio derribado cuando regresaban oficiales que hab\u00edan recibido entrenamiento sensible en Estados Unidos, lo que coloca nuevamente el nombre de Israel en la lista de actores que no deben excluirse en estos casos.<\/p>\n<p>Hasta ahora no existen resultados anunciados ni se ha revelado el contenido de las cajas negras del avi\u00f3n turco. Sin embargo, las experiencias previas indican que lo que se anuncia no siempre es lo que realmente ocurri\u00f3, y que lo que se mantiene en secreto suele ser m\u00e1s peligroso que lo revelado, especialmente cuando Israel es una de las partes posibles.<\/p>\n<p>Quiz\u00e1 el incidente no haya sido m\u00e1s que una falla t\u00e9cnica repentina\u2026 y quiz\u00e1 haya sido mucho m\u00e1s que eso. Un an\u00e1lisis como este no es una acusaci\u00f3n, sino una anticipaci\u00f3n de los resultados y una presentaci\u00f3n de hip\u00f3tesis existentes que han desconcertado a muchos dentro y fuera de Turqu\u00eda.<\/p>\n<p>Queda por ver si la investigaci\u00f3n revelar\u00e1 toda la verdad o si algunas de sus p\u00e1ginas se cerrar\u00e1n para evitar un esc\u00e1ndalo cuyas consecuencias Ankara no pueda manejar.<\/p>","protected":false},"excerpt":{"rendered":"<p>La ca\u00edda del avi\u00f3n militar turco C-130 sobre Georgia el pasado martes pareci\u00f3 pasar calmadamente en los medios, pero ciertamente no fue as\u00ed para quienes tienen criterio y experiencia.<\/p>","protected":false},"author":15,"featured_media":67197,"comment_status":"closed","ping_status":"closed","sticky":false,"template":"","format":"standard","meta":{"footnotes":""},"categories":[72],"tags":[],"class_list":["post-67196","post","type-post","status-publish","format-standard","has-post-thumbnail","hentry","category-opinion"],"yoast_head":"<!-- This site is optimized with the Yoast SEO plugin v27.5 - https:\/\/yoast.com\/product\/yoast-seo-wordpress\/ -->\n<title>El accidente del avi\u00f3n turco y la investigaci\u00f3n silenciada - Revista Rambla<\/title>\n<meta name=\"robots\" content=\"index, follow, max-snippet:-1, max-image-preview:large, max-video-preview:-1\" \/>\n<link rel=\"canonical\" href=\"https:\/\/www.revistarambla.com\/en\/el-accidente-del-avion-turco-y-la-investigacion-silenciada\/\" \/>\n<meta property=\"og:locale\" content=\"en_GB\" \/>\n<meta property=\"og:type\" content=\"article\" \/>\n<meta property=\"og:title\" content=\"El accidente del avi\u00f3n turco y la investigaci\u00f3n silenciada - Revista Rambla\" \/>\n<meta property=\"og:description\" content=\"La ca\u00edda del avi\u00f3n militar turco C-130 sobre Georgia el pasado martes pareci\u00f3 pasar calmadamente en los medios, pero ciertamente no fue as\u00ed para quienes tienen criterio y experiencia.\" \/>\n<meta property=\"og:url\" content=\"https:\/\/www.revistarambla.com\/en\/el-accidente-del-avion-turco-y-la-investigacion-silenciada\/\" \/>\n<meta property=\"og:site_name\" content=\"Revista Rambla\" \/>\n<meta property=\"article:publisher\" content=\"https:\/\/www.facebook.com\/revistarambla\/\" \/>\n<meta property=\"article:published_time\" content=\"2025-11-17T18:06:13+00:00\" \/>\n<meta property=\"og:image\" content=\"https:\/\/www.revistarambla.com\/wp-content\/uploads\/2025\/11\/avion-turco.jpg\" \/>\n\t<meta property=\"og:image:width\" content=\"1280\" \/>\n\t<meta property=\"og:image:height\" content=\"720\" \/>\n\t<meta property=\"og:image:type\" content=\"image\/jpeg\" \/>\n<meta name=\"author\" content=\"Mohsen Aqilan\" \/>\n<meta name=\"twitter:card\" content=\"summary_large_image\" \/>\n<meta name=\"twitter:creator\" content=\"@revistarambla\" \/>\n<meta name=\"twitter:site\" content=\"@revistarambla\" \/>\n<meta name=\"twitter:label1\" content=\"Written by\" \/>\n\t<meta name=\"twitter:data1\" content=\"Mohsen Aqilan\" \/>\n\t<meta name=\"twitter:label2\" content=\"Estimated reading time\" \/>\n\t<meta name=\"twitter:data2\" content=\"5 minutes\" \/>\n<script type=\"application\/ld+json\" class=\"yoast-schema-graph\">{\"@context\":\"https:\\\/\\\/schema.org\",\"@graph\":[{\"@type\":\"Article\",\"@id\":\"https:\\\/\\\/www.revistarambla.com\\\/el-accidente-del-avion-turco-y-la-investigacion-silenciada\\\/#article\",\"isPartOf\":{\"@id\":\"https:\\\/\\\/www.revistarambla.com\\\/el-accidente-del-avion-turco-y-la-investigacion-silenciada\\\/\"},\"author\":{\"name\":\"Mohsen Aqilan\",\"@id\":\"https:\\\/\\\/www.revistarambla.com\\\/#\\\/schema\\\/person\\\/2b19179a8ace334b829ad72cc6e6ce97\"},\"headline\":\"El accidente del avi\u00f3n turco y la investigaci\u00f3n silenciada\",\"datePublished\":\"2025-11-17T18:06:13+00:00\",\"mainEntityOfPage\":{\"@id\":\"https:\\\/\\\/www.revistarambla.com\\\/el-accidente-del-avion-turco-y-la-investigacion-silenciada\\\/\"},\"wordCount\":957,\"publisher\":{\"@id\":\"https:\\\/\\\/www.revistarambla.com\\\/#organization\"},\"image\":{\"@id\":\"https:\\\/\\\/www.revistarambla.com\\\/el-accidente-del-avion-turco-y-la-investigacion-silenciada\\\/#primaryimage\"},\"thumbnailUrl\":\"https:\\\/\\\/www.revistarambla.com\\\/wp-content\\\/uploads\\\/2025\\\/11\\\/avion-turco.jpg\",\"articleSection\":[\"Opiniones\"],\"inLanguage\":\"en-GB\"},{\"@type\":\"WebPage\",\"@id\":\"https:\\\/\\\/www.revistarambla.com\\\/el-accidente-del-avion-turco-y-la-investigacion-silenciada\\\/\",\"url\":\"https:\\\/\\\/www.revistarambla.com\\\/el-accidente-del-avion-turco-y-la-investigacion-silenciada\\\/\",\"name\":\"El accidente del avi\u00f3n turco y la investigaci\u00f3n silenciada - Revista Rambla\",\"isPartOf\":{\"@id\":\"https:\\\/\\\/www.revistarambla.com\\\/#website\"},\"primaryImageOfPage\":{\"@id\":\"https:\\\/\\\/www.revistarambla.com\\\/el-accidente-del-avion-turco-y-la-investigacion-silenciada\\\/#primaryimage\"},\"image\":{\"@id\":\"https:\\\/\\\/www.revistarambla.com\\\/el-accidente-del-avion-turco-y-la-investigacion-silenciada\\\/#primaryimage\"},\"thumbnailUrl\":\"https:\\\/\\\/www.revistarambla.com\\\/wp-content\\\/uploads\\\/2025\\\/11\\\/avion-turco.jpg\",\"datePublished\":\"2025-11-17T18:06:13+00:00\",\"breadcrumb\":{\"@id\":\"https:\\\/\\\/www.revistarambla.com\\\/el-accidente-del-avion-turco-y-la-investigacion-silenciada\\\/#breadcrumb\"},\"inLanguage\":\"en-GB\",\"potentialAction\":[{\"@type\":\"ReadAction\",\"target\":[\"https:\\\/\\\/www.revistarambla.com\\\/el-accidente-del-avion-turco-y-la-investigacion-silenciada\\\/\"]}]},{\"@type\":\"ImageObject\",\"inLanguage\":\"en-GB\",\"@id\":\"https:\\\/\\\/www.revistarambla.com\\\/el-accidente-del-avion-turco-y-la-investigacion-silenciada\\\/#primaryimage\",\"url\":\"https:\\\/\\\/www.revistarambla.com\\\/wp-content\\\/uploads\\\/2025\\\/11\\\/avion-turco.jpg\",\"contentUrl\":\"https:\\\/\\\/www.revistarambla.com\\\/wp-content\\\/uploads\\\/2025\\\/11\\\/avion-turco.jpg\",\"width\":1280,\"height\":720,\"caption\":\"avi\u00f3n turco\"},{\"@type\":\"BreadcrumbList\",\"@id\":\"https:\\\/\\\/www.revistarambla.com\\\/el-accidente-del-avion-turco-y-la-investigacion-silenciada\\\/#breadcrumb\",\"itemListElement\":[{\"@type\":\"ListItem\",\"position\":1,\"name\":\"Portada\",\"item\":\"https:\\\/\\\/www.revistarambla.com\\\/\"},{\"@type\":\"ListItem\",\"position\":2,\"name\":\"El accidente del avi\u00f3n turco y la investigaci\u00f3n silenciada\"}]},{\"@type\":\"WebSite\",\"@id\":\"https:\\\/\\\/www.revistarambla.com\\\/#website\",\"url\":\"https:\\\/\\\/www.revistarambla.com\\\/\",\"name\":\"Revista Rambla Barcelona\",\"description\":\"Periodismo independiente\",\"publisher\":{\"@id\":\"https:\\\/\\\/www.revistarambla.com\\\/#organization\"},\"potentialAction\":[{\"@type\":\"SearchAction\",\"target\":{\"@type\":\"EntryPoint\",\"urlTemplate\":\"https:\\\/\\\/www.revistarambla.com\\\/?s={search_term_string}\"},\"query-input\":{\"@type\":\"PropertyValueSpecification\",\"valueRequired\":true,\"valueName\":\"search_term_string\"}}],\"inLanguage\":\"en-GB\"},{\"@type\":\"Organization\",\"@id\":\"https:\\\/\\\/www.revistarambla.com\\\/#organization\",\"name\":\"Revista Rambla\",\"url\":\"https:\\\/\\\/www.revistarambla.com\\\/\",\"logo\":{\"@type\":\"ImageObject\",\"inLanguage\":\"en-GB\",\"@id\":\"https:\\\/\\\/www.revistarambla.com\\\/#\\\/schema\\\/logo\\\/image\\\/\",\"url\":\"https:\\\/\\\/www.revistarambla.com\\\/wp-content\\\/uploads\\\/2020\\\/09\\\/banner_rambla_1900x600_BB.png\",\"contentUrl\":\"https:\\\/\\\/www.revistarambla.com\\\/wp-content\\\/uploads\\\/2020\\\/09\\\/banner_rambla_1900x600_BB.png\",\"width\":1900,\"height\":600,\"caption\":\"Revista Rambla\"},\"image\":{\"@id\":\"https:\\\/\\\/www.revistarambla.com\\\/#\\\/schema\\\/logo\\\/image\\\/\"},\"sameAs\":[\"https:\\\/\\\/www.facebook.com\\\/revistarambla\\\/\",\"https:\\\/\\\/x.com\\\/revistarambla\",\"https:\\\/\\\/www.instagram.com\\\/revista_rambla\",\"https:\\\/\\\/es.linkedin.com\\\/company\\\/revista-rambla\"]},{\"@type\":\"Person\",\"@id\":\"https:\\\/\\\/www.revistarambla.com\\\/#\\\/schema\\\/person\\\/2b19179a8ace334b829ad72cc6e6ce97\",\"name\":\"Mohsen Aqilan\"}]}<\/script>\n<!-- \/ Yoast SEO plugin. -->","yoast_head_json":{"title":"El accidente del avi\u00f3n turco y la investigaci\u00f3n silenciada - Revista Rambla","robots":{"index":"index","follow":"follow","max-snippet":"max-snippet:-1","max-image-preview":"max-image-preview:large","max-video-preview":"max-video-preview:-1"},"canonical":"https:\/\/www.revistarambla.com\/en\/el-accidente-del-avion-turco-y-la-investigacion-silenciada\/","og_locale":"en_GB","og_type":"article","og_title":"El accidente del avi\u00f3n turco y la investigaci\u00f3n silenciada - Revista Rambla","og_description":"La ca\u00edda del avi\u00f3n militar turco C-130 sobre Georgia el pasado martes pareci\u00f3 pasar calmadamente en los medios, pero ciertamente no fue as\u00ed para quienes tienen criterio y experiencia.","og_url":"https:\/\/www.revistarambla.com\/en\/el-accidente-del-avion-turco-y-la-investigacion-silenciada\/","og_site_name":"Revista Rambla","article_publisher":"https:\/\/www.facebook.com\/revistarambla\/","article_published_time":"2025-11-17T18:06:13+00:00","og_image":[{"width":1280,"height":720,"url":"https:\/\/www.revistarambla.com\/wp-content\/uploads\/2025\/11\/avion-turco.jpg","type":"image\/jpeg"}],"author":"Mohsen Aqilan","twitter_card":"summary_large_image","twitter_creator":"@revistarambla","twitter_site":"@revistarambla","twitter_misc":{"Written by":"Mohsen Aqilan","Estimated reading time":"5 minutes"},"schema":{"@context":"https:\/\/schema.org","@graph":[{"@type":"Article","@id":"https:\/\/www.revistarambla.com\/el-accidente-del-avion-turco-y-la-investigacion-silenciada\/#article","isPartOf":{"@id":"https:\/\/www.revistarambla.com\/el-accidente-del-avion-turco-y-la-investigacion-silenciada\/"},"author":{"name":"Mohsen Aqilan","@id":"https:\/\/www.revistarambla.com\/#\/schema\/person\/2b19179a8ace334b829ad72cc6e6ce97"},"headline":"El accidente del avi\u00f3n turco y la investigaci\u00f3n silenciada","datePublished":"2025-11-17T18:06:13+00:00","mainEntityOfPage":{"@id":"https:\/\/www.revistarambla.com\/el-accidente-del-avion-turco-y-la-investigacion-silenciada\/"},"wordCount":957,"publisher":{"@id":"https:\/\/www.revistarambla.com\/#organization"},"image":{"@id":"https:\/\/www.revistarambla.com\/el-accidente-del-avion-turco-y-la-investigacion-silenciada\/#primaryimage"},"thumbnailUrl":"https:\/\/www.revistarambla.com\/wp-content\/uploads\/2025\/11\/avion-turco.jpg","articleSection":["Opiniones"],"inLanguage":"en-GB"},{"@type":"WebPage","@id":"https:\/\/www.revistarambla.com\/el-accidente-del-avion-turco-y-la-investigacion-silenciada\/","url":"https:\/\/www.revistarambla.com\/el-accidente-del-avion-turco-y-la-investigacion-silenciada\/","name":"El accidente del avi\u00f3n turco y la investigaci\u00f3n silenciada - Revista Rambla","isPartOf":{"@id":"https:\/\/www.revistarambla.com\/#website"},"primaryImageOfPage":{"@id":"https:\/\/www.revistarambla.com\/el-accidente-del-avion-turco-y-la-investigacion-silenciada\/#primaryimage"},"image":{"@id":"https:\/\/www.revistarambla.com\/el-accidente-del-avion-turco-y-la-investigacion-silenciada\/#primaryimage"},"thumbnailUrl":"https:\/\/www.revistarambla.com\/wp-content\/uploads\/2025\/11\/avion-turco.jpg","datePublished":"2025-11-17T18:06:13+00:00","breadcrumb":{"@id":"https:\/\/www.revistarambla.com\/el-accidente-del-avion-turco-y-la-investigacion-silenciada\/#breadcrumb"},"inLanguage":"en-GB","potentialAction":[{"@type":"ReadAction","target":["https:\/\/www.revistarambla.com\/el-accidente-del-avion-turco-y-la-investigacion-silenciada\/"]}]},{"@type":"ImageObject","inLanguage":"en-GB","@id":"https:\/\/www.revistarambla.com\/el-accidente-del-avion-turco-y-la-investigacion-silenciada\/#primaryimage","url":"https:\/\/www.revistarambla.com\/wp-content\/uploads\/2025\/11\/avion-turco.jpg","contentUrl":"https:\/\/www.revistarambla.com\/wp-content\/uploads\/2025\/11\/avion-turco.jpg","width":1280,"height":720,"caption":"avi\u00f3n turco"},{"@type":"BreadcrumbList","@id":"https:\/\/www.revistarambla.com\/el-accidente-del-avion-turco-y-la-investigacion-silenciada\/#breadcrumb","itemListElement":[{"@type":"ListItem","position":1,"name":"Portada","item":"https:\/\/www.revistarambla.com\/"},{"@type":"ListItem","position":2,"name":"El accidente del avi\u00f3n turco y la investigaci\u00f3n silenciada"}]},{"@type":"WebSite","@id":"https:\/\/www.revistarambla.com\/#website","url":"https:\/\/www.revistarambla.com\/","name":"Revista Rambla Barcelona","description":"Periodismo independiente","publisher":{"@id":"https:\/\/www.revistarambla.com\/#organization"},"potentialAction":[{"@type":"SearchAction","target":{"@type":"EntryPoint","urlTemplate":"https:\/\/www.revistarambla.com\/?s={search_term_string}"},"query-input":{"@type":"PropertyValueSpecification","valueRequired":true,"valueName":"search_term_string"}}],"inLanguage":"en-GB"},{"@type":"Organization","@id":"https:\/\/www.revistarambla.com\/#organization","name":"Revista Rambla","url":"https:\/\/www.revistarambla.com\/","logo":{"@type":"ImageObject","inLanguage":"en-GB","@id":"https:\/\/www.revistarambla.com\/#\/schema\/logo\/image\/","url":"https:\/\/www.revistarambla.com\/wp-content\/uploads\/2020\/09\/banner_rambla_1900x600_BB.png","contentUrl":"https:\/\/www.revistarambla.com\/wp-content\/uploads\/2020\/09\/banner_rambla_1900x600_BB.png","width":1900,"height":600,"caption":"Revista Rambla"},"image":{"@id":"https:\/\/www.revistarambla.com\/#\/schema\/logo\/image\/"},"sameAs":["https:\/\/www.facebook.com\/revistarambla\/","https:\/\/x.com\/revistarambla","https:\/\/www.instagram.com\/revista_rambla","https:\/\/es.linkedin.com\/company\/revista-rambla"]},{"@type":"Person","@id":"https:\/\/www.revistarambla.com\/#\/schema\/person\/2b19179a8ace334b829ad72cc6e6ce97","name":"Mohsen Aqilan"}]}},"_links":{"self":[{"href":"https:\/\/www.revistarambla.com\/en\/wp-json\/wp\/v2\/posts\/67196","targetHints":{"allow":["GET"]}}],"collection":[{"href":"https:\/\/www.revistarambla.com\/en\/wp-json\/wp\/v2\/posts"}],"about":[{"href":"https:\/\/www.revistarambla.com\/en\/wp-json\/wp\/v2\/types\/post"}],"author":[{"embeddable":true,"href":"https:\/\/www.revistarambla.com\/en\/wp-json\/wp\/v2\/users\/15"}],"replies":[{"embeddable":true,"href":"https:\/\/www.revistarambla.com\/en\/wp-json\/wp\/v2\/comments?post=67196"}],"version-history":[{"count":1,"href":"https:\/\/www.revistarambla.com\/en\/wp-json\/wp\/v2\/posts\/67196\/revisions"}],"predecessor-version":[{"id":67198,"href":"https:\/\/www.revistarambla.com\/en\/wp-json\/wp\/v2\/posts\/67196\/revisions\/67198"}],"wp:featuredmedia":[{"embeddable":true,"href":"https:\/\/www.revistarambla.com\/en\/wp-json\/wp\/v2\/media\/67197"}],"wp:attachment":[{"href":"https:\/\/www.revistarambla.com\/en\/wp-json\/wp\/v2\/media?parent=67196"}],"wp:term":[{"taxonomy":"category","embeddable":true,"href":"https:\/\/www.revistarambla.com\/en\/wp-json\/wp\/v2\/categories?post=67196"},{"taxonomy":"post_tag","embeddable":true,"href":"https:\/\/www.revistarambla.com\/en\/wp-json\/wp\/v2\/tags?post=67196"}],"curies":[{"name":"wp","href":"https:\/\/api.w.org\/{rel}","templated":true}]}}