{"id":67174,"date":"2025-11-14T11:32:12","date_gmt":"2025-11-14T10:32:12","guid":{"rendered":"https:\/\/www.revistarambla.com\/?p=67174"},"modified":"2025-11-14T11:32:12","modified_gmt":"2025-11-14T10:32:12","slug":"la-evolucion-de-javier-arteaga-galvez-de-la-expansion-franquiciada-al-control-integral-en-clinicas-laooal","status":"publish","type":"post","link":"https:\/\/www.revistarambla.com\/en\/la-evolucion-de-javier-arteaga-galvez-de-la-expansion-franquiciada-al-control-integral-en-clinicas-laooal\/","title":{"rendered":"La evoluci\u00f3n de Javier Arteaga G\u00e1lvez: de la expansi\u00f3n franquiciada al control integral en Cl\u00ednicas Laooal"},"content":{"rendered":"<p>La <b>trayectoria<\/b> del <b>empresario<\/b> <b>Javier Arteaga G\u00e1lvez<\/b>se ha desarrollado a lo largo de distintos contextos del sector empresarial y sanitario. Desde sus primeras responsabilidades ligadas a la gesti\u00f3n comercial hasta la creaci\u00f3n de <b>Cl\u00ednicas Laooal<\/b>, su <b>recorrido<\/b> evidencia una <a href=\"https:\/\/www.diariodesevilla.es\/bc-sevilla\/descubre-historia-ejecutivo-javier-arteaga_0_2004263365.html\"><b>evoluci\u00f3n<\/b> <\/a>orientada hacia la autonom\u00eda en la toma de decisiones y la consolidaci\u00f3n de un modelo de gesti\u00f3n propio y sostenible.<\/p>\n<p>El <b>recorrido<\/b> inicial de <b>Javier Arteaga<\/b> se produjo en Opening English International School, una red de formaci\u00f3n ling\u00fc\u00edstica organizada bajo el sistema de franquicias. Comenz\u00f3 como delegado en Madrid y, gracias a su capacidad de liderazgo, pas\u00f3 a ocupar la direcci\u00f3n comercial nacional. En esta etapa adquiri\u00f3 conocimientos clave sobre expansi\u00f3n territorial, organizaci\u00f3n interna y mantenimiento de la cohesi\u00f3n de una marca en diferentes ubicaciones. Tambi\u00e9n fortaleci\u00f3 competencias esenciales en coordinaci\u00f3n de equipos y planificaci\u00f3n estrat\u00e9gica.<\/p>\n<p>Sin embargo, la desaparici\u00f3n del grupo CEAC, entidad responsable de Opening, revel\u00f3 las limitaciones de los proyectos excesivamente centralizados. Este acontecimiento permiti\u00f3 a <b>Arteaga<\/b>comprender la importancia de estructuras en las que la gesti\u00f3n local y la capacidad de respuesta tengan un papel determinante en la estabilidad del proyecto.<\/p>\n<h3><b>Incorporaci\u00f3n al sector odontol\u00f3gico y experiencia en Vitaldent<\/b><\/h3>\n<p>Despu\u00e9s de esta etapa, <b>Javier Arteaga<\/b> ingres\u00f3 en el sector dental como parte del equipo de Vitaldent, en un per\u00edodo marcado por la expansi\u00f3n de la compa\u00f1\u00eda en Espa\u00f1a. La introducci\u00f3n de modelos como la financiaci\u00f3n accesible y la atenci\u00f3n integral permiti\u00f3 ampliar la oferta de servicios y consolidar una red de alcance nacional.<\/p>\n<p>Durante su trabajo en la empresa, <b>Arteaga<\/b> examin\u00f3 con detalle los procesos internos y detect\u00f3 la importancia de un control preciso en la gesti\u00f3n de anticipos \u2014conocida como \u201cproducci\u00f3n pendiente\u201d\u2014, aspecto que requer\u00eda seguimiento financiero especializado. Este aprendizaje se convirti\u00f3 en uno de los pilares de su <b>evoluci\u00f3n<\/b> profesional.<\/p>\n<p>Posteriormente, <b>Javier Arteaga G\u00e1lvez<\/b> asumi\u00f3 la responsabilidad de liderar la expansi\u00f3n de la compa\u00f1\u00eda en Estados Unidos, donde la regulaci\u00f3n exig\u00eda que las cl\u00ednicas fueran propiedad de profesionales sanitarios. Aunque los resultados no alcanzaron los planes previstos, esta experiencia reforz\u00f3 su capacidad de an\u00e1lisis estrat\u00e9gico y ampli\u00f3 su <b>visi\u00f3n<\/b>empresarial, especialmente en lo relativo a la adaptaci\u00f3n de modelos a contextos regulatorios distintos. Su regreso a Espa\u00f1a marc\u00f3 el inicio de una nueva etapa orientada a la iniciativa propia.<\/p>\n<h3><b>Emprendimiento independiente y expansi\u00f3n territorial<\/b><\/h3>\n<p>Ya de regreso, <b>Javier Arteaga<\/b> decidi\u00f3 emprender dentro del sector odontol\u00f3gico por cuenta propia. Abri\u00f3 su primera cl\u00ednica en Boadilla del Monte, bajo un modelo basado en la eficiencia operativa, la gesti\u00f3n directa y la estabilidad en los procesos cl\u00ednicos y administrativos.<\/p>\n<p>El \u00e9xito de este primer centro permiti\u00f3 impulsar una expansi\u00f3n hacia nuevas regiones. Las Islas Canarias se presentaron como una oportunidad por la elevada demanda de atenci\u00f3n odontol\u00f3gica y la limitada oferta existente. Las cl\u00ednicas ubicadas en Lanzarote, La Palma y Fuerteventura destacaron por su organizaci\u00f3n interna y la calidad del servicio prestado.<\/p>\n<p>En pocos a\u00f1os, <b>Javier Arteaga G\u00e1lvez<\/b> lleg\u00f3 a gestionar 23 cl\u00ednicas bajo la marca Vitaldent, posicion\u00e1ndose como el franquiciado con mayor presencia territorial. Esta etapa permiti\u00f3 validar su capacidad de coordinaci\u00f3n y liderazgo, aunque tambi\u00e9n mostr\u00f3 los l\u00edmites que implicaba depender de decisiones corporativas externas.<\/p>\n<h3><b>Fundaci\u00f3n de Cl\u00ednicas Laooal<\/b><\/h3>\n<p>La creaci\u00f3n de <b>Cl\u00ednicas Laooal<\/b> represent\u00f3 el resultado natural de una <b>evoluci\u00f3n<\/b> orientada hacia la autonom\u00eda plena en la gesti\u00f3n. <b>Laooal<\/b> se concibi\u00f3 como una red que prioriza la atenci\u00f3n personalizada, la eficiencia interna y el control directo sobre cada proceso, evitando los condicionamientos de estructuras centralizadas.<\/p>\n<p>En lugar de impulsar una expansi\u00f3n acelerada, <b>Arteaga<\/b> opt\u00f3 por un crecimiento progresivo y sostenible, adaptado a las caracter\u00edsticas espec\u00edficas de cada territorio. La organizaci\u00f3n se consolid\u00f3 bajo una <b>visi\u00f3n<\/b> de largo plazo basada en la estabilidad, la responsabilidad profesional y la coherencia estructural.<\/p>\n<p>La <b>evoluci\u00f3n<\/b> de <b>Javier Arteaga G\u00e1lvez<\/b> refleja una comprensi\u00f3n madura sobre la gesti\u00f3n empresarial, apoyada en la autonom\u00eda, la direcci\u00f3n directa y la construcci\u00f3n de modelos organizativos s\u00f3lidos y perdurables.<\/p>","protected":false},"excerpt":{"rendered":"<p>La trayectoria del empresario Javier Arteaga G\u00e1lvezse ha desarrollado a lo largo de distintos contextos del sector empresarial y sanitario. Desde sus primeras responsabilidades ligadas a la gesti\u00f3n comercial hasta la creaci\u00f3n de Cl\u00ednicas Laooal, su recorrido evidencia una evoluci\u00f3n orientada hacia la autonom\u00eda en la toma de decisiones y [&hellip;]<\/p>\n","protected":false},"author":3,"featured_media":67175,"comment_status":"closed","ping_status":"closed","sticky":false,"template":"","format":"standard","meta":{"footnotes":""},"categories":[3790],"tags":[],"class_list":["post-67174","post","type-post","status-publish","format-standard","has-post-thumbnail","hentry","category-otras-noticias"],"yoast_head":"<!-- This site is optimized with the Yoast SEO plugin v27.5 - https:\/\/yoast.com\/product\/yoast-seo-wordpress\/ -->\n<title>La evoluci\u00f3n de Javier Arteaga G\u00e1lvez: de la expansi\u00f3n franquiciada al control integral en Cl\u00ednicas Laooal - Revista Rambla<\/title>\n<meta name=\"robots\" content=\"index, follow, max-snippet:-1, max-image-preview:large, max-video-preview:-1\" \/>\n<link rel=\"canonical\" href=\"https:\/\/www.revistarambla.com\/en\/la-evolucion-de-javier-arteaga-galvez-de-la-expansion-franquiciada-al-control-integral-en-clinicas-laooal\/\" \/>\n<meta property=\"og:locale\" content=\"en_GB\" \/>\n<meta property=\"og:type\" content=\"article\" \/>\n<meta property=\"og:title\" content=\"La evoluci\u00f3n de Javier Arteaga G\u00e1lvez: de la expansi\u00f3n franquiciada al control integral en Cl\u00ednicas Laooal - Revista Rambla\" \/>\n<meta property=\"og:description\" content=\"La trayectoria del empresario Javier Arteaga G\u00e1lvezse ha desarrollado a lo largo de distintos contextos del sector empresarial y sanitario. Desde sus primeras responsabilidades ligadas a la gesti\u00f3n comercial hasta la creaci\u00f3n de Cl\u00ednicas Laooal, su recorrido evidencia una evoluci\u00f3n orientada hacia la autonom\u00eda en la toma de decisiones y [&hellip;]\" \/>\n<meta property=\"og:url\" content=\"https:\/\/www.revistarambla.com\/en\/la-evolucion-de-javier-arteaga-galvez-de-la-expansion-franquiciada-al-control-integral-en-clinicas-laooal\/\" \/>\n<meta property=\"og:site_name\" content=\"Revista Rambla\" \/>\n<meta property=\"article:publisher\" content=\"https:\/\/www.facebook.com\/revistarambla\/\" \/>\n<meta property=\"article:author\" content=\"https:\/\/www.facebook.com\/revistarambla\" \/>\n<meta property=\"article:published_time\" content=\"2025-11-14T10:32:12+00:00\" \/>\n<meta property=\"og:image\" content=\"https:\/\/www.revistarambla.com\/wp-content\/uploads\/2025\/11\/phpgOoLNo6915a8e1da635.jpg\" \/>\n\t<meta property=\"og:image:width\" content=\"1920\" \/>\n\t<meta property=\"og:image:height\" content=\"1440\" \/>\n\t<meta property=\"og:image:type\" content=\"image\/jpeg\" \/>\n<meta name=\"author\" content=\"R@mbla\" \/>\n<meta name=\"twitter:card\" content=\"summary_large_image\" \/>\n<meta name=\"twitter:creator\" content=\"@revistarambla\" \/>\n<meta name=\"twitter:site\" content=\"@revistarambla\" \/>\n<meta name=\"twitter:label1\" content=\"Written by\" \/>\n\t<meta name=\"twitter:data1\" content=\"R@mbla\" \/>\n\t<meta name=\"twitter:label2\" content=\"Estimated reading time\" \/>\n\t<meta name=\"twitter:data2\" content=\"4 minutes\" \/>\n<script type=\"application\/ld+json\" class=\"yoast-schema-graph\">{\"@context\":\"https:\\\/\\\/schema.org\",\"@graph\":[{\"@type\":\"Article\",\"@id\":\"https:\\\/\\\/www.revistarambla.com\\\/la-evolucion-de-javier-arteaga-galvez-de-la-expansion-franquiciada-al-control-integral-en-clinicas-laooal\\\/#article\",\"isPartOf\":{\"@id\":\"https:\\\/\\\/www.revistarambla.com\\\/la-evolucion-de-javier-arteaga-galvez-de-la-expansion-franquiciada-al-control-integral-en-clinicas-laooal\\\/\"},\"author\":{\"name\":\"R@mbla\",\"@id\":\"https:\\\/\\\/www.revistarambla.com\\\/#\\\/schema\\\/person\\\/a146a5a2550b94981a75131180e1bd9c\"},\"headline\":\"La evoluci\u00f3n de Javier Arteaga G\u00e1lvez: de la expansi\u00f3n franquiciada al control integral en Cl\u00ednicas Laooal\",\"datePublished\":\"2025-11-14T10:32:12+00:00\",\"mainEntityOfPage\":{\"@id\":\"https:\\\/\\\/www.revistarambla.com\\\/la-evolucion-de-javier-arteaga-galvez-de-la-expansion-franquiciada-al-control-integral-en-clinicas-laooal\\\/\"},\"wordCount\":745,\"publisher\":{\"@id\":\"https:\\\/\\\/www.revistarambla.com\\\/#organization\"},\"image\":{\"@id\":\"https:\\\/\\\/www.revistarambla.com\\\/la-evolucion-de-javier-arteaga-galvez-de-la-expansion-franquiciada-al-control-integral-en-clinicas-laooal\\\/#primaryimage\"},\"thumbnailUrl\":\"https:\\\/\\\/www.revistarambla.com\\\/wp-content\\\/uploads\\\/2025\\\/11\\\/phpgOoLNo6915a8e1da635.jpg\",\"articleSection\":[\"Otras Noticias\"],\"inLanguage\":\"en-GB\"},{\"@type\":\"WebPage\",\"@id\":\"https:\\\/\\\/www.revistarambla.com\\\/la-evolucion-de-javier-arteaga-galvez-de-la-expansion-franquiciada-al-control-integral-en-clinicas-laooal\\\/\",\"url\":\"https:\\\/\\\/www.revistarambla.com\\\/la-evolucion-de-javier-arteaga-galvez-de-la-expansion-franquiciada-al-control-integral-en-clinicas-laooal\\\/\",\"name\":\"La evoluci\u00f3n de Javier Arteaga G\u00e1lvez: de la expansi\u00f3n franquiciada al control integral en Cl\u00ednicas Laooal - Revista Rambla\",\"isPartOf\":{\"@id\":\"https:\\\/\\\/www.revistarambla.com\\\/#website\"},\"primaryImageOfPage\":{\"@id\":\"https:\\\/\\\/www.revistarambla.com\\\/la-evolucion-de-javier-arteaga-galvez-de-la-expansion-franquiciada-al-control-integral-en-clinicas-laooal\\\/#primaryimage\"},\"image\":{\"@id\":\"https:\\\/\\\/www.revistarambla.com\\\/la-evolucion-de-javier-arteaga-galvez-de-la-expansion-franquiciada-al-control-integral-en-clinicas-laooal\\\/#primaryimage\"},\"thumbnailUrl\":\"https:\\\/\\\/www.revistarambla.com\\\/wp-content\\\/uploads\\\/2025\\\/11\\\/phpgOoLNo6915a8e1da635.jpg\",\"datePublished\":\"2025-11-14T10:32:12+00:00\",\"breadcrumb\":{\"@id\":\"https:\\\/\\\/www.revistarambla.com\\\/la-evolucion-de-javier-arteaga-galvez-de-la-expansion-franquiciada-al-control-integral-en-clinicas-laooal\\\/#breadcrumb\"},\"inLanguage\":\"en-GB\",\"potentialAction\":[{\"@type\":\"ReadAction\",\"target\":[\"https:\\\/\\\/www.revistarambla.com\\\/la-evolucion-de-javier-arteaga-galvez-de-la-expansion-franquiciada-al-control-integral-en-clinicas-laooal\\\/\"]}]},{\"@type\":\"ImageObject\",\"inLanguage\":\"en-GB\",\"@id\":\"https:\\\/\\\/www.revistarambla.com\\\/la-evolucion-de-javier-arteaga-galvez-de-la-expansion-franquiciada-al-control-integral-en-clinicas-laooal\\\/#primaryimage\",\"url\":\"https:\\\/\\\/www.revistarambla.com\\\/wp-content\\\/uploads\\\/2025\\\/11\\\/phpgOoLNo6915a8e1da635.jpg\",\"contentUrl\":\"https:\\\/\\\/www.revistarambla.com\\\/wp-content\\\/uploads\\\/2025\\\/11\\\/phpgOoLNo6915a8e1da635.jpg\",\"width\":1920,\"height\":1440,\"caption\":\"Javier Arteaga G\u00e1lvez\"},{\"@type\":\"BreadcrumbList\",\"@id\":\"https:\\\/\\\/www.revistarambla.com\\\/la-evolucion-de-javier-arteaga-galvez-de-la-expansion-franquiciada-al-control-integral-en-clinicas-laooal\\\/#breadcrumb\",\"itemListElement\":[{\"@type\":\"ListItem\",\"position\":1,\"name\":\"Portada\",\"item\":\"https:\\\/\\\/www.revistarambla.com\\\/\"},{\"@type\":\"ListItem\",\"position\":2,\"name\":\"La evoluci\u00f3n de Javier Arteaga G\u00e1lvez: de la expansi\u00f3n franquiciada al control integral en Cl\u00ednicas Laooal\"}]},{\"@type\":\"WebSite\",\"@id\":\"https:\\\/\\\/www.revistarambla.com\\\/#website\",\"url\":\"https:\\\/\\\/www.revistarambla.com\\\/\",\"name\":\"Revista Rambla Barcelona\",\"description\":\"Periodismo independiente\",\"publisher\":{\"@id\":\"https:\\\/\\\/www.revistarambla.com\\\/#organization\"},\"potentialAction\":[{\"@type\":\"SearchAction\",\"target\":{\"@type\":\"EntryPoint\",\"urlTemplate\":\"https:\\\/\\\/www.revistarambla.com\\\/?s={search_term_string}\"},\"query-input\":{\"@type\":\"PropertyValueSpecification\",\"valueRequired\":true,\"valueName\":\"search_term_string\"}}],\"inLanguage\":\"en-GB\"},{\"@type\":\"Organization\",\"@id\":\"https:\\\/\\\/www.revistarambla.com\\\/#organization\",\"name\":\"Revista Rambla\",\"url\":\"https:\\\/\\\/www.revistarambla.com\\\/\",\"logo\":{\"@type\":\"ImageObject\",\"inLanguage\":\"en-GB\",\"@id\":\"https:\\\/\\\/www.revistarambla.com\\\/#\\\/schema\\\/logo\\\/image\\\/\",\"url\":\"https:\\\/\\\/www.revistarambla.com\\\/wp-content\\\/uploads\\\/2020\\\/09\\\/banner_rambla_1900x600_BB.png\",\"contentUrl\":\"https:\\\/\\\/www.revistarambla.com\\\/wp-content\\\/uploads\\\/2020\\\/09\\\/banner_rambla_1900x600_BB.png\",\"width\":1900,\"height\":600,\"caption\":\"Revista Rambla\"},\"image\":{\"@id\":\"https:\\\/\\\/www.revistarambla.com\\\/#\\\/schema\\\/logo\\\/image\\\/\"},\"sameAs\":[\"https:\\\/\\\/www.facebook.com\\\/revistarambla\\\/\",\"https:\\\/\\\/x.com\\\/revistarambla\",\"https:\\\/\\\/www.instagram.com\\\/revista_rambla\",\"https:\\\/\\\/es.linkedin.com\\\/company\\\/revista-rambla\"]},{\"@type\":\"Person\",\"@id\":\"https:\\\/\\\/www.revistarambla.com\\\/#\\\/schema\\\/person\\\/a146a5a2550b94981a75131180e1bd9c\",\"name\":\"R@mbla\",\"description\":\"Este art\u00edculo ha sido redactado y\\\/o validado por el equipo de redacci\u00f3n de Revista Rambla.\",\"sameAs\":[\"https:\\\/\\\/www.revistarambla.com\\\/\",\"https:\\\/\\\/www.facebook.com\\\/revistarambla\",\"https:\\\/\\\/x.com\\\/revistarambla\"]}]}<\/script>\n<!-- \/ Yoast SEO plugin. -->","yoast_head_json":{"title":"La evoluci\u00f3n de Javier Arteaga G\u00e1lvez: de la expansi\u00f3n franquiciada al control integral en Cl\u00ednicas Laooal - Revista Rambla","robots":{"index":"index","follow":"follow","max-snippet":"max-snippet:-1","max-image-preview":"max-image-preview:large","max-video-preview":"max-video-preview:-1"},"canonical":"https:\/\/www.revistarambla.com\/en\/la-evolucion-de-javier-arteaga-galvez-de-la-expansion-franquiciada-al-control-integral-en-clinicas-laooal\/","og_locale":"en_GB","og_type":"article","og_title":"La evoluci\u00f3n de Javier Arteaga G\u00e1lvez: de la expansi\u00f3n franquiciada al control integral en Cl\u00ednicas Laooal - Revista Rambla","og_description":"La trayectoria del empresario Javier Arteaga G\u00e1lvezse ha desarrollado a lo largo de distintos contextos del sector empresarial y sanitario. Desde sus primeras responsabilidades ligadas a la gesti\u00f3n comercial hasta la creaci\u00f3n de Cl\u00ednicas Laooal, su recorrido evidencia una evoluci\u00f3n orientada hacia la autonom\u00eda en la toma de decisiones y [&hellip;]","og_url":"https:\/\/www.revistarambla.com\/en\/la-evolucion-de-javier-arteaga-galvez-de-la-expansion-franquiciada-al-control-integral-en-clinicas-laooal\/","og_site_name":"Revista Rambla","article_publisher":"https:\/\/www.facebook.com\/revistarambla\/","article_author":"https:\/\/www.facebook.com\/revistarambla","article_published_time":"2025-11-14T10:32:12+00:00","og_image":[{"width":1920,"height":1440,"url":"https:\/\/www.revistarambla.com\/wp-content\/uploads\/2025\/11\/phpgOoLNo6915a8e1da635.jpg","type":"image\/jpeg"}],"author":"R@mbla","twitter_card":"summary_large_image","twitter_creator":"@revistarambla","twitter_site":"@revistarambla","twitter_misc":{"Written by":"R@mbla","Estimated reading time":"4 minutes"},"schema":{"@context":"https:\/\/schema.org","@graph":[{"@type":"Article","@id":"https:\/\/www.revistarambla.com\/la-evolucion-de-javier-arteaga-galvez-de-la-expansion-franquiciada-al-control-integral-en-clinicas-laooal\/#article","isPartOf":{"@id":"https:\/\/www.revistarambla.com\/la-evolucion-de-javier-arteaga-galvez-de-la-expansion-franquiciada-al-control-integral-en-clinicas-laooal\/"},"author":{"name":"R@mbla","@id":"https:\/\/www.revistarambla.com\/#\/schema\/person\/a146a5a2550b94981a75131180e1bd9c"},"headline":"La evoluci\u00f3n de Javier Arteaga G\u00e1lvez: de la expansi\u00f3n franquiciada al control integral en Cl\u00ednicas Laooal","datePublished":"2025-11-14T10:32:12+00:00","mainEntityOfPage":{"@id":"https:\/\/www.revistarambla.com\/la-evolucion-de-javier-arteaga-galvez-de-la-expansion-franquiciada-al-control-integral-en-clinicas-laooal\/"},"wordCount":745,"publisher":{"@id":"https:\/\/www.revistarambla.com\/#organization"},"image":{"@id":"https:\/\/www.revistarambla.com\/la-evolucion-de-javier-arteaga-galvez-de-la-expansion-franquiciada-al-control-integral-en-clinicas-laooal\/#primaryimage"},"thumbnailUrl":"https:\/\/www.revistarambla.com\/wp-content\/uploads\/2025\/11\/phpgOoLNo6915a8e1da635.jpg","articleSection":["Otras Noticias"],"inLanguage":"en-GB"},{"@type":"WebPage","@id":"https:\/\/www.revistarambla.com\/la-evolucion-de-javier-arteaga-galvez-de-la-expansion-franquiciada-al-control-integral-en-clinicas-laooal\/","url":"https:\/\/www.revistarambla.com\/la-evolucion-de-javier-arteaga-galvez-de-la-expansion-franquiciada-al-control-integral-en-clinicas-laooal\/","name":"La evoluci\u00f3n de Javier Arteaga G\u00e1lvez: de la expansi\u00f3n franquiciada al control integral en Cl\u00ednicas Laooal - Revista Rambla","isPartOf":{"@id":"https:\/\/www.revistarambla.com\/#website"},"primaryImageOfPage":{"@id":"https:\/\/www.revistarambla.com\/la-evolucion-de-javier-arteaga-galvez-de-la-expansion-franquiciada-al-control-integral-en-clinicas-laooal\/#primaryimage"},"image":{"@id":"https:\/\/www.revistarambla.com\/la-evolucion-de-javier-arteaga-galvez-de-la-expansion-franquiciada-al-control-integral-en-clinicas-laooal\/#primaryimage"},"thumbnailUrl":"https:\/\/www.revistarambla.com\/wp-content\/uploads\/2025\/11\/phpgOoLNo6915a8e1da635.jpg","datePublished":"2025-11-14T10:32:12+00:00","breadcrumb":{"@id":"https:\/\/www.revistarambla.com\/la-evolucion-de-javier-arteaga-galvez-de-la-expansion-franquiciada-al-control-integral-en-clinicas-laooal\/#breadcrumb"},"inLanguage":"en-GB","potentialAction":[{"@type":"ReadAction","target":["https:\/\/www.revistarambla.com\/la-evolucion-de-javier-arteaga-galvez-de-la-expansion-franquiciada-al-control-integral-en-clinicas-laooal\/"]}]},{"@type":"ImageObject","inLanguage":"en-GB","@id":"https:\/\/www.revistarambla.com\/la-evolucion-de-javier-arteaga-galvez-de-la-expansion-franquiciada-al-control-integral-en-clinicas-laooal\/#primaryimage","url":"https:\/\/www.revistarambla.com\/wp-content\/uploads\/2025\/11\/phpgOoLNo6915a8e1da635.jpg","contentUrl":"https:\/\/www.revistarambla.com\/wp-content\/uploads\/2025\/11\/phpgOoLNo6915a8e1da635.jpg","width":1920,"height":1440,"caption":"Javier Arteaga G\u00e1lvez"},{"@type":"BreadcrumbList","@id":"https:\/\/www.revistarambla.com\/la-evolucion-de-javier-arteaga-galvez-de-la-expansion-franquiciada-al-control-integral-en-clinicas-laooal\/#breadcrumb","itemListElement":[{"@type":"ListItem","position":1,"name":"Portada","item":"https:\/\/www.revistarambla.com\/"},{"@type":"ListItem","position":2,"name":"La evoluci\u00f3n de Javier Arteaga G\u00e1lvez: de la expansi\u00f3n franquiciada al control integral en Cl\u00ednicas Laooal"}]},{"@type":"WebSite","@id":"https:\/\/www.revistarambla.com\/#website","url":"https:\/\/www.revistarambla.com\/","name":"Revista Rambla Barcelona","description":"Periodismo independiente","publisher":{"@id":"https:\/\/www.revistarambla.com\/#organization"},"potentialAction":[{"@type":"SearchAction","target":{"@type":"EntryPoint","urlTemplate":"https:\/\/www.revistarambla.com\/?s={search_term_string}"},"query-input":{"@type":"PropertyValueSpecification","valueRequired":true,"valueName":"search_term_string"}}],"inLanguage":"en-GB"},{"@type":"Organization","@id":"https:\/\/www.revistarambla.com\/#organization","name":"Revista Rambla","url":"https:\/\/www.revistarambla.com\/","logo":{"@type":"ImageObject","inLanguage":"en-GB","@id":"https:\/\/www.revistarambla.com\/#\/schema\/logo\/image\/","url":"https:\/\/www.revistarambla.com\/wp-content\/uploads\/2020\/09\/banner_rambla_1900x600_BB.png","contentUrl":"https:\/\/www.revistarambla.com\/wp-content\/uploads\/2020\/09\/banner_rambla_1900x600_BB.png","width":1900,"height":600,"caption":"Revista Rambla"},"image":{"@id":"https:\/\/www.revistarambla.com\/#\/schema\/logo\/image\/"},"sameAs":["https:\/\/www.facebook.com\/revistarambla\/","https:\/\/x.com\/revistarambla","https:\/\/www.instagram.com\/revista_rambla","https:\/\/es.linkedin.com\/company\/revista-rambla"]},{"@type":"Person","@id":"https:\/\/www.revistarambla.com\/#\/schema\/person\/a146a5a2550b94981a75131180e1bd9c","name":"R@mbla","description":"Este art\u00edculo ha sido redactado y\/o validado por el equipo de redacci\u00f3n de Revista Rambla.","sameAs":["https:\/\/www.revistarambla.com\/","https:\/\/www.facebook.com\/revistarambla","https:\/\/x.com\/revistarambla"]}]}},"_links":{"self":[{"href":"https:\/\/www.revistarambla.com\/en\/wp-json\/wp\/v2\/posts\/67174","targetHints":{"allow":["GET"]}}],"collection":[{"href":"https:\/\/www.revistarambla.com\/en\/wp-json\/wp\/v2\/posts"}],"about":[{"href":"https:\/\/www.revistarambla.com\/en\/wp-json\/wp\/v2\/types\/post"}],"author":[{"embeddable":true,"href":"https:\/\/www.revistarambla.com\/en\/wp-json\/wp\/v2\/users\/3"}],"replies":[{"embeddable":true,"href":"https:\/\/www.revistarambla.com\/en\/wp-json\/wp\/v2\/comments?post=67174"}],"version-history":[{"count":1,"href":"https:\/\/www.revistarambla.com\/en\/wp-json\/wp\/v2\/posts\/67174\/revisions"}],"predecessor-version":[{"id":67176,"href":"https:\/\/www.revistarambla.com\/en\/wp-json\/wp\/v2\/posts\/67174\/revisions\/67176"}],"wp:featuredmedia":[{"embeddable":true,"href":"https:\/\/www.revistarambla.com\/en\/wp-json\/wp\/v2\/media\/67175"}],"wp:attachment":[{"href":"https:\/\/www.revistarambla.com\/en\/wp-json\/wp\/v2\/media?parent=67174"}],"wp:term":[{"taxonomy":"category","embeddable":true,"href":"https:\/\/www.revistarambla.com\/en\/wp-json\/wp\/v2\/categories?post=67174"},{"taxonomy":"post_tag","embeddable":true,"href":"https:\/\/www.revistarambla.com\/en\/wp-json\/wp\/v2\/tags?post=67174"}],"curies":[{"name":"wp","href":"https:\/\/api.w.org\/{rel}","templated":true}]}}