{"id":67162,"date":"2025-11-12T19:56:24","date_gmt":"2025-11-12T18:56:24","guid":{"rendered":"https:\/\/www.revistarambla.com\/?p=67162"},"modified":"2025-11-12T19:56:24","modified_gmt":"2025-11-12T18:56:24","slug":"bloc-sepulveda-83-en-lluita","status":"publish","type":"post","link":"https:\/\/www.revistarambla.com\/en\/bloc-sepulveda-83-en-lluita\/","title":{"rendered":"Bloc Sep\u00falveda 83 en lluita"},"content":{"rendered":"<p>Una roda de premsa ha estat convocada avui pel Sindicat d\u2019Habitatge de l\u2019Eixample i les ve\u00efnes del carrer Sep\u00falveda, n\u00famero 83. L\u2019objectiu de la convocat\u00f2ria era fer con\u00e8ixer el conflicte que el bloc t\u00e9 amb el promotor immobiliari que l\u2019ha adquirit.<\/p>\n<p>A la roda de premsa, es descrivia la situaci\u00f3: el juny passat, la titularitat de l\u2019edifici va passar a estar en mans d\u2019un fons d\u2019inversi\u00f3, i alguns ve\u00efns han comen\u00e7at a rebre comunicacions on se\u2019ls deixava clar que no se\u2019ls renovarien els contractes passada la seva data de finalitzaci\u00f3. Es tracta d\u2019un bloc amb fam\u00edlies amb fills menors, dues d\u2019elles monoparentals, i amb gent gran que porta all\u00e0 tota la vida: hi ha m\u00e9s de 35 ve\u00efnes afectades, i ja s\u2019hi compten uns 9 pisos buits. En paraules de l&#8217;Erika, ve\u00efna del bloc: \u201cEn aquest edifici hi ha fam\u00edlies en situaci\u00f3 de vulnerabilitat. A poc a poc, han anat marxant ve\u00efns, perqu\u00e8 volien evitar el conflicte, o perqu\u00e8 creien que no tenien res a fer en aquesta situaci\u00f3.\u201d<\/p>\n<p>Ara mateix, recalca el Sindicat, el bloc est\u00e0 en mans de Vandor Real Estat Socimi S.A.U., una promotora immobili\u00e0ria que es dedica als lloguers temporals i al co-living. A la seva p\u00e0gina web, declara les seves intencions sense embuts: hi indica, textualment, que aspira a convertir-se en \u201cuna empresa l\u00edder en serveis de lloguer de co-living.\u201d<\/p>\n<p>A la roda de premsa, s\u2019han conegut les demandes de les ve\u00efnes, s\u2019ha fet p\u00fablic el conflicte i s\u2019ha explicat com s\u2019encarar\u00e0 de manera conjunta amb el Sindicat d\u2019Habitatge de l\u2019Eixample. El Sindicat ha assenyalat que el Bloc Sep\u00falveda 83 \u00e9s un exemple m\u00e9s de com el negoci immobiliari obliga les persones a abandonar casa seva: grans tenidors i fons d\u2019inversi\u00f3 compren edificis sencers i es lucren a trav\u00e9s de les pr\u00e0ctiques de fragmentaci\u00f3 dels pisos en habitacions, dels lloguers de temporada i els co-livings, en detriment de l\u2019habitatge com a dret b\u00e0sic. S\u2019ha citat l\u2019exemple emblem\u00e0tic del Bloc Papallona, del carrer Llan\u00e7\u00e0 20, que ha estat comprat per un fons d\u2019inversi\u00f3 holand\u00e8s amb les mateixes intencions que Vandor, i on les ve\u00efnes s\u2019han convertit en s\u00edmbol de lluita i resist\u00e8ncia.<\/p>\n<p>Fins ara, el Sindicat ha intentat entrar en contacte amb Vandor, per\u00f2 no hi ha hagut resposta. Expressen que, mitjan\u00e7ant la sortida p\u00fablica del bloc, busquen fer pressi\u00f3 per a poder iniciar una negociaci\u00f3 amb la propietat i frenar el buidatge de l\u2019edifici. Tant el Sindicat com les ve\u00efnes han anunciat que lluitaran fins al final per quedar-se al bloc i defensar les seves cases.<\/p>","protected":false},"excerpt":{"rendered":"<p>Un bloc de lloguer a l\u2019Eixample denuncia la finalitzaci\u00f3 dels seus contractes per poder fer-hi colivings. Les ve\u00efnes han fet p\u00fablica avui la seva organitzaci\u00f3 amb el Sindicat per lluitar per la renovaci\u00f3 de tots els lloguers i defensar que es quedaran a casa seva. <\/p>","protected":false},"author":15,"featured_media":67164,"comment_status":"closed","ping_status":"closed","sticky":false,"template":"","format":"standard","meta":{"footnotes":""},"categories":[4079],"tags":[],"class_list":["post-67162","post","type-post","status-publish","format-standard","has-post-thumbnail","hentry","category-tribuna-libre"],"yoast_head":"<!-- This site is optimized with the Yoast SEO plugin v27.5 - https:\/\/yoast.com\/product\/yoast-seo-wordpress\/ -->\n<title>Bloc Sep\u00falveda 83 en lluita - Revista Rambla<\/title>\n<meta name=\"robots\" content=\"index, follow, max-snippet:-1, max-image-preview:large, max-video-preview:-1\" \/>\n<link rel=\"canonical\" href=\"https:\/\/www.revistarambla.com\/en\/bloc-sepulveda-83-en-lluita\/\" \/>\n<meta property=\"og:locale\" content=\"en_GB\" \/>\n<meta property=\"og:type\" content=\"article\" \/>\n<meta property=\"og:title\" content=\"Bloc Sep\u00falveda 83 en lluita - Revista Rambla\" \/>\n<meta property=\"og:description\" content=\"Un bloc de lloguer a l\u2019Eixample denuncia la finalitzaci\u00f3 dels seus contractes per poder fer-hi colivings. Les ve\u00efnes han fet p\u00fablica avui la seva organitzaci\u00f3 amb el Sindicat per lluitar per la renovaci\u00f3 de tots els lloguers i defensar que es quedaran a casa seva.\" \/>\n<meta property=\"og:url\" content=\"https:\/\/www.revistarambla.com\/en\/bloc-sepulveda-83-en-lluita\/\" \/>\n<meta property=\"og:site_name\" content=\"Revista Rambla\" \/>\n<meta property=\"article:publisher\" content=\"https:\/\/www.facebook.com\/revistarambla\/\" \/>\n<meta property=\"article:published_time\" content=\"2025-11-12T18:56:24+00:00\" \/>\n<meta property=\"og:image\" content=\"https:\/\/www.revistarambla.com\/wp-content\/uploads\/2025\/11\/923b5343-d744-0d0b-3914-87516b85451a.jpeg\" \/>\n\t<meta property=\"og:image:width\" content=\"1600\" \/>\n\t<meta property=\"og:image:height\" content=\"1066\" \/>\n\t<meta property=\"og:image:type\" content=\"image\/jpeg\" \/>\n<meta name=\"author\" content=\"Sindicat d\u2019Habitatge de l\u2019Eixample\" \/>\n<meta name=\"twitter:card\" content=\"summary_large_image\" \/>\n<meta name=\"twitter:creator\" content=\"@revistarambla\" \/>\n<meta name=\"twitter:site\" content=\"@revistarambla\" \/>\n<meta name=\"twitter:label1\" content=\"Written by\" \/>\n\t<meta name=\"twitter:data1\" content=\"Sindicat d\u2019Habitatge de l\u2019Eixample\" \/>\n\t<meta name=\"twitter:label2\" content=\"Estimated reading time\" \/>\n\t<meta name=\"twitter:data2\" content=\"3 minutes\" \/>\n<script type=\"application\/ld+json\" class=\"yoast-schema-graph\">{\"@context\":\"https:\\\/\\\/schema.org\",\"@graph\":[{\"@type\":\"Article\",\"@id\":\"https:\\\/\\\/www.revistarambla.com\\\/bloc-sepulveda-83-en-lluita\\\/#article\",\"isPartOf\":{\"@id\":\"https:\\\/\\\/www.revistarambla.com\\\/bloc-sepulveda-83-en-lluita\\\/\"},\"author\":{\"name\":\"Sindicat d\u2019Habitatge de l\u2019Eixample\",\"@id\":\"https:\\\/\\\/www.revistarambla.com\\\/#\\\/schema\\\/person\\\/2b19179a8ace334b829ad72cc6e6ce97\"},\"headline\":\"Bloc Sep\u00falveda 83 en lluita\",\"datePublished\":\"2025-11-12T18:56:24+00:00\",\"mainEntityOfPage\":{\"@id\":\"https:\\\/\\\/www.revistarambla.com\\\/bloc-sepulveda-83-en-lluita\\\/\"},\"wordCount\":480,\"publisher\":{\"@id\":\"https:\\\/\\\/www.revistarambla.com\\\/#organization\"},\"image\":{\"@id\":\"https:\\\/\\\/www.revistarambla.com\\\/bloc-sepulveda-83-en-lluita\\\/#primaryimage\"},\"thumbnailUrl\":\"https:\\\/\\\/www.revistarambla.com\\\/wp-content\\\/uploads\\\/2025\\\/11\\\/923b5343-d744-0d0b-3914-87516b85451a.jpeg\",\"articleSection\":[\"Tribuna Libre\"],\"inLanguage\":\"en-GB\"},{\"@type\":\"WebPage\",\"@id\":\"https:\\\/\\\/www.revistarambla.com\\\/bloc-sepulveda-83-en-lluita\\\/\",\"url\":\"https:\\\/\\\/www.revistarambla.com\\\/bloc-sepulveda-83-en-lluita\\\/\",\"name\":\"Bloc Sep\u00falveda 83 en lluita - Revista Rambla\",\"isPartOf\":{\"@id\":\"https:\\\/\\\/www.revistarambla.com\\\/#website\"},\"primaryImageOfPage\":{\"@id\":\"https:\\\/\\\/www.revistarambla.com\\\/bloc-sepulveda-83-en-lluita\\\/#primaryimage\"},\"image\":{\"@id\":\"https:\\\/\\\/www.revistarambla.com\\\/bloc-sepulveda-83-en-lluita\\\/#primaryimage\"},\"thumbnailUrl\":\"https:\\\/\\\/www.revistarambla.com\\\/wp-content\\\/uploads\\\/2025\\\/11\\\/923b5343-d744-0d0b-3914-87516b85451a.jpeg\",\"datePublished\":\"2025-11-12T18:56:24+00:00\",\"breadcrumb\":{\"@id\":\"https:\\\/\\\/www.revistarambla.com\\\/bloc-sepulveda-83-en-lluita\\\/#breadcrumb\"},\"inLanguage\":\"en-GB\",\"potentialAction\":[{\"@type\":\"ReadAction\",\"target\":[\"https:\\\/\\\/www.revistarambla.com\\\/bloc-sepulveda-83-en-lluita\\\/\"]}]},{\"@type\":\"ImageObject\",\"inLanguage\":\"en-GB\",\"@id\":\"https:\\\/\\\/www.revistarambla.com\\\/bloc-sepulveda-83-en-lluita\\\/#primaryimage\",\"url\":\"https:\\\/\\\/www.revistarambla.com\\\/wp-content\\\/uploads\\\/2025\\\/11\\\/923b5343-d744-0d0b-3914-87516b85451a.jpeg\",\"contentUrl\":\"https:\\\/\\\/www.revistarambla.com\\\/wp-content\\\/uploads\\\/2025\\\/11\\\/923b5343-d744-0d0b-3914-87516b85451a.jpeg\",\"width\":1600,\"height\":1066,\"caption\":\"Sep\u00falveda 83\"},{\"@type\":\"BreadcrumbList\",\"@id\":\"https:\\\/\\\/www.revistarambla.com\\\/bloc-sepulveda-83-en-lluita\\\/#breadcrumb\",\"itemListElement\":[{\"@type\":\"ListItem\",\"position\":1,\"name\":\"Portada\",\"item\":\"https:\\\/\\\/www.revistarambla.com\\\/\"},{\"@type\":\"ListItem\",\"position\":2,\"name\":\"Bloc Sep\u00falveda 83 en lluita\"}]},{\"@type\":\"WebSite\",\"@id\":\"https:\\\/\\\/www.revistarambla.com\\\/#website\",\"url\":\"https:\\\/\\\/www.revistarambla.com\\\/\",\"name\":\"Revista Rambla Barcelona\",\"description\":\"Periodismo independiente\",\"publisher\":{\"@id\":\"https:\\\/\\\/www.revistarambla.com\\\/#organization\"},\"potentialAction\":[{\"@type\":\"SearchAction\",\"target\":{\"@type\":\"EntryPoint\",\"urlTemplate\":\"https:\\\/\\\/www.revistarambla.com\\\/?s={search_term_string}\"},\"query-input\":{\"@type\":\"PropertyValueSpecification\",\"valueRequired\":true,\"valueName\":\"search_term_string\"}}],\"inLanguage\":\"en-GB\"},{\"@type\":\"Organization\",\"@id\":\"https:\\\/\\\/www.revistarambla.com\\\/#organization\",\"name\":\"Revista Rambla\",\"url\":\"https:\\\/\\\/www.revistarambla.com\\\/\",\"logo\":{\"@type\":\"ImageObject\",\"inLanguage\":\"en-GB\",\"@id\":\"https:\\\/\\\/www.revistarambla.com\\\/#\\\/schema\\\/logo\\\/image\\\/\",\"url\":\"https:\\\/\\\/www.revistarambla.com\\\/wp-content\\\/uploads\\\/2020\\\/09\\\/banner_rambla_1900x600_BB.png\",\"contentUrl\":\"https:\\\/\\\/www.revistarambla.com\\\/wp-content\\\/uploads\\\/2020\\\/09\\\/banner_rambla_1900x600_BB.png\",\"width\":1900,\"height\":600,\"caption\":\"Revista Rambla\"},\"image\":{\"@id\":\"https:\\\/\\\/www.revistarambla.com\\\/#\\\/schema\\\/logo\\\/image\\\/\"},\"sameAs\":[\"https:\\\/\\\/www.facebook.com\\\/revistarambla\\\/\",\"https:\\\/\\\/x.com\\\/revistarambla\",\"https:\\\/\\\/www.instagram.com\\\/revista_rambla\",\"https:\\\/\\\/es.linkedin.com\\\/company\\\/revista-rambla\"]},{\"@type\":\"Person\",\"@id\":\"https:\\\/\\\/www.revistarambla.com\\\/#\\\/schema\\\/person\\\/2b19179a8ace334b829ad72cc6e6ce97\",\"name\":\"Sindicat d\u2019Habitatge de l\u2019Eixample\"}]}<\/script>\n<!-- \/ Yoast SEO plugin. -->","yoast_head_json":{"title":"Bloc Sep\u00falveda 83 en lluita - Revista Rambla","robots":{"index":"index","follow":"follow","max-snippet":"max-snippet:-1","max-image-preview":"max-image-preview:large","max-video-preview":"max-video-preview:-1"},"canonical":"https:\/\/www.revistarambla.com\/en\/bloc-sepulveda-83-en-lluita\/","og_locale":"en_GB","og_type":"article","og_title":"Bloc Sep\u00falveda 83 en lluita - Revista Rambla","og_description":"Un bloc de lloguer a l\u2019Eixample denuncia la finalitzaci\u00f3 dels seus contractes per poder fer-hi colivings. Les ve\u00efnes han fet p\u00fablica avui la seva organitzaci\u00f3 amb el Sindicat per lluitar per la renovaci\u00f3 de tots els lloguers i defensar que es quedaran a casa seva.","og_url":"https:\/\/www.revistarambla.com\/en\/bloc-sepulveda-83-en-lluita\/","og_site_name":"Revista Rambla","article_publisher":"https:\/\/www.facebook.com\/revistarambla\/","article_published_time":"2025-11-12T18:56:24+00:00","og_image":[{"width":1600,"height":1066,"url":"https:\/\/www.revistarambla.com\/wp-content\/uploads\/2025\/11\/923b5343-d744-0d0b-3914-87516b85451a.jpeg","type":"image\/jpeg"}],"author":"Sindicat d\u2019Habitatge de l\u2019Eixample","twitter_card":"summary_large_image","twitter_creator":"@revistarambla","twitter_site":"@revistarambla","twitter_misc":{"Written by":"Sindicat d\u2019Habitatge de l\u2019Eixample","Estimated reading time":"3 minutes"},"schema":{"@context":"https:\/\/schema.org","@graph":[{"@type":"Article","@id":"https:\/\/www.revistarambla.com\/bloc-sepulveda-83-en-lluita\/#article","isPartOf":{"@id":"https:\/\/www.revistarambla.com\/bloc-sepulveda-83-en-lluita\/"},"author":{"name":"Sindicat d\u2019Habitatge de l\u2019Eixample","@id":"https:\/\/www.revistarambla.com\/#\/schema\/person\/2b19179a8ace334b829ad72cc6e6ce97"},"headline":"Bloc Sep\u00falveda 83 en lluita","datePublished":"2025-11-12T18:56:24+00:00","mainEntityOfPage":{"@id":"https:\/\/www.revistarambla.com\/bloc-sepulveda-83-en-lluita\/"},"wordCount":480,"publisher":{"@id":"https:\/\/www.revistarambla.com\/#organization"},"image":{"@id":"https:\/\/www.revistarambla.com\/bloc-sepulveda-83-en-lluita\/#primaryimage"},"thumbnailUrl":"https:\/\/www.revistarambla.com\/wp-content\/uploads\/2025\/11\/923b5343-d744-0d0b-3914-87516b85451a.jpeg","articleSection":["Tribuna Libre"],"inLanguage":"en-GB"},{"@type":"WebPage","@id":"https:\/\/www.revistarambla.com\/bloc-sepulveda-83-en-lluita\/","url":"https:\/\/www.revistarambla.com\/bloc-sepulveda-83-en-lluita\/","name":"Bloc Sep\u00falveda 83 en lluita - Revista Rambla","isPartOf":{"@id":"https:\/\/www.revistarambla.com\/#website"},"primaryImageOfPage":{"@id":"https:\/\/www.revistarambla.com\/bloc-sepulveda-83-en-lluita\/#primaryimage"},"image":{"@id":"https:\/\/www.revistarambla.com\/bloc-sepulveda-83-en-lluita\/#primaryimage"},"thumbnailUrl":"https:\/\/www.revistarambla.com\/wp-content\/uploads\/2025\/11\/923b5343-d744-0d0b-3914-87516b85451a.jpeg","datePublished":"2025-11-12T18:56:24+00:00","breadcrumb":{"@id":"https:\/\/www.revistarambla.com\/bloc-sepulveda-83-en-lluita\/#breadcrumb"},"inLanguage":"en-GB","potentialAction":[{"@type":"ReadAction","target":["https:\/\/www.revistarambla.com\/bloc-sepulveda-83-en-lluita\/"]}]},{"@type":"ImageObject","inLanguage":"en-GB","@id":"https:\/\/www.revistarambla.com\/bloc-sepulveda-83-en-lluita\/#primaryimage","url":"https:\/\/www.revistarambla.com\/wp-content\/uploads\/2025\/11\/923b5343-d744-0d0b-3914-87516b85451a.jpeg","contentUrl":"https:\/\/www.revistarambla.com\/wp-content\/uploads\/2025\/11\/923b5343-d744-0d0b-3914-87516b85451a.jpeg","width":1600,"height":1066,"caption":"Sep\u00falveda 83"},{"@type":"BreadcrumbList","@id":"https:\/\/www.revistarambla.com\/bloc-sepulveda-83-en-lluita\/#breadcrumb","itemListElement":[{"@type":"ListItem","position":1,"name":"Portada","item":"https:\/\/www.revistarambla.com\/"},{"@type":"ListItem","position":2,"name":"Bloc Sep\u00falveda 83 en lluita"}]},{"@type":"WebSite","@id":"https:\/\/www.revistarambla.com\/#website","url":"https:\/\/www.revistarambla.com\/","name":"Revista Rambla Barcelona","description":"Periodismo independiente","publisher":{"@id":"https:\/\/www.revistarambla.com\/#organization"},"potentialAction":[{"@type":"SearchAction","target":{"@type":"EntryPoint","urlTemplate":"https:\/\/www.revistarambla.com\/?s={search_term_string}"},"query-input":{"@type":"PropertyValueSpecification","valueRequired":true,"valueName":"search_term_string"}}],"inLanguage":"en-GB"},{"@type":"Organization","@id":"https:\/\/www.revistarambla.com\/#organization","name":"Revista Rambla","url":"https:\/\/www.revistarambla.com\/","logo":{"@type":"ImageObject","inLanguage":"en-GB","@id":"https:\/\/www.revistarambla.com\/#\/schema\/logo\/image\/","url":"https:\/\/www.revistarambla.com\/wp-content\/uploads\/2020\/09\/banner_rambla_1900x600_BB.png","contentUrl":"https:\/\/www.revistarambla.com\/wp-content\/uploads\/2020\/09\/banner_rambla_1900x600_BB.png","width":1900,"height":600,"caption":"Revista Rambla"},"image":{"@id":"https:\/\/www.revistarambla.com\/#\/schema\/logo\/image\/"},"sameAs":["https:\/\/www.facebook.com\/revistarambla\/","https:\/\/x.com\/revistarambla","https:\/\/www.instagram.com\/revista_rambla","https:\/\/es.linkedin.com\/company\/revista-rambla"]},{"@type":"Person","@id":"https:\/\/www.revistarambla.com\/#\/schema\/person\/2b19179a8ace334b829ad72cc6e6ce97","name":"Sindicat d\u2019Habitatge de l\u2019Eixample"}]}},"_links":{"self":[{"href":"https:\/\/www.revistarambla.com\/en\/wp-json\/wp\/v2\/posts\/67162","targetHints":{"allow":["GET"]}}],"collection":[{"href":"https:\/\/www.revistarambla.com\/en\/wp-json\/wp\/v2\/posts"}],"about":[{"href":"https:\/\/www.revistarambla.com\/en\/wp-json\/wp\/v2\/types\/post"}],"author":[{"embeddable":true,"href":"https:\/\/www.revistarambla.com\/en\/wp-json\/wp\/v2\/users\/15"}],"replies":[{"embeddable":true,"href":"https:\/\/www.revistarambla.com\/en\/wp-json\/wp\/v2\/comments?post=67162"}],"version-history":[{"count":1,"href":"https:\/\/www.revistarambla.com\/en\/wp-json\/wp\/v2\/posts\/67162\/revisions"}],"predecessor-version":[{"id":67165,"href":"https:\/\/www.revistarambla.com\/en\/wp-json\/wp\/v2\/posts\/67162\/revisions\/67165"}],"wp:featuredmedia":[{"embeddable":true,"href":"https:\/\/www.revistarambla.com\/en\/wp-json\/wp\/v2\/media\/67164"}],"wp:attachment":[{"href":"https:\/\/www.revistarambla.com\/en\/wp-json\/wp\/v2\/media?parent=67162"}],"wp:term":[{"taxonomy":"category","embeddable":true,"href":"https:\/\/www.revistarambla.com\/en\/wp-json\/wp\/v2\/categories?post=67162"},{"taxonomy":"post_tag","embeddable":true,"href":"https:\/\/www.revistarambla.com\/en\/wp-json\/wp\/v2\/tags?post=67162"}],"curies":[{"name":"wp","href":"https:\/\/api.w.org\/{rel}","templated":true}]}}