{"id":67151,"date":"2025-11-10T23:44:56","date_gmt":"2025-11-10T22:44:56","guid":{"rendered":"https:\/\/www.revistarambla.com\/?p=67151"},"modified":"2025-11-11T20:33:53","modified_gmt":"2025-11-11T19:33:53","slug":"nicanor-parra-y-la-antipoesia","status":"publish","type":"post","link":"https:\/\/www.revistarambla.com\/en\/nicanor-parra-y-la-antipoesia\/","title":{"rendered":"Nicanor Parra y la antipo\u00e9tica"},"content":{"rendered":"<p>Nicanor Parra (1914-2018), f\u00edsico, matem\u00e1tico y poeta chileno, emerge como una figura pivotal en la literatura hispanoamericana del siglo XX, no solo por su longevidad creativa, sino por su invenci\u00f3n de la <em>antipoes\u00eda<\/em>, un movimiento que redefine los l\u00edmites del g\u00e9nero po\u00e9tico. Nacido en San Fabi\u00e1n de Alico, en el sur de Chile, Parra inici\u00f3 su carrera literaria con <em>Cancionero sin nombre<\/em> (1937), influenciado por <a href=\"https:\/\/www.revistarambla.com\/en\/lorca-segun-vicente-aleixandre\/\">Federico Garc\u00eda Lorca<\/a> y el folclore popular, pero fue con <em>Poemas y antipoemas<\/em> (1954) donde cristaliz\u00f3 su propuesta antipo\u00e9tica. Esta se posiciona como una reacci\u00f3n contra la poes\u00eda vanguardista y modernista dominante en Chile, representada por figuras como Vicente Huidobro, Pablo Neruda y <a href=\"https:\/\/www.revistarambla.com\/en\/gabriela-mistral-entre-lo-lirico-y-lo-terrenal\/\">Gabriela Mistral<\/a>, que Parra critica por su elitismo, hermetismo y pretensiones ut\u00f3picas. La <em>antipoes\u00eda<\/em>, seg\u00fan Parra, no es mera negaci\u00f3n, sino un enriquecimiento del poema tradicional con elementos surrealistas y cotidianos, buscando democratizar el lenguaje po\u00e9tico y hacerlo accesible al \u00abhombre com\u00fan\u00bb.<\/p>\n<p>En un contexto posb\u00e9lico marcado por la crisis econ\u00f3mica de 1929, las guerras mundiales y la urbanizaci\u00f3n acelerada en Am\u00e9rica Latina, Parra refleja la fragmentaci\u00f3n del sujeto moderno, la incomunicaci\u00f3n y el absurdo existencial, utilizando iron\u00eda y humor negro para atacar la hipocres\u00eda social e institucional.<\/p>\n<p>La <em>antipoes\u00eda<\/em> se define por su contradicci\u00f3n inherente: finge ser poes\u00eda mientras se rebela contra ella, rechazando convenciones como la m\u00e9trica r\u00edgida, el lirismo elevado y los s\u00edmbolos idealizados (arco iris, dolor, rosas), en favor de un discurso prosaico, oral y narrativo que incorpora el lenguaje cotidiano, refranes y clich\u00e9s distorsionados.<\/p>\n<p>Esta propuesta no surge en el vac\u00edo; Parra dialoga con la \u00abPoes\u00eda de la Claridad\u00bb de los a\u00f1os 30, un grupo de j\u00f3venes poetas chilenos que buscaban una s\u00edntesis accesible y \u00fatil socialmente, oponi\u00e9ndose al subjetivismo vanguardista de <a href=\"https:\/\/www.revistarambla.com\/en\/a-50-anos-de-la-partida-de-nuestro-poeta-pablo-neruda\/\">Neruda<\/a> y Huidobro.<\/p>\n<p>Influenciado por el existencialismo (Kafka, Sartre), el surrealismo y el folclore chileno \u2014como las pr\u00e9dicas del Cristo de Elqui\u2014, Parra transforma la poes\u00eda en un acto de desmitificaci\u00f3n, donde el poeta no es un \u00abpeque\u00f1o dios\u00bb (cr\u00edtica a Huidobro), sino un buf\u00f3n que ridiculiza tanto al lector como a s\u00ed mismo. Su obra, galardonada con el Premio Nacional de Literatura en 1969 y el Cervantes en 2011, trasciende el \u00e1mbito chileno, impactando la posvanguardia hispanoamericana al promover una poes\u00eda \u00abde la tribu\u00bb, comunal y antielitista.<\/p>\n<h3>De la Claridad a la Subversi\u00f3n Antimodernista<\/h3>\n<p>Los or\u00edgenes de la <em>antipoes\u00eda<\/em> se remontan a la crisis cultural del siglo XX, donde Parra percibe la insuficiencia de las formas literarias tradicionales ante el malestar moderno: guerras, consumismo y alienaci\u00f3n.<\/p>\n<p>En los a\u00f1os 30, como parte de los \u00abPoetas de la Claridad\u00bb, Parra y otros (como Oscar Castro) rechazan el hermetismo vanguardista, inspirados en Garc\u00eda Lorca y tradiciones populares como el romance espa\u00f1ol, para crear una poes\u00eda accesible y de utilidad social.<\/p>\n<p>Su primer libro, <em>Cancionero sin nombre<\/em>, a\u00fan conserva ecos lorquianos en ritmos hipn\u00f3ticos y folcl\u00f3ricos, pero ya insin\u00faa la iron\u00eda que caracterizar\u00e1 su obra madura. La transici\u00f3n se evidencia en la primera secci\u00f3n de <em>Poemas y antipoemas<\/em>, donde Parra <em>poeticiza<\/em> espacios rurales desde una perspectiva urbana nost\u00e1lgica, revelando ideolog\u00edas falsificadoras que idealizan la naturaleza como un \u00ablibro de signos\u00bb medieval, imposible de recuperar en el mundo fragmentado posb\u00e9lico.<\/p>\n<p>Influencias clave incluyen el vanguardismo europeo post-Primera Guerra Mundial, que Parra adopta selectivamente: comparte el experimentalismo y la cr\u00edtica social, pero rechaza su elitismo y oscuridad, llev\u00e1ndolo al p\u00fablico masivo (Gottlieb, 1974).<\/p>\n<p>Elementos surrealistas enriquecen el poema tradicional, creando un sujeto fragmentario e irracional, mientras el folclore chileno \u2014refranes, payadores y el habla cotidiana\u2014 nutre su voz comunal, oponi\u00e9ndose a la desvitalizaci\u00f3n po\u00e9tica desde el Renacimiento.<\/p>\n<p>Parra critica directamente a Neruda (por su voz oracular), Mistral (por su lirismo edificante) y Huidobro (por su creacionismo divino), proponiendo una poes\u00eda \u00abanti-todo\u00bb que integra y elude ecos de estos precursores.<\/p>\n<p>Esta dial\u00e9ctica antimodernista culmina en los <em>Sermones y pr\u00e9dicas del Cristo de Elqui<\/em> (1977-1979), donde el sujeto po\u00e9tico se inmola, resucitando como figura espectral en un contexto de dictadura chilena y globalizaci\u00f3n capitalista.<\/p>\n<p>As\u00ed, la <em>antipoes\u00eda<\/em> no es mera rebeli\u00f3n, sino una estrategia para destituir al sujeto ut\u00f3pico modernista, reemplaz\u00e1ndolo por un intelectual \u00abespec\u00edfico\u00bb que denuncia la alienaci\u00f3n sin prometer salidas.<\/p>\n<h3>Iron\u00eda, Humor y Lenguaje Cotidiano<\/h3>\n<p>La <em>antipoes\u00eda<\/em> se distingue por su uso de la iron\u00eda como eje subversivo, un mecanismo carnavalesco (Bajt\u00edn) que rebaja lo solemne, transgrede lo autoritario y vulgariza lo trascendente, fusionando lo alto y lo bajo para afirmar la integralidad humana.<\/p>\n<p>La iron\u00eda opera en m\u00faltiples formas: desmitificadora (banalizando lo divino), antidoctrinaria (cuestionando ideolog\u00edas como comunismo o capitalismo), destructiva (rompiendo moldes) y autoir\u00f3nica (ridiculizando al poeta).<\/p>\n<p>Este dispositivo genera humor negro y parodia culta, riendo de lo solemne para des-solemnizarlo, como en \u00abSinf\u00f3nica de Cuna\u00bb, donde un \u00e1ngel celestial se transforma en figura rid\u00edcula y banal (\u00abFatuo como el cisne, \/ Fr\u00edo como un riel, \/ Gordo como un pavo, \/ Feo como usted\u00bb), culminando en un deseo ir\u00f3nico de muerte.<\/p>\n<p>El humor sirve a la cr\u00edtica social, exponiendo contradicciones en sistemas ideol\u00f3gicos: en \u00abRegla de tres\u00bb, Parra cuestiona el endiosamiento de Stalin ignorando millones de desaparecidos; en \u00abInflaci\u00f3n\u00bb, ironiza la esclavitud laboral como una \u00abjaula\u00bb con falsas promesas de libertad.<\/p>\n<p>El lenguaje cotidiano es central: Parra abandona la m\u00e9trica r\u00edgida por un discurso prosaico, narrativo y oral, adaptado a circunstancias, con ritmos variables y sintaxis desarticulada que rompe con normas estructuralistas (Jakobson).<\/p>\n<p>Incorpora refranes chilenos, clich\u00e9s distorsionados y elementos no literarios (sillas, mesas, ata\u00fades) para despoetizar la realidad, enfoc\u00e1ndose en lo absurdo y feo del mundo moderno.<\/p>\n<p>En \u00abAutorretrato\u00bb, el poeta se autorridiculiza como profesor exhausto (\u00abSoy profesor en un liceo obscuro, \/ He perdido la voz haciendo clases\u00bb), exagerando la miseria cotidiana para revelar embrutecimiento social.<\/p>\n<p>Esta t\u00e9cnica crea ambig\u00fcedad y contradicci\u00f3n, reflejando la incomunicaci\u00f3n moderna: el sujeto fragmentado alterna mon\u00f3logos exteriores e interiores, involucrando al lector en un performance din\u00e1mico que cuestiona expectativas po\u00e9ticas.<\/p>\n<p>La <em>antipoes\u00eda<\/em>, as\u00ed, subvierte la tradici\u00f3n al transformar prosa en poes\u00eda mediante segmentaci\u00f3n tipogr\u00e1fica, rechazando el lirismo por una comunicaci\u00f3n in\u00e9dita que integra s\u00e1tira, nihilismo y contracultura.<\/p>\n<h3>Poemas y Antipoemas y su Evoluci\u00f3n<\/h3>\n<p><em>Poemas y antipoemas <\/em>(1954) es la obra fundacional, estructurada en tres secciones que marcan la evoluci\u00f3n antipo\u00e9tica. La primera, neorrom\u00e1ntica, subvierte el lirismo de Mistral con poemas como \u00abSinfon\u00eda de cuna\u00bb, descentrando lo divino a lo carnal.<\/p>\n<p>La segunda, expresionista, introduce autoiron\u00eda anti-Neruda, como en \u00abOda a unas palomas\u00bb, que degrada s\u00edmbolos idealizados (palomas como hip\u00f3critas, rosas con piojos).<\/p>\n<p>La tercera contiene <em>antipoemas<\/em> propiamente dichos, precedidos por \u00abAdvertencia al lector\u00bb, que advierte sard\u00f3nicamente contra temas l\u00edricos ausentes, exaltando lo real.<\/p>\n<p>Poemas como \u00abLos vicios del mundo moderno\u00bb sat\u00edricamente enumeran males contempor\u00e1neos (autom\u00f3vil, cine, discriminaciones raciales), invirtiendo poder social y concluyendo con sarcasmo: \u00abCultivo un piojo en mi corbata \/ Y sonr\u00edo a los imb\u00e9ciles que bajan de los \u00e1rboles\u00bb.<\/p>\n<p>\u00abSoliloquio del Individuo\u00bb revisa la historia humana con repetici\u00f3n (\u00abYo soy el individuo\u00bb), revelando monoton\u00eda y fragmentaci\u00f3n gramatical, culminando en la resignaci\u00f3n: \u00abla vida no tiene sentido\u00bb.<\/p>\n<p>Obras posteriores profundizan esta subversi\u00f3n: <em>Versos de sal\u00f3n <\/em>(1962) depura la iron\u00eda; <em>Canciones rusas<\/em> (1967) explora la soledad; y los <em>Artefactos <\/em>(1972) introducen poemas brev\u00edsimos como graffiti, desintegrando el libro tradicional.<\/p>\n<p>En los <em>Sermones y pr\u00e9dicas del Cristo de Elqui<\/em>, la <em>antipoes\u00eda<\/em> cierra su fase antimodernista con inmolaci\u00f3n del sujeto, preparando la transici\u00f3n posmoderna.<\/p>\n<h3>De la Subversi\u00f3n al Espect\u00e1culo Posmoderno<\/h3>\n<p>El impacto de Parra radica en democratizar la poes\u00eda, influyendo en el \u00abexteriorismo\u00bb de Ernesto Cardenal y los \u00abnov\u00edsimos\u00bb hispanoamericanos, rompiendo jerarqu\u00edas y fusionando g\u00e9neros.<\/p>\n<p>Su legado anticipa la posmodernidad: desde los 80, obras como <em>Hojas de Parra<\/em> (1985) y <em>Chistes parra desorientar a la polic\u00eda poes\u00eda<\/em> (1983) imitan su estilo antimodernista mediante \u00abpastiche\u00bb (Jameson), transformando subversi\u00f3n en espect\u00e1culo consumible, con elementos visuales (artefactos, caligraf\u00eda) que seducen al lector masivo sin fisuras cr\u00edticas.<\/p>\n<p>Influenciado por Duchamp, Parra convierte objetos cotidianos en protagonistas, pero en lo posmoderno, pierde profundidad, respondiendo al trauma de la dictadura chilena y la mercantilizaci\u00f3n global.<\/p>\n<p>Su <em>ecopoes\u00eda<\/em> posterior denuncia la crisis ambiental, proponiendo una \u00abeconom\u00eda mapuche de subsistencia\u00bb, extendiendo la <em>antipoes\u00eda<\/em> a lo sociopol\u00edtico.<\/p>\n<p>A pesar de riesgos de neutralizaci\u00f3n oficial, Parra renueva la tradici\u00f3n heterodoxa, cuestionando ideolog\u00edas y ampliando la conciencia humana.<\/p>\n<p>En conclusi\u00f3n, la <em>antipoes\u00eda<\/em> de Parra representa una dial\u00e9ctica subversiva que deconstruye la poes\u00eda tradicional para revelar el absurdo moderno, fusionando iron\u00eda, humor y lenguaje cotidiano en una voz comunal que trasciende fronteras. Su legado, desde la rebeld\u00eda antimodernista al espect\u00e1culo posmoderno, consolida su lugar como renovador de la literatura hispanoamericana, invitando a una lectura cr\u00edtica que confronta la alienaci\u00f3n contempor\u00e1nea.<\/p>","protected":false},"excerpt":{"rendered":"<p>Una Subversi\u00f3n Dial\u00e9ctica de la Tradici\u00f3n Po\u00e9tica Hispanoamericana<\/p>","protected":false},"author":3,"featured_media":67155,"comment_status":"closed","ping_status":"closed","sticky":false,"template":"","format":"standard","meta":{"footnotes":""},"categories":[60],"tags":[],"class_list":["post-67151","post","type-post","status-publish","format-standard","has-post-thumbnail","hentry","category-libros"],"yoast_head":"<!-- This site is optimized with the Yoast SEO plugin v27.5 - https:\/\/yoast.com\/product\/yoast-seo-wordpress\/ -->\n<title>Nicanor Parra y la antipo\u00e9tica - Revista Rambla<\/title>\n<meta name=\"robots\" content=\"index, follow, max-snippet:-1, max-image-preview:large, max-video-preview:-1\" \/>\n<link rel=\"canonical\" href=\"https:\/\/www.revistarambla.com\/en\/nicanor-parra-y-la-antipoesia\/\" \/>\n<meta property=\"og:locale\" content=\"en_GB\" \/>\n<meta property=\"og:type\" content=\"article\" \/>\n<meta property=\"og:title\" content=\"Nicanor Parra y la antipo\u00e9tica - Revista Rambla\" \/>\n<meta property=\"og:description\" content=\"Una Subversi\u00f3n Dial\u00e9ctica de la Tradici\u00f3n Po\u00e9tica Hispanoamericana\" \/>\n<meta property=\"og:url\" content=\"https:\/\/www.revistarambla.com\/en\/nicanor-parra-y-la-antipoesia\/\" \/>\n<meta property=\"og:site_name\" content=\"Revista Rambla\" \/>\n<meta property=\"article:publisher\" content=\"https:\/\/www.facebook.com\/revistarambla\/\" \/>\n<meta property=\"article:author\" content=\"https:\/\/www.facebook.com\/revistarambla\" \/>\n<meta property=\"article:published_time\" content=\"2025-11-10T22:44:56+00:00\" \/>\n<meta property=\"article:modified_time\" content=\"2025-11-11T19:33:53+00:00\" \/>\n<meta property=\"og:image\" content=\"https:\/\/www.revistarambla.com\/wp-content\/uploads\/2025\/11\/manifiesto-de-nicanor-parra.jpg\" \/>\n\t<meta property=\"og:image:width\" content=\"1313\" \/>\n\t<meta property=\"og:image:height\" content=\"1008\" \/>\n\t<meta property=\"og:image:type\" content=\"image\/jpeg\" \/>\n<meta name=\"author\" content=\"R@mbla\" \/>\n<meta name=\"twitter:card\" content=\"summary_large_image\" \/>\n<meta name=\"twitter:creator\" content=\"@revistarambla\" \/>\n<meta name=\"twitter:site\" content=\"@revistarambla\" \/>\n<meta name=\"twitter:label1\" content=\"Written by\" \/>\n\t<meta name=\"twitter:data1\" content=\"R@mbla\" \/>\n\t<meta name=\"twitter:label2\" content=\"Estimated reading time\" \/>\n\t<meta name=\"twitter:data2\" content=\"7 minutes\" \/>\n<script type=\"application\/ld+json\" class=\"yoast-schema-graph\">{\"@context\":\"https:\\\/\\\/schema.org\",\"@graph\":[{\"@type\":\"Article\",\"@id\":\"https:\\\/\\\/www.revistarambla.com\\\/nicanor-parra-y-la-antipoesia\\\/#article\",\"isPartOf\":{\"@id\":\"https:\\\/\\\/www.revistarambla.com\\\/nicanor-parra-y-la-antipoesia\\\/\"},\"author\":{\"name\":\"R@mbla\",\"@id\":\"https:\\\/\\\/www.revistarambla.com\\\/#\\\/schema\\\/person\\\/a146a5a2550b94981a75131180e1bd9c\"},\"headline\":\"Nicanor Parra y la antipo\u00e9tica\",\"datePublished\":\"2025-11-10T22:44:56+00:00\",\"dateModified\":\"2025-11-11T19:33:53+00:00\",\"mainEntityOfPage\":{\"@id\":\"https:\\\/\\\/www.revistarambla.com\\\/nicanor-parra-y-la-antipoesia\\\/\"},\"wordCount\":1557,\"publisher\":{\"@id\":\"https:\\\/\\\/www.revistarambla.com\\\/#organization\"},\"image\":{\"@id\":\"https:\\\/\\\/www.revistarambla.com\\\/nicanor-parra-y-la-antipoesia\\\/#primaryimage\"},\"thumbnailUrl\":\"https:\\\/\\\/www.revistarambla.com\\\/wp-content\\\/uploads\\\/2025\\\/11\\\/manifiesto-de-nicanor-parra.jpg\",\"articleSection\":[\"Libros\"],\"inLanguage\":\"en-GB\"},{\"@type\":\"WebPage\",\"@id\":\"https:\\\/\\\/www.revistarambla.com\\\/nicanor-parra-y-la-antipoesia\\\/\",\"url\":\"https:\\\/\\\/www.revistarambla.com\\\/nicanor-parra-y-la-antipoesia\\\/\",\"name\":\"Nicanor Parra y la antipo\u00e9tica - Revista Rambla\",\"isPartOf\":{\"@id\":\"https:\\\/\\\/www.revistarambla.com\\\/#website\"},\"primaryImageOfPage\":{\"@id\":\"https:\\\/\\\/www.revistarambla.com\\\/nicanor-parra-y-la-antipoesia\\\/#primaryimage\"},\"image\":{\"@id\":\"https:\\\/\\\/www.revistarambla.com\\\/nicanor-parra-y-la-antipoesia\\\/#primaryimage\"},\"thumbnailUrl\":\"https:\\\/\\\/www.revistarambla.com\\\/wp-content\\\/uploads\\\/2025\\\/11\\\/manifiesto-de-nicanor-parra.jpg\",\"datePublished\":\"2025-11-10T22:44:56+00:00\",\"dateModified\":\"2025-11-11T19:33:53+00:00\",\"breadcrumb\":{\"@id\":\"https:\\\/\\\/www.revistarambla.com\\\/nicanor-parra-y-la-antipoesia\\\/#breadcrumb\"},\"inLanguage\":\"en-GB\",\"potentialAction\":[{\"@type\":\"ReadAction\",\"target\":[\"https:\\\/\\\/www.revistarambla.com\\\/nicanor-parra-y-la-antipoesia\\\/\"]}]},{\"@type\":\"ImageObject\",\"inLanguage\":\"en-GB\",\"@id\":\"https:\\\/\\\/www.revistarambla.com\\\/nicanor-parra-y-la-antipoesia\\\/#primaryimage\",\"url\":\"https:\\\/\\\/www.revistarambla.com\\\/wp-content\\\/uploads\\\/2025\\\/11\\\/manifiesto-de-nicanor-parra.jpg\",\"contentUrl\":\"https:\\\/\\\/www.revistarambla.com\\\/wp-content\\\/uploads\\\/2025\\\/11\\\/manifiesto-de-nicanor-parra.jpg\",\"width\":1313,\"height\":1008},{\"@type\":\"BreadcrumbList\",\"@id\":\"https:\\\/\\\/www.revistarambla.com\\\/nicanor-parra-y-la-antipoesia\\\/#breadcrumb\",\"itemListElement\":[{\"@type\":\"ListItem\",\"position\":1,\"name\":\"Portada\",\"item\":\"https:\\\/\\\/www.revistarambla.com\\\/\"},{\"@type\":\"ListItem\",\"position\":2,\"name\":\"Nicanor Parra y la antipo\u00e9tica\"}]},{\"@type\":\"WebSite\",\"@id\":\"https:\\\/\\\/www.revistarambla.com\\\/#website\",\"url\":\"https:\\\/\\\/www.revistarambla.com\\\/\",\"name\":\"Revista Rambla Barcelona\",\"description\":\"Periodismo independiente\",\"publisher\":{\"@id\":\"https:\\\/\\\/www.revistarambla.com\\\/#organization\"},\"potentialAction\":[{\"@type\":\"SearchAction\",\"target\":{\"@type\":\"EntryPoint\",\"urlTemplate\":\"https:\\\/\\\/www.revistarambla.com\\\/?s={search_term_string}\"},\"query-input\":{\"@type\":\"PropertyValueSpecification\",\"valueRequired\":true,\"valueName\":\"search_term_string\"}}],\"inLanguage\":\"en-GB\"},{\"@type\":\"Organization\",\"@id\":\"https:\\\/\\\/www.revistarambla.com\\\/#organization\",\"name\":\"Revista Rambla\",\"url\":\"https:\\\/\\\/www.revistarambla.com\\\/\",\"logo\":{\"@type\":\"ImageObject\",\"inLanguage\":\"en-GB\",\"@id\":\"https:\\\/\\\/www.revistarambla.com\\\/#\\\/schema\\\/logo\\\/image\\\/\",\"url\":\"https:\\\/\\\/www.revistarambla.com\\\/wp-content\\\/uploads\\\/2020\\\/09\\\/banner_rambla_1900x600_BB.png\",\"contentUrl\":\"https:\\\/\\\/www.revistarambla.com\\\/wp-content\\\/uploads\\\/2020\\\/09\\\/banner_rambla_1900x600_BB.png\",\"width\":1900,\"height\":600,\"caption\":\"Revista Rambla\"},\"image\":{\"@id\":\"https:\\\/\\\/www.revistarambla.com\\\/#\\\/schema\\\/logo\\\/image\\\/\"},\"sameAs\":[\"https:\\\/\\\/www.facebook.com\\\/revistarambla\\\/\",\"https:\\\/\\\/x.com\\\/revistarambla\",\"https:\\\/\\\/www.instagram.com\\\/revista_rambla\",\"https:\\\/\\\/es.linkedin.com\\\/company\\\/revista-rambla\"]},{\"@type\":\"Person\",\"@id\":\"https:\\\/\\\/www.revistarambla.com\\\/#\\\/schema\\\/person\\\/a146a5a2550b94981a75131180e1bd9c\",\"name\":\"R@mbla\",\"description\":\"Este art\u00edculo ha sido redactado y\\\/o validado por el equipo de redacci\u00f3n de Revista Rambla.\",\"sameAs\":[\"https:\\\/\\\/www.revistarambla.com\\\/\",\"https:\\\/\\\/www.facebook.com\\\/revistarambla\",\"https:\\\/\\\/x.com\\\/revistarambla\"]}]}<\/script>\n<!-- \/ Yoast SEO plugin. -->","yoast_head_json":{"title":"Nicanor Parra y la antipo\u00e9tica - Revista Rambla","robots":{"index":"index","follow":"follow","max-snippet":"max-snippet:-1","max-image-preview":"max-image-preview:large","max-video-preview":"max-video-preview:-1"},"canonical":"https:\/\/www.revistarambla.com\/en\/nicanor-parra-y-la-antipoesia\/","og_locale":"en_GB","og_type":"article","og_title":"Nicanor Parra y la antipo\u00e9tica - Revista Rambla","og_description":"Una Subversi\u00f3n Dial\u00e9ctica de la Tradici\u00f3n Po\u00e9tica Hispanoamericana","og_url":"https:\/\/www.revistarambla.com\/en\/nicanor-parra-y-la-antipoesia\/","og_site_name":"Revista Rambla","article_publisher":"https:\/\/www.facebook.com\/revistarambla\/","article_author":"https:\/\/www.facebook.com\/revistarambla","article_published_time":"2025-11-10T22:44:56+00:00","article_modified_time":"2025-11-11T19:33:53+00:00","og_image":[{"width":1313,"height":1008,"url":"https:\/\/www.revistarambla.com\/wp-content\/uploads\/2025\/11\/manifiesto-de-nicanor-parra.jpg","type":"image\/jpeg"}],"author":"R@mbla","twitter_card":"summary_large_image","twitter_creator":"@revistarambla","twitter_site":"@revistarambla","twitter_misc":{"Written by":"R@mbla","Estimated reading time":"7 minutes"},"schema":{"@context":"https:\/\/schema.org","@graph":[{"@type":"Article","@id":"https:\/\/www.revistarambla.com\/nicanor-parra-y-la-antipoesia\/#article","isPartOf":{"@id":"https:\/\/www.revistarambla.com\/nicanor-parra-y-la-antipoesia\/"},"author":{"name":"R@mbla","@id":"https:\/\/www.revistarambla.com\/#\/schema\/person\/a146a5a2550b94981a75131180e1bd9c"},"headline":"Nicanor Parra y la antipo\u00e9tica","datePublished":"2025-11-10T22:44:56+00:00","dateModified":"2025-11-11T19:33:53+00:00","mainEntityOfPage":{"@id":"https:\/\/www.revistarambla.com\/nicanor-parra-y-la-antipoesia\/"},"wordCount":1557,"publisher":{"@id":"https:\/\/www.revistarambla.com\/#organization"},"image":{"@id":"https:\/\/www.revistarambla.com\/nicanor-parra-y-la-antipoesia\/#primaryimage"},"thumbnailUrl":"https:\/\/www.revistarambla.com\/wp-content\/uploads\/2025\/11\/manifiesto-de-nicanor-parra.jpg","articleSection":["Libros"],"inLanguage":"en-GB"},{"@type":"WebPage","@id":"https:\/\/www.revistarambla.com\/nicanor-parra-y-la-antipoesia\/","url":"https:\/\/www.revistarambla.com\/nicanor-parra-y-la-antipoesia\/","name":"Nicanor Parra y la antipo\u00e9tica - Revista Rambla","isPartOf":{"@id":"https:\/\/www.revistarambla.com\/#website"},"primaryImageOfPage":{"@id":"https:\/\/www.revistarambla.com\/nicanor-parra-y-la-antipoesia\/#primaryimage"},"image":{"@id":"https:\/\/www.revistarambla.com\/nicanor-parra-y-la-antipoesia\/#primaryimage"},"thumbnailUrl":"https:\/\/www.revistarambla.com\/wp-content\/uploads\/2025\/11\/manifiesto-de-nicanor-parra.jpg","datePublished":"2025-11-10T22:44:56+00:00","dateModified":"2025-11-11T19:33:53+00:00","breadcrumb":{"@id":"https:\/\/www.revistarambla.com\/nicanor-parra-y-la-antipoesia\/#breadcrumb"},"inLanguage":"en-GB","potentialAction":[{"@type":"ReadAction","target":["https:\/\/www.revistarambla.com\/nicanor-parra-y-la-antipoesia\/"]}]},{"@type":"ImageObject","inLanguage":"en-GB","@id":"https:\/\/www.revistarambla.com\/nicanor-parra-y-la-antipoesia\/#primaryimage","url":"https:\/\/www.revistarambla.com\/wp-content\/uploads\/2025\/11\/manifiesto-de-nicanor-parra.jpg","contentUrl":"https:\/\/www.revistarambla.com\/wp-content\/uploads\/2025\/11\/manifiesto-de-nicanor-parra.jpg","width":1313,"height":1008},{"@type":"BreadcrumbList","@id":"https:\/\/www.revistarambla.com\/nicanor-parra-y-la-antipoesia\/#breadcrumb","itemListElement":[{"@type":"ListItem","position":1,"name":"Portada","item":"https:\/\/www.revistarambla.com\/"},{"@type":"ListItem","position":2,"name":"Nicanor Parra y la antipo\u00e9tica"}]},{"@type":"WebSite","@id":"https:\/\/www.revistarambla.com\/#website","url":"https:\/\/www.revistarambla.com\/","name":"Revista Rambla Barcelona","description":"Periodismo independiente","publisher":{"@id":"https:\/\/www.revistarambla.com\/#organization"},"potentialAction":[{"@type":"SearchAction","target":{"@type":"EntryPoint","urlTemplate":"https:\/\/www.revistarambla.com\/?s={search_term_string}"},"query-input":{"@type":"PropertyValueSpecification","valueRequired":true,"valueName":"search_term_string"}}],"inLanguage":"en-GB"},{"@type":"Organization","@id":"https:\/\/www.revistarambla.com\/#organization","name":"Revista Rambla","url":"https:\/\/www.revistarambla.com\/","logo":{"@type":"ImageObject","inLanguage":"en-GB","@id":"https:\/\/www.revistarambla.com\/#\/schema\/logo\/image\/","url":"https:\/\/www.revistarambla.com\/wp-content\/uploads\/2020\/09\/banner_rambla_1900x600_BB.png","contentUrl":"https:\/\/www.revistarambla.com\/wp-content\/uploads\/2020\/09\/banner_rambla_1900x600_BB.png","width":1900,"height":600,"caption":"Revista Rambla"},"image":{"@id":"https:\/\/www.revistarambla.com\/#\/schema\/logo\/image\/"},"sameAs":["https:\/\/www.facebook.com\/revistarambla\/","https:\/\/x.com\/revistarambla","https:\/\/www.instagram.com\/revista_rambla","https:\/\/es.linkedin.com\/company\/revista-rambla"]},{"@type":"Person","@id":"https:\/\/www.revistarambla.com\/#\/schema\/person\/a146a5a2550b94981a75131180e1bd9c","name":"R@mbla","description":"Este art\u00edculo ha sido redactado y\/o validado por el equipo de redacci\u00f3n de Revista Rambla.","sameAs":["https:\/\/www.revistarambla.com\/","https:\/\/www.facebook.com\/revistarambla","https:\/\/x.com\/revistarambla"]}]}},"_links":{"self":[{"href":"https:\/\/www.revistarambla.com\/en\/wp-json\/wp\/v2\/posts\/67151","targetHints":{"allow":["GET"]}}],"collection":[{"href":"https:\/\/www.revistarambla.com\/en\/wp-json\/wp\/v2\/posts"}],"about":[{"href":"https:\/\/www.revistarambla.com\/en\/wp-json\/wp\/v2\/types\/post"}],"author":[{"embeddable":true,"href":"https:\/\/www.revistarambla.com\/en\/wp-json\/wp\/v2\/users\/3"}],"replies":[{"embeddable":true,"href":"https:\/\/www.revistarambla.com\/en\/wp-json\/wp\/v2\/comments?post=67151"}],"version-history":[{"count":5,"href":"https:\/\/www.revistarambla.com\/en\/wp-json\/wp\/v2\/posts\/67151\/revisions"}],"predecessor-version":[{"id":67157,"href":"https:\/\/www.revistarambla.com\/en\/wp-json\/wp\/v2\/posts\/67151\/revisions\/67157"}],"wp:featuredmedia":[{"embeddable":true,"href":"https:\/\/www.revistarambla.com\/en\/wp-json\/wp\/v2\/media\/67155"}],"wp:attachment":[{"href":"https:\/\/www.revistarambla.com\/en\/wp-json\/wp\/v2\/media?parent=67151"}],"wp:term":[{"taxonomy":"category","embeddable":true,"href":"https:\/\/www.revistarambla.com\/en\/wp-json\/wp\/v2\/categories?post=67151"},{"taxonomy":"post_tag","embeddable":true,"href":"https:\/\/www.revistarambla.com\/en\/wp-json\/wp\/v2\/tags?post=67151"}],"curies":[{"name":"wp","href":"https:\/\/api.w.org\/{rel}","templated":true}]}}