{"id":67147,"date":"2025-11-10T20:18:30","date_gmt":"2025-11-10T19:18:30","guid":{"rendered":"https:\/\/www.revistarambla.com\/?p=67147"},"modified":"2025-11-10T20:18:30","modified_gmt":"2025-11-10T19:18:30","slug":"testimonios-que-inspiran-la-revolucion-capilar-de-eternal-hair-clinic-en-barcelona","status":"publish","type":"post","link":"https:\/\/www.revistarambla.com\/en\/testimonios-que-inspiran-la-revolucion-capilar-de-eternal-hair-clinic-en-barcelona\/","title":{"rendered":"Testimonios que inspiran: la revoluci\u00f3n capilar de Eternal Hair Clinic en Barcelona"},"content":{"rendered":"<p><img decoding=\"async\" class=\"size-full wp-image-67148 aligncenter\" src=\"https:\/\/www.revistarambla.com\/wp-content\/uploads\/2025\/11\/img_0.jpg\" alt=\"injerto capilar Barcelona\" width=\"1920\" height=\"1080\" srcset=\"https:\/\/www.revistarambla.com\/wp-content\/uploads\/2025\/11\/img_0.jpg 1920w, https:\/\/www.revistarambla.com\/wp-content\/uploads\/2025\/11\/img_0-649x365.jpg 649w, https:\/\/www.revistarambla.com\/wp-content\/uploads\/2025\/11\/img_0-840x473.jpg 840w, https:\/\/www.revistarambla.com\/wp-content\/uploads\/2025\/11\/img_0-500x280.jpg 500w, https:\/\/www.revistarambla.com\/wp-content\/uploads\/2025\/11\/img_0-768x432.jpg 768w, https:\/\/www.revistarambla.com\/wp-content\/uploads\/2025\/11\/img_0-1536x864.jpg 1536w, https:\/\/www.revistarambla.com\/wp-content\/uploads\/2025\/11\/img_0-18x10.jpg 18w, https:\/\/www.revistarambla.com\/wp-content\/uploads\/2025\/11\/img_0-1200x675.jpg 1200w\" sizes=\"(max-width: 1920px) 100vw, 1920px\" \/><\/p>\n<p>La p\u00e9rdida de cabello rara vez es solo est\u00e9tica. Toca la autoestima, altera rutinas y silencia costumbres tan sencillas como mirarse al espejo sin tensi\u00f3n. En Barcelona, Eternal Hair Clinic se ha ganado un lugar en el boca-oreja de pacientes que cuentan su proceso con naturalidad: <b>diagn\u00f3stico honesto<\/b>, <b>t\u00e9cnicas avanzadas de injerto capilar Barcelona<\/b>, acompa\u00f1amiento cercano y resultados que se miden tanto en densidad como en serenidad.<\/p>\n<p>Este reportaje recoge <b>testimonios reales de injerto capilar y mesoterapia capilar<\/b>: personas que decidieron dar el paso \u2014trasplante, mesoterapia o ambos\u2014 y hoy ponen palabras a su antes y despu\u00e9s.<\/p>\n<p>Conoce la cl\u00ednica y su enfoque integral en <a href=\"https:\/\/eternalhairclinic.es\/\"><b>eternalhairclinic.es<\/b><\/a>.<\/p>\n<h2><b>\u201cNos explicaron todo, paso a paso\u201d: el caso de Sandra Reyes<\/b><\/h2>\n<p>Despu\u00e9s de comparar varias cl\u00ednicas capilares en Barcelona, Sandra Reyes eligi\u00f3 Eternal Hair Clinic por una raz\u00f3n simple: \u201cFue un acierto desde el minuto uno\u201d. Habla de un <b>trato personalizado<\/b>, tambi\u00e9n hacia su acompa\u00f1ante, y de un itinerario claro que ordena el proceso de punta a punta: preoperatorio, d\u00eda de cirug\u00eda y postoperatorio, con disponibilidad real para dudas en cualquier momento.<\/p>\n<p>Eligi\u00f3 intervenirse un s\u00e1bado \u2014ideal para quien busca un <b>injerto capilar en fin de semana Barcelona<\/b>\u2014, y se qued\u00f3 con una idea fija: la <b>devoci\u00f3n<\/b> del equipo por su trabajo.<\/p>\n<p>\u201cEstoy segura de que los meses que vienen ser\u00e1n tan buenos como estos primeros d\u00edas\u201d, dice. Con la promesa de ir actualizando fotos de su evoluci\u00f3n, Sandra lanza una invitaci\u00f3n directa a quien a\u00fan duda: \u201cLa <b>primera consulta capilar gratuita<\/b> te da toda la confianza para decidir sin presi\u00f3n. Te dicen la verdad y eso se nota\u201d.<\/p>\n<h2><b>De la duda al dise\u00f1o natural: la experiencia de Dima (Dmytro) Zakharov<\/b><\/h2>\n<p><b>Dima Zakharov<\/b> lleg\u00f3 con las dudas habituales: \u201c\u00bfMe doler\u00e1? \u00bfSe notar\u00e1? \u00bfQuedar\u00e1 natural?\u201d. Sali\u00f3 con un plan. De su relato destaca la <b>organizaci\u00f3n desde la primera consulta<\/b> y un aspecto que subraya una y otra vez: el <b>dise\u00f1o de l\u00ednea frontal natural<\/b>, ese detalle que diferencia un resultado convincente de uno impostado<\/p>\n<p>\u201cEl proceso fue sencillo\u201d, explica. \u201cEl equipo me explic\u00f3 la diferencia entre la t\u00e9cnica FUE Zafiro y la t\u00e9cnica DHI, y me recomendaron la m\u00e1s adecuada para mi caso. Lo m\u00e1s valioso fue el <b>seguimiento post injerto capilar<\/b>, con indicaciones claras y revisiones constantes.\u201d<\/p>\n<p>Al poco tiempo, Dima regres\u00f3 para actualizar su evoluci\u00f3n y celebr\u00f3 p\u00fablicamente el cambio: \u201cEl resultado est\u00e1 quedando incre\u00edble y a\u00fan queda lo mejor\u201d.<\/p>\n<p>Detalles sobre <a href=\"https:\/\/eternalhairclinic.es\/trasplante-capilar-fue-zafiro\/\"><b>t\u00e9cnicas de injerto capilar<\/b><\/a> y atenci\u00f3n postoperatoria.<\/p>\n<h2><b>Cuando el objetivo es no operar: la ruta de L\u00eddia Torras<\/b><\/h2>\n<p>No todos los caminos llevan a quir\u00f3fano. L\u00eddia Torras acudi\u00f3 por una <b>ca\u00edda capilar de origen hormonal<\/b>; su caso no era grave, pero s\u00ed persistente. Eligi\u00f3 tratarse y busc\u00f3 buenos profesionales. Encontr\u00f3 un equipo cercano \u2014nombra a Pablo y Manuel\u2014 y un plan conservador: mesoterapia capilar mujer, medicaci\u00f3n y revisiones peri\u00f3dicas.<\/p>\n<p>\u201cEl cambio ha sido abismal en pocos meses\u201d, cuenta. Su testimonio pone foco en la <b>\u00e9tica cl\u00ednica<\/b>: no prometer imposibles, no forzar intervenciones, priorizar la salud del fol\u00edculo y la estabilidad del paciente.<\/p>\n<p>La mesoterapia capilar en Barcelona se ha consolidado como alternativa eficaz para frenar la alopecia femenina, fortalecer el fol\u00edculo piloso y mejorar la calidad del cabello. \u201cLo que m\u00e1s me gust\u00f3 fue sentirme escuchada. No vendieron un milagro, ofrecieron un tratamiento con resultados reales y medibles\u201d, concluye L\u00eddia.<\/p>\n<h2><b>El d\u00eda largo que merece la pena: la voz de David Shvets<\/b><\/h2>\n<p>En el lenguaje de quir\u00f3fano, ocho horas pueden sonar a eternidad; para <b>David Shvets<\/b>, fueron el tiempo que necesitaba su trasplante capilar en Barcelona para asentarse con mimo. Valora la <b>claridad previa<\/b> \u2014cu\u00e1ntos injertos, qu\u00e9 zona cubrir, expectativas realistas\u2014 y el <b>cuidado constante<\/b> durante la intervenci\u00f3n.<\/p>\n<p>Al d\u00eda siguiente, <b>primer lavado<\/b> y <b>aftercare detallado<\/b>: qu\u00e9 hacer, qu\u00e9 evitar, c\u00f3mo dormir, cu\u00e1ndo lavar y c\u00f3mo proteger la zona donante y receptora.<\/p>\n<p>\u201cNo puedo m\u00e1s que recomendarlo\u201d, resume. Su \u00e9nfasis no est\u00e1 solo en la pericia t\u00e9cnica, sino en la <b>coordinaci\u00f3n del equipo<\/b> y en la sensaci\u00f3n de estar en buenas manos. \u201cCada persona con la que habl\u00e9 sab\u00eda exactamente en qu\u00e9 punto estaba mi tratamiento.\u201d<\/p>\n<p>El resultado, dice, \u201cno solo se ve, se siente\u201d: naturalidad, densidad y confianza.<\/p>\n<h2><b>Injerto capilar y mesoterapia: dos caminos que a menudo se cruzan<\/b><\/h2>\n<p>En Barcelona, la conversaci\u00f3n sobre alopecia androgen\u00e9tica y ca\u00edda del cabello se ha sofisticado. Ya no se habla de soluciones milagrosas, sino de indicaciones m\u00e9dicas personalizadas. En Eternal Hair Clinic, el injerto capilar Barcelona se plantea para recuperar \u00e1reas sin fol\u00edculo con m\u00ednima invasi\u00f3n, mientras que la mesoterapia capilar Barcelona refuerza la salud del cuero cabelludo, mejora la densidad capilar y potencia el \u00e9xito del injerto.<\/p>\n<p><b>Los testimonios coinciden en tres ejes esenciales<\/b>:<\/p>\n<ol>\n<li aria-level=\"1\"><b>Diagn\u00f3stico honesto<\/b> (incluso para desaconsejar cirug\u00eda si no es necesaria).<\/li>\n<li aria-level=\"1\"><b>Acompa\u00f1amiento estrecho<\/b> (explicaciones claras, seguimiento por WhatsApp, revisiones).<\/li>\n<li aria-level=\"1\"><b>Criterio est\u00e9tico profesional<\/b> (l\u00edneas frontales y densidades acordes al rostro y edad del paciente).<\/li>\n<\/ol>\n<p>M\u00e1s informaci\u00f3n sobre <a href=\"https:\/\/eternalhairclinic.es\/tratamientos-capilares\/\"><b>mesoterapia capilar<\/b><\/a> y protocolos de seguimiento.<\/p>\n<h2><b>Lo que aprendimos escuchando a los pacientes<\/b><\/h2>\n<ul>\n<li aria-level=\"1\"><b>El tiempo importa.<\/b> Muchos agradecen poder operarse en fin de semana y contar con <b>disponibilidad 24\/7<\/b> para resolver dudas.<\/li>\n<li aria-level=\"1\"><b>La honestidad tambi\u00e9n es un tratamiento.<\/b> Algunos casos se resuelven sin cirug\u00eda; otros, combinando <b>mesoterapia capilar<\/b> y medicaci\u00f3n.<\/li>\n<li aria-level=\"1\"><b>El dise\u00f1o lo es todo.<\/b> La <b>l\u00ednea frontal natural<\/b> define gran parte del resultado visual.<\/li>\n<li aria-level=\"1\"><b>El seguimiento sostiene el \u00e9xito.<\/b> Revisiones, lavados guiados y calendario de evoluci\u00f3n son parte del tratamiento.<\/li>\n<li aria-level=\"1\"><b>El resultado es emocional.<\/b> Recuperar el cabello es tambi\u00e9n recuperar confianza, seguridad y libertad personal.<\/li>\n<\/ul>\n<h2><b>Gu\u00eda r\u00e1pida para quien est\u00e1 decidiendo (Barcelona)<\/b><\/h2>\n<ol>\n<li aria-level=\"1\">Solicita una <b>consulta capilar gratuita Barcelona<\/b> y valora la claridad del diagn\u00f3stico.<\/li>\n<li aria-level=\"1\">Pregunta por la <b>t\u00e9cnica FUE Zafiro o DHI<\/b>, seg\u00fan tu tipo de cabello.<\/li>\n<li aria-level=\"1\">Solicita ejemplos de <b>resultados de injerto capilar antes y despu\u00e9s<\/b>.<\/li>\n<li aria-level=\"1\">Aclara el plan de seguimiento: lavados, revisiones, cuidados postoperatorios injerto capilar.<\/li>\n<li aria-level=\"1\">Considera <b>tratamientos complementarios<\/b> como la mesoterapia o el PRP capilar para potenciar la densidad y vitalidad del cabello.<\/li>\n<\/ol>\n<p>Pide una <a href=\"https:\/\/eternalhairclinic.es\/contacto\/\"><b>evaluaci\u00f3n personalizada gratuita<\/b><\/a>.<\/p>\n<h3><b>Nota editorial<\/b><\/h3>\n<p>Este reportaje se ha elaborado a partir de <b>rese\u00f1as verificables y testimonios reales<\/b> de pacientes que narran su experiencia con injerto capilar y mesoterapia capilar en Barcelona. Los tratamientos deben personalizarse tras diagn\u00f3stico profesional. Los resultados pueden variar seg\u00fan cada caso.<\/p>\n<h3><b>Contacto:<\/b><\/h3>\n<ul>\n<li aria-level=\"1\">Cl\u00ednicas Eternal Hair Clinic<\/li>\n<li aria-level=\"1\">Email: info@eternalhairclinic.com<\/li>\n<li aria-level=\"1\">Tel\u00e9fono: +34 613 075 114 | +34 931 442 806<\/li>\n<li aria-level=\"1\">Web: https:\/\/eternalhairclinic.es\/<\/li>\n<\/ul>","protected":false},"excerpt":{"rendered":"<p>Historias reales de injerto y mesoterapia capilar que demuestran que la ciencia y la confianza pueden devolver mucho m\u00e1s que el cabello<\/p>","protected":false},"author":3,"featured_media":67148,"comment_status":"closed","ping_status":"closed","sticky":false,"template":"","format":"standard","meta":{"footnotes":""},"categories":[350],"tags":[],"class_list":["post-67147","post","type-post","status-publish","format-standard","has-post-thumbnail","hentry","category-miscelanea"],"yoast_head":"<!-- This site is optimized with the Yoast SEO plugin v27.5 - https:\/\/yoast.com\/product\/yoast-seo-wordpress\/ -->\n<title>Testimonios que inspiran: la revoluci\u00f3n capilar de Eternal Hair Clinic en Barcelona - Revista Rambla<\/title>\n<meta name=\"robots\" content=\"index, follow, max-snippet:-1, max-image-preview:large, max-video-preview:-1\" \/>\n<link rel=\"canonical\" href=\"https:\/\/www.revistarambla.com\/en\/testimonios-que-inspiran-la-revolucion-capilar-de-eternal-hair-clinic-en-barcelona\/\" \/>\n<meta property=\"og:locale\" content=\"en_GB\" \/>\n<meta property=\"og:type\" content=\"article\" \/>\n<meta property=\"og:title\" content=\"Testimonios que inspiran: la revoluci\u00f3n capilar de Eternal Hair Clinic en Barcelona - Revista Rambla\" \/>\n<meta property=\"og:description\" content=\"Historias reales de injerto y mesoterapia capilar que demuestran que la ciencia y la confianza pueden devolver mucho m\u00e1s que el cabello\" \/>\n<meta property=\"og:url\" content=\"https:\/\/www.revistarambla.com\/en\/testimonios-que-inspiran-la-revolucion-capilar-de-eternal-hair-clinic-en-barcelona\/\" \/>\n<meta property=\"og:site_name\" content=\"Revista Rambla\" \/>\n<meta property=\"article:publisher\" content=\"https:\/\/www.facebook.com\/revistarambla\/\" \/>\n<meta property=\"article:author\" content=\"https:\/\/www.facebook.com\/revistarambla\" \/>\n<meta property=\"article:published_time\" content=\"2025-11-10T19:18:30+00:00\" \/>\n<meta property=\"og:image\" content=\"https:\/\/www.revistarambla.com\/wp-content\/uploads\/2025\/11\/img_0.jpg\" \/>\n\t<meta property=\"og:image:width\" content=\"1920\" \/>\n\t<meta property=\"og:image:height\" content=\"1080\" \/>\n\t<meta property=\"og:image:type\" content=\"image\/jpeg\" \/>\n<meta name=\"author\" content=\"R@mbla\" \/>\n<meta name=\"twitter:card\" content=\"summary_large_image\" \/>\n<meta name=\"twitter:creator\" content=\"@revistarambla\" \/>\n<meta name=\"twitter:site\" content=\"@revistarambla\" \/>\n<meta name=\"twitter:label1\" content=\"Written by\" \/>\n\t<meta name=\"twitter:data1\" content=\"R@mbla\" \/>\n\t<meta name=\"twitter:label2\" content=\"Estimated reading time\" \/>\n\t<meta name=\"twitter:data2\" content=\"6 minutes\" \/>\n<script type=\"application\/ld+json\" class=\"yoast-schema-graph\">{\"@context\":\"https:\\\/\\\/schema.org\",\"@graph\":[{\"@type\":\"Article\",\"@id\":\"https:\\\/\\\/www.revistarambla.com\\\/testimonios-que-inspiran-la-revolucion-capilar-de-eternal-hair-clinic-en-barcelona\\\/#article\",\"isPartOf\":{\"@id\":\"https:\\\/\\\/www.revistarambla.com\\\/testimonios-que-inspiran-la-revolucion-capilar-de-eternal-hair-clinic-en-barcelona\\\/\"},\"author\":{\"name\":\"R@mbla\",\"@id\":\"https:\\\/\\\/www.revistarambla.com\\\/#\\\/schema\\\/person\\\/a146a5a2550b94981a75131180e1bd9c\"},\"headline\":\"Testimonios que inspiran: la revoluci\u00f3n capilar de Eternal Hair Clinic en Barcelona\",\"datePublished\":\"2025-11-10T19:18:30+00:00\",\"mainEntityOfPage\":{\"@id\":\"https:\\\/\\\/www.revistarambla.com\\\/testimonios-que-inspiran-la-revolucion-capilar-de-eternal-hair-clinic-en-barcelona\\\/\"},\"wordCount\":1143,\"publisher\":{\"@id\":\"https:\\\/\\\/www.revistarambla.com\\\/#organization\"},\"image\":{\"@id\":\"https:\\\/\\\/www.revistarambla.com\\\/testimonios-que-inspiran-la-revolucion-capilar-de-eternal-hair-clinic-en-barcelona\\\/#primaryimage\"},\"thumbnailUrl\":\"https:\\\/\\\/www.revistarambla.com\\\/wp-content\\\/uploads\\\/2025\\\/11\\\/img_0.jpg\",\"articleSection\":[\"Noticias de la vida\"],\"inLanguage\":\"en-GB\"},{\"@type\":\"WebPage\",\"@id\":\"https:\\\/\\\/www.revistarambla.com\\\/testimonios-que-inspiran-la-revolucion-capilar-de-eternal-hair-clinic-en-barcelona\\\/\",\"url\":\"https:\\\/\\\/www.revistarambla.com\\\/testimonios-que-inspiran-la-revolucion-capilar-de-eternal-hair-clinic-en-barcelona\\\/\",\"name\":\"Testimonios que inspiran: la revoluci\u00f3n capilar de Eternal Hair Clinic en Barcelona - Revista Rambla\",\"isPartOf\":{\"@id\":\"https:\\\/\\\/www.revistarambla.com\\\/#website\"},\"primaryImageOfPage\":{\"@id\":\"https:\\\/\\\/www.revistarambla.com\\\/testimonios-que-inspiran-la-revolucion-capilar-de-eternal-hair-clinic-en-barcelona\\\/#primaryimage\"},\"image\":{\"@id\":\"https:\\\/\\\/www.revistarambla.com\\\/testimonios-que-inspiran-la-revolucion-capilar-de-eternal-hair-clinic-en-barcelona\\\/#primaryimage\"},\"thumbnailUrl\":\"https:\\\/\\\/www.revistarambla.com\\\/wp-content\\\/uploads\\\/2025\\\/11\\\/img_0.jpg\",\"datePublished\":\"2025-11-10T19:18:30+00:00\",\"breadcrumb\":{\"@id\":\"https:\\\/\\\/www.revistarambla.com\\\/testimonios-que-inspiran-la-revolucion-capilar-de-eternal-hair-clinic-en-barcelona\\\/#breadcrumb\"},\"inLanguage\":\"en-GB\",\"potentialAction\":[{\"@type\":\"ReadAction\",\"target\":[\"https:\\\/\\\/www.revistarambla.com\\\/testimonios-que-inspiran-la-revolucion-capilar-de-eternal-hair-clinic-en-barcelona\\\/\"]}]},{\"@type\":\"ImageObject\",\"inLanguage\":\"en-GB\",\"@id\":\"https:\\\/\\\/www.revistarambla.com\\\/testimonios-que-inspiran-la-revolucion-capilar-de-eternal-hair-clinic-en-barcelona\\\/#primaryimage\",\"url\":\"https:\\\/\\\/www.revistarambla.com\\\/wp-content\\\/uploads\\\/2025\\\/11\\\/img_0.jpg\",\"contentUrl\":\"https:\\\/\\\/www.revistarambla.com\\\/wp-content\\\/uploads\\\/2025\\\/11\\\/img_0.jpg\",\"width\":1920,\"height\":1080,\"caption\":\"injerto capilar Barcelona\"},{\"@type\":\"BreadcrumbList\",\"@id\":\"https:\\\/\\\/www.revistarambla.com\\\/testimonios-que-inspiran-la-revolucion-capilar-de-eternal-hair-clinic-en-barcelona\\\/#breadcrumb\",\"itemListElement\":[{\"@type\":\"ListItem\",\"position\":1,\"name\":\"Portada\",\"item\":\"https:\\\/\\\/www.revistarambla.com\\\/\"},{\"@type\":\"ListItem\",\"position\":2,\"name\":\"Testimonios que inspiran: la revoluci\u00f3n capilar de Eternal Hair Clinic en Barcelona\"}]},{\"@type\":\"WebSite\",\"@id\":\"https:\\\/\\\/www.revistarambla.com\\\/#website\",\"url\":\"https:\\\/\\\/www.revistarambla.com\\\/\",\"name\":\"Revista Rambla Barcelona\",\"description\":\"Periodismo independiente\",\"publisher\":{\"@id\":\"https:\\\/\\\/www.revistarambla.com\\\/#organization\"},\"potentialAction\":[{\"@type\":\"SearchAction\",\"target\":{\"@type\":\"EntryPoint\",\"urlTemplate\":\"https:\\\/\\\/www.revistarambla.com\\\/?s={search_term_string}\"},\"query-input\":{\"@type\":\"PropertyValueSpecification\",\"valueRequired\":true,\"valueName\":\"search_term_string\"}}],\"inLanguage\":\"en-GB\"},{\"@type\":\"Organization\",\"@id\":\"https:\\\/\\\/www.revistarambla.com\\\/#organization\",\"name\":\"Revista Rambla\",\"url\":\"https:\\\/\\\/www.revistarambla.com\\\/\",\"logo\":{\"@type\":\"ImageObject\",\"inLanguage\":\"en-GB\",\"@id\":\"https:\\\/\\\/www.revistarambla.com\\\/#\\\/schema\\\/logo\\\/image\\\/\",\"url\":\"https:\\\/\\\/www.revistarambla.com\\\/wp-content\\\/uploads\\\/2020\\\/09\\\/banner_rambla_1900x600_BB.png\",\"contentUrl\":\"https:\\\/\\\/www.revistarambla.com\\\/wp-content\\\/uploads\\\/2020\\\/09\\\/banner_rambla_1900x600_BB.png\",\"width\":1900,\"height\":600,\"caption\":\"Revista Rambla\"},\"image\":{\"@id\":\"https:\\\/\\\/www.revistarambla.com\\\/#\\\/schema\\\/logo\\\/image\\\/\"},\"sameAs\":[\"https:\\\/\\\/www.facebook.com\\\/revistarambla\\\/\",\"https:\\\/\\\/x.com\\\/revistarambla\",\"https:\\\/\\\/www.instagram.com\\\/revista_rambla\",\"https:\\\/\\\/es.linkedin.com\\\/company\\\/revista-rambla\"]},{\"@type\":\"Person\",\"@id\":\"https:\\\/\\\/www.revistarambla.com\\\/#\\\/schema\\\/person\\\/a146a5a2550b94981a75131180e1bd9c\",\"name\":\"R@mbla\",\"description\":\"Este art\u00edculo ha sido redactado y\\\/o validado por el equipo de redacci\u00f3n de Revista Rambla.\",\"sameAs\":[\"https:\\\/\\\/www.revistarambla.com\\\/\",\"https:\\\/\\\/www.facebook.com\\\/revistarambla\",\"https:\\\/\\\/x.com\\\/revistarambla\"]}]}<\/script>\n<!-- \/ Yoast SEO plugin. -->","yoast_head_json":{"title":"Testimonios que inspiran: la revoluci\u00f3n capilar de Eternal Hair Clinic en Barcelona - Revista Rambla","robots":{"index":"index","follow":"follow","max-snippet":"max-snippet:-1","max-image-preview":"max-image-preview:large","max-video-preview":"max-video-preview:-1"},"canonical":"https:\/\/www.revistarambla.com\/en\/testimonios-que-inspiran-la-revolucion-capilar-de-eternal-hair-clinic-en-barcelona\/","og_locale":"en_GB","og_type":"article","og_title":"Testimonios que inspiran: la revoluci\u00f3n capilar de Eternal Hair Clinic en Barcelona - Revista Rambla","og_description":"Historias reales de injerto y mesoterapia capilar que demuestran que la ciencia y la confianza pueden devolver mucho m\u00e1s que el cabello","og_url":"https:\/\/www.revistarambla.com\/en\/testimonios-que-inspiran-la-revolucion-capilar-de-eternal-hair-clinic-en-barcelona\/","og_site_name":"Revista Rambla","article_publisher":"https:\/\/www.facebook.com\/revistarambla\/","article_author":"https:\/\/www.facebook.com\/revistarambla","article_published_time":"2025-11-10T19:18:30+00:00","og_image":[{"width":1920,"height":1080,"url":"https:\/\/www.revistarambla.com\/wp-content\/uploads\/2025\/11\/img_0.jpg","type":"image\/jpeg"}],"author":"R@mbla","twitter_card":"summary_large_image","twitter_creator":"@revistarambla","twitter_site":"@revistarambla","twitter_misc":{"Written by":"R@mbla","Estimated reading time":"6 minutes"},"schema":{"@context":"https:\/\/schema.org","@graph":[{"@type":"Article","@id":"https:\/\/www.revistarambla.com\/testimonios-que-inspiran-la-revolucion-capilar-de-eternal-hair-clinic-en-barcelona\/#article","isPartOf":{"@id":"https:\/\/www.revistarambla.com\/testimonios-que-inspiran-la-revolucion-capilar-de-eternal-hair-clinic-en-barcelona\/"},"author":{"name":"R@mbla","@id":"https:\/\/www.revistarambla.com\/#\/schema\/person\/a146a5a2550b94981a75131180e1bd9c"},"headline":"Testimonios que inspiran: la revoluci\u00f3n capilar de Eternal Hair Clinic en Barcelona","datePublished":"2025-11-10T19:18:30+00:00","mainEntityOfPage":{"@id":"https:\/\/www.revistarambla.com\/testimonios-que-inspiran-la-revolucion-capilar-de-eternal-hair-clinic-en-barcelona\/"},"wordCount":1143,"publisher":{"@id":"https:\/\/www.revistarambla.com\/#organization"},"image":{"@id":"https:\/\/www.revistarambla.com\/testimonios-que-inspiran-la-revolucion-capilar-de-eternal-hair-clinic-en-barcelona\/#primaryimage"},"thumbnailUrl":"https:\/\/www.revistarambla.com\/wp-content\/uploads\/2025\/11\/img_0.jpg","articleSection":["Noticias de la vida"],"inLanguage":"en-GB"},{"@type":"WebPage","@id":"https:\/\/www.revistarambla.com\/testimonios-que-inspiran-la-revolucion-capilar-de-eternal-hair-clinic-en-barcelona\/","url":"https:\/\/www.revistarambla.com\/testimonios-que-inspiran-la-revolucion-capilar-de-eternal-hair-clinic-en-barcelona\/","name":"Testimonios que inspiran: la revoluci\u00f3n capilar de Eternal Hair Clinic en Barcelona - Revista Rambla","isPartOf":{"@id":"https:\/\/www.revistarambla.com\/#website"},"primaryImageOfPage":{"@id":"https:\/\/www.revistarambla.com\/testimonios-que-inspiran-la-revolucion-capilar-de-eternal-hair-clinic-en-barcelona\/#primaryimage"},"image":{"@id":"https:\/\/www.revistarambla.com\/testimonios-que-inspiran-la-revolucion-capilar-de-eternal-hair-clinic-en-barcelona\/#primaryimage"},"thumbnailUrl":"https:\/\/www.revistarambla.com\/wp-content\/uploads\/2025\/11\/img_0.jpg","datePublished":"2025-11-10T19:18:30+00:00","breadcrumb":{"@id":"https:\/\/www.revistarambla.com\/testimonios-que-inspiran-la-revolucion-capilar-de-eternal-hair-clinic-en-barcelona\/#breadcrumb"},"inLanguage":"en-GB","potentialAction":[{"@type":"ReadAction","target":["https:\/\/www.revistarambla.com\/testimonios-que-inspiran-la-revolucion-capilar-de-eternal-hair-clinic-en-barcelona\/"]}]},{"@type":"ImageObject","inLanguage":"en-GB","@id":"https:\/\/www.revistarambla.com\/testimonios-que-inspiran-la-revolucion-capilar-de-eternal-hair-clinic-en-barcelona\/#primaryimage","url":"https:\/\/www.revistarambla.com\/wp-content\/uploads\/2025\/11\/img_0.jpg","contentUrl":"https:\/\/www.revistarambla.com\/wp-content\/uploads\/2025\/11\/img_0.jpg","width":1920,"height":1080,"caption":"injerto capilar Barcelona"},{"@type":"BreadcrumbList","@id":"https:\/\/www.revistarambla.com\/testimonios-que-inspiran-la-revolucion-capilar-de-eternal-hair-clinic-en-barcelona\/#breadcrumb","itemListElement":[{"@type":"ListItem","position":1,"name":"Portada","item":"https:\/\/www.revistarambla.com\/"},{"@type":"ListItem","position":2,"name":"Testimonios que inspiran: la revoluci\u00f3n capilar de Eternal Hair Clinic en Barcelona"}]},{"@type":"WebSite","@id":"https:\/\/www.revistarambla.com\/#website","url":"https:\/\/www.revistarambla.com\/","name":"Revista Rambla Barcelona","description":"Periodismo independiente","publisher":{"@id":"https:\/\/www.revistarambla.com\/#organization"},"potentialAction":[{"@type":"SearchAction","target":{"@type":"EntryPoint","urlTemplate":"https:\/\/www.revistarambla.com\/?s={search_term_string}"},"query-input":{"@type":"PropertyValueSpecification","valueRequired":true,"valueName":"search_term_string"}}],"inLanguage":"en-GB"},{"@type":"Organization","@id":"https:\/\/www.revistarambla.com\/#organization","name":"Revista Rambla","url":"https:\/\/www.revistarambla.com\/","logo":{"@type":"ImageObject","inLanguage":"en-GB","@id":"https:\/\/www.revistarambla.com\/#\/schema\/logo\/image\/","url":"https:\/\/www.revistarambla.com\/wp-content\/uploads\/2020\/09\/banner_rambla_1900x600_BB.png","contentUrl":"https:\/\/www.revistarambla.com\/wp-content\/uploads\/2020\/09\/banner_rambla_1900x600_BB.png","width":1900,"height":600,"caption":"Revista Rambla"},"image":{"@id":"https:\/\/www.revistarambla.com\/#\/schema\/logo\/image\/"},"sameAs":["https:\/\/www.facebook.com\/revistarambla\/","https:\/\/x.com\/revistarambla","https:\/\/www.instagram.com\/revista_rambla","https:\/\/es.linkedin.com\/company\/revista-rambla"]},{"@type":"Person","@id":"https:\/\/www.revistarambla.com\/#\/schema\/person\/a146a5a2550b94981a75131180e1bd9c","name":"R@mbla","description":"Este art\u00edculo ha sido redactado y\/o validado por el equipo de redacci\u00f3n de Revista Rambla.","sameAs":["https:\/\/www.revistarambla.com\/","https:\/\/www.facebook.com\/revistarambla","https:\/\/x.com\/revistarambla"]}]}},"_links":{"self":[{"href":"https:\/\/www.revistarambla.com\/en\/wp-json\/wp\/v2\/posts\/67147","targetHints":{"allow":["GET"]}}],"collection":[{"href":"https:\/\/www.revistarambla.com\/en\/wp-json\/wp\/v2\/posts"}],"about":[{"href":"https:\/\/www.revistarambla.com\/en\/wp-json\/wp\/v2\/types\/post"}],"author":[{"embeddable":true,"href":"https:\/\/www.revistarambla.com\/en\/wp-json\/wp\/v2\/users\/3"}],"replies":[{"embeddable":true,"href":"https:\/\/www.revistarambla.com\/en\/wp-json\/wp\/v2\/comments?post=67147"}],"version-history":[{"count":1,"href":"https:\/\/www.revistarambla.com\/en\/wp-json\/wp\/v2\/posts\/67147\/revisions"}],"predecessor-version":[{"id":67149,"href":"https:\/\/www.revistarambla.com\/en\/wp-json\/wp\/v2\/posts\/67147\/revisions\/67149"}],"wp:featuredmedia":[{"embeddable":true,"href":"https:\/\/www.revistarambla.com\/en\/wp-json\/wp\/v2\/media\/67148"}],"wp:attachment":[{"href":"https:\/\/www.revistarambla.com\/en\/wp-json\/wp\/v2\/media?parent=67147"}],"wp:term":[{"taxonomy":"category","embeddable":true,"href":"https:\/\/www.revistarambla.com\/en\/wp-json\/wp\/v2\/categories?post=67147"},{"taxonomy":"post_tag","embeddable":true,"href":"https:\/\/www.revistarambla.com\/en\/wp-json\/wp\/v2\/tags?post=67147"}],"curies":[{"name":"wp","href":"https:\/\/api.w.org\/{rel}","templated":true}]}}