{"id":67134,"date":"2025-11-10T18:54:41","date_gmt":"2025-11-10T17:54:41","guid":{"rendered":"https:\/\/www.revistarambla.com\/?p=67134"},"modified":"2025-11-12T19:53:01","modified_gmt":"2025-11-12T18:53:01","slug":"arde-el-clima-se-enferma-la-vida","status":"publish","type":"post","link":"https:\/\/www.revistarambla.com\/en\/arde-el-clima-se-enferma-la-vida\/","title":{"rendered":"Arde el clima, se enferma la vida"},"content":{"rendered":"<div>\n<div id=\"x_1889493953ydp6d0ea5a2yiv0226367315yqtfd08686\" class=\"x_1889493953ydp6d0ea5a2yiv0226367315yqt0142744918\">\n<p class=\"x_1889493953ydp6d0ea5a2yiv0226367315ydpa4ad581fyiv0298903613ydpf8fdbd0ayiv3000813042ydp633971acMsoNormal\"><b><span lang=\"ES\">La degradaci\u00f3n clim\u00e1tica se acelera y parece incontenible. Cada d\u00eda son mayores sus consecuencias, como \u201cnuevos\u201d cataclismos y la fragilizaci\u00f3n de la salud humana. Temas que estar\u00e1n sobre la mesa en la Cumbre del Clima a realizarse en Bel\u00e9n de Par\u00e1, Brasil, entre el 10 y el 21 de noviembre.<\/span><\/b><\/p>\n<p class=\"x_1889493953ydp6d0ea5a2yiv0226367315ydpa4ad581fyiv0298903613ydpf8fdbd0ayiv3000813042ydp633971acMsoNormal\"><span lang=\"ES\">Cualquier individuo del peque\u00f1o grupo que aglutina al 0,1% m\u00e1s rico del planeta produce m\u00e1s contaminaci\u00f3n por carbono en un d\u00eda que uno que forma parte del 50% m\u00e1s pobre en todo un a\u00f1o. Para ilustrarlo: cada individuo multimillonario emite m\u00e1s de 800 kg de CO2 por d\u00eda. Ni siquiera la persona m\u00e1s fuerte del mundo podr\u00eda levantar tanto peso. Por el contrario, cualquier individuo del sector m\u00e1s empobrecido del planeta produce una media de 2 kg de CO2 al d\u00eda, carga que hasta un ni\u00f1o peque\u00f1o podr\u00eda alzar sin dificultad.<\/span><br \/>\n<span lang=\"ES\"><br \/>\nLa Organizaci\u00f3n No Gubernamental Oxfam Internacional acaba de publicar su informe <\/span><a href=\"https:\/\/policy-practice.oxfam.org\/resources\/climate-plunder-how-a-powerful-few-are-locking-the-world-into-disaster-621741\/\" target=\"_blank\" rel=\"nofollow noopener\"><i>El saqueo clim\u00e1tico: c\u00f3mo unos pocos poderosos est\u00e1n llevando al mundo al desastre<\/i><\/a>. Sus <span lang=\"ES\">conclusiones corroboran contundentemente esta realidad: desde 1990, las emisiones totales en concepto de gases de efecto invernadero de este 0,1% m\u00e1s rico han aumentado un 32%, mientras que las de la mitad m\u00e1s pobre, un 3%. Para esta ONG, ya no queda duda de que la responsabilidad por la crisis clim\u00e1tica va de la mano con el poder econ\u00f3mico en el marco de un modelo productivo y de crecimiento del consumo de por s\u00ed devastador.<\/span><\/p>\n<p><span lang=\"ES\">El informe <\/span>formula una hip\u00f3tesis de mucho peso: s<span lang=\"ES\">i todo el mundo emitiera gases nocivos como lo hace este reducido grupo que concentra la riqueza mundial, el presupuesto de carbono &#8211;es decir, la cantidad de CO2 que se puede emitir sin provocar un desastre clim\u00e1tico&#8211; se agotar\u00eda en menos de tres semanas. Aunque te\u00f1ida de irrealismo, la \u00fanica manera de evitar esta tragedia consiste en asegurar que el calentamiento del planeta no supere 1,5\u00b0 C, el techo m\u00e1ximo acordado por la comunidad internacional en la Cumbre del Clima de Par\u00eds COP 21 en 2015. Y para que esto fuese posible, el sector de super ricos deber\u00eda reducir sus emisiones per c\u00e1pita en un 99% hacia 2030 (<\/span><a href=\"https:\/\/www.oxfam.org\/es\/letters-and-statements\/una-persona-del-01-mas-rico-produce-mas-contaminacion-por-carbono-en-un-dia\" target=\"_blank\" rel=\"nofollow noopener\"><i><span lang=\"ES\">https:\/\/www.oxfam.org\/es\/letters-and-statements\/una-persona-del-01-mas-rico-produce-mas-contaminacion-por-carbono-en-un-dia<\/span><\/i><\/a><span lang=\"ES\">)<\/span><span lang=\"ES\">. <\/span><\/p>\n<p class=\"x_1889493953ydp6d0ea5a2yiv0226367315ydpa4ad581fyiv0298903613ydpf8fdbd0ayiv3000813042ydp633971acMsoNormal\"><span lang=\"ES\">El informe ofrece m\u00e1s que cifras. En efecto, tambi\u00e9n analiza c\u00f3mo los multimillonarios est\u00e1n utilizando su influencia pol\u00edtica y econ\u00f3mica para perpetuar la dependencia del resto de la poblaci\u00f3n con respecto a los combustibles f\u00f3siles para maximizar sus propios beneficios.\u00a0\u201cLos s\u00faper ricos no solo consumen carbono en exceso\u201d, afirma, \u201csino que tambi\u00e9n invierten activamente en las empresas m\u00e1s contaminantes y se benefician de ellas\u201d. Casi el 60% de sus inversiones son de alto impacto clim\u00e1tico, como ocurre con el petr\u00f3leo o la miner\u00eda.<\/span><\/p>\n<p class=\"x_1889493953ydp6d0ea5a2yiv0226367315ydpa4ad581fyiv0298903613ydpf8fdbd0ayiv3000813042ydp633971acMsoNormal\"><span lang=\"ES\">Oxfam denuncia tambi\u00e9n que cada multimillonario produce, como promedio, 1,9 millones de toneladas de CO2e al a\u00f1o a trav\u00e9s de sus inversiones y negocios. Esa cifra, para emitir semejante cantidad de gases de efecto invernadero, se compara a casi 10,000 vueltas al mundo en sus jets privados. Seg\u00fan Oxfam, las inversiones de este n\u00facleo, aproximadamente 308 individuos multimillonarios y aun multibillonarios, suman m\u00e1s que las emisiones combinadas de 118 pa\u00edses. En s\u00edntesis: \u201cLa crisis clim\u00e1tica es una crisis de desigualdad. Las personas m\u00e1s ricas del mundo est\u00e1n financiando y benefici\u00e1ndose de la destrucci\u00f3n del clima, dejando que la mayor\u00eda de la poblaci\u00f3n mundial soporte las fatales consecuencias de su poder sin control\u201d.<\/span><\/p>\n<figure id=\"attachment_67135\" aria-describedby=\"caption-attachment-67135\" style=\"width: 1170px\" class=\"wp-caption aligncenter\"><img decoding=\"async\" class=\"wp-image-67135 size-full\" src=\"https:\/\/www.revistarambla.com\/wp-content\/uploads\/2025\/11\/Un-nino-busca-agua-en-los-depositos-que-quedan-de-un-rio-seco-en-Somalia.-Foto-UNICEF_Sebastian-Rich.jpg\" alt=\"Cumbre del Clima\" width=\"1170\" height=\"530\" srcset=\"https:\/\/www.revistarambla.com\/wp-content\/uploads\/2025\/11\/Un-nino-busca-agua-en-los-depositos-que-quedan-de-un-rio-seco-en-Somalia.-Foto-UNICEF_Sebastian-Rich.jpg 1170w, https:\/\/www.revistarambla.com\/wp-content\/uploads\/2025\/11\/Un-nino-busca-agua-en-los-depositos-que-quedan-de-un-rio-seco-en-Somalia.-Foto-UNICEF_Sebastian-Rich-660x299.jpg 660w, https:\/\/www.revistarambla.com\/wp-content\/uploads\/2025\/11\/Un-nino-busca-agua-en-los-depositos-que-quedan-de-un-rio-seco-en-Somalia.-Foto-UNICEF_Sebastian-Rich-840x381.jpg 840w, https:\/\/www.revistarambla.com\/wp-content\/uploads\/2025\/11\/Un-nino-busca-agua-en-los-depositos-que-quedan-de-un-rio-seco-en-Somalia.-Foto-UNICEF_Sebastian-Rich-768x348.jpg 768w, https:\/\/www.revistarambla.com\/wp-content\/uploads\/2025\/11\/Un-nino-busca-agua-en-los-depositos-que-quedan-de-un-rio-seco-en-Somalia.-Foto-UNICEF_Sebastian-Rich-18x8.jpg 18w\" sizes=\"(max-width: 1170px) 100vw, 1170px\" \/><figcaption id=\"caption-attachment-67135\" class=\"wp-caption-text\">Un ni\u00f1o busca agua en los dep\u00f3sitos que quedan de un r\u00edo seco en Somalia. Foto: UNICEF\/Sebastian Rich<\/figcaption><\/figure>\n<\/div>\n<\/div>\n<div id=\"x_1889493953ydp6d0ea5a2yiv0226367315yqtfd60448\" class=\"x_1889493953ydp6d0ea5a2yiv0226367315yqt0142744918\">\n<p class=\"x_1889493953ydp6d0ea5a2yiv0226367315ydpa4ad581fyiv0298903613ydpf8fdbd0ayiv3000813042ydp633971acMsoNormal\"><span lang=\"ES\">Adicionalmente, un elemento no menos preocupante, las emisiones del 1 % m\u00e1s rico son suficientes para causar aproximadamente 1,3 millones de muertes relacionadas con el calor a finales de siglo, as\u00ed como 44 billones de d\u00f3lares de da\u00f1os econ\u00f3micos que sufrir\u00e1n los pa\u00edses de ingresos bajos y medios-bajos para 2050 por el mismo motivo. Oxfam concluye que: \u201cLos efectos de estos da\u00f1os clim\u00e1ticos afectar\u00e1n de manera desproporcionada a quienes menos han contribuido a la crisis clim\u00e1tica, en particular a las personas que viven en el Sur Global, con mayor impacto en las mujeres, las ni\u00f1as y los grupos ind\u00edgenas\u201d.\u00a0<\/span><\/p>\n<p class=\"x_1889493953ydp6d0ea5a2yiv0226367315ydpa4ad581fyiv0298903613ydpf8fdbd0ayiv3000813042ydp633971acMsoNormal\"><b>Civilizaci\u00f3n en coma y entubada<\/b><\/p>\n<p class=\"x_1889493953ydp6d0ea5a2yiv0226367315ydpa4ad581fyiv0298903613ydpf8fdbd0ayiv3000813042ydp633971acMsoNormal\"><span lang=\"ES\">\u201cLos sistemas sanitarios pronto se ver\u00e1n desbordados\u201d, alertaba a fines de octubre la red de colaboraci\u00f3n acad\u00e9mica internacional The Lancet Countdown en su estudio <i>La cuenta regresiva<\/i> sobre las consecuencias del cambio clim\u00e1tico<\/span> en la salud humana. T<span lang=\"ES\">rece de los veinte indicadores de amenazas sanitarias, sostiene, alcanzar\u00e1n niveles r\u00e9cord en 2025, y la causa principal es la subordinaci\u00f3n al consumo de combustibles no renovables.<\/span><\/p>\n<p class=\"x_1889493953ydp6d0ea5a2yiv0226367315ydpa4ad581fyiv0298903613ydpf8fdbd0ayiv3000813042ydp633971acMsoNormal\"><span lang=\"ES\">Coordinado y publicado por el University College London en colaboraci\u00f3n con la Organizaci\u00f3n Mundial de la Salud (OMS), dicho estudio re\u00fane el aporte de 128 personalidades de 71 instituciones acad\u00e9micas y de agencias de Naciones Unidas de todo el mundo. Seg\u00fan su edici\u00f3n de octubre, el a\u00f1o 2024 fue el m\u00e1s caluroso jam\u00e1s registrado, lo cual expuso a cada habitante del planeta a una media de diecis\u00e9is d\u00edas de temperaturas peligrosas para la salud. El exceso de calor provoc\u00f3 la cifra r\u00e9cord de un deceso por minuto. Los m\u00e1s vulnerables &#8211;ni\u00f1os menores de un a\u00f1o y personas mayores&#8211; sufrieron olas de calor de hasta veinte d\u00edas de duraci\u00f3n, un aumento del 304% con respecto al periodo 1986-2005. Como consecuencia directa, se registr\u00f3 un incremento significativo de infecciones agudas, enfermedades cr\u00f3nicas y c\u00e1ncer, as\u00ed como de trastornos neurol\u00f3gicos.<\/span><\/p>\n<p class=\"x_1889493953ydp6d0ea5a2yiv0226367315ydpa4ad581fyiv0298903613ydpf8fdbd0ayiv3000813042ydp633971acMsoNormal\"><span lang=\"ES\">Por otra parte, la contaminaci\u00f3n atmosf\u00e9rica provocada por incendios forestales tambi\u00e9n tiene efectos devastadores en la salud humana. En 2024 caus\u00f3 154 mil muertes, otra cifra r\u00e9cord. Cada a\u00f1o, m\u00e1s de 2 millones de muertes se deben a la contaminaci\u00f3n generada por la quema de combustibles f\u00f3siles, a las que se suman otros 2 millones por la contaminaci\u00f3n dom\u00e9stica debido a la calefacci\u00f3n o a las cocinas con le\u00f1a, de carb\u00f3n o queros\u00e9n.<\/span><\/p>\n<p class=\"x_1889493953ydp6d0ea5a2yiv0226367315ydpa4ad581fyiv0298903613ydpf8fdbd0ayiv3000813042ydp633971acMsoNormal\"><span lang=\"ES\">Otra fuente de preocupaci\u00f3n son las enfermedades transmitidas por vectores. Lancet Countdown verifica una expansi\u00f3n no menor del \u00e1rea de presencia de mosquitos y otros transmisores, como garrapatas y flebotomos, a medida que se recalienta el clima. Por ejemplo, el mosquito Culex, vector del virus del Nilo Occidental, ya ha llegado a Europa, y su presencia se ha observado incluso en Islandia. Las condiciones propicias para la transmisi\u00f3n de malaria tambi\u00e9n se extienden ahora muy al norte del globo terr\u00e1queo. (<\/span><a href=\"https:\/\/lancetcountdown.org\/2024-report\/\" target=\"_blank\" rel=\"nofollow noopener\"><i><span lang=\"ES\">https:\/\/lancetcountdown.org\/2024-report\/<\/span><\/i><\/a><span lang=\"ES\">).<\/span><\/p>\n<p class=\"x_1889493953ydp6d0ea5a2yiv0226367315ydpa4ad581fyiv0298903613ydpf8fdbd0ayiv3000813042ydp633971acMsoNormal\"><b><span lang=\"ES\">Bomba meteorol\u00f3gica<\/span><\/b><\/p>\n<p class=\"x_1889493953ydp6d0ea5a2yiv0226367315ydpa4ad581fyiv0298903613ydpf8fdbd0ayiv3000813042ydp633971acMsoNormal\"><span lang=\"ES\">La violenta tormenta Benjam\u00edn azot\u00f3 regiones de Europa Occidental la noche del 22 de octubre y los d\u00edas siguientes. En Francia, 19 departamentos se declararon en alerta naranja. Las r\u00e1fagas de viento alcanzaron localmente 170 km\/h y las intensas lluvias se prolongaron durante varios d\u00edas, con el consiguiente temor de crecidas y desbordamientos. Varias zonas de Suiza tambi\u00e9n entraron en estado de alerta.<\/span><\/p>\n<p class=\"x_1889493953ydp6d0ea5a2yiv0226367315ydpa4ad581fyiv0298903613ydpf8fdbd0ayiv3000813042ydp633971acMsoNormal\"><span lang=\"ES\">La intensidad de Benjam\u00edn fue excepcional para esta \u00e9poca, a tal punto que los meteor\u00f3logos creen que este fen\u00f3meno podr\u00eda haberse convertido en una \u201cbomba meteorol\u00f3gica\u201d, como afirma un art\u00edculo reciente en <i>reporterre.net<\/i>, un medio independiente especializado en ecolog\u00eda. La \u201cbomba meteorol\u00f3gica\u201d refiere a depresiones atmosf\u00e9ricas (caracter\u00edsticas de las tormentas) cuando la presi\u00f3n atmosf\u00e9rica cae de forma abrupta y en pocas horas. Esta ca\u00edda provoca que el aire gire muy r\u00e1pidamente, generando vientos excesivamente violentos. <\/span><\/p>\n<p class=\"x_1889493953ydp6d0ea5a2yiv0226367315ydpa4ad581fyiv0298903613ydpf8fdbd0ayiv3000813042ydp633971acMsoNormal\"><span lang=\"ES\">Los expertos sostienen que el calentamiento global intensifica a\u00fan m\u00e1s este tipo de fen\u00f3meno. Como resultado, toda Europa podr\u00eda enfrentarse a tormentas m\u00e1s intensas en el futuro debido al cambio clim\u00e1tico, con el corolario directo del aumento de las precipitaciones. Mec\u00e1nicamente, cada grado adicional de temperatura en el aire se traduce en un 7% m\u00e1s de humedad, ley de la termodin\u00e1mica que explica el incremento de la intensidad de las lluvias. <\/span><\/p>\n<p class=\"x_1889493953ydp6d0ea5a2yiv0226367315ydpa4ad581fyiv0298903613ydpf8fdbd0ayiv3000813042ydp633971acMsoNormal\"><span lang=\"ES\">El proyecto European Climameter, especializado en estudios sobre el papel del cambio clim\u00e1tico en los fen\u00f3menos meteorol\u00f3gicos extremos, estima que entre el 10% y el 20% de la intensificaci\u00f3n de las precipitaciones durante las recientes tormentas en Europa es resultado directo del cambio clim\u00e1tico (<\/span><a href=\"https:\/\/reporterre.net\/Les-systemes-de-sante-seront-bientot-debordes-un-rapport-alerte-sur-les-consequences-sanitaires-du-changement-climatique\" target=\"_blank\" rel=\"nofollow noopener\"><i><span lang=\"ES\">https:\/\/reporterre.net\/Les-systemes-de-sante-seront-bientot-debordes-un-rapport-alerte-sur-les-consequences-sanitaires-du-changement-climatique<\/span><\/i><\/a><span lang=\"ES\">).<\/span><\/p>\n<p class=\"x_1889493953ydp6d0ea5a2yiv0226367315ydpa4ad581fyiv0298903613ydpf8fdbd0ayiv3000813042ydp633971acMsoNormal\"><span lang=\"ES\">Similarmente, aunque en otro contexto, dos grados m\u00e1s en la temperatura del oc\u00e9ano contribuyeron a la furia del hurac\u00e1n Melissa, que devast\u00f3 Jamaica y buena parte del Caribe a partir del 28 de octubre. En algunos lugares, los vientos alcanzaron casi 300 kil\u00f3metros por hora. <\/span><\/p>\n<p class=\"x_1889493953ydp6d0ea5a2yiv0226367315ydpa4ad581fyiv0298903613ydpf8fdbd0ayiv3000813042ydp633971acMsoNormal\"><span lang=\"ES\">Calentamiento global, fen\u00f3menos meteorol\u00f3gicos extremos y crisis m\u00e9dico-sanitarias en aumento: todo ello constituye una nueva cadena de penurias en el creciente deterioro del medioambiente, y con serias secuencias sobre la salud de la poblaci\u00f3n. Condiciones que le dan un nuevo significado, mucho m\u00e1s dram\u00e1tico, al dicho popular \u201cel calor me mata\u201d, tan antiguo como actual, y no solo durante los veranos en regiones tropicales y subtropicales. Tambi\u00e9n ahora, en las mediterr\u00e1neas.<\/span><\/p>\n<\/div>","protected":false},"excerpt":{"rendered":"<p>La degradaci\u00f3n clim\u00e1tica se acelera y parece incontenible. Cada d\u00eda son mayores sus consecuencias, como \u201cnuevos\u201d cataclismos y la fragilizaci\u00f3n de la salud humana. Temas que estar\u00e1n sobre la mesa en la Cumbre del Clima a realizarse en Bel\u00e9n de Par\u00e1, Brasil, entre el 10 y el 21 de noviembre. [&hellip;]<\/p>\n","protected":false},"author":24,"featured_media":67136,"comment_status":"closed","ping_status":"closed","sticky":false,"template":"","format":"standard","meta":{"footnotes":""},"categories":[4108],"tags":[],"class_list":["post-67134","post","type-post","status-publish","format-standard","has-post-thumbnail","hentry","category-el-apunte-de-sergio-ferrari"],"yoast_head":"<!-- This site is optimized with the Yoast SEO plugin v27.5 - https:\/\/yoast.com\/product\/yoast-seo-wordpress\/ -->\n<title>Arde el clima, se enferma la vida - Revista Rambla<\/title>\n<meta name=\"robots\" content=\"index, follow, max-snippet:-1, max-image-preview:large, max-video-preview:-1\" \/>\n<link rel=\"canonical\" href=\"https:\/\/www.revistarambla.com\/en\/arde-el-clima-se-enferma-la-vida\/\" \/>\n<meta property=\"og:locale\" content=\"en_GB\" \/>\n<meta property=\"og:type\" content=\"article\" \/>\n<meta property=\"og:title\" content=\"Arde el clima, se enferma la vida - Revista Rambla\" \/>\n<meta property=\"og:description\" content=\"La degradaci\u00f3n clim\u00e1tica se acelera y parece incontenible. Cada d\u00eda son mayores sus consecuencias, como \u201cnuevos\u201d cataclismos y la fragilizaci\u00f3n de la salud humana. Temas que estar\u00e1n sobre la mesa en la Cumbre del Clima a realizarse en Bel\u00e9n de Par\u00e1, Brasil, entre el 10 y el 21 de noviembre. [&hellip;]\" \/>\n<meta property=\"og:url\" content=\"https:\/\/www.revistarambla.com\/en\/arde-el-clima-se-enferma-la-vida\/\" \/>\n<meta property=\"og:site_name\" content=\"Revista Rambla\" \/>\n<meta property=\"article:publisher\" content=\"https:\/\/www.facebook.com\/revistarambla\/\" \/>\n<meta property=\"article:author\" content=\"https:\/\/www.facebook.com\/sergio.ferrari.9655\" \/>\n<meta property=\"article:published_time\" content=\"2025-11-10T17:54:41+00:00\" \/>\n<meta property=\"article:modified_time\" content=\"2025-11-12T18:53:01+00:00\" \/>\n<meta property=\"og:image\" content=\"https:\/\/www.revistarambla.com\/wp-content\/uploads\/2025\/11\/El-humo-de-los-incendios-forestales-a-la-base-de-graves-problemas-respiratorios-como-lo-prueba-un-estudio-realizado-en-Mozambique.-Foto-ISGlobal-de-Barcelona.jpg\" \/>\n\t<meta property=\"og:image:width\" content=\"1600\" \/>\n\t<meta property=\"og:image:height\" content=\"756\" \/>\n\t<meta property=\"og:image:type\" content=\"image\/jpeg\" \/>\n<meta name=\"author\" content=\"Sergio Ferrari\" \/>\n<meta name=\"twitter:card\" content=\"summary_large_image\" \/>\n<meta name=\"twitter:creator\" content=\"@SergiooFerrari\" \/>\n<meta name=\"twitter:site\" content=\"@revistarambla\" \/>\n<meta name=\"twitter:label1\" content=\"Written by\" \/>\n\t<meta name=\"twitter:data1\" content=\"Sergio Ferrari\" \/>\n\t<meta name=\"twitter:label2\" content=\"Estimated reading time\" \/>\n\t<meta name=\"twitter:data2\" content=\"7 minutes\" \/>\n<script type=\"application\/ld+json\" class=\"yoast-schema-graph\">{\"@context\":\"https:\\\/\\\/schema.org\",\"@graph\":[{\"@type\":\"Article\",\"@id\":\"https:\\\/\\\/www.revistarambla.com\\\/arde-el-clima-se-enferma-la-vida\\\/#article\",\"isPartOf\":{\"@id\":\"https:\\\/\\\/www.revistarambla.com\\\/arde-el-clima-se-enferma-la-vida\\\/\"},\"author\":{\"name\":\"Sergio Ferrari\",\"@id\":\"https:\\\/\\\/www.revistarambla.com\\\/#\\\/schema\\\/person\\\/339e2410a25811f9912d8a8551fa5d96\"},\"headline\":\"Arde el clima, se enferma la vida\",\"datePublished\":\"2025-11-10T17:54:41+00:00\",\"dateModified\":\"2025-11-12T18:53:01+00:00\",\"mainEntityOfPage\":{\"@id\":\"https:\\\/\\\/www.revistarambla.com\\\/arde-el-clima-se-enferma-la-vida\\\/\"},\"wordCount\":1567,\"publisher\":{\"@id\":\"https:\\\/\\\/www.revistarambla.com\\\/#organization\"},\"image\":{\"@id\":\"https:\\\/\\\/www.revistarambla.com\\\/arde-el-clima-se-enferma-la-vida\\\/#primaryimage\"},\"thumbnailUrl\":\"https:\\\/\\\/www.revistarambla.com\\\/wp-content\\\/uploads\\\/2025\\\/11\\\/El-humo-de-los-incendios-forestales-a-la-base-de-graves-problemas-respiratorios-como-lo-prueba-un-estudio-realizado-en-Mozambique.-Foto-ISGlobal-de-Barcelona.jpg\",\"articleSection\":[\"El Apunte\"],\"inLanguage\":\"en-GB\"},{\"@type\":\"WebPage\",\"@id\":\"https:\\\/\\\/www.revistarambla.com\\\/arde-el-clima-se-enferma-la-vida\\\/\",\"url\":\"https:\\\/\\\/www.revistarambla.com\\\/arde-el-clima-se-enferma-la-vida\\\/\",\"name\":\"Arde el clima, se enferma la vida - Revista Rambla\",\"isPartOf\":{\"@id\":\"https:\\\/\\\/www.revistarambla.com\\\/#website\"},\"primaryImageOfPage\":{\"@id\":\"https:\\\/\\\/www.revistarambla.com\\\/arde-el-clima-se-enferma-la-vida\\\/#primaryimage\"},\"image\":{\"@id\":\"https:\\\/\\\/www.revistarambla.com\\\/arde-el-clima-se-enferma-la-vida\\\/#primaryimage\"},\"thumbnailUrl\":\"https:\\\/\\\/www.revistarambla.com\\\/wp-content\\\/uploads\\\/2025\\\/11\\\/El-humo-de-los-incendios-forestales-a-la-base-de-graves-problemas-respiratorios-como-lo-prueba-un-estudio-realizado-en-Mozambique.-Foto-ISGlobal-de-Barcelona.jpg\",\"datePublished\":\"2025-11-10T17:54:41+00:00\",\"dateModified\":\"2025-11-12T18:53:01+00:00\",\"breadcrumb\":{\"@id\":\"https:\\\/\\\/www.revistarambla.com\\\/arde-el-clima-se-enferma-la-vida\\\/#breadcrumb\"},\"inLanguage\":\"en-GB\",\"potentialAction\":[{\"@type\":\"ReadAction\",\"target\":[\"https:\\\/\\\/www.revistarambla.com\\\/arde-el-clima-se-enferma-la-vida\\\/\"]}]},{\"@type\":\"ImageObject\",\"inLanguage\":\"en-GB\",\"@id\":\"https:\\\/\\\/www.revistarambla.com\\\/arde-el-clima-se-enferma-la-vida\\\/#primaryimage\",\"url\":\"https:\\\/\\\/www.revistarambla.com\\\/wp-content\\\/uploads\\\/2025\\\/11\\\/El-humo-de-los-incendios-forestales-a-la-base-de-graves-problemas-respiratorios-como-lo-prueba-un-estudio-realizado-en-Mozambique.-Foto-ISGlobal-de-Barcelona.jpg\",\"contentUrl\":\"https:\\\/\\\/www.revistarambla.com\\\/wp-content\\\/uploads\\\/2025\\\/11\\\/El-humo-de-los-incendios-forestales-a-la-base-de-graves-problemas-respiratorios-como-lo-prueba-un-estudio-realizado-en-Mozambique.-Foto-ISGlobal-de-Barcelona.jpg\",\"width\":1600,\"height\":756},{\"@type\":\"BreadcrumbList\",\"@id\":\"https:\\\/\\\/www.revistarambla.com\\\/arde-el-clima-se-enferma-la-vida\\\/#breadcrumb\",\"itemListElement\":[{\"@type\":\"ListItem\",\"position\":1,\"name\":\"Portada\",\"item\":\"https:\\\/\\\/www.revistarambla.com\\\/\"},{\"@type\":\"ListItem\",\"position\":2,\"name\":\"Arde el clima, se enferma la vida\"}]},{\"@type\":\"WebSite\",\"@id\":\"https:\\\/\\\/www.revistarambla.com\\\/#website\",\"url\":\"https:\\\/\\\/www.revistarambla.com\\\/\",\"name\":\"Revista Rambla Barcelona\",\"description\":\"Periodismo independiente\",\"publisher\":{\"@id\":\"https:\\\/\\\/www.revistarambla.com\\\/#organization\"},\"potentialAction\":[{\"@type\":\"SearchAction\",\"target\":{\"@type\":\"EntryPoint\",\"urlTemplate\":\"https:\\\/\\\/www.revistarambla.com\\\/?s={search_term_string}\"},\"query-input\":{\"@type\":\"PropertyValueSpecification\",\"valueRequired\":true,\"valueName\":\"search_term_string\"}}],\"inLanguage\":\"en-GB\"},{\"@type\":\"Organization\",\"@id\":\"https:\\\/\\\/www.revistarambla.com\\\/#organization\",\"name\":\"Revista Rambla\",\"url\":\"https:\\\/\\\/www.revistarambla.com\\\/\",\"logo\":{\"@type\":\"ImageObject\",\"inLanguage\":\"en-GB\",\"@id\":\"https:\\\/\\\/www.revistarambla.com\\\/#\\\/schema\\\/logo\\\/image\\\/\",\"url\":\"https:\\\/\\\/www.revistarambla.com\\\/wp-content\\\/uploads\\\/2020\\\/09\\\/banner_rambla_1900x600_BB.png\",\"contentUrl\":\"https:\\\/\\\/www.revistarambla.com\\\/wp-content\\\/uploads\\\/2020\\\/09\\\/banner_rambla_1900x600_BB.png\",\"width\":1900,\"height\":600,\"caption\":\"Revista Rambla\"},\"image\":{\"@id\":\"https:\\\/\\\/www.revistarambla.com\\\/#\\\/schema\\\/logo\\\/image\\\/\"},\"sameAs\":[\"https:\\\/\\\/www.facebook.com\\\/revistarambla\\\/\",\"https:\\\/\\\/x.com\\\/revistarambla\",\"https:\\\/\\\/www.instagram.com\\\/revista_rambla\",\"https:\\\/\\\/es.linkedin.com\\\/company\\\/revista-rambla\"]},{\"@type\":\"Person\",\"@id\":\"https:\\\/\\\/www.revistarambla.com\\\/#\\\/schema\\\/person\\\/339e2410a25811f9912d8a8551fa5d96\",\"name\":\"Sergio Ferrari\",\"description\":\"Periodista argentino radicado en Berna, Suiza. Acreditado ante el Gobierno suizo. Colaborador regular de numerosos medios latinoamericanos y europeos.\",\"sameAs\":[\"https:\\\/\\\/www.voltairenet.org\\\/auteur120173.html?lang=es\",\"https:\\\/\\\/www.facebook.com\\\/sergio.ferrari.9655\",\"https:\\\/\\\/x.com\\\/SergiooFerrari\"]}]}<\/script>\n<!-- \/ Yoast SEO plugin. -->","yoast_head_json":{"title":"Arde el clima, se enferma la vida - Revista Rambla","robots":{"index":"index","follow":"follow","max-snippet":"max-snippet:-1","max-image-preview":"max-image-preview:large","max-video-preview":"max-video-preview:-1"},"canonical":"https:\/\/www.revistarambla.com\/en\/arde-el-clima-se-enferma-la-vida\/","og_locale":"en_GB","og_type":"article","og_title":"Arde el clima, se enferma la vida - Revista Rambla","og_description":"La degradaci\u00f3n clim\u00e1tica se acelera y parece incontenible. Cada d\u00eda son mayores sus consecuencias, como \u201cnuevos\u201d cataclismos y la fragilizaci\u00f3n de la salud humana. Temas que estar\u00e1n sobre la mesa en la Cumbre del Clima a realizarse en Bel\u00e9n de Par\u00e1, Brasil, entre el 10 y el 21 de noviembre. [&hellip;]","og_url":"https:\/\/www.revistarambla.com\/en\/arde-el-clima-se-enferma-la-vida\/","og_site_name":"Revista Rambla","article_publisher":"https:\/\/www.facebook.com\/revistarambla\/","article_author":"https:\/\/www.facebook.com\/sergio.ferrari.9655","article_published_time":"2025-11-10T17:54:41+00:00","article_modified_time":"2025-11-12T18:53:01+00:00","og_image":[{"width":1600,"height":756,"url":"https:\/\/www.revistarambla.com\/wp-content\/uploads\/2025\/11\/El-humo-de-los-incendios-forestales-a-la-base-de-graves-problemas-respiratorios-como-lo-prueba-un-estudio-realizado-en-Mozambique.-Foto-ISGlobal-de-Barcelona.jpg","type":"image\/jpeg"}],"author":"Sergio Ferrari","twitter_card":"summary_large_image","twitter_creator":"@SergiooFerrari","twitter_site":"@revistarambla","twitter_misc":{"Written by":"Sergio Ferrari","Estimated reading time":"7 minutes"},"schema":{"@context":"https:\/\/schema.org","@graph":[{"@type":"Article","@id":"https:\/\/www.revistarambla.com\/arde-el-clima-se-enferma-la-vida\/#article","isPartOf":{"@id":"https:\/\/www.revistarambla.com\/arde-el-clima-se-enferma-la-vida\/"},"author":{"name":"Sergio Ferrari","@id":"https:\/\/www.revistarambla.com\/#\/schema\/person\/339e2410a25811f9912d8a8551fa5d96"},"headline":"Arde el clima, se enferma la vida","datePublished":"2025-11-10T17:54:41+00:00","dateModified":"2025-11-12T18:53:01+00:00","mainEntityOfPage":{"@id":"https:\/\/www.revistarambla.com\/arde-el-clima-se-enferma-la-vida\/"},"wordCount":1567,"publisher":{"@id":"https:\/\/www.revistarambla.com\/#organization"},"image":{"@id":"https:\/\/www.revistarambla.com\/arde-el-clima-se-enferma-la-vida\/#primaryimage"},"thumbnailUrl":"https:\/\/www.revistarambla.com\/wp-content\/uploads\/2025\/11\/El-humo-de-los-incendios-forestales-a-la-base-de-graves-problemas-respiratorios-como-lo-prueba-un-estudio-realizado-en-Mozambique.-Foto-ISGlobal-de-Barcelona.jpg","articleSection":["El Apunte"],"inLanguage":"en-GB"},{"@type":"WebPage","@id":"https:\/\/www.revistarambla.com\/arde-el-clima-se-enferma-la-vida\/","url":"https:\/\/www.revistarambla.com\/arde-el-clima-se-enferma-la-vida\/","name":"Arde el clima, se enferma la vida - Revista Rambla","isPartOf":{"@id":"https:\/\/www.revistarambla.com\/#website"},"primaryImageOfPage":{"@id":"https:\/\/www.revistarambla.com\/arde-el-clima-se-enferma-la-vida\/#primaryimage"},"image":{"@id":"https:\/\/www.revistarambla.com\/arde-el-clima-se-enferma-la-vida\/#primaryimage"},"thumbnailUrl":"https:\/\/www.revistarambla.com\/wp-content\/uploads\/2025\/11\/El-humo-de-los-incendios-forestales-a-la-base-de-graves-problemas-respiratorios-como-lo-prueba-un-estudio-realizado-en-Mozambique.-Foto-ISGlobal-de-Barcelona.jpg","datePublished":"2025-11-10T17:54:41+00:00","dateModified":"2025-11-12T18:53:01+00:00","breadcrumb":{"@id":"https:\/\/www.revistarambla.com\/arde-el-clima-se-enferma-la-vida\/#breadcrumb"},"inLanguage":"en-GB","potentialAction":[{"@type":"ReadAction","target":["https:\/\/www.revistarambla.com\/arde-el-clima-se-enferma-la-vida\/"]}]},{"@type":"ImageObject","inLanguage":"en-GB","@id":"https:\/\/www.revistarambla.com\/arde-el-clima-se-enferma-la-vida\/#primaryimage","url":"https:\/\/www.revistarambla.com\/wp-content\/uploads\/2025\/11\/El-humo-de-los-incendios-forestales-a-la-base-de-graves-problemas-respiratorios-como-lo-prueba-un-estudio-realizado-en-Mozambique.-Foto-ISGlobal-de-Barcelona.jpg","contentUrl":"https:\/\/www.revistarambla.com\/wp-content\/uploads\/2025\/11\/El-humo-de-los-incendios-forestales-a-la-base-de-graves-problemas-respiratorios-como-lo-prueba-un-estudio-realizado-en-Mozambique.-Foto-ISGlobal-de-Barcelona.jpg","width":1600,"height":756},{"@type":"BreadcrumbList","@id":"https:\/\/www.revistarambla.com\/arde-el-clima-se-enferma-la-vida\/#breadcrumb","itemListElement":[{"@type":"ListItem","position":1,"name":"Portada","item":"https:\/\/www.revistarambla.com\/"},{"@type":"ListItem","position":2,"name":"Arde el clima, se enferma la vida"}]},{"@type":"WebSite","@id":"https:\/\/www.revistarambla.com\/#website","url":"https:\/\/www.revistarambla.com\/","name":"Revista Rambla Barcelona","description":"Periodismo independiente","publisher":{"@id":"https:\/\/www.revistarambla.com\/#organization"},"potentialAction":[{"@type":"SearchAction","target":{"@type":"EntryPoint","urlTemplate":"https:\/\/www.revistarambla.com\/?s={search_term_string}"},"query-input":{"@type":"PropertyValueSpecification","valueRequired":true,"valueName":"search_term_string"}}],"inLanguage":"en-GB"},{"@type":"Organization","@id":"https:\/\/www.revistarambla.com\/#organization","name":"Revista Rambla","url":"https:\/\/www.revistarambla.com\/","logo":{"@type":"ImageObject","inLanguage":"en-GB","@id":"https:\/\/www.revistarambla.com\/#\/schema\/logo\/image\/","url":"https:\/\/www.revistarambla.com\/wp-content\/uploads\/2020\/09\/banner_rambla_1900x600_BB.png","contentUrl":"https:\/\/www.revistarambla.com\/wp-content\/uploads\/2020\/09\/banner_rambla_1900x600_BB.png","width":1900,"height":600,"caption":"Revista Rambla"},"image":{"@id":"https:\/\/www.revistarambla.com\/#\/schema\/logo\/image\/"},"sameAs":["https:\/\/www.facebook.com\/revistarambla\/","https:\/\/x.com\/revistarambla","https:\/\/www.instagram.com\/revista_rambla","https:\/\/es.linkedin.com\/company\/revista-rambla"]},{"@type":"Person","@id":"https:\/\/www.revistarambla.com\/#\/schema\/person\/339e2410a25811f9912d8a8551fa5d96","name":"Sergio Ferrari","description":"Periodista argentino radicado en Berna, Suiza. Acreditado ante el Gobierno suizo. Colaborador regular de numerosos medios latinoamericanos y europeos.","sameAs":["https:\/\/www.voltairenet.org\/auteur120173.html?lang=es","https:\/\/www.facebook.com\/sergio.ferrari.9655","https:\/\/x.com\/SergiooFerrari"]}]}},"_links":{"self":[{"href":"https:\/\/www.revistarambla.com\/en\/wp-json\/wp\/v2\/posts\/67134","targetHints":{"allow":["GET"]}}],"collection":[{"href":"https:\/\/www.revistarambla.com\/en\/wp-json\/wp\/v2\/posts"}],"about":[{"href":"https:\/\/www.revistarambla.com\/en\/wp-json\/wp\/v2\/types\/post"}],"author":[{"embeddable":true,"href":"https:\/\/www.revistarambla.com\/en\/wp-json\/wp\/v2\/users\/24"}],"replies":[{"embeddable":true,"href":"https:\/\/www.revistarambla.com\/en\/wp-json\/wp\/v2\/comments?post=67134"}],"version-history":[{"count":2,"href":"https:\/\/www.revistarambla.com\/en\/wp-json\/wp\/v2\/posts\/67134\/revisions"}],"predecessor-version":[{"id":67161,"href":"https:\/\/www.revistarambla.com\/en\/wp-json\/wp\/v2\/posts\/67134\/revisions\/67161"}],"wp:featuredmedia":[{"embeddable":true,"href":"https:\/\/www.revistarambla.com\/en\/wp-json\/wp\/v2\/media\/67136"}],"wp:attachment":[{"href":"https:\/\/www.revistarambla.com\/en\/wp-json\/wp\/v2\/media?parent=67134"}],"wp:term":[{"taxonomy":"category","embeddable":true,"href":"https:\/\/www.revistarambla.com\/en\/wp-json\/wp\/v2\/categories?post=67134"},{"taxonomy":"post_tag","embeddable":true,"href":"https:\/\/www.revistarambla.com\/en\/wp-json\/wp\/v2\/tags?post=67134"}],"curies":[{"name":"wp","href":"https:\/\/api.w.org\/{rel}","templated":true}]}}