{"id":67125,"date":"2025-11-08T21:30:53","date_gmt":"2025-11-08T20:30:53","guid":{"rendered":"https:\/\/www.revistarambla.com\/?p=67125"},"modified":"2025-11-10T18:59:17","modified_gmt":"2025-11-10T17:59:17","slug":"la-caridad-alimentaria-perpetua-la-pobreza","status":"publish","type":"post","link":"https:\/\/www.revistarambla.com\/en\/la-caridad-alimentaria-perpetua-la-pobreza\/","title":{"rendered":"La caridad alimentaria perpet\u00faa la pobreza"},"content":{"rendered":"<p>Cada a\u00f1o, cuando se acerca el fin de noviembre, Catalu\u00f1a se moviliza en una de las campa\u00f1as solidarias m\u00e1s emblem\u00e1ticas del pa\u00eds: el Gran Recapte d&#8217;Aliments. <!--more-->Organizada por la Federaci\u00f3 Catalana de Bancs d&#8217;Aliments, esta iniciativa recolecta toneladas de alimentos no perecederos en supermercados y puntos de donaci\u00f3n, con el objetivo de asistir a m\u00e1s de 230.000 personas en situaci\u00f3n de vulnerabilidad. En 2024, la campa\u00f1a se present\u00f3 con un llamado urgente ante la incertidumbre econ\u00f3mica, destacando un aumento en la demanda de ayuda alimentaria. Sin embargo, detr\u00e1s de esta aparente ola de generosidad se esconde una realidad m\u00e1s compleja: campa\u00f1as como esta, aunque bienintencionadas, no solo fallan en erradicar la pobreza, sino que la perpet\u00faan al enmascarar problemas estructurales profundos.<\/p>\n<h2>La caridad como vendaje<\/h2>\n<p>La idea de que la distribuci\u00f3n de alimentos resuelve el hambre es intuitiva, pero los expertos coinciden en que es un enfoque miope. Seg\u00fan un an\u00e1lisis publicado en The Tyee, los bancos de alimentos \u00abproporcionan un apoyo temporal, pero no resuelven el problema subyacente de la inseguridad alimentaria, perpetuando un sistema roto\u00bb. En Canad\u00e1, donde se han estudiado ampliamente estos modelos, no hay evidencia de que reduzcan la pobreza a largo plazo; al contrario, desv\u00edan la atenci\u00f3n de las ra\u00edces estructurales como la desigualdad salarial y el desempleo precario.<\/p>\n<p>En el contexto europeo y espa\u00f1ol, el panorama es similar. La Federaci\u00f3n Europea de Bancos de Alimentos (FEBA) coordina esfuerzos en 29 pa\u00edses, distribuyendo millones de toneladas anuales, pero cr\u00edticos como Alison Cohen, de la organizaci\u00f3n WhyHunger, argumentan que \u00abla caridad no aborda las causas ra\u00edz de la inseguridad alimentaria, sino que la perpet\u00faa al integrarse en la econom\u00eda capitalista\u00bb. En Espa\u00f1a, donde el 20,2% de la poblaci\u00f3n \u2013alrededor de 9,7 millones de personas\u2013 est\u00e1 en riesgo de pobreza seg\u00fan el informe Poverty Watch 2024 de la Red Europea de Lucha contra la Pobreza (EAPN), las campa\u00f1as como el Gran Recapte ofrecen alivio inmediato, pero ignoran factores como el bajo productividad laboral, que se mantiene un 10-15% por debajo de la media eurozona, seg\u00fan el Banco de Espa\u00f1a.<\/p>\n<p>Un estudio en la revista Agriculture and Human Values destaca c\u00f3mo estos programas \u00abcargan a los vulnerables con el desperdicio alimentario, sin abordar la causa de la inseguridad\u00bb. En esencia, la caridad crea una dependencia cr\u00f3nica: las familias reciben paquetes de comida, pero no herramientas para salir de la pobreza. Adem\u00e1s, reduce la presi\u00f3n sobre los gobiernos. Como se\u00f1ala un informe de The Guardian, \u00abla industria de la caridad alimentaria se ha convertido en un pilar del sistema, permitiendo que los estados recorten prestaciones sociales\u00bb. En Espa\u00f1a, durante la pandemia, Human Rights Watch document\u00f3 c\u00f3mo el aumento de la pobreza expuso la insuficiencia de las redes p\u00fablicas, dejando a muchos dependientes de la caridad privada.<\/p>\n<p>Otro aspecto cr\u00edtico es el estigma social. Investigaciones en Social Problems revelan que los receptores de caridad experimentan verg\u00fcenza, lo que perpet\u00faa ciclos de exclusi\u00f3n. En un contexto donde la pobreza infantil en Espa\u00f1a afecta a uno de cada tres ni\u00f1os \u2013a pesar de la recuperaci\u00f3n econ\u00f3mica postcrisis, seg\u00fan Oxfam\u2013, estas campa\u00f1as no rompen la estratificaci\u00f3n social basada en clase, como analiza un estudio en PubMed.<\/p>\n<h2>De la filantrop\u00eda a la red corporativa<\/h2>\n<p>El Gran Recapte no es un esfuerzo aislado. Detr\u00e1s est\u00e1 la Federaci\u00f3 Catalana de Bancs d&#8217;Aliments, una entidad independiente y apol\u00edtica fundada en 1987, que agrupa a cuatro bancos regionales en Catalu\u00f1a: Barcelona, Girona, Tarragona y Lleida. Esta federaci\u00f3n coordina la campa\u00f1a anual, que en 2023 involucr\u00f3 a miles de voluntarios y recolect\u00f3 alimentos para 230.000 beneficiarios. A nivel nacional, se integra en la Federaci\u00f3n Espa\u00f1ola de Bancos de Alimentos (FESBAL), miembro de FEBA.<\/p>\n<p>Pero la red se extiende a corporaciones. Empresas como DKSH Spain, Adecco, Aig\u00fces de Barcelona y Array Plastics figuran como colaboradoras oficiales, proporcionando log\u00edstica, donaciones y publicidad. Clubes deportivos como el RCD Espanyol y centros comerciales como World Trade Center Barcelona tambi\u00e9n participan, amplificando el alcance. En 2022, el Banc dels Aliments report\u00f3 apoyo de entidades p\u00fablicas y privadas en toda Espa\u00f1a, distribuyendo directamente las recolectas regionales.<\/p>\n<p>Estos actores no act\u00faan por puro altruismo. Los intereses ocultos incluyen beneficios fiscales. En la UE y Espa\u00f1a, las donaciones alimentarias permiten deducciones fiscales significativas. Seg\u00fan la USDA, las empresas pueden deducir el costo de producci\u00f3n m\u00e1s la mitad de la diferencia con el valor de mercado, hasta el 15% de sus ingresos imponibles. En EE.UU., similar al modelo europeo, las corporaciones obtienen deducciones bajo la Secci\u00f3n 170(e)(3) del IRC, incentivando la donaci\u00f3n de excedentes. Un gu\u00eda de NRDC detalla que las deducciones no pueden exceder el 15% de los ingresos netos, pero permiten carry-over de excedentes.<\/p>\n<p>Adem\u00e1s, sirve como gesti\u00f3n de residuos: en lugar de desechar excedentes, las empresas los donan, mejorando su imagen corporativa y evitando multas por desperdicio. Cr\u00edticos como Andrew Fisher, en su libro sobre bancos de alimentos, argumentan que esto \u00abperpet\u00faa la pobreza en lugar de solucionarla\u00bb, al alinear la caridad con intereses corporativos. En Espa\u00f1a, donde la desigualdad se agrava por un mercado laboral r\u00edgido y bajos salarios \u2013causas estructurales, seg\u00fan el informe Espa\u00f1a 2050\u2013, estas campa\u00f1as permiten a las empresas desgravar mientras el estado delega responsabilidades.<\/p>\n<h2>Soluciones estructurales sin caridad<\/h2>\n<p>Para romper este ciclo, las soluciones deben atacar las ra\u00edces: desempleo, bajos niveles educativos, desigualdad de g\u00e9nero y familiar, como identifica EAPN. Una propuesta plausible es la Renta B\u00e1sica Universal (RBU), un pago incondicional del gobierno a todos los ciudadanos, independientemente de ingresos o empleo. Seg\u00fan Britannica, la RBU reduce la pobreza al proporcionar seguridad econ\u00f3mica b\u00e1sica. Un estudio en Campbell Systematic Reviews confirma que intervenciones de ingreso garantizado alivian la pobreza sin desincentivar el trabajo.<\/p>\n<p>En Espa\u00f1a, donde la pobreza persiste pese al crecimiento, una RBU financiada por impuestos progresivos podr\u00eda reemplazar subsidios fragmentados. El Joseph Rowntree Foundation estima que, bien dise\u00f1ada, reduce la pobreza y mejora el bienestar, aunque costosa, con un costo neto manejable mediante reasignaci\u00f3n de beneficios existentes. Un informe de Drexel University destaca c\u00f3mo la RBU aborda causas ra\u00edz como bajos salarios, superando la caridad. Otras medidas incluyen elevar el salario m\u00ednimo al 60% del medio, como recomienda la ONU, y fondos estructurales europeos para reducir la privaci\u00f3n material, como analiza un estudio en Socio-Economic Planning Sciences.<\/p>\n<p>El Center for American Progress propone 12 soluciones equitativas: expandir educaci\u00f3n, salud universal y vivienda asequible, financiadas por reformas fiscales. En Europa, pol\u00edticas como las de Finlandia en RBU piloto han mostrado reducciones en desigualdad sin inflaci\u00f3n significativa. Para Espa\u00f1a, integrar RBU con fondos UE podr\u00eda erradicar la pobreza infantil, priorizando inversi\u00f3n en capital humano sobre caridad.<\/p>\n<p>En conclusi\u00f3n, mientras el Gran Recapte llena despensas, deja intactas las estructuras que generan hambre. Es hora de pasar de la caridad a la justicia social, con pol\u00edticas transformadoras que empoderen, no perpet\u00faen. Solo as\u00ed, Espa\u00f1a y Europa podr\u00e1n avanzar hacia una sociedad equitativa.<\/p>","protected":false},"excerpt":{"rendered":"<p>Cada a\u00f1o, cuando se acerca el fin de noviembre, Catalu\u00f1a se moviliza en una de las campa\u00f1as solidarias m\u00e1s emblem\u00e1ticas del pa\u00eds: el Gran Recapte d&#8217;Aliments.<\/p>","protected":false},"author":3,"featured_media":67126,"comment_status":"closed","ping_status":"closed","sticky":false,"template":"","format":"standard","meta":{"footnotes":""},"categories":[59],"tags":[],"class_list":["post-67125","post","type-post","status-publish","format-standard","has-post-thumbnail","hentry","category-catalunya"],"yoast_head":"<!-- This site is optimized with the Yoast SEO plugin v27.5 - https:\/\/yoast.com\/product\/yoast-seo-wordpress\/ -->\n<title>La caridad alimentaria perpet\u00faa la pobreza - Revista Rambla<\/title>\n<meta name=\"robots\" content=\"index, follow, max-snippet:-1, max-image-preview:large, max-video-preview:-1\" \/>\n<link rel=\"canonical\" href=\"https:\/\/www.revistarambla.com\/en\/la-caridad-alimentaria-perpetua-la-pobreza\/\" \/>\n<meta property=\"og:locale\" content=\"en_GB\" \/>\n<meta property=\"og:type\" content=\"article\" \/>\n<meta property=\"og:title\" content=\"La caridad alimentaria perpet\u00faa la pobreza - Revista Rambla\" \/>\n<meta property=\"og:description\" content=\"Cada a\u00f1o, cuando se acerca el fin de noviembre, Catalu\u00f1a se moviliza en una de las campa\u00f1as solidarias m\u00e1s emblem\u00e1ticas del pa\u00eds: el Gran Recapte d&#8217;Aliments.\" \/>\n<meta property=\"og:url\" content=\"https:\/\/www.revistarambla.com\/en\/la-caridad-alimentaria-perpetua-la-pobreza\/\" \/>\n<meta property=\"og:site_name\" content=\"Revista Rambla\" \/>\n<meta property=\"article:publisher\" content=\"https:\/\/www.facebook.com\/revistarambla\/\" \/>\n<meta property=\"article:author\" content=\"https:\/\/www.facebook.com\/revistarambla\" \/>\n<meta property=\"article:published_time\" content=\"2025-11-08T20:30:53+00:00\" \/>\n<meta property=\"article:modified_time\" content=\"2025-11-10T17:59:17+00:00\" \/>\n<meta property=\"og:image\" content=\"https:\/\/www.revistarambla.com\/wp-content\/uploads\/2025\/11\/Gran-Recapte.jpg\" \/>\n\t<meta property=\"og:image:width\" content=\"1920\" \/>\n\t<meta property=\"og:image:height\" content=\"1080\" \/>\n\t<meta property=\"og:image:type\" content=\"image\/jpeg\" \/>\n<meta name=\"author\" content=\"R@mbla\" \/>\n<meta name=\"twitter:card\" content=\"summary_large_image\" \/>\n<meta name=\"twitter:creator\" content=\"@revistarambla\" \/>\n<meta name=\"twitter:site\" content=\"@revistarambla\" \/>\n<meta name=\"twitter:label1\" content=\"Written by\" \/>\n\t<meta name=\"twitter:data1\" content=\"R@mbla\" \/>\n\t<meta name=\"twitter:label2\" content=\"Estimated reading time\" \/>\n\t<meta name=\"twitter:data2\" content=\"6 minutes\" \/>\n<script type=\"application\/ld+json\" class=\"yoast-schema-graph\">{\"@context\":\"https:\\\/\\\/schema.org\",\"@graph\":[{\"@type\":\"Article\",\"@id\":\"https:\\\/\\\/www.revistarambla.com\\\/la-caridad-alimentaria-perpetua-la-pobreza\\\/#article\",\"isPartOf\":{\"@id\":\"https:\\\/\\\/www.revistarambla.com\\\/la-caridad-alimentaria-perpetua-la-pobreza\\\/\"},\"author\":{\"name\":\"R@mbla\",\"@id\":\"https:\\\/\\\/www.revistarambla.com\\\/#\\\/schema\\\/person\\\/a146a5a2550b94981a75131180e1bd9c\"},\"headline\":\"La caridad alimentaria perpet\u00faa la pobreza\",\"datePublished\":\"2025-11-08T20:30:53+00:00\",\"dateModified\":\"2025-11-10T17:59:17+00:00\",\"mainEntityOfPage\":{\"@id\":\"https:\\\/\\\/www.revistarambla.com\\\/la-caridad-alimentaria-perpetua-la-pobreza\\\/\"},\"wordCount\":1236,\"publisher\":{\"@id\":\"https:\\\/\\\/www.revistarambla.com\\\/#organization\"},\"image\":{\"@id\":\"https:\\\/\\\/www.revistarambla.com\\\/la-caridad-alimentaria-perpetua-la-pobreza\\\/#primaryimage\"},\"thumbnailUrl\":\"https:\\\/\\\/www.revistarambla.com\\\/wp-content\\\/uploads\\\/2025\\\/11\\\/Gran-Recapte.jpg\",\"articleSection\":[\"Catalunya\"],\"inLanguage\":\"en-GB\"},{\"@type\":\"WebPage\",\"@id\":\"https:\\\/\\\/www.revistarambla.com\\\/la-caridad-alimentaria-perpetua-la-pobreza\\\/\",\"url\":\"https:\\\/\\\/www.revistarambla.com\\\/la-caridad-alimentaria-perpetua-la-pobreza\\\/\",\"name\":\"La caridad alimentaria perpet\u00faa la pobreza - Revista Rambla\",\"isPartOf\":{\"@id\":\"https:\\\/\\\/www.revistarambla.com\\\/#website\"},\"primaryImageOfPage\":{\"@id\":\"https:\\\/\\\/www.revistarambla.com\\\/la-caridad-alimentaria-perpetua-la-pobreza\\\/#primaryimage\"},\"image\":{\"@id\":\"https:\\\/\\\/www.revistarambla.com\\\/la-caridad-alimentaria-perpetua-la-pobreza\\\/#primaryimage\"},\"thumbnailUrl\":\"https:\\\/\\\/www.revistarambla.com\\\/wp-content\\\/uploads\\\/2025\\\/11\\\/Gran-Recapte.jpg\",\"datePublished\":\"2025-11-08T20:30:53+00:00\",\"dateModified\":\"2025-11-10T17:59:17+00:00\",\"breadcrumb\":{\"@id\":\"https:\\\/\\\/www.revistarambla.com\\\/la-caridad-alimentaria-perpetua-la-pobreza\\\/#breadcrumb\"},\"inLanguage\":\"en-GB\",\"potentialAction\":[{\"@type\":\"ReadAction\",\"target\":[\"https:\\\/\\\/www.revistarambla.com\\\/la-caridad-alimentaria-perpetua-la-pobreza\\\/\"]}]},{\"@type\":\"ImageObject\",\"inLanguage\":\"en-GB\",\"@id\":\"https:\\\/\\\/www.revistarambla.com\\\/la-caridad-alimentaria-perpetua-la-pobreza\\\/#primaryimage\",\"url\":\"https:\\\/\\\/www.revistarambla.com\\\/wp-content\\\/uploads\\\/2025\\\/11\\\/Gran-Recapte.jpg\",\"contentUrl\":\"https:\\\/\\\/www.revistarambla.com\\\/wp-content\\\/uploads\\\/2025\\\/11\\\/Gran-Recapte.jpg\",\"width\":1920,\"height\":1080,\"caption\":\"Gran Recapte caridad alimentaria\"},{\"@type\":\"BreadcrumbList\",\"@id\":\"https:\\\/\\\/www.revistarambla.com\\\/la-caridad-alimentaria-perpetua-la-pobreza\\\/#breadcrumb\",\"itemListElement\":[{\"@type\":\"ListItem\",\"position\":1,\"name\":\"Portada\",\"item\":\"https:\\\/\\\/www.revistarambla.com\\\/\"},{\"@type\":\"ListItem\",\"position\":2,\"name\":\"La caridad alimentaria perpet\u00faa la pobreza\"}]},{\"@type\":\"WebSite\",\"@id\":\"https:\\\/\\\/www.revistarambla.com\\\/#website\",\"url\":\"https:\\\/\\\/www.revistarambla.com\\\/\",\"name\":\"Revista Rambla Barcelona\",\"description\":\"Periodismo independiente\",\"publisher\":{\"@id\":\"https:\\\/\\\/www.revistarambla.com\\\/#organization\"},\"potentialAction\":[{\"@type\":\"SearchAction\",\"target\":{\"@type\":\"EntryPoint\",\"urlTemplate\":\"https:\\\/\\\/www.revistarambla.com\\\/?s={search_term_string}\"},\"query-input\":{\"@type\":\"PropertyValueSpecification\",\"valueRequired\":true,\"valueName\":\"search_term_string\"}}],\"inLanguage\":\"en-GB\"},{\"@type\":\"Organization\",\"@id\":\"https:\\\/\\\/www.revistarambla.com\\\/#organization\",\"name\":\"Revista Rambla\",\"url\":\"https:\\\/\\\/www.revistarambla.com\\\/\",\"logo\":{\"@type\":\"ImageObject\",\"inLanguage\":\"en-GB\",\"@id\":\"https:\\\/\\\/www.revistarambla.com\\\/#\\\/schema\\\/logo\\\/image\\\/\",\"url\":\"https:\\\/\\\/www.revistarambla.com\\\/wp-content\\\/uploads\\\/2020\\\/09\\\/banner_rambla_1900x600_BB.png\",\"contentUrl\":\"https:\\\/\\\/www.revistarambla.com\\\/wp-content\\\/uploads\\\/2020\\\/09\\\/banner_rambla_1900x600_BB.png\",\"width\":1900,\"height\":600,\"caption\":\"Revista Rambla\"},\"image\":{\"@id\":\"https:\\\/\\\/www.revistarambla.com\\\/#\\\/schema\\\/logo\\\/image\\\/\"},\"sameAs\":[\"https:\\\/\\\/www.facebook.com\\\/revistarambla\\\/\",\"https:\\\/\\\/x.com\\\/revistarambla\",\"https:\\\/\\\/www.instagram.com\\\/revista_rambla\",\"https:\\\/\\\/es.linkedin.com\\\/company\\\/revista-rambla\"]},{\"@type\":\"Person\",\"@id\":\"https:\\\/\\\/www.revistarambla.com\\\/#\\\/schema\\\/person\\\/a146a5a2550b94981a75131180e1bd9c\",\"name\":\"R@mbla\",\"description\":\"Este art\u00edculo ha sido redactado y\\\/o validado por el equipo de redacci\u00f3n de Revista Rambla.\",\"sameAs\":[\"https:\\\/\\\/www.revistarambla.com\\\/\",\"https:\\\/\\\/www.facebook.com\\\/revistarambla\",\"https:\\\/\\\/x.com\\\/revistarambla\"]}]}<\/script>\n<!-- \/ Yoast SEO plugin. -->","yoast_head_json":{"title":"La caridad alimentaria perpet\u00faa la pobreza - Revista Rambla","robots":{"index":"index","follow":"follow","max-snippet":"max-snippet:-1","max-image-preview":"max-image-preview:large","max-video-preview":"max-video-preview:-1"},"canonical":"https:\/\/www.revistarambla.com\/en\/la-caridad-alimentaria-perpetua-la-pobreza\/","og_locale":"en_GB","og_type":"article","og_title":"La caridad alimentaria perpet\u00faa la pobreza - Revista Rambla","og_description":"Cada a\u00f1o, cuando se acerca el fin de noviembre, Catalu\u00f1a se moviliza en una de las campa\u00f1as solidarias m\u00e1s emblem\u00e1ticas del pa\u00eds: el Gran Recapte d&#8217;Aliments.","og_url":"https:\/\/www.revistarambla.com\/en\/la-caridad-alimentaria-perpetua-la-pobreza\/","og_site_name":"Revista Rambla","article_publisher":"https:\/\/www.facebook.com\/revistarambla\/","article_author":"https:\/\/www.facebook.com\/revistarambla","article_published_time":"2025-11-08T20:30:53+00:00","article_modified_time":"2025-11-10T17:59:17+00:00","og_image":[{"width":1920,"height":1080,"url":"https:\/\/www.revistarambla.com\/wp-content\/uploads\/2025\/11\/Gran-Recapte.jpg","type":"image\/jpeg"}],"author":"R@mbla","twitter_card":"summary_large_image","twitter_creator":"@revistarambla","twitter_site":"@revistarambla","twitter_misc":{"Written by":"R@mbla","Estimated reading time":"6 minutes"},"schema":{"@context":"https:\/\/schema.org","@graph":[{"@type":"Article","@id":"https:\/\/www.revistarambla.com\/la-caridad-alimentaria-perpetua-la-pobreza\/#article","isPartOf":{"@id":"https:\/\/www.revistarambla.com\/la-caridad-alimentaria-perpetua-la-pobreza\/"},"author":{"name":"R@mbla","@id":"https:\/\/www.revistarambla.com\/#\/schema\/person\/a146a5a2550b94981a75131180e1bd9c"},"headline":"La caridad alimentaria perpet\u00faa la pobreza","datePublished":"2025-11-08T20:30:53+00:00","dateModified":"2025-11-10T17:59:17+00:00","mainEntityOfPage":{"@id":"https:\/\/www.revistarambla.com\/la-caridad-alimentaria-perpetua-la-pobreza\/"},"wordCount":1236,"publisher":{"@id":"https:\/\/www.revistarambla.com\/#organization"},"image":{"@id":"https:\/\/www.revistarambla.com\/la-caridad-alimentaria-perpetua-la-pobreza\/#primaryimage"},"thumbnailUrl":"https:\/\/www.revistarambla.com\/wp-content\/uploads\/2025\/11\/Gran-Recapte.jpg","articleSection":["Catalunya"],"inLanguage":"en-GB"},{"@type":"WebPage","@id":"https:\/\/www.revistarambla.com\/la-caridad-alimentaria-perpetua-la-pobreza\/","url":"https:\/\/www.revistarambla.com\/la-caridad-alimentaria-perpetua-la-pobreza\/","name":"La caridad alimentaria perpet\u00faa la pobreza - Revista Rambla","isPartOf":{"@id":"https:\/\/www.revistarambla.com\/#website"},"primaryImageOfPage":{"@id":"https:\/\/www.revistarambla.com\/la-caridad-alimentaria-perpetua-la-pobreza\/#primaryimage"},"image":{"@id":"https:\/\/www.revistarambla.com\/la-caridad-alimentaria-perpetua-la-pobreza\/#primaryimage"},"thumbnailUrl":"https:\/\/www.revistarambla.com\/wp-content\/uploads\/2025\/11\/Gran-Recapte.jpg","datePublished":"2025-11-08T20:30:53+00:00","dateModified":"2025-11-10T17:59:17+00:00","breadcrumb":{"@id":"https:\/\/www.revistarambla.com\/la-caridad-alimentaria-perpetua-la-pobreza\/#breadcrumb"},"inLanguage":"en-GB","potentialAction":[{"@type":"ReadAction","target":["https:\/\/www.revistarambla.com\/la-caridad-alimentaria-perpetua-la-pobreza\/"]}]},{"@type":"ImageObject","inLanguage":"en-GB","@id":"https:\/\/www.revistarambla.com\/la-caridad-alimentaria-perpetua-la-pobreza\/#primaryimage","url":"https:\/\/www.revistarambla.com\/wp-content\/uploads\/2025\/11\/Gran-Recapte.jpg","contentUrl":"https:\/\/www.revistarambla.com\/wp-content\/uploads\/2025\/11\/Gran-Recapte.jpg","width":1920,"height":1080,"caption":"Gran Recapte caridad alimentaria"},{"@type":"BreadcrumbList","@id":"https:\/\/www.revistarambla.com\/la-caridad-alimentaria-perpetua-la-pobreza\/#breadcrumb","itemListElement":[{"@type":"ListItem","position":1,"name":"Portada","item":"https:\/\/www.revistarambla.com\/"},{"@type":"ListItem","position":2,"name":"La caridad alimentaria perpet\u00faa la pobreza"}]},{"@type":"WebSite","@id":"https:\/\/www.revistarambla.com\/#website","url":"https:\/\/www.revistarambla.com\/","name":"Revista Rambla Barcelona","description":"Periodismo independiente","publisher":{"@id":"https:\/\/www.revistarambla.com\/#organization"},"potentialAction":[{"@type":"SearchAction","target":{"@type":"EntryPoint","urlTemplate":"https:\/\/www.revistarambla.com\/?s={search_term_string}"},"query-input":{"@type":"PropertyValueSpecification","valueRequired":true,"valueName":"search_term_string"}}],"inLanguage":"en-GB"},{"@type":"Organization","@id":"https:\/\/www.revistarambla.com\/#organization","name":"Revista Rambla","url":"https:\/\/www.revistarambla.com\/","logo":{"@type":"ImageObject","inLanguage":"en-GB","@id":"https:\/\/www.revistarambla.com\/#\/schema\/logo\/image\/","url":"https:\/\/www.revistarambla.com\/wp-content\/uploads\/2020\/09\/banner_rambla_1900x600_BB.png","contentUrl":"https:\/\/www.revistarambla.com\/wp-content\/uploads\/2020\/09\/banner_rambla_1900x600_BB.png","width":1900,"height":600,"caption":"Revista Rambla"},"image":{"@id":"https:\/\/www.revistarambla.com\/#\/schema\/logo\/image\/"},"sameAs":["https:\/\/www.facebook.com\/revistarambla\/","https:\/\/x.com\/revistarambla","https:\/\/www.instagram.com\/revista_rambla","https:\/\/es.linkedin.com\/company\/revista-rambla"]},{"@type":"Person","@id":"https:\/\/www.revistarambla.com\/#\/schema\/person\/a146a5a2550b94981a75131180e1bd9c","name":"R@mbla","description":"Este art\u00edculo ha sido redactado y\/o validado por el equipo de redacci\u00f3n de Revista Rambla.","sameAs":["https:\/\/www.revistarambla.com\/","https:\/\/www.facebook.com\/revistarambla","https:\/\/x.com\/revistarambla"]}]}},"_links":{"self":[{"href":"https:\/\/www.revistarambla.com\/en\/wp-json\/wp\/v2\/posts\/67125","targetHints":{"allow":["GET"]}}],"collection":[{"href":"https:\/\/www.revistarambla.com\/en\/wp-json\/wp\/v2\/posts"}],"about":[{"href":"https:\/\/www.revistarambla.com\/en\/wp-json\/wp\/v2\/types\/post"}],"author":[{"embeddable":true,"href":"https:\/\/www.revistarambla.com\/en\/wp-json\/wp\/v2\/users\/3"}],"replies":[{"embeddable":true,"href":"https:\/\/www.revistarambla.com\/en\/wp-json\/wp\/v2\/comments?post=67125"}],"version-history":[{"count":1,"href":"https:\/\/www.revistarambla.com\/en\/wp-json\/wp\/v2\/posts\/67125\/revisions"}],"predecessor-version":[{"id":67127,"href":"https:\/\/www.revistarambla.com\/en\/wp-json\/wp\/v2\/posts\/67125\/revisions\/67127"}],"wp:featuredmedia":[{"embeddable":true,"href":"https:\/\/www.revistarambla.com\/en\/wp-json\/wp\/v2\/media\/67126"}],"wp:attachment":[{"href":"https:\/\/www.revistarambla.com\/en\/wp-json\/wp\/v2\/media?parent=67125"}],"wp:term":[{"taxonomy":"category","embeddable":true,"href":"https:\/\/www.revistarambla.com\/en\/wp-json\/wp\/v2\/categories?post=67125"},{"taxonomy":"post_tag","embeddable":true,"href":"https:\/\/www.revistarambla.com\/en\/wp-json\/wp\/v2\/tags?post=67125"}],"curies":[{"name":"wp","href":"https:\/\/api.w.org\/{rel}","templated":true}]}}