{"id":67119,"date":"2025-11-06T19:31:44","date_gmt":"2025-11-06T18:31:44","guid":{"rendered":"https:\/\/www.revistarambla.com\/?p=67119"},"modified":"2025-11-06T19:31:44","modified_gmt":"2025-11-06T18:31:44","slug":"mes-llars-llogateres-pero-menys-contractes-les-prorrogues-per-esquivar-la-regulacio-de-lloguers","status":"publish","type":"post","link":"https:\/\/www.revistarambla.com\/en\/mes-llars-llogateres-pero-menys-contractes-les-prorrogues-per-esquivar-la-regulacio-de-lloguers\/","title":{"rendered":"M\u00e9s llars llogateres per\u00f2 menys contractes: les pr\u00f2rrogues per esquivar la regulaci\u00f3 de lloguers"},"content":{"rendered":"<p dir=\"ltr\">Ahir es van fer p\u00fabliques les dades del II trimestre del 2025 sobre els preus del lloguer i el nombre de contractes signats a Catalunya. Segons les xifres de l\u2019Institut Catal\u00e0 del S\u00f2l (Incas\u00f2l), s\u2019han registrat per primera vegada algunes pujades en els preus del lloguer respecte al mateix trimestre de l\u2019any anterior especialment fora de Barcelona. A Catalunya passen de 822,98 a 854,70 interanualment, \u00e9s a dir, un 3,9% m\u00e9s entre el II Trimestre del 2024 i del 2025. En canvi, a Barcelona la pujada \u00e9s poc significativa, passant de 1131,8 a 1135,55. Cal destacar, que la pujada \u00e9s especialment not\u00f2ria si ens fixem en els municipis que no estan declarats \u00e0rees tensionades i que per tant no apliquen topalls, on l\u2019augment \u00e9s del 11,2% interanualment. \u00c9s prematur avan\u00e7ar grans conclusions amb aquestes dades inicials, at\u00e8s que poden influir diferents factors, com ara l\u2019estacionalitat, per\u00f2 les xifres mostren algunes din\u00e0miques significatives.<\/p>\n<p><b>M\u00e9s llars <span id=\"x_1810492702selectionBoundary_1762430354459_027846270370376458\" class=\"x_1810492702rangySelectionBoundary\"><\/span>llogateres <span id=\"x_1810492702selectionBoundary_1762430354459_12627483494130176\" class=\"x_1810492702rangySelectionBoundary\"><\/span>per\u00f2 menys nous contractes: pr\u00f2rrogues per esquivar la llei<\/b><\/p>\n<div>\n<p dir=\"ltr\">Si atenem al n\u00famero de nous contractes signats, la xifra continua caient, com ja va fer el trimestre anterior. El II Trimestre d\u2019aquest any es van signar a Catalunya 26.416 nous contractes enfront dels 29.311 del mateix periode de l\u2019any anterior. Encara que la xifra segueixi caient, aix\u00f2 no implica que hi hagi menys pisos llogats: n&#8217;hi ha m\u00e9s, tal com indica l\u2019Incas\u00f2l en l\u2019an\u00e0lisi de saldo dels contractes habituals on es mostra un saldo positiu de 2285 durant el II Trimestre del 2025.<\/p>\n<p dir=\"ltr\">La tend\u00e8ncia a la baixa de nous contractes signats durant els \u00faltims anys pot explicar-se perqu\u00e8 les pr\u00f2rrogues de contractes estan tenint un paper important, tal com observem setmanalment amb els centenars de llogaters que s\u2019apropen a les nostres assemblees llogateres. Les pr\u00f2rrogues de contractes, si b\u00e9 deixen el llogater en una situaci\u00f3 d&#8217;inestabilitat, ja que es fan per per\u00edodes curts, s\u00f3n una via perqu\u00e8 rendistes i immobili\u00e0ries esquivin fer contractes nous que apliquin baixades de preus i apliquin els nous drets que hem anat conquerint. Dit d\u2019una altra manera, \u00e9s una forma d&#8217;evitar aplicar la nova legislaci\u00f3. Davant aquesta tend\u00e8ncia, que afecta directament l\u2019estabilitat de les llars, fem una crida als llogaters perqu\u00e8 vinguin al Sindicat i negoci\u00efn un nou contracte de lloguer amb preus regulats i\u00a0 reclamem que els contractes es renovin autom\u00e0ticament un cop finalitzin, per garantir la protecci\u00f3 dels llogaters i l\u2019aplicaci\u00f3 de la regulaci\u00f3 de lloguers.<\/p>\n<p><b>Manca de sancions i d\u2019inspeccions que garanteixin el compliment de la regulaci\u00f3<\/b><\/p>\n<p dir=\"ltr\">El que s\u00ed que sabem \u00e9s que el cos d&#8217;inspectors prom\u00e8s el passat 8 d\u2019abril encara no s&#8217;ha desplegat i que vuit mesos despr\u00e9s de l\u2019aprovaci\u00f3 del r\u00e8gim sancionador l\u2019administraci\u00f3 p\u00fablica encara no ha posat cap sanci\u00f3 contra els rendistes que se salten la llei de regulaci\u00f3 dels lloguers. Per la nostra banda, el Sindicat de Llogateres s\u00ed que tenim un paper proactiu i a inicis d\u2019octubre vam registrar fa un mes 50 den\u00fancies contra 35 immobili\u00e0ries i particulars per incomplir de manera sistem\u00e0tica la regulaci\u00f3 de lloguers en la publicaci\u00f3 d\u2019anuncis.<\/p>\n<p><b>Lloguers de temporada i d\u2019habitacions: la part del mercat que no est\u00e0 regulada<br \/>\n<\/b><\/p>\n<p dir=\"ltr\">Seguim tenint una part molt important del mercat no regulat: lloguers de temporada i d&#8217;habitacions. Entre l\u2019any 2023 i el 2024 els lloguers temporals van augmentar un 44% a Catalunya, de 9.330 a 13.517, tal com indica l\u2019Incas\u00f2l. Aquesta tend\u00e8ncia a l\u2019al\u00e7a tamb\u00e9 es pot veure en xifres interanuals: si al II Trimestre del 2024 es van signar 2.571 contractes, el mateix trimestre d\u2019aquest any s\u2019hi han signat 3.177.<\/p>\n<p dir=\"ltr\">De res serveix tenir un control de preus si \u00e9s possible saltar-te&#8217;l fent un altre tipus de contracte. Despr\u00e9s d\u2019anys advertint que calia regular els lloguers temporals i d\u2019habitacions i d\u2019haver registrat propostes legislatives per fer-ho tant al Parlament de Catalunya com al Congr\u00e9s dels Diputats, la setmana passada es va aprovar a la Comissi\u00f3 de Territori i Habitatge el dictamen del projecte de llei per tal d\u2019aprovar-lo al ple del Parlament. Junts i el PPC, per\u00f2, ho han portat al Consell de Garanties Estatut\u00e0ries, per tant, es calcula que fins al desembre no es podr\u00e0 portar la llei al Parlament per tal que s\u2019aprovi.<\/p>\n<p><b>Cal abaixar els preus dr\u00e0sticament<\/b><\/p>\n<p dir=\"ltr\">Centenars de milers de persones van sortir el curs passat als carrers reclamant la baixada urgent del preu dels lloguers. El Sindicat ho diem clar: no hem vingut a congelar uns preus del lloguer inflad\u00edssims que s\u2019emporten m\u00e9s de la meitat dels nostres sous. Els lloguers han de baixar dr\u00e0sticament, per aix\u00f2 continuem posant totes les energies en seguir organitzant cada vegada m\u00e9s llogaters i m\u00e9s blocs davant pujades de lloguer i expulsions, per aconseguir nous contractes de lloguer amb baixades de preu que donin estabilitat a les llars. Per aix\u00f2 continuarem posant al centre l\u2019eina #EnsQuedem (no marxar quan s\u2019acaba el contracte) i les vagues de lloguer per garantir el dret a l\u2019habitatge a trav\u00e9s de la lluita sindical.<\/p>\n<p dir=\"ltr\">Fem una crida a tots els llogaters a defensar-se. Som nosaltres els que ens hem de plantar si ens fan fora de casa o ens volen apujar el lloguer. Hem decidit no deixar-nos estafar ni deixar-nos trepitjar. Que ning\u00fa marxi de casa, que ning\u00fa accepti cap ab\u00fas m\u00e9s: veniu al Sindicat.<\/p>\n<\/div>","protected":false},"excerpt":{"rendered":"<p>L&#8217;Incas\u00f2l ha publicat les dades dels lloguers del II trimestre del 2025 <\/p>","protected":false},"author":328,"featured_media":54492,"comment_status":"closed","ping_status":"closed","sticky":false,"template":"","format":"standard","meta":{"footnotes":""},"categories":[4079],"tags":[],"class_list":["post-67119","post","type-post","status-publish","format-standard","has-post-thumbnail","hentry","category-tribuna-libre"],"yoast_head":"<!-- This site is optimized with the Yoast SEO plugin v27.5 - https:\/\/yoast.com\/product\/yoast-seo-wordpress\/ -->\n<title>M\u00e9s llars llogateres per\u00f2 menys contractes: les pr\u00f2rrogues per esquivar la regulaci\u00f3 de lloguers - Revista Rambla<\/title>\n<meta name=\"robots\" content=\"index, follow, max-snippet:-1, max-image-preview:large, max-video-preview:-1\" \/>\n<link rel=\"canonical\" href=\"https:\/\/www.revistarambla.com\/en\/mes-llars-llogateres-pero-menys-contractes-les-prorrogues-per-esquivar-la-regulacio-de-lloguers\/\" \/>\n<meta property=\"og:locale\" content=\"en_GB\" \/>\n<meta property=\"og:type\" content=\"article\" \/>\n<meta property=\"og:title\" content=\"M\u00e9s llars llogateres per\u00f2 menys contractes: les pr\u00f2rrogues per esquivar la regulaci\u00f3 de lloguers - Revista Rambla\" \/>\n<meta property=\"og:description\" content=\"L&#039;Incas\u00f2l ha publicat les dades dels lloguers del II trimestre del 2025\" \/>\n<meta property=\"og:url\" content=\"https:\/\/www.revistarambla.com\/en\/mes-llars-llogateres-pero-menys-contractes-les-prorrogues-per-esquivar-la-regulacio-de-lloguers\/\" \/>\n<meta property=\"og:site_name\" content=\"Revista Rambla\" \/>\n<meta property=\"article:publisher\" content=\"https:\/\/www.facebook.com\/revistarambla\/\" \/>\n<meta property=\"article:author\" content=\"https:\/\/www.facebook.com\/SindicatLloguer\/\" \/>\n<meta property=\"article:published_time\" content=\"2025-11-06T18:31:44+00:00\" \/>\n<meta property=\"og:image\" content=\"https:\/\/www.revistarambla.com\/wp-content\/uploads\/2023\/04\/bbva-desahucios-protesta-llogateres-revista-rambla.jpg\" \/>\n\t<meta property=\"og:image:width\" content=\"1920\" \/>\n\t<meta property=\"og:image:height\" content=\"1440\" \/>\n\t<meta property=\"og:image:type\" content=\"image\/jpeg\" \/>\n<meta name=\"author\" content=\"Sindicat de Llogateres\" \/>\n<meta name=\"twitter:card\" content=\"summary_large_image\" \/>\n<meta name=\"twitter:creator\" content=\"@sindicatlloguer\" \/>\n<meta name=\"twitter:site\" content=\"@revistarambla\" \/>\n<meta name=\"twitter:label1\" content=\"Written by\" \/>\n\t<meta name=\"twitter:data1\" content=\"Sindicat de Llogateres\" \/>\n\t<meta name=\"twitter:label2\" content=\"Estimated reading time\" \/>\n\t<meta name=\"twitter:data2\" content=\"5 minutes\" \/>\n<script type=\"application\/ld+json\" class=\"yoast-schema-graph\">{\"@context\":\"https:\\\/\\\/schema.org\",\"@graph\":[{\"@type\":\"Article\",\"@id\":\"https:\\\/\\\/www.revistarambla.com\\\/mes-llars-llogateres-pero-menys-contractes-les-prorrogues-per-esquivar-la-regulacio-de-lloguers\\\/#article\",\"isPartOf\":{\"@id\":\"https:\\\/\\\/www.revistarambla.com\\\/mes-llars-llogateres-pero-menys-contractes-les-prorrogues-per-esquivar-la-regulacio-de-lloguers\\\/\"},\"author\":{\"name\":\"Sindicat de Llogateres\",\"@id\":\"https:\\\/\\\/www.revistarambla.com\\\/#\\\/schema\\\/person\\\/cdb47f1b20cae4529e0d80b9b620ee26\"},\"headline\":\"M\u00e9s llars llogateres per\u00f2 menys contractes: les pr\u00f2rrogues per esquivar la regulaci\u00f3 de lloguers\",\"datePublished\":\"2025-11-06T18:31:44+00:00\",\"mainEntityOfPage\":{\"@id\":\"https:\\\/\\\/www.revistarambla.com\\\/mes-llars-llogateres-pero-menys-contractes-les-prorrogues-per-esquivar-la-regulacio-de-lloguers\\\/\"},\"wordCount\":944,\"publisher\":{\"@id\":\"https:\\\/\\\/www.revistarambla.com\\\/#organization\"},\"image\":{\"@id\":\"https:\\\/\\\/www.revistarambla.com\\\/mes-llars-llogateres-pero-menys-contractes-les-prorrogues-per-esquivar-la-regulacio-de-lloguers\\\/#primaryimage\"},\"thumbnailUrl\":\"https:\\\/\\\/www.revistarambla.com\\\/wp-content\\\/uploads\\\/2023\\\/04\\\/bbva-desahucios-protesta-llogateres-revista-rambla.jpg\",\"articleSection\":[\"Tribuna Libre\"],\"inLanguage\":\"en-GB\"},{\"@type\":\"WebPage\",\"@id\":\"https:\\\/\\\/www.revistarambla.com\\\/mes-llars-llogateres-pero-menys-contractes-les-prorrogues-per-esquivar-la-regulacio-de-lloguers\\\/\",\"url\":\"https:\\\/\\\/www.revistarambla.com\\\/mes-llars-llogateres-pero-menys-contractes-les-prorrogues-per-esquivar-la-regulacio-de-lloguers\\\/\",\"name\":\"M\u00e9s llars llogateres per\u00f2 menys contractes: les pr\u00f2rrogues per esquivar la regulaci\u00f3 de lloguers - Revista Rambla\",\"isPartOf\":{\"@id\":\"https:\\\/\\\/www.revistarambla.com\\\/#website\"},\"primaryImageOfPage\":{\"@id\":\"https:\\\/\\\/www.revistarambla.com\\\/mes-llars-llogateres-pero-menys-contractes-les-prorrogues-per-esquivar-la-regulacio-de-lloguers\\\/#primaryimage\"},\"image\":{\"@id\":\"https:\\\/\\\/www.revistarambla.com\\\/mes-llars-llogateres-pero-menys-contractes-les-prorrogues-per-esquivar-la-regulacio-de-lloguers\\\/#primaryimage\"},\"thumbnailUrl\":\"https:\\\/\\\/www.revistarambla.com\\\/wp-content\\\/uploads\\\/2023\\\/04\\\/bbva-desahucios-protesta-llogateres-revista-rambla.jpg\",\"datePublished\":\"2025-11-06T18:31:44+00:00\",\"breadcrumb\":{\"@id\":\"https:\\\/\\\/www.revistarambla.com\\\/mes-llars-llogateres-pero-menys-contractes-les-prorrogues-per-esquivar-la-regulacio-de-lloguers\\\/#breadcrumb\"},\"inLanguage\":\"en-GB\",\"potentialAction\":[{\"@type\":\"ReadAction\",\"target\":[\"https:\\\/\\\/www.revistarambla.com\\\/mes-llars-llogateres-pero-menys-contractes-les-prorrogues-per-esquivar-la-regulacio-de-lloguers\\\/\"]}]},{\"@type\":\"ImageObject\",\"inLanguage\":\"en-GB\",\"@id\":\"https:\\\/\\\/www.revistarambla.com\\\/mes-llars-llogateres-pero-menys-contractes-les-prorrogues-per-esquivar-la-regulacio-de-lloguers\\\/#primaryimage\",\"url\":\"https:\\\/\\\/www.revistarambla.com\\\/wp-content\\\/uploads\\\/2023\\\/04\\\/bbva-desahucios-protesta-llogateres-revista-rambla.jpg\",\"contentUrl\":\"https:\\\/\\\/www.revistarambla.com\\\/wp-content\\\/uploads\\\/2023\\\/04\\\/bbva-desahucios-protesta-llogateres-revista-rambla.jpg\",\"width\":1920,\"height\":1440},{\"@type\":\"BreadcrumbList\",\"@id\":\"https:\\\/\\\/www.revistarambla.com\\\/mes-llars-llogateres-pero-menys-contractes-les-prorrogues-per-esquivar-la-regulacio-de-lloguers\\\/#breadcrumb\",\"itemListElement\":[{\"@type\":\"ListItem\",\"position\":1,\"name\":\"Portada\",\"item\":\"https:\\\/\\\/www.revistarambla.com\\\/\"},{\"@type\":\"ListItem\",\"position\":2,\"name\":\"M\u00e9s llars llogateres per\u00f2 menys contractes: les pr\u00f2rrogues per esquivar la regulaci\u00f3 de lloguers\"}]},{\"@type\":\"WebSite\",\"@id\":\"https:\\\/\\\/www.revistarambla.com\\\/#website\",\"url\":\"https:\\\/\\\/www.revistarambla.com\\\/\",\"name\":\"Revista Rambla Barcelona\",\"description\":\"Periodismo independiente\",\"publisher\":{\"@id\":\"https:\\\/\\\/www.revistarambla.com\\\/#organization\"},\"potentialAction\":[{\"@type\":\"SearchAction\",\"target\":{\"@type\":\"EntryPoint\",\"urlTemplate\":\"https:\\\/\\\/www.revistarambla.com\\\/?s={search_term_string}\"},\"query-input\":{\"@type\":\"PropertyValueSpecification\",\"valueRequired\":true,\"valueName\":\"search_term_string\"}}],\"inLanguage\":\"en-GB\"},{\"@type\":\"Organization\",\"@id\":\"https:\\\/\\\/www.revistarambla.com\\\/#organization\",\"name\":\"Revista Rambla\",\"url\":\"https:\\\/\\\/www.revistarambla.com\\\/\",\"logo\":{\"@type\":\"ImageObject\",\"inLanguage\":\"en-GB\",\"@id\":\"https:\\\/\\\/www.revistarambla.com\\\/#\\\/schema\\\/logo\\\/image\\\/\",\"url\":\"https:\\\/\\\/www.revistarambla.com\\\/wp-content\\\/uploads\\\/2020\\\/09\\\/banner_rambla_1900x600_BB.png\",\"contentUrl\":\"https:\\\/\\\/www.revistarambla.com\\\/wp-content\\\/uploads\\\/2020\\\/09\\\/banner_rambla_1900x600_BB.png\",\"width\":1900,\"height\":600,\"caption\":\"Revista Rambla\"},\"image\":{\"@id\":\"https:\\\/\\\/www.revistarambla.com\\\/#\\\/schema\\\/logo\\\/image\\\/\"},\"sameAs\":[\"https:\\\/\\\/www.facebook.com\\\/revistarambla\\\/\",\"https:\\\/\\\/x.com\\\/revistarambla\",\"https:\\\/\\\/www.instagram.com\\\/revista_rambla\",\"https:\\\/\\\/es.linkedin.com\\\/company\\\/revista-rambla\"]},{\"@type\":\"Person\",\"@id\":\"https:\\\/\\\/www.revistarambla.com\\\/#\\\/schema\\\/person\\\/cdb47f1b20cae4529e0d80b9b620ee26\",\"name\":\"Sindicat de Llogateres\",\"description\":\"Protegim el dret a l'habitatge. Millorem la vida de la gent. Ajuda'ns a seguir canviant les coses i suma-t'hi.\",\"sameAs\":[\"http:\\\/\\\/sindicatdellogateres.org\\\/\",\"https:\\\/\\\/www.facebook.com\\\/SindicatLloguer\\\/\",\"https:\\\/\\\/x.com\\\/sindicatlloguer\"]}]}<\/script>\n<!-- \/ Yoast SEO plugin. -->","yoast_head_json":{"title":"M\u00e9s llars llogateres per\u00f2 menys contractes: les pr\u00f2rrogues per esquivar la regulaci\u00f3 de lloguers - Revista Rambla","robots":{"index":"index","follow":"follow","max-snippet":"max-snippet:-1","max-image-preview":"max-image-preview:large","max-video-preview":"max-video-preview:-1"},"canonical":"https:\/\/www.revistarambla.com\/en\/mes-llars-llogateres-pero-menys-contractes-les-prorrogues-per-esquivar-la-regulacio-de-lloguers\/","og_locale":"en_GB","og_type":"article","og_title":"M\u00e9s llars llogateres per\u00f2 menys contractes: les pr\u00f2rrogues per esquivar la regulaci\u00f3 de lloguers - Revista Rambla","og_description":"L'Incas\u00f2l ha publicat les dades dels lloguers del II trimestre del 2025","og_url":"https:\/\/www.revistarambla.com\/en\/mes-llars-llogateres-pero-menys-contractes-les-prorrogues-per-esquivar-la-regulacio-de-lloguers\/","og_site_name":"Revista Rambla","article_publisher":"https:\/\/www.facebook.com\/revistarambla\/","article_author":"https:\/\/www.facebook.com\/SindicatLloguer\/","article_published_time":"2025-11-06T18:31:44+00:00","og_image":[{"width":1920,"height":1440,"url":"https:\/\/www.revistarambla.com\/wp-content\/uploads\/2023\/04\/bbva-desahucios-protesta-llogateres-revista-rambla.jpg","type":"image\/jpeg"}],"author":"Sindicat de Llogateres","twitter_card":"summary_large_image","twitter_creator":"@sindicatlloguer","twitter_site":"@revistarambla","twitter_misc":{"Written by":"Sindicat de Llogateres","Estimated reading time":"5 minutes"},"schema":{"@context":"https:\/\/schema.org","@graph":[{"@type":"Article","@id":"https:\/\/www.revistarambla.com\/mes-llars-llogateres-pero-menys-contractes-les-prorrogues-per-esquivar-la-regulacio-de-lloguers\/#article","isPartOf":{"@id":"https:\/\/www.revistarambla.com\/mes-llars-llogateres-pero-menys-contractes-les-prorrogues-per-esquivar-la-regulacio-de-lloguers\/"},"author":{"name":"Sindicat de Llogateres","@id":"https:\/\/www.revistarambla.com\/#\/schema\/person\/cdb47f1b20cae4529e0d80b9b620ee26"},"headline":"M\u00e9s llars llogateres per\u00f2 menys contractes: les pr\u00f2rrogues per esquivar la regulaci\u00f3 de lloguers","datePublished":"2025-11-06T18:31:44+00:00","mainEntityOfPage":{"@id":"https:\/\/www.revistarambla.com\/mes-llars-llogateres-pero-menys-contractes-les-prorrogues-per-esquivar-la-regulacio-de-lloguers\/"},"wordCount":944,"publisher":{"@id":"https:\/\/www.revistarambla.com\/#organization"},"image":{"@id":"https:\/\/www.revistarambla.com\/mes-llars-llogateres-pero-menys-contractes-les-prorrogues-per-esquivar-la-regulacio-de-lloguers\/#primaryimage"},"thumbnailUrl":"https:\/\/www.revistarambla.com\/wp-content\/uploads\/2023\/04\/bbva-desahucios-protesta-llogateres-revista-rambla.jpg","articleSection":["Tribuna Libre"],"inLanguage":"en-GB"},{"@type":"WebPage","@id":"https:\/\/www.revistarambla.com\/mes-llars-llogateres-pero-menys-contractes-les-prorrogues-per-esquivar-la-regulacio-de-lloguers\/","url":"https:\/\/www.revistarambla.com\/mes-llars-llogateres-pero-menys-contractes-les-prorrogues-per-esquivar-la-regulacio-de-lloguers\/","name":"M\u00e9s llars llogateres per\u00f2 menys contractes: les pr\u00f2rrogues per esquivar la regulaci\u00f3 de lloguers - Revista Rambla","isPartOf":{"@id":"https:\/\/www.revistarambla.com\/#website"},"primaryImageOfPage":{"@id":"https:\/\/www.revistarambla.com\/mes-llars-llogateres-pero-menys-contractes-les-prorrogues-per-esquivar-la-regulacio-de-lloguers\/#primaryimage"},"image":{"@id":"https:\/\/www.revistarambla.com\/mes-llars-llogateres-pero-menys-contractes-les-prorrogues-per-esquivar-la-regulacio-de-lloguers\/#primaryimage"},"thumbnailUrl":"https:\/\/www.revistarambla.com\/wp-content\/uploads\/2023\/04\/bbva-desahucios-protesta-llogateres-revista-rambla.jpg","datePublished":"2025-11-06T18:31:44+00:00","breadcrumb":{"@id":"https:\/\/www.revistarambla.com\/mes-llars-llogateres-pero-menys-contractes-les-prorrogues-per-esquivar-la-regulacio-de-lloguers\/#breadcrumb"},"inLanguage":"en-GB","potentialAction":[{"@type":"ReadAction","target":["https:\/\/www.revistarambla.com\/mes-llars-llogateres-pero-menys-contractes-les-prorrogues-per-esquivar-la-regulacio-de-lloguers\/"]}]},{"@type":"ImageObject","inLanguage":"en-GB","@id":"https:\/\/www.revistarambla.com\/mes-llars-llogateres-pero-menys-contractes-les-prorrogues-per-esquivar-la-regulacio-de-lloguers\/#primaryimage","url":"https:\/\/www.revistarambla.com\/wp-content\/uploads\/2023\/04\/bbva-desahucios-protesta-llogateres-revista-rambla.jpg","contentUrl":"https:\/\/www.revistarambla.com\/wp-content\/uploads\/2023\/04\/bbva-desahucios-protesta-llogateres-revista-rambla.jpg","width":1920,"height":1440},{"@type":"BreadcrumbList","@id":"https:\/\/www.revistarambla.com\/mes-llars-llogateres-pero-menys-contractes-les-prorrogues-per-esquivar-la-regulacio-de-lloguers\/#breadcrumb","itemListElement":[{"@type":"ListItem","position":1,"name":"Portada","item":"https:\/\/www.revistarambla.com\/"},{"@type":"ListItem","position":2,"name":"M\u00e9s llars llogateres per\u00f2 menys contractes: les pr\u00f2rrogues per esquivar la regulaci\u00f3 de lloguers"}]},{"@type":"WebSite","@id":"https:\/\/www.revistarambla.com\/#website","url":"https:\/\/www.revistarambla.com\/","name":"Revista Rambla Barcelona","description":"Periodismo independiente","publisher":{"@id":"https:\/\/www.revistarambla.com\/#organization"},"potentialAction":[{"@type":"SearchAction","target":{"@type":"EntryPoint","urlTemplate":"https:\/\/www.revistarambla.com\/?s={search_term_string}"},"query-input":{"@type":"PropertyValueSpecification","valueRequired":true,"valueName":"search_term_string"}}],"inLanguage":"en-GB"},{"@type":"Organization","@id":"https:\/\/www.revistarambla.com\/#organization","name":"Revista Rambla","url":"https:\/\/www.revistarambla.com\/","logo":{"@type":"ImageObject","inLanguage":"en-GB","@id":"https:\/\/www.revistarambla.com\/#\/schema\/logo\/image\/","url":"https:\/\/www.revistarambla.com\/wp-content\/uploads\/2020\/09\/banner_rambla_1900x600_BB.png","contentUrl":"https:\/\/www.revistarambla.com\/wp-content\/uploads\/2020\/09\/banner_rambla_1900x600_BB.png","width":1900,"height":600,"caption":"Revista Rambla"},"image":{"@id":"https:\/\/www.revistarambla.com\/#\/schema\/logo\/image\/"},"sameAs":["https:\/\/www.facebook.com\/revistarambla\/","https:\/\/x.com\/revistarambla","https:\/\/www.instagram.com\/revista_rambla","https:\/\/es.linkedin.com\/company\/revista-rambla"]},{"@type":"Person","@id":"https:\/\/www.revistarambla.com\/#\/schema\/person\/cdb47f1b20cae4529e0d80b9b620ee26","name":"Sindicat de Llogateres","description":"Protegim el dret a l'habitatge. Millorem la vida de la gent. Ajuda'ns a seguir canviant les coses i suma-t'hi.","sameAs":["http:\/\/sindicatdellogateres.org\/","https:\/\/www.facebook.com\/SindicatLloguer\/","https:\/\/x.com\/sindicatlloguer"]}]}},"_links":{"self":[{"href":"https:\/\/www.revistarambla.com\/en\/wp-json\/wp\/v2\/posts\/67119","targetHints":{"allow":["GET"]}}],"collection":[{"href":"https:\/\/www.revistarambla.com\/en\/wp-json\/wp\/v2\/posts"}],"about":[{"href":"https:\/\/www.revistarambla.com\/en\/wp-json\/wp\/v2\/types\/post"}],"author":[{"embeddable":true,"href":"https:\/\/www.revistarambla.com\/en\/wp-json\/wp\/v2\/users\/328"}],"replies":[{"embeddable":true,"href":"https:\/\/www.revistarambla.com\/en\/wp-json\/wp\/v2\/comments?post=67119"}],"version-history":[{"count":1,"href":"https:\/\/www.revistarambla.com\/en\/wp-json\/wp\/v2\/posts\/67119\/revisions"}],"predecessor-version":[{"id":67120,"href":"https:\/\/www.revistarambla.com\/en\/wp-json\/wp\/v2\/posts\/67119\/revisions\/67120"}],"wp:featuredmedia":[{"embeddable":true,"href":"https:\/\/www.revistarambla.com\/en\/wp-json\/wp\/v2\/media\/54492"}],"wp:attachment":[{"href":"https:\/\/www.revistarambla.com\/en\/wp-json\/wp\/v2\/media?parent=67119"}],"wp:term":[{"taxonomy":"category","embeddable":true,"href":"https:\/\/www.revistarambla.com\/en\/wp-json\/wp\/v2\/categories?post=67119"},{"taxonomy":"post_tag","embeddable":true,"href":"https:\/\/www.revistarambla.com\/en\/wp-json\/wp\/v2\/tags?post=67119"}],"curies":[{"name":"wp","href":"https:\/\/api.w.org\/{rel}","templated":true}]}}