{"id":67113,"date":"2025-11-06T18:52:32","date_gmt":"2025-11-06T17:52:32","guid":{"rendered":"https:\/\/www.revistarambla.com\/?p=67113"},"modified":"2025-11-06T18:52:32","modified_gmt":"2025-11-06T17:52:32","slug":"leopoldo-arnaiz-promueve-el-uso-de-inteligencia-artificial-para-planificar-ciudades-mas-habitables","status":"publish","type":"post","link":"https:\/\/www.revistarambla.com\/en\/leopoldo-arnaiz-promueve-el-uso-de-inteligencia-artificial-para-planificar-ciudades-mas-habitables\/","title":{"rendered":"Leopoldo Arnaiz promueve el uso de inteligencia artificial para planificar ciudades m\u00e1s habitables"},"content":{"rendered":"<p>La <b>inteligencia artificial (IA)<\/b> y los <b>gemelos digitales<\/b>est\u00e1n transformando la manera en que se planifican y gestionan las <b>ciudades<\/b>. Estas tecnolog\u00edas permiten anticipar los efectos de las decisiones urban\u00edsticas, mejorar la eficiencia y dise\u00f1ar entornos m\u00e1s sostenibles. Pero tambi\u00e9n plantean retos importantes: falta de coordinaci\u00f3n entre administraciones, dificultad para compartir datos y una normativa que a\u00fan no se adapta a la velocidad del cambio. En esta entrevista, <b>Leopoldo Arnaiz Eguren<\/b>, presidente de <b>Arnaiz<\/b>, analiza el impacto de la IA en el futuro del <b>urbanismo<\/b> y su papel en la creaci\u00f3n de <b>espacios<\/b> <b>sostenibles<\/b>, <a href=\"https:\/\/www.idealista.com\/news\/inmobiliario\/empresas\/2025\/02\/03\/830103-cinco-decadas-de-arnaiz-en-el-urbanismo-un-analisis-de-su-impacto-en-el-sector\"><b>eficientes<\/b> <\/a>y <b>habitables<\/b>.<\/p>\n<p><b>\u00bfPor qu\u00e9 es necesario repensar la forma en que planificamos nuestras ciudades y territorios?<\/b><\/p>\n<p>El territorio humanizado es un sistema complejo donde cualquier acci\u00f3n puede tener consecuencias inesperadas. Por eso, es esencial contar con un an\u00e1lisis global que garantice un uso racional de los <b>espacios<\/b>, tomando en cuenta factores como el medio ambiente, la topograf\u00eda y las infraestructuras.<\/p>\n<p>Desde <b>Arnaiz<\/b>, consideramos que una planificaci\u00f3n bien estructurada simplifica la gesti\u00f3n, reduce costes y mejora la calidad de vida. No obstante, el modelo actual, fragmentado entre diferentes administraciones, dificulta la coordinaci\u00f3n. Es momento de revisar este esquema mediante reformas legales o con el apoyo de la tecnolog\u00eda, que puede ayudar a optimizar procesos y reforzar la resiliencia frente al cambio clim\u00e1tico.<\/p>\n<p><b>\u00bfQu\u00e9 papel juega la inteligencia artificial en este proceso de cambio?<\/b><\/p>\n<p>La <b>IA<\/b> y los <b>gemelos digitales<\/b>permiten prever los resultados de los <b>desarrollos urban\u00edsticos<\/b>antes de ejecutarlos. Estas herramientas facilitan la simulaci\u00f3n de escenarios y la evaluaci\u00f3n de impactos, ayudando a los planificadores a tomar decisiones basadas en datos reales.<\/p>\n<p>Uno de los mayores retos es la falta de cooperaci\u00f3n entre las entidades que generan y gestionan los datos. A menudo resulta m\u00e1s f\u00e1cil crear una base de datos desde cero que aprovechar la informaci\u00f3n ya existente. La <b>inteligencia artificial<\/b> puede resolver ese problema al integrar las distintas fuentes y ofrecer una visi\u00f3n unificada del territorio.<\/p>\n<p>Los gemelos digitales, adem\u00e1s, permiten representar una <b>ciudad<\/b>como un sistema vivo, donde se modelan variables como la movilidad, el consumo energ\u00e9tico o la densidad de <b>viviendas<\/b>. De esta forma, es posible planificar <b>espacios<\/b> urbanos m\u00e1s adaptados a las necesidades reales de la poblaci\u00f3n.<\/p>\n<p><b>\u00bfQu\u00e9 tipos de inteligencia artificial se est\u00e1n utilizando actualmente en el \u00e1mbito urbano?<\/b><\/p>\n<p>Los proyectos <b>Smart City<\/b>, impulsados por los fondos <b>Next Generation<\/b>, aplican IA generativa para analizar grandes cantidades de informaci\u00f3n y mejorar la eficiencia en la gesti\u00f3n de servicios urbanos. No obstante, el gran salto se producir\u00e1 cuando la automatizaci\u00f3n se utilice para supervisar los cambios territoriales y evaluar la viabilidad de las propuestas en tiempo real.<\/p>\n<p>El <b>Ayuntamiento de Madrid<\/b> est\u00e1 desarrollando un sistema basado en IA que revisa autom\u00e1ticamente si los proyectos BIM cumplen la normativa urban\u00edstica. Adem\u00e1s, la <b>inteligencia artificial<\/b>se emplea para optimizar el tr\u00e1fico urbano, analizando patrones de movilidad, ajustando sem\u00e1foros y mejorando la seguridad vial.<\/p>\n<p><b>\u00bfQu\u00e9 diferencia existe entre la IA y las herramientas tradicionales del urbanismo?<\/b><\/p>\n<p>El <b>urbanismo<\/b> siempre ha sido una disciplina de an\u00e1lisis, pero las herramientas actuales multiplican su alcance. Los programas <b>CAD<\/b> y <b>GIS<\/b>modernizaron la representaci\u00f3n de los planes, mientras que la <b>IA<\/b>introduce la capacidad de predicci\u00f3n, permitiendo anticipar los resultados de las decisiones antes de que se materialicen.<\/p>\n<p>A pesar de los avances, la digitalizaci\u00f3n completa de los planes urban\u00edsticos todav\u00eda requiere respaldo legal. Un paso relevante en esa direcci\u00f3n fue el <b>Programa de Urbanismo en Red<\/b>, desarrollado por <b>Arnaiz<\/b> junto a Red.es, que permiti\u00f3 unificar los criterios de gesti\u00f3n territorial. La <b>inteligencia artificial<\/b>representa la siguiente fase: automatizar procesos, mejorar la precisi\u00f3n y aumentar la agilidad en la planificaci\u00f3n.<\/p>\n<p><b>\u00bfQu\u00e9 ciudades est\u00e1n aplicando la IA con \u00e9xito?<\/b><\/p>\n<p>En <b>Estocolmo<\/b>, la IA ajusta los sem\u00e1foros seg\u00fan la densidad del tr\u00e1fico, reduciendo la congesti\u00f3n. En <b>Barcelona<\/b>, la <b>inteligencia artificial<\/b> se integra en el modelo de <b>Smart City<\/b>, fomentando la participaci\u00f3n ciudadana mediante plataformas donde los vecinos pueden informar sobre incidencias en el <b>espacio<\/b>p\u00fablico.<\/p>\n<p>En <b>Singapur<\/b>, la IA se ha convertido en un pilar de la gesti\u00f3n urbana. Su plataforma combina datos de tr\u00e1fico, clima e infraestructuras, lo que ha permitido una planificaci\u00f3n m\u00e1s <b>eficiente<\/b> y un crecimiento sostenible.<\/p>\n<p><b>\u00bfQu\u00e9 riesgos conlleva dejar decisiones en manos de algoritmos?<\/b><\/p>\n<p>Toda automatizaci\u00f3n implica riesgos, pero no innovar tambi\u00e9n los tiene. En el \u00e1mbito urbano, las decisiones se adoptan a largo plazo y con participaci\u00f3n ciudadana. En este contexto, la <b>IA<\/b> debe entenderse como una herramienta de apoyo t\u00e9cnico que mejora la precisi\u00f3n y agiliza la gesti\u00f3n, sin sustituir la reflexi\u00f3n humana ni el consenso pol\u00edtico.<\/p>\n<p><b>\u00bfC\u00f3mo imagina el futuro del urbanismo apoyado en la inteligencia artificial?<\/b><\/p>\n<p>Para <b>Leopoldo Arnaiz<\/b>, el futuro del <b>urbanismo<\/b> ser\u00e1 colaborativo, digital y orientado a los datos. La <b>IA<\/b> conectar\u00e1 los sistemas territoriales con los cambios reales del entorno, fomentando la cooperaci\u00f3n entre administraciones, empresas y ciudadan\u00eda. El resultado ser\u00e1n <b>espacios<\/b> y <b>viviendas<\/b> <b>sostenibles<\/b>, <b>eficientes<\/b>y <b>habitables<\/b>, en <b>ciudades<\/b> capaces de anticiparse a los desaf\u00edos del siglo XXI y mejorar la calidad de vida de sus habitantes.<\/p>","protected":false},"excerpt":{"rendered":"<p>Entrevista con Leopoldo Arnaiz Eguren, presidente de Arnaiz, firma internacional especializada en urbanismo y desarrollo inmobiliario<\/p>","protected":false},"author":3,"featured_media":67114,"comment_status":"closed","ping_status":"closed","sticky":false,"template":"","format":"standard","meta":{"footnotes":""},"categories":[350],"tags":[],"class_list":["post-67113","post","type-post","status-publish","format-standard","has-post-thumbnail","hentry","category-miscelanea"],"yoast_head":"<!-- This site is optimized with the Yoast SEO plugin v27.5 - https:\/\/yoast.com\/product\/yoast-seo-wordpress\/ -->\n<title>Leopoldo Arnaiz promueve el uso de inteligencia artificial para planificar ciudades m\u00e1s habitables - Revista Rambla<\/title>\n<meta name=\"robots\" content=\"index, follow, max-snippet:-1, max-image-preview:large, max-video-preview:-1\" \/>\n<link rel=\"canonical\" href=\"https:\/\/www.revistarambla.com\/en\/leopoldo-arnaiz-promueve-el-uso-de-inteligencia-artificial-para-planificar-ciudades-mas-habitables\/\" \/>\n<meta property=\"og:locale\" content=\"en_GB\" \/>\n<meta property=\"og:type\" content=\"article\" \/>\n<meta property=\"og:title\" content=\"Leopoldo Arnaiz promueve el uso de inteligencia artificial para planificar ciudades m\u00e1s habitables - Revista Rambla\" \/>\n<meta property=\"og:description\" content=\"Entrevista con Leopoldo Arnaiz Eguren, presidente de Arnaiz, firma internacional especializada en urbanismo y desarrollo inmobiliario\" \/>\n<meta property=\"og:url\" content=\"https:\/\/www.revistarambla.com\/en\/leopoldo-arnaiz-promueve-el-uso-de-inteligencia-artificial-para-planificar-ciudades-mas-habitables\/\" \/>\n<meta property=\"og:site_name\" content=\"Revista Rambla\" \/>\n<meta property=\"article:publisher\" content=\"https:\/\/www.facebook.com\/revistarambla\/\" \/>\n<meta property=\"article:author\" content=\"https:\/\/www.facebook.com\/revistarambla\" \/>\n<meta property=\"article:published_time\" content=\"2025-11-06T17:52:32+00:00\" \/>\n<meta property=\"og:image\" content=\"https:\/\/www.revistarambla.com\/wp-content\/uploads\/2025\/11\/phpHieOhh690b45eb5bec5.jpg\" \/>\n\t<meta property=\"og:image:width\" content=\"1920\" \/>\n\t<meta property=\"og:image:height\" content=\"1283\" \/>\n\t<meta property=\"og:image:type\" content=\"image\/jpeg\" \/>\n<meta name=\"author\" content=\"R@mbla\" \/>\n<meta name=\"twitter:card\" content=\"summary_large_image\" \/>\n<meta name=\"twitter:creator\" content=\"@revistarambla\" \/>\n<meta name=\"twitter:site\" content=\"@revistarambla\" \/>\n<meta name=\"twitter:label1\" content=\"Written by\" \/>\n\t<meta name=\"twitter:data1\" content=\"R@mbla\" \/>\n\t<meta name=\"twitter:label2\" content=\"Estimated reading time\" \/>\n\t<meta name=\"twitter:data2\" content=\"5 minutes\" \/>\n<script type=\"application\/ld+json\" class=\"yoast-schema-graph\">{\"@context\":\"https:\\\/\\\/schema.org\",\"@graph\":[{\"@type\":\"Article\",\"@id\":\"https:\\\/\\\/www.revistarambla.com\\\/leopoldo-arnaiz-promueve-el-uso-de-inteligencia-artificial-para-planificar-ciudades-mas-habitables\\\/#article\",\"isPartOf\":{\"@id\":\"https:\\\/\\\/www.revistarambla.com\\\/leopoldo-arnaiz-promueve-el-uso-de-inteligencia-artificial-para-planificar-ciudades-mas-habitables\\\/\"},\"author\":{\"name\":\"R@mbla\",\"@id\":\"https:\\\/\\\/www.revistarambla.com\\\/#\\\/schema\\\/person\\\/a146a5a2550b94981a75131180e1bd9c\"},\"headline\":\"Leopoldo Arnaiz promueve el uso de inteligencia artificial para planificar ciudades m\u00e1s habitables\",\"datePublished\":\"2025-11-06T17:52:32+00:00\",\"mainEntityOfPage\":{\"@id\":\"https:\\\/\\\/www.revistarambla.com\\\/leopoldo-arnaiz-promueve-el-uso-de-inteligencia-artificial-para-planificar-ciudades-mas-habitables\\\/\"},\"wordCount\":907,\"publisher\":{\"@id\":\"https:\\\/\\\/www.revistarambla.com\\\/#organization\"},\"image\":{\"@id\":\"https:\\\/\\\/www.revistarambla.com\\\/leopoldo-arnaiz-promueve-el-uso-de-inteligencia-artificial-para-planificar-ciudades-mas-habitables\\\/#primaryimage\"},\"thumbnailUrl\":\"https:\\\/\\\/www.revistarambla.com\\\/wp-content\\\/uploads\\\/2025\\\/11\\\/phpHieOhh690b45eb5bec5.jpg\",\"articleSection\":[\"Noticias de la vida\"],\"inLanguage\":\"en-GB\"},{\"@type\":\"WebPage\",\"@id\":\"https:\\\/\\\/www.revistarambla.com\\\/leopoldo-arnaiz-promueve-el-uso-de-inteligencia-artificial-para-planificar-ciudades-mas-habitables\\\/\",\"url\":\"https:\\\/\\\/www.revistarambla.com\\\/leopoldo-arnaiz-promueve-el-uso-de-inteligencia-artificial-para-planificar-ciudades-mas-habitables\\\/\",\"name\":\"Leopoldo Arnaiz promueve el uso de inteligencia artificial para planificar ciudades m\u00e1s habitables - Revista Rambla\",\"isPartOf\":{\"@id\":\"https:\\\/\\\/www.revistarambla.com\\\/#website\"},\"primaryImageOfPage\":{\"@id\":\"https:\\\/\\\/www.revistarambla.com\\\/leopoldo-arnaiz-promueve-el-uso-de-inteligencia-artificial-para-planificar-ciudades-mas-habitables\\\/#primaryimage\"},\"image\":{\"@id\":\"https:\\\/\\\/www.revistarambla.com\\\/leopoldo-arnaiz-promueve-el-uso-de-inteligencia-artificial-para-planificar-ciudades-mas-habitables\\\/#primaryimage\"},\"thumbnailUrl\":\"https:\\\/\\\/www.revistarambla.com\\\/wp-content\\\/uploads\\\/2025\\\/11\\\/phpHieOhh690b45eb5bec5.jpg\",\"datePublished\":\"2025-11-06T17:52:32+00:00\",\"breadcrumb\":{\"@id\":\"https:\\\/\\\/www.revistarambla.com\\\/leopoldo-arnaiz-promueve-el-uso-de-inteligencia-artificial-para-planificar-ciudades-mas-habitables\\\/#breadcrumb\"},\"inLanguage\":\"en-GB\",\"potentialAction\":[{\"@type\":\"ReadAction\",\"target\":[\"https:\\\/\\\/www.revistarambla.com\\\/leopoldo-arnaiz-promueve-el-uso-de-inteligencia-artificial-para-planificar-ciudades-mas-habitables\\\/\"]}]},{\"@type\":\"ImageObject\",\"inLanguage\":\"en-GB\",\"@id\":\"https:\\\/\\\/www.revistarambla.com\\\/leopoldo-arnaiz-promueve-el-uso-de-inteligencia-artificial-para-planificar-ciudades-mas-habitables\\\/#primaryimage\",\"url\":\"https:\\\/\\\/www.revistarambla.com\\\/wp-content\\\/uploads\\\/2025\\\/11\\\/phpHieOhh690b45eb5bec5.jpg\",\"contentUrl\":\"https:\\\/\\\/www.revistarambla.com\\\/wp-content\\\/uploads\\\/2025\\\/11\\\/phpHieOhh690b45eb5bec5.jpg\",\"width\":1920,\"height\":1283,\"caption\":\"Arnaiz\"},{\"@type\":\"BreadcrumbList\",\"@id\":\"https:\\\/\\\/www.revistarambla.com\\\/leopoldo-arnaiz-promueve-el-uso-de-inteligencia-artificial-para-planificar-ciudades-mas-habitables\\\/#breadcrumb\",\"itemListElement\":[{\"@type\":\"ListItem\",\"position\":1,\"name\":\"Portada\",\"item\":\"https:\\\/\\\/www.revistarambla.com\\\/\"},{\"@type\":\"ListItem\",\"position\":2,\"name\":\"Leopoldo Arnaiz promueve el uso de inteligencia artificial para planificar ciudades m\u00e1s habitables\"}]},{\"@type\":\"WebSite\",\"@id\":\"https:\\\/\\\/www.revistarambla.com\\\/#website\",\"url\":\"https:\\\/\\\/www.revistarambla.com\\\/\",\"name\":\"Revista Rambla Barcelona\",\"description\":\"Periodismo independiente\",\"publisher\":{\"@id\":\"https:\\\/\\\/www.revistarambla.com\\\/#organization\"},\"potentialAction\":[{\"@type\":\"SearchAction\",\"target\":{\"@type\":\"EntryPoint\",\"urlTemplate\":\"https:\\\/\\\/www.revistarambla.com\\\/?s={search_term_string}\"},\"query-input\":{\"@type\":\"PropertyValueSpecification\",\"valueRequired\":true,\"valueName\":\"search_term_string\"}}],\"inLanguage\":\"en-GB\"},{\"@type\":\"Organization\",\"@id\":\"https:\\\/\\\/www.revistarambla.com\\\/#organization\",\"name\":\"Revista Rambla\",\"url\":\"https:\\\/\\\/www.revistarambla.com\\\/\",\"logo\":{\"@type\":\"ImageObject\",\"inLanguage\":\"en-GB\",\"@id\":\"https:\\\/\\\/www.revistarambla.com\\\/#\\\/schema\\\/logo\\\/image\\\/\",\"url\":\"https:\\\/\\\/www.revistarambla.com\\\/wp-content\\\/uploads\\\/2020\\\/09\\\/banner_rambla_1900x600_BB.png\",\"contentUrl\":\"https:\\\/\\\/www.revistarambla.com\\\/wp-content\\\/uploads\\\/2020\\\/09\\\/banner_rambla_1900x600_BB.png\",\"width\":1900,\"height\":600,\"caption\":\"Revista Rambla\"},\"image\":{\"@id\":\"https:\\\/\\\/www.revistarambla.com\\\/#\\\/schema\\\/logo\\\/image\\\/\"},\"sameAs\":[\"https:\\\/\\\/www.facebook.com\\\/revistarambla\\\/\",\"https:\\\/\\\/x.com\\\/revistarambla\",\"https:\\\/\\\/www.instagram.com\\\/revista_rambla\",\"https:\\\/\\\/es.linkedin.com\\\/company\\\/revista-rambla\"]},{\"@type\":\"Person\",\"@id\":\"https:\\\/\\\/www.revistarambla.com\\\/#\\\/schema\\\/person\\\/a146a5a2550b94981a75131180e1bd9c\",\"name\":\"R@mbla\",\"description\":\"Este art\u00edculo ha sido redactado y\\\/o validado por el equipo de redacci\u00f3n de Revista Rambla.\",\"sameAs\":[\"https:\\\/\\\/www.revistarambla.com\\\/\",\"https:\\\/\\\/www.facebook.com\\\/revistarambla\",\"https:\\\/\\\/x.com\\\/revistarambla\"]}]}<\/script>\n<!-- \/ Yoast SEO plugin. -->","yoast_head_json":{"title":"Leopoldo Arnaiz promueve el uso de inteligencia artificial para planificar ciudades m\u00e1s habitables - Revista Rambla","robots":{"index":"index","follow":"follow","max-snippet":"max-snippet:-1","max-image-preview":"max-image-preview:large","max-video-preview":"max-video-preview:-1"},"canonical":"https:\/\/www.revistarambla.com\/en\/leopoldo-arnaiz-promueve-el-uso-de-inteligencia-artificial-para-planificar-ciudades-mas-habitables\/","og_locale":"en_GB","og_type":"article","og_title":"Leopoldo Arnaiz promueve el uso de inteligencia artificial para planificar ciudades m\u00e1s habitables - Revista Rambla","og_description":"Entrevista con Leopoldo Arnaiz Eguren, presidente de Arnaiz, firma internacional especializada en urbanismo y desarrollo inmobiliario","og_url":"https:\/\/www.revistarambla.com\/en\/leopoldo-arnaiz-promueve-el-uso-de-inteligencia-artificial-para-planificar-ciudades-mas-habitables\/","og_site_name":"Revista Rambla","article_publisher":"https:\/\/www.facebook.com\/revistarambla\/","article_author":"https:\/\/www.facebook.com\/revistarambla","article_published_time":"2025-11-06T17:52:32+00:00","og_image":[{"width":1920,"height":1283,"url":"https:\/\/www.revistarambla.com\/wp-content\/uploads\/2025\/11\/phpHieOhh690b45eb5bec5.jpg","type":"image\/jpeg"}],"author":"R@mbla","twitter_card":"summary_large_image","twitter_creator":"@revistarambla","twitter_site":"@revistarambla","twitter_misc":{"Written by":"R@mbla","Estimated reading time":"5 minutes"},"schema":{"@context":"https:\/\/schema.org","@graph":[{"@type":"Article","@id":"https:\/\/www.revistarambla.com\/leopoldo-arnaiz-promueve-el-uso-de-inteligencia-artificial-para-planificar-ciudades-mas-habitables\/#article","isPartOf":{"@id":"https:\/\/www.revistarambla.com\/leopoldo-arnaiz-promueve-el-uso-de-inteligencia-artificial-para-planificar-ciudades-mas-habitables\/"},"author":{"name":"R@mbla","@id":"https:\/\/www.revistarambla.com\/#\/schema\/person\/a146a5a2550b94981a75131180e1bd9c"},"headline":"Leopoldo Arnaiz promueve el uso de inteligencia artificial para planificar ciudades m\u00e1s habitables","datePublished":"2025-11-06T17:52:32+00:00","mainEntityOfPage":{"@id":"https:\/\/www.revistarambla.com\/leopoldo-arnaiz-promueve-el-uso-de-inteligencia-artificial-para-planificar-ciudades-mas-habitables\/"},"wordCount":907,"publisher":{"@id":"https:\/\/www.revistarambla.com\/#organization"},"image":{"@id":"https:\/\/www.revistarambla.com\/leopoldo-arnaiz-promueve-el-uso-de-inteligencia-artificial-para-planificar-ciudades-mas-habitables\/#primaryimage"},"thumbnailUrl":"https:\/\/www.revistarambla.com\/wp-content\/uploads\/2025\/11\/phpHieOhh690b45eb5bec5.jpg","articleSection":["Noticias de la vida"],"inLanguage":"en-GB"},{"@type":"WebPage","@id":"https:\/\/www.revistarambla.com\/leopoldo-arnaiz-promueve-el-uso-de-inteligencia-artificial-para-planificar-ciudades-mas-habitables\/","url":"https:\/\/www.revistarambla.com\/leopoldo-arnaiz-promueve-el-uso-de-inteligencia-artificial-para-planificar-ciudades-mas-habitables\/","name":"Leopoldo Arnaiz promueve el uso de inteligencia artificial para planificar ciudades m\u00e1s habitables - Revista Rambla","isPartOf":{"@id":"https:\/\/www.revistarambla.com\/#website"},"primaryImageOfPage":{"@id":"https:\/\/www.revistarambla.com\/leopoldo-arnaiz-promueve-el-uso-de-inteligencia-artificial-para-planificar-ciudades-mas-habitables\/#primaryimage"},"image":{"@id":"https:\/\/www.revistarambla.com\/leopoldo-arnaiz-promueve-el-uso-de-inteligencia-artificial-para-planificar-ciudades-mas-habitables\/#primaryimage"},"thumbnailUrl":"https:\/\/www.revistarambla.com\/wp-content\/uploads\/2025\/11\/phpHieOhh690b45eb5bec5.jpg","datePublished":"2025-11-06T17:52:32+00:00","breadcrumb":{"@id":"https:\/\/www.revistarambla.com\/leopoldo-arnaiz-promueve-el-uso-de-inteligencia-artificial-para-planificar-ciudades-mas-habitables\/#breadcrumb"},"inLanguage":"en-GB","potentialAction":[{"@type":"ReadAction","target":["https:\/\/www.revistarambla.com\/leopoldo-arnaiz-promueve-el-uso-de-inteligencia-artificial-para-planificar-ciudades-mas-habitables\/"]}]},{"@type":"ImageObject","inLanguage":"en-GB","@id":"https:\/\/www.revistarambla.com\/leopoldo-arnaiz-promueve-el-uso-de-inteligencia-artificial-para-planificar-ciudades-mas-habitables\/#primaryimage","url":"https:\/\/www.revistarambla.com\/wp-content\/uploads\/2025\/11\/phpHieOhh690b45eb5bec5.jpg","contentUrl":"https:\/\/www.revistarambla.com\/wp-content\/uploads\/2025\/11\/phpHieOhh690b45eb5bec5.jpg","width":1920,"height":1283,"caption":"Arnaiz"},{"@type":"BreadcrumbList","@id":"https:\/\/www.revistarambla.com\/leopoldo-arnaiz-promueve-el-uso-de-inteligencia-artificial-para-planificar-ciudades-mas-habitables\/#breadcrumb","itemListElement":[{"@type":"ListItem","position":1,"name":"Portada","item":"https:\/\/www.revistarambla.com\/"},{"@type":"ListItem","position":2,"name":"Leopoldo Arnaiz promueve el uso de inteligencia artificial para planificar ciudades m\u00e1s habitables"}]},{"@type":"WebSite","@id":"https:\/\/www.revistarambla.com\/#website","url":"https:\/\/www.revistarambla.com\/","name":"Revista Rambla Barcelona","description":"Periodismo independiente","publisher":{"@id":"https:\/\/www.revistarambla.com\/#organization"},"potentialAction":[{"@type":"SearchAction","target":{"@type":"EntryPoint","urlTemplate":"https:\/\/www.revistarambla.com\/?s={search_term_string}"},"query-input":{"@type":"PropertyValueSpecification","valueRequired":true,"valueName":"search_term_string"}}],"inLanguage":"en-GB"},{"@type":"Organization","@id":"https:\/\/www.revistarambla.com\/#organization","name":"Revista Rambla","url":"https:\/\/www.revistarambla.com\/","logo":{"@type":"ImageObject","inLanguage":"en-GB","@id":"https:\/\/www.revistarambla.com\/#\/schema\/logo\/image\/","url":"https:\/\/www.revistarambla.com\/wp-content\/uploads\/2020\/09\/banner_rambla_1900x600_BB.png","contentUrl":"https:\/\/www.revistarambla.com\/wp-content\/uploads\/2020\/09\/banner_rambla_1900x600_BB.png","width":1900,"height":600,"caption":"Revista Rambla"},"image":{"@id":"https:\/\/www.revistarambla.com\/#\/schema\/logo\/image\/"},"sameAs":["https:\/\/www.facebook.com\/revistarambla\/","https:\/\/x.com\/revistarambla","https:\/\/www.instagram.com\/revista_rambla","https:\/\/es.linkedin.com\/company\/revista-rambla"]},{"@type":"Person","@id":"https:\/\/www.revistarambla.com\/#\/schema\/person\/a146a5a2550b94981a75131180e1bd9c","name":"R@mbla","description":"Este art\u00edculo ha sido redactado y\/o validado por el equipo de redacci\u00f3n de Revista Rambla.","sameAs":["https:\/\/www.revistarambla.com\/","https:\/\/www.facebook.com\/revistarambla","https:\/\/x.com\/revistarambla"]}]}},"_links":{"self":[{"href":"https:\/\/www.revistarambla.com\/en\/wp-json\/wp\/v2\/posts\/67113","targetHints":{"allow":["GET"]}}],"collection":[{"href":"https:\/\/www.revistarambla.com\/en\/wp-json\/wp\/v2\/posts"}],"about":[{"href":"https:\/\/www.revistarambla.com\/en\/wp-json\/wp\/v2\/types\/post"}],"author":[{"embeddable":true,"href":"https:\/\/www.revistarambla.com\/en\/wp-json\/wp\/v2\/users\/3"}],"replies":[{"embeddable":true,"href":"https:\/\/www.revistarambla.com\/en\/wp-json\/wp\/v2\/comments?post=67113"}],"version-history":[{"count":1,"href":"https:\/\/www.revistarambla.com\/en\/wp-json\/wp\/v2\/posts\/67113\/revisions"}],"predecessor-version":[{"id":67115,"href":"https:\/\/www.revistarambla.com\/en\/wp-json\/wp\/v2\/posts\/67113\/revisions\/67115"}],"wp:featuredmedia":[{"embeddable":true,"href":"https:\/\/www.revistarambla.com\/en\/wp-json\/wp\/v2\/media\/67114"}],"wp:attachment":[{"href":"https:\/\/www.revistarambla.com\/en\/wp-json\/wp\/v2\/media?parent=67113"}],"wp:term":[{"taxonomy":"category","embeddable":true,"href":"https:\/\/www.revistarambla.com\/en\/wp-json\/wp\/v2\/categories?post=67113"},{"taxonomy":"post_tag","embeddable":true,"href":"https:\/\/www.revistarambla.com\/en\/wp-json\/wp\/v2\/tags?post=67113"}],"curies":[{"name":"wp","href":"https:\/\/api.w.org\/{rel}","templated":true}]}}