{"id":6711,"date":"2015-01-17T16:07:13","date_gmt":"2015-01-17T16:07:13","guid":{"rendered":"https:\/\/www.revistarambla.com\/y-esto-es-todo-amigos\/"},"modified":"2021-03-26T21:10:51","modified_gmt":"2021-03-26T20:10:51","slug":"y-esto-es-todo-amigos","status":"publish","type":"post","link":"https:\/\/www.revistarambla.com\/en\/y-esto-es-todo-amigos\/","title":{"rendered":"Y esto es todo, amigos"},"content":{"rendered":"<p class=\"p1\"><img decoding=\"async\" class=\"size-full wp-image-6710 aligncenter\" style=\"width: 700px; height: 252px;\" src=\"https:\/\/www.revistarambla.com\/wp-content\/uploads\/2015\/01\/Esto%20es%20todo_revaRambla02.jpg\" alt=\"alt\" width=\"700\" height=\"252\" \/><\/p>\n<p class=\"p1\"><span data-scayt_word=\"Muchos\" data-scaytid=\"13\">Muchos<\/span> <span data-scayt_word=\"ciudadanos\" data-scaytid=\"12\">ciudadanos<\/span> de <span data-scayt_word=\"Catalu\u00f1a\" data-scaytid=\"15\">Catalu\u00f1a<\/span> con <span data-scayt_word=\"posiciones\" data-scaytid=\"16\">posiciones<\/span> de <span data-scayt_word=\"izquierda\" data-scaytid=\"17\">izquierda<\/span> <span data-scayt_word=\"consideran\" data-scaytid=\"18\">consideran<\/span> <span data-scayt_word=\"que\" data-scaytid=\"19\">que<\/span> la <span data-scayt_word=\"independencia\" data-scaytid=\"20\">independencia<\/span> no <span data-scayt_word=\"constituye\" data-scaytid=\"21\">constituye<\/span> <i>per se<\/i> un <span data-scayt_word=\"objetivo\" data-scaytid=\"32\">objetivo<\/span> <span data-scayt_word=\"pol\u00edtico\" data-scaytid=\"33\">pol\u00edtico<\/span> <span data-scayt_word=\"imprescindible\" data-scaytid=\"34\">imprescindible<\/span>, <span data-scayt_word=\"si\" data-scaytid=\"35\">si<\/span> <span data-scayt_word=\"comparada\" data-scaytid=\"37\">comparada<\/span> con <span data-scayt_word=\"problemas\" data-scaytid=\"38\">problemas<\/span> <span data-scayt_word=\"cotidianos\" data-scaytid=\"39\">cotidianos<\/span> <span data-scayt_word=\"como\" data-scaytid=\"40\">como<\/span> la <span data-scayt_word=\"necesidad\" data-scaytid=\"42\">necesidad<\/span> de <span data-scayt_word=\"una\" data-scaytid=\"43\">una<\/span> <span data-scayt_word=\"recuperaci\u00f3n\" data-scaytid=\"44\">recuperaci\u00f3n<\/span> <span data-scayt_word=\"econ\u00f3mica\" data-scaytid=\"45\">econ\u00f3mica<\/span> o los <span data-scayt_word=\"recortes\" data-scaytid=\"46\">recortes<\/span> en los <span data-scayt_word=\"servicios\" data-scaytid=\"47\">servicios<\/span> <span data-scayt_word=\"sociales\" data-scaytid=\"48\">sociales<\/span>. Sin embargo, del <span data-scayt_word=\"mismo\" data-scaytid=\"49\">mismo<\/span> <span data-scayt_word=\"modo\" data-scaytid=\"50\">modo<\/span> <span data-scayt_word=\"sostienen\" data-scaytid=\"51\">sostienen<\/span> <span data-scayt_word=\"que\" data-scaytid=\"22\">que<\/span> la <span data-scayt_word=\"soberan\u00eda\" data-scaytid=\"56\">soberan\u00eda<\/span> <span data-scayt_word=\"pol\u00edtica\" data-scaytid=\"57\">pol\u00edtica<\/span> no <span data-scayt_word=\"reposa\" data-scaytid=\"59\">reposa<\/span> en la <span data-scayt_word=\"ley\" data-scaytid=\"60\">ley<\/span>, <span data-scayt_word=\"sino\" data-scaytid=\"61\">sino<\/span> en la <span data-scayt_word=\"voluntad\" data-scaytid=\"62\">voluntad<\/span> popular (de <span data-scayt_word=\"cuyos\" data-scaytid=\"63\">cuyos<\/span> <span data-scayt_word=\"acuerdos\" data-scaytid=\"64\">acuerdos<\/span> <span data-scayt_word=\"es\" data-scaytid=\"65\">es<\/span> <span data-scayt_word=\"reflejo\" data-scaytid=\"67\">reflejo<\/span> y <span data-scayt_word=\"producto\" data-scaytid=\"68\">producto<\/span> <span data-scayt_word=\"aquella\" data-scaytid=\"69\">aquella<\/span>), y <span data-scayt_word=\"que\" data-scaytid=\"23\">que<\/span> <span data-scayt_word=\"como\" data-scaytid=\"41\">como<\/span> <span data-scayt_word=\"todo\" data-scaytid=\"70\">todo<\/span> <span data-scayt_word=\"reclamo\" data-scaytid=\"71\">reclamo<\/span> <span data-scayt_word=\"es\" data-scaytid=\"66\">es<\/span> <span data-scayt_word=\"aceptable\" data-scaytid=\"72\">aceptable<\/span> <span data-scayt_word=\"si\" data-scaytid=\"36\">si<\/span> se <span data-scayt_word=\"defiende\" data-scaytid=\"73\">defiende<\/span> con <span data-scayt_word=\"medios\" data-scaytid=\"74\">medios<\/span> <span data-scayt_word=\"pac\u00edficos\" data-scaytid=\"75\">pac\u00edficos<\/span> y <span data-scayt_word=\"democr\u00e1ticos\" data-scaytid=\"76\">democr\u00e1ticos<\/span>, la <span data-scayt_word=\"reivindicaci\u00f3n\" data-scaytid=\"77\">reivindicaci\u00f3n<\/span> <span data-scayt_word=\"soberanista\" data-scaytid=\"26\">soberanista<\/span> <span data-scayt_word=\"debe\" data-scaytid=\"79\">debe<\/span> <span data-scayt_word=\"resolverse\" data-scaytid=\"80\">resolverse<\/span> <span data-scayt_word=\"cuanto\" data-scaytid=\"81\">cuanto<\/span> antes, <span data-scayt_word=\"v\u00eda\" data-scaytid=\"82\">v\u00eda<\/span> <span data-scayt_word=\"refer\u00e9ndum\" data-scaytid=\"83\">refer\u00e9ndum<\/span>, <span data-scayt_word=\"para\" data-scaytid=\"84\">para<\/span> <span data-scayt_word=\"que\" data-scaytid=\"24\">que<\/span> <span data-scayt_word=\"las\" data-scaytid=\"86\">las<\/span> dos o <span data-scayt_word=\"tres\" data-scaytid=\"88\">tres<\/span> <span data-scayt_word=\"futuras\" data-scaytid=\"89\">futuras<\/span> <span data-scayt_word=\"generaciones\" data-scaytid=\"90\">generaciones<\/span> de <span data-scayt_word=\"catalanes\" data-scaytid=\"27\">catalanes<\/span> <span data-scayt_word=\"dediquen\" data-scaytid=\"92\">dediquen<\/span> <span data-scayt_word=\"su\" data-scaytid=\"93\">su<\/span> <span data-scayt_word=\"esfuerzo\" data-scaytid=\"94\">esfuerzo<\/span> y <span data-scayt_word=\"creatividad\" data-scaytid=\"95\">creatividad<\/span> a la <span data-scayt_word=\"reconquista\" data-scaytid=\"96\">reconquista<\/span> de los <span data-scayt_word=\"niveles\" data-scaytid=\"97\">niveles<\/span> de <span data-scayt_word=\"bienestar\" data-scaytid=\"98\">bienestar<\/span> <span data-scayt_word=\"perdidos\" data-scaytid=\"99\">perdidos<\/span> <span data-scayt_word=\"durante\" data-scaytid=\"100\">durante<\/span> la <span data-scayt_word=\"recesi\u00f3n\" data-scaytid=\"101\">recesi\u00f3n<\/span>. E <span data-scayt_word=\"incluso\" data-scaytid=\"102\">incluso<\/span> <span data-scayt_word=\"entre\" data-scaytid=\"28\">entre<\/span> <span data-scayt_word=\"estos\" data-scaytid=\"104\">estos<\/span> <span data-scayt_word=\"ciudadanos\" data-scaytid=\"29\">ciudadanos<\/span> hay <span data-scayt_word=\"quien\" data-scaytid=\"106\">quien<\/span> <span data-scayt_word=\"opina\" data-scaytid=\"107\">opina<\/span> \u2013y no son <span data-scayt_word=\"pocos\u2013\" data-scaytid=\"108\">pocos\u2013<\/span> <span data-scayt_word=\"que\" data-scaytid=\"25\">que<\/span> la <span data-scayt_word=\"independencia\" data-scaytid=\"30\">independencia<\/span> <span data-scayt_word=\"puede\" data-scaytid=\"31\">puede<\/span> <span data-scayt_word=\"aportar\" data-scaytid=\"111\">aportar<\/span> la <span data-scayt_word=\"savia\" data-scaytid=\"112\">savia<\/span> <span data-scayt_word=\"pol\u00edtica\" data-scaytid=\"58\">pol\u00edtica<\/span> y moral <span data-scayt_word=\"necesaria\" data-scaytid=\"113\">necesaria<\/span> <span data-scayt_word=\"para\" data-scaytid=\"85\">para<\/span> la <span data-scayt_word=\"ansiada\" data-scaytid=\"114\">ansiada<\/span> <span data-scayt_word=\"catarsis\" data-scaytid=\"115\">catarsis<\/span> de <span data-scayt_word=\"las\" data-scaytid=\"87\">las<\/span> <span data-scayt_word=\"instituciones\" data-scaytid=\"116\">instituciones<\/span> <span data-scayt_word=\"p\u00fablicas\" data-scaytid=\"117\">p\u00fablicas<\/span>.<\/p>\n<p class=\"p1\">A <span data-scayt_word=\"diferencia\" data-scaytid=\"465\">diferencia<\/span> de <span data-scayt_word=\"este\" data-scaytid=\"466\">este<\/span> <span data-scayt_word=\"grupo\" data-scaytid=\"467\">grupo<\/span> social de <span data-scayt_word=\"soberanistas\" data-scaytid=\"468\">soberanistas<\/span> <i><span data-scayt_word=\"ocasionales\" data-scaytid=\"469\">ocasionales<\/span><\/i> (<span data-scayt_word=\"dicho\" data-scaytid=\"470\">dicho<\/span> sea con <span data-scayt_word=\"toda\" data-scaytid=\"471\">toda<\/span> la <span data-scayt_word=\"imprecisi\u00f3n\" data-scaytid=\"472\">imprecisi\u00f3n<\/span> <span data-scayt_word=\"que\" data-scaytid=\"204\">que<\/span> la <span data-scayt_word=\"etiqueta\" data-scaytid=\"475\">etiqueta<\/span> <span data-scayt_word=\"conlleva\" data-scaytid=\"476\">conlleva<\/span>), la <span data-scayt_word=\"izquierda\" data-scaytid=\"206\">izquierda<\/span> <span data-scayt_word=\"nacionalista\" data-scaytid=\"478\">nacionalista<\/span> y <span data-scayt_word=\"digamos\" data-scaytid=\"479\">digamos<\/span> <span data-scayt_word=\"que\" data-scaytid=\"205\">que<\/span> <i>radical<\/i> (<span data-scayt_word=\"otro\" data-scaytid=\"506\">otro<\/span> <span data-scayt_word=\"t\u00f3pico\" data-scaytid=\"507\">t\u00f3pico<\/span>) <span data-scayt_word=\"ya\" data-scaytid=\"508\">ya<\/span> no <span data-scayt_word=\"entiende\" data-scaytid=\"509\">entiende<\/span> de <span data-scayt_word=\"consideraciones\" data-scaytid=\"510\">consideraciones<\/span> <span data-scayt_word=\"t\u00e1cticas\" data-scaytid=\"511\">t\u00e1cticas<\/span> <span data-scayt_word=\"hacia\" data-scaytid=\"512\">hacia<\/span> la <span data-scayt_word=\"independencia\" data-scaytid=\"495\">independencia<\/span>, <span data-scayt_word=\"puesto\" data-scaytid=\"514\">puesto<\/span> <span data-scayt_word=\"que\" data-scaytid=\"496\">que<\/span> <span data-scayt_word=\"considera\" data-scaytid=\"517\">considera<\/span> <span data-scayt_word=\"esta\" data-scaytid=\"518\">esta<\/span> <span data-scayt_word=\"como\" data-scaytid=\"498\">como<\/span> un <span data-scayt_word=\"objetivo\" data-scaytid=\"499\">objetivo<\/span> <span data-scayt_word=\"estrat\u00e9gico\" data-scaytid=\"521\">estrat\u00e9gico<\/span> fundamental. <span data-scayt_word=\"Dicho\" data-scaytid=\"522\">Dicho<\/span> <span data-scayt_word=\"colectivo\" data-scaytid=\"523\">colectivo<\/span> <span data-scayt_word=\"tampoco\" data-scaytid=\"524\">tampoco<\/span> <span data-scayt_word=\"concibe\" data-scaytid=\"525\">concibe<\/span> <span data-scayt_word=\"una\" data-scaytid=\"500\">una<\/span> <span data-scayt_word=\"disyuntiva\" data-scaytid=\"527\">disyuntiva<\/span> <span data-scayt_word=\"entre\" data-scaytid=\"501\">entre<\/span> <span data-scayt_word=\"las\" data-scaytid=\"502\">las<\/span> <span data-scayt_word=\"reivindicaciones\" data-scaytid=\"532\">reivindicaciones<\/span> <span data-scayt_word=\"nacionales\" data-scaytid=\"533\">nacionales<\/span> y <span data-scayt_word=\"las\" data-scaytid=\"503\">las<\/span> de <span data-scayt_word=\"tipo\" data-scaytid=\"534\">tipo<\/span> <span data-scayt_word=\"pol\u00edtico\" data-scaytid=\"505\">pol\u00edtico<\/span> y <span data-scayt_word=\"socioecon\u00f3mico\" data-scaytid=\"536\">socioecon\u00f3mico<\/span>, al <span data-scayt_word=\"entender\" data-scaytid=\"537\">entender<\/span> <span data-scayt_word=\"que\" data-scaytid=\"497\">que<\/span> un simple <span data-scayt_word=\"cambio\" data-scaytid=\"538\">cambio<\/span> de <span data-scayt_word=\"bandera\" data-scaytid=\"539\">bandera<\/span> <span data-scayt_word=\"frustrar\u00eda\" data-scaytid=\"540\">frustrar\u00eda<\/span> <span data-scayt_word=\"las\" data-scaytid=\"504\">las<\/span> <span data-scayt_word=\"ansias\" data-scaytid=\"541\">ansias<\/span> de <span data-scayt_word=\"renovaci\u00f3n\" data-scaytid=\"542\">renovaci\u00f3n<\/span> de la <span data-scayt_word=\"ciudadan\u00eda\" data-scaytid=\"543\">ciudadan\u00eda<\/span>.<\/p>\n<p class=\"p1\">Si los <i><span data-scayt_word=\"ocasionales\" data-scaytid=\"582\">ocasionales<\/span><\/i> <span data-scayt_word=\"carecen\" data-scaytid=\"626\">carecen<\/span> de un <span data-scayt_word=\"partido\" data-scaytid=\"627\">partido<\/span> <span data-scayt_word=\"pol\u00edtico\" data-scaytid=\"583\">pol\u00edtico<\/span> de <span data-scayt_word=\"referencia\" data-scaytid=\"629\">referencia<\/span>, <span data-scayt_word=\"aunque\" data-scaytid=\"630\">aunque<\/span> <span data-scayt_word=\"parte\" data-scaytid=\"631\">parte<\/span> de <span data-scayt_word=\"ellos\" data-scaytid=\"632\">ellos<\/span> <span data-scayt_word=\"pueda\" data-scaytid=\"633\">pueda<\/span> <span data-scayt_word=\"coincidir\" data-scaytid=\"634\">coincidir<\/span> con los <span data-scayt_word=\"planteamientos\" data-scaytid=\"635\">planteamientos<\/span> de <span data-scayt_word=\"Iniciativa\" data-scaytid=\"636\">Iniciativa<\/span> per <span data-scayt_word=\"Catalunya\" data-scaytid=\"637\">Catalunya<\/span> (IC) y los <span data-scayt_word=\"disidentes\" data-scaytid=\"638\">disidentes<\/span> del <span data-scayt_word=\"Partit\" data-scaytid=\"639\">Partit<\/span> <span data-scayt_word=\"dels\" data-scaytid=\"640\">dels<\/span> <span data-scayt_word=\"Socialistes\" data-scaytid=\"641\">Socialistes<\/span> (<span data-scayt_word=\"PSC\" data-scaytid=\"642\">PSC<\/span>), <span data-scayt_word=\"est\u00e1\" data-scaytid=\"643\">est\u00e1<\/span> <span data-scayt_word=\"claro\" data-scaytid=\"644\">claro<\/span> <span data-scayt_word=\"que\" data-scaytid=\"584\">que<\/span> <span data-scayt_word=\"las\" data-scaytid=\"585\">las<\/span> <span data-scayt_word=\"aspiraciones\" data-scaytid=\"647\">aspiraciones<\/span> <span data-scayt_word=\"dualistas\" data-scaytid=\"648\">dualistas<\/span> de la <span data-scayt_word=\"izquierda\" data-scaytid=\"586\">izquierda<\/span> <i>radical<\/i> <span data-scayt_word=\"est\u00e1n\" data-scaytid=\"678\">est\u00e1n<\/span> <span data-scayt_word=\"n\u00edtidamente\" data-scaytid=\"679\">n\u00edtidamente<\/span> <span data-scayt_word=\"representadas\" data-scaytid=\"680\">representadas<\/span> <span data-scayt_word=\"por\" data-scaytid=\"681\">por<\/span> <span data-scayt_word=\"una\" data-scaytid=\"675\">una<\/span> <span data-scayt_word=\"fuerza\" data-scaytid=\"684\">fuerza<\/span> con <span data-scayt_word=\"presencia\" data-scaytid=\"685\">presencia<\/span> en la <span data-scayt_word=\"c\u00e1mara\" data-scaytid=\"686\">c\u00e1mara<\/span> <span data-scayt_word=\"auton\u00f3mica\" data-scaytid=\"687\">auton\u00f3mica<\/span>, la <span data-scayt_word=\"Candidatura\" data-scaytid=\"688\">Candidatura<\/span> <span data-scayt_word=\"d\u2019Unitat\" data-scaytid=\"689\">d\u2019Unitat<\/span> Popular (CUP), y <span data-scayt_word=\"una\" data-scaytid=\"676\">una<\/span> <span data-scayt_word=\"plataforma\" data-scaytid=\"690\">plataforma<\/span> civil <span data-scayt_word=\"que\" data-scaytid=\"677\">que<\/span> <span data-scayt_word=\"aspira\" data-scaytid=\"692\">aspira<\/span> a <span data-scayt_word=\"convertirse\" data-scaytid=\"693\">convertirse<\/span> en <span data-scayt_word=\"movimiento\" data-scaytid=\"694\">movimiento<\/span> electoral, la <span data-scayt_word=\"Crida\" data-scaytid=\"695\">Crida<\/span> Constituent.<\/p>\n<p class=\"p1\"><span data-scayt_word=\"Una\" data-scaytid=\"716\">Una<\/span> <span data-scayt_word=\"porci\u00f3n\" data-scaytid=\"717\">porci\u00f3n<\/span> <span data-scayt_word=\"importante\" data-scaytid=\"718\">importante<\/span> de los <span data-scayt_word=\"soberanistas\" data-scaytid=\"696\">soberanistas<\/span> <i><span data-scayt_word=\"ocasionales\" data-scaytid=\"697\">ocasionales<\/span><\/i> forma <span data-scayt_word=\"parte\" data-scaytid=\"698\">parte<\/span> del <span data-scayt_word=\"electorado\" data-scaytid=\"723\">electorado<\/span> <span data-scayt_word=\"potencial\" data-scaytid=\"724\">potencial<\/span> de un <span data-scayt_word=\"partido\" data-scaytid=\"700\">partido<\/span> <span data-scayt_word=\"moderado\" data-scaytid=\"726\">moderado<\/span> de <span data-scayt_word=\"izquierda\" data-scaytid=\"701\">izquierda<\/span> <span data-scayt_word=\"como\" data-scaytid=\"702\">como<\/span> <span data-scayt_word=\"Esquerra\" data-scaytid=\"729\">Esquerra<\/span> <span data-scayt_word=\"Republicana\" data-scaytid=\"730\">Republicana<\/span> de <span data-scayt_word=\"Catalunya\" data-scaytid=\"703\">Catalunya<\/span> (<span data-scayt_word=\"ERC\" data-scaytid=\"704\">ERC<\/span>). Sin embargo, <span data-scayt_word=\"buen\" data-scaytid=\"734\">buen<\/span> <span data-scayt_word=\"parte\" data-scaytid=\"699\">parte<\/span> de <span data-scayt_word=\"ese\" data-scaytid=\"735\">ese<\/span> <span data-scayt_word=\"colectivo\" data-scaytid=\"706\">colectivo<\/span>, <span data-scayt_word=\"quiz\u00e1\" data-scaytid=\"737\">quiz\u00e1<\/span> la <span data-scayt_word=\"mayor\u00eda\" data-scaytid=\"738\">mayor\u00eda<\/span>, ha <span data-scayt_word=\"quedado\" data-scaytid=\"739\">quedado<\/span> <span data-scayt_word=\"decepcionada\" data-scaytid=\"741\">decepcionada<\/span> <span data-scayt_word=\"por\" data-scaytid=\"707\">por<\/span> el <span data-scayt_word=\"acuerdo\" data-scaytid=\"743\">acuerdo<\/span> <span data-scayt_word=\"alcanzado\" data-scaytid=\"744\">alcanzado<\/span> con <span data-scayt_word=\"Converg\u00e8ncia\" data-scaytid=\"745\">Converg\u00e8ncia<\/span> i <span data-scayt_word=\"Uni\u00f3\" data-scaytid=\"746\">Uni\u00f3<\/span> (<span data-scayt_word=\"CiU\" data-scaytid=\"708\">CiU<\/span>), <span data-scayt_word=\"porque\" data-scaytid=\"748\">porque<\/span> <span data-scayt_word=\"esas\" data-scaytid=\"749\">esas<\/span> personas en <span data-scayt_word=\"busca\" data-scaytid=\"750\">busca<\/span> de <span data-scayt_word=\"referente\" data-scaytid=\"751\">referente<\/span> <span data-scayt_word=\"pol\u00edtico\" data-scaytid=\"709\">pol\u00edtico<\/span> <span data-scayt_word=\"incluyen\" data-scaytid=\"753\">incluyen<\/span> a la <span data-scayt_word=\"coalici\u00f3n\" data-scaytid=\"754\">coalici\u00f3n<\/span> <span data-scayt_word=\"gubernamental\" data-scaytid=\"755\">gubernamental<\/span> <span data-scayt_word=\"entre\" data-scaytid=\"710\">entre<\/span> lo <span data-scayt_word=\"m\u00e1s\" data-scaytid=\"757\">m\u00e1s<\/span> <span data-scayt_word=\"granado\" data-scaytid=\"758\">granado<\/span> de <span data-scayt_word=\"cuanto\" data-scaytid=\"711\">cuanto<\/span> en los <span data-scayt_word=\"\u00faltimos\" data-scaytid=\"760\">\u00faltimos<\/span> <span data-scayt_word=\"tiempos\" data-scaytid=\"761\">tiempos<\/span> se <span data-scayt_word=\"denomina\" data-scaytid=\"762\">denomina<\/span> <span data-scayt_word=\"\u201ccasta\u201d\" data-scaytid=\"763\">\u201ccasta\u201d<\/span>. Si <span data-scayt_word=\"alguna\" data-scaytid=\"764\">alguna<\/span> <span data-scayt_word=\"esperanza\" data-scaytid=\"765\">esperanza<\/span> se <span data-scayt_word=\"pod\u00eda\" data-scaytid=\"766\">pod\u00eda<\/span> <span data-scayt_word=\"tener\" data-scaytid=\"767\">tener<\/span> en <span data-scayt_word=\"que\" data-scaytid=\"712\">que<\/span> <span data-scayt_word=\"ERC\" data-scaytid=\"705\">ERC<\/span> <span data-scayt_word=\"abrazara\" data-scaytid=\"770\">abrazara<\/span> la <span data-scayt_word=\"causa\" data-scaytid=\"771\">causa<\/span> de <span data-scayt_word=\"esa\" data-scaytid=\"772\">esa<\/span> <span data-scayt_word=\"regeneraci\u00f3n\" data-scaytid=\"773\">regeneraci\u00f3n<\/span> <span data-scayt_word=\"institucional\" data-scaytid=\"774\">institucional<\/span> y social <span data-scayt_word=\"hipot\u00e9ticamente\" data-scaytid=\"775\">hipot\u00e9ticamente<\/span> <span data-scayt_word=\"ligada\" data-scaytid=\"776\">ligada<\/span> a la <span data-scayt_word=\"soberan\u00eda\" data-scaytid=\"714\">soberan\u00eda<\/span> <span data-scayt_word=\"estatal\" data-scaytid=\"778\">estatal<\/span> plena, <span data-scayt_word=\"parece\" data-scaytid=\"779\">parece<\/span> <span data-scayt_word=\"haber\" data-scaytid=\"780\">haber<\/span> <span data-scayt_word=\"quedado\" data-scaytid=\"740\">quedado<\/span> <span data-scayt_word=\"claro\" data-scaytid=\"715\">claro<\/span> <span data-scayt_word=\"que\" data-scaytid=\"713\">que<\/span> la <span data-scayt_word=\"formaci\u00f3n\" data-scaytid=\"782\">formaci\u00f3n<\/span> de <span data-scayt_word=\"Junqueras\" data-scaytid=\"783\">Junqueras<\/span>, <span data-scayt_word=\"pretendidamente\" data-scaytid=\"784\">pretendidamente<\/span> de <i><span data-scayt_word=\"esquerres\" data-scaytid=\"785\">esquerres<\/span>,<\/i> <span data-scayt_word=\"antepone\" data-scaytid=\"1000\">antepone<\/span> <span data-scayt_word=\"sus\" data-scaytid=\"1001\">sus<\/span> <span data-scayt_word=\"intereses\" data-scaytid=\"1002\">intereses<\/span> de <span data-scayt_word=\"partido\" data-scaytid=\"856\">partido<\/span> a <span data-scayt_word=\"cualquier\" data-scaytid=\"1004\">cualquier<\/span> <span data-scayt_word=\"otra\" data-scaytid=\"1005\">otra<\/span> <span data-scayt_word=\"consideraci\u00f3n\" data-scaytid=\"1006\">consideraci\u00f3n<\/span>. <span data-scayt_word=\"As\u00ed\" data-scaytid=\"1007\">As\u00ed<\/span> <span data-scayt_word=\"parece\" data-scaytid=\"857\">parece<\/span> <span data-scayt_word=\"mostrar\" data-scaytid=\"1009\">mostrar<\/span> el <span data-scayt_word=\"trueque\" data-scaytid=\"1010\">trueque<\/span> del <span data-scayt_word=\"cierre\" data-scaytid=\"1011\">cierre<\/span> de la <span data-scayt_word=\"legislatura\" data-scaytid=\"1012\">legislatura<\/span> <span data-scayt_word=\"\u2013elecciones\" data-scaytid=\"1013\">\u2013elecciones<\/span> <span data-scayt_word=\"perentorias\" data-scaytid=\"1014\">perentorias<\/span> <span data-scayt_word=\"demoradas\" data-scaytid=\"1015\">demoradas<\/span>, <span data-scayt_word=\"como\" data-scaytid=\"858\">como<\/span> la <span data-scayt_word=\"indemnizaci\u00f3n\" data-scaytid=\"1017\">indemnizaci\u00f3n<\/span> de <span data-scayt_word=\"B\u00e1rcenas\u2013\" data-scaytid=\"1018\">B\u00e1rcenas\u2013<\/span> a <span data-scayt_word=\"cambio\" data-scaytid=\"859\">cambio<\/span> del <span data-scayt_word=\"apoyo\" data-scaytid=\"1020\">apoyo<\/span> a los <span data-scayt_word=\"presupuestos\" data-scaytid=\"1021\">presupuestos<\/span> del <i>govern <\/i>auton\u00f3mico. ERC acaba de lanzar a la ciudadan\u00eda el mismo mensaje con que el entra\u00f1able Porky cerraba su <i>show<\/i> televisivo: \u201c\u2026y esto es todo, amigos\u201d.<\/p>\n<p class=\"p1\">A partir de ahora y con los comicios municipales de mayo de 2015 como primera cita electoral pendiente, habr\u00e1 de verse de qu\u00e9 modo responden en las urnas esos <i>ocasionales<\/i> tras el pacto CiU-ERC. Nadie niega que Esquerra posee una s\u00f3lida base electoral, notoriamente ampliada en los \u00faltimos a\u00f1os, pero con su transigencia ante Mas ha incurrido en el serio riesgo de perder un monto nada desde\u00f1able de votos, los cuales, aun siendo circunstanciales, podr\u00edan resultarle decisivos. \u00bfAlcanzar\u00e1 sin ellos la hegemon\u00eda parlamentaria necesaria para capitanear con legitimidad representativa incuestionable la creaci\u00f3n de una hipot\u00e9tica Rep\u00fablica catalana?<\/p>\n<p class=\"p1\">De cara a las elecciones auton\u00f3micas \u2013plebiscitarias, si se quiere\u2013 del 27 de septiembre, el principal beneficiario de la decepci\u00f3n generada en ese amplio sector ciudadano de soberanistas <i>ocasionales<\/i> podr\u00eda ser, c\u00f3mo no, el partido de moda, Podemos; sobre todo si se materializa su apoyo a la candidatura ciudadana Guanyem en las municipales de mayo y el resultado de la alianza es exitoso, pero tambi\u00e9n si la formaci\u00f3n liderada por Pablo Iglesias consigue solucionar los problemas internos surgidos en Catalu\u00f1a durante su proceso fundacional. Con un Podemos en alza en todo el Estado y pacificado en el <i>Principat<\/i>, el triunfo de ERC en las auton\u00f3micas\/plebiscitarias o no se dar\u00e1 o no alcanzar\u00e1 la calidad deseada por la direcci\u00f3n republicana, que con su nueva hoja de ruta ha apostado por el caballo perdedor, llamado Artur Mas.<\/p>\n<p class=\"p1\">En cuanto a los <i>radicales<\/i> defensores de la necesaria reciprocidad entre independencia y renovaci\u00f3n pol\u00edtico-social, parecen abocados a una posici\u00f3n electoral secundaria frente a los paladines del independentismo <i>per se<\/i> (CiU, o por lo menos Converg\u00e8ncia, y ERC) y unos <i>ocasionales<\/i> que tal vez vayan alej\u00e1ndose progresivamente de la reivindicaci\u00f3n independentista, para no verse en el tren de cola de los dos grandes partidos del <i>Parlament<\/i>. Est\u00e1 claro que CUP y Crida Constituent tienen asignado un espacio significativo \u2013a la par que minoritario\u2013 en el mapa pol\u00edtico catal\u00e1n, pero una vez demostrado que se puede pactar por la primac\u00eda de la independencia sobre cualquier otro considerando, \u00bfpor qu\u00e9 no sopesar la posibilidad de ganarse la confianza del grupo de <i>ocasionales,<\/i> mayor en cuanto a efectivos, sumando las propias fuerzas a opciones pol\u00edticas que afirmen la legitimidad de una consulta soberanista sin imponerla como evento cronol\u00f3gico urgente ni condici\u00f3n pol\u00edtica imprescindible para la realizaci\u00f3n de una pol\u00edtica socioecon\u00f3mica renovadora?<\/p>\n<p class=\"p1\">Es para pens\u00e1rselo. Hay que ganar esta lucha democr\u00e1tica frente al poder no ya establecido, sino arraigado, que comparten por igual, m\u00e1s all\u00e1 de sus trifulcas p\u00fablicas, los voceros del independentismo como nuevo pensamiento \u00fanico y los partidos unionistas negadores de la soberan\u00eda ciudadana. Solo con la aglutinaci\u00f3n de fuerzas podr\u00e1 darse ese triunfo. De otro modo se caer\u00e1 en el mismo error que ERC: la preterici\u00f3n de los problemas sociales. No ser\u00e1 en el plano de los prop\u00f3sitos, pero s\u00ed en el decisivo \u00e1mbito de los hechos, porque la fragmentaci\u00f3n de las fuerzas transformadoras favorecer\u00e1 a la consabida \u201ccasta\u201d. Para CUP y Crida, el cuento tambi\u00e9n se ha acabado.<\/p>","protected":false},"excerpt":{"rendered":"<p>Muchos ciudadanos de Catalu\u00f1a con posiciones de izquierda consideran que la independencia no constituye per se un objetivo pol\u00edtico imprescindible, si comparada con problemas cotidianos como la necesidad de una recuperaci\u00f3n econ\u00f3mica o los recortes en los servicios sociales. Sin embargo, del mismo modo sostienen que la soberan\u00eda pol\u00edtica no [&hellip;]<\/p>\n","protected":false},"author":3,"featured_media":0,"comment_status":"open","ping_status":"open","sticky":false,"template":"","format":"standard","meta":{"footnotes":""},"categories":[72],"tags":[],"class_list":["post-6711","post","type-post","status-publish","format-standard","hentry","category-opinion"],"yoast_head":"<!-- This site is optimized with the Yoast SEO plugin v27.5 - https:\/\/yoast.com\/product\/yoast-seo-wordpress\/ -->\n<title>Y esto es todo, amigos - Revista Rambla<\/title>\n<meta name=\"robots\" content=\"index, follow, max-snippet:-1, max-image-preview:large, max-video-preview:-1\" \/>\n<link rel=\"canonical\" href=\"https:\/\/www.revistarambla.com\/en\/y-esto-es-todo-amigos\/\" \/>\n<meta property=\"og:locale\" content=\"en_GB\" \/>\n<meta property=\"og:type\" content=\"article\" \/>\n<meta property=\"og:title\" content=\"Y esto es todo, amigos - Revista Rambla\" \/>\n<meta property=\"og:description\" content=\"Muchos ciudadanos de Catalu\u00f1a con posiciones de izquierda consideran que la independencia no constituye per se un objetivo pol\u00edtico imprescindible, si comparada con problemas cotidianos como la necesidad de una recuperaci\u00f3n econ\u00f3mica o los recortes en los servicios sociales. Sin embargo, del mismo modo sostienen que la soberan\u00eda pol\u00edtica no [&hellip;]\" \/>\n<meta property=\"og:url\" content=\"https:\/\/www.revistarambla.com\/en\/y-esto-es-todo-amigos\/\" \/>\n<meta property=\"og:site_name\" content=\"Revista Rambla\" \/>\n<meta property=\"article:publisher\" content=\"https:\/\/www.facebook.com\/revistarambla\/\" \/>\n<meta property=\"article:author\" content=\"https:\/\/www.facebook.com\/revistarambla\" \/>\n<meta property=\"article:published_time\" content=\"2015-01-17T16:07:13+00:00\" \/>\n<meta property=\"article:modified_time\" content=\"2021-03-26T20:10:51+00:00\" \/>\n<meta property=\"og:image\" content=\"https:\/\/i1.wp.com\/www.revistarambla.com\/wp-content\/uploads\/2015\/01\/Esto%20es%20todo_revaRambla01.jpg?fit=682%2C450&ssl=1\" \/>\n\t<meta property=\"og:image:width\" content=\"682\" \/>\n\t<meta property=\"og:image:height\" content=\"450\" \/>\n\t<meta property=\"og:image:type\" content=\"image\/jpeg\" \/>\n<meta name=\"author\" content=\"R@mbla\" \/>\n<meta name=\"twitter:card\" content=\"summary_large_image\" \/>\n<meta name=\"twitter:creator\" content=\"@revistarambla\" \/>\n<meta name=\"twitter:site\" content=\"@revistarambla\" \/>\n<meta name=\"twitter:label1\" content=\"Written by\" \/>\n\t<meta name=\"twitter:data1\" content=\"R@mbla\" \/>\n\t<meta name=\"twitter:label2\" content=\"Estimated reading time\" \/>\n\t<meta name=\"twitter:data2\" content=\"5 minutes\" \/>\n<script type=\"application\/ld+json\" class=\"yoast-schema-graph\">{\"@context\":\"https:\\\/\\\/schema.org\",\"@graph\":[{\"@type\":\"Article\",\"@id\":\"https:\\\/\\\/www.revistarambla.com\\\/y-esto-es-todo-amigos\\\/#article\",\"isPartOf\":{\"@id\":\"https:\\\/\\\/www.revistarambla.com\\\/y-esto-es-todo-amigos\\\/\"},\"author\":{\"name\":\"R@mbla\",\"@id\":\"https:\\\/\\\/www.revistarambla.com\\\/#\\\/schema\\\/person\\\/a146a5a2550b94981a75131180e1bd9c\"},\"headline\":\"Y esto es todo, amigos\",\"datePublished\":\"2015-01-17T16:07:13+00:00\",\"dateModified\":\"2021-03-26T20:10:51+00:00\",\"mainEntityOfPage\":{\"@id\":\"https:\\\/\\\/www.revistarambla.com\\\/y-esto-es-todo-amigos\\\/\"},\"wordCount\":1064,\"commentCount\":0,\"publisher\":{\"@id\":\"https:\\\/\\\/www.revistarambla.com\\\/#organization\"},\"image\":{\"@id\":\"https:\\\/\\\/www.revistarambla.com\\\/y-esto-es-todo-amigos\\\/#primaryimage\"},\"thumbnailUrl\":\"https:\\\/\\\/www.revistarambla.com\\\/wp-content\\\/uploads\\\/2015\\\/01\\\/Esto%20es%20todo_revaRambla02.jpg\",\"articleSection\":[\"Opiniones\"],\"inLanguage\":\"en-GB\",\"potentialAction\":[{\"@type\":\"CommentAction\",\"name\":\"Comment\",\"target\":[\"https:\\\/\\\/www.revistarambla.com\\\/y-esto-es-todo-amigos\\\/#respond\"]}]},{\"@type\":\"WebPage\",\"@id\":\"https:\\\/\\\/www.revistarambla.com\\\/y-esto-es-todo-amigos\\\/\",\"url\":\"https:\\\/\\\/www.revistarambla.com\\\/y-esto-es-todo-amigos\\\/\",\"name\":\"Y esto es todo, amigos - Revista Rambla\",\"isPartOf\":{\"@id\":\"https:\\\/\\\/www.revistarambla.com\\\/#website\"},\"primaryImageOfPage\":{\"@id\":\"https:\\\/\\\/www.revistarambla.com\\\/y-esto-es-todo-amigos\\\/#primaryimage\"},\"image\":{\"@id\":\"https:\\\/\\\/www.revistarambla.com\\\/y-esto-es-todo-amigos\\\/#primaryimage\"},\"thumbnailUrl\":\"https:\\\/\\\/www.revistarambla.com\\\/wp-content\\\/uploads\\\/2015\\\/01\\\/Esto%20es%20todo_revaRambla02.jpg\",\"datePublished\":\"2015-01-17T16:07:13+00:00\",\"dateModified\":\"2021-03-26T20:10:51+00:00\",\"breadcrumb\":{\"@id\":\"https:\\\/\\\/www.revistarambla.com\\\/y-esto-es-todo-amigos\\\/#breadcrumb\"},\"inLanguage\":\"en-GB\",\"potentialAction\":[{\"@type\":\"ReadAction\",\"target\":[\"https:\\\/\\\/www.revistarambla.com\\\/y-esto-es-todo-amigos\\\/\"]}]},{\"@type\":\"ImageObject\",\"inLanguage\":\"en-GB\",\"@id\":\"https:\\\/\\\/www.revistarambla.com\\\/y-esto-es-todo-amigos\\\/#primaryimage\",\"url\":\"https:\\\/\\\/www.revistarambla.com\\\/wp-content\\\/uploads\\\/2015\\\/01\\\/Esto%20es%20todo_revaRambla02.jpg\",\"contentUrl\":\"https:\\\/\\\/www.revistarambla.com\\\/wp-content\\\/uploads\\\/2015\\\/01\\\/Esto%20es%20todo_revaRambla02.jpg\"},{\"@type\":\"BreadcrumbList\",\"@id\":\"https:\\\/\\\/www.revistarambla.com\\\/y-esto-es-todo-amigos\\\/#breadcrumb\",\"itemListElement\":[{\"@type\":\"ListItem\",\"position\":1,\"name\":\"Portada\",\"item\":\"https:\\\/\\\/www.revistarambla.com\\\/\"},{\"@type\":\"ListItem\",\"position\":2,\"name\":\"Y esto es todo, amigos\"}]},{\"@type\":\"WebSite\",\"@id\":\"https:\\\/\\\/www.revistarambla.com\\\/#website\",\"url\":\"https:\\\/\\\/www.revistarambla.com\\\/\",\"name\":\"Revista Rambla Barcelona\",\"description\":\"Periodismo independiente\",\"publisher\":{\"@id\":\"https:\\\/\\\/www.revistarambla.com\\\/#organization\"},\"potentialAction\":[{\"@type\":\"SearchAction\",\"target\":{\"@type\":\"EntryPoint\",\"urlTemplate\":\"https:\\\/\\\/www.revistarambla.com\\\/?s={search_term_string}\"},\"query-input\":{\"@type\":\"PropertyValueSpecification\",\"valueRequired\":true,\"valueName\":\"search_term_string\"}}],\"inLanguage\":\"en-GB\"},{\"@type\":\"Organization\",\"@id\":\"https:\\\/\\\/www.revistarambla.com\\\/#organization\",\"name\":\"Revista Rambla\",\"url\":\"https:\\\/\\\/www.revistarambla.com\\\/\",\"logo\":{\"@type\":\"ImageObject\",\"inLanguage\":\"en-GB\",\"@id\":\"https:\\\/\\\/www.revistarambla.com\\\/#\\\/schema\\\/logo\\\/image\\\/\",\"url\":\"https:\\\/\\\/www.revistarambla.com\\\/wp-content\\\/uploads\\\/2020\\\/09\\\/banner_rambla_1900x600_BB.png\",\"contentUrl\":\"https:\\\/\\\/www.revistarambla.com\\\/wp-content\\\/uploads\\\/2020\\\/09\\\/banner_rambla_1900x600_BB.png\",\"width\":1900,\"height\":600,\"caption\":\"Revista Rambla\"},\"image\":{\"@id\":\"https:\\\/\\\/www.revistarambla.com\\\/#\\\/schema\\\/logo\\\/image\\\/\"},\"sameAs\":[\"https:\\\/\\\/www.facebook.com\\\/revistarambla\\\/\",\"https:\\\/\\\/x.com\\\/revistarambla\",\"https:\\\/\\\/www.instagram.com\\\/revista_rambla\",\"https:\\\/\\\/es.linkedin.com\\\/company\\\/revista-rambla\"]},{\"@type\":\"Person\",\"@id\":\"https:\\\/\\\/www.revistarambla.com\\\/#\\\/schema\\\/person\\\/a146a5a2550b94981a75131180e1bd9c\",\"name\":\"R@mbla\",\"description\":\"Este art\u00edculo ha sido redactado y\\\/o validado por el equipo de redacci\u00f3n de Revista Rambla.\",\"sameAs\":[\"https:\\\/\\\/www.revistarambla.com\\\/\",\"https:\\\/\\\/www.facebook.com\\\/revistarambla\",\"https:\\\/\\\/x.com\\\/revistarambla\"]}]}<\/script>\n<!-- \/ Yoast SEO plugin. -->","yoast_head_json":{"title":"Y esto es todo, amigos - Revista Rambla","robots":{"index":"index","follow":"follow","max-snippet":"max-snippet:-1","max-image-preview":"max-image-preview:large","max-video-preview":"max-video-preview:-1"},"canonical":"https:\/\/www.revistarambla.com\/en\/y-esto-es-todo-amigos\/","og_locale":"en_GB","og_type":"article","og_title":"Y esto es todo, amigos - Revista Rambla","og_description":"Muchos ciudadanos de Catalu\u00f1a con posiciones de izquierda consideran que la independencia no constituye per se un objetivo pol\u00edtico imprescindible, si comparada con problemas cotidianos como la necesidad de una recuperaci\u00f3n econ\u00f3mica o los recortes en los servicios sociales. Sin embargo, del mismo modo sostienen que la soberan\u00eda pol\u00edtica no [&hellip;]","og_url":"https:\/\/www.revistarambla.com\/en\/y-esto-es-todo-amigos\/","og_site_name":"Revista Rambla","article_publisher":"https:\/\/www.facebook.com\/revistarambla\/","article_author":"https:\/\/www.facebook.com\/revistarambla","article_published_time":"2015-01-17T16:07:13+00:00","article_modified_time":"2021-03-26T20:10:51+00:00","og_image":[{"width":682,"height":450,"url":"https:\/\/i1.wp.com\/www.revistarambla.com\/wp-content\/uploads\/2015\/01\/Esto es todo_revaRambla01.jpg?fit=682%2C450&ssl=1","type":"image\/jpeg"}],"author":"R@mbla","twitter_card":"summary_large_image","twitter_creator":"@revistarambla","twitter_site":"@revistarambla","twitter_misc":{"Written by":"R@mbla","Estimated reading time":"5 minutes"},"schema":{"@context":"https:\/\/schema.org","@graph":[{"@type":"Article","@id":"https:\/\/www.revistarambla.com\/y-esto-es-todo-amigos\/#article","isPartOf":{"@id":"https:\/\/www.revistarambla.com\/y-esto-es-todo-amigos\/"},"author":{"name":"R@mbla","@id":"https:\/\/www.revistarambla.com\/#\/schema\/person\/a146a5a2550b94981a75131180e1bd9c"},"headline":"Y esto es todo, amigos","datePublished":"2015-01-17T16:07:13+00:00","dateModified":"2021-03-26T20:10:51+00:00","mainEntityOfPage":{"@id":"https:\/\/www.revistarambla.com\/y-esto-es-todo-amigos\/"},"wordCount":1064,"commentCount":0,"publisher":{"@id":"https:\/\/www.revistarambla.com\/#organization"},"image":{"@id":"https:\/\/www.revistarambla.com\/y-esto-es-todo-amigos\/#primaryimage"},"thumbnailUrl":"https:\/\/www.revistarambla.com\/wp-content\/uploads\/2015\/01\/Esto%20es%20todo_revaRambla02.jpg","articleSection":["Opiniones"],"inLanguage":"en-GB","potentialAction":[{"@type":"CommentAction","name":"Comment","target":["https:\/\/www.revistarambla.com\/y-esto-es-todo-amigos\/#respond"]}]},{"@type":"WebPage","@id":"https:\/\/www.revistarambla.com\/y-esto-es-todo-amigos\/","url":"https:\/\/www.revistarambla.com\/y-esto-es-todo-amigos\/","name":"Y esto es todo, amigos - Revista Rambla","isPartOf":{"@id":"https:\/\/www.revistarambla.com\/#website"},"primaryImageOfPage":{"@id":"https:\/\/www.revistarambla.com\/y-esto-es-todo-amigos\/#primaryimage"},"image":{"@id":"https:\/\/www.revistarambla.com\/y-esto-es-todo-amigos\/#primaryimage"},"thumbnailUrl":"https:\/\/www.revistarambla.com\/wp-content\/uploads\/2015\/01\/Esto%20es%20todo_revaRambla02.jpg","datePublished":"2015-01-17T16:07:13+00:00","dateModified":"2021-03-26T20:10:51+00:00","breadcrumb":{"@id":"https:\/\/www.revistarambla.com\/y-esto-es-todo-amigos\/#breadcrumb"},"inLanguage":"en-GB","potentialAction":[{"@type":"ReadAction","target":["https:\/\/www.revistarambla.com\/y-esto-es-todo-amigos\/"]}]},{"@type":"ImageObject","inLanguage":"en-GB","@id":"https:\/\/www.revistarambla.com\/y-esto-es-todo-amigos\/#primaryimage","url":"https:\/\/www.revistarambla.com\/wp-content\/uploads\/2015\/01\/Esto%20es%20todo_revaRambla02.jpg","contentUrl":"https:\/\/www.revistarambla.com\/wp-content\/uploads\/2015\/01\/Esto%20es%20todo_revaRambla02.jpg"},{"@type":"BreadcrumbList","@id":"https:\/\/www.revistarambla.com\/y-esto-es-todo-amigos\/#breadcrumb","itemListElement":[{"@type":"ListItem","position":1,"name":"Portada","item":"https:\/\/www.revistarambla.com\/"},{"@type":"ListItem","position":2,"name":"Y esto es todo, amigos"}]},{"@type":"WebSite","@id":"https:\/\/www.revistarambla.com\/#website","url":"https:\/\/www.revistarambla.com\/","name":"Revista Rambla Barcelona","description":"Periodismo independiente","publisher":{"@id":"https:\/\/www.revistarambla.com\/#organization"},"potentialAction":[{"@type":"SearchAction","target":{"@type":"EntryPoint","urlTemplate":"https:\/\/www.revistarambla.com\/?s={search_term_string}"},"query-input":{"@type":"PropertyValueSpecification","valueRequired":true,"valueName":"search_term_string"}}],"inLanguage":"en-GB"},{"@type":"Organization","@id":"https:\/\/www.revistarambla.com\/#organization","name":"Revista Rambla","url":"https:\/\/www.revistarambla.com\/","logo":{"@type":"ImageObject","inLanguage":"en-GB","@id":"https:\/\/www.revistarambla.com\/#\/schema\/logo\/image\/","url":"https:\/\/www.revistarambla.com\/wp-content\/uploads\/2020\/09\/banner_rambla_1900x600_BB.png","contentUrl":"https:\/\/www.revistarambla.com\/wp-content\/uploads\/2020\/09\/banner_rambla_1900x600_BB.png","width":1900,"height":600,"caption":"Revista Rambla"},"image":{"@id":"https:\/\/www.revistarambla.com\/#\/schema\/logo\/image\/"},"sameAs":["https:\/\/www.facebook.com\/revistarambla\/","https:\/\/x.com\/revistarambla","https:\/\/www.instagram.com\/revista_rambla","https:\/\/es.linkedin.com\/company\/revista-rambla"]},{"@type":"Person","@id":"https:\/\/www.revistarambla.com\/#\/schema\/person\/a146a5a2550b94981a75131180e1bd9c","name":"R@mbla","description":"Este art\u00edculo ha sido redactado y\/o validado por el equipo de redacci\u00f3n de Revista Rambla.","sameAs":["https:\/\/www.revistarambla.com\/","https:\/\/www.facebook.com\/revistarambla","https:\/\/x.com\/revistarambla"]}]}},"_links":{"self":[{"href":"https:\/\/www.revistarambla.com\/en\/wp-json\/wp\/v2\/posts\/6711","targetHints":{"allow":["GET"]}}],"collection":[{"href":"https:\/\/www.revistarambla.com\/en\/wp-json\/wp\/v2\/posts"}],"about":[{"href":"https:\/\/www.revistarambla.com\/en\/wp-json\/wp\/v2\/types\/post"}],"author":[{"embeddable":true,"href":"https:\/\/www.revistarambla.com\/en\/wp-json\/wp\/v2\/users\/3"}],"replies":[{"embeddable":true,"href":"https:\/\/www.revistarambla.com\/en\/wp-json\/wp\/v2\/comments?post=6711"}],"version-history":[{"count":0,"href":"https:\/\/www.revistarambla.com\/en\/wp-json\/wp\/v2\/posts\/6711\/revisions"}],"wp:attachment":[{"href":"https:\/\/www.revistarambla.com\/en\/wp-json\/wp\/v2\/media?parent=6711"}],"wp:term":[{"taxonomy":"category","embeddable":true,"href":"https:\/\/www.revistarambla.com\/en\/wp-json\/wp\/v2\/categories?post=6711"},{"taxonomy":"post_tag","embeddable":true,"href":"https:\/\/www.revistarambla.com\/en\/wp-json\/wp\/v2\/tags?post=6711"}],"curies":[{"name":"wp","href":"https:\/\/api.w.org\/{rel}","templated":true}]}}