{"id":67109,"date":"2025-11-06T18:44:59","date_gmt":"2025-11-06T17:44:59","guid":{"rendered":"https:\/\/www.revistarambla.com\/?p=67109"},"modified":"2025-11-08T21:36:33","modified_gmt":"2025-11-08T20:36:33","slug":"protesta-masiva-en-can-ruti","status":"publish","type":"post","link":"https:\/\/www.revistarambla.com\/en\/protesta-masiva-en-can-ruti\/","title":{"rendered":"Protesta masiva en Can Ruti"},"content":{"rendered":"<p>M\u00e1s de 300 trabajadores sanitarios del Hospital Germans Trias i Pujol, conocido popularmente como Can Ruti, se concentraron este lunes en el vest\u00edbulo del centro <!--more-->para denunciar la \u00abpresi\u00f3n asistencial excesiva\u00bb, la \u00abfalta de personal\u00bb y una \u00abgesti\u00f3n nefasta\u00bb por parte de la direcci\u00f3n. La protesta, convocada por la junta de personal \u2013que act\u00faa como comit\u00e9 de empresa en el sector p\u00fablico\u2013, se enmarca en un malestar acumulado durante los \u00faltimos dos a\u00f1os, agravado por la contenci\u00f3n presupuestaria que impide reforzar la plantilla pese a la apertura de nuevos servicios. Los sindicatos, que ya alertaron en verano sobre las dificultades para atender a los pacientes, amenazan ahora con escalar las movilizaciones si no se atienden sus demandas.<\/p>\n<p>El Hospital Germans Trias i Pujol, ubicado en Badalona y uno de los centros de referencia en el \u00c1rea Metropolitana de Barcelona, atiende a una poblaci\u00f3n amplia y act\u00faa como soporte para pacientes derivados de otros hospitales, como el del Mar, desde 2015. Incluye servicios especializados como el Centro de Salud Mental para Adultos (CSMA) de Santa Coloma de Gramenet. Sin embargo, seg\u00fan los manifestantes, la expansi\u00f3n de servicios no ha ido acompa\u00f1ada de un aumento proporcional en recursos humanos, lo que ha generado una sobrecarga cr\u00f3nica en todas las categor\u00edas profesionales.<\/p>\n<p>La concentraci\u00f3n, que comenz\u00f3 alrededor de las 8:15 horas bajo el lema \u00abSoluci\u00f3 o dimissi\u00f3\u00bb, reuni\u00f3 a enfermeras, t\u00e9cnicos en cuidados auxiliares de enfermer\u00eda (TCAE), m\u00e9dicos y otros profesionales sanitarios. Los participantes portaban pancartas y coreaban consignas exigiendo m\u00e1s contrataciones y una mejor organizaci\u00f3n del trabajo. Jos\u00e9 Manuel Dom\u00ednguez, secretario del sector sanitario de la UGT en Catalu\u00f1a, resumi\u00f3 los principales problemas: \u00abHay tres escollos a salvar: excesiva presi\u00f3n asistencial, falta de personal y &#8216;mala gesti\u00f3n'\u00bb. Dom\u00ednguez enfatiz\u00f3 que la situaci\u00f3n ha llegado a un punto l\u00edmite, con denegaciones sistem\u00e1ticas de d\u00edas de fiesta, permisos y compensaciones, lo que afecta la conciliaci\u00f3n familiar y el bienestar de los trabajadores.<\/p>\n<p>Anna L\u00f3pez, responsable de UGT en el centro, detall\u00f3 la magnitud del problema: \u00abHay una falta enorme de personal, ya no solo de enfermeras, sino de TCAE, y la contrataci\u00f3n es a cuentagotas\u00bb. L\u00f3pez describi\u00f3 el verano pasado como \u00abapote\u00f3sico\u00bb debido al alto volumen de urgencias, aunque reconoci\u00f3 la calidad de los profesionales disponibles: \u00abHay profesionales como la copa de un pino\u00bb. Sin embargo, critic\u00f3 que se abran nuevos servicios con presupuestos limitados, lo que multiplica la sobrecarga. \u00abNo se garantizan ratios m\u00ednimos y, con todas las horas extras que han hecho, podr\u00edan estar sin venir hasta enero\u00bb, a\u00f1adi\u00f3, refiri\u00e9ndose a los contratos de 28 horas que se extienden y las peticiones constantes de horas adicionales para cubrir la demanda.<\/p>\n<p>Magda Moyan, delegada de SATSE en el hospital, alert\u00f3 sobre el impacto en la atenci\u00f3n al paciente: \u00abCualquier imprevisto aumenta la ratio enfermera\/paciente, provocando que los profesionales vivan habitualmente jornadas laborales angustiosas y desgastantes\u00bb. Moyan tach\u00f3 de \u00abinadmisible\u00bb la denegaci\u00f3n de d\u00edas festivos y permisos, y subray\u00f3 la falta de conciliaci\u00f3n como un factor que agrava el agotamiento del personal. Seg\u00fan los sindicatos, esta situaci\u00f3n no es aislada: se asemeja a lo ocurrido en el Hospital Joan XXIII de Tarragona, donde los trabajadores acumulan d\u00edas pendientes desde 2024 sin poder disfrutarlos debido al ritmo fren\u00e9tico.<\/p>\n<p>Los or\u00edgenes de esta crisis se remontan al menos al verano de 2025, cuando los sindicatos ya advirtieron sobre las dificultades para cubrir turnos, especialmente en fines de semana. El sindicato SATSE, en particular, demand\u00f3 refuerzos \u00aburgentes\u00bb para enfermeras, fisioterapeutas y matronas, argumentando que los turnos se enfrentaban \u00abcon ansiedad\u00bb ante la imposibilidad de garantizar un cuidado \u00f3ptimo. Estas alertas no fueron atendidas adecuadamente, seg\u00fan los representantes sindicales, lo que ha llevado a la actual escalada de protestas. En junio de 2024, por ejemplo, se reportaron recortes en sustituciones de verano en los Centros de Atenci\u00f3n Primaria (CAP) por falta de presupuesto, un patr\u00f3n que se repite en el sistema p\u00fablico catal\u00e1n y que ha exacerbado la presi\u00f3n en hospitales como Can Ruti.<\/p>\n<p>La junta de personal ha convocado una nueva concentraci\u00f3n para el mi\u00e9rcoles 12 de noviembre, a la misma hora, donde se exigir\u00e1 la \u00abdimisi\u00f3n\u00bb completa de la direcci\u00f3n, encabezada por el gerente Josep Maria M\u00f2dol Deltell. Si la respuesta de la gerencia sigue siendo inamovible, los sindicatos evaluar\u00e1n acciones adicionales, incluyendo posibles huelgas o paros parciales. El viernes siguiente, la junta informar\u00e1 a los trabajadores sobre su hoja de ruta, en un intento por mantener la movilizaci\u00f3n unida y sostenida.<\/p>\n<p>Desde la direcci\u00f3n del hospital, se ha respondido reconociendo la sensibilidad ante las quejas. En un comunicado oficial, el Germans Trias i Pujol afirma ser \u00absensible\u00bb a las demandas expresadas por los trabajadores. Reconocen espec\u00edficamente la escasez de personal en enfermer\u00eda, un colectivo donde \u00abes dif\u00edcil cubrir las bajas que van surgiendo, tanto en nuestro hospital como en el resto del sistema sanitario de Catalu\u00f1a\u00bb. Atribuyen este problema a que la bolsa de trabajo del Instituto Catal\u00e0 de la Salut (ICS) \u00abse ha agotado\u00bb en la categor\u00eda de enfermeras, aunque insisten en que en otras categor\u00edas las ausencias se cubren generalmente. \u00abNo es un problema de no querer contratar\u00bb, enfatizan, y aseguran que esta situaci\u00f3n \u00abno compromete en ning\u00fan caso la seguridad asistencial de los pacientes\u00bb. Planean continuar con reuniones peri\u00f3dicas con los agentes sociales para plantear acciones y mantener la \u00abatenci\u00f3n de calidad\u00bb que merecen los usuarios.<\/p>\n<p>Esta explicaci\u00f3n de la direcci\u00f3n choca con la realidad denunciada por los sindicatos. La bolsa de trabajo del ICS, que gestiona las contrataciones temporales en el sistema p\u00fablico catal\u00e1n, ha sido objeto de cr\u00edticas recurrentes. En junio de 2024, parte del personal eventual se qued\u00f3 sin contrato por cuestiones econ\u00f3micas, a pesar de la escasez cr\u00f3nica de profesionales. Fuentes del ICS indican que la bolsa se actualiza peri\u00f3dicamente, pero la demanda supera la oferta disponible, especialmente en enfermer\u00eda. Oposiciones recientes, como la convocatoria de m\u00e1s de 6.000 plazas en 2025, buscan paliar esta brecha, pero los efectos tardar\u00e1n en notarse.<\/p>\n<p>El contexto m\u00e1s amplio revela que los problemas en Can Ruti no son aislados. El sistema sanitario catal\u00e1n enfrenta desaf\u00edos estructurales, como el envejecimiento de la poblaci\u00f3n, el aumento de la demanda pospandemia y restricciones presupuestarias heredadas de a\u00f1os anteriores. En 2015, por ejemplo, se cerraron casi un millar de camas en agosto por reducci\u00f3n de actividad, aunque Salud asegur\u00f3 que se reabrir\u00edan si la presi\u00f3n lo requer\u00eda. Protestas similares han ocurrido en el pasado: en 2020, trabajadores externalizados se manifestaron por pagas pendientes, y en 2012, profesionales de Can Ruti protestaron en Badalona contra recortes que amenazaban cierres de plantas y despidos.<\/p>\n<p>Expertos en salud p\u00fablica, como los del Colegio de M\u00e9dicos de Barcelona, advierten que la falta de personal no solo afecta al bienestar de los trabajadores, sino que pone en riesgo la calidad asistencial. Ratios inadecuados de enfermera por paciente aumentan los errores m\u00e9dicos y el burnout, un s\u00edndrome de agotamiento que ha disparado las bajas laborales en el sector. En Catalu\u00f1a, donde el ICS gestiona la mayor\u00eda de hospitales p\u00fablicos, la inversi\u00f3n en sanidad ha crecido, pero no al ritmo necesario para absorber el incremento demogr\u00e1fico y las nuevas tecnolog\u00edas, como los seis quir\u00f3fanos de \u00faltima generaci\u00f3n inaugurados recientemente en Can Ruti, que contrastan con el cierre de cuatro antiguos, alargando listas de espera.<\/p>\n<p>Pacientes y familiares tambi\u00e9n han expresado preocupaci\u00f3n. Asociaciones como la Federaci\u00f3n de Asociaciones de Vecinos de Badalona han apoyado las demandas de los trabajadores, argumentando que la sobrecarga repercute directamente en la atenci\u00f3n recibida. \u00abCuando un profesional est\u00e1 exhausto, el riesgo para el paciente aumenta\u00bb, comenta un representante an\u00f3nimo de una asociaci\u00f3n local. En redes sociales y foros locales, como el Facebook de Tot Badalona, se han compartido testimonios de esperas prolongadas y servicios saturados, aunque sin detalles espec\u00edficos de la protesta reciente.<\/p>\n<p>La gerencia, que se asom\u00f3 al hall durante la concentraci\u00f3n, pidi\u00f3 \u00abpaciencia\u00bb a los manifestantes, seg\u00fan testigos. Sin embargo, esta respuesta ha sido calificada de insuficiente por los sindicatos, que exigen medidas concretas como la contrataci\u00f3n inmediata de al menos 100 profesionales en categor\u00edas deficitarias y una auditor\u00eda externa de la gesti\u00f3n. \u00abNo podemos esperar m\u00e1s; la salud de pacientes y trabajadores est\u00e1 en juego\u00bb, concluye Dom\u00ednguez.<\/p>\n<p>Esta protesta en Can Ruti se suma a una ola de descontento en el sector sanitario catal\u00e1n. En septiembre de 2025, se ampli\u00f3 la red de urgencias psiqui\u00e1tricas, pero sin refuerzos adecuados, lo que podr\u00eda agravar problemas similares en otros centros. El Govern de la Generalitat, a trav\u00e9s del Departamento de Salud, ha prometido dialogar, pero los sindicatos reclaman acciones urgentes antes de que la situaci\u00f3n derive en un conflicto mayor.<\/p>\n<p>En un momento en que Catalu\u00f1a prepara oposiciones masivas para estabilizar plazas \u2013con 1.713 para enfermer\u00eda en el ICS\u2013, la resoluci\u00f3n de esta crisis podr\u00eda marcar un precedente. Mientras tanto, los trabajadores de Can Ruti mantienen la presi\u00f3n, recordando que su lucha no es solo por derechos laborales, sino por un sistema sanitario p\u00fablico sostenible y de calidad para todos los ciudadanos.<\/p>","protected":false},"excerpt":{"rendered":"<p>M\u00e1s de 300 trabajadores sanitarios exigen soluciones ante la sobrecarga asistencial y la falta de personal en el Hospital Germans Trias i Pujol<\/p>","protected":false},"author":3,"featured_media":67110,"comment_status":"closed","ping_status":"closed","sticky":false,"template":"","format":"standard","meta":{"footnotes":""},"categories":[76],"tags":[],"class_list":["post-67109","post","type-post","status-publish","format-standard","has-post-thumbnail","hentry","category-barcelona"],"yoast_head":"<!-- This site is optimized with the Yoast SEO plugin v27.5 - https:\/\/yoast.com\/product\/yoast-seo-wordpress\/ -->\n<title>Protesta masiva en Can Ruti - Revista Rambla<\/title>\n<meta name=\"robots\" content=\"index, follow, max-snippet:-1, max-image-preview:large, max-video-preview:-1\" \/>\n<link rel=\"canonical\" href=\"https:\/\/www.revistarambla.com\/en\/protesta-masiva-en-can-ruti\/\" \/>\n<meta property=\"og:locale\" content=\"en_GB\" \/>\n<meta property=\"og:type\" content=\"article\" \/>\n<meta property=\"og:title\" content=\"Protesta masiva en Can Ruti - Revista Rambla\" \/>\n<meta property=\"og:description\" content=\"M\u00e1s de 300 trabajadores sanitarios exigen soluciones ante la sobrecarga asistencial y la falta de personal en el Hospital Germans Trias i Pujol\" \/>\n<meta property=\"og:url\" content=\"https:\/\/www.revistarambla.com\/en\/protesta-masiva-en-can-ruti\/\" \/>\n<meta property=\"og:site_name\" content=\"Revista Rambla\" \/>\n<meta property=\"article:publisher\" content=\"https:\/\/www.facebook.com\/revistarambla\/\" \/>\n<meta property=\"article:author\" content=\"https:\/\/www.facebook.com\/revistarambla\" \/>\n<meta property=\"article:published_time\" content=\"2025-11-06T17:44:59+00:00\" \/>\n<meta property=\"article:modified_time\" content=\"2025-11-08T20:36:33+00:00\" \/>\n<meta property=\"og:image\" content=\"https:\/\/www.revistarambla.com\/wp-content\/uploads\/2025\/11\/can-ruti.webp\" \/>\n\t<meta property=\"og:image:width\" content=\"1706\" \/>\n\t<meta property=\"og:image:height\" content=\"960\" \/>\n\t<meta property=\"og:image:type\" content=\"image\/webp\" \/>\n<meta name=\"author\" content=\"R@mbla\" \/>\n<meta name=\"twitter:card\" content=\"summary_large_image\" \/>\n<meta name=\"twitter:creator\" content=\"@revistarambla\" \/>\n<meta name=\"twitter:site\" content=\"@revistarambla\" \/>\n<meta name=\"twitter:label1\" content=\"Written by\" \/>\n\t<meta name=\"twitter:data1\" content=\"R@mbla\" \/>\n\t<meta name=\"twitter:label2\" content=\"Estimated reading time\" \/>\n\t<meta name=\"twitter:data2\" content=\"8 minutes\" \/>\n<script type=\"application\/ld+json\" class=\"yoast-schema-graph\">{\"@context\":\"https:\\\/\\\/schema.org\",\"@graph\":[{\"@type\":\"Article\",\"@id\":\"https:\\\/\\\/www.revistarambla.com\\\/protesta-masiva-en-can-ruti\\\/#article\",\"isPartOf\":{\"@id\":\"https:\\\/\\\/www.revistarambla.com\\\/protesta-masiva-en-can-ruti\\\/\"},\"author\":{\"name\":\"R@mbla\",\"@id\":\"https:\\\/\\\/www.revistarambla.com\\\/#\\\/schema\\\/person\\\/a146a5a2550b94981a75131180e1bd9c\"},\"headline\":\"Protesta masiva en Can Ruti\",\"datePublished\":\"2025-11-06T17:44:59+00:00\",\"dateModified\":\"2025-11-08T20:36:33+00:00\",\"mainEntityOfPage\":{\"@id\":\"https:\\\/\\\/www.revistarambla.com\\\/protesta-masiva-en-can-ruti\\\/\"},\"wordCount\":1605,\"publisher\":{\"@id\":\"https:\\\/\\\/www.revistarambla.com\\\/#organization\"},\"image\":{\"@id\":\"https:\\\/\\\/www.revistarambla.com\\\/protesta-masiva-en-can-ruti\\\/#primaryimage\"},\"thumbnailUrl\":\"https:\\\/\\\/www.revistarambla.com\\\/wp-content\\\/uploads\\\/2025\\\/11\\\/can-ruti.webp\",\"articleSection\":[\"Barcelona\"],\"inLanguage\":\"en-GB\"},{\"@type\":\"WebPage\",\"@id\":\"https:\\\/\\\/www.revistarambla.com\\\/protesta-masiva-en-can-ruti\\\/\",\"url\":\"https:\\\/\\\/www.revistarambla.com\\\/protesta-masiva-en-can-ruti\\\/\",\"name\":\"Protesta masiva en Can Ruti - Revista Rambla\",\"isPartOf\":{\"@id\":\"https:\\\/\\\/www.revistarambla.com\\\/#website\"},\"primaryImageOfPage\":{\"@id\":\"https:\\\/\\\/www.revistarambla.com\\\/protesta-masiva-en-can-ruti\\\/#primaryimage\"},\"image\":{\"@id\":\"https:\\\/\\\/www.revistarambla.com\\\/protesta-masiva-en-can-ruti\\\/#primaryimage\"},\"thumbnailUrl\":\"https:\\\/\\\/www.revistarambla.com\\\/wp-content\\\/uploads\\\/2025\\\/11\\\/can-ruti.webp\",\"datePublished\":\"2025-11-06T17:44:59+00:00\",\"dateModified\":\"2025-11-08T20:36:33+00:00\",\"breadcrumb\":{\"@id\":\"https:\\\/\\\/www.revistarambla.com\\\/protesta-masiva-en-can-ruti\\\/#breadcrumb\"},\"inLanguage\":\"en-GB\",\"potentialAction\":[{\"@type\":\"ReadAction\",\"target\":[\"https:\\\/\\\/www.revistarambla.com\\\/protesta-masiva-en-can-ruti\\\/\"]}]},{\"@type\":\"ImageObject\",\"inLanguage\":\"en-GB\",\"@id\":\"https:\\\/\\\/www.revistarambla.com\\\/protesta-masiva-en-can-ruti\\\/#primaryimage\",\"url\":\"https:\\\/\\\/www.revistarambla.com\\\/wp-content\\\/uploads\\\/2025\\\/11\\\/can-ruti.webp\",\"contentUrl\":\"https:\\\/\\\/www.revistarambla.com\\\/wp-content\\\/uploads\\\/2025\\\/11\\\/can-ruti.webp\",\"width\":1706,\"height\":960,\"caption\":\"can ruti\"},{\"@type\":\"BreadcrumbList\",\"@id\":\"https:\\\/\\\/www.revistarambla.com\\\/protesta-masiva-en-can-ruti\\\/#breadcrumb\",\"itemListElement\":[{\"@type\":\"ListItem\",\"position\":1,\"name\":\"Portada\",\"item\":\"https:\\\/\\\/www.revistarambla.com\\\/\"},{\"@type\":\"ListItem\",\"position\":2,\"name\":\"Protesta masiva en Can Ruti\"}]},{\"@type\":\"WebSite\",\"@id\":\"https:\\\/\\\/www.revistarambla.com\\\/#website\",\"url\":\"https:\\\/\\\/www.revistarambla.com\\\/\",\"name\":\"Revista Rambla Barcelona\",\"description\":\"Periodismo independiente\",\"publisher\":{\"@id\":\"https:\\\/\\\/www.revistarambla.com\\\/#organization\"},\"potentialAction\":[{\"@type\":\"SearchAction\",\"target\":{\"@type\":\"EntryPoint\",\"urlTemplate\":\"https:\\\/\\\/www.revistarambla.com\\\/?s={search_term_string}\"},\"query-input\":{\"@type\":\"PropertyValueSpecification\",\"valueRequired\":true,\"valueName\":\"search_term_string\"}}],\"inLanguage\":\"en-GB\"},{\"@type\":\"Organization\",\"@id\":\"https:\\\/\\\/www.revistarambla.com\\\/#organization\",\"name\":\"Revista Rambla\",\"url\":\"https:\\\/\\\/www.revistarambla.com\\\/\",\"logo\":{\"@type\":\"ImageObject\",\"inLanguage\":\"en-GB\",\"@id\":\"https:\\\/\\\/www.revistarambla.com\\\/#\\\/schema\\\/logo\\\/image\\\/\",\"url\":\"https:\\\/\\\/www.revistarambla.com\\\/wp-content\\\/uploads\\\/2020\\\/09\\\/banner_rambla_1900x600_BB.png\",\"contentUrl\":\"https:\\\/\\\/www.revistarambla.com\\\/wp-content\\\/uploads\\\/2020\\\/09\\\/banner_rambla_1900x600_BB.png\",\"width\":1900,\"height\":600,\"caption\":\"Revista Rambla\"},\"image\":{\"@id\":\"https:\\\/\\\/www.revistarambla.com\\\/#\\\/schema\\\/logo\\\/image\\\/\"},\"sameAs\":[\"https:\\\/\\\/www.facebook.com\\\/revistarambla\\\/\",\"https:\\\/\\\/x.com\\\/revistarambla\",\"https:\\\/\\\/www.instagram.com\\\/revista_rambla\",\"https:\\\/\\\/es.linkedin.com\\\/company\\\/revista-rambla\"]},{\"@type\":\"Person\",\"@id\":\"https:\\\/\\\/www.revistarambla.com\\\/#\\\/schema\\\/person\\\/a146a5a2550b94981a75131180e1bd9c\",\"name\":\"R@mbla\",\"description\":\"Este art\u00edculo ha sido redactado y\\\/o validado por el equipo de redacci\u00f3n de Revista Rambla.\",\"sameAs\":[\"https:\\\/\\\/www.revistarambla.com\\\/\",\"https:\\\/\\\/www.facebook.com\\\/revistarambla\",\"https:\\\/\\\/x.com\\\/revistarambla\"]}]}<\/script>\n<!-- \/ Yoast SEO plugin. -->","yoast_head_json":{"title":"Protesta masiva en Can Ruti - Revista Rambla","robots":{"index":"index","follow":"follow","max-snippet":"max-snippet:-1","max-image-preview":"max-image-preview:large","max-video-preview":"max-video-preview:-1"},"canonical":"https:\/\/www.revistarambla.com\/en\/protesta-masiva-en-can-ruti\/","og_locale":"en_GB","og_type":"article","og_title":"Protesta masiva en Can Ruti - Revista Rambla","og_description":"M\u00e1s de 300 trabajadores sanitarios exigen soluciones ante la sobrecarga asistencial y la falta de personal en el Hospital Germans Trias i Pujol","og_url":"https:\/\/www.revistarambla.com\/en\/protesta-masiva-en-can-ruti\/","og_site_name":"Revista Rambla","article_publisher":"https:\/\/www.facebook.com\/revistarambla\/","article_author":"https:\/\/www.facebook.com\/revistarambla","article_published_time":"2025-11-06T17:44:59+00:00","article_modified_time":"2025-11-08T20:36:33+00:00","og_image":[{"width":1706,"height":960,"url":"https:\/\/www.revistarambla.com\/wp-content\/uploads\/2025\/11\/can-ruti.webp","type":"image\/webp"}],"author":"R@mbla","twitter_card":"summary_large_image","twitter_creator":"@revistarambla","twitter_site":"@revistarambla","twitter_misc":{"Written by":"R@mbla","Estimated reading time":"8 minutes"},"schema":{"@context":"https:\/\/schema.org","@graph":[{"@type":"Article","@id":"https:\/\/www.revistarambla.com\/protesta-masiva-en-can-ruti\/#article","isPartOf":{"@id":"https:\/\/www.revistarambla.com\/protesta-masiva-en-can-ruti\/"},"author":{"name":"R@mbla","@id":"https:\/\/www.revistarambla.com\/#\/schema\/person\/a146a5a2550b94981a75131180e1bd9c"},"headline":"Protesta masiva en Can Ruti","datePublished":"2025-11-06T17:44:59+00:00","dateModified":"2025-11-08T20:36:33+00:00","mainEntityOfPage":{"@id":"https:\/\/www.revistarambla.com\/protesta-masiva-en-can-ruti\/"},"wordCount":1605,"publisher":{"@id":"https:\/\/www.revistarambla.com\/#organization"},"image":{"@id":"https:\/\/www.revistarambla.com\/protesta-masiva-en-can-ruti\/#primaryimage"},"thumbnailUrl":"https:\/\/www.revistarambla.com\/wp-content\/uploads\/2025\/11\/can-ruti.webp","articleSection":["Barcelona"],"inLanguage":"en-GB"},{"@type":"WebPage","@id":"https:\/\/www.revistarambla.com\/protesta-masiva-en-can-ruti\/","url":"https:\/\/www.revistarambla.com\/protesta-masiva-en-can-ruti\/","name":"Protesta masiva en Can Ruti - Revista Rambla","isPartOf":{"@id":"https:\/\/www.revistarambla.com\/#website"},"primaryImageOfPage":{"@id":"https:\/\/www.revistarambla.com\/protesta-masiva-en-can-ruti\/#primaryimage"},"image":{"@id":"https:\/\/www.revistarambla.com\/protesta-masiva-en-can-ruti\/#primaryimage"},"thumbnailUrl":"https:\/\/www.revistarambla.com\/wp-content\/uploads\/2025\/11\/can-ruti.webp","datePublished":"2025-11-06T17:44:59+00:00","dateModified":"2025-11-08T20:36:33+00:00","breadcrumb":{"@id":"https:\/\/www.revistarambla.com\/protesta-masiva-en-can-ruti\/#breadcrumb"},"inLanguage":"en-GB","potentialAction":[{"@type":"ReadAction","target":["https:\/\/www.revistarambla.com\/protesta-masiva-en-can-ruti\/"]}]},{"@type":"ImageObject","inLanguage":"en-GB","@id":"https:\/\/www.revistarambla.com\/protesta-masiva-en-can-ruti\/#primaryimage","url":"https:\/\/www.revistarambla.com\/wp-content\/uploads\/2025\/11\/can-ruti.webp","contentUrl":"https:\/\/www.revistarambla.com\/wp-content\/uploads\/2025\/11\/can-ruti.webp","width":1706,"height":960,"caption":"can ruti"},{"@type":"BreadcrumbList","@id":"https:\/\/www.revistarambla.com\/protesta-masiva-en-can-ruti\/#breadcrumb","itemListElement":[{"@type":"ListItem","position":1,"name":"Portada","item":"https:\/\/www.revistarambla.com\/"},{"@type":"ListItem","position":2,"name":"Protesta masiva en Can Ruti"}]},{"@type":"WebSite","@id":"https:\/\/www.revistarambla.com\/#website","url":"https:\/\/www.revistarambla.com\/","name":"Revista Rambla Barcelona","description":"Periodismo independiente","publisher":{"@id":"https:\/\/www.revistarambla.com\/#organization"},"potentialAction":[{"@type":"SearchAction","target":{"@type":"EntryPoint","urlTemplate":"https:\/\/www.revistarambla.com\/?s={search_term_string}"},"query-input":{"@type":"PropertyValueSpecification","valueRequired":true,"valueName":"search_term_string"}}],"inLanguage":"en-GB"},{"@type":"Organization","@id":"https:\/\/www.revistarambla.com\/#organization","name":"Revista Rambla","url":"https:\/\/www.revistarambla.com\/","logo":{"@type":"ImageObject","inLanguage":"en-GB","@id":"https:\/\/www.revistarambla.com\/#\/schema\/logo\/image\/","url":"https:\/\/www.revistarambla.com\/wp-content\/uploads\/2020\/09\/banner_rambla_1900x600_BB.png","contentUrl":"https:\/\/www.revistarambla.com\/wp-content\/uploads\/2020\/09\/banner_rambla_1900x600_BB.png","width":1900,"height":600,"caption":"Revista Rambla"},"image":{"@id":"https:\/\/www.revistarambla.com\/#\/schema\/logo\/image\/"},"sameAs":["https:\/\/www.facebook.com\/revistarambla\/","https:\/\/x.com\/revistarambla","https:\/\/www.instagram.com\/revista_rambla","https:\/\/es.linkedin.com\/company\/revista-rambla"]},{"@type":"Person","@id":"https:\/\/www.revistarambla.com\/#\/schema\/person\/a146a5a2550b94981a75131180e1bd9c","name":"R@mbla","description":"Este art\u00edculo ha sido redactado y\/o validado por el equipo de redacci\u00f3n de Revista Rambla.","sameAs":["https:\/\/www.revistarambla.com\/","https:\/\/www.facebook.com\/revistarambla","https:\/\/x.com\/revistarambla"]}]}},"_links":{"self":[{"href":"https:\/\/www.revistarambla.com\/en\/wp-json\/wp\/v2\/posts\/67109","targetHints":{"allow":["GET"]}}],"collection":[{"href":"https:\/\/www.revistarambla.com\/en\/wp-json\/wp\/v2\/posts"}],"about":[{"href":"https:\/\/www.revistarambla.com\/en\/wp-json\/wp\/v2\/types\/post"}],"author":[{"embeddable":true,"href":"https:\/\/www.revistarambla.com\/en\/wp-json\/wp\/v2\/users\/3"}],"replies":[{"embeddable":true,"href":"https:\/\/www.revistarambla.com\/en\/wp-json\/wp\/v2\/comments?post=67109"}],"version-history":[{"count":1,"href":"https:\/\/www.revistarambla.com\/en\/wp-json\/wp\/v2\/posts\/67109\/revisions"}],"predecessor-version":[{"id":67111,"href":"https:\/\/www.revistarambla.com\/en\/wp-json\/wp\/v2\/posts\/67109\/revisions\/67111"}],"wp:featuredmedia":[{"embeddable":true,"href":"https:\/\/www.revistarambla.com\/en\/wp-json\/wp\/v2\/media\/67110"}],"wp:attachment":[{"href":"https:\/\/www.revistarambla.com\/en\/wp-json\/wp\/v2\/media?parent=67109"}],"wp:term":[{"taxonomy":"category","embeddable":true,"href":"https:\/\/www.revistarambla.com\/en\/wp-json\/wp\/v2\/categories?post=67109"},{"taxonomy":"post_tag","embeddable":true,"href":"https:\/\/www.revistarambla.com\/en\/wp-json\/wp\/v2\/tags?post=67109"}],"curies":[{"name":"wp","href":"https:\/\/api.w.org\/{rel}","templated":true}]}}