{"id":67106,"date":"2025-11-06T13:14:36","date_gmt":"2025-11-06T12:14:36","guid":{"rendered":"https:\/\/www.revistarambla.com\/?p=67106"},"modified":"2025-11-06T13:14:36","modified_gmt":"2025-11-06T12:14:36","slug":"vivimos-sin-mirar-atras","status":"publish","type":"post","link":"https:\/\/www.revistarambla.com\/en\/vivimos-sin-mirar-atras\/","title":{"rendered":"Vivimos sin mirar atr\u00e1s"},"content":{"rendered":"<p>En la penumbra de una habitaci\u00f3n de hotel en las afueras de Madrid, donde el tr\u00e1fico nocturno se filtraba como un rumor distante, Elena y Marcos yac\u00edan entrelazados sobre s\u00e1banas arrugadas que ol\u00edan a sudor y a jazm\u00edn marchito. El aire estaba cargado de esa densidad postcoital, esa quietud que sigue al \u00e9xtasis, cuando los cuerpos a\u00fan palpitan con el eco de los gemidos. Elena, con su cabello negro desparramado como un r\u00edo de tinta sobre la almohada, trazaba con un dedo perezoso los tatuajes que cubr\u00edan el pecho de Marcos: un lobo aullando a una luna inexistente, s\u00edmbolo de una vida que ambos hab\u00edan dejado atr\u00e1s.<\/p>\n<p>\u00abNo mires atr\u00e1s\u00bb, murmur\u00f3 ella, su voz ronca por los susurros apasionados de hace unos minutos. Marcos gir\u00f3 la cabeza, sus ojos verdes clav\u00e1ndose en los de ella con esa intensidad que siempre la desarmaba. \u00abNunca lo hacemos\u00bb, respondi\u00f3 \u00e9l, y sell\u00f3 sus palabras con un beso que sab\u00eda a whisky y a promesas rotas.<\/p>\n<p>Hab\u00edan huido juntos hac\u00eda tres a\u00f1os, de una vida que se desmoronaba como un castillo de arena bajo la marea. Elena era una abogada de \u00e9xito en Barcelona, casada con un hombre que la asfixiaba con su control obsesivo, un ejecutivo que coleccionaba infidelidades como trofeos. Marcos, por su parte, era un pintor errante, marcado por el estigma de un pasado carcelario: un robo impulsivo en su juventud que lo hab\u00eda condenado a diez a\u00f1os de rejas y remordimientos. Se conocieron en un bar de mala muerte, donde el humo de los cigarrillos velaba las confesiones. Ella buscaba un escape; \u00e9l, una redenci\u00f3n. Esa noche, bajo las luces ne\u00f3n parpadeantes, sus cuerpos se encontraron en un callej\u00f3n, urgentes y desesperados, como si el mundo se acabara al amanecer.<\/p>\n<p>Desde entonces, viv\u00edan en movimiento perpetuo. De ciudad en ciudad, de hotel en hotel, sin ra\u00edces que los ataran. \u00abVivimos sin mirar atr\u00e1s\u00bb, se dec\u00edan como un mantra, un pacto sellado en la piel. Pero el pasado, ese espectro insidioso, siempre acechaba en las sombras.<\/p>\n<p>Aquella noche en Madrid, despu\u00e9s de una cena improvisada en un restaurante de tapas donde rieron hasta que les doli\u00f3 el est\u00f3mago, regresaron al hotel con el deseo ardiendo en sus venas. Marcos la hab\u00eda tomado contra la puerta, apenas cruzaron el umbral, sus manos \u00e1speras levantando su falda con impaciencia. Elena se entreg\u00f3 sin reservas, sus u\u00f1as clav\u00e1ndose en su espalda mientras \u00e9l la penetraba con una ferocidad que borraba todo lo dem\u00e1s. \u00abM\u00e1s fuerte\u00bb, jade\u00f3 ella, y \u00e9l obedeci\u00f3, embisti\u00e9ndola hasta que el placer se convirti\u00f3 en un torbellino que los arrastr\u00f3 a ambos al abismo. Cayeron al suelo, riendo entre gemidos, y continuaron en la cama, explorando cada cent\u00edmetro de sus cuerpos como si fuera la primera vez. Sus lenguas se entrelazaron en besos profundos, sus dedos trazaron mapas de deseo sobre piel h\u00fameda. Elena mont\u00f3 sobre \u00e9l, movi\u00e9ndose con un ritmo hipn\u00f3tico, sus pechos balance\u00e1ndose al comp\u00e1s de sus caderas. Marcos la mir\u00f3 con adoraci\u00f3n, sus manos aferradas a sus muslos, gui\u00e1ndola hacia el cl\u00edmax que los dej\u00f3 exhaustos y saciados.<\/p>\n<p>Pero ahora, en la quietud posterior, el silencio se llenaba de fantasmas. Elena se incorpor\u00f3 sobre un codo, su desnudez iluminada por la luz anaranjada de la l\u00e1mpara. \u00abHoy vi a alguien que me record\u00f3 a \u00e9l\u00bb, confes\u00f3, refiri\u00e9ndose a su exmarido. Marcos tens\u00f3 los m\u00fasculos, pero no dijo nada. Sab\u00eda que no deb\u00eda preguntar. En su lugar, rod\u00f3 sobre ella, besando su cuello con ternura. \u00abNo existe\u00bb, susurr\u00f3 contra su piel. \u00abSolo nosotros\u00bb.<\/p>\n<p>Al d\u00eda siguiente, partieron hacia Sevilla, en un coche alquilado que ol\u00eda a cuero viejo y a libertad. La carretera se extend\u00eda como una cinta infinita bajo un cielo plomizo, y Elena conduc\u00eda con la ventanilla bajada, el viento azotando su cabello. Marcos pintaba en un cuaderno sobre sus rodillas, bocetos abstractos de curvas femeninas y sombras alargadas. \u00abEres mi musa\u00bb, le dijo, y ella sonri\u00f3, extendiendo una mano para rozar su rodilla.<\/p>\n<p>En Sevilla, se instalaron en un apartamento en el Barrio de Santa Cruz, con balcones floridos y vistas a callejuelas empedradas. La ciudad los envolvi\u00f3 con su calor sofocante y su bullicio eterno. Por las noches, sal\u00edan a bailar flamenco en tabancos ocultos, donde el taconeo resonaba como un latido primitivo. Una vez, en un rinc\u00f3n oscuro de un bar, Marcos la bes\u00f3 con pasi\u00f3n, sus manos desliz\u00e1ndose bajo su vestido mientras la m\u00fasica los envolv\u00eda. \u00abTe deseo aqu\u00ed mismo\u00bb, murmur\u00f3 \u00e9l, y ella, con una risa traviesa, lo arrastr\u00f3 a un ba\u00f1o estrecho. All\u00ed, contra la pared fr\u00eda, se unieron de nuevo, sus cuerpos movi\u00e9ndose al ritmo de la guitarra lejana. Elena sinti\u00f3 el placer ascender como una llama, culminando en un orgasmo que la dej\u00f3 temblando en sus brazos.<\/p>\n<p>Pero el pasado no se rend\u00eda. Una tarde, mientras paseaban por la Plaza de Espa\u00f1a, Elena recibi\u00f3 una llamada de un n\u00famero desconocido. Era su exmarido, que hab\u00eda rastreado su rastro a trav\u00e9s de un amigo com\u00fan. \u00abVuelve\u00bb, le suplic\u00f3, su voz te\u00f1ida de desesperaci\u00f3n. \u00abTe perdono todo\u00bb. Ella colg\u00f3 sin responder, pero el veneno ya se hab\u00eda filtrado. Esa noche, en la cama, Marcos not\u00f3 su distancia. \u00abH\u00e1blame\u00bb, insisti\u00f3, sus dedos acariciando su espalda.<\/p>\n<p>Elena se gir\u00f3 hacia \u00e9l, las l\u00e1grimas brillando en sus ojos. \u00abQuiere que vuelva. Dice que ha cambiado\u00bb. Marcos la atrajo hacia s\u00ed, besando sus l\u00e1grimas. \u00abPero t\u00fa no quieres eso. T\u00fa quieres esto\u00bb. Y para demostrarlo, la am\u00f3 con una lentitud deliberada, explorando su cuerpo como un territorio sagrado. Sus labios recorrieron sus senos, su lengua trazando c\u00edrculos en sus pezones endurecidos. Baj\u00f3 m\u00e1s, besando su vientre, sus muslos, hasta llegar al centro de su deseo. Elena arque\u00f3 la espalda, gimiendo mientras \u00e9l la devoraba con maestr\u00eda, llev\u00e1ndola al borde una y otra vez antes de penetrarla con ternura. Se movieron juntos, un baile lento y profundo, hasta que el placer los uni\u00f3 en un cl\u00edmax compartido, un recordatorio de que su uni\u00f3n era m\u00e1s fuerte que cualquier sombra.<\/p>\n<p>Decidieron mudarse de nuevo, esta vez a Lisboa, cruzando la frontera en busca de un nuevo comienzo. El viaje fue un ritual de purificaci\u00f3n: pararon en playas desiertas, donde nadaron desnudos en el Atl\u00e1ntico, el agua fr\u00eda lavando sus pecados. En una de esas playas, bajo un atardecer rojo sangre, Marcos la tom\u00f3 en la arena, sus cuerpos cubiertos de sal y deseo. \u00abEres m\u00eda\u00bb, gru\u00f1\u00f3 \u00e9l, embisti\u00e9ndola con pasi\u00f3n primitiva. Elena respondi\u00f3 con igual ferocidad, sus u\u00f1as dejando surcos en su espalda, sus gemidos perdidos en el rugido de las olas.<\/p>\n<p>En Lisboa, alquilaron una casa en Alfama, con vistas al Tajo y al puente colgante. Marcos pintaba furiosamente, lienzos llenos de colores vibrantes que capturaban la esencia de su amor. Elena escrib\u00eda un diario, palabras que flu\u00edan como un r\u00edo desbordado, contando su historia sin filtros. Pero el pasado persist\u00eda. Marcos recibi\u00f3 una carta de su antiguo compa\u00f1ero de celda, record\u00e1ndole una deuda pendiente. \u00abVienen por ti\u00bb, dec\u00eda. \u00c9l la quem\u00f3 sin dudar, pero la inquietud se instal\u00f3 en su pecho.<\/p>\n<p>Una noche de tormenta, con el trueno retumbando como un presagio, Elena lo confront\u00f3. \u00abNo podemos huir para siempre\u00bb. Marcos la mir\u00f3, su rostro iluminado por un rel\u00e1mpago. \u00abS\u00ed podemos. Mientras estemos juntos\u00bb. La bes\u00f3 con urgencia, sus manos despoj\u00e1ndola de la ropa. La levant\u00f3 contra la ventana, el vidrio fr\u00edo contra su espalda, y la penetr\u00f3 con fuerza, como si quisiera fundirse en ella. Elena grit\u00f3 de placer, sus piernas envolvi\u00e9ndolo, sus cuerpos chocando en un frenes\u00ed que ahuyentaba los demonios. Culminaron juntos, exhaustos, y en ese momento, supieron que su mantra era verdad.<\/p>\n<p>Meses despu\u00e9s, en una villa remota en las colinas portuguesas, Elena descubri\u00f3 que estaba embarazada. La noticia los sacudi\u00f3 como un terremoto. \u00ab\u00bfY si no estamos listos?\u00bb, pregunt\u00f3 ella, acurrucada en sus brazos. Marcos bes\u00f3 su vientre incipiente. \u00abLo estaremos. No miramos atr\u00e1s, \u00bfrecuerdas? Solo adelante\u00bb.<\/p>\n<p>El ni\u00f1o naci\u00f3 en primavera, un var\u00f3n con los ojos verdes de su padre y el cabello negro de su madre. Lo llamaron Lucas, luz en la oscuridad. Viv\u00edan en paz, cultivando un jard\u00edn y pintando sue\u00f1os. El pasado se desvanec\u00eda como niebla al sol. De vez en cuando, en las noches tranquilas, se amaban con la misma pasi\u00f3n, sus cuerpos recordando el fuego que los uni\u00f3.<\/p>\n<p>Pero una vez, a\u00f1os despu\u00e9s, cuando Lucas ya corr\u00eda por los campos, Elena encontr\u00f3 una vieja foto en el fondo de un caj\u00f3n: su exmarido sonriendo en una vida que ya no era suya. La mir\u00f3 un instante, luego la rompi\u00f3 en pedazos. Marcos la vio y sonri\u00f3. \u00abBien hecho\u00bb.<\/p>\n<p>Viv\u00edan sin mirar atr\u00e1s, en un presente eterno, donde el amor era su \u00fanica ancla. Y en ese mundo que hab\u00edan construido, nada m\u00e1s importaba.<\/p>","protected":false},"excerpt":{"rendered":"<p>En la penumbra de una habitaci\u00f3n de hotel en las afueras de Madrid, donde el tr\u00e1fico nocturno se filtraba como un rumor distante, Elena y Marcos yac\u00edan entrelazados sobre s\u00e1banas arrugadas que ol\u00edan a sudor y a jazm\u00edn marchito. El aire estaba cargado de esa densidad postcoital, esa quietud que [&hellip;]<\/p>\n","protected":false},"author":1,"featured_media":67107,"comment_status":"closed","ping_status":"closed","sticky":false,"template":"","format":"standard","meta":{"footnotes":""},"categories":[75],"tags":[],"class_list":["post-67106","post","type-post","status-publish","format-standard","has-post-thumbnail","hentry","category-letras-y-cuentos"],"yoast_head":"<!-- This site is optimized with the Yoast SEO plugin v27.5 - https:\/\/yoast.com\/product\/yoast-seo-wordpress\/ -->\n<title>Vivimos sin mirar atr\u00e1s - Revista Rambla<\/title>\n<meta name=\"robots\" content=\"index, follow, max-snippet:-1, max-image-preview:large, max-video-preview:-1\" \/>\n<link rel=\"canonical\" href=\"https:\/\/www.revistarambla.com\/en\/vivimos-sin-mirar-atras\/\" \/>\n<meta property=\"og:locale\" content=\"en_GB\" \/>\n<meta property=\"og:type\" content=\"article\" \/>\n<meta property=\"og:title\" content=\"Vivimos sin mirar atr\u00e1s - Revista Rambla\" \/>\n<meta property=\"og:description\" content=\"En la penumbra de una habitaci\u00f3n de hotel en las afueras de Madrid, donde el tr\u00e1fico nocturno se filtraba como un rumor distante, Elena y Marcos yac\u00edan entrelazados sobre s\u00e1banas arrugadas que ol\u00edan a sudor y a jazm\u00edn marchito. El aire estaba cargado de esa densidad postcoital, esa quietud que [&hellip;]\" \/>\n<meta property=\"og:url\" content=\"https:\/\/www.revistarambla.com\/en\/vivimos-sin-mirar-atras\/\" \/>\n<meta property=\"og:site_name\" content=\"Revista Rambla\" \/>\n<meta property=\"article:publisher\" content=\"https:\/\/www.facebook.com\/revistarambla\/\" \/>\n<meta property=\"article:published_time\" content=\"2025-11-06T12:14:36+00:00\" \/>\n<meta property=\"og:image\" content=\"https:\/\/www.revistarambla.com\/wp-content\/uploads\/2025\/11\/creacion_5511221_4512144_1706x960.webp\" \/>\n\t<meta property=\"og:image:width\" content=\"1706\" \/>\n\t<meta property=\"og:image:height\" content=\"960\" \/>\n\t<meta property=\"og:image:type\" content=\"image\/webp\" \/>\n<meta name=\"author\" content=\"Alejandra Maller\" \/>\n<meta name=\"twitter:card\" content=\"summary_large_image\" \/>\n<meta name=\"twitter:creator\" content=\"@revistarambla\" \/>\n<meta name=\"twitter:site\" content=\"@revistarambla\" \/>\n<meta name=\"twitter:label1\" content=\"Written by\" \/>\n\t<meta name=\"twitter:data1\" content=\"Alejandra Maller\" \/>\n\t<meta name=\"twitter:label2\" content=\"Estimated reading time\" \/>\n\t<meta name=\"twitter:data2\" content=\"7 minutes\" \/>\n<script type=\"application\/ld+json\" class=\"yoast-schema-graph\">{\"@context\":\"https:\\\/\\\/schema.org\",\"@graph\":[{\"@type\":\"Article\",\"@id\":\"https:\\\/\\\/www.revistarambla.com\\\/vivimos-sin-mirar-atras\\\/#article\",\"isPartOf\":{\"@id\":\"https:\\\/\\\/www.revistarambla.com\\\/vivimos-sin-mirar-atras\\\/\"},\"author\":{\"name\":\"Alejandra Maller\",\"@id\":\"https:\\\/\\\/www.revistarambla.com\\\/#\\\/schema\\\/person\\\/4a5652fc8c82df1f8593002d038cd79e\"},\"headline\":\"Vivimos sin mirar atr\u00e1s\",\"datePublished\":\"2025-11-06T12:14:36+00:00\",\"mainEntityOfPage\":{\"@id\":\"https:\\\/\\\/www.revistarambla.com\\\/vivimos-sin-mirar-atras\\\/\"},\"wordCount\":1570,\"publisher\":{\"@id\":\"https:\\\/\\\/www.revistarambla.com\\\/#organization\"},\"image\":{\"@id\":\"https:\\\/\\\/www.revistarambla.com\\\/vivimos-sin-mirar-atras\\\/#primaryimage\"},\"thumbnailUrl\":\"https:\\\/\\\/www.revistarambla.com\\\/wp-content\\\/uploads\\\/2025\\\/11\\\/creacion_5511221_4512144_1706x960.webp\",\"articleSection\":[\"Letras y Cuentos\"],\"inLanguage\":\"en-GB\"},{\"@type\":\"WebPage\",\"@id\":\"https:\\\/\\\/www.revistarambla.com\\\/vivimos-sin-mirar-atras\\\/\",\"url\":\"https:\\\/\\\/www.revistarambla.com\\\/vivimos-sin-mirar-atras\\\/\",\"name\":\"Vivimos sin mirar atr\u00e1s - Revista Rambla\",\"isPartOf\":{\"@id\":\"https:\\\/\\\/www.revistarambla.com\\\/#website\"},\"primaryImageOfPage\":{\"@id\":\"https:\\\/\\\/www.revistarambla.com\\\/vivimos-sin-mirar-atras\\\/#primaryimage\"},\"image\":{\"@id\":\"https:\\\/\\\/www.revistarambla.com\\\/vivimos-sin-mirar-atras\\\/#primaryimage\"},\"thumbnailUrl\":\"https:\\\/\\\/www.revistarambla.com\\\/wp-content\\\/uploads\\\/2025\\\/11\\\/creacion_5511221_4512144_1706x960.webp\",\"datePublished\":\"2025-11-06T12:14:36+00:00\",\"breadcrumb\":{\"@id\":\"https:\\\/\\\/www.revistarambla.com\\\/vivimos-sin-mirar-atras\\\/#breadcrumb\"},\"inLanguage\":\"en-GB\",\"potentialAction\":[{\"@type\":\"ReadAction\",\"target\":[\"https:\\\/\\\/www.revistarambla.com\\\/vivimos-sin-mirar-atras\\\/\"]}]},{\"@type\":\"ImageObject\",\"inLanguage\":\"en-GB\",\"@id\":\"https:\\\/\\\/www.revistarambla.com\\\/vivimos-sin-mirar-atras\\\/#primaryimage\",\"url\":\"https:\\\/\\\/www.revistarambla.com\\\/wp-content\\\/uploads\\\/2025\\\/11\\\/creacion_5511221_4512144_1706x960.webp\",\"contentUrl\":\"https:\\\/\\\/www.revistarambla.com\\\/wp-content\\\/uploads\\\/2025\\\/11\\\/creacion_5511221_4512144_1706x960.webp\",\"width\":1706,\"height\":960,\"caption\":\"RELATO APASIONADO\"},{\"@type\":\"BreadcrumbList\",\"@id\":\"https:\\\/\\\/www.revistarambla.com\\\/vivimos-sin-mirar-atras\\\/#breadcrumb\",\"itemListElement\":[{\"@type\":\"ListItem\",\"position\":1,\"name\":\"Portada\",\"item\":\"https:\\\/\\\/www.revistarambla.com\\\/\"},{\"@type\":\"ListItem\",\"position\":2,\"name\":\"Vivimos sin mirar atr\u00e1s\"}]},{\"@type\":\"WebSite\",\"@id\":\"https:\\\/\\\/www.revistarambla.com\\\/#website\",\"url\":\"https:\\\/\\\/www.revistarambla.com\\\/\",\"name\":\"Revista Rambla Barcelona\",\"description\":\"Periodismo independiente\",\"publisher\":{\"@id\":\"https:\\\/\\\/www.revistarambla.com\\\/#organization\"},\"potentialAction\":[{\"@type\":\"SearchAction\",\"target\":{\"@type\":\"EntryPoint\",\"urlTemplate\":\"https:\\\/\\\/www.revistarambla.com\\\/?s={search_term_string}\"},\"query-input\":{\"@type\":\"PropertyValueSpecification\",\"valueRequired\":true,\"valueName\":\"search_term_string\"}}],\"inLanguage\":\"en-GB\"},{\"@type\":\"Organization\",\"@id\":\"https:\\\/\\\/www.revistarambla.com\\\/#organization\",\"name\":\"Revista Rambla\",\"url\":\"https:\\\/\\\/www.revistarambla.com\\\/\",\"logo\":{\"@type\":\"ImageObject\",\"inLanguage\":\"en-GB\",\"@id\":\"https:\\\/\\\/www.revistarambla.com\\\/#\\\/schema\\\/logo\\\/image\\\/\",\"url\":\"https:\\\/\\\/www.revistarambla.com\\\/wp-content\\\/uploads\\\/2020\\\/09\\\/banner_rambla_1900x600_BB.png\",\"contentUrl\":\"https:\\\/\\\/www.revistarambla.com\\\/wp-content\\\/uploads\\\/2020\\\/09\\\/banner_rambla_1900x600_BB.png\",\"width\":1900,\"height\":600,\"caption\":\"Revista Rambla\"},\"image\":{\"@id\":\"https:\\\/\\\/www.revistarambla.com\\\/#\\\/schema\\\/logo\\\/image\\\/\"},\"sameAs\":[\"https:\\\/\\\/www.facebook.com\\\/revistarambla\\\/\",\"https:\\\/\\\/x.com\\\/revistarambla\",\"https:\\\/\\\/www.instagram.com\\\/revista_rambla\",\"https:\\\/\\\/es.linkedin.com\\\/company\\\/revista-rambla\"]},{\"@type\":\"Person\",\"@id\":\"https:\\\/\\\/www.revistarambla.com\\\/#\\\/schema\\\/person\\\/4a5652fc8c82df1f8593002d038cd79e\",\"name\":\"Alejandra Maller\",\"description\":\"Periodista y catalana.\",\"sameAs\":[\"https:\\\/\\\/www.revistarambla.com\\\/\"]}]}<\/script>\n<!-- \/ Yoast SEO plugin. -->","yoast_head_json":{"title":"Vivimos sin mirar atr\u00e1s - Revista Rambla","robots":{"index":"index","follow":"follow","max-snippet":"max-snippet:-1","max-image-preview":"max-image-preview:large","max-video-preview":"max-video-preview:-1"},"canonical":"https:\/\/www.revistarambla.com\/en\/vivimos-sin-mirar-atras\/","og_locale":"en_GB","og_type":"article","og_title":"Vivimos sin mirar atr\u00e1s - Revista Rambla","og_description":"En la penumbra de una habitaci\u00f3n de hotel en las afueras de Madrid, donde el tr\u00e1fico nocturno se filtraba como un rumor distante, Elena y Marcos yac\u00edan entrelazados sobre s\u00e1banas arrugadas que ol\u00edan a sudor y a jazm\u00edn marchito. El aire estaba cargado de esa densidad postcoital, esa quietud que [&hellip;]","og_url":"https:\/\/www.revistarambla.com\/en\/vivimos-sin-mirar-atras\/","og_site_name":"Revista Rambla","article_publisher":"https:\/\/www.facebook.com\/revistarambla\/","article_published_time":"2025-11-06T12:14:36+00:00","og_image":[{"width":1706,"height":960,"url":"https:\/\/www.revistarambla.com\/wp-content\/uploads\/2025\/11\/creacion_5511221_4512144_1706x960.webp","type":"image\/webp"}],"author":"Alejandra Maller","twitter_card":"summary_large_image","twitter_creator":"@revistarambla","twitter_site":"@revistarambla","twitter_misc":{"Written by":"Alejandra Maller","Estimated reading time":"7 minutes"},"schema":{"@context":"https:\/\/schema.org","@graph":[{"@type":"Article","@id":"https:\/\/www.revistarambla.com\/vivimos-sin-mirar-atras\/#article","isPartOf":{"@id":"https:\/\/www.revistarambla.com\/vivimos-sin-mirar-atras\/"},"author":{"name":"Alejandra Maller","@id":"https:\/\/www.revistarambla.com\/#\/schema\/person\/4a5652fc8c82df1f8593002d038cd79e"},"headline":"Vivimos sin mirar atr\u00e1s","datePublished":"2025-11-06T12:14:36+00:00","mainEntityOfPage":{"@id":"https:\/\/www.revistarambla.com\/vivimos-sin-mirar-atras\/"},"wordCount":1570,"publisher":{"@id":"https:\/\/www.revistarambla.com\/#organization"},"image":{"@id":"https:\/\/www.revistarambla.com\/vivimos-sin-mirar-atras\/#primaryimage"},"thumbnailUrl":"https:\/\/www.revistarambla.com\/wp-content\/uploads\/2025\/11\/creacion_5511221_4512144_1706x960.webp","articleSection":["Letras y Cuentos"],"inLanguage":"en-GB"},{"@type":"WebPage","@id":"https:\/\/www.revistarambla.com\/vivimos-sin-mirar-atras\/","url":"https:\/\/www.revistarambla.com\/vivimos-sin-mirar-atras\/","name":"Vivimos sin mirar atr\u00e1s - Revista Rambla","isPartOf":{"@id":"https:\/\/www.revistarambla.com\/#website"},"primaryImageOfPage":{"@id":"https:\/\/www.revistarambla.com\/vivimos-sin-mirar-atras\/#primaryimage"},"image":{"@id":"https:\/\/www.revistarambla.com\/vivimos-sin-mirar-atras\/#primaryimage"},"thumbnailUrl":"https:\/\/www.revistarambla.com\/wp-content\/uploads\/2025\/11\/creacion_5511221_4512144_1706x960.webp","datePublished":"2025-11-06T12:14:36+00:00","breadcrumb":{"@id":"https:\/\/www.revistarambla.com\/vivimos-sin-mirar-atras\/#breadcrumb"},"inLanguage":"en-GB","potentialAction":[{"@type":"ReadAction","target":["https:\/\/www.revistarambla.com\/vivimos-sin-mirar-atras\/"]}]},{"@type":"ImageObject","inLanguage":"en-GB","@id":"https:\/\/www.revistarambla.com\/vivimos-sin-mirar-atras\/#primaryimage","url":"https:\/\/www.revistarambla.com\/wp-content\/uploads\/2025\/11\/creacion_5511221_4512144_1706x960.webp","contentUrl":"https:\/\/www.revistarambla.com\/wp-content\/uploads\/2025\/11\/creacion_5511221_4512144_1706x960.webp","width":1706,"height":960,"caption":"RELATO APASIONADO"},{"@type":"BreadcrumbList","@id":"https:\/\/www.revistarambla.com\/vivimos-sin-mirar-atras\/#breadcrumb","itemListElement":[{"@type":"ListItem","position":1,"name":"Portada","item":"https:\/\/www.revistarambla.com\/"},{"@type":"ListItem","position":2,"name":"Vivimos sin mirar atr\u00e1s"}]},{"@type":"WebSite","@id":"https:\/\/www.revistarambla.com\/#website","url":"https:\/\/www.revistarambla.com\/","name":"Revista Rambla Barcelona","description":"Periodismo independiente","publisher":{"@id":"https:\/\/www.revistarambla.com\/#organization"},"potentialAction":[{"@type":"SearchAction","target":{"@type":"EntryPoint","urlTemplate":"https:\/\/www.revistarambla.com\/?s={search_term_string}"},"query-input":{"@type":"PropertyValueSpecification","valueRequired":true,"valueName":"search_term_string"}}],"inLanguage":"en-GB"},{"@type":"Organization","@id":"https:\/\/www.revistarambla.com\/#organization","name":"Revista Rambla","url":"https:\/\/www.revistarambla.com\/","logo":{"@type":"ImageObject","inLanguage":"en-GB","@id":"https:\/\/www.revistarambla.com\/#\/schema\/logo\/image\/","url":"https:\/\/www.revistarambla.com\/wp-content\/uploads\/2020\/09\/banner_rambla_1900x600_BB.png","contentUrl":"https:\/\/www.revistarambla.com\/wp-content\/uploads\/2020\/09\/banner_rambla_1900x600_BB.png","width":1900,"height":600,"caption":"Revista Rambla"},"image":{"@id":"https:\/\/www.revistarambla.com\/#\/schema\/logo\/image\/"},"sameAs":["https:\/\/www.facebook.com\/revistarambla\/","https:\/\/x.com\/revistarambla","https:\/\/www.instagram.com\/revista_rambla","https:\/\/es.linkedin.com\/company\/revista-rambla"]},{"@type":"Person","@id":"https:\/\/www.revistarambla.com\/#\/schema\/person\/4a5652fc8c82df1f8593002d038cd79e","name":"Alejandra Maller","description":"Periodista y catalana.","sameAs":["https:\/\/www.revistarambla.com\/"]}]}},"_links":{"self":[{"href":"https:\/\/www.revistarambla.com\/en\/wp-json\/wp\/v2\/posts\/67106","targetHints":{"allow":["GET"]}}],"collection":[{"href":"https:\/\/www.revistarambla.com\/en\/wp-json\/wp\/v2\/posts"}],"about":[{"href":"https:\/\/www.revistarambla.com\/en\/wp-json\/wp\/v2\/types\/post"}],"author":[{"embeddable":true,"href":"https:\/\/www.revistarambla.com\/en\/wp-json\/wp\/v2\/users\/1"}],"replies":[{"embeddable":true,"href":"https:\/\/www.revistarambla.com\/en\/wp-json\/wp\/v2\/comments?post=67106"}],"version-history":[{"count":1,"href":"https:\/\/www.revistarambla.com\/en\/wp-json\/wp\/v2\/posts\/67106\/revisions"}],"predecessor-version":[{"id":67108,"href":"https:\/\/www.revistarambla.com\/en\/wp-json\/wp\/v2\/posts\/67106\/revisions\/67108"}],"wp:featuredmedia":[{"embeddable":true,"href":"https:\/\/www.revistarambla.com\/en\/wp-json\/wp\/v2\/media\/67107"}],"wp:attachment":[{"href":"https:\/\/www.revistarambla.com\/en\/wp-json\/wp\/v2\/media?parent=67106"}],"wp:term":[{"taxonomy":"category","embeddable":true,"href":"https:\/\/www.revistarambla.com\/en\/wp-json\/wp\/v2\/categories?post=67106"},{"taxonomy":"post_tag","embeddable":true,"href":"https:\/\/www.revistarambla.com\/en\/wp-json\/wp\/v2\/tags?post=67106"}],"curies":[{"name":"wp","href":"https:\/\/api.w.org\/{rel}","templated":true}]}}