{"id":67096,"date":"2025-11-04T19:34:22","date_gmt":"2025-11-04T18:34:22","guid":{"rendered":"https:\/\/www.revistarambla.com\/?p=67096"},"modified":"2025-11-04T19:34:22","modified_gmt":"2025-11-04T18:34:22","slug":"ciencia-y-linaje-el-legado-equilibrado-de-manuel-ignacio-vejarano-restrepo","status":"publish","type":"post","link":"https:\/\/www.revistarambla.com\/en\/ciencia-y-linaje-el-legado-equilibrado-de-manuel-ignacio-vejarano-restrepo\/","title":{"rendered":"Ciencia y linaje: el legado equilibrado de Manuel Ignacio Vejarano Restrepo"},"content":{"rendered":"<p>La trayectoria de <b>Manuel Ignacio Vejarano Restrepo<\/b> se construye sobre dos pilares que conviven en armon\u00eda: <b>Laser Vision<\/b>, instituci\u00f3n m\u00e9dica que avanza en <b>oftalmolog\u00eda<\/b>, y una herencia ecuestre que resguarda la gen\u00e9tica del caballo colombiano. Sus dos vocaciones no se oponen; se complementan. En el quir\u00f3fano, el <b>doctor<\/b> impulsa formaci\u00f3n y tecnolog\u00eda de alta precisi\u00f3n; en la hacienda, el criador dise\u00f1a un modelo de herencia que mantiene l\u00edneas de sangre con rigor y coherencia. En ambos espacios, la base es la misma: disciplina, continuidad y una visi\u00f3n de largo alcance.<\/p>\n<p>Desde su papel como director de cl\u00ednica, ha desarrollado un liderazgo que une la pr\u00e1ctica m\u00e9dica con la investigaci\u00f3n y la docencia avanzada. Ese mismo sentido de estructura, aplicado a la gen\u00e9tica equina, se traduce en decisiones medibles y resultados sostenidos generaci\u00f3n tras generaci\u00f3n. As\u00ed, se define un punto de convergencia en torno a la gesti\u00f3n del conocimiento, entendida como herramienta estrat\u00e9gica para crear valor sostenible.<\/p>\n<h3><b>Formaci\u00f3n, innovaci\u00f3n y compromiso social en la labor de Manuel Ignacio Vejarano Restrepo<\/b><\/h3>\n<p>En M\u00e9xico, <b>Manuel Vejarano<\/b> encabeza una instituci\u00f3n que combina <a href=\"https:\/\/latribunadelpaisvasco.com\/art\/22816\/el-dr-manuel-ignacio-vejarano-restrepo-fue-galardonado-por-la-global-quality-foundation-en-mexico-por-su-compromiso-con-la-excelencia-en-la-salud\"><b>cirug\u00eda<\/b><\/a>, ense\u00f1anza y acreditaciones de alta exigencia. El convenio con la Universidad An\u00e1huac incorpora subespecialidades en v\u00edtreo-retina y microcirug\u00eda del segmento anterior dentro de un entorno cl\u00ednico dise\u00f1ado para la pr\u00e1ctica supervisada, con acceso a protocolos actualizados. Esta colaboraci\u00f3n, en la que el m\u00e9dico participa como profesor honor\u00edfico, impulsa la formaci\u00f3n de j\u00f3venes especialistas que requieren pr\u00e1ctica quir\u00fargica, seguimiento y auditor\u00edas continuas para certificar competencias.<\/p>\n<p>La proyecci\u00f3n del centro tambi\u00e9n se apoya en hitos regulatorios y de calidad. La reacreditaci\u00f3n para trasplante de c\u00f3rnea, avalada por la autoridad sanitaria, confirma procedimientos quir\u00fargicos seguros y trazabilidad conforme a las normas nacionales. A ello se suma la labor del <b>Dr. Manuel Vejarano Restrepo<\/b> en el \u201cPrograma para Erradicar la Ceguera por Catarata\u201d, mediante campa\u00f1as que priorizan a personas de bajos recursos que necesitan atenci\u00f3n resolutiva.<\/p>\n<p>El compromiso social no es una extensi\u00f3n, sino un eje permanente. En cada proyecto comunitario, el especialista coordina equipos multidisciplinarios integrados por optometristas, enfermeros y personal log\u00edstico para movilizar insumos y equipos. Su modelo operativo, probado en distintas misiones, se traduce en resultados medibles: reducci\u00f3n de listas de espera, mejora visual y reintegraci\u00f3n laboral.<\/p>\n<h3><b>La Marqueza: tradici\u00f3n ecuestre y ciencia aplicada<\/b><\/h3>\n<p>El Criadero La Marqueza encierra m\u00e1s de ciento cincuenta a\u00f1os de historia en la cr\u00eda del caballo colombiano, con inicios en 1849 y consolidaci\u00f3n en 1908 tras la adquisici\u00f3n de El Mico, referente del paso fino. Hoy, la direcci\u00f3n de <b>Manuel Ignacio Vejarano Restrepo<\/b>mantiene ese legado mientras adapta el programa a los est\u00e1ndares cient\u00edficos modernos. Su estrategia prioriza un linebreeding meticuloso, que refuerza rasgos deseables sin fomentar consanguinidad y mejora temperamento, rendimiento y elegancia.<\/p>\n<p>La base reproductiva se ha fortalecido mediante un banco gen\u00e9tico competitivo y con la selecci\u00f3n precisa de yeguas madre \u2014incluido el an\u00e1lisis del factor X\u2014, integrando ejemplares que han destacado tanto en pistas como en la cr\u00eda. Entre los sementales m\u00e1s reconocidos figuran Dulce Sue\u00f1o, jefe de raza consolidado; Rey de Reyes, campe\u00f3n mundial en trocha; y descendencias como Pr\u00edncipe de Pr\u00edncipes y Pr\u00edncipe del Rey de La Marqueza, premiadas en competencias internacionales.<\/p>\n<p>La modernizaci\u00f3n del criadero se apoya en herramientas de gesti\u00f3n empresarial que <b>Manuel Ignacio Vejarano Restrepo<\/b> domina gracias a su experiencia en el \u00e1mbito de la <b>salud<\/b>. Plataformas ERP y CRM permiten digitalizar expedientes equinos; aplicaciones m\u00f3viles \u2014como La Marqueza Subastas\u2014 agilizan la comercializaci\u00f3n; y sistemas de inteligencia artificial mejoran la atenci\u00f3n a criadores y compradores.<\/p>\n<p>Sin abandonar la esencia del oficio, el <b>Dr. Manuel Vejarano<\/b>participa activamente en la selecci\u00f3n morfol\u00f3gica, el entrenamiento y la lectura del temperamento de cada ejemplar, factores que trascienden lo t\u00e9cnico. El resultado es un programa que conserva la identidad del caballo colombiano de paso y cumple con los est\u00e1ndares internacionales de Confepaso y ferias aliadas.<\/p>\n<p>La coherencia entre quir\u00f3fano y caballeriza demuestra por qu\u00e9 <b>Manuel Ignacio Vejarano Restrepo<\/b> sostiene dos vocaciones que se equilibran con naturalidad. En la cl\u00ednica, la calidad se valida mediante auditor\u00edas y resultados; en el criadero, la excelencia se mide en la pista y en la descendencia. En ambos frentes, el <b>doctor Manuel Vejarano<\/b>enfoca su labor en procesos, datos y equipos, transformando la tradici\u00f3n en futuro con prop\u00f3sito firme.<\/p>","protected":false},"excerpt":{"rendered":"<p>La trayectoria de Manuel Ignacio Vejarano Restrepo se construye sobre dos pilares que conviven en armon\u00eda: Laser Vision, instituci\u00f3n m\u00e9dica que avanza en oftalmolog\u00eda, y una herencia ecuestre que resguarda la gen\u00e9tica del caballo colombiano. Sus dos vocaciones no se oponen; se complementan. En el quir\u00f3fano, el doctor impulsa formaci\u00f3n [&hellip;]<\/p>\n","protected":false},"author":3,"featured_media":67097,"comment_status":"closed","ping_status":"closed","sticky":false,"template":"","format":"standard","meta":{"footnotes":""},"categories":[3790],"tags":[],"class_list":["post-67096","post","type-post","status-publish","format-standard","has-post-thumbnail","hentry","category-otras-noticias"],"yoast_head":"<!-- This site is optimized with the Yoast SEO plugin v27.5 - https:\/\/yoast.com\/product\/yoast-seo-wordpress\/ -->\n<title>Ciencia y linaje: el legado equilibrado de Manuel Ignacio Vejarano Restrepo - Revista Rambla<\/title>\n<meta name=\"robots\" content=\"index, follow, max-snippet:-1, max-image-preview:large, max-video-preview:-1\" \/>\n<link rel=\"canonical\" href=\"https:\/\/www.revistarambla.com\/en\/ciencia-y-linaje-el-legado-equilibrado-de-manuel-ignacio-vejarano-restrepo\/\" \/>\n<meta property=\"og:locale\" content=\"en_GB\" \/>\n<meta property=\"og:type\" content=\"article\" \/>\n<meta property=\"og:title\" content=\"Ciencia y linaje: el legado equilibrado de Manuel Ignacio Vejarano Restrepo - Revista Rambla\" \/>\n<meta property=\"og:description\" content=\"La trayectoria de Manuel Ignacio Vejarano Restrepo se construye sobre dos pilares que conviven en armon\u00eda: Laser Vision, instituci\u00f3n m\u00e9dica que avanza en oftalmolog\u00eda, y una herencia ecuestre que resguarda la gen\u00e9tica del caballo colombiano. Sus dos vocaciones no se oponen; se complementan. En el quir\u00f3fano, el doctor impulsa formaci\u00f3n [&hellip;]\" \/>\n<meta property=\"og:url\" content=\"https:\/\/www.revistarambla.com\/en\/ciencia-y-linaje-el-legado-equilibrado-de-manuel-ignacio-vejarano-restrepo\/\" \/>\n<meta property=\"og:site_name\" content=\"Revista Rambla\" \/>\n<meta property=\"article:publisher\" content=\"https:\/\/www.facebook.com\/revistarambla\/\" \/>\n<meta property=\"article:author\" content=\"https:\/\/www.facebook.com\/revistarambla\" \/>\n<meta property=\"article:published_time\" content=\"2025-11-04T18:34:22+00:00\" \/>\n<meta property=\"og:image\" content=\"https:\/\/www.revistarambla.com\/wp-content\/uploads\/2025\/11\/phpOpNKbc6909eb993841e.jpg\" \/>\n\t<meta property=\"og:image:width\" content=\"1179\" \/>\n\t<meta property=\"og:image:height\" content=\"1172\" \/>\n\t<meta property=\"og:image:type\" content=\"image\/jpeg\" \/>\n<meta name=\"author\" content=\"R@mbla\" \/>\n<meta name=\"twitter:card\" content=\"summary_large_image\" \/>\n<meta name=\"twitter:creator\" content=\"@revistarambla\" \/>\n<meta name=\"twitter:site\" content=\"@revistarambla\" \/>\n<meta name=\"twitter:label1\" content=\"Written by\" \/>\n\t<meta name=\"twitter:data1\" content=\"R@mbla\" \/>\n\t<meta name=\"twitter:label2\" content=\"Estimated reading time\" \/>\n\t<meta name=\"twitter:data2\" content=\"4 minutes\" \/>\n<script type=\"application\/ld+json\" class=\"yoast-schema-graph\">{\"@context\":\"https:\\\/\\\/schema.org\",\"@graph\":[{\"@type\":\"Article\",\"@id\":\"https:\\\/\\\/www.revistarambla.com\\\/ciencia-y-linaje-el-legado-equilibrado-de-manuel-ignacio-vejarano-restrepo\\\/#article\",\"isPartOf\":{\"@id\":\"https:\\\/\\\/www.revistarambla.com\\\/ciencia-y-linaje-el-legado-equilibrado-de-manuel-ignacio-vejarano-restrepo\\\/\"},\"author\":{\"name\":\"R@mbla\",\"@id\":\"https:\\\/\\\/www.revistarambla.com\\\/#\\\/schema\\\/person\\\/a146a5a2550b94981a75131180e1bd9c\"},\"headline\":\"Ciencia y linaje: el legado equilibrado de Manuel Ignacio Vejarano Restrepo\",\"datePublished\":\"2025-11-04T18:34:22+00:00\",\"mainEntityOfPage\":{\"@id\":\"https:\\\/\\\/www.revistarambla.com\\\/ciencia-y-linaje-el-legado-equilibrado-de-manuel-ignacio-vejarano-restrepo\\\/\"},\"wordCount\":792,\"publisher\":{\"@id\":\"https:\\\/\\\/www.revistarambla.com\\\/#organization\"},\"image\":{\"@id\":\"https:\\\/\\\/www.revistarambla.com\\\/ciencia-y-linaje-el-legado-equilibrado-de-manuel-ignacio-vejarano-restrepo\\\/#primaryimage\"},\"thumbnailUrl\":\"https:\\\/\\\/www.revistarambla.com\\\/wp-content\\\/uploads\\\/2025\\\/11\\\/phpOpNKbc6909eb993841e.jpg\",\"articleSection\":[\"Otras Noticias\"],\"inLanguage\":\"en-GB\"},{\"@type\":\"WebPage\",\"@id\":\"https:\\\/\\\/www.revistarambla.com\\\/ciencia-y-linaje-el-legado-equilibrado-de-manuel-ignacio-vejarano-restrepo\\\/\",\"url\":\"https:\\\/\\\/www.revistarambla.com\\\/ciencia-y-linaje-el-legado-equilibrado-de-manuel-ignacio-vejarano-restrepo\\\/\",\"name\":\"Ciencia y linaje: el legado equilibrado de Manuel Ignacio Vejarano Restrepo - Revista Rambla\",\"isPartOf\":{\"@id\":\"https:\\\/\\\/www.revistarambla.com\\\/#website\"},\"primaryImageOfPage\":{\"@id\":\"https:\\\/\\\/www.revistarambla.com\\\/ciencia-y-linaje-el-legado-equilibrado-de-manuel-ignacio-vejarano-restrepo\\\/#primaryimage\"},\"image\":{\"@id\":\"https:\\\/\\\/www.revistarambla.com\\\/ciencia-y-linaje-el-legado-equilibrado-de-manuel-ignacio-vejarano-restrepo\\\/#primaryimage\"},\"thumbnailUrl\":\"https:\\\/\\\/www.revistarambla.com\\\/wp-content\\\/uploads\\\/2025\\\/11\\\/phpOpNKbc6909eb993841e.jpg\",\"datePublished\":\"2025-11-04T18:34:22+00:00\",\"breadcrumb\":{\"@id\":\"https:\\\/\\\/www.revistarambla.com\\\/ciencia-y-linaje-el-legado-equilibrado-de-manuel-ignacio-vejarano-restrepo\\\/#breadcrumb\"},\"inLanguage\":\"en-GB\",\"potentialAction\":[{\"@type\":\"ReadAction\",\"target\":[\"https:\\\/\\\/www.revistarambla.com\\\/ciencia-y-linaje-el-legado-equilibrado-de-manuel-ignacio-vejarano-restrepo\\\/\"]}]},{\"@type\":\"ImageObject\",\"inLanguage\":\"en-GB\",\"@id\":\"https:\\\/\\\/www.revistarambla.com\\\/ciencia-y-linaje-el-legado-equilibrado-de-manuel-ignacio-vejarano-restrepo\\\/#primaryimage\",\"url\":\"https:\\\/\\\/www.revistarambla.com\\\/wp-content\\\/uploads\\\/2025\\\/11\\\/phpOpNKbc6909eb993841e.jpg\",\"contentUrl\":\"https:\\\/\\\/www.revistarambla.com\\\/wp-content\\\/uploads\\\/2025\\\/11\\\/phpOpNKbc6909eb993841e.jpg\",\"width\":1179,\"height\":1172,\"caption\":\"Manuel Ignacio Vejarano Restrepo\"},{\"@type\":\"BreadcrumbList\",\"@id\":\"https:\\\/\\\/www.revistarambla.com\\\/ciencia-y-linaje-el-legado-equilibrado-de-manuel-ignacio-vejarano-restrepo\\\/#breadcrumb\",\"itemListElement\":[{\"@type\":\"ListItem\",\"position\":1,\"name\":\"Portada\",\"item\":\"https:\\\/\\\/www.revistarambla.com\\\/\"},{\"@type\":\"ListItem\",\"position\":2,\"name\":\"Ciencia y linaje: el legado equilibrado de Manuel Ignacio Vejarano Restrepo\"}]},{\"@type\":\"WebSite\",\"@id\":\"https:\\\/\\\/www.revistarambla.com\\\/#website\",\"url\":\"https:\\\/\\\/www.revistarambla.com\\\/\",\"name\":\"Revista Rambla Barcelona\",\"description\":\"Periodismo independiente\",\"publisher\":{\"@id\":\"https:\\\/\\\/www.revistarambla.com\\\/#organization\"},\"potentialAction\":[{\"@type\":\"SearchAction\",\"target\":{\"@type\":\"EntryPoint\",\"urlTemplate\":\"https:\\\/\\\/www.revistarambla.com\\\/?s={search_term_string}\"},\"query-input\":{\"@type\":\"PropertyValueSpecification\",\"valueRequired\":true,\"valueName\":\"search_term_string\"}}],\"inLanguage\":\"en-GB\"},{\"@type\":\"Organization\",\"@id\":\"https:\\\/\\\/www.revistarambla.com\\\/#organization\",\"name\":\"Revista Rambla\",\"url\":\"https:\\\/\\\/www.revistarambla.com\\\/\",\"logo\":{\"@type\":\"ImageObject\",\"inLanguage\":\"en-GB\",\"@id\":\"https:\\\/\\\/www.revistarambla.com\\\/#\\\/schema\\\/logo\\\/image\\\/\",\"url\":\"https:\\\/\\\/www.revistarambla.com\\\/wp-content\\\/uploads\\\/2020\\\/09\\\/banner_rambla_1900x600_BB.png\",\"contentUrl\":\"https:\\\/\\\/www.revistarambla.com\\\/wp-content\\\/uploads\\\/2020\\\/09\\\/banner_rambla_1900x600_BB.png\",\"width\":1900,\"height\":600,\"caption\":\"Revista Rambla\"},\"image\":{\"@id\":\"https:\\\/\\\/www.revistarambla.com\\\/#\\\/schema\\\/logo\\\/image\\\/\"},\"sameAs\":[\"https:\\\/\\\/www.facebook.com\\\/revistarambla\\\/\",\"https:\\\/\\\/x.com\\\/revistarambla\",\"https:\\\/\\\/www.instagram.com\\\/revista_rambla\",\"https:\\\/\\\/es.linkedin.com\\\/company\\\/revista-rambla\"]},{\"@type\":\"Person\",\"@id\":\"https:\\\/\\\/www.revistarambla.com\\\/#\\\/schema\\\/person\\\/a146a5a2550b94981a75131180e1bd9c\",\"name\":\"R@mbla\",\"description\":\"Este art\u00edculo ha sido redactado y\\\/o validado por el equipo de redacci\u00f3n de Revista Rambla.\",\"sameAs\":[\"https:\\\/\\\/www.revistarambla.com\\\/\",\"https:\\\/\\\/www.facebook.com\\\/revistarambla\",\"https:\\\/\\\/x.com\\\/revistarambla\"]}]}<\/script>\n<!-- \/ Yoast SEO plugin. -->","yoast_head_json":{"title":"Ciencia y linaje: el legado equilibrado de Manuel Ignacio Vejarano Restrepo - Revista Rambla","robots":{"index":"index","follow":"follow","max-snippet":"max-snippet:-1","max-image-preview":"max-image-preview:large","max-video-preview":"max-video-preview:-1"},"canonical":"https:\/\/www.revistarambla.com\/en\/ciencia-y-linaje-el-legado-equilibrado-de-manuel-ignacio-vejarano-restrepo\/","og_locale":"en_GB","og_type":"article","og_title":"Ciencia y linaje: el legado equilibrado de Manuel Ignacio Vejarano Restrepo - Revista Rambla","og_description":"La trayectoria de Manuel Ignacio Vejarano Restrepo se construye sobre dos pilares que conviven en armon\u00eda: Laser Vision, instituci\u00f3n m\u00e9dica que avanza en oftalmolog\u00eda, y una herencia ecuestre que resguarda la gen\u00e9tica del caballo colombiano. Sus dos vocaciones no se oponen; se complementan. En el quir\u00f3fano, el doctor impulsa formaci\u00f3n [&hellip;]","og_url":"https:\/\/www.revistarambla.com\/en\/ciencia-y-linaje-el-legado-equilibrado-de-manuel-ignacio-vejarano-restrepo\/","og_site_name":"Revista Rambla","article_publisher":"https:\/\/www.facebook.com\/revistarambla\/","article_author":"https:\/\/www.facebook.com\/revistarambla","article_published_time":"2025-11-04T18:34:22+00:00","og_image":[{"width":1179,"height":1172,"url":"https:\/\/www.revistarambla.com\/wp-content\/uploads\/2025\/11\/phpOpNKbc6909eb993841e.jpg","type":"image\/jpeg"}],"author":"R@mbla","twitter_card":"summary_large_image","twitter_creator":"@revistarambla","twitter_site":"@revistarambla","twitter_misc":{"Written by":"R@mbla","Estimated reading time":"4 minutes"},"schema":{"@context":"https:\/\/schema.org","@graph":[{"@type":"Article","@id":"https:\/\/www.revistarambla.com\/ciencia-y-linaje-el-legado-equilibrado-de-manuel-ignacio-vejarano-restrepo\/#article","isPartOf":{"@id":"https:\/\/www.revistarambla.com\/ciencia-y-linaje-el-legado-equilibrado-de-manuel-ignacio-vejarano-restrepo\/"},"author":{"name":"R@mbla","@id":"https:\/\/www.revistarambla.com\/#\/schema\/person\/a146a5a2550b94981a75131180e1bd9c"},"headline":"Ciencia y linaje: el legado equilibrado de Manuel Ignacio Vejarano Restrepo","datePublished":"2025-11-04T18:34:22+00:00","mainEntityOfPage":{"@id":"https:\/\/www.revistarambla.com\/ciencia-y-linaje-el-legado-equilibrado-de-manuel-ignacio-vejarano-restrepo\/"},"wordCount":792,"publisher":{"@id":"https:\/\/www.revistarambla.com\/#organization"},"image":{"@id":"https:\/\/www.revistarambla.com\/ciencia-y-linaje-el-legado-equilibrado-de-manuel-ignacio-vejarano-restrepo\/#primaryimage"},"thumbnailUrl":"https:\/\/www.revistarambla.com\/wp-content\/uploads\/2025\/11\/phpOpNKbc6909eb993841e.jpg","articleSection":["Otras Noticias"],"inLanguage":"en-GB"},{"@type":"WebPage","@id":"https:\/\/www.revistarambla.com\/ciencia-y-linaje-el-legado-equilibrado-de-manuel-ignacio-vejarano-restrepo\/","url":"https:\/\/www.revistarambla.com\/ciencia-y-linaje-el-legado-equilibrado-de-manuel-ignacio-vejarano-restrepo\/","name":"Ciencia y linaje: el legado equilibrado de Manuel Ignacio Vejarano Restrepo - Revista Rambla","isPartOf":{"@id":"https:\/\/www.revistarambla.com\/#website"},"primaryImageOfPage":{"@id":"https:\/\/www.revistarambla.com\/ciencia-y-linaje-el-legado-equilibrado-de-manuel-ignacio-vejarano-restrepo\/#primaryimage"},"image":{"@id":"https:\/\/www.revistarambla.com\/ciencia-y-linaje-el-legado-equilibrado-de-manuel-ignacio-vejarano-restrepo\/#primaryimage"},"thumbnailUrl":"https:\/\/www.revistarambla.com\/wp-content\/uploads\/2025\/11\/phpOpNKbc6909eb993841e.jpg","datePublished":"2025-11-04T18:34:22+00:00","breadcrumb":{"@id":"https:\/\/www.revistarambla.com\/ciencia-y-linaje-el-legado-equilibrado-de-manuel-ignacio-vejarano-restrepo\/#breadcrumb"},"inLanguage":"en-GB","potentialAction":[{"@type":"ReadAction","target":["https:\/\/www.revistarambla.com\/ciencia-y-linaje-el-legado-equilibrado-de-manuel-ignacio-vejarano-restrepo\/"]}]},{"@type":"ImageObject","inLanguage":"en-GB","@id":"https:\/\/www.revistarambla.com\/ciencia-y-linaje-el-legado-equilibrado-de-manuel-ignacio-vejarano-restrepo\/#primaryimage","url":"https:\/\/www.revistarambla.com\/wp-content\/uploads\/2025\/11\/phpOpNKbc6909eb993841e.jpg","contentUrl":"https:\/\/www.revistarambla.com\/wp-content\/uploads\/2025\/11\/phpOpNKbc6909eb993841e.jpg","width":1179,"height":1172,"caption":"Manuel Ignacio Vejarano Restrepo"},{"@type":"BreadcrumbList","@id":"https:\/\/www.revistarambla.com\/ciencia-y-linaje-el-legado-equilibrado-de-manuel-ignacio-vejarano-restrepo\/#breadcrumb","itemListElement":[{"@type":"ListItem","position":1,"name":"Portada","item":"https:\/\/www.revistarambla.com\/"},{"@type":"ListItem","position":2,"name":"Ciencia y linaje: el legado equilibrado de Manuel Ignacio Vejarano Restrepo"}]},{"@type":"WebSite","@id":"https:\/\/www.revistarambla.com\/#website","url":"https:\/\/www.revistarambla.com\/","name":"Revista Rambla Barcelona","description":"Periodismo independiente","publisher":{"@id":"https:\/\/www.revistarambla.com\/#organization"},"potentialAction":[{"@type":"SearchAction","target":{"@type":"EntryPoint","urlTemplate":"https:\/\/www.revistarambla.com\/?s={search_term_string}"},"query-input":{"@type":"PropertyValueSpecification","valueRequired":true,"valueName":"search_term_string"}}],"inLanguage":"en-GB"},{"@type":"Organization","@id":"https:\/\/www.revistarambla.com\/#organization","name":"Revista Rambla","url":"https:\/\/www.revistarambla.com\/","logo":{"@type":"ImageObject","inLanguage":"en-GB","@id":"https:\/\/www.revistarambla.com\/#\/schema\/logo\/image\/","url":"https:\/\/www.revistarambla.com\/wp-content\/uploads\/2020\/09\/banner_rambla_1900x600_BB.png","contentUrl":"https:\/\/www.revistarambla.com\/wp-content\/uploads\/2020\/09\/banner_rambla_1900x600_BB.png","width":1900,"height":600,"caption":"Revista Rambla"},"image":{"@id":"https:\/\/www.revistarambla.com\/#\/schema\/logo\/image\/"},"sameAs":["https:\/\/www.facebook.com\/revistarambla\/","https:\/\/x.com\/revistarambla","https:\/\/www.instagram.com\/revista_rambla","https:\/\/es.linkedin.com\/company\/revista-rambla"]},{"@type":"Person","@id":"https:\/\/www.revistarambla.com\/#\/schema\/person\/a146a5a2550b94981a75131180e1bd9c","name":"R@mbla","description":"Este art\u00edculo ha sido redactado y\/o validado por el equipo de redacci\u00f3n de Revista Rambla.","sameAs":["https:\/\/www.revistarambla.com\/","https:\/\/www.facebook.com\/revistarambla","https:\/\/x.com\/revistarambla"]}]}},"_links":{"self":[{"href":"https:\/\/www.revistarambla.com\/en\/wp-json\/wp\/v2\/posts\/67096","targetHints":{"allow":["GET"]}}],"collection":[{"href":"https:\/\/www.revistarambla.com\/en\/wp-json\/wp\/v2\/posts"}],"about":[{"href":"https:\/\/www.revistarambla.com\/en\/wp-json\/wp\/v2\/types\/post"}],"author":[{"embeddable":true,"href":"https:\/\/www.revistarambla.com\/en\/wp-json\/wp\/v2\/users\/3"}],"replies":[{"embeddable":true,"href":"https:\/\/www.revistarambla.com\/en\/wp-json\/wp\/v2\/comments?post=67096"}],"version-history":[{"count":1,"href":"https:\/\/www.revistarambla.com\/en\/wp-json\/wp\/v2\/posts\/67096\/revisions"}],"predecessor-version":[{"id":67098,"href":"https:\/\/www.revistarambla.com\/en\/wp-json\/wp\/v2\/posts\/67096\/revisions\/67098"}],"wp:featuredmedia":[{"embeddable":true,"href":"https:\/\/www.revistarambla.com\/en\/wp-json\/wp\/v2\/media\/67097"}],"wp:attachment":[{"href":"https:\/\/www.revistarambla.com\/en\/wp-json\/wp\/v2\/media?parent=67096"}],"wp:term":[{"taxonomy":"category","embeddable":true,"href":"https:\/\/www.revistarambla.com\/en\/wp-json\/wp\/v2\/categories?post=67096"},{"taxonomy":"post_tag","embeddable":true,"href":"https:\/\/www.revistarambla.com\/en\/wp-json\/wp\/v2\/tags?post=67096"}],"curies":[{"name":"wp","href":"https:\/\/api.w.org\/{rel}","templated":true}]}}