{"id":67089,"date":"2025-11-04T19:23:14","date_gmt":"2025-11-04T18:23:14","guid":{"rendered":"https:\/\/www.revistarambla.com\/?p=67089"},"modified":"2025-11-04T19:23:14","modified_gmt":"2025-11-04T18:23:14","slug":"nada-que-objetar-a-la-dimision-de-mazon","status":"publish","type":"post","link":"https:\/\/www.revistarambla.com\/en\/nada-que-objetar-a-la-dimision-de-mazon\/","title":{"rendered":"Nada que objetar a la dimisi\u00f3n de Maz\u00f3n"},"content":{"rendered":"<p>Cuando un pol\u00edtico dimite en medio de un esc\u00e1ndalo, el gesto puede leerse de dos maneras: como un acto de responsabilidad o como la culminaci\u00f3n de una estrategia de supervivencia. <!--more-->En la historia, existen ejemplos de quienes afrontaron la injusticia con dignidad, entendiendo que el deber hacia la sociedad est\u00e1 por encima de la conveniencia personal. S\u00f3crates, condenado injustamente, eligi\u00f3 acatar la sentencia antes que traicionar los principios de su polis. Esa es la imagen de la verdadera lealtad social.<\/p>\n<p>La renuncia de Maz\u00f3n, un a\u00f1o despu\u00e9s de la tragedia de la dana, se sit\u00faa en el extremo opuesto: lejos del sacrificio c\u00edvico y m\u00e1s cerca del c\u00e1lculo ego\u00edsta. Su dimisi\u00f3n, tan tard\u00eda, no es un acto de honradez, sino el \u00faltimo y m\u00e1s c\u00ednico gesto de una resistencia orientada no al bien com\u00fan, sino a su propia comodidad.<\/p>\n<h3><b>Cronolog\u00eda de una resistencia innecesaria<\/b><\/h3>\n<p>Analicemos la cronolog\u00eda. Durante doce largos meses, las v\u00edctimas y la sociedad en su conjunto han exigido respuestas, transparencia y, sobre todo, responsabilidades. Durante ese mismo periodo, Maz\u00f3n se aferr\u00f3 al cargo con u\u00f1as y dientes, apelando a una supuesta \u00ablealtad\u00bb y a la necesidad de \u00abesperar a las investigaciones\u00bb.<\/p>\n<p>Sin embargo, ahora, cuando el calor pol\u00edtico quiz\u00e1 amaina o cuando el \u201cmarr\u00f3n\u201d de gestionar las secuelas administrativas y morales del caso se ha vuelto demasiado pesado, decide soltar lastre. No cuando deb\u00eda, sino cuando le conven\u00eda.<\/p>\n<h3><b>El c\u00e1lculo del \u201cmarr\u00f3n\u201d<\/b><\/h3>\n<p>Esta dimisi\u00f3n no responde a un arrebato de conciencia, sino a un fr\u00edo c\u00e1lculo. Seguir en el cargo significaba cargar con la mochila pesada de la desconfianza, enfrentar cada d\u00eda las preguntas inc\u00f3modas, lidiar con la oposici\u00f3n y, lo que es m\u00e1s importante, intentar reconstruir una credibilidad que ya no exist\u00eda. El puesto hab\u00eda dejado de ser un privilegio para convertirse, sencillamente, en un problema. Un \u201cmarr\u00f3n\u201d en toda regla.<\/p>\n<p>Al dimitir ahora, Maz\u00f3n no asume su culpa; evita las consecuencias m\u00e1s tediosas de ella. Piensa, en el fondo, que su labor ya est\u00e1 hecha \u2014la de resistir el primer embate\u2014 y que ahora puede pasar la patata caliente a otro, liber\u00e1ndose de la parte menos gloriosa de la crisis. Es la actitud de quien, despu\u00e9s de incendiar una casa, se marcha justo cuando llegan los bomberos, evitando tener que manejar la manguera o ayudar a salvar los muebles.<\/p>\n<h3><b>El desprecio a las v\u00edctimas, hecho institucional<\/b><\/h3>\n<p>Pero el aspecto m\u00e1s repudiable de este <i>timing<\/i> no es la comodidad del pol\u00edtico, sino el profundo desprecio que muestra hacia las v\u00edctimas. Para quienes sufrieron en primera persona las consecuencias de las presuntas negligencias, el tiempo no ha curado las heridas. Cada d\u00eda que Maz\u00f3n permaneci\u00f3 en el cargo sin dar explicaciones satisfactorias fue una nueva bofetada. Su renuncia un a\u00f1o despu\u00e9s es la \u00faltima.<\/p>\n<p>El mensaje que se env\u00eda es claro: \u201cHe aguantado lo que he podido, hasta que el cargo ha dejado de servirme\u201d. Las v\u00edctimas necesitaban justicia y ejemplaridad desde el primer minuto. Lo que han recibido es un gesto que prioriza la agenda personal del responsable sobre su propio dolor. Es la institucionalizaci\u00f3n del desprecio, donde el reloj de la dignidad de las v\u00edctimas y el reloj de la conveniencia del pol\u00edtico marchan a ritmos radicalmente distintos.<\/p>\n<h3><b>Conclusi\u00f3n: un ep\u00edlogo calculado para un nuevo pr\u00f3logo<\/b><\/h3>\n<p>Por todo ello, no debemos ver esta dimisi\u00f3n como el final de una crisis, sino como un ep\u00edlogo calculado que anuncia, en realidad, un nuevo pr\u00f3logo. Quiz\u00e1 Maz\u00f3n no se retire a reflexionar, sino que \u2014como algunos sugieren\u2014 aproveche el cambio de escenario para cultivar una nueva faceta: la literaria.<\/p>\n<p>No ser\u00eda extra\u00f1o que, dentro de unos meses, se hable de su candidatura al pr\u00f3ximo <i>Premio Planeta<\/i> con una obra titulada <i>\u201cVentorro: una historia sin amor\u201d<\/i>. Ser\u00eda, en el fondo, la met\u00e1fora perfecta: transformar en ficci\u00f3n aquello que la realidad le impidi\u00f3 narrar sin ruborizarse.<\/p>\n<p>Su dimisi\u00f3n no es la asunci\u00f3n de una responsabilidad, sino el \u00faltimo gesto de un ego\u00edsmo que cambia de escenario, pero no de naturaleza. El poder ya no le era \u00fatil; ahora busca la redenci\u00f3n en el relato, aunque la verdad de su historia siga siendo demasiado cruda para contarla.<\/p>","protected":false},"excerpt":{"rendered":"<p>Cuando un pol\u00edtico dimite en medio de un esc\u00e1ndalo, el gesto puede leerse de dos maneras: como un acto de responsabilidad o como la culminaci\u00f3n de una estrategia de supervivencia.<\/p>","protected":false},"author":294,"featured_media":67090,"comment_status":"closed","ping_status":"closed","sticky":false,"template":"","format":"standard","meta":{"footnotes":""},"categories":[72],"tags":[],"class_list":["post-67089","post","type-post","status-publish","format-standard","has-post-thumbnail","hentry","category-opinion"],"yoast_head":"<!-- This site is optimized with the Yoast SEO plugin v27.5 - https:\/\/yoast.com\/product\/yoast-seo-wordpress\/ -->\n<title>Nada que objetar a la dimisi\u00f3n de Maz\u00f3n - Revista Rambla<\/title>\n<meta name=\"robots\" content=\"index, follow, max-snippet:-1, max-image-preview:large, max-video-preview:-1\" \/>\n<link rel=\"canonical\" href=\"https:\/\/www.revistarambla.com\/en\/nada-que-objetar-a-la-dimision-de-mazon\/\" \/>\n<meta property=\"og:locale\" content=\"en_GB\" \/>\n<meta property=\"og:type\" content=\"article\" \/>\n<meta property=\"og:title\" content=\"Nada que objetar a la dimisi\u00f3n de Maz\u00f3n - Revista Rambla\" \/>\n<meta property=\"og:description\" content=\"Cuando un pol\u00edtico dimite en medio de un esc\u00e1ndalo, el gesto puede leerse de dos maneras: como un acto de responsabilidad o como la culminaci\u00f3n de una estrategia de supervivencia.\" \/>\n<meta property=\"og:url\" content=\"https:\/\/www.revistarambla.com\/en\/nada-que-objetar-a-la-dimision-de-mazon\/\" \/>\n<meta property=\"og:site_name\" content=\"Revista Rambla\" \/>\n<meta property=\"article:publisher\" content=\"https:\/\/www.facebook.com\/revistarambla\/\" \/>\n<meta property=\"article:published_time\" content=\"2025-11-04T18:23:14+00:00\" \/>\n<meta property=\"og:image\" content=\"https:\/\/www.revistarambla.com\/wp-content\/uploads\/2025\/11\/Concentracio_contra_Mazon_i_el_Partit_Popular_i_en_record_de_les_victimes_de_la_DANA_a_Valencia_20241107_10.jpg\" \/>\n\t<meta property=\"og:image:width\" content=\"1024\" \/>\n\t<meta property=\"og:image:height\" content=\"462\" \/>\n\t<meta property=\"og:image:type\" content=\"image\/jpeg\" \/>\n<meta name=\"author\" content=\"Jos\u00e9 Antonio Gamero Romero\" \/>\n<meta name=\"twitter:card\" content=\"summary_large_image\" \/>\n<meta name=\"twitter:creator\" content=\"@revistarambla\" \/>\n<meta name=\"twitter:site\" content=\"@revistarambla\" \/>\n<meta name=\"twitter:label1\" content=\"Written by\" \/>\n\t<meta name=\"twitter:data1\" content=\"Jos\u00e9 Antonio Gamero Romero\" \/>\n\t<meta name=\"twitter:label2\" content=\"Estimated reading time\" \/>\n\t<meta name=\"twitter:data2\" content=\"4 minutes\" \/>\n<script type=\"application\/ld+json\" class=\"yoast-schema-graph\">{\"@context\":\"https:\\\/\\\/schema.org\",\"@graph\":[{\"@type\":\"Article\",\"@id\":\"https:\\\/\\\/www.revistarambla.com\\\/nada-que-objetar-a-la-dimision-de-mazon\\\/#article\",\"isPartOf\":{\"@id\":\"https:\\\/\\\/www.revistarambla.com\\\/nada-que-objetar-a-la-dimision-de-mazon\\\/\"},\"author\":{\"name\":\"Jos\u00e9 Antonio Gamero Romero\",\"@id\":\"https:\\\/\\\/www.revistarambla.com\\\/#\\\/schema\\\/person\\\/94294f57cf4910853e3280fda7339bfc\"},\"headline\":\"Nada que objetar a la dimisi\u00f3n de Maz\u00f3n\",\"datePublished\":\"2025-11-04T18:23:14+00:00\",\"mainEntityOfPage\":{\"@id\":\"https:\\\/\\\/www.revistarambla.com\\\/nada-que-objetar-a-la-dimision-de-mazon\\\/\"},\"wordCount\":768,\"publisher\":{\"@id\":\"https:\\\/\\\/www.revistarambla.com\\\/#organization\"},\"image\":{\"@id\":\"https:\\\/\\\/www.revistarambla.com\\\/nada-que-objetar-a-la-dimision-de-mazon\\\/#primaryimage\"},\"thumbnailUrl\":\"https:\\\/\\\/www.revistarambla.com\\\/wp-content\\\/uploads\\\/2025\\\/11\\\/Concentracio_contra_Mazon_i_el_Partit_Popular_i_en_record_de_les_victimes_de_la_DANA_a_Valencia_20241107_10.jpg\",\"articleSection\":[\"Opiniones\"],\"inLanguage\":\"en-GB\"},{\"@type\":\"WebPage\",\"@id\":\"https:\\\/\\\/www.revistarambla.com\\\/nada-que-objetar-a-la-dimision-de-mazon\\\/\",\"url\":\"https:\\\/\\\/www.revistarambla.com\\\/nada-que-objetar-a-la-dimision-de-mazon\\\/\",\"name\":\"Nada que objetar a la dimisi\u00f3n de Maz\u00f3n - Revista Rambla\",\"isPartOf\":{\"@id\":\"https:\\\/\\\/www.revistarambla.com\\\/#website\"},\"primaryImageOfPage\":{\"@id\":\"https:\\\/\\\/www.revistarambla.com\\\/nada-que-objetar-a-la-dimision-de-mazon\\\/#primaryimage\"},\"image\":{\"@id\":\"https:\\\/\\\/www.revistarambla.com\\\/nada-que-objetar-a-la-dimision-de-mazon\\\/#primaryimage\"},\"thumbnailUrl\":\"https:\\\/\\\/www.revistarambla.com\\\/wp-content\\\/uploads\\\/2025\\\/11\\\/Concentracio_contra_Mazon_i_el_Partit_Popular_i_en_record_de_les_victimes_de_la_DANA_a_Valencia_20241107_10.jpg\",\"datePublished\":\"2025-11-04T18:23:14+00:00\",\"breadcrumb\":{\"@id\":\"https:\\\/\\\/www.revistarambla.com\\\/nada-que-objetar-a-la-dimision-de-mazon\\\/#breadcrumb\"},\"inLanguage\":\"en-GB\",\"potentialAction\":[{\"@type\":\"ReadAction\",\"target\":[\"https:\\\/\\\/www.revistarambla.com\\\/nada-que-objetar-a-la-dimision-de-mazon\\\/\"]}]},{\"@type\":\"ImageObject\",\"inLanguage\":\"en-GB\",\"@id\":\"https:\\\/\\\/www.revistarambla.com\\\/nada-que-objetar-a-la-dimision-de-mazon\\\/#primaryimage\",\"url\":\"https:\\\/\\\/www.revistarambla.com\\\/wp-content\\\/uploads\\\/2025\\\/11\\\/Concentracio_contra_Mazon_i_el_Partit_Popular_i_en_record_de_les_victimes_de_la_DANA_a_Valencia_20241107_10.jpg\",\"contentUrl\":\"https:\\\/\\\/www.revistarambla.com\\\/wp-content\\\/uploads\\\/2025\\\/11\\\/Concentracio_contra_Mazon_i_el_Partit_Popular_i_en_record_de_les_victimes_de_la_DANA_a_Valencia_20241107_10.jpg\",\"width\":1024,\"height\":462},{\"@type\":\"BreadcrumbList\",\"@id\":\"https:\\\/\\\/www.revistarambla.com\\\/nada-que-objetar-a-la-dimision-de-mazon\\\/#breadcrumb\",\"itemListElement\":[{\"@type\":\"ListItem\",\"position\":1,\"name\":\"Portada\",\"item\":\"https:\\\/\\\/www.revistarambla.com\\\/\"},{\"@type\":\"ListItem\",\"position\":2,\"name\":\"Nada que objetar a la dimisi\u00f3n de Maz\u00f3n\"}]},{\"@type\":\"WebSite\",\"@id\":\"https:\\\/\\\/www.revistarambla.com\\\/#website\",\"url\":\"https:\\\/\\\/www.revistarambla.com\\\/\",\"name\":\"Revista Rambla Barcelona\",\"description\":\"Periodismo independiente\",\"publisher\":{\"@id\":\"https:\\\/\\\/www.revistarambla.com\\\/#organization\"},\"potentialAction\":[{\"@type\":\"SearchAction\",\"target\":{\"@type\":\"EntryPoint\",\"urlTemplate\":\"https:\\\/\\\/www.revistarambla.com\\\/?s={search_term_string}\"},\"query-input\":{\"@type\":\"PropertyValueSpecification\",\"valueRequired\":true,\"valueName\":\"search_term_string\"}}],\"inLanguage\":\"en-GB\"},{\"@type\":\"Organization\",\"@id\":\"https:\\\/\\\/www.revistarambla.com\\\/#organization\",\"name\":\"Revista Rambla\",\"url\":\"https:\\\/\\\/www.revistarambla.com\\\/\",\"logo\":{\"@type\":\"ImageObject\",\"inLanguage\":\"en-GB\",\"@id\":\"https:\\\/\\\/www.revistarambla.com\\\/#\\\/schema\\\/logo\\\/image\\\/\",\"url\":\"https:\\\/\\\/www.revistarambla.com\\\/wp-content\\\/uploads\\\/2020\\\/09\\\/banner_rambla_1900x600_BB.png\",\"contentUrl\":\"https:\\\/\\\/www.revistarambla.com\\\/wp-content\\\/uploads\\\/2020\\\/09\\\/banner_rambla_1900x600_BB.png\",\"width\":1900,\"height\":600,\"caption\":\"Revista Rambla\"},\"image\":{\"@id\":\"https:\\\/\\\/www.revistarambla.com\\\/#\\\/schema\\\/logo\\\/image\\\/\"},\"sameAs\":[\"https:\\\/\\\/www.facebook.com\\\/revistarambla\\\/\",\"https:\\\/\\\/x.com\\\/revistarambla\",\"https:\\\/\\\/www.instagram.com\\\/revista_rambla\",\"https:\\\/\\\/es.linkedin.com\\\/company\\\/revista-rambla\"]},{\"@type\":\"Person\",\"@id\":\"https:\\\/\\\/www.revistarambla.com\\\/#\\\/schema\\\/person\\\/94294f57cf4910853e3280fda7339bfc\",\"name\":\"Jos\u00e9 Antonio Gamero Romero\",\"description\":\"Escritor sevillano finalista del premio Azor\u00edn 2014. Ha publicado en diferentes revistas como Culturamas, E\u00f1e, Visor, etc. Sus libros son: 'La invenci\u00f3n de los gigantes' (Buc\u00e9falo 2016); 'Literatura tridimensional' (Adarve 2018); 'S\u00f3crates no vino a Espa\u00f1a' (Samarcanda 2018); 'La rep\u00fablica del fin del mundo' (Tandaia 2018) y 'La bodeguita de Hemingway'.\"}]}<\/script>\n<!-- \/ Yoast SEO plugin. -->","yoast_head_json":{"title":"Nada que objetar a la dimisi\u00f3n de Maz\u00f3n - Revista Rambla","robots":{"index":"index","follow":"follow","max-snippet":"max-snippet:-1","max-image-preview":"max-image-preview:large","max-video-preview":"max-video-preview:-1"},"canonical":"https:\/\/www.revistarambla.com\/en\/nada-que-objetar-a-la-dimision-de-mazon\/","og_locale":"en_GB","og_type":"article","og_title":"Nada que objetar a la dimisi\u00f3n de Maz\u00f3n - Revista Rambla","og_description":"Cuando un pol\u00edtico dimite en medio de un esc\u00e1ndalo, el gesto puede leerse de dos maneras: como un acto de responsabilidad o como la culminaci\u00f3n de una estrategia de supervivencia.","og_url":"https:\/\/www.revistarambla.com\/en\/nada-que-objetar-a-la-dimision-de-mazon\/","og_site_name":"Revista Rambla","article_publisher":"https:\/\/www.facebook.com\/revistarambla\/","article_published_time":"2025-11-04T18:23:14+00:00","og_image":[{"width":1024,"height":462,"url":"https:\/\/www.revistarambla.com\/wp-content\/uploads\/2025\/11\/Concentracio_contra_Mazon_i_el_Partit_Popular_i_en_record_de_les_victimes_de_la_DANA_a_Valencia_20241107_10.jpg","type":"image\/jpeg"}],"author":"Jos\u00e9 Antonio Gamero Romero","twitter_card":"summary_large_image","twitter_creator":"@revistarambla","twitter_site":"@revistarambla","twitter_misc":{"Written by":"Jos\u00e9 Antonio Gamero Romero","Estimated reading time":"4 minutes"},"schema":{"@context":"https:\/\/schema.org","@graph":[{"@type":"Article","@id":"https:\/\/www.revistarambla.com\/nada-que-objetar-a-la-dimision-de-mazon\/#article","isPartOf":{"@id":"https:\/\/www.revistarambla.com\/nada-que-objetar-a-la-dimision-de-mazon\/"},"author":{"name":"Jos\u00e9 Antonio Gamero Romero","@id":"https:\/\/www.revistarambla.com\/#\/schema\/person\/94294f57cf4910853e3280fda7339bfc"},"headline":"Nada que objetar a la dimisi\u00f3n de Maz\u00f3n","datePublished":"2025-11-04T18:23:14+00:00","mainEntityOfPage":{"@id":"https:\/\/www.revistarambla.com\/nada-que-objetar-a-la-dimision-de-mazon\/"},"wordCount":768,"publisher":{"@id":"https:\/\/www.revistarambla.com\/#organization"},"image":{"@id":"https:\/\/www.revistarambla.com\/nada-que-objetar-a-la-dimision-de-mazon\/#primaryimage"},"thumbnailUrl":"https:\/\/www.revistarambla.com\/wp-content\/uploads\/2025\/11\/Concentracio_contra_Mazon_i_el_Partit_Popular_i_en_record_de_les_victimes_de_la_DANA_a_Valencia_20241107_10.jpg","articleSection":["Opiniones"],"inLanguage":"en-GB"},{"@type":"WebPage","@id":"https:\/\/www.revistarambla.com\/nada-que-objetar-a-la-dimision-de-mazon\/","url":"https:\/\/www.revistarambla.com\/nada-que-objetar-a-la-dimision-de-mazon\/","name":"Nada que objetar a la dimisi\u00f3n de Maz\u00f3n - Revista Rambla","isPartOf":{"@id":"https:\/\/www.revistarambla.com\/#website"},"primaryImageOfPage":{"@id":"https:\/\/www.revistarambla.com\/nada-que-objetar-a-la-dimision-de-mazon\/#primaryimage"},"image":{"@id":"https:\/\/www.revistarambla.com\/nada-que-objetar-a-la-dimision-de-mazon\/#primaryimage"},"thumbnailUrl":"https:\/\/www.revistarambla.com\/wp-content\/uploads\/2025\/11\/Concentracio_contra_Mazon_i_el_Partit_Popular_i_en_record_de_les_victimes_de_la_DANA_a_Valencia_20241107_10.jpg","datePublished":"2025-11-04T18:23:14+00:00","breadcrumb":{"@id":"https:\/\/www.revistarambla.com\/nada-que-objetar-a-la-dimision-de-mazon\/#breadcrumb"},"inLanguage":"en-GB","potentialAction":[{"@type":"ReadAction","target":["https:\/\/www.revistarambla.com\/nada-que-objetar-a-la-dimision-de-mazon\/"]}]},{"@type":"ImageObject","inLanguage":"en-GB","@id":"https:\/\/www.revistarambla.com\/nada-que-objetar-a-la-dimision-de-mazon\/#primaryimage","url":"https:\/\/www.revistarambla.com\/wp-content\/uploads\/2025\/11\/Concentracio_contra_Mazon_i_el_Partit_Popular_i_en_record_de_les_victimes_de_la_DANA_a_Valencia_20241107_10.jpg","contentUrl":"https:\/\/www.revistarambla.com\/wp-content\/uploads\/2025\/11\/Concentracio_contra_Mazon_i_el_Partit_Popular_i_en_record_de_les_victimes_de_la_DANA_a_Valencia_20241107_10.jpg","width":1024,"height":462},{"@type":"BreadcrumbList","@id":"https:\/\/www.revistarambla.com\/nada-que-objetar-a-la-dimision-de-mazon\/#breadcrumb","itemListElement":[{"@type":"ListItem","position":1,"name":"Portada","item":"https:\/\/www.revistarambla.com\/"},{"@type":"ListItem","position":2,"name":"Nada que objetar a la dimisi\u00f3n de Maz\u00f3n"}]},{"@type":"WebSite","@id":"https:\/\/www.revistarambla.com\/#website","url":"https:\/\/www.revistarambla.com\/","name":"Revista Rambla Barcelona","description":"Periodismo independiente","publisher":{"@id":"https:\/\/www.revistarambla.com\/#organization"},"potentialAction":[{"@type":"SearchAction","target":{"@type":"EntryPoint","urlTemplate":"https:\/\/www.revistarambla.com\/?s={search_term_string}"},"query-input":{"@type":"PropertyValueSpecification","valueRequired":true,"valueName":"search_term_string"}}],"inLanguage":"en-GB"},{"@type":"Organization","@id":"https:\/\/www.revistarambla.com\/#organization","name":"Revista Rambla","url":"https:\/\/www.revistarambla.com\/","logo":{"@type":"ImageObject","inLanguage":"en-GB","@id":"https:\/\/www.revistarambla.com\/#\/schema\/logo\/image\/","url":"https:\/\/www.revistarambla.com\/wp-content\/uploads\/2020\/09\/banner_rambla_1900x600_BB.png","contentUrl":"https:\/\/www.revistarambla.com\/wp-content\/uploads\/2020\/09\/banner_rambla_1900x600_BB.png","width":1900,"height":600,"caption":"Revista Rambla"},"image":{"@id":"https:\/\/www.revistarambla.com\/#\/schema\/logo\/image\/"},"sameAs":["https:\/\/www.facebook.com\/revistarambla\/","https:\/\/x.com\/revistarambla","https:\/\/www.instagram.com\/revista_rambla","https:\/\/es.linkedin.com\/company\/revista-rambla"]},{"@type":"Person","@id":"https:\/\/www.revistarambla.com\/#\/schema\/person\/94294f57cf4910853e3280fda7339bfc","name":"Jos\u00e9 Antonio Gamero Romero","description":"Escritor sevillano finalista del premio Azor\u00edn 2014. Ha publicado en diferentes revistas como Culturamas, E\u00f1e, Visor, etc. Sus libros son: 'La invenci\u00f3n de los gigantes' (Buc\u00e9falo 2016); 'Literatura tridimensional' (Adarve 2018); 'S\u00f3crates no vino a Espa\u00f1a' (Samarcanda 2018); 'La rep\u00fablica del fin del mundo' (Tandaia 2018) y 'La bodeguita de Hemingway'."}]}},"_links":{"self":[{"href":"https:\/\/www.revistarambla.com\/en\/wp-json\/wp\/v2\/posts\/67089","targetHints":{"allow":["GET"]}}],"collection":[{"href":"https:\/\/www.revistarambla.com\/en\/wp-json\/wp\/v2\/posts"}],"about":[{"href":"https:\/\/www.revistarambla.com\/en\/wp-json\/wp\/v2\/types\/post"}],"author":[{"embeddable":true,"href":"https:\/\/www.revistarambla.com\/en\/wp-json\/wp\/v2\/users\/294"}],"replies":[{"embeddable":true,"href":"https:\/\/www.revistarambla.com\/en\/wp-json\/wp\/v2\/comments?post=67089"}],"version-history":[{"count":1,"href":"https:\/\/www.revistarambla.com\/en\/wp-json\/wp\/v2\/posts\/67089\/revisions"}],"predecessor-version":[{"id":67091,"href":"https:\/\/www.revistarambla.com\/en\/wp-json\/wp\/v2\/posts\/67089\/revisions\/67091"}],"wp:featuredmedia":[{"embeddable":true,"href":"https:\/\/www.revistarambla.com\/en\/wp-json\/wp\/v2\/media\/67090"}],"wp:attachment":[{"href":"https:\/\/www.revistarambla.com\/en\/wp-json\/wp\/v2\/media?parent=67089"}],"wp:term":[{"taxonomy":"category","embeddable":true,"href":"https:\/\/www.revistarambla.com\/en\/wp-json\/wp\/v2\/categories?post=67089"},{"taxonomy":"post_tag","embeddable":true,"href":"https:\/\/www.revistarambla.com\/en\/wp-json\/wp\/v2\/tags?post=67089"}],"curies":[{"name":"wp","href":"https:\/\/api.w.org\/{rel}","templated":true}]}}