{"id":67083,"date":"2025-11-04T19:10:28","date_gmt":"2025-11-04T18:10:28","guid":{"rendered":"https:\/\/www.revistarambla.com\/?p=67083"},"modified":"2025-11-04T19:11:35","modified_gmt":"2025-11-04T18:11:35","slug":"la-pelicula-turca-gulizar-gran-ganadora-de-la-10a-edicion-del-maresme-film-festival","status":"publish","type":"post","link":"https:\/\/www.revistarambla.com\/en\/la-pelicula-turca-gulizar-gran-ganadora-de-la-10a-edicion-del-maresme-film-festival\/","title":{"rendered":"La pel\u00edcula turca \u00abG\u00fclizar\u00bb, gran ganadora de la 10\u00aa edici\u00f3n del Maresme Film Festival"},"content":{"rendered":"<p><strong>El Maresme Internacional Film Festival celebr\u00f3 el pasado s\u00e1bado por la noche su Gala de Clausura con una ceremonia marcada por el triple triunfo de la pel\u00edcula turca \u201cG\u00fclizar\u201d, dirigida por la directora Belkis Bayrak, gran triunfadora de la noche en Calella.<\/strong><\/p>\n<figure id=\"attachment_67084\" aria-describedby=\"caption-attachment-67084\" style=\"width: 1920px\" class=\"wp-caption aligncenter\"><img decoding=\"async\" class=\"wp-image-67084 size-full\" src=\"https:\/\/www.revistarambla.com\/wp-content\/uploads\/2025\/11\/Belkis-Bayrak-gran-guayadora-al-MARESME-FILM-FESTIVAL-per-la-seva-obra-Gulizar.jpg\" alt=\"\" width=\"1920\" height=\"1280\" srcset=\"https:\/\/www.revistarambla.com\/wp-content\/uploads\/2025\/11\/Belkis-Bayrak-gran-guayadora-al-MARESME-FILM-FESTIVAL-per-la-seva-obra-Gulizar.jpg 1920w, https:\/\/www.revistarambla.com\/wp-content\/uploads\/2025\/11\/Belkis-Bayrak-gran-guayadora-al-MARESME-FILM-FESTIVAL-per-la-seva-obra-Gulizar-548x365.jpg 548w, https:\/\/www.revistarambla.com\/wp-content\/uploads\/2025\/11\/Belkis-Bayrak-gran-guayadora-al-MARESME-FILM-FESTIVAL-per-la-seva-obra-Gulizar-840x560.jpg 840w, https:\/\/www.revistarambla.com\/wp-content\/uploads\/2025\/11\/Belkis-Bayrak-gran-guayadora-al-MARESME-FILM-FESTIVAL-per-la-seva-obra-Gulizar-768x512.jpg 768w, https:\/\/www.revistarambla.com\/wp-content\/uploads\/2025\/11\/Belkis-Bayrak-gran-guayadora-al-MARESME-FILM-FESTIVAL-per-la-seva-obra-Gulizar-1536x1024.jpg 1536w, https:\/\/www.revistarambla.com\/wp-content\/uploads\/2025\/11\/Belkis-Bayrak-gran-guayadora-al-MARESME-FILM-FESTIVAL-per-la-seva-obra-Gulizar-18x12.jpg 18w\" sizes=\"(max-width: 1920px) 100vw, 1920px\" \/><figcaption id=\"caption-attachment-67084\" class=\"wp-caption-text\">Belkis Bayrak, gran ganadora al MARESME FILM FESTIVAL por su obra G\u00fclizar<\/figcaption><\/figure>\n<p>La gran ganadora de la noche, Belkis Bayrak recogi\u00f3 en persona las tres \u201cLlopas\u201d, el premio que se entrega al festival. Gan\u00f3 al galard\u00f3n a la mejor pel\u00edcula, a la mejor direcci\u00f3n y al mejor gui\u00f3n de la categor\u00eda Low Budget, para obras de menos de 500.000 euros de presupuesto.<br \/>\nLa obra narra la agresi\u00f3n sexual que sufre G\u00fclizar, que est\u00e1 a punto de casarse con su prometido Emre, que no quiere denunciarlo, pero decide m\u00e1s adelante ir a buscar al culpable. Los preparativos de la boda de G\u00fclizar se convierten en un periplo claustrof\u00f3bico y silencioso, porque teme que se descubra qui\u00e9n fue su atacante.<\/p>\n<p>Belkis Bayrak estaba muy contenta por haber recibido tres premios en una misma noche. \u00abGanar un premio ya es muy feliz, pero recibir tres es todav\u00eda m\u00e1s especial. No tengo palabras para describir lo que siento. La pel\u00edcula tiene \u00e9xito por c\u00f3mo trato el tema de la agresi\u00f3n. Desgraciadamente, las agresiones sexuales pasan en todos los pa\u00edses\u00bb.<\/p>\n<figure id=\"attachment_67085\" aria-describedby=\"caption-attachment-67085\" style=\"width: 1920px\" class=\"wp-caption aligncenter\"><img decoding=\"async\" class=\"wp-image-67085 size-full\" src=\"https:\/\/www.revistarambla.com\/wp-content\/uploads\/2025\/11\/Beatriz-Arjona-mejor-actriz-por-Solos-en-la-noche-junto-a-su-director-Guillermo-Rojas.jpg\" alt=\"Beatriz Arjona, mejor actriz por - Solos en la noche - junto a su director Guillermo Rojas\" width=\"1920\" height=\"1280\" srcset=\"https:\/\/www.revistarambla.com\/wp-content\/uploads\/2025\/11\/Beatriz-Arjona-mejor-actriz-por-Solos-en-la-noche-junto-a-su-director-Guillermo-Rojas.jpg 1920w, https:\/\/www.revistarambla.com\/wp-content\/uploads\/2025\/11\/Beatriz-Arjona-mejor-actriz-por-Solos-en-la-noche-junto-a-su-director-Guillermo-Rojas-548x365.jpg 548w, https:\/\/www.revistarambla.com\/wp-content\/uploads\/2025\/11\/Beatriz-Arjona-mejor-actriz-por-Solos-en-la-noche-junto-a-su-director-Guillermo-Rojas-840x560.jpg 840w, https:\/\/www.revistarambla.com\/wp-content\/uploads\/2025\/11\/Beatriz-Arjona-mejor-actriz-por-Solos-en-la-noche-junto-a-su-director-Guillermo-Rojas-768x512.jpg 768w, https:\/\/www.revistarambla.com\/wp-content\/uploads\/2025\/11\/Beatriz-Arjona-mejor-actriz-por-Solos-en-la-noche-junto-a-su-director-Guillermo-Rojas-1536x1024.jpg 1536w, https:\/\/www.revistarambla.com\/wp-content\/uploads\/2025\/11\/Beatriz-Arjona-mejor-actriz-por-Solos-en-la-noche-junto-a-su-director-Guillermo-Rojas-18x12.jpg 18w\" sizes=\"(max-width: 1920px) 100vw, 1920px\" \/><figcaption id=\"caption-attachment-67085\" class=\"wp-caption-text\">Beatriz Arjona, mejor actriz por &#8211; Solos en la noche &#8211; junto a su director Guillermo Rojas<\/figcaption><\/figure>\n<p>Hablando de la situaci\u00f3n de la mujer en su pa\u00eds natal, Turqu\u00eda, Belkis Bayrak reconoce que \u00ablas mujeres est\u00e1n consiguiendo adaptarse a los nuevos tiempos, pero no ocurre lo mismo con los hombres. A\u00fan tenemos una sociedad muy patriarcal y eso es un problema. Hay avances, pero no es suficiente\u00bb.<\/p>\n<p>\u00abG\u00fclizar\u00bb ha tenido un buen recorrido por festivales, como el de Toronto y el de San Sebasti\u00e1n, y ha recibido un total de 10 premios tambi\u00e9n en cert\u00e1menes de Estados Unidos, Corea y otros pa\u00edses asi\u00e1ticos.<\/p>\n<p>Dentro de la secci\u00f3n \u201cLow Budget\u201d destac\u00f3 el triunfo de dos cintas andaluzas. Ibrahima Kone (\u201cTe proteger\u00e1n mis alas\u201d) recibi\u00f3 a la Lopa al mejor actor, mientras que Beatriz Arjona result\u00f3 elegida como la mejor actriz por su papel en \u201cSolos en la noche\u201d. El cine andaluz siempre consigue una buena cosecha de Llopes en el Maresme Film Festival.<\/p>\n<figure id=\"attachment_67086\" aria-describedby=\"caption-attachment-67086\" style=\"width: 640px\" class=\"wp-caption aligncenter\"><img decoding=\"async\" class=\"wp-image-67086 size-large\" src=\"https:\/\/www.revistarambla.com\/wp-content\/uploads\/2025\/11\/Ibrahim-Kone-millor-actor-a-Te-protegaran-mis-alas-710x840.jpg\" alt=\"\" width=\"640\" height=\"757\" srcset=\"https:\/\/www.revistarambla.com\/wp-content\/uploads\/2025\/11\/Ibrahim-Kone-millor-actor-a-Te-protegaran-mis-alas-710x840.jpg 710w, https:\/\/www.revistarambla.com\/wp-content\/uploads\/2025\/11\/Ibrahim-Kone-millor-actor-a-Te-protegaran-mis-alas-309x365.jpg 309w, https:\/\/www.revistarambla.com\/wp-content\/uploads\/2025\/11\/Ibrahim-Kone-millor-actor-a-Te-protegaran-mis-alas-768x909.jpg 768w, https:\/\/www.revistarambla.com\/wp-content\/uploads\/2025\/11\/Ibrahim-Kone-millor-actor-a-Te-protegaran-mis-alas-1298x1536.jpg 1298w, https:\/\/www.revistarambla.com\/wp-content\/uploads\/2025\/11\/Ibrahim-Kone-millor-actor-a-Te-protegaran-mis-alas-10x12.jpg 10w, https:\/\/www.revistarambla.com\/wp-content\/uploads\/2025\/11\/Ibrahim-Kone-millor-actor-a-Te-protegaran-mis-alas.jpg 1623w\" sizes=\"(max-width: 640px) 100vw, 640px\" \/><figcaption id=\"caption-attachment-67086\" class=\"wp-caption-text\">Ibrahim Kone mejor actor por Te protegaran mis alas<\/figcaption><\/figure>\n<h3>\u00abCreative Rosebud Awards\u00bb<\/h3>\n<p>La secci\u00f3n del Festival \u00abCreative Rosebud Awards\u00bb es para pel\u00edculas sin l\u00edmite de financiaci\u00f3n y la cinta italiana \u00abDiamanti\u00bb, dirigida por Ferzan Ozpetek, recibi\u00f3 la \u201cLlopa\u201d por parte del Jurado. Diamanti retrata el mundo de un taller de costura de Roma mientras dise\u00f1an ropa para pel\u00edculas durante los a\u00f1os 70.<\/p>\n<p>La actriz valenciana Olga Alam\u00e1n recibi\u00f3 el premio a la mejor actriz por su trabajo \u00abLa invasi\u00f3n de los b\u00e1rbaros\u00bb, una cinta que abri\u00f3 el Festival y que ha sido muy bien acogida por el p\u00fablico, que le otorg\u00f3 la Loba a la votaci\u00f3n popular.<\/p>\n<p>En la Gala de Clausura tambi\u00e9n se entregaron dos premios a los mejores guiones. Uno al mejor gui\u00f3n, que recibi\u00f3 Pineda y Esp\u00ed por su proyecto \u201cMata-rates\u201d. El otro, inspirado en el Maresme, fue a manos de Anna Moore Forn.<\/p>\n<p>Despu\u00e9s de una semana muy intensa de cine en Calella, Sant Pol y Arenys de Mar, la ceremonia final fue conducida por las actrices Mireia Aixal\u00e0 y Cristina Sol\u00e0 y hubo un recuerdo por estos 10 a\u00f1os de cine en el Maresme Film Festival. Para este cierre del certamen, tambi\u00e9n se cont\u00f3 con la participaci\u00f3n de los Udols de Foc de Calella.<\/p>\n<h3>PALMAR\u00c9S DEL MARESME INTERNATIONAL FILM FESTIVAL 2025<\/h3>\n<h4>SECCI\u00d3N \u201cLOW BUDGET\u201d<\/h4>\n<ul>\n<li>Mejor actor: Ibrahima Kone, \u201cTe proteger\u00e1n mis alas\u201d<\/li>\n<li>Mejor actriz: Beatriz Arjona, \u201cSolos en la noche\u201d<\/li>\n<li>Mejor guion: Belkis Bayrak, \u201cG\u00fclizar\u201d<\/li>\n<li>Mejor Director: Belkis Bayrak, \u201cG\u00fclizar\u201d<\/li>\n<li>Mejor pel\u00edcula: \u201cG\u00fclizar\u201d<\/li>\n<\/ul>\n<h4>SECCI\u00d3N \u201cCREATIVE ROSEBUD FILMS\u201d<\/h4>\n<ul>\n<li>Mejor actor: Carlo Krammling, \u201cNo Dogs Allowed\u201d<\/li>\n<li>Mejor actriz: Olga Alam\u00e1n, \u201cLa invasi\u00f3 dels b\u00e0rbars\u201d<\/li>\n<li>Mejor guion: Stephan K\u00e4mpf, \u201cNo Dogs Allowed\u201d<\/li>\n<li>Mejor Director: Avi Federgreen, \u201cHome Free\u201d<\/li>\n<li>Mejor pel\u00edcula: \u201cDiamanti\u201d<\/li>\n<\/ul>\n<h4>PREMIO DEL P\u00daBLICO<\/h4>\n<ul>\n<li>\u201cLa invasi\u00f3 dels b\u00e0rbars\u201d, dirigida por Vicent Montson\u00eds<\/li>\n<\/ul>\n<h4>CONCURSO DE GUION<\/h4>\n<ul>\n<li>Mejor guion original: Pineda i Esp\u00ed, \u201cMata-rates\u00bb<\/li>\n<li>Mejor guion original del Maresme: Anna Moore Forn, \u201cDesperta\u00bb<\/li>\n<\/ul>","protected":false},"excerpt":{"rendered":"<p>El Maresme Internacional Film Festival celebr\u00f3 el pasado s\u00e1bado por la noche su Gala de Clausura con una ceremonia marcada por el triple triunfo de la pel\u00edcula turca \u201cG\u00fclizar\u201d, dirigida por la directora Belkis Bayrak, gran triunfadora de la noche en Calella. La gran ganadora de la noche, Belkis Bayrak [&hellip;]<\/p>\n","protected":false},"author":33,"featured_media":67084,"comment_status":"closed","ping_status":"closed","sticky":false,"template":"","format":"standard","meta":{"footnotes":""},"categories":[61],"tags":[],"class_list":["post-67083","post","type-post","status-publish","format-standard","has-post-thumbnail","hentry","category-cine"],"yoast_head":"<!-- This site is optimized with the Yoast SEO plugin v27.5 - https:\/\/yoast.com\/product\/yoast-seo-wordpress\/ -->\n<title>La pel\u00edcula turca &quot;G\u00fclizar&quot;, gran ganadora de la 10\u00aa edici\u00f3n del Maresme Film Festival - Revista Rambla<\/title>\n<meta name=\"robots\" content=\"index, follow, max-snippet:-1, max-image-preview:large, max-video-preview:-1\" \/>\n<link rel=\"canonical\" href=\"https:\/\/www.revistarambla.com\/en\/la-pelicula-turca-gulizar-gran-ganadora-de-la-10a-edicion-del-maresme-film-festival\/\" \/>\n<meta property=\"og:locale\" content=\"en_GB\" \/>\n<meta property=\"og:type\" content=\"article\" \/>\n<meta property=\"og:title\" content=\"La pel\u00edcula turca &quot;G\u00fclizar&quot;, gran ganadora de la 10\u00aa edici\u00f3n del Maresme Film Festival - Revista Rambla\" \/>\n<meta property=\"og:description\" content=\"El Maresme Internacional Film Festival celebr\u00f3 el pasado s\u00e1bado por la noche su Gala de Clausura con una ceremonia marcada por el triple triunfo de la pel\u00edcula turca \u201cG\u00fclizar\u201d, dirigida por la directora Belkis Bayrak, gran triunfadora de la noche en Calella. La gran ganadora de la noche, Belkis Bayrak [&hellip;]\" \/>\n<meta property=\"og:url\" content=\"https:\/\/www.revistarambla.com\/en\/la-pelicula-turca-gulizar-gran-ganadora-de-la-10a-edicion-del-maresme-film-festival\/\" \/>\n<meta property=\"og:site_name\" content=\"Revista Rambla\" \/>\n<meta property=\"article:publisher\" content=\"https:\/\/www.facebook.com\/revistarambla\/\" \/>\n<meta property=\"article:published_time\" content=\"2025-11-04T18:10:28+00:00\" \/>\n<meta property=\"article:modified_time\" content=\"2025-11-04T18:11:35+00:00\" \/>\n<meta property=\"og:image\" content=\"https:\/\/www.revistarambla.com\/wp-content\/uploads\/2025\/11\/Belkis-Bayrak-gran-guayadora-al-MARESME-FILM-FESTIVAL-per-la-seva-obra-Gulizar.jpg\" \/>\n\t<meta property=\"og:image:width\" content=\"1920\" \/>\n\t<meta property=\"og:image:height\" content=\"1280\" \/>\n\t<meta property=\"og:image:type\" content=\"image\/jpeg\" \/>\n<meta name=\"author\" content=\"\u00c0lex M. Franquet\" \/>\n<meta name=\"twitter:card\" content=\"summary_large_image\" \/>\n<meta name=\"twitter:creator\" content=\"@revistarambla\" \/>\n<meta name=\"twitter:site\" content=\"@revistarambla\" \/>\n<meta name=\"twitter:label1\" content=\"Written by\" \/>\n\t<meta name=\"twitter:data1\" content=\"\u00c0lex M. Franquet\" \/>\n\t<meta name=\"twitter:label2\" content=\"Estimated reading time\" \/>\n\t<meta name=\"twitter:data2\" content=\"5 minutes\" \/>\n<script type=\"application\/ld+json\" class=\"yoast-schema-graph\">{\"@context\":\"https:\\\/\\\/schema.org\",\"@graph\":[{\"@type\":\"Article\",\"@id\":\"https:\\\/\\\/www.revistarambla.com\\\/la-pelicula-turca-gulizar-gran-ganadora-de-la-10a-edicion-del-maresme-film-festival\\\/#article\",\"isPartOf\":{\"@id\":\"https:\\\/\\\/www.revistarambla.com\\\/la-pelicula-turca-gulizar-gran-ganadora-de-la-10a-edicion-del-maresme-film-festival\\\/\"},\"author\":{\"name\":\"\u00c0lex M. Franquet\",\"@id\":\"https:\\\/\\\/www.revistarambla.com\\\/#\\\/schema\\\/person\\\/f970e20c8f452a7910eb4defa5fe7d7d\"},\"headline\":\"La pel\u00edcula turca \u00abG\u00fclizar\u00bb, gran ganadora de la 10\u00aa edici\u00f3n del Maresme Film Festival\",\"datePublished\":\"2025-11-04T18:10:28+00:00\",\"dateModified\":\"2025-11-04T18:11:35+00:00\",\"mainEntityOfPage\":{\"@id\":\"https:\\\/\\\/www.revistarambla.com\\\/la-pelicula-turca-gulizar-gran-ganadora-de-la-10a-edicion-del-maresme-film-festival\\\/\"},\"wordCount\":791,\"publisher\":{\"@id\":\"https:\\\/\\\/www.revistarambla.com\\\/#organization\"},\"image\":{\"@id\":\"https:\\\/\\\/www.revistarambla.com\\\/la-pelicula-turca-gulizar-gran-ganadora-de-la-10a-edicion-del-maresme-film-festival\\\/#primaryimage\"},\"thumbnailUrl\":\"https:\\\/\\\/www.revistarambla.com\\\/wp-content\\\/uploads\\\/2025\\\/11\\\/Belkis-Bayrak-gran-guayadora-al-MARESME-FILM-FESTIVAL-per-la-seva-obra-Gulizar.jpg\",\"articleSection\":[\"Cine &amp; Series\"],\"inLanguage\":\"en-GB\"},{\"@type\":\"WebPage\",\"@id\":\"https:\\\/\\\/www.revistarambla.com\\\/la-pelicula-turca-gulizar-gran-ganadora-de-la-10a-edicion-del-maresme-film-festival\\\/\",\"url\":\"https:\\\/\\\/www.revistarambla.com\\\/la-pelicula-turca-gulizar-gran-ganadora-de-la-10a-edicion-del-maresme-film-festival\\\/\",\"name\":\"La pel\u00edcula turca \\\"G\u00fclizar\\\", gran ganadora de la 10\u00aa edici\u00f3n del Maresme Film Festival - Revista Rambla\",\"isPartOf\":{\"@id\":\"https:\\\/\\\/www.revistarambla.com\\\/#website\"},\"primaryImageOfPage\":{\"@id\":\"https:\\\/\\\/www.revistarambla.com\\\/la-pelicula-turca-gulizar-gran-ganadora-de-la-10a-edicion-del-maresme-film-festival\\\/#primaryimage\"},\"image\":{\"@id\":\"https:\\\/\\\/www.revistarambla.com\\\/la-pelicula-turca-gulizar-gran-ganadora-de-la-10a-edicion-del-maresme-film-festival\\\/#primaryimage\"},\"thumbnailUrl\":\"https:\\\/\\\/www.revistarambla.com\\\/wp-content\\\/uploads\\\/2025\\\/11\\\/Belkis-Bayrak-gran-guayadora-al-MARESME-FILM-FESTIVAL-per-la-seva-obra-Gulizar.jpg\",\"datePublished\":\"2025-11-04T18:10:28+00:00\",\"dateModified\":\"2025-11-04T18:11:35+00:00\",\"breadcrumb\":{\"@id\":\"https:\\\/\\\/www.revistarambla.com\\\/la-pelicula-turca-gulizar-gran-ganadora-de-la-10a-edicion-del-maresme-film-festival\\\/#breadcrumb\"},\"inLanguage\":\"en-GB\",\"potentialAction\":[{\"@type\":\"ReadAction\",\"target\":[\"https:\\\/\\\/www.revistarambla.com\\\/la-pelicula-turca-gulizar-gran-ganadora-de-la-10a-edicion-del-maresme-film-festival\\\/\"]}]},{\"@type\":\"ImageObject\",\"inLanguage\":\"en-GB\",\"@id\":\"https:\\\/\\\/www.revistarambla.com\\\/la-pelicula-turca-gulizar-gran-ganadora-de-la-10a-edicion-del-maresme-film-festival\\\/#primaryimage\",\"url\":\"https:\\\/\\\/www.revistarambla.com\\\/wp-content\\\/uploads\\\/2025\\\/11\\\/Belkis-Bayrak-gran-guayadora-al-MARESME-FILM-FESTIVAL-per-la-seva-obra-Gulizar.jpg\",\"contentUrl\":\"https:\\\/\\\/www.revistarambla.com\\\/wp-content\\\/uploads\\\/2025\\\/11\\\/Belkis-Bayrak-gran-guayadora-al-MARESME-FILM-FESTIVAL-per-la-seva-obra-Gulizar.jpg\",\"width\":1920,\"height\":1280},{\"@type\":\"BreadcrumbList\",\"@id\":\"https:\\\/\\\/www.revistarambla.com\\\/la-pelicula-turca-gulizar-gran-ganadora-de-la-10a-edicion-del-maresme-film-festival\\\/#breadcrumb\",\"itemListElement\":[{\"@type\":\"ListItem\",\"position\":1,\"name\":\"Portada\",\"item\":\"https:\\\/\\\/www.revistarambla.com\\\/\"},{\"@type\":\"ListItem\",\"position\":2,\"name\":\"La pel\u00edcula turca \u00abG\u00fclizar\u00bb, gran ganadora de la 10\u00aa edici\u00f3n del Maresme Film Festival\"}]},{\"@type\":\"WebSite\",\"@id\":\"https:\\\/\\\/www.revistarambla.com\\\/#website\",\"url\":\"https:\\\/\\\/www.revistarambla.com\\\/\",\"name\":\"Revista Rambla Barcelona\",\"description\":\"Periodismo independiente\",\"publisher\":{\"@id\":\"https:\\\/\\\/www.revistarambla.com\\\/#organization\"},\"potentialAction\":[{\"@type\":\"SearchAction\",\"target\":{\"@type\":\"EntryPoint\",\"urlTemplate\":\"https:\\\/\\\/www.revistarambla.com\\\/?s={search_term_string}\"},\"query-input\":{\"@type\":\"PropertyValueSpecification\",\"valueRequired\":true,\"valueName\":\"search_term_string\"}}],\"inLanguage\":\"en-GB\"},{\"@type\":\"Organization\",\"@id\":\"https:\\\/\\\/www.revistarambla.com\\\/#organization\",\"name\":\"Revista Rambla\",\"url\":\"https:\\\/\\\/www.revistarambla.com\\\/\",\"logo\":{\"@type\":\"ImageObject\",\"inLanguage\":\"en-GB\",\"@id\":\"https:\\\/\\\/www.revistarambla.com\\\/#\\\/schema\\\/logo\\\/image\\\/\",\"url\":\"https:\\\/\\\/www.revistarambla.com\\\/wp-content\\\/uploads\\\/2020\\\/09\\\/banner_rambla_1900x600_BB.png\",\"contentUrl\":\"https:\\\/\\\/www.revistarambla.com\\\/wp-content\\\/uploads\\\/2020\\\/09\\\/banner_rambla_1900x600_BB.png\",\"width\":1900,\"height\":600,\"caption\":\"Revista Rambla\"},\"image\":{\"@id\":\"https:\\\/\\\/www.revistarambla.com\\\/#\\\/schema\\\/logo\\\/image\\\/\"},\"sameAs\":[\"https:\\\/\\\/www.facebook.com\\\/revistarambla\\\/\",\"https:\\\/\\\/x.com\\\/revistarambla\",\"https:\\\/\\\/www.instagram.com\\\/revista_rambla\",\"https:\\\/\\\/es.linkedin.com\\\/company\\\/revista-rambla\"]},{\"@type\":\"Person\",\"@id\":\"https:\\\/\\\/www.revistarambla.com\\\/#\\\/schema\\\/person\\\/f970e20c8f452a7910eb4defa5fe7d7d\",\"name\":\"\u00c0lex M. Franquet\",\"description\":\"-\",\"sameAs\":[\"https:\\\/\\\/www.revistarambla.com\\\/\"]}]}<\/script>\n<!-- \/ Yoast SEO plugin. -->","yoast_head_json":{"title":"La pel\u00edcula turca \"G\u00fclizar\", gran ganadora de la 10\u00aa edici\u00f3n del Maresme Film Festival - Revista Rambla","robots":{"index":"index","follow":"follow","max-snippet":"max-snippet:-1","max-image-preview":"max-image-preview:large","max-video-preview":"max-video-preview:-1"},"canonical":"https:\/\/www.revistarambla.com\/en\/la-pelicula-turca-gulizar-gran-ganadora-de-la-10a-edicion-del-maresme-film-festival\/","og_locale":"en_GB","og_type":"article","og_title":"La pel\u00edcula turca \"G\u00fclizar\", gran ganadora de la 10\u00aa edici\u00f3n del Maresme Film Festival - Revista Rambla","og_description":"El Maresme Internacional Film Festival celebr\u00f3 el pasado s\u00e1bado por la noche su Gala de Clausura con una ceremonia marcada por el triple triunfo de la pel\u00edcula turca \u201cG\u00fclizar\u201d, dirigida por la directora Belkis Bayrak, gran triunfadora de la noche en Calella. La gran ganadora de la noche, Belkis Bayrak [&hellip;]","og_url":"https:\/\/www.revistarambla.com\/en\/la-pelicula-turca-gulizar-gran-ganadora-de-la-10a-edicion-del-maresme-film-festival\/","og_site_name":"Revista Rambla","article_publisher":"https:\/\/www.facebook.com\/revistarambla\/","article_published_time":"2025-11-04T18:10:28+00:00","article_modified_time":"2025-11-04T18:11:35+00:00","og_image":[{"width":1920,"height":1280,"url":"https:\/\/www.revistarambla.com\/wp-content\/uploads\/2025\/11\/Belkis-Bayrak-gran-guayadora-al-MARESME-FILM-FESTIVAL-per-la-seva-obra-Gulizar.jpg","type":"image\/jpeg"}],"author":"\u00c0lex M. Franquet","twitter_card":"summary_large_image","twitter_creator":"@revistarambla","twitter_site":"@revistarambla","twitter_misc":{"Written by":"\u00c0lex M. Franquet","Estimated reading time":"5 minutes"},"schema":{"@context":"https:\/\/schema.org","@graph":[{"@type":"Article","@id":"https:\/\/www.revistarambla.com\/la-pelicula-turca-gulizar-gran-ganadora-de-la-10a-edicion-del-maresme-film-festival\/#article","isPartOf":{"@id":"https:\/\/www.revistarambla.com\/la-pelicula-turca-gulizar-gran-ganadora-de-la-10a-edicion-del-maresme-film-festival\/"},"author":{"name":"\u00c0lex M. Franquet","@id":"https:\/\/www.revistarambla.com\/#\/schema\/person\/f970e20c8f452a7910eb4defa5fe7d7d"},"headline":"La pel\u00edcula turca \u00abG\u00fclizar\u00bb, gran ganadora de la 10\u00aa edici\u00f3n del Maresme Film Festival","datePublished":"2025-11-04T18:10:28+00:00","dateModified":"2025-11-04T18:11:35+00:00","mainEntityOfPage":{"@id":"https:\/\/www.revistarambla.com\/la-pelicula-turca-gulizar-gran-ganadora-de-la-10a-edicion-del-maresme-film-festival\/"},"wordCount":791,"publisher":{"@id":"https:\/\/www.revistarambla.com\/#organization"},"image":{"@id":"https:\/\/www.revistarambla.com\/la-pelicula-turca-gulizar-gran-ganadora-de-la-10a-edicion-del-maresme-film-festival\/#primaryimage"},"thumbnailUrl":"https:\/\/www.revistarambla.com\/wp-content\/uploads\/2025\/11\/Belkis-Bayrak-gran-guayadora-al-MARESME-FILM-FESTIVAL-per-la-seva-obra-Gulizar.jpg","articleSection":["Cine &amp; Series"],"inLanguage":"en-GB"},{"@type":"WebPage","@id":"https:\/\/www.revistarambla.com\/la-pelicula-turca-gulizar-gran-ganadora-de-la-10a-edicion-del-maresme-film-festival\/","url":"https:\/\/www.revistarambla.com\/la-pelicula-turca-gulizar-gran-ganadora-de-la-10a-edicion-del-maresme-film-festival\/","name":"La pel\u00edcula turca \"G\u00fclizar\", gran ganadora de la 10\u00aa edici\u00f3n del Maresme Film Festival - Revista Rambla","isPartOf":{"@id":"https:\/\/www.revistarambla.com\/#website"},"primaryImageOfPage":{"@id":"https:\/\/www.revistarambla.com\/la-pelicula-turca-gulizar-gran-ganadora-de-la-10a-edicion-del-maresme-film-festival\/#primaryimage"},"image":{"@id":"https:\/\/www.revistarambla.com\/la-pelicula-turca-gulizar-gran-ganadora-de-la-10a-edicion-del-maresme-film-festival\/#primaryimage"},"thumbnailUrl":"https:\/\/www.revistarambla.com\/wp-content\/uploads\/2025\/11\/Belkis-Bayrak-gran-guayadora-al-MARESME-FILM-FESTIVAL-per-la-seva-obra-Gulizar.jpg","datePublished":"2025-11-04T18:10:28+00:00","dateModified":"2025-11-04T18:11:35+00:00","breadcrumb":{"@id":"https:\/\/www.revistarambla.com\/la-pelicula-turca-gulizar-gran-ganadora-de-la-10a-edicion-del-maresme-film-festival\/#breadcrumb"},"inLanguage":"en-GB","potentialAction":[{"@type":"ReadAction","target":["https:\/\/www.revistarambla.com\/la-pelicula-turca-gulizar-gran-ganadora-de-la-10a-edicion-del-maresme-film-festival\/"]}]},{"@type":"ImageObject","inLanguage":"en-GB","@id":"https:\/\/www.revistarambla.com\/la-pelicula-turca-gulizar-gran-ganadora-de-la-10a-edicion-del-maresme-film-festival\/#primaryimage","url":"https:\/\/www.revistarambla.com\/wp-content\/uploads\/2025\/11\/Belkis-Bayrak-gran-guayadora-al-MARESME-FILM-FESTIVAL-per-la-seva-obra-Gulizar.jpg","contentUrl":"https:\/\/www.revistarambla.com\/wp-content\/uploads\/2025\/11\/Belkis-Bayrak-gran-guayadora-al-MARESME-FILM-FESTIVAL-per-la-seva-obra-Gulizar.jpg","width":1920,"height":1280},{"@type":"BreadcrumbList","@id":"https:\/\/www.revistarambla.com\/la-pelicula-turca-gulizar-gran-ganadora-de-la-10a-edicion-del-maresme-film-festival\/#breadcrumb","itemListElement":[{"@type":"ListItem","position":1,"name":"Portada","item":"https:\/\/www.revistarambla.com\/"},{"@type":"ListItem","position":2,"name":"La pel\u00edcula turca \u00abG\u00fclizar\u00bb, gran ganadora de la 10\u00aa edici\u00f3n del Maresme Film Festival"}]},{"@type":"WebSite","@id":"https:\/\/www.revistarambla.com\/#website","url":"https:\/\/www.revistarambla.com\/","name":"Revista Rambla Barcelona","description":"Periodismo independiente","publisher":{"@id":"https:\/\/www.revistarambla.com\/#organization"},"potentialAction":[{"@type":"SearchAction","target":{"@type":"EntryPoint","urlTemplate":"https:\/\/www.revistarambla.com\/?s={search_term_string}"},"query-input":{"@type":"PropertyValueSpecification","valueRequired":true,"valueName":"search_term_string"}}],"inLanguage":"en-GB"},{"@type":"Organization","@id":"https:\/\/www.revistarambla.com\/#organization","name":"Revista Rambla","url":"https:\/\/www.revistarambla.com\/","logo":{"@type":"ImageObject","inLanguage":"en-GB","@id":"https:\/\/www.revistarambla.com\/#\/schema\/logo\/image\/","url":"https:\/\/www.revistarambla.com\/wp-content\/uploads\/2020\/09\/banner_rambla_1900x600_BB.png","contentUrl":"https:\/\/www.revistarambla.com\/wp-content\/uploads\/2020\/09\/banner_rambla_1900x600_BB.png","width":1900,"height":600,"caption":"Revista Rambla"},"image":{"@id":"https:\/\/www.revistarambla.com\/#\/schema\/logo\/image\/"},"sameAs":["https:\/\/www.facebook.com\/revistarambla\/","https:\/\/x.com\/revistarambla","https:\/\/www.instagram.com\/revista_rambla","https:\/\/es.linkedin.com\/company\/revista-rambla"]},{"@type":"Person","@id":"https:\/\/www.revistarambla.com\/#\/schema\/person\/f970e20c8f452a7910eb4defa5fe7d7d","name":"\u00c0lex M. Franquet","description":"-","sameAs":["https:\/\/www.revistarambla.com\/"]}]}},"_links":{"self":[{"href":"https:\/\/www.revistarambla.com\/en\/wp-json\/wp\/v2\/posts\/67083","targetHints":{"allow":["GET"]}}],"collection":[{"href":"https:\/\/www.revistarambla.com\/en\/wp-json\/wp\/v2\/posts"}],"about":[{"href":"https:\/\/www.revistarambla.com\/en\/wp-json\/wp\/v2\/types\/post"}],"author":[{"embeddable":true,"href":"https:\/\/www.revistarambla.com\/en\/wp-json\/wp\/v2\/users\/33"}],"replies":[{"embeddable":true,"href":"https:\/\/www.revistarambla.com\/en\/wp-json\/wp\/v2\/comments?post=67083"}],"version-history":[{"count":2,"href":"https:\/\/www.revistarambla.com\/en\/wp-json\/wp\/v2\/posts\/67083\/revisions"}],"predecessor-version":[{"id":67088,"href":"https:\/\/www.revistarambla.com\/en\/wp-json\/wp\/v2\/posts\/67083\/revisions\/67088"}],"wp:featuredmedia":[{"embeddable":true,"href":"https:\/\/www.revistarambla.com\/en\/wp-json\/wp\/v2\/media\/67084"}],"wp:attachment":[{"href":"https:\/\/www.revistarambla.com\/en\/wp-json\/wp\/v2\/media?parent=67083"}],"wp:term":[{"taxonomy":"category","embeddable":true,"href":"https:\/\/www.revistarambla.com\/en\/wp-json\/wp\/v2\/categories?post=67083"},{"taxonomy":"post_tag","embeddable":true,"href":"https:\/\/www.revistarambla.com\/en\/wp-json\/wp\/v2\/tags?post=67083"}],"curies":[{"name":"wp","href":"https:\/\/api.w.org\/{rel}","templated":true}]}}