{"id":67076,"date":"2025-11-02T20:43:49","date_gmt":"2025-11-02T19:43:49","guid":{"rendered":"https:\/\/www.revistarambla.com\/?p=67076"},"modified":"2025-11-02T20:43:49","modified_gmt":"2025-11-02T19:43:49","slug":"antifeminismo-al-acecho","status":"publish","type":"post","link":"https:\/\/www.revistarambla.com\/en\/antifeminismo-al-acecho\/","title":{"rendered":"Antifeminismo al acecho"},"content":{"rendered":"<p class=\"x_1812829202ydpda9390bfyiv2189861440ydpbfcaebdeyiv3700449829ydp67ef73feyiv0068739755ydpa631bbb7MsoNormal\"><b><span lang=\"ES\">Se\u00f1ales en diversos lugares del planeta indican retrocesos y amenazas contra conquistas feministas. La inquietud crece y las estad\u00edsticas denuncian<\/span><\/b><span lang=\"ES\">.<\/span><\/p>\n<p class=\"x_1812829202ydpda9390bfyiv2189861440ydpbfcaebdeyiv3700449829ydp67ef73feyiv0068739755ydpa631bbb7MsoNormal\"><span lang=\"ES\">Las motivaciones de esta ofensiva antifeminista son variadas. Entre otras, la disputa de poder por parte de sectores machistas y patriarcales; competencia ante nuevos roles jer\u00e1rquicos asumidos por mujeres; sentimientos sociol\u00f3gicos de una nueva \u201cmarginaci\u00f3n\u201d vividos por hombres j\u00f3venes que <\/span>creen que los avances en igualdad de g\u00e9nero son un ataque a sus derechos y privilegios.<\/p>\n<p class=\"x_1812829202ydpda9390bfyiv2189861440ydpbfcaebdeyiv3700449829ydp67ef73feyiv0068739755ydpa631bbb7MsoNormal\">La ofensiva antifeminista trata de restarle fuerza, adem\u00e1s, a la denuncia de que la pobreza extrema en cualquier situaci\u00f3n social tiene rostro de mujer: \u00a0aproximadamente un 10%, porcentaje que no ha mejorado desde 2020. De no modificarse sustancialmente esta tendencia, en 2030 unos <a href=\"https:\/\/korbel.du.edu\/pardee\/international-futures-platform\/\" target=\"_blank\" rel=\"nofollow noopener\">351 millones de mujeres y ni\u00f1as<\/a>\u00a0sufrir\u00e1n el flagelo de la pobreza y una de cada tres en edad de procrear podr\u00eda padecer anemia, enfermedad \u201csocial\u201d que disminuye la energ\u00eda y atenta contra la salud integral. (<i><a href=\"https:\/\/www.unwomen.org\/es\/noticias\/comunicado-de-prensa\/2024\/03\/1-de-cada-10-mujeres-en-el-mundo-vive-en-pobreza-extrema\" target=\"_blank\" rel=\"nofollow noopener\">https:\/\/www.unwomen.org\/es\/noticias\/comunicado-de-prensa\/2024\/03\/1-de-cada-10-mujeres-en-el-mundo-vive-en-pobreza-extrema<\/a><\/i>).<\/p>\n<p class=\"x_1812829202ydpda9390bfyiv2189861440ydpbfcaebdeyiv3700449829ydp67ef73feyiv0068739755ydpa631bbb7MsoNormal\">En 2024,\u00a0<a href=\"https:\/\/openknowledge.fao.org\/server\/api\/core\/bitstreams\/483f5991-a2f3-4d8f-8456-4cbdcc229b60\/content\" target=\"_blank\" rel=\"nofollow noopener\">la probabilidad de que las mujeres pasaran hambre fue mayor que la de los hombres<\/a>: 26,1% versus 14,2%. En t\u00e9rminos de seguridad alimentaria, esta diferencia signific\u00f3 64 millones de personas. Las mujeres tambi\u00e9n padecen casi\u00a0<a href=\"https:\/\/www.who.int\/es\/data\/gho\/publications\/world-health-statistics\" target=\"_blank\" rel=\"nofollow noopener\">tres a\u00f1os m\u00e1s de vida de mala salud<\/a> que los varones. Estos datos se agravan debido a la realidad cotidiana de las mujeres, quienes habitualmente asumen una mayor carga de trabajo de cuidados no remunerados que los varones y adem\u00e1s quedan excluidas de la propiedad de la tierra, las finanzas y los empleos decentes. Es decir, se les niegan las herramientas necesarias para prosperar. Seg\u00fan <i>ONU Mujer<\/i>, en 2024, dos mil millones de mujeres y ni\u00f1as carecieron de acceso a toda forma de protecci\u00f3n social, sin duda una brecha de g\u00e9nero que se profundiza cada vez m\u00e1s en el mundo entero (<i><a href=\"https:\/\/news.un.org\/es\/story\/2024\/10\/1533551\" target=\"_blank\" rel=\"nofollow noopener\">https:\/\/news.un.org\/es\/story\/2024\/10\/1533551<\/a><\/i>).<\/p>\n<p class=\"x_1812829202ydpda9390bfyiv2189861440ydpbfcaebdeyiv3700449829ydp67ef73feyiv0068739755ydpa631bbb7MsoNormal\"><b><span lang=\"ES\">Antifeminismo, movimiento reaccionario<\/span><\/b><\/p>\n<p>En un art\u00edculo del 19 de octubre en el cotidiano progresista suizo <i>Le Courrier<\/i>, la periodista Dominique Hartmann, redactora de la secci\u00f3n Igualdad, sostiene que \u201cEl antifeminismo ya no es un fen\u00f3meno difuso, sino un aut\u00e9ntico contramovimiento social\u201d, y a continuaci\u00f3n entrevista a la historiadora Alix Heiniger, miembro del consejo editorial\u00a0de la revista <i>Nouvelles Questions F\u00e9ministes (NQF).<\/i><\/p>\n<p class=\"x_1812829202ydpda9390bfyiv2189861440ydpbfcaebdeyiv3700449829ydp67ef73feyiv0068739755ydpa631bbb7MsoNormal\">Para <span lang=\"ES\">Heiniger, uno de los elementos de esta ofensiva antifeminista consiste en la diluci\u00f3n de las cuestiones de g\u00e9nero en la gobernanza global, fundamentalmente mediante la eliminaci\u00f3n de palabras claves. T\u00e9rminos como \u201cderechos reproductivos y sexuales\u201d, por ejemplo, est\u00e1n desapareciendo gradualmente de los textos pol\u00edticos y legales con el argumento de que los mismo solo sirven a una agenda LGBTQI+ \u201cradical\u201d. \u201cLas armas del antifeminismo son m\u00faltiples\u201d, enfatiza Heiniger, de all\u00ed la necesidad urgente de \u201carmarnos intelectual y colectivamente\u201d para hacerle frente.<\/span><\/p>\n<p class=\"x_1812829202ydpda9390bfyiv2189861440ydpbfcaebdeyiv3700449829ydp67ef73feyiv0068739755ydpa631bbb7MsoNormal\"><span lang=\"ES\">Cuando llega el momento de describir el antifeminismo, Heineger propone \u201chablar de antifeminismos, en plural\u201d, pues en realidad se trata de la convergencia de numerosos grupos de diferentes edades y motivaciones y con objetivos espec\u00edficos: masculinistas, movimientos por los derechos de los padres, incels (varones que culpan a las mujeres feministas por su celibato), entre otros. Sin embargo, comparten la visi\u00f3n de que la igualdad entre los diversos grupos sociales de g\u00e9nero ya existe, y que lo que est\u00e1 en juego ahora es la recuperaci\u00f3n del \u201cequilibrio\u201d. \u201cEn realidad, alega Heineger, \u201csabemos muy bien que [la igualdad] no es un hecho, ni para las mujeres ni para las personas LGBTIQ+\u201d. Y que la b\u00fasqueda de este mentado \u201cequilibrio\u201d es, en realidad, la manera como el antifeminismo \u201copera a trav\u00e9s de un contra discurso reaccionario\u201d para impedir o revertir la igualdad entre g\u00e9neros.\u00a0 <\/span><\/p>\n<p class=\"x_1812829202ydpda9390bfyiv2189861440ydpbfcaebdeyiv3700449829ydp67ef73feyiv0068739755ydpa631bbb7MsoNormal\"><span lang=\"ES\">\u00bfPor qu\u00e9? Sencillamente, porque su objetivo primordial consiste en \u201cpreservar el poder del grupo social masculino sobre el femenino\u201d, y esto se logra haciendo \u201cretroceder los logros del feminismo\u201d.\u00a0Esta es la raz\u00f3n por la que, desde principios de la d\u00e9cada de los 90, el masculinismo haya funcionado como un movimiento de oposici\u00f3n al feminismo. A partir del a\u00f1o 2000, el Internet le asegur\u00f3 un relieve notable al posibilitar que muchas personas expresen desde el anonimato opiniones te\u00f3ricamente punibles con total impunidad debido a leyes muy dif\u00edciles de aplicar. Para Heineger, el saldo negativo es innegable debido a que el lenguaje y los actos de violencia en la WEB tienen repercusiones directas en el \u00e1mbito social y pol\u00edtico. <\/span><\/p>\n<p class=\"x_1812829202ydpda9390bfyiv2189861440ydpbfcaebdeyiv3700449829ydp67ef73feyiv0068739755ydpa631bbb7MsoNormal\"><span lang=\"ES\">Como se\u00f1ala Heineger, los partidos conservadores de derecha han sacado provecho de este contra discurso. Concretamente, se apoyan en \u00e9l para denunciar \u201cla igualdad de g\u00e9nero como perjudicial para la familia, pero tambi\u00e9n para la naci\u00f3n\u201d. Se trata de una ofensiva, fundamentalmente, contra los derechos de la mujer en el \u00e1mbito de la sexualidad humana, como el derecho a consentir y a decidir en cuestiones de procreaci\u00f3n. Desde la elecci\u00f3n de Donald Trump, por ejemplo, esta ofensiva gradual ha estado impactando las mismas pol\u00edticas de salud p\u00fablica en el Sur Global, donde las Organizaciones No Gubernamentales (ONGs) deben abstenerse de hablar abiertamente, entre otros temas, del aborto, cuando tratan de obtener financiamiento. <\/span><\/p>\n<p class=\"x_1812829202ydpda9390bfyiv2189861440ydpbfcaebdeyiv3700449829ydp67ef73feyiv0068739755ydpa631bbb7MsoNormal\"><span lang=\"ES\">\u00bfC\u00f3mo se puede combatir el antifeminismo?\u201d, se pregunta Heineger. Su respuesta: mediante la investigaci\u00f3n y el conocimiento. En otras palabras, \u201cuna feminista informada vale por dos\u201d. \u201cDebemos armarnos de conocimiento\u201d, insiste, \u201cpara comprender estos mecanismos que generan violencia y malestar, y as\u00ed comprender mejor el mundo que nos rodea, sobre todo porque constantemente surgen nuevas estrategias\u201d contra el feminismo.<\/span><\/p>\n<p class=\"x_1812829202ydpda9390bfyiv2189861440ydpbfcaebdeyiv3700449829ydp67ef73feyiv0068739755ydpa631bbb7MsoNormal\"><b><span lang=\"ES\">Blindar el aborto como derecho constitucional<\/span><\/b><\/p>\n<p class=\"x_1812829202ydpda9390bfyiv2189861440ydpbfcaebdeyiv3700449829ydp67ef73feyiv0068739755ydpa631bbb7MsoNormal\">El mismo d\u00eda que <i>Le Courrier<\/i> circul\u00f3 esta entrevista, el cotidiano espa\u00f1ol <i>El Pa\u00eds<\/i> public\u00f3 a doble p\u00e1gina un an\u00e1lisis con el t\u00edtulo \u201cLa Revoluci\u00f3n antifeminista avanza tras d\u00e9cadas de mejoras en igualdad\u201d. Y un subt\u00edtulo: \u201c<span lang=\"ES\">Espa\u00f1a intenta blindar el aborto en la Constituci\u00f3n como ya ha hecho Francia\u201d.<\/span><\/p>\n<p class=\"x_1812829202ydpda9390bfyiv2189861440ydpbfcaebdeyiv3700449829ydp67ef73feyiv0068739755ydpa631bbb7MsoNormal\"><span lang=\"ES\">\u201cLa historia jam\u00e1s avanza en l\u00ednea recta\u201d, afirma el an\u00e1lisis del peri\u00f3dico espa\u00f1ol. \u201cTampoco la del feminismo\u201d. Desde hace m\u00e1s de una d\u00e9cada y al calor de la ola reaccionaria que recorre el mundo, se multiplican los recortes a los derechos de la mujer tambi\u00e9n en el Sur Global y tras a\u00f1os de avances hacia la igualdad. \u201cOcurre en reg\u00edmenes pol\u00edticos y culturales alejados [geogr\u00e1ficamente] que est\u00e1n actuando contra la diversidad\u201d, argumenta el an\u00e1lisis, \u201cde los EE UU de Trump, a la Argentina de Milei, la India de Modi o las m\u00e1s cercanas Italia, Hungr\u00eda o Polonia\u201d. Pero naciones como Francia o Espa\u00f1a est\u00e1n oponiendo resistencia a esta ofensiva y justifican, por ejemplo, la inclusi\u00f3n del aborto en sus constituciones \u201ccomo ant\u00eddoto a este fen\u00f3meno impulsado por el auge de la ultraderecha\u201d. <\/span><\/p>\n<p class=\"x_1812829202ydpda9390bfyiv2189861440ydpbfcaebdeyiv3700449829ydp67ef73feyiv0068739755ydpa631bbb7MsoNormal\"><span lang=\"ES\">\u201cEn la mayor\u00eda de los pa\u00edses, el movimiento de extrema derecha va acompa\u00f1ado de pol\u00edticas, entre comillas, de promoci\u00f3n de la familia, con un modelo que no tiene nada que ver con las familias diversas e igualitarias\u201d, reflexiona Cristina Gallach, exsecretaria general adjunta de Naciones Unidas y exsecretaria de Estado de Asuntos Exteriores de Espa\u00f1a. \u201cTambi\u00e9n est\u00e1 vinculado\u201d, agrega Gallach, \u201ccon un retorno a los valores tradicionales m\u00e1s religiosos y con cortar el acceso de la mujer al mercado laboral\u201d adem\u00e1s de negar los derechos sexuales reproductivos. Desde la perspectiva de esos pa\u00edses, \u201cEl lugar de la mujer es la casa con los hijos\u201d. <\/span><\/p>\n<p class=\"x_1812829202ydpda9390bfyiv2189861440ydpbfcaebdeyiv3700449829ydp67ef73feyiv0068739755ydpa631bbb7MsoNormal\"><span lang=\"ES\">Aunque este proceso empez\u00f3 hace diez o quince a\u00f1os, afirma el an\u00e1lisis del peri\u00f3dico espa\u00f1ol, el regreso en enero pasado de Donald Trump a la Casa Blanca constituye un s\u00edmbolo de la fortaleza de este movimiento. Una de sus primeras decisiones consisti\u00f3 en firmar un decreto para retirar de los organismos del Gobierno de Estados Unidos cualquier declaraci\u00f3n, regulaci\u00f3n o mensaje que \u201cpromueva o inculque la ideolog\u00eda de g\u00e9nero\u201d. En la actualidad, sostiene el art\u00edculo, partidos nacional-populistas afines a Trump alcanzan una posici\u00f3n muy alta en las encuestas en los principales pa\u00edses de Europa occidental: Francia, Alemania y Reino Unido. Y en Italia gobierna Giorgia Meloni, una primera ministra heredera del posfascismo. La paradoja, concluye el art\u00edculo, es que, en muchos casos, estos movimientos considerados como punta de lanza de la contrarrevoluci\u00f3n antifeminista, son liderados por personalidades pol\u00edticas como Marine Le Pen en Francia o Alice Weidel en Alemania, es decir, mujeres que se ha impuesto en partidos muy masculinos.<\/span><\/p>\n<p class=\"x_1812829202ydpda9390bfyiv2189861440ydpbfcaebdeyiv3700449829ydp67ef73feyiv0068739755ydpa631bbb7MsoNormal\"><b><span lang=\"ES\">La violencia de g\u00e9nero en Europa<\/span><\/b><\/p>\n<p class=\"x_1812829202ydpda9390bfyiv2189861440ydpbfcaebdeyiv3700449829ydp67ef73feyiv0068739755ydpa631bbb7MsoNormal\"><span lang=\"ES\">En los pa\u00edses de la Uni\u00f3n Europea (UE), cerca del 30% de las mujeres ha vivido situaciones de violencia f\u00edsica, amenazas y\/o violencia sexual a lo largo de su vida. Un 13% sufri\u00f3 violencia f\u00edsica o amenazas sin violencia sexual; un 17%, violencia sexual. Se trata de constataciones de la \u00faltima <\/span><a href=\"https:\/\/eige.europa.eu\/publications-resources\/publications\/eu-gender-based-violence-survey-key-results\" target=\"_blank\" rel=\"nofollow noopener\">e<\/a>ncuesta gestionada por Eurostat, la agencia de los Derechos Fundamentales de la UE, y el Instituto Europeo de Igualdad de G\u00e9nero. Publicada el segundo semestre de 2024, la misma entrevist\u00f3 a 114.013 mujeres de 18 a 74 a\u00f1os de edad (<i><a href=\"https:\/\/eige.europa.eu\/publications-resources\/publications\/eu-gender-based-violence-survey-key-results\" target=\"_blank\" rel=\"nofollow noopener\">https:\/\/eige.europa.eu\/publications-resources\/publications\/eu-gender-based-violence-survey-key-results<\/a><\/i>).<\/p>\n<p class=\"x_1812829202ydpda9390bfyiv2189861440ydpbfcaebdeyiv3700449829ydp67ef73feyiv0068739755ydpa631bbb7MsoNormal\"><span lang=\"ES\">Seg\u00fan esta encuesta, <\/span><a href=\"https:\/\/eur-lex.europa.eu\/legal-content\/ES\/TXT\/HTML\/?uri=OJ:L_202401385\" target=\"_blank\" rel=\"nofollow noopener\"><span lang=\"ES\">violencia de g\u00e9nero<\/span><\/a><span lang=\"ES\">\u00a0refiere a cualquier forma de violencia dirigida contra una persona por raz\u00f3n de su g\u00e9nero. Puede manifestarse de\u00a0<\/span><a href=\"https:\/\/commission.europa.eu\/strategy-and-policy\/policies\/justice-and-fundamental-rights\/gender-equality\/gender-based-violence\/what-gender-based-violence_es\" target=\"_blank\" rel=\"nofollow noopener\"><span lang=\"ES\">distintas maneras: f\u00edsica<\/span><\/a><span lang=\"ES\">\u00a0(como el feminicidio), sexual (como la violaci\u00f3n o el acoso sexual), psicol\u00f3gica o econ\u00f3mica, y producirse tanto en el \u00e1mbito p\u00fablico como en el privado. Un ejemplo es la violencia dom\u00e9stica, que ocurre dentro del entorno familiar o entre c\u00f3nyuges o parejas actuales o anteriores. A menudo, este tipo de violencia la ejercen familiares cercanos o parejas \u00edntimas.<\/span><\/p>\n<p class=\"x_1812829202ydpda9390bfyiv2189861440ydpbfcaebdeyiv3700449829ydp67ef73feyiv0068739755ydpa631bbb7MsoNormal\"><span lang=\"ES\">Los t\u00e9rminos \u201cviolencia de g\u00e9nero\u201d y \u201cviolencia contra las mujeres\u201d suelen utilizarse indistintamente, ya que, generalmente, los actos de violencia de g\u00e9nero los cometen los varones contra las mujeres. En s\u00edntesis, esta forma de violencia se vincula con desequilibrios de poder entre los g\u00e9neros y es un fen\u00f3meno complejo influido por estructuras sociales y culturales, as\u00ed como por normas y valores arraigados. Pr\u00e1cticas como la mutilaci\u00f3n genital femenina, el matrimonio forzado o la difusi\u00f3n no consentida de contenidos sexuales \u00edntimos, se consideran formas de explotaci\u00f3n sexual. Adem\u00e1s, los ciberdelitos, como el ciberacoso, el acecho en l\u00ednea o la incitaci\u00f3n a la violencia o al odio a trav\u00e9s de Internet, tambi\u00e9n se clasifican como formas de violencia de g\u00e9nero.<\/span><\/p>\n<p class=\"x_1812829202ydpda9390bfyiv2189861440ydpbfcaebdeyiv3700449829ydp67ef73feyiv0068739755ydpa631bbb7MsoNormal\"><span lang=\"ES\">Los pa\u00edses de la UE con los \u00edndices m\u00e1s altos de violencia de g\u00e9nero son Finlandia, Suecia y Hungr\u00eda. En Finlandia, el 57% de las mujeres encuestadas afirm\u00f3 haber sufrido violencia de g\u00e9nero; un 37%, haber sido v\u00edctima de violencia sexual. En Suecia, m\u00e1s de la mitad de las mujeres (52%) reconoci\u00f3 haber padecido alg\u00fan tipo de violencia de g\u00e9nero; un 41%, violencia sexual. En Hungr\u00eda, el 49% de las participantes se identific\u00f3 como v\u00edctimas de violencia de g\u00e9nero (17%, sexual; 31%, f\u00edsica). Sin embargo, se\u00f1ala la encuesta, las comparaciones entre pa\u00edses deben hacerse con cautela porque la percepci\u00f3n de conducta perjudicial o inaceptable, as\u00ed como del grado de conciencia y reconocimiento de los distintos tipos de violencia, puede variar entre los Estados miembros.<\/span><\/p>\n<p class=\"x_1812829202ydpda9390bfyiv2189861440ydpbfcaebdeyiv3700449829ydp67ef73feyiv0068739755ydpa631bbb7MsoNormal\">Los esfuerzos institucionales de la Uni\u00f3n Europea por confrontar este flagelo, si bien permanentes, de todos modos, parecen insuficientes. La tercera semana de octubre, el Parlamento Europeo (poder legislativo de la UE) resolvi\u00f3 analizar <span lang=\"ES\">las medidas y los avances en el combate contra la violencia de mujeres y ni\u00f1as, con especial atenci\u00f3n a la explotaci\u00f3n de la maternidad.<\/span> \u201c<span lang=\"ES\">La violencia contra mujeres y ni\u00f1as\u201d, afirmo el Parlamento, \u201cpersiste como\u00a0<\/span><a href=\"https:\/\/eige.europa.eu\/newsroom\/eu-gender-based-violence-survey\" target=\"_blank\" rel=\"nofollow noopener\"><span lang=\"ES\">una de las m\u00e1s graves violaciones de derechos humanos en Europa<\/span><\/a>\u201d. <span lang=\"ES\">Mediante una\u00a0<\/span><a href=\"https:\/\/www.europarl.europa.eu\/doceo\/document\/TA-10-2025-0232_ES.html\" target=\"_blank\" rel=\"nofollow noopener\"><span lang=\"ES\">resoluci\u00f3n del 9 de octubre<\/span><\/a><span lang=\"ES\">, <\/span>el Parlamento reiter\u00f3 <span lang=\"ES\">su compromiso con los derechos de la mujer y la igualdad de g\u00e9nero, celebr\u00f3 la\u00a0<\/span><a href=\"https:\/\/commission.europa.eu\/document\/download\/0c3fe55d-9e4f-4377-9d14-93d03398b434_en?filename=Gender%20Equality%20Report%20Chapeau%20Communication.pdf\" target=\"_blank\" rel=\"nofollow noopener\"><span lang=\"ES\">hoja de ruta de la Comisi\u00f3n sobre derechos de la mujer<\/span><\/a><span lang=\"ES\">\u00a0y respald\u00f3 la\u00a0<\/span><a href=\"https:\/\/commission.europa.eu\/document\/download\/7d965089-e332-473a-88a9-e246f214e3bf_en?filename=Gender%20Equality%20Roadmap%20-%20Annex.pdf\" target=\"_blank\" rel=\"nofollow noopener\"><span lang=\"ES\">declaraci\u00f3n de principios para una sociedad igualitaria<\/span><\/a><span lang=\"ES\"> (<\/span><i><span lang=\"ES\"><a href=\"https:\/\/www.europarl.europa.eu\/news\/es\/agenda\/briefing\/2025-10-20\/8\/lucha-contra-la-violencia-contra-la-mujer\" target=\"_blank\" rel=\"nofollow noopener\">https:\/\/www.europarl.europa.eu\/news\/es\/agenda\/briefing\/2025-10-20\/8\/lucha-contra-la-violencia-contra-la-mujer<\/a><\/span><\/i><span lang=\"ES\">).<\/span><\/p>\n<p class=\"x_1812829202ydpda9390bfyiv2189861440ydpbfcaebdeyiv3700449829ydp67ef73feyiv0068739755ydpa631bbb7MsoNormal\">En 2024, el Parlamento hab\u00eda aprobado la <span lang=\"ES\">primera normativa contra la violencia de g\u00e9nero, con medidas para la prevenci\u00f3n de violaciones y una mayor concientizaci\u00f3n del consentimiento. Adem\u00e1s, la confirmaci\u00f3n de la criminalizaci\u00f3n del matrimonio forzado y de la mutilaci\u00f3n genital femenina en la UE, as\u00ed como la prohibici\u00f3n de informaci\u00f3n privada en Internet sin consentimiento por consider\u00e1rsela \u201cexhibicionismo cibern\u00e9tico\u201d (<\/span><i><span lang=\"ES\"><a href=\"https:\/\/www.europarl.europa.eu\/news\/es\/press-room\/20240419IPR20588\/el-parlamento-aprueba-la-primera-normativa-europea-contra-la-violencia-de-genero\" target=\"_blank\" rel=\"nofollow noopener\">https:\/\/www.europarl.europa.eu\/news\/es\/press-room\/20240419IPR20588\/el-parlamento-aprueba-la-primera-normativa-europea-contra-la-violencia-de-genero<\/a><\/span><\/i><span lang=\"ES\">)<\/span><span lang=\"ES\">.<\/span><\/p>\n<p class=\"x_1812829202ydpda9390bfyiv2189861440ydpbfcaebdeyiv3700449829ydp67ef73feyiv0068739755ydpa631bbb7MsoNormal\"><span lang=\"ES\">A pesar de los esfuerzos institucionales y parlamentarios en uno y otro rinc\u00f3n del planeta, los antifeminismos en sus diversas modalidades contin\u00faan promoviendo una ofensiva de peso. Siempre de la mano de propuestas pol\u00edticas ideol\u00f3gicamente conservadoras y negacionistas que pretenden dictar las leyes universales de la existencia humana. En particular, en un Occidente donde, gracias a su innegable poder econ\u00f3mico y su conservadurismo religioso, tambi\u00e9n insisten en dictar los mandamientos de una nueva moral y las reglas de la \u201cfamilia perfecta\u201d.<\/span><\/p>\n","protected":false},"excerpt":{"rendered":"<p>La pobreza sigue teniendo rostro de mujer<\/p>","protected":false},"author":24,"featured_media":67077,"comment_status":"closed","ping_status":"closed","sticky":false,"template":"","format":"standard","meta":{"footnotes":""},"categories":[4108],"tags":[],"class_list":["post-67076","post","type-post","status-publish","format-standard","has-post-thumbnail","hentry","category-el-apunte-de-sergio-ferrari"],"yoast_head":"<!-- This site is optimized with the Yoast SEO plugin v27.5 - https:\/\/yoast.com\/product\/yoast-seo-wordpress\/ -->\n<title>Antifeminismo al acecho - Revista Rambla<\/title>\n<meta name=\"robots\" content=\"index, follow, max-snippet:-1, max-image-preview:large, max-video-preview:-1\" \/>\n<link rel=\"canonical\" href=\"https:\/\/www.revistarambla.com\/en\/antifeminismo-al-acecho\/\" \/>\n<meta property=\"og:locale\" content=\"en_GB\" \/>\n<meta property=\"og:type\" content=\"article\" \/>\n<meta property=\"og:title\" content=\"Antifeminismo al acecho - Revista Rambla\" \/>\n<meta property=\"og:description\" content=\"La pobreza sigue teniendo rostro de mujer\" \/>\n<meta property=\"og:url\" content=\"https:\/\/www.revistarambla.com\/en\/antifeminismo-al-acecho\/\" \/>\n<meta property=\"og:site_name\" content=\"Revista Rambla\" \/>\n<meta property=\"article:publisher\" content=\"https:\/\/www.facebook.com\/revistarambla\/\" \/>\n<meta property=\"article:author\" content=\"https:\/\/www.facebook.com\/sergio.ferrari.9655\" \/>\n<meta property=\"article:published_time\" content=\"2025-11-02T19:43:49+00:00\" \/>\n<meta property=\"og:image\" content=\"https:\/\/www.revistarambla.com\/wp-content\/uploads\/2025\/11\/Las-mujeres-organizadas-con-su-movilizacion-en-las-calles-siguen-defendiendo-sus-derechos-y-conquistas-y-confrontan-las-nuevas-tendencias-antifeministas.-Foto-Marcha-Mundial-de-Mujeres-Brasil.jpg\" \/>\n\t<meta property=\"og:image:width\" content=\"970\" \/>\n\t<meta property=\"og:image:height\" content=\"600\" \/>\n\t<meta property=\"og:image:type\" content=\"image\/jpeg\" \/>\n<meta name=\"author\" content=\"Sergio Ferrari\" \/>\n<meta name=\"twitter:card\" content=\"summary_large_image\" \/>\n<meta name=\"twitter:creator\" content=\"@SergiooFerrari\" \/>\n<meta name=\"twitter:site\" content=\"@revistarambla\" \/>\n<meta name=\"twitter:label1\" content=\"Written by\" \/>\n\t<meta name=\"twitter:data1\" content=\"Sergio Ferrari\" \/>\n\t<meta name=\"twitter:label2\" content=\"Estimated reading time\" \/>\n\t<meta name=\"twitter:data2\" content=\"10 minutes\" \/>\n<script type=\"application\/ld+json\" class=\"yoast-schema-graph\">{\"@context\":\"https:\\\/\\\/schema.org\",\"@graph\":[{\"@type\":\"Article\",\"@id\":\"https:\\\/\\\/www.revistarambla.com\\\/antifeminismo-al-acecho\\\/#article\",\"isPartOf\":{\"@id\":\"https:\\\/\\\/www.revistarambla.com\\\/antifeminismo-al-acecho\\\/\"},\"author\":{\"name\":\"Sergio Ferrari\",\"@id\":\"https:\\\/\\\/www.revistarambla.com\\\/#\\\/schema\\\/person\\\/339e2410a25811f9912d8a8551fa5d96\"},\"headline\":\"Antifeminismo al acecho\",\"datePublished\":\"2025-11-02T19:43:49+00:00\",\"mainEntityOfPage\":{\"@id\":\"https:\\\/\\\/www.revistarambla.com\\\/antifeminismo-al-acecho\\\/\"},\"wordCount\":2224,\"publisher\":{\"@id\":\"https:\\\/\\\/www.revistarambla.com\\\/#organization\"},\"image\":{\"@id\":\"https:\\\/\\\/www.revistarambla.com\\\/antifeminismo-al-acecho\\\/#primaryimage\"},\"thumbnailUrl\":\"https:\\\/\\\/www.revistarambla.com\\\/wp-content\\\/uploads\\\/2025\\\/11\\\/Las-mujeres-organizadas-con-su-movilizacion-en-las-calles-siguen-defendiendo-sus-derechos-y-conquistas-y-confrontan-las-nuevas-tendencias-antifeministas.-Foto-Marcha-Mundial-de-Mujeres-Brasil.jpg\",\"articleSection\":[\"El Apunte\"],\"inLanguage\":\"en-GB\"},{\"@type\":\"WebPage\",\"@id\":\"https:\\\/\\\/www.revistarambla.com\\\/antifeminismo-al-acecho\\\/\",\"url\":\"https:\\\/\\\/www.revistarambla.com\\\/antifeminismo-al-acecho\\\/\",\"name\":\"Antifeminismo al acecho - Revista Rambla\",\"isPartOf\":{\"@id\":\"https:\\\/\\\/www.revistarambla.com\\\/#website\"},\"primaryImageOfPage\":{\"@id\":\"https:\\\/\\\/www.revistarambla.com\\\/antifeminismo-al-acecho\\\/#primaryimage\"},\"image\":{\"@id\":\"https:\\\/\\\/www.revistarambla.com\\\/antifeminismo-al-acecho\\\/#primaryimage\"},\"thumbnailUrl\":\"https:\\\/\\\/www.revistarambla.com\\\/wp-content\\\/uploads\\\/2025\\\/11\\\/Las-mujeres-organizadas-con-su-movilizacion-en-las-calles-siguen-defendiendo-sus-derechos-y-conquistas-y-confrontan-las-nuevas-tendencias-antifeministas.-Foto-Marcha-Mundial-de-Mujeres-Brasil.jpg\",\"datePublished\":\"2025-11-02T19:43:49+00:00\",\"breadcrumb\":{\"@id\":\"https:\\\/\\\/www.revistarambla.com\\\/antifeminismo-al-acecho\\\/#breadcrumb\"},\"inLanguage\":\"en-GB\",\"potentialAction\":[{\"@type\":\"ReadAction\",\"target\":[\"https:\\\/\\\/www.revistarambla.com\\\/antifeminismo-al-acecho\\\/\"]}]},{\"@type\":\"ImageObject\",\"inLanguage\":\"en-GB\",\"@id\":\"https:\\\/\\\/www.revistarambla.com\\\/antifeminismo-al-acecho\\\/#primaryimage\",\"url\":\"https:\\\/\\\/www.revistarambla.com\\\/wp-content\\\/uploads\\\/2025\\\/11\\\/Las-mujeres-organizadas-con-su-movilizacion-en-las-calles-siguen-defendiendo-sus-derechos-y-conquistas-y-confrontan-las-nuevas-tendencias-antifeministas.-Foto-Marcha-Mundial-de-Mujeres-Brasil.jpg\",\"contentUrl\":\"https:\\\/\\\/www.revistarambla.com\\\/wp-content\\\/uploads\\\/2025\\\/11\\\/Las-mujeres-organizadas-con-su-movilizacion-en-las-calles-siguen-defendiendo-sus-derechos-y-conquistas-y-confrontan-las-nuevas-tendencias-antifeministas.-Foto-Marcha-Mundial-de-Mujeres-Brasil.jpg\",\"width\":970,\"height\":600,\"caption\":\"Antifeminismo\"},{\"@type\":\"BreadcrumbList\",\"@id\":\"https:\\\/\\\/www.revistarambla.com\\\/antifeminismo-al-acecho\\\/#breadcrumb\",\"itemListElement\":[{\"@type\":\"ListItem\",\"position\":1,\"name\":\"Portada\",\"item\":\"https:\\\/\\\/www.revistarambla.com\\\/\"},{\"@type\":\"ListItem\",\"position\":2,\"name\":\"Antifeminismo al acecho\"}]},{\"@type\":\"WebSite\",\"@id\":\"https:\\\/\\\/www.revistarambla.com\\\/#website\",\"url\":\"https:\\\/\\\/www.revistarambla.com\\\/\",\"name\":\"Revista Rambla Barcelona\",\"description\":\"Periodismo independiente\",\"publisher\":{\"@id\":\"https:\\\/\\\/www.revistarambla.com\\\/#organization\"},\"potentialAction\":[{\"@type\":\"SearchAction\",\"target\":{\"@type\":\"EntryPoint\",\"urlTemplate\":\"https:\\\/\\\/www.revistarambla.com\\\/?s={search_term_string}\"},\"query-input\":{\"@type\":\"PropertyValueSpecification\",\"valueRequired\":true,\"valueName\":\"search_term_string\"}}],\"inLanguage\":\"en-GB\"},{\"@type\":\"Organization\",\"@id\":\"https:\\\/\\\/www.revistarambla.com\\\/#organization\",\"name\":\"Revista Rambla\",\"url\":\"https:\\\/\\\/www.revistarambla.com\\\/\",\"logo\":{\"@type\":\"ImageObject\",\"inLanguage\":\"en-GB\",\"@id\":\"https:\\\/\\\/www.revistarambla.com\\\/#\\\/schema\\\/logo\\\/image\\\/\",\"url\":\"https:\\\/\\\/www.revistarambla.com\\\/wp-content\\\/uploads\\\/2020\\\/09\\\/banner_rambla_1900x600_BB.png\",\"contentUrl\":\"https:\\\/\\\/www.revistarambla.com\\\/wp-content\\\/uploads\\\/2020\\\/09\\\/banner_rambla_1900x600_BB.png\",\"width\":1900,\"height\":600,\"caption\":\"Revista Rambla\"},\"image\":{\"@id\":\"https:\\\/\\\/www.revistarambla.com\\\/#\\\/schema\\\/logo\\\/image\\\/\"},\"sameAs\":[\"https:\\\/\\\/www.facebook.com\\\/revistarambla\\\/\",\"https:\\\/\\\/x.com\\\/revistarambla\",\"https:\\\/\\\/www.instagram.com\\\/revista_rambla\",\"https:\\\/\\\/es.linkedin.com\\\/company\\\/revista-rambla\"]},{\"@type\":\"Person\",\"@id\":\"https:\\\/\\\/www.revistarambla.com\\\/#\\\/schema\\\/person\\\/339e2410a25811f9912d8a8551fa5d96\",\"name\":\"Sergio Ferrari\",\"description\":\"Periodista argentino radicado en Berna, Suiza. Acreditado ante el Gobierno suizo. Colaborador regular de numerosos medios latinoamericanos y europeos.\",\"sameAs\":[\"https:\\\/\\\/www.voltairenet.org\\\/auteur120173.html?lang=es\",\"https:\\\/\\\/www.facebook.com\\\/sergio.ferrari.9655\",\"https:\\\/\\\/x.com\\\/SergiooFerrari\"]}]}<\/script>\n<!-- \/ Yoast SEO plugin. -->","yoast_head_json":{"title":"Antifeminismo al acecho - Revista Rambla","robots":{"index":"index","follow":"follow","max-snippet":"max-snippet:-1","max-image-preview":"max-image-preview:large","max-video-preview":"max-video-preview:-1"},"canonical":"https:\/\/www.revistarambla.com\/en\/antifeminismo-al-acecho\/","og_locale":"en_GB","og_type":"article","og_title":"Antifeminismo al acecho - Revista Rambla","og_description":"La pobreza sigue teniendo rostro de mujer","og_url":"https:\/\/www.revistarambla.com\/en\/antifeminismo-al-acecho\/","og_site_name":"Revista Rambla","article_publisher":"https:\/\/www.facebook.com\/revistarambla\/","article_author":"https:\/\/www.facebook.com\/sergio.ferrari.9655","article_published_time":"2025-11-02T19:43:49+00:00","og_image":[{"width":970,"height":600,"url":"https:\/\/www.revistarambla.com\/wp-content\/uploads\/2025\/11\/Las-mujeres-organizadas-con-su-movilizacion-en-las-calles-siguen-defendiendo-sus-derechos-y-conquistas-y-confrontan-las-nuevas-tendencias-antifeministas.-Foto-Marcha-Mundial-de-Mujeres-Brasil.jpg","type":"image\/jpeg"}],"author":"Sergio Ferrari","twitter_card":"summary_large_image","twitter_creator":"@SergiooFerrari","twitter_site":"@revistarambla","twitter_misc":{"Written by":"Sergio Ferrari","Estimated reading time":"10 minutes"},"schema":{"@context":"https:\/\/schema.org","@graph":[{"@type":"Article","@id":"https:\/\/www.revistarambla.com\/antifeminismo-al-acecho\/#article","isPartOf":{"@id":"https:\/\/www.revistarambla.com\/antifeminismo-al-acecho\/"},"author":{"name":"Sergio Ferrari","@id":"https:\/\/www.revistarambla.com\/#\/schema\/person\/339e2410a25811f9912d8a8551fa5d96"},"headline":"Antifeminismo al acecho","datePublished":"2025-11-02T19:43:49+00:00","mainEntityOfPage":{"@id":"https:\/\/www.revistarambla.com\/antifeminismo-al-acecho\/"},"wordCount":2224,"publisher":{"@id":"https:\/\/www.revistarambla.com\/#organization"},"image":{"@id":"https:\/\/www.revistarambla.com\/antifeminismo-al-acecho\/#primaryimage"},"thumbnailUrl":"https:\/\/www.revistarambla.com\/wp-content\/uploads\/2025\/11\/Las-mujeres-organizadas-con-su-movilizacion-en-las-calles-siguen-defendiendo-sus-derechos-y-conquistas-y-confrontan-las-nuevas-tendencias-antifeministas.-Foto-Marcha-Mundial-de-Mujeres-Brasil.jpg","articleSection":["El Apunte"],"inLanguage":"en-GB"},{"@type":"WebPage","@id":"https:\/\/www.revistarambla.com\/antifeminismo-al-acecho\/","url":"https:\/\/www.revistarambla.com\/antifeminismo-al-acecho\/","name":"Antifeminismo al acecho - Revista Rambla","isPartOf":{"@id":"https:\/\/www.revistarambla.com\/#website"},"primaryImageOfPage":{"@id":"https:\/\/www.revistarambla.com\/antifeminismo-al-acecho\/#primaryimage"},"image":{"@id":"https:\/\/www.revistarambla.com\/antifeminismo-al-acecho\/#primaryimage"},"thumbnailUrl":"https:\/\/www.revistarambla.com\/wp-content\/uploads\/2025\/11\/Las-mujeres-organizadas-con-su-movilizacion-en-las-calles-siguen-defendiendo-sus-derechos-y-conquistas-y-confrontan-las-nuevas-tendencias-antifeministas.-Foto-Marcha-Mundial-de-Mujeres-Brasil.jpg","datePublished":"2025-11-02T19:43:49+00:00","breadcrumb":{"@id":"https:\/\/www.revistarambla.com\/antifeminismo-al-acecho\/#breadcrumb"},"inLanguage":"en-GB","potentialAction":[{"@type":"ReadAction","target":["https:\/\/www.revistarambla.com\/antifeminismo-al-acecho\/"]}]},{"@type":"ImageObject","inLanguage":"en-GB","@id":"https:\/\/www.revistarambla.com\/antifeminismo-al-acecho\/#primaryimage","url":"https:\/\/www.revistarambla.com\/wp-content\/uploads\/2025\/11\/Las-mujeres-organizadas-con-su-movilizacion-en-las-calles-siguen-defendiendo-sus-derechos-y-conquistas-y-confrontan-las-nuevas-tendencias-antifeministas.-Foto-Marcha-Mundial-de-Mujeres-Brasil.jpg","contentUrl":"https:\/\/www.revistarambla.com\/wp-content\/uploads\/2025\/11\/Las-mujeres-organizadas-con-su-movilizacion-en-las-calles-siguen-defendiendo-sus-derechos-y-conquistas-y-confrontan-las-nuevas-tendencias-antifeministas.-Foto-Marcha-Mundial-de-Mujeres-Brasil.jpg","width":970,"height":600,"caption":"Antifeminismo"},{"@type":"BreadcrumbList","@id":"https:\/\/www.revistarambla.com\/antifeminismo-al-acecho\/#breadcrumb","itemListElement":[{"@type":"ListItem","position":1,"name":"Portada","item":"https:\/\/www.revistarambla.com\/"},{"@type":"ListItem","position":2,"name":"Antifeminismo al acecho"}]},{"@type":"WebSite","@id":"https:\/\/www.revistarambla.com\/#website","url":"https:\/\/www.revistarambla.com\/","name":"Revista Rambla Barcelona","description":"Periodismo independiente","publisher":{"@id":"https:\/\/www.revistarambla.com\/#organization"},"potentialAction":[{"@type":"SearchAction","target":{"@type":"EntryPoint","urlTemplate":"https:\/\/www.revistarambla.com\/?s={search_term_string}"},"query-input":{"@type":"PropertyValueSpecification","valueRequired":true,"valueName":"search_term_string"}}],"inLanguage":"en-GB"},{"@type":"Organization","@id":"https:\/\/www.revistarambla.com\/#organization","name":"Revista Rambla","url":"https:\/\/www.revistarambla.com\/","logo":{"@type":"ImageObject","inLanguage":"en-GB","@id":"https:\/\/www.revistarambla.com\/#\/schema\/logo\/image\/","url":"https:\/\/www.revistarambla.com\/wp-content\/uploads\/2020\/09\/banner_rambla_1900x600_BB.png","contentUrl":"https:\/\/www.revistarambla.com\/wp-content\/uploads\/2020\/09\/banner_rambla_1900x600_BB.png","width":1900,"height":600,"caption":"Revista Rambla"},"image":{"@id":"https:\/\/www.revistarambla.com\/#\/schema\/logo\/image\/"},"sameAs":["https:\/\/www.facebook.com\/revistarambla\/","https:\/\/x.com\/revistarambla","https:\/\/www.instagram.com\/revista_rambla","https:\/\/es.linkedin.com\/company\/revista-rambla"]},{"@type":"Person","@id":"https:\/\/www.revistarambla.com\/#\/schema\/person\/339e2410a25811f9912d8a8551fa5d96","name":"Sergio Ferrari","description":"Periodista argentino radicado en Berna, Suiza. Acreditado ante el Gobierno suizo. Colaborador regular de numerosos medios latinoamericanos y europeos.","sameAs":["https:\/\/www.voltairenet.org\/auteur120173.html?lang=es","https:\/\/www.facebook.com\/sergio.ferrari.9655","https:\/\/x.com\/SergiooFerrari"]}]}},"_links":{"self":[{"href":"https:\/\/www.revistarambla.com\/en\/wp-json\/wp\/v2\/posts\/67076","targetHints":{"allow":["GET"]}}],"collection":[{"href":"https:\/\/www.revistarambla.com\/en\/wp-json\/wp\/v2\/posts"}],"about":[{"href":"https:\/\/www.revistarambla.com\/en\/wp-json\/wp\/v2\/types\/post"}],"author":[{"embeddable":true,"href":"https:\/\/www.revistarambla.com\/en\/wp-json\/wp\/v2\/users\/24"}],"replies":[{"embeddable":true,"href":"https:\/\/www.revistarambla.com\/en\/wp-json\/wp\/v2\/comments?post=67076"}],"version-history":[{"count":1,"href":"https:\/\/www.revistarambla.com\/en\/wp-json\/wp\/v2\/posts\/67076\/revisions"}],"predecessor-version":[{"id":67078,"href":"https:\/\/www.revistarambla.com\/en\/wp-json\/wp\/v2\/posts\/67076\/revisions\/67078"}],"wp:featuredmedia":[{"embeddable":true,"href":"https:\/\/www.revistarambla.com\/en\/wp-json\/wp\/v2\/media\/67077"}],"wp:attachment":[{"href":"https:\/\/www.revistarambla.com\/en\/wp-json\/wp\/v2\/media?parent=67076"}],"wp:term":[{"taxonomy":"category","embeddable":true,"href":"https:\/\/www.revistarambla.com\/en\/wp-json\/wp\/v2\/categories?post=67076"},{"taxonomy":"post_tag","embeddable":true,"href":"https:\/\/www.revistarambla.com\/en\/wp-json\/wp\/v2\/tags?post=67076"}],"curies":[{"name":"wp","href":"https:\/\/api.w.org\/{rel}","templated":true}]}}