{"id":67073,"date":"2025-11-01T21:13:27","date_gmt":"2025-11-01T20:13:27","guid":{"rendered":"https:\/\/www.revistarambla.com\/?p=67073"},"modified":"2025-11-05T20:07:00","modified_gmt":"2025-11-05T19:07:00","slug":"una-traicion-mas-al-pueblo-saharaui","status":"publish","type":"post","link":"https:\/\/www.revistarambla.com\/en\/una-traicion-mas-al-pueblo-saharaui\/","title":{"rendered":"Una traici\u00f3n m\u00e1s al pueblo saharaui"},"content":{"rendered":"<p>En una maniobra diplom\u00e1tica que reafirma la influencia estadounidense en el Consejo de Seguridad de las Naciones Unidas, el presidente Donald Trump ha impulsado <!--more-->la adopci\u00f3n de una resoluci\u00f3n que privilegia el plan de autonom\u00eda de Marruecos para el S\u00e1hara Occidental, marginando de facto las aspiraciones independentistas del pueblo saharaui. La resoluci\u00f3n 2797 (2025), aprobada el 31 de octubre con 11 votos a favor, tres abstenciones (China, Pakist\u00e1n y Rusia) y la no participaci\u00f3n de Argelia, extiende por un a\u00f1o el mandato de la Misi\u00f3n de las Naciones Unidas para el Refer\u00e9ndum en el S\u00e1hara Occidental (MINURSO), pero introduce un lenguaje que consolida las tesis marroqu\u00edes, describiendo su propuesta de autonom\u00eda como la \u00abbase\u00bb para negociaciones futuras. Este texto, aunque suavizado en su redacci\u00f3n final respecto a borradores iniciales m\u00e1s agresivos, representa una nueva traici\u00f3n al pueblo saharaui, cuyo derecho a la autodeterminaci\u00f3n \u2013consagrado en resoluciones previas de la ONU\u2013 parece cada vez m\u00e1s diluido en el laberinto de la geopol\u00edtica global.<\/p>\n<p>Desde 1991, el Consejo de Seguridad renueva rutinariamente el mandato de la MINURSO, establecida por la resoluci\u00f3n 690, para supervisar un refer\u00e9ndum de autodeterminaci\u00f3n que nunca se ha materializado. El territorio del S\u00e1hara Occidental, una antigua colonia espa\u00f1ola abandonada en 1975, ha sido escenario de un conflicto prolongado entre Marruecos, que ocupa cerca del 80% del \u00e1rea, y el Frente Polisario, movimiento independentista respaldado por Argelia que controla el restante 20% y administra campos de refugiados en Tinduf. La guerra abierta entre 1975 y 1991 dej\u00f3 miles de v\u00edctimas y desplazados, culminando en un alto el fuego mediado por la ONU y la Organizaci\u00f3n de la Unidad Africana (hoy Uni\u00f3n Africana). Sin embargo, el refer\u00e9ndum prometido \u2013que permitir\u00eda a los saharauis elegir entre integraci\u00f3n con Marruecos o independencia\u2013 ha sido obstaculizado por disputas sobre el censo electoral y la intransigencia de Rabat, que rechaza cualquier opci\u00f3n que cuestione su soberan\u00eda.<\/p>\n<p>La resoluci\u00f3n 2797 marca un punto de inflexi\u00f3n. Redactada por Estados Unidos bajo la direcci\u00f3n del embajador Mike Waltz, el texto expresa \u00abpleno apoyo\u00bb al Enviado Personal del Secretario General, Staffan de Mistura, para facilitar negociaciones \u00abtomando como base la Propuesta de Autonom\u00eda de Marruecos\u00bb de 2007. Esta propuesta prev\u00e9 un gobierno local electo con competencias legislativas, ejecutivas y judiciales, pero reserva a Marruecos el control sobre defensa, asuntos exteriores y religi\u00f3n. El Consejo reconoce que una \u00abautonom\u00eda genuina podr\u00eda representar el resultado m\u00e1s factible\u00bb y urge a las partes a someter ideas \u00abconstructivas\u00bb en respuesta a esta propuesta, sin mencionar expl\u00edcitamente alternativas como la independencia. Adem\u00e1s, solicita al Secretario General Antonio Guterres una revisi\u00f3n estrat\u00e9gica de la MINURSO en seis meses, considerando el progreso de las conversaciones.<\/p>\n<p>El tono inicial del borrador estadounidense era m\u00e1s contundente, proponiendo una renovaci\u00f3n de solo seis meses para presionar por un acuerdo r\u00e1pido y calificando la autonom\u00eda marroqu\u00ed como la \u00ab\u00fanica soluci\u00f3n realista\u00bb. Sin embargo, tras intensas negociaciones \u2013que incluyeron concesiones a miembros como Rusia y China\u2013, el texto final se moder\u00f3, extendiendo el mandato a un a\u00f1o y eliminando referencias que prejuzgaban el resultado. A pesar de esta diluci\u00f3n, el documento refuerza las tesis de Marruecos al posicionar su plan como el eje central, ignorando en gran medida la propuesta ampliada del Polisario presentada el 20 de octubre de 2025, que insiste en un refer\u00e9ndum con opci\u00f3n independentista.<\/p>\n<p>La mano de Trump es evidente en esta victoria diplom\u00e1tica para Rabat. En julio de 2025, el presidente reafirm\u00f3 el reconocimiento estadounidense de la soberan\u00eda marroqu\u00ed sobre el S\u00e1hara, una pol\u00edtica inaugurada en diciembre de 2020 durante su primer mandato como parte de los Acuerdos de Abraham, que normalizaron relaciones entre Marruecos e Israel a cambio de este gesto. \u00abCreemos que la paz regional es posible este a\u00f1o\u00bb, declar\u00f3 el embajador Waltz en su explicaci\u00f3n de voto, enfatizando el compromiso de Trump con una soluci\u00f3n \u00abjusta y duradera\u00bb basada en la autonom\u00eda marroqu\u00ed. Esta postura no es aislada: forma parte de esfuerzos m\u00e1s amplios de la administraci\u00f3n Trump para mediar un \u00abacuerdo de paz\u00bb entre Marruecos y Argelia, con el enviado especial Steve Witkoff liderando negociaciones que buscan resolver tensiones regionales, incluyendo el cierre de fronteras desde 1994. Analistas ven en esto un \u00abpoder\u00edo estadounidense\u00bb que impone agendas nacionales en el Consejo, como critic\u00f3 el representante ruso, quien abstuvo su voto por considerar el texto \u00abdesequilibrado\u00bb.<\/p>\n<p>Para Marruecos, la resoluci\u00f3n es un \u00abcap\u00edtulo victorioso\u00bb que consolida su \u00abmarroquinidad del S\u00e1hara\u00bb. El rey Mohamed VI la celebr\u00f3 como una soluci\u00f3n \u00abganar-ganar\u00bb que ofrece una \u00absalida honorable\u00bb a todas las partes, urgiendo a los refugiados saharauis en Tinduf a respaldar la autonom\u00eda. Miles de marroqu\u00edes salieron a las calles en ciudades como Laay\u00fan y Rabat, ondeando banderas y coreando esl\u00f3ganes patri\u00f3ticos, en un despliegue de euforia orquestado por el gobierno. Francia, aliada clave de Marruecos, aplaudi\u00f3 el texto, afirmando que el futuro del S\u00e1hara \u00abcae dentro del marco de la soberan\u00eda marroqu\u00ed\u00bb. Otros pa\u00edses como Reino Unido y Espa\u00f1a \u2013esta \u00faltima, potencia administradora hist\u00f3rica\u2013 han respaldado gradualmente la autonom\u00eda, con Madrid cambiando su posici\u00f3n en 2022 bajo presiones diplom\u00e1ticas y de inteligencia.<\/p>\n<p>En contraste, el Frente Polisario denunci\u00f3 la resoluci\u00f3n como una \u00abpeligrosa desviaci\u00f3n\u00bb de la doctrina de descolonizaci\u00f3n de la ONU, que viola el estatus internacional del S\u00e1hara como territorio no aut\u00f3nomo. Sidi Omar, representante del Polisario, afirm\u00f3 que el texto \u00abno implica reconocimiento de la soberan\u00eda marroqu\u00ed\u00bb y rechaz\u00f3 participar en cualquier proceso que legitime la \u00abocupaci\u00f3n militar ilegal\u00bb. El movimiento reafirma su compromiso con el derecho \u00abinalienable e imprescriptible\u00bb de los saharauis a la autodeterminaci\u00f3n, advirtiendo que enfoques unilaterales solo exacerbar\u00e1n el conflicto y amenazar\u00e1n la estabilidad regional. Argelia, por su parte, lament\u00f3 que la resoluci\u00f3n ignore las propuestas del Polisario y limite la creatividad para un acuerdo, citando a Woodrow Wilson para recordar que la autodeterminaci\u00f3n no es una \u00abfrase mera\u00bb sino un \u00abprincipio imperativo\u00bb. El embajador argelino, Amar Bendjama expres\u00f3 pesar por qu\u00e9 la iniciativa de Trump para la paz regional no haya recibido apoyo pleno, prediciendo su fracaso sin condiciones equitativas.<\/p>\n<p>Esta resoluci\u00f3n representa una traici\u00f3n m\u00e1s al pueblo saharaui, cuya lucha por la independencia ha sido sistem\u00e1ticamente erosionada por intereses geopol\u00edticos. Desde la ruptura del alto el fuego en 2020 \u2013tras incursiones marroqu\u00edes en la zona tamp\u00f3n de Guerguerat\u2013, el conflicto ha escalado con enfrentamientos espor\u00e1dicos y un bloqueo humanitario que afecta a 173.000 refugiados. La MINURSO, criticada por su ineficacia en monitorear derechos humanos, se ve ahora relegada a un rol subsidiario en un proceso que prioriza la autonom\u00eda sobre el refer\u00e9ndum. Expertos como el International Crisis Group advierten que esta imposici\u00f3n estadounidense podr\u00eda \u00abcongelar\u00bb el conflicto, fomentando expectativas no cumplidas y posibles escaladas, especialmente si Argelia responde con medidas retaliatorias como el cierre de gasoductos o apoyo militar aumentado al Polisario.<\/p>\n<p>En el contexto m\u00e1s amplio, la acci\u00f3n de Trump refleja un patr\u00f3n de diplomacia transaccional: el reconocimiento de 2020 fue moneda de cambio por la normalizaci\u00f3n marroqu\u00ed-israel\u00ed, y ahora busca un \u00abacuerdo del siglo\u00bb en el Magreb para contrarrestar influencias rusas y chinas en \u00c1frica. Sin embargo, ignora precedentes como la resoluci\u00f3n 1514 (XV) de la Asamblea General, que manda la descolonizaci\u00f3n sin imposiciones. Para los saharauis, este es otro cap\u00edtulo de abandono: Espa\u00f1a traicion\u00f3 en 1975 con los Acuerdos de Madrid, la ONU ha fallado en implementar el refer\u00e9ndum, y ahora Estados Unidos entierra su sue\u00f1o independentista bajo el peso de la realpolitik.<\/p>\n<p>El futuro es incierto. Si las negociaciones avanzan bajo el paraguas de De Mistura, podr\u00edan abrirse rondas de di\u00e1logo en Ginebra, pero sin concesiones mutuas \u2013como un censo electoral inclusivo o monitoreo de derechos humanos\u2013, el estancamiento persistir\u00e1. Marruecos gana tiempo para consolidar su control econ\u00f3mico, explotando recursos como fosfatos y pesquer\u00edas, mientras el Polisario apela a la Uni\u00f3n Africana y cortes internacionales, como el Tribunal de Justicia de la UE que ha invalidado acuerdos comerciales con Rabat. En \u00faltima instancia, la resoluci\u00f3n 2797 no resuelve el conflicto; lo reformula a favor de los fuertes, perpetuando una injusticia que clama por una soluci\u00f3n genuina y equitativa.<\/p>","protected":false},"excerpt":{"rendered":"<p>Trump impone en la ONU el plan de Marruecos para enterrar el sue\u00f1o de un S\u00e1hara independiente<\/p>","protected":false},"author":3,"featured_media":41106,"comment_status":"closed","ping_status":"closed","sticky":false,"template":"","format":"standard","meta":{"footnotes":""},"categories":[57],"tags":[],"class_list":["post-67073","post","type-post","status-publish","format-standard","has-post-thumbnail","hentry","category-global"],"yoast_head":"<!-- This site is optimized with the Yoast SEO plugin v27.5 - https:\/\/yoast.com\/product\/yoast-seo-wordpress\/ -->\n<title>Una traici\u00f3n m\u00e1s al pueblo saharaui - Revista Rambla<\/title>\n<meta name=\"robots\" content=\"index, follow, max-snippet:-1, max-image-preview:large, max-video-preview:-1\" \/>\n<link rel=\"canonical\" href=\"https:\/\/www.revistarambla.com\/en\/una-traicion-mas-al-pueblo-saharaui\/\" \/>\n<meta property=\"og:locale\" content=\"en_GB\" \/>\n<meta property=\"og:type\" content=\"article\" \/>\n<meta property=\"og:title\" content=\"Una traici\u00f3n m\u00e1s al pueblo saharaui - Revista Rambla\" \/>\n<meta property=\"og:description\" content=\"Trump impone en la ONU el plan de Marruecos para enterrar el sue\u00f1o de un S\u00e1hara independiente\" \/>\n<meta property=\"og:url\" content=\"https:\/\/www.revistarambla.com\/en\/una-traicion-mas-al-pueblo-saharaui\/\" \/>\n<meta property=\"og:site_name\" content=\"Revista Rambla\" \/>\n<meta property=\"article:publisher\" content=\"https:\/\/www.facebook.com\/revistarambla\/\" \/>\n<meta property=\"article:author\" content=\"https:\/\/www.facebook.com\/revistarambla\" \/>\n<meta property=\"article:published_time\" content=\"2025-11-01T20:13:27+00:00\" \/>\n<meta property=\"article:modified_time\" content=\"2025-11-05T19:07:00+00:00\" \/>\n<meta property=\"og:image\" content=\"https:\/\/www.revistarambla.com\/wp-content\/uploads\/2022\/04\/frente-polisario-marruecos-sahara-scaled.jpg\" \/>\n\t<meta property=\"og:image:width\" content=\"2560\" \/>\n\t<meta property=\"og:image:height\" content=\"1440\" \/>\n\t<meta property=\"og:image:type\" content=\"image\/jpeg\" \/>\n<meta name=\"author\" content=\"R@mbla\" \/>\n<meta name=\"twitter:card\" content=\"summary_large_image\" \/>\n<meta name=\"twitter:creator\" content=\"@revistarambla\" \/>\n<meta name=\"twitter:site\" content=\"@revistarambla\" \/>\n<meta name=\"twitter:label1\" content=\"Written by\" \/>\n\t<meta name=\"twitter:data1\" content=\"R@mbla\" \/>\n\t<meta name=\"twitter:label2\" content=\"Estimated reading time\" \/>\n\t<meta name=\"twitter:data2\" content=\"7 minutes\" \/>\n<script type=\"application\/ld+json\" class=\"yoast-schema-graph\">{\"@context\":\"https:\\\/\\\/schema.org\",\"@graph\":[{\"@type\":\"Article\",\"@id\":\"https:\\\/\\\/www.revistarambla.com\\\/una-traicion-mas-al-pueblo-saharaui\\\/#article\",\"isPartOf\":{\"@id\":\"https:\\\/\\\/www.revistarambla.com\\\/una-traicion-mas-al-pueblo-saharaui\\\/\"},\"author\":{\"name\":\"R@mbla\",\"@id\":\"https:\\\/\\\/www.revistarambla.com\\\/#\\\/schema\\\/person\\\/a146a5a2550b94981a75131180e1bd9c\"},\"headline\":\"Una traici\u00f3n m\u00e1s al pueblo saharaui\",\"datePublished\":\"2025-11-01T20:13:27+00:00\",\"dateModified\":\"2025-11-05T19:07:00+00:00\",\"mainEntityOfPage\":{\"@id\":\"https:\\\/\\\/www.revistarambla.com\\\/una-traicion-mas-al-pueblo-saharaui\\\/\"},\"wordCount\":1433,\"publisher\":{\"@id\":\"https:\\\/\\\/www.revistarambla.com\\\/#organization\"},\"image\":{\"@id\":\"https:\\\/\\\/www.revistarambla.com\\\/una-traicion-mas-al-pueblo-saharaui\\\/#primaryimage\"},\"thumbnailUrl\":\"https:\\\/\\\/www.revistarambla.com\\\/wp-content\\\/uploads\\\/2022\\\/04\\\/frente-polisario-marruecos-sahara-scaled.jpg\",\"articleSection\":[\"Global\"],\"inLanguage\":\"en-GB\"},{\"@type\":\"WebPage\",\"@id\":\"https:\\\/\\\/www.revistarambla.com\\\/una-traicion-mas-al-pueblo-saharaui\\\/\",\"url\":\"https:\\\/\\\/www.revistarambla.com\\\/una-traicion-mas-al-pueblo-saharaui\\\/\",\"name\":\"Una traici\u00f3n m\u00e1s al pueblo saharaui - Revista Rambla\",\"isPartOf\":{\"@id\":\"https:\\\/\\\/www.revistarambla.com\\\/#website\"},\"primaryImageOfPage\":{\"@id\":\"https:\\\/\\\/www.revistarambla.com\\\/una-traicion-mas-al-pueblo-saharaui\\\/#primaryimage\"},\"image\":{\"@id\":\"https:\\\/\\\/www.revistarambla.com\\\/una-traicion-mas-al-pueblo-saharaui\\\/#primaryimage\"},\"thumbnailUrl\":\"https:\\\/\\\/www.revistarambla.com\\\/wp-content\\\/uploads\\\/2022\\\/04\\\/frente-polisario-marruecos-sahara-scaled.jpg\",\"datePublished\":\"2025-11-01T20:13:27+00:00\",\"dateModified\":\"2025-11-05T19:07:00+00:00\",\"breadcrumb\":{\"@id\":\"https:\\\/\\\/www.revistarambla.com\\\/una-traicion-mas-al-pueblo-saharaui\\\/#breadcrumb\"},\"inLanguage\":\"en-GB\",\"potentialAction\":[{\"@type\":\"ReadAction\",\"target\":[\"https:\\\/\\\/www.revistarambla.com\\\/una-traicion-mas-al-pueblo-saharaui\\\/\"]}]},{\"@type\":\"ImageObject\",\"inLanguage\":\"en-GB\",\"@id\":\"https:\\\/\\\/www.revistarambla.com\\\/una-traicion-mas-al-pueblo-saharaui\\\/#primaryimage\",\"url\":\"https:\\\/\\\/www.revistarambla.com\\\/wp-content\\\/uploads\\\/2022\\\/04\\\/frente-polisario-marruecos-sahara-scaled.jpg\",\"contentUrl\":\"https:\\\/\\\/www.revistarambla.com\\\/wp-content\\\/uploads\\\/2022\\\/04\\\/frente-polisario-marruecos-sahara-scaled.jpg\",\"width\":2560,\"height\":1440,\"caption\":\"S\u00e1hara independiente\"},{\"@type\":\"BreadcrumbList\",\"@id\":\"https:\\\/\\\/www.revistarambla.com\\\/una-traicion-mas-al-pueblo-saharaui\\\/#breadcrumb\",\"itemListElement\":[{\"@type\":\"ListItem\",\"position\":1,\"name\":\"Portada\",\"item\":\"https:\\\/\\\/www.revistarambla.com\\\/\"},{\"@type\":\"ListItem\",\"position\":2,\"name\":\"Una traici\u00f3n m\u00e1s al pueblo saharaui\"}]},{\"@type\":\"WebSite\",\"@id\":\"https:\\\/\\\/www.revistarambla.com\\\/#website\",\"url\":\"https:\\\/\\\/www.revistarambla.com\\\/\",\"name\":\"Revista Rambla Barcelona\",\"description\":\"Periodismo independiente\",\"publisher\":{\"@id\":\"https:\\\/\\\/www.revistarambla.com\\\/#organization\"},\"potentialAction\":[{\"@type\":\"SearchAction\",\"target\":{\"@type\":\"EntryPoint\",\"urlTemplate\":\"https:\\\/\\\/www.revistarambla.com\\\/?s={search_term_string}\"},\"query-input\":{\"@type\":\"PropertyValueSpecification\",\"valueRequired\":true,\"valueName\":\"search_term_string\"}}],\"inLanguage\":\"en-GB\"},{\"@type\":\"Organization\",\"@id\":\"https:\\\/\\\/www.revistarambla.com\\\/#organization\",\"name\":\"Revista Rambla\",\"url\":\"https:\\\/\\\/www.revistarambla.com\\\/\",\"logo\":{\"@type\":\"ImageObject\",\"inLanguage\":\"en-GB\",\"@id\":\"https:\\\/\\\/www.revistarambla.com\\\/#\\\/schema\\\/logo\\\/image\\\/\",\"url\":\"https:\\\/\\\/www.revistarambla.com\\\/wp-content\\\/uploads\\\/2020\\\/09\\\/banner_rambla_1900x600_BB.png\",\"contentUrl\":\"https:\\\/\\\/www.revistarambla.com\\\/wp-content\\\/uploads\\\/2020\\\/09\\\/banner_rambla_1900x600_BB.png\",\"width\":1900,\"height\":600,\"caption\":\"Revista Rambla\"},\"image\":{\"@id\":\"https:\\\/\\\/www.revistarambla.com\\\/#\\\/schema\\\/logo\\\/image\\\/\"},\"sameAs\":[\"https:\\\/\\\/www.facebook.com\\\/revistarambla\\\/\",\"https:\\\/\\\/x.com\\\/revistarambla\",\"https:\\\/\\\/www.instagram.com\\\/revista_rambla\",\"https:\\\/\\\/es.linkedin.com\\\/company\\\/revista-rambla\"]},{\"@type\":\"Person\",\"@id\":\"https:\\\/\\\/www.revistarambla.com\\\/#\\\/schema\\\/person\\\/a146a5a2550b94981a75131180e1bd9c\",\"name\":\"R@mbla\",\"description\":\"Este art\u00edculo ha sido redactado y\\\/o validado por el equipo de redacci\u00f3n de Revista Rambla.\",\"sameAs\":[\"https:\\\/\\\/www.revistarambla.com\\\/\",\"https:\\\/\\\/www.facebook.com\\\/revistarambla\",\"https:\\\/\\\/x.com\\\/revistarambla\"]}]}<\/script>\n<!-- \/ Yoast SEO plugin. -->","yoast_head_json":{"title":"Una traici\u00f3n m\u00e1s al pueblo saharaui - Revista Rambla","robots":{"index":"index","follow":"follow","max-snippet":"max-snippet:-1","max-image-preview":"max-image-preview:large","max-video-preview":"max-video-preview:-1"},"canonical":"https:\/\/www.revistarambla.com\/en\/una-traicion-mas-al-pueblo-saharaui\/","og_locale":"en_GB","og_type":"article","og_title":"Una traici\u00f3n m\u00e1s al pueblo saharaui - Revista Rambla","og_description":"Trump impone en la ONU el plan de Marruecos para enterrar el sue\u00f1o de un S\u00e1hara independiente","og_url":"https:\/\/www.revistarambla.com\/en\/una-traicion-mas-al-pueblo-saharaui\/","og_site_name":"Revista Rambla","article_publisher":"https:\/\/www.facebook.com\/revistarambla\/","article_author":"https:\/\/www.facebook.com\/revistarambla","article_published_time":"2025-11-01T20:13:27+00:00","article_modified_time":"2025-11-05T19:07:00+00:00","og_image":[{"width":2560,"height":1440,"url":"https:\/\/www.revistarambla.com\/wp-content\/uploads\/2022\/04\/frente-polisario-marruecos-sahara-scaled.jpg","type":"image\/jpeg"}],"author":"R@mbla","twitter_card":"summary_large_image","twitter_creator":"@revistarambla","twitter_site":"@revistarambla","twitter_misc":{"Written by":"R@mbla","Estimated reading time":"7 minutes"},"schema":{"@context":"https:\/\/schema.org","@graph":[{"@type":"Article","@id":"https:\/\/www.revistarambla.com\/una-traicion-mas-al-pueblo-saharaui\/#article","isPartOf":{"@id":"https:\/\/www.revistarambla.com\/una-traicion-mas-al-pueblo-saharaui\/"},"author":{"name":"R@mbla","@id":"https:\/\/www.revistarambla.com\/#\/schema\/person\/a146a5a2550b94981a75131180e1bd9c"},"headline":"Una traici\u00f3n m\u00e1s al pueblo saharaui","datePublished":"2025-11-01T20:13:27+00:00","dateModified":"2025-11-05T19:07:00+00:00","mainEntityOfPage":{"@id":"https:\/\/www.revistarambla.com\/una-traicion-mas-al-pueblo-saharaui\/"},"wordCount":1433,"publisher":{"@id":"https:\/\/www.revistarambla.com\/#organization"},"image":{"@id":"https:\/\/www.revistarambla.com\/una-traicion-mas-al-pueblo-saharaui\/#primaryimage"},"thumbnailUrl":"https:\/\/www.revistarambla.com\/wp-content\/uploads\/2022\/04\/frente-polisario-marruecos-sahara-scaled.jpg","articleSection":["Global"],"inLanguage":"en-GB"},{"@type":"WebPage","@id":"https:\/\/www.revistarambla.com\/una-traicion-mas-al-pueblo-saharaui\/","url":"https:\/\/www.revistarambla.com\/una-traicion-mas-al-pueblo-saharaui\/","name":"Una traici\u00f3n m\u00e1s al pueblo saharaui - Revista Rambla","isPartOf":{"@id":"https:\/\/www.revistarambla.com\/#website"},"primaryImageOfPage":{"@id":"https:\/\/www.revistarambla.com\/una-traicion-mas-al-pueblo-saharaui\/#primaryimage"},"image":{"@id":"https:\/\/www.revistarambla.com\/una-traicion-mas-al-pueblo-saharaui\/#primaryimage"},"thumbnailUrl":"https:\/\/www.revistarambla.com\/wp-content\/uploads\/2022\/04\/frente-polisario-marruecos-sahara-scaled.jpg","datePublished":"2025-11-01T20:13:27+00:00","dateModified":"2025-11-05T19:07:00+00:00","breadcrumb":{"@id":"https:\/\/www.revistarambla.com\/una-traicion-mas-al-pueblo-saharaui\/#breadcrumb"},"inLanguage":"en-GB","potentialAction":[{"@type":"ReadAction","target":["https:\/\/www.revistarambla.com\/una-traicion-mas-al-pueblo-saharaui\/"]}]},{"@type":"ImageObject","inLanguage":"en-GB","@id":"https:\/\/www.revistarambla.com\/una-traicion-mas-al-pueblo-saharaui\/#primaryimage","url":"https:\/\/www.revistarambla.com\/wp-content\/uploads\/2022\/04\/frente-polisario-marruecos-sahara-scaled.jpg","contentUrl":"https:\/\/www.revistarambla.com\/wp-content\/uploads\/2022\/04\/frente-polisario-marruecos-sahara-scaled.jpg","width":2560,"height":1440,"caption":"S\u00e1hara independiente"},{"@type":"BreadcrumbList","@id":"https:\/\/www.revistarambla.com\/una-traicion-mas-al-pueblo-saharaui\/#breadcrumb","itemListElement":[{"@type":"ListItem","position":1,"name":"Portada","item":"https:\/\/www.revistarambla.com\/"},{"@type":"ListItem","position":2,"name":"Una traici\u00f3n m\u00e1s al pueblo saharaui"}]},{"@type":"WebSite","@id":"https:\/\/www.revistarambla.com\/#website","url":"https:\/\/www.revistarambla.com\/","name":"Revista Rambla Barcelona","description":"Periodismo independiente","publisher":{"@id":"https:\/\/www.revistarambla.com\/#organization"},"potentialAction":[{"@type":"SearchAction","target":{"@type":"EntryPoint","urlTemplate":"https:\/\/www.revistarambla.com\/?s={search_term_string}"},"query-input":{"@type":"PropertyValueSpecification","valueRequired":true,"valueName":"search_term_string"}}],"inLanguage":"en-GB"},{"@type":"Organization","@id":"https:\/\/www.revistarambla.com\/#organization","name":"Revista Rambla","url":"https:\/\/www.revistarambla.com\/","logo":{"@type":"ImageObject","inLanguage":"en-GB","@id":"https:\/\/www.revistarambla.com\/#\/schema\/logo\/image\/","url":"https:\/\/www.revistarambla.com\/wp-content\/uploads\/2020\/09\/banner_rambla_1900x600_BB.png","contentUrl":"https:\/\/www.revistarambla.com\/wp-content\/uploads\/2020\/09\/banner_rambla_1900x600_BB.png","width":1900,"height":600,"caption":"Revista Rambla"},"image":{"@id":"https:\/\/www.revistarambla.com\/#\/schema\/logo\/image\/"},"sameAs":["https:\/\/www.facebook.com\/revistarambla\/","https:\/\/x.com\/revistarambla","https:\/\/www.instagram.com\/revista_rambla","https:\/\/es.linkedin.com\/company\/revista-rambla"]},{"@type":"Person","@id":"https:\/\/www.revistarambla.com\/#\/schema\/person\/a146a5a2550b94981a75131180e1bd9c","name":"R@mbla","description":"Este art\u00edculo ha sido redactado y\/o validado por el equipo de redacci\u00f3n de Revista Rambla.","sameAs":["https:\/\/www.revistarambla.com\/","https:\/\/www.facebook.com\/revistarambla","https:\/\/x.com\/revistarambla"]}]}},"_links":{"self":[{"href":"https:\/\/www.revistarambla.com\/en\/wp-json\/wp\/v2\/posts\/67073","targetHints":{"allow":["GET"]}}],"collection":[{"href":"https:\/\/www.revistarambla.com\/en\/wp-json\/wp\/v2\/posts"}],"about":[{"href":"https:\/\/www.revistarambla.com\/en\/wp-json\/wp\/v2\/types\/post"}],"author":[{"embeddable":true,"href":"https:\/\/www.revistarambla.com\/en\/wp-json\/wp\/v2\/users\/3"}],"replies":[{"embeddable":true,"href":"https:\/\/www.revistarambla.com\/en\/wp-json\/wp\/v2\/comments?post=67073"}],"version-history":[{"count":2,"href":"https:\/\/www.revistarambla.com\/en\/wp-json\/wp\/v2\/posts\/67073\/revisions"}],"predecessor-version":[{"id":67104,"href":"https:\/\/www.revistarambla.com\/en\/wp-json\/wp\/v2\/posts\/67073\/revisions\/67104"}],"wp:featuredmedia":[{"embeddable":true,"href":"https:\/\/www.revistarambla.com\/en\/wp-json\/wp\/v2\/media\/41106"}],"wp:attachment":[{"href":"https:\/\/www.revistarambla.com\/en\/wp-json\/wp\/v2\/media?parent=67073"}],"wp:term":[{"taxonomy":"category","embeddable":true,"href":"https:\/\/www.revistarambla.com\/en\/wp-json\/wp\/v2\/categories?post=67073"},{"taxonomy":"post_tag","embeddable":true,"href":"https:\/\/www.revistarambla.com\/en\/wp-json\/wp\/v2\/tags?post=67073"}],"curies":[{"name":"wp","href":"https:\/\/api.w.org\/{rel}","templated":true}]}}