{"id":67065,"date":"2025-10-30T19:22:44","date_gmt":"2025-10-30T18:22:44","guid":{"rendered":"https:\/\/www.revistarambla.com\/?p=67065"},"modified":"2025-10-30T19:24:08","modified_gmt":"2025-10-30T18:24:08","slug":"marta-vina-la-memoria-de-les-papallones-retrata-una-evolucio-personal","status":"publish","type":"post","link":"https:\/\/www.revistarambla.com\/en\/marta-vina-la-memoria-de-les-papallones-retrata-una-evolucio-personal\/","title":{"rendered":"Marta Vi\u00f1a: \u00abLa mem\u00f2ria de les papallones retrata una evoluci\u00f3 personal\u00bb"},"content":{"rendered":"<div class=\"x_1167059082elementToProof\">La jove directora Marta Vi\u00f1a Berb\u00eds ha presentat al Maresme Film Festival \u201cLa mem\u00f2ria de les papallones\u201d, un relat sobre l\u2019adopci\u00f3, la fam\u00edlia i el pas del temps. Marta Vi\u00f1as va passar per festival a presentar la seva obra a la Sala Mozart de Calella i va agrair que festivals com aquest donin oportunitats a joves creadors i a pel\u00b7l\u00edcules que no entren als circuits comercials.<\/div>\n<div>\n<figure id=\"attachment_67066\" aria-describedby=\"caption-attachment-67066\" style=\"width: 800px\" class=\"wp-caption aligncenter\"><img decoding=\"async\" class=\"wp-image-67066 size-full\" src=\"https:\/\/www.revistarambla.com\/wp-content\/uploads\/2025\/10\/marta-vinas.jpg\" alt=\"Marta Vi\u00f1a\" width=\"800\" height=\"800\" srcset=\"https:\/\/www.revistarambla.com\/wp-content\/uploads\/2025\/10\/marta-vinas.jpg 800w, https:\/\/www.revistarambla.com\/wp-content\/uploads\/2025\/10\/marta-vinas-365x365.jpg 365w, https:\/\/www.revistarambla.com\/wp-content\/uploads\/2025\/10\/marta-vinas-768x768.jpg 768w, https:\/\/www.revistarambla.com\/wp-content\/uploads\/2025\/10\/marta-vinas-12x12.jpg 12w, https:\/\/www.revistarambla.com\/wp-content\/uploads\/2025\/10\/marta-vinas-150x150.jpg 150w, https:\/\/www.revistarambla.com\/wp-content\/uploads\/2025\/10\/marta-vinas-70x70.jpg 70w\" sizes=\"(max-width: 800px) 100vw, 800px\" \/><figcaption id=\"caption-attachment-67066\" class=\"wp-caption-text\">Marta Vi\u00f1a.<\/figcaption><\/figure>\n<\/div>\n<div class=\"x_1167059082elementToProof\"><b>\u00a0<\/b><b>D\u2019on li ve l\u2019amor pel cinema?<\/b><\/div>\n<div class=\"x_1167059082elementToProof\">Sempre m\u2019ha encantat el cinema, sobretot com a forma d\u2019expressi\u00f3. Des de ben petita escric per buidar el meu interior, com una mena de ter\u00e0pia personal. Per\u00f2 clar, tots aquells sentiments quedaven tancats en un paper\u2026 I va ser aleshores quan vaig descobrir que volia fer cinema: per poder transmetre, compartir i donar vida a aquells missatges i emocions que m\u2019habitaven.<\/div>\n<div class=\"x_1167059082elementToProof\"><\/div>\n<div class=\"x_1167059082elementToProof\"><b>I quina \u00e9s la seva formaci\u00f3.<\/b><\/div>\n<div class=\"x_1167059082elementToProof\">Vaig estudiar Audiovisuals i Multim\u00e8dia a l\u2019ERAM (Girona), on m\u00e9s endavant em vaig especialitzar en gui\u00f3 i direcci\u00f3 cinematogr\u00e0fica. All\u00e0 vaig comprendre que el cinema podia ser una eina preciosa per comunicar el que moltes vegades les paraules no poden dir.<\/div>\n<div class=\"x_1167059082elementToProof\"><\/div>\n<div class=\"x_1167059082elementToProof\"><b>Crec que t\u00e9 algunes parts inspirades en la realitat del teu pare, que \u00e9s adoptat.<\/b><\/div>\n<div class=\"x_1167059082elementToProof\">S\u00ed, la hist\u00f2ria est\u00e0 cent per cent inspirada en la vida del meu pare. Tamb\u00e9 crec que ha estat una manera d\u2019apropar-me als meus avis paterns, amb qui no vaig poder compartir gaires anys. Ha estat un viatge per con\u00e8ixer-los a trav\u00e9s de la mirada del meu pare, i descobrir tot all\u00f2 que li van ensenyar i transmetre. Aix\u00ed i tot, he de dir que la pel\u00b7l\u00edcula tamb\u00e9 parla molt de mi. A mesura que escrivia el gui\u00f3 i durant el rodatge, em vaig adonar que em sentia profundament identificada amb molts moments de la hist\u00f2ria. Al cap i a la fi, parlo d\u2019emocions i sentiments universals: la por, la p\u00e8rdua, l\u2019amor, la pertinen\u00e7a.<\/div>\n<div class=\"x_1167059082elementToProof\"><\/div>\n<div class=\"x_1167059082elementToProof\"><b>Seria una pel\u00b7l\u00edcula autobiogr\u00e0fica.<\/b><\/div>\n<div class=\"x_1167059082elementToProof\">S\u00ed, que retrata una evoluci\u00f3 personal: un cam\u00ed que va de la soledat i la tristesa fins a la superaci\u00f3 i l\u2019alliberament interior. Tot aix\u00f2, sempre acompanyat pel concepte de fam\u00edlia, que ha estat i \u00e9s essencial per a mi.<\/div>\n<div class=\"x_1167059082elementToProof\"><b>\u00a0<\/b><\/div>\n<div class=\"x_1167059082elementToProof\"><b>Les estacions de l&#8217;any s\u00f3n un simbolisme que fa servir.<\/b><\/div>\n<div class=\"x_1167059082elementToProof\">S\u00ed, penso que la vida \u00e9s evoluci\u00f3 constant, i la manera m\u00e9s po\u00e8tica i visible de mostrar-ho era a trav\u00e9s del pas del temps. El Mas, que per mi \u00e9s gaireb\u00e9 un personatge m\u00e9s, \u00a0adquireix protagonisme i ens mostra el canvi del paisatge a mesura que passen les estacions. Aquest cicle acompanya tamb\u00e9 l\u2019evoluci\u00f3 emocional i familiar de la Maria (la mare adoptiva) i l\u2019Anne (la nena adoptada), que viuen aquest proc\u00e9s de transformaci\u00f3 de la m\u00e0 del temps i la natura.<\/div>\n<div class=\"x_1167059082elementToProof\"><\/div>\n<div class=\"x_1167059082elementToProof\"><b>Per qu\u00e8 va decidir rodar a la Terra Alta?<\/b><\/div>\n<div class=\"x_1167059082elementToProof\">Perqu\u00e8 la meva fam\u00edlia \u00e9s de Bot, un petit poble de la Terra Alta. El meu pare, i tamb\u00e9 la meva mare, van cr\u00e9ixer en aquelles terres, i sentia que rodar-hi era una manera d\u2019arrelar la hist\u00f2ria al seu origen. Volia que la pel\u00b7l\u00edcula respir\u00e9s autenticitat, que es nodr\u00eds d\u2019aquella llum, d\u2019aquells paisatges i d\u2019aquella calma tan caracter\u00edstica de la zona. Era, en certa manera, una tornada a casa.<\/div>\n<div class=\"x_1167059082elementToProof\"><\/div>\n<div class=\"x_1167059082elementToProof\"><b>Va ser important comptar amb Iv\u00e1n Massagu\u00e9, un actor que omple molt la pantalla.\u00a0Com \u00e9s treballar amb ell?<\/b><\/div>\n<div class=\"x_1167059082elementToProof\">Per mi va ser un veritable honor poder comptar amb ell, i tamb\u00e9 un acte de gran generositat per la seva part. Treballar amb l\u2019Iv\u00e1n va ser f\u00e0cil, natural i molt enriquidor. T\u00e9 una sensibilitat especial i una gran capacitat per entendre l\u2019ess\u00e8ncia del personatge. Amb ell vaig aprendre molt, tant de cinema com de la manera d\u2019estimar la professi\u00f3.<\/div>\n<div>\n<figure id=\"attachment_67068\" aria-describedby=\"caption-attachment-67068\" style=\"width: 1920px\" class=\"wp-caption aligncenter\"><img decoding=\"async\" class=\"wp-image-67068 size-full\" src=\"https:\/\/www.revistarambla.com\/wp-content\/uploads\/2025\/10\/Ivan-Massaguer-en-La-memoria-de-les-papallones.jpg\" alt=\"Ivan Massaguer en La memoria de les papallones\" width=\"1920\" height=\"1080\" srcset=\"https:\/\/www.revistarambla.com\/wp-content\/uploads\/2025\/10\/Ivan-Massaguer-en-La-memoria-de-les-papallones.jpg 1920w, https:\/\/www.revistarambla.com\/wp-content\/uploads\/2025\/10\/Ivan-Massaguer-en-La-memoria-de-les-papallones-649x365.jpg 649w, https:\/\/www.revistarambla.com\/wp-content\/uploads\/2025\/10\/Ivan-Massaguer-en-La-memoria-de-les-papallones-840x473.jpg 840w, https:\/\/www.revistarambla.com\/wp-content\/uploads\/2025\/10\/Ivan-Massaguer-en-La-memoria-de-les-papallones-500x280.jpg 500w, https:\/\/www.revistarambla.com\/wp-content\/uploads\/2025\/10\/Ivan-Massaguer-en-La-memoria-de-les-papallones-768x432.jpg 768w, https:\/\/www.revistarambla.com\/wp-content\/uploads\/2025\/10\/Ivan-Massaguer-en-La-memoria-de-les-papallones-1536x864.jpg 1536w, https:\/\/www.revistarambla.com\/wp-content\/uploads\/2025\/10\/Ivan-Massaguer-en-La-memoria-de-les-papallones-18x10.jpg 18w, https:\/\/www.revistarambla.com\/wp-content\/uploads\/2025\/10\/Ivan-Massaguer-en-La-memoria-de-les-papallones-1200x675.jpg 1200w\" sizes=\"(max-width: 1920px) 100vw, 1920px\" \/><figcaption id=\"caption-attachment-67068\" class=\"wp-caption-text\">Iv\u00e1n Massagu\u00e9 en La mem\u00f2ria de les papallones<\/figcaption><\/figure>\n<\/div>\n<div class=\"x_1167059082elementToProof\"><b>Les nenes que surten a la seva pel\u00b7l\u00edcula, Ingrid Escobar i Jana Parella, van fer f\u00e0cil el rodatge? Com \u00e9s treballar amb nenes?<\/b><\/div>\n<div class=\"x_1167059082elementToProof\">Treballar amb nenes dep\u00e8n molt de la din\u00e0mica que es crea. En el meu cas, volia preservar la seva innoc\u00e8ncia, la seva veritat m\u00e9s pura. Per aix\u00f2 no vam fer assajos tradicionals: preferia treballar directament al set, deixar que tot flu\u00eds de manera natural i espont\u00e0nia. Tant l\u2019\u00cdngrid com la Jana van viure la hist\u00f2ria de manera molt sincera, i aix\u00f2 es nota. La seva mirada, les seves reaccions, tot el que transmeten \u00e9s real, i aquesta autenticitat \u00e9s el que acaba arribant a l\u2019espectador.<\/div>\n<div class=\"x_1167059082elementToProof\"><\/div>\n<div class=\"x_1167059082elementToProof\"><b>I com valora la feina de la N\u00faria Florensa?<\/b><\/div>\n<div class=\"x_1167059082elementToProof\">Crec sincerament que el personatge de la Maria no hauria pogut ser interpretat per ning\u00fa m\u00e9s. La N\u00faria s\u2019hi va endinsar des del primer moment, deixant que les emocions la travessessin de manera molt honesta. Treballar amb ella \u00e9s f\u00e0cil i profundament gratificant. A m\u00e9s, va fer un treball molt especial amb les nenes, creant un vincle que va ajudar molt a la versemblan\u00e7a de la hist\u00f2ria. La seva entrega i sensibilitat han estat claus per donar \u00e0nima a la pel\u00b7l\u00edcula.<\/div>\n<div class=\"x_1167059082elementToProof\"><\/div>\n<div class=\"x_1167059082elementToProof\"><b>Suposo que el finan\u00e7ament ha estat la part m\u00e9s dura d\u2019aquesta pel\u00b7l\u00edcula. Quin va ser el proc\u00e9s?<\/b><\/div>\n<div class=\"x_1167059082elementToProof\">Et diria que s\u00ed, que ha estat una de les parts m\u00e9s dures. I no nom\u00e9s per mi, crec que moltes persones que tenen la necessitat d\u2019expressar-se a trav\u00e9s del cinema es troben amb el mateix mur. No \u00e9s un m\u00f3n f\u00e0cil, i crec que caldria donar m\u00e9s oportunitats a totes aquelles veus noves que tenen alguna cosa a aportar. Inicialment, vaig comen\u00e7ar escrivint la hist\u00f2ria com un curtmetratge, perqu\u00e8 creia que era fins on podia arribar. Per\u00f2, gr\u00e0cies al suport i la confian\u00e7a de la meva fam\u00edlia, vam poder tirar endavant el projecte. M\u00e9s endavant, altres productores s\u2019hi van sumar, i aix\u00f2 va facilitar poder acabar la pel\u00b7l\u00edcula com jo somiava. Ha estat un cam\u00ed llarg, per\u00f2 ple de persones meravelloses que han cregut en la hist\u00f2ria.<\/div>\n<div class=\"x_1167059082elementToProof\"><\/div>\n<div class=\"x_1167059082elementToProof\"><b>Ha comen\u00e7at a tenir premis a diversos festivals. Quin recorregut tindr\u00e0 per festivals pr\u00f2ximament?<\/b><\/div>\n<div class=\"x_1167059082elementToProof\">S\u00ed, estic molt contenta, no nom\u00e9s pels premis, sin\u00f3 tamb\u00e9 per les seleccions als festivals. \u00c9s molt emocionant veure com l\u2019esfor\u00e7 i la dedicaci\u00f3 de tanta gent que hi ha darrere del projecte comencen a donar fruits. Aviat, la pel\u00b7l\u00edcula viatjar\u00e0 a Londres i a Almeria, i si tot va b\u00e9, l\u2019estrena als cinemes arribar\u00e0 a inicis del 2026. \u00c9s molt bonic veure com el projecte comen\u00e7a a fer el seu propi cam\u00ed pel m\u00f3n.<\/div>\n<div class=\"x_1167059082elementToProof\"><\/div>\n<div class=\"x_1167059082elementToProof\"><b>Segur que t\u00e9 algun projecte de futur. Es pot saber alguna cosa?<\/b><\/div>\n<div class=\"x_1167059082elementToProof\">Continuo amb la necessitat d\u2019explicar hist\u00f2ries i de buidar el meu interior a trav\u00e9s del cinema. Tinc diverses idees en proc\u00e9s, totes amb aquest fil conductor de les emocions i la recerca d\u2019identitat. Encara \u00e9s aviat per parlar-ne, per\u00f2 espero que aviat pugueu veure alguna cosa nova. Per mi, cada projecte \u00e9s un nou viatge, una nova oportunitat per seguir compartint el que sento amb els altres.<\/div>","protected":false},"excerpt":{"rendered":"<p>La jove directora Marta Vi\u00f1a Berb\u00eds ha presentat al Maresme Film Festival \u201cLa mem\u00f2ria de les papallones\u201d, un relat sobre l\u2019adopci\u00f3, la fam\u00edlia i el pas del temps. Marta Vi\u00f1as va passar per festival a presentar la seva obra a la Sala Mozart de Calella i va agrair que festivals [&hellip;]<\/p>\n","protected":false},"author":33,"featured_media":67067,"comment_status":"closed","ping_status":"closed","sticky":false,"template":"","format":"standard","meta":{"footnotes":""},"categories":[61],"tags":[],"class_list":["post-67065","post","type-post","status-publish","format-standard","has-post-thumbnail","hentry","category-cine"],"yoast_head":"<!-- This site is optimized with the Yoast SEO plugin v27.5 - https:\/\/yoast.com\/product\/yoast-seo-wordpress\/ -->\n<title>Marta Vi\u00f1a: &quot;La mem\u00f2ria de les papallones retrata una evoluci\u00f3 personal&quot; - Revista Rambla<\/title>\n<meta name=\"robots\" content=\"index, follow, max-snippet:-1, max-image-preview:large, max-video-preview:-1\" \/>\n<link rel=\"canonical\" href=\"https:\/\/www.revistarambla.com\/en\/marta-vina-la-memoria-de-les-papallones-retrata-una-evolucio-personal\/\" \/>\n<meta property=\"og:locale\" content=\"en_GB\" \/>\n<meta property=\"og:type\" content=\"article\" \/>\n<meta property=\"og:title\" content=\"Marta Vi\u00f1a: &quot;La mem\u00f2ria de les papallones retrata una evoluci\u00f3 personal&quot; - Revista Rambla\" \/>\n<meta property=\"og:description\" content=\"La jove directora Marta Vi\u00f1a Berb\u00eds ha presentat al Maresme Film Festival \u201cLa mem\u00f2ria de les papallones\u201d, un relat sobre l\u2019adopci\u00f3, la fam\u00edlia i el pas del temps. Marta Vi\u00f1as va passar per festival a presentar la seva obra a la Sala Mozart de Calella i va agrair que festivals [&hellip;]\" \/>\n<meta property=\"og:url\" content=\"https:\/\/www.revistarambla.com\/en\/marta-vina-la-memoria-de-les-papallones-retrata-una-evolucio-personal\/\" \/>\n<meta property=\"og:site_name\" content=\"Revista Rambla\" \/>\n<meta property=\"article:publisher\" content=\"https:\/\/www.facebook.com\/revistarambla\/\" \/>\n<meta property=\"article:published_time\" content=\"2025-10-30T18:22:44+00:00\" \/>\n<meta property=\"article:modified_time\" content=\"2025-10-30T18:24:08+00:00\" \/>\n<meta property=\"og:image\" content=\"https:\/\/www.revistarambla.com\/wp-content\/uploads\/2025\/10\/LA-MEMORIA-DE-LES-PAPALLONES.jpg\" \/>\n\t<meta property=\"og:image:width\" content=\"1920\" \/>\n\t<meta property=\"og:image:height\" content=\"1080\" \/>\n\t<meta property=\"og:image:type\" content=\"image\/jpeg\" \/>\n<meta name=\"author\" content=\"\u00c0lex M. Franquet\" \/>\n<meta name=\"twitter:card\" content=\"summary_large_image\" \/>\n<meta name=\"twitter:creator\" content=\"@revistarambla\" \/>\n<meta name=\"twitter:site\" content=\"@revistarambla\" \/>\n<meta name=\"twitter:label1\" content=\"Written by\" \/>\n\t<meta name=\"twitter:data1\" content=\"\u00c0lex M. Franquet\" \/>\n\t<meta name=\"twitter:label2\" content=\"Estimated reading time\" \/>\n\t<meta name=\"twitter:data2\" content=\"6 minutes\" \/>\n<script type=\"application\/ld+json\" class=\"yoast-schema-graph\">{\"@context\":\"https:\\\/\\\/schema.org\",\"@graph\":[{\"@type\":\"Article\",\"@id\":\"https:\\\/\\\/www.revistarambla.com\\\/marta-vina-la-memoria-de-les-papallones-retrata-una-evolucio-personal\\\/#article\",\"isPartOf\":{\"@id\":\"https:\\\/\\\/www.revistarambla.com\\\/marta-vina-la-memoria-de-les-papallones-retrata-una-evolucio-personal\\\/\"},\"author\":{\"name\":\"\u00c0lex M. Franquet\",\"@id\":\"https:\\\/\\\/www.revistarambla.com\\\/#\\\/schema\\\/person\\\/f970e20c8f452a7910eb4defa5fe7d7d\"},\"headline\":\"Marta Vi\u00f1a: \u00abLa mem\u00f2ria de les papallones retrata una evoluci\u00f3 personal\u00bb\",\"datePublished\":\"2025-10-30T18:22:44+00:00\",\"dateModified\":\"2025-10-30T18:24:08+00:00\",\"mainEntityOfPage\":{\"@id\":\"https:\\\/\\\/www.revistarambla.com\\\/marta-vina-la-memoria-de-les-papallones-retrata-una-evolucio-personal\\\/\"},\"wordCount\":1273,\"publisher\":{\"@id\":\"https:\\\/\\\/www.revistarambla.com\\\/#organization\"},\"image\":{\"@id\":\"https:\\\/\\\/www.revistarambla.com\\\/marta-vina-la-memoria-de-les-papallones-retrata-una-evolucio-personal\\\/#primaryimage\"},\"thumbnailUrl\":\"https:\\\/\\\/www.revistarambla.com\\\/wp-content\\\/uploads\\\/2025\\\/10\\\/LA-MEMORIA-DE-LES-PAPALLONES.jpg\",\"articleSection\":[\"Cine &amp; Series\"],\"inLanguage\":\"en-GB\"},{\"@type\":\"WebPage\",\"@id\":\"https:\\\/\\\/www.revistarambla.com\\\/marta-vina-la-memoria-de-les-papallones-retrata-una-evolucio-personal\\\/\",\"url\":\"https:\\\/\\\/www.revistarambla.com\\\/marta-vina-la-memoria-de-les-papallones-retrata-una-evolucio-personal\\\/\",\"name\":\"Marta Vi\u00f1a: \\\"La mem\u00f2ria de les papallones retrata una evoluci\u00f3 personal\\\" - Revista Rambla\",\"isPartOf\":{\"@id\":\"https:\\\/\\\/www.revistarambla.com\\\/#website\"},\"primaryImageOfPage\":{\"@id\":\"https:\\\/\\\/www.revistarambla.com\\\/marta-vina-la-memoria-de-les-papallones-retrata-una-evolucio-personal\\\/#primaryimage\"},\"image\":{\"@id\":\"https:\\\/\\\/www.revistarambla.com\\\/marta-vina-la-memoria-de-les-papallones-retrata-una-evolucio-personal\\\/#primaryimage\"},\"thumbnailUrl\":\"https:\\\/\\\/www.revistarambla.com\\\/wp-content\\\/uploads\\\/2025\\\/10\\\/LA-MEMORIA-DE-LES-PAPALLONES.jpg\",\"datePublished\":\"2025-10-30T18:22:44+00:00\",\"dateModified\":\"2025-10-30T18:24:08+00:00\",\"breadcrumb\":{\"@id\":\"https:\\\/\\\/www.revistarambla.com\\\/marta-vina-la-memoria-de-les-papallones-retrata-una-evolucio-personal\\\/#breadcrumb\"},\"inLanguage\":\"en-GB\",\"potentialAction\":[{\"@type\":\"ReadAction\",\"target\":[\"https:\\\/\\\/www.revistarambla.com\\\/marta-vina-la-memoria-de-les-papallones-retrata-una-evolucio-personal\\\/\"]}]},{\"@type\":\"ImageObject\",\"inLanguage\":\"en-GB\",\"@id\":\"https:\\\/\\\/www.revistarambla.com\\\/marta-vina-la-memoria-de-les-papallones-retrata-una-evolucio-personal\\\/#primaryimage\",\"url\":\"https:\\\/\\\/www.revistarambla.com\\\/wp-content\\\/uploads\\\/2025\\\/10\\\/LA-MEMORIA-DE-LES-PAPALLONES.jpg\",\"contentUrl\":\"https:\\\/\\\/www.revistarambla.com\\\/wp-content\\\/uploads\\\/2025\\\/10\\\/LA-MEMORIA-DE-LES-PAPALLONES.jpg\",\"width\":1920,\"height\":1080,\"caption\":\"Marta Vi\u00f1a\"},{\"@type\":\"BreadcrumbList\",\"@id\":\"https:\\\/\\\/www.revistarambla.com\\\/marta-vina-la-memoria-de-les-papallones-retrata-una-evolucio-personal\\\/#breadcrumb\",\"itemListElement\":[{\"@type\":\"ListItem\",\"position\":1,\"name\":\"Portada\",\"item\":\"https:\\\/\\\/www.revistarambla.com\\\/\"},{\"@type\":\"ListItem\",\"position\":2,\"name\":\"Marta Vi\u00f1a: \u00abLa mem\u00f2ria de les papallones retrata una evoluci\u00f3 personal\u00bb\"}]},{\"@type\":\"WebSite\",\"@id\":\"https:\\\/\\\/www.revistarambla.com\\\/#website\",\"url\":\"https:\\\/\\\/www.revistarambla.com\\\/\",\"name\":\"Revista Rambla Barcelona\",\"description\":\"Periodismo independiente\",\"publisher\":{\"@id\":\"https:\\\/\\\/www.revistarambla.com\\\/#organization\"},\"potentialAction\":[{\"@type\":\"SearchAction\",\"target\":{\"@type\":\"EntryPoint\",\"urlTemplate\":\"https:\\\/\\\/www.revistarambla.com\\\/?s={search_term_string}\"},\"query-input\":{\"@type\":\"PropertyValueSpecification\",\"valueRequired\":true,\"valueName\":\"search_term_string\"}}],\"inLanguage\":\"en-GB\"},{\"@type\":\"Organization\",\"@id\":\"https:\\\/\\\/www.revistarambla.com\\\/#organization\",\"name\":\"Revista Rambla\",\"url\":\"https:\\\/\\\/www.revistarambla.com\\\/\",\"logo\":{\"@type\":\"ImageObject\",\"inLanguage\":\"en-GB\",\"@id\":\"https:\\\/\\\/www.revistarambla.com\\\/#\\\/schema\\\/logo\\\/image\\\/\",\"url\":\"https:\\\/\\\/www.revistarambla.com\\\/wp-content\\\/uploads\\\/2020\\\/09\\\/banner_rambla_1900x600_BB.png\",\"contentUrl\":\"https:\\\/\\\/www.revistarambla.com\\\/wp-content\\\/uploads\\\/2020\\\/09\\\/banner_rambla_1900x600_BB.png\",\"width\":1900,\"height\":600,\"caption\":\"Revista Rambla\"},\"image\":{\"@id\":\"https:\\\/\\\/www.revistarambla.com\\\/#\\\/schema\\\/logo\\\/image\\\/\"},\"sameAs\":[\"https:\\\/\\\/www.facebook.com\\\/revistarambla\\\/\",\"https:\\\/\\\/x.com\\\/revistarambla\",\"https:\\\/\\\/www.instagram.com\\\/revista_rambla\",\"https:\\\/\\\/es.linkedin.com\\\/company\\\/revista-rambla\"]},{\"@type\":\"Person\",\"@id\":\"https:\\\/\\\/www.revistarambla.com\\\/#\\\/schema\\\/person\\\/f970e20c8f452a7910eb4defa5fe7d7d\",\"name\":\"\u00c0lex M. Franquet\",\"description\":\"-\",\"sameAs\":[\"https:\\\/\\\/www.revistarambla.com\\\/\"]}]}<\/script>\n<!-- \/ Yoast SEO plugin. -->","yoast_head_json":{"title":"Marta Vi\u00f1a: \"La mem\u00f2ria de les papallones retrata una evoluci\u00f3 personal\" - Revista Rambla","robots":{"index":"index","follow":"follow","max-snippet":"max-snippet:-1","max-image-preview":"max-image-preview:large","max-video-preview":"max-video-preview:-1"},"canonical":"https:\/\/www.revistarambla.com\/en\/marta-vina-la-memoria-de-les-papallones-retrata-una-evolucio-personal\/","og_locale":"en_GB","og_type":"article","og_title":"Marta Vi\u00f1a: \"La mem\u00f2ria de les papallones retrata una evoluci\u00f3 personal\" - Revista Rambla","og_description":"La jove directora Marta Vi\u00f1a Berb\u00eds ha presentat al Maresme Film Festival \u201cLa mem\u00f2ria de les papallones\u201d, un relat sobre l\u2019adopci\u00f3, la fam\u00edlia i el pas del temps. Marta Vi\u00f1as va passar per festival a presentar la seva obra a la Sala Mozart de Calella i va agrair que festivals [&hellip;]","og_url":"https:\/\/www.revistarambla.com\/en\/marta-vina-la-memoria-de-les-papallones-retrata-una-evolucio-personal\/","og_site_name":"Revista Rambla","article_publisher":"https:\/\/www.facebook.com\/revistarambla\/","article_published_time":"2025-10-30T18:22:44+00:00","article_modified_time":"2025-10-30T18:24:08+00:00","og_image":[{"width":1920,"height":1080,"url":"https:\/\/www.revistarambla.com\/wp-content\/uploads\/2025\/10\/LA-MEMORIA-DE-LES-PAPALLONES.jpg","type":"image\/jpeg"}],"author":"\u00c0lex M. Franquet","twitter_card":"summary_large_image","twitter_creator":"@revistarambla","twitter_site":"@revistarambla","twitter_misc":{"Written by":"\u00c0lex M. Franquet","Estimated reading time":"6 minutes"},"schema":{"@context":"https:\/\/schema.org","@graph":[{"@type":"Article","@id":"https:\/\/www.revistarambla.com\/marta-vina-la-memoria-de-les-papallones-retrata-una-evolucio-personal\/#article","isPartOf":{"@id":"https:\/\/www.revistarambla.com\/marta-vina-la-memoria-de-les-papallones-retrata-una-evolucio-personal\/"},"author":{"name":"\u00c0lex M. Franquet","@id":"https:\/\/www.revistarambla.com\/#\/schema\/person\/f970e20c8f452a7910eb4defa5fe7d7d"},"headline":"Marta Vi\u00f1a: \u00abLa mem\u00f2ria de les papallones retrata una evoluci\u00f3 personal\u00bb","datePublished":"2025-10-30T18:22:44+00:00","dateModified":"2025-10-30T18:24:08+00:00","mainEntityOfPage":{"@id":"https:\/\/www.revistarambla.com\/marta-vina-la-memoria-de-les-papallones-retrata-una-evolucio-personal\/"},"wordCount":1273,"publisher":{"@id":"https:\/\/www.revistarambla.com\/#organization"},"image":{"@id":"https:\/\/www.revistarambla.com\/marta-vina-la-memoria-de-les-papallones-retrata-una-evolucio-personal\/#primaryimage"},"thumbnailUrl":"https:\/\/www.revistarambla.com\/wp-content\/uploads\/2025\/10\/LA-MEMORIA-DE-LES-PAPALLONES.jpg","articleSection":["Cine &amp; Series"],"inLanguage":"en-GB"},{"@type":"WebPage","@id":"https:\/\/www.revistarambla.com\/marta-vina-la-memoria-de-les-papallones-retrata-una-evolucio-personal\/","url":"https:\/\/www.revistarambla.com\/marta-vina-la-memoria-de-les-papallones-retrata-una-evolucio-personal\/","name":"Marta Vi\u00f1a: \"La mem\u00f2ria de les papallones retrata una evoluci\u00f3 personal\" - Revista Rambla","isPartOf":{"@id":"https:\/\/www.revistarambla.com\/#website"},"primaryImageOfPage":{"@id":"https:\/\/www.revistarambla.com\/marta-vina-la-memoria-de-les-papallones-retrata-una-evolucio-personal\/#primaryimage"},"image":{"@id":"https:\/\/www.revistarambla.com\/marta-vina-la-memoria-de-les-papallones-retrata-una-evolucio-personal\/#primaryimage"},"thumbnailUrl":"https:\/\/www.revistarambla.com\/wp-content\/uploads\/2025\/10\/LA-MEMORIA-DE-LES-PAPALLONES.jpg","datePublished":"2025-10-30T18:22:44+00:00","dateModified":"2025-10-30T18:24:08+00:00","breadcrumb":{"@id":"https:\/\/www.revistarambla.com\/marta-vina-la-memoria-de-les-papallones-retrata-una-evolucio-personal\/#breadcrumb"},"inLanguage":"en-GB","potentialAction":[{"@type":"ReadAction","target":["https:\/\/www.revistarambla.com\/marta-vina-la-memoria-de-les-papallones-retrata-una-evolucio-personal\/"]}]},{"@type":"ImageObject","inLanguage":"en-GB","@id":"https:\/\/www.revistarambla.com\/marta-vina-la-memoria-de-les-papallones-retrata-una-evolucio-personal\/#primaryimage","url":"https:\/\/www.revistarambla.com\/wp-content\/uploads\/2025\/10\/LA-MEMORIA-DE-LES-PAPALLONES.jpg","contentUrl":"https:\/\/www.revistarambla.com\/wp-content\/uploads\/2025\/10\/LA-MEMORIA-DE-LES-PAPALLONES.jpg","width":1920,"height":1080,"caption":"Marta Vi\u00f1a"},{"@type":"BreadcrumbList","@id":"https:\/\/www.revistarambla.com\/marta-vina-la-memoria-de-les-papallones-retrata-una-evolucio-personal\/#breadcrumb","itemListElement":[{"@type":"ListItem","position":1,"name":"Portada","item":"https:\/\/www.revistarambla.com\/"},{"@type":"ListItem","position":2,"name":"Marta Vi\u00f1a: \u00abLa mem\u00f2ria de les papallones retrata una evoluci\u00f3 personal\u00bb"}]},{"@type":"WebSite","@id":"https:\/\/www.revistarambla.com\/#website","url":"https:\/\/www.revistarambla.com\/","name":"Revista Rambla Barcelona","description":"Periodismo independiente","publisher":{"@id":"https:\/\/www.revistarambla.com\/#organization"},"potentialAction":[{"@type":"SearchAction","target":{"@type":"EntryPoint","urlTemplate":"https:\/\/www.revistarambla.com\/?s={search_term_string}"},"query-input":{"@type":"PropertyValueSpecification","valueRequired":true,"valueName":"search_term_string"}}],"inLanguage":"en-GB"},{"@type":"Organization","@id":"https:\/\/www.revistarambla.com\/#organization","name":"Revista Rambla","url":"https:\/\/www.revistarambla.com\/","logo":{"@type":"ImageObject","inLanguage":"en-GB","@id":"https:\/\/www.revistarambla.com\/#\/schema\/logo\/image\/","url":"https:\/\/www.revistarambla.com\/wp-content\/uploads\/2020\/09\/banner_rambla_1900x600_BB.png","contentUrl":"https:\/\/www.revistarambla.com\/wp-content\/uploads\/2020\/09\/banner_rambla_1900x600_BB.png","width":1900,"height":600,"caption":"Revista Rambla"},"image":{"@id":"https:\/\/www.revistarambla.com\/#\/schema\/logo\/image\/"},"sameAs":["https:\/\/www.facebook.com\/revistarambla\/","https:\/\/x.com\/revistarambla","https:\/\/www.instagram.com\/revista_rambla","https:\/\/es.linkedin.com\/company\/revista-rambla"]},{"@type":"Person","@id":"https:\/\/www.revistarambla.com\/#\/schema\/person\/f970e20c8f452a7910eb4defa5fe7d7d","name":"\u00c0lex M. Franquet","description":"-","sameAs":["https:\/\/www.revistarambla.com\/"]}]}},"_links":{"self":[{"href":"https:\/\/www.revistarambla.com\/en\/wp-json\/wp\/v2\/posts\/67065","targetHints":{"allow":["GET"]}}],"collection":[{"href":"https:\/\/www.revistarambla.com\/en\/wp-json\/wp\/v2\/posts"}],"about":[{"href":"https:\/\/www.revistarambla.com\/en\/wp-json\/wp\/v2\/types\/post"}],"author":[{"embeddable":true,"href":"https:\/\/www.revistarambla.com\/en\/wp-json\/wp\/v2\/users\/33"}],"replies":[{"embeddable":true,"href":"https:\/\/www.revistarambla.com\/en\/wp-json\/wp\/v2\/comments?post=67065"}],"version-history":[{"count":1,"href":"https:\/\/www.revistarambla.com\/en\/wp-json\/wp\/v2\/posts\/67065\/revisions"}],"predecessor-version":[{"id":67069,"href":"https:\/\/www.revistarambla.com\/en\/wp-json\/wp\/v2\/posts\/67065\/revisions\/67069"}],"wp:featuredmedia":[{"embeddable":true,"href":"https:\/\/www.revistarambla.com\/en\/wp-json\/wp\/v2\/media\/67067"}],"wp:attachment":[{"href":"https:\/\/www.revistarambla.com\/en\/wp-json\/wp\/v2\/media?parent=67065"}],"wp:term":[{"taxonomy":"category","embeddable":true,"href":"https:\/\/www.revistarambla.com\/en\/wp-json\/wp\/v2\/categories?post=67065"},{"taxonomy":"post_tag","embeddable":true,"href":"https:\/\/www.revistarambla.com\/en\/wp-json\/wp\/v2\/tags?post=67065"}],"curies":[{"name":"wp","href":"https:\/\/api.w.org\/{rel}","templated":true}]}}