{"id":67057,"date":"2025-10-29T19:54:48","date_gmt":"2025-10-29T18:54:48","guid":{"rendered":"https:\/\/www.revistarambla.com\/?p=67057"},"modified":"2025-11-01T21:18:37","modified_gmt":"2025-11-01T20:18:37","slug":"vivir-en-la-calle-reduce-la-esperanza-de-vida-en-25-anos","status":"publish","type":"post","link":"https:\/\/www.revistarambla.com\/en\/vivir-en-la-calle-reduce-la-esperanza-de-vida-en-25-anos\/","title":{"rendered":"Vivir en la calle reduce la esperanza de vida en 25 a\u00f1os"},"content":{"rendered":"<p>En un acto cargado de simbolismo, la Fundaci\u00f3 Arrels y una veintena de entidades sociales han rendido homenaje esta tarde en la Pla\u00e7a Nova, frente a la Catedral de Barcelona<!--more-->, a las 69 personas sin hogar que han fallecido en la ciudad durante los \u00faltimos 12 meses. El evento, que coincide con el homenaje anual que realiza la fundaci\u00f3n, ha servido para lanzar un dato alarmante: vivir en la calle acorta la vida de manera dr\u00e1stica, reduciendo la esperanza de vida media en 25 a\u00f1os en comparaci\u00f3n con el resto de la poblaci\u00f3n. Casas de cart\u00f3n dispuestas en la plaza han representado los hogares que estas personas nunca tuvieron, un gesto visual que ha conmovido a los asistentes y ha subrayado la urgencia de actuar contra el sinhogarismo en una ciudad que, pese a su prosperidad, sigue fallando a sus ciudadanos m\u00e1s vulnerables.<\/p>\n<p>El acto, celebrado a las 18:30 horas, ha reunido a voluntarios, familiares, representantes de entidades y ciudadanos an\u00f3nimos en un espacio hist\u00f3rico de la ciudad. Seg\u00fan datos recopilados por Arrels Fundaci\u00f3, desde noviembre de 2024 hasta octubre de 2025, se han registrado al menos 69 defunciones entre personas que viv\u00edan o hab\u00edan vivido en la calle. Esta cifra equivale a una muerte cada cinco d\u00edas, un ritmo que evidencia la gravedad de la crisis. De las v\u00edctimas, 59 eran hombres (85%) y 10 mujeres (14,7%), con una edad media al fallecer de 58 a\u00f1os. El 34% de ellas a\u00fan resid\u00edan en la calle al momento de su muerte, mientras que el 72,5% sucumbi\u00f3 a enfermedades y problemas de salud agravados por las condiciones precarias de vida. Entre las causas destacan agresiones, sobredosis y suicidios, como los casos de Iulius y Carlos, asesinados mientras dorm\u00edan, o Konstantine y Ali, que optaron por quitarse la vida ante la desesperaci\u00f3n.<\/p>\n<p>La directora de Arrels Fundaci\u00f3, Beatriz Fern\u00e1ndez, ha enfatizado durante el acto que \u00abvivir en la calle no es normal, y estas muertes prematuras son un recordatorio de que la ciudad debe cuidar a todos sus habitantes\u00bb. En un manifiesto le\u00eddo al final del evento, titulado \u00abCarta a la ciudad de Barcelona\u00bb, se ha apelado a la memoria colectiva: \u00abCuando recuerdas, cuidas. Y cuando cuidas, construyes ciudad\u00bb. El texto denuncia la normalizaci\u00f3n de la soledad y el fr\u00edo, y exige pol\u00edticas valientes para transformar las casas de cart\u00f3n simb\u00f3licas en techos reales. \u00abNo podemos permitir que una persona muera cada cinco d\u00edas sin que la sociedad reaccione\u00bb, ha agregado Fern\u00e1ndez, citando datos que muestran que, desde 2016, m\u00e1s de 600 personas sin hogar han perdido la vida en Barcelona.<\/p>\n<p>Este homenaje no es un evento aislado, sino parte de una tradici\u00f3n que Arrels mantiene desde hace ocho a\u00f1os. En ediciones anteriores, se han utilizado elementos simb\u00f3licos como pares de zapatos o placas conmemorativas para honrar a los fallecidos. Este a\u00f1o, las casas de cart\u00f3n han dominado la escena, colocadas en el suelo de la plaza para evocar la fragilidad de la vida en la intemperie. La m\u00fasica en directo del Conservatori del Liceu y el coro de gospel de El Lloc de la Dona han acompa\u00f1ado la lectura de nombres e historias personales, humanizando las estad\u00edsticas. Entre las narradas, la de Maria, de solo 19 a\u00f1os, quien muri\u00f3 en la calle; o Jos\u00e9 Antonio, de 84, en una residencia. Otros relatos, como el de Walter, un malabarista que encontr\u00f3 refugio temporal en un piso de Arrels, o Juan Carlos, estigmatizado por problemas de salud mental, ilustran la diversidad de perfiles afectados: desde j\u00f3venes migrantes hasta veteranos de la calle.<\/p>\n<p>Las entidades participantes, entre las que se incluyen \u00c0mbit Prevenci\u00f3, ABD (Cas Baluard i UTE Primer la Llar), C\u00e0ritas, Dit i Fet, Heura, Hospital de Campanya Santa Anna, Metzineres, Serveis Socials Sant Joan de D\u00e9u y muchas m\u00e1s, han unido fuerzas para amplificar el mensaje. Estas organizaciones, que acompa\u00f1an diariamente a personas en situaci\u00f3n de vulnerabilidad, han destacado la necesidad de una distribuci\u00f3n m\u00e1s equitativa de recursos en la ciudad. Seg\u00fan un informe reciente de Arrels, en Barcelona hay casi 5.000 personas sin hogar, una cifra que se actualiza peri\u00f3dicamente desde 2008 y que refleja un aumento del 83% en los \u00faltimos 11 a\u00f1os. El tiempo medio de vida en la calle es de 4 a\u00f1os y 4 meses, un per\u00edodo que acelera el deterioro f\u00edsico y mental, llevando a tasas de suicidio del 5,7% entre este colectivo.<\/p>\n<p>Expertos en salud p\u00fablica y exclusi\u00f3n social coinciden en que el sinhogarismo es un determinante social de la salud que multiplica riesgos. Un estudio publicado en la revista Atenci\u00f3n Primaria analiza la carga de enfermedad entre perfiles de personas sin hogar en Barcelona, revelando una prevalencia mayor de problemas cr\u00f3nicos como drogodependencias y trastornos mentales en centros como Baluard y Arrels. La esperanza de vida reducida en 25 a\u00f1os no es una anomal\u00eda: se alinea con datos globales de la Uni\u00f3n Europea, donde la falta de criterios comunes para contabilizar el sinhogarismo complica las intervenciones. En Catalu\u00f1a, 5.423 personas carecen de vivienda estable, viviendo en alojamientos temporales o directamente en la calle, seg\u00fan el \u00faltimo censo de Arrels.<\/p>\n<p>El contexto socioecon\u00f3mico de Barcelona agrava esta realidad. A pesar de ser una de las ciudades m\u00e1s pr\u00f3speras de Espa\u00f1a, con un PIB per c\u00e1pita superior a la media nacional, la capital catalana enfrenta una crisis habitacional cr\u00f3nica. El encarecimiento de los alquileres, impulsado por el turismo masivo y la especulaci\u00f3n inmobiliaria, ha expulsado a miles de residentes a la periferia o directamente a la calle. Datos del Instituto Nacional de Estad\u00edstica (INE) para 2024 indican que la ocupaci\u00f3n en centros para personas sin hogar alcanz\u00f3 el 85,5%, con un aumento del 17% en el n\u00famero de centros respecto a 2022. A nivel nacional, 33.758 personas se alojaron diariamente en estos recursos, un 55,7% m\u00e1s que dos a\u00f1os antes. En Barcelona, el 87% de las personas en la calle son hombres, el 9% mujeres, y hay una creciente presencia de g\u00e9nero no binario y trans, lo que a\u00f1ade capas de discriminaci\u00f3n.<\/p>\n<p>Desde una perspectiva experta, el sinhogarismo no es solo un problema de vivienda, sino un fallo sist\u00e9mico que intersecciona con migraci\u00f3n, salud mental y adicciones. Beatriz Fern\u00e1ndez, en declaraciones previas a medios como El Pa\u00eds, ha advertido que muchas personas llevan d\u00e9cadas en la calle, y que la exclusi\u00f3n grave requiere enfoques integrales como el modelo Housing First, que prioriza el acceso a vivienda estable antes que otras intervenciones. Organizaciones como la Federaci\u00f3n de Asociaciones Catalanas Amigas del Pueblo Saharaui o M\u00e9dicos del Mundo, aunque no directamente involucradas en este acto, comparten la visi\u00f3n de que la prevenci\u00f3n debe incluir pol\u00edticas de inclusi\u00f3n social y sanitaria. Un an\u00e1lisis de ScienceDirect resalta que las personas sin hogar presentan un estado de salud peor, con mayor morbilidad y mortalidad prematura, agravada por la falta de acceso a servicios b\u00e1sicos.<\/p>\n<p>En el \u00e1mbito local, el Ayuntamiento de Barcelona ha incrementado recursos, pero las entidades critican la insuficiencia. El censo de Arrels muestra que el 58% de las personas sin hogar en Espa\u00f1a son extranjeras, y la mitad tiene entre 30 y 54 a\u00f1os, lo que apunta a fallos en la integraci\u00f3n migratoria. En 2025, con la econom\u00eda pospandemia aun recuper\u00e1ndose, el aumento de desalojos y la inflaci\u00f3n han exacerbado el problema. Expertos como los de la Fundaci\u00f3 Gr\u00edfols subrayan la importancia de acompa\u00f1ar a estas personas hasta el final, respetando sus decisiones, como hace Arrels.<\/p>\n<p>El acto de hoy no solo honra a los fallecidos, sino que interpela a la sociedad. Placas conmemorativas instaladas en m\u00e1s de 600 puntos de la ciudad recuerdan que estas vidas importan. Como reza el manifiesto: \u00abEscucha, mira sin prejuicios, no pongas condiciones imposibles\u00bb. Para erradicar el sinhogarismo, se necesitan inversiones en vivienda asequible, servicios de salud mental y redes de apoyo comunitario. Barcelona, como ciudad avanzada, no puede permitirse m\u00e1s muertes invisibles. El homenaje de Arrels es un grito de alerta: es hora de transformar el recuerdo en acci\u00f3n concreta.<\/p>","protected":false},"excerpt":{"rendered":"<p>Arrels Fundaci\u00f3 alerta: tras 69 muertes en Barcelona en el \u00faltimo a\u00f1o<\/p>","protected":false},"author":3,"featured_media":67058,"comment_status":"closed","ping_status":"closed","sticky":false,"template":"","format":"standard","meta":{"footnotes":""},"categories":[76],"tags":[],"class_list":["post-67057","post","type-post","status-publish","format-standard","has-post-thumbnail","hentry","category-barcelona"],"yoast_head":"<!-- This site is optimized with the Yoast SEO plugin v27.5 - https:\/\/yoast.com\/product\/yoast-seo-wordpress\/ -->\n<title>Vivir en la calle reduce la esperanza de vida en 25 a\u00f1os - Revista Rambla<\/title>\n<meta name=\"robots\" content=\"index, follow, max-snippet:-1, max-image-preview:large, max-video-preview:-1\" \/>\n<link rel=\"canonical\" href=\"https:\/\/www.revistarambla.com\/en\/vivir-en-la-calle-reduce-la-esperanza-de-vida-en-25-anos\/\" \/>\n<meta property=\"og:locale\" content=\"en_GB\" \/>\n<meta property=\"og:type\" content=\"article\" \/>\n<meta property=\"og:title\" content=\"Vivir en la calle reduce la esperanza de vida en 25 a\u00f1os - Revista Rambla\" \/>\n<meta property=\"og:description\" content=\"Arrels Fundaci\u00f3 alerta: tras 69 muertes en Barcelona en el \u00faltimo a\u00f1o\" \/>\n<meta property=\"og:url\" content=\"https:\/\/www.revistarambla.com\/en\/vivir-en-la-calle-reduce-la-esperanza-de-vida-en-25-anos\/\" \/>\n<meta property=\"og:site_name\" content=\"Revista Rambla\" \/>\n<meta property=\"article:publisher\" content=\"https:\/\/www.facebook.com\/revistarambla\/\" \/>\n<meta property=\"article:author\" content=\"https:\/\/www.facebook.com\/revistarambla\" \/>\n<meta property=\"article:published_time\" content=\"2025-10-29T18:54:48+00:00\" \/>\n<meta property=\"article:modified_time\" content=\"2025-11-01T20:18:37+00:00\" \/>\n<meta property=\"og:image\" content=\"https:\/\/www.revistarambla.com\/wp-content\/uploads\/2025\/10\/arrels.webp\" \/>\n\t<meta property=\"og:image:width\" content=\"705\" \/>\n\t<meta property=\"og:image:height\" content=\"470\" \/>\n\t<meta property=\"og:image:type\" content=\"image\/webp\" \/>\n<meta name=\"author\" content=\"R@mbla\" \/>\n<meta name=\"twitter:card\" content=\"summary_large_image\" \/>\n<meta name=\"twitter:creator\" content=\"@revistarambla\" \/>\n<meta name=\"twitter:site\" content=\"@revistarambla\" \/>\n<meta name=\"twitter:label1\" content=\"Written by\" \/>\n\t<meta name=\"twitter:data1\" content=\"R@mbla\" \/>\n\t<meta name=\"twitter:label2\" content=\"Estimated reading time\" \/>\n\t<meta name=\"twitter:data2\" content=\"7 minutes\" \/>\n<script type=\"application\/ld+json\" class=\"yoast-schema-graph\">{\"@context\":\"https:\\\/\\\/schema.org\",\"@graph\":[{\"@type\":\"Article\",\"@id\":\"https:\\\/\\\/www.revistarambla.com\\\/vivir-en-la-calle-reduce-la-esperanza-de-vida-en-25-anos\\\/#article\",\"isPartOf\":{\"@id\":\"https:\\\/\\\/www.revistarambla.com\\\/vivir-en-la-calle-reduce-la-esperanza-de-vida-en-25-anos\\\/\"},\"author\":{\"name\":\"R@mbla\",\"@id\":\"https:\\\/\\\/www.revistarambla.com\\\/#\\\/schema\\\/person\\\/a146a5a2550b94981a75131180e1bd9c\"},\"headline\":\"Vivir en la calle reduce la esperanza de vida en 25 a\u00f1os\",\"datePublished\":\"2025-10-29T18:54:48+00:00\",\"dateModified\":\"2025-11-01T20:18:37+00:00\",\"mainEntityOfPage\":{\"@id\":\"https:\\\/\\\/www.revistarambla.com\\\/vivir-en-la-calle-reduce-la-esperanza-de-vida-en-25-anos\\\/\"},\"wordCount\":1393,\"publisher\":{\"@id\":\"https:\\\/\\\/www.revistarambla.com\\\/#organization\"},\"image\":{\"@id\":\"https:\\\/\\\/www.revistarambla.com\\\/vivir-en-la-calle-reduce-la-esperanza-de-vida-en-25-anos\\\/#primaryimage\"},\"thumbnailUrl\":\"https:\\\/\\\/www.revistarambla.com\\\/wp-content\\\/uploads\\\/2025\\\/10\\\/arrels.webp\",\"articleSection\":[\"Barcelona\"],\"inLanguage\":\"en-GB\"},{\"@type\":\"WebPage\",\"@id\":\"https:\\\/\\\/www.revistarambla.com\\\/vivir-en-la-calle-reduce-la-esperanza-de-vida-en-25-anos\\\/\",\"url\":\"https:\\\/\\\/www.revistarambla.com\\\/vivir-en-la-calle-reduce-la-esperanza-de-vida-en-25-anos\\\/\",\"name\":\"Vivir en la calle reduce la esperanza de vida en 25 a\u00f1os - Revista Rambla\",\"isPartOf\":{\"@id\":\"https:\\\/\\\/www.revistarambla.com\\\/#website\"},\"primaryImageOfPage\":{\"@id\":\"https:\\\/\\\/www.revistarambla.com\\\/vivir-en-la-calle-reduce-la-esperanza-de-vida-en-25-anos\\\/#primaryimage\"},\"image\":{\"@id\":\"https:\\\/\\\/www.revistarambla.com\\\/vivir-en-la-calle-reduce-la-esperanza-de-vida-en-25-anos\\\/#primaryimage\"},\"thumbnailUrl\":\"https:\\\/\\\/www.revistarambla.com\\\/wp-content\\\/uploads\\\/2025\\\/10\\\/arrels.webp\",\"datePublished\":\"2025-10-29T18:54:48+00:00\",\"dateModified\":\"2025-11-01T20:18:37+00:00\",\"breadcrumb\":{\"@id\":\"https:\\\/\\\/www.revistarambla.com\\\/vivir-en-la-calle-reduce-la-esperanza-de-vida-en-25-anos\\\/#breadcrumb\"},\"inLanguage\":\"en-GB\",\"potentialAction\":[{\"@type\":\"ReadAction\",\"target\":[\"https:\\\/\\\/www.revistarambla.com\\\/vivir-en-la-calle-reduce-la-esperanza-de-vida-en-25-anos\\\/\"]}]},{\"@type\":\"ImageObject\",\"inLanguage\":\"en-GB\",\"@id\":\"https:\\\/\\\/www.revistarambla.com\\\/vivir-en-la-calle-reduce-la-esperanza-de-vida-en-25-anos\\\/#primaryimage\",\"url\":\"https:\\\/\\\/www.revistarambla.com\\\/wp-content\\\/uploads\\\/2025\\\/10\\\/arrels.webp\",\"contentUrl\":\"https:\\\/\\\/www.revistarambla.com\\\/wp-content\\\/uploads\\\/2025\\\/10\\\/arrels.webp\",\"width\":705,\"height\":470,\"caption\":\"Vivir en la calle sinhogar\"},{\"@type\":\"BreadcrumbList\",\"@id\":\"https:\\\/\\\/www.revistarambla.com\\\/vivir-en-la-calle-reduce-la-esperanza-de-vida-en-25-anos\\\/#breadcrumb\",\"itemListElement\":[{\"@type\":\"ListItem\",\"position\":1,\"name\":\"Portada\",\"item\":\"https:\\\/\\\/www.revistarambla.com\\\/\"},{\"@type\":\"ListItem\",\"position\":2,\"name\":\"Vivir en la calle reduce la esperanza de vida en 25 a\u00f1os\"}]},{\"@type\":\"WebSite\",\"@id\":\"https:\\\/\\\/www.revistarambla.com\\\/#website\",\"url\":\"https:\\\/\\\/www.revistarambla.com\\\/\",\"name\":\"Revista Rambla Barcelona\",\"description\":\"Periodismo independiente\",\"publisher\":{\"@id\":\"https:\\\/\\\/www.revistarambla.com\\\/#organization\"},\"potentialAction\":[{\"@type\":\"SearchAction\",\"target\":{\"@type\":\"EntryPoint\",\"urlTemplate\":\"https:\\\/\\\/www.revistarambla.com\\\/?s={search_term_string}\"},\"query-input\":{\"@type\":\"PropertyValueSpecification\",\"valueRequired\":true,\"valueName\":\"search_term_string\"}}],\"inLanguage\":\"en-GB\"},{\"@type\":\"Organization\",\"@id\":\"https:\\\/\\\/www.revistarambla.com\\\/#organization\",\"name\":\"Revista Rambla\",\"url\":\"https:\\\/\\\/www.revistarambla.com\\\/\",\"logo\":{\"@type\":\"ImageObject\",\"inLanguage\":\"en-GB\",\"@id\":\"https:\\\/\\\/www.revistarambla.com\\\/#\\\/schema\\\/logo\\\/image\\\/\",\"url\":\"https:\\\/\\\/www.revistarambla.com\\\/wp-content\\\/uploads\\\/2020\\\/09\\\/banner_rambla_1900x600_BB.png\",\"contentUrl\":\"https:\\\/\\\/www.revistarambla.com\\\/wp-content\\\/uploads\\\/2020\\\/09\\\/banner_rambla_1900x600_BB.png\",\"width\":1900,\"height\":600,\"caption\":\"Revista Rambla\"},\"image\":{\"@id\":\"https:\\\/\\\/www.revistarambla.com\\\/#\\\/schema\\\/logo\\\/image\\\/\"},\"sameAs\":[\"https:\\\/\\\/www.facebook.com\\\/revistarambla\\\/\",\"https:\\\/\\\/x.com\\\/revistarambla\",\"https:\\\/\\\/www.instagram.com\\\/revista_rambla\",\"https:\\\/\\\/es.linkedin.com\\\/company\\\/revista-rambla\"]},{\"@type\":\"Person\",\"@id\":\"https:\\\/\\\/www.revistarambla.com\\\/#\\\/schema\\\/person\\\/a146a5a2550b94981a75131180e1bd9c\",\"name\":\"R@mbla\",\"description\":\"Este art\u00edculo ha sido redactado y\\\/o validado por el equipo de redacci\u00f3n de Revista Rambla.\",\"sameAs\":[\"https:\\\/\\\/www.revistarambla.com\\\/\",\"https:\\\/\\\/www.facebook.com\\\/revistarambla\",\"https:\\\/\\\/x.com\\\/revistarambla\"]}]}<\/script>\n<!-- \/ Yoast SEO plugin. -->","yoast_head_json":{"title":"Vivir en la calle reduce la esperanza de vida en 25 a\u00f1os - Revista Rambla","robots":{"index":"index","follow":"follow","max-snippet":"max-snippet:-1","max-image-preview":"max-image-preview:large","max-video-preview":"max-video-preview:-1"},"canonical":"https:\/\/www.revistarambla.com\/en\/vivir-en-la-calle-reduce-la-esperanza-de-vida-en-25-anos\/","og_locale":"en_GB","og_type":"article","og_title":"Vivir en la calle reduce la esperanza de vida en 25 a\u00f1os - Revista Rambla","og_description":"Arrels Fundaci\u00f3 alerta: tras 69 muertes en Barcelona en el \u00faltimo a\u00f1o","og_url":"https:\/\/www.revistarambla.com\/en\/vivir-en-la-calle-reduce-la-esperanza-de-vida-en-25-anos\/","og_site_name":"Revista Rambla","article_publisher":"https:\/\/www.facebook.com\/revistarambla\/","article_author":"https:\/\/www.facebook.com\/revistarambla","article_published_time":"2025-10-29T18:54:48+00:00","article_modified_time":"2025-11-01T20:18:37+00:00","og_image":[{"width":705,"height":470,"url":"https:\/\/www.revistarambla.com\/wp-content\/uploads\/2025\/10\/arrels.webp","type":"image\/webp"}],"author":"R@mbla","twitter_card":"summary_large_image","twitter_creator":"@revistarambla","twitter_site":"@revistarambla","twitter_misc":{"Written by":"R@mbla","Estimated reading time":"7 minutes"},"schema":{"@context":"https:\/\/schema.org","@graph":[{"@type":"Article","@id":"https:\/\/www.revistarambla.com\/vivir-en-la-calle-reduce-la-esperanza-de-vida-en-25-anos\/#article","isPartOf":{"@id":"https:\/\/www.revistarambla.com\/vivir-en-la-calle-reduce-la-esperanza-de-vida-en-25-anos\/"},"author":{"name":"R@mbla","@id":"https:\/\/www.revistarambla.com\/#\/schema\/person\/a146a5a2550b94981a75131180e1bd9c"},"headline":"Vivir en la calle reduce la esperanza de vida en 25 a\u00f1os","datePublished":"2025-10-29T18:54:48+00:00","dateModified":"2025-11-01T20:18:37+00:00","mainEntityOfPage":{"@id":"https:\/\/www.revistarambla.com\/vivir-en-la-calle-reduce-la-esperanza-de-vida-en-25-anos\/"},"wordCount":1393,"publisher":{"@id":"https:\/\/www.revistarambla.com\/#organization"},"image":{"@id":"https:\/\/www.revistarambla.com\/vivir-en-la-calle-reduce-la-esperanza-de-vida-en-25-anos\/#primaryimage"},"thumbnailUrl":"https:\/\/www.revistarambla.com\/wp-content\/uploads\/2025\/10\/arrels.webp","articleSection":["Barcelona"],"inLanguage":"en-GB"},{"@type":"WebPage","@id":"https:\/\/www.revistarambla.com\/vivir-en-la-calle-reduce-la-esperanza-de-vida-en-25-anos\/","url":"https:\/\/www.revistarambla.com\/vivir-en-la-calle-reduce-la-esperanza-de-vida-en-25-anos\/","name":"Vivir en la calle reduce la esperanza de vida en 25 a\u00f1os - Revista Rambla","isPartOf":{"@id":"https:\/\/www.revistarambla.com\/#website"},"primaryImageOfPage":{"@id":"https:\/\/www.revistarambla.com\/vivir-en-la-calle-reduce-la-esperanza-de-vida-en-25-anos\/#primaryimage"},"image":{"@id":"https:\/\/www.revistarambla.com\/vivir-en-la-calle-reduce-la-esperanza-de-vida-en-25-anos\/#primaryimage"},"thumbnailUrl":"https:\/\/www.revistarambla.com\/wp-content\/uploads\/2025\/10\/arrels.webp","datePublished":"2025-10-29T18:54:48+00:00","dateModified":"2025-11-01T20:18:37+00:00","breadcrumb":{"@id":"https:\/\/www.revistarambla.com\/vivir-en-la-calle-reduce-la-esperanza-de-vida-en-25-anos\/#breadcrumb"},"inLanguage":"en-GB","potentialAction":[{"@type":"ReadAction","target":["https:\/\/www.revistarambla.com\/vivir-en-la-calle-reduce-la-esperanza-de-vida-en-25-anos\/"]}]},{"@type":"ImageObject","inLanguage":"en-GB","@id":"https:\/\/www.revistarambla.com\/vivir-en-la-calle-reduce-la-esperanza-de-vida-en-25-anos\/#primaryimage","url":"https:\/\/www.revistarambla.com\/wp-content\/uploads\/2025\/10\/arrels.webp","contentUrl":"https:\/\/www.revistarambla.com\/wp-content\/uploads\/2025\/10\/arrels.webp","width":705,"height":470,"caption":"Vivir en la calle sinhogar"},{"@type":"BreadcrumbList","@id":"https:\/\/www.revistarambla.com\/vivir-en-la-calle-reduce-la-esperanza-de-vida-en-25-anos\/#breadcrumb","itemListElement":[{"@type":"ListItem","position":1,"name":"Portada","item":"https:\/\/www.revistarambla.com\/"},{"@type":"ListItem","position":2,"name":"Vivir en la calle reduce la esperanza de vida en 25 a\u00f1os"}]},{"@type":"WebSite","@id":"https:\/\/www.revistarambla.com\/#website","url":"https:\/\/www.revistarambla.com\/","name":"Revista Rambla Barcelona","description":"Periodismo independiente","publisher":{"@id":"https:\/\/www.revistarambla.com\/#organization"},"potentialAction":[{"@type":"SearchAction","target":{"@type":"EntryPoint","urlTemplate":"https:\/\/www.revistarambla.com\/?s={search_term_string}"},"query-input":{"@type":"PropertyValueSpecification","valueRequired":true,"valueName":"search_term_string"}}],"inLanguage":"en-GB"},{"@type":"Organization","@id":"https:\/\/www.revistarambla.com\/#organization","name":"Revista Rambla","url":"https:\/\/www.revistarambla.com\/","logo":{"@type":"ImageObject","inLanguage":"en-GB","@id":"https:\/\/www.revistarambla.com\/#\/schema\/logo\/image\/","url":"https:\/\/www.revistarambla.com\/wp-content\/uploads\/2020\/09\/banner_rambla_1900x600_BB.png","contentUrl":"https:\/\/www.revistarambla.com\/wp-content\/uploads\/2020\/09\/banner_rambla_1900x600_BB.png","width":1900,"height":600,"caption":"Revista Rambla"},"image":{"@id":"https:\/\/www.revistarambla.com\/#\/schema\/logo\/image\/"},"sameAs":["https:\/\/www.facebook.com\/revistarambla\/","https:\/\/x.com\/revistarambla","https:\/\/www.instagram.com\/revista_rambla","https:\/\/es.linkedin.com\/company\/revista-rambla"]},{"@type":"Person","@id":"https:\/\/www.revistarambla.com\/#\/schema\/person\/a146a5a2550b94981a75131180e1bd9c","name":"R@mbla","description":"Este art\u00edculo ha sido redactado y\/o validado por el equipo de redacci\u00f3n de Revista Rambla.","sameAs":["https:\/\/www.revistarambla.com\/","https:\/\/www.facebook.com\/revistarambla","https:\/\/x.com\/revistarambla"]}]}},"_links":{"self":[{"href":"https:\/\/www.revistarambla.com\/en\/wp-json\/wp\/v2\/posts\/67057","targetHints":{"allow":["GET"]}}],"collection":[{"href":"https:\/\/www.revistarambla.com\/en\/wp-json\/wp\/v2\/posts"}],"about":[{"href":"https:\/\/www.revistarambla.com\/en\/wp-json\/wp\/v2\/types\/post"}],"author":[{"embeddable":true,"href":"https:\/\/www.revistarambla.com\/en\/wp-json\/wp\/v2\/users\/3"}],"replies":[{"embeddable":true,"href":"https:\/\/www.revistarambla.com\/en\/wp-json\/wp\/v2\/comments?post=67057"}],"version-history":[{"count":1,"href":"https:\/\/www.revistarambla.com\/en\/wp-json\/wp\/v2\/posts\/67057\/revisions"}],"predecessor-version":[{"id":67059,"href":"https:\/\/www.revistarambla.com\/en\/wp-json\/wp\/v2\/posts\/67057\/revisions\/67059"}],"wp:featuredmedia":[{"embeddable":true,"href":"https:\/\/www.revistarambla.com\/en\/wp-json\/wp\/v2\/media\/67058"}],"wp:attachment":[{"href":"https:\/\/www.revistarambla.com\/en\/wp-json\/wp\/v2\/media?parent=67057"}],"wp:term":[{"taxonomy":"category","embeddable":true,"href":"https:\/\/www.revistarambla.com\/en\/wp-json\/wp\/v2\/categories?post=67057"},{"taxonomy":"post_tag","embeddable":true,"href":"https:\/\/www.revistarambla.com\/en\/wp-json\/wp\/v2\/tags?post=67057"}],"curies":[{"name":"wp","href":"https:\/\/api.w.org\/{rel}","templated":true}]}}