{"id":67055,"date":"2025-10-29T19:38:46","date_gmt":"2025-10-29T18:38:46","guid":{"rendered":"https:\/\/www.revistarambla.com\/?p=67055"},"modified":"2025-10-29T19:38:46","modified_gmt":"2025-10-29T18:38:46","slug":"desprecio-del-gobierno-a-los-pensionistas-con-largas-carreras-de-cotizacion","status":"publish","type":"post","link":"https:\/\/www.revistarambla.com\/en\/desprecio-del-gobierno-a-los-pensionistas-con-largas-carreras-de-cotizacion\/","title":{"rendered":"Desprecio del Gobierno a los pensionistas con largas carreras de cotizaci\u00f3n"},"content":{"rendered":"<p>En la Sesi\u00f3n Plenaria del Congreso de 29 de octubre, Martina Velarde, por parte del Grupo mixto, ha efectuado una excelente exposici\u00f3n sobre la injusticia y discriminaci\u00f3n que sufre el colectivo de personas jubiladas antes de la edad ordinaria y que cuentan con m\u00e1s de 40 a\u00f1os cotizados. Ha exigido la eliminaci\u00f3n de los coeficientes reductores que penalizan su pensi\u00f3n de forma vitalicia, como una cadena perpetua (tal como pide ASJUBI40). En el transcurso de su intervenci\u00f3n ha realizado una serie de preguntas muy claras y concretas a la Ministra de Seguridad Social, Elma Saiz.<\/p>\n<p>Pues bien, la ministra, en su turno de respuestas, ha optado por convertir la sesi\u00f3n en un esperpento. No ha respondido a ninguna de las preguntas de la diputada Velarde. Este hecho supone una burla y falta de respeto no solo al Congreso sino tambi\u00e9n al colectivo afectado. Ha sido bochornoso y humillante.<\/p>\n<p>Elma Saiz, con su muy limitada capacidad oratoria, ha mostrado tambi\u00e9n su cobard\u00eda al no atreverse a responder a las muy concisas preguntas de Velarde. De todas formas, los silencios son mucho m\u00e1s elocuentes que unas torpes palabras.<\/p>\n<p>Con este comportamiento, el Gobierno, ha mostrado, una vez m\u00e1s, su posici\u00f3n negativa ante esta injusticia social. Por si alguien no lo recuerda, los precedentes son:<\/p>\n<ol>\n<li>En la Reforma de las Pensiones del a\u00f1o 2021, Yolanda D\u00edaz, anul\u00f3, a traici\u00f3n, a \u00faltima hora la enmienda que Sumar hab\u00eda presentado con la reivindicaci\u00f3n de ASJUBI40.<\/li>\n<li>El grupo socialista NO se present\u00f3, a traici\u00f3n, a la votaci\u00f3n en la Comisi\u00f3n de Peticiones del Parlamento Europeo. El resto de grupos votaron, por unanimidad, a favor de la Queja de ASJUBI40.<\/li>\n<li>En la reciente reuni\u00f3n de ASJUBI40 con el Secretario de Estado de SS, \u00e9ste dijo que nuestra reivindicaci\u00f3n tiene coste econ\u00f3mico elevado. Es decir, para \u00e9l la justicia tiene precio. \u00bfa esto se le llama progresismo?<\/li>\n<li>El Gobierno tiene bloqueado, desde hace m\u00e1s de un a\u00f1o, un Proyecto de Ley presentado por Podemos coincidente con la reivindicaci\u00f3n de ASJUBI40.<\/li>\n<\/ol>\n<p>\u00bfAlguna duda sobre la voluntad del Gobierno para solucionar esta injusticia? Yo no tengo ninguna.<\/p>\n<p>Martina Velarde ha finalizado su intervenci\u00f3n exigiendo a que el Gobierno desbloquee de una vez ese Proyecto de Ley y ha conminado al resto de grupos parlamentarios a que voten en favor de la enmienda presentada por Podemos a la Proposici\u00f3n de Ley sobre mutualidades (todo ello en la l\u00ednea de la reivindicaci\u00f3n de ASJUBI40). Ha venido a decir que no actuar y ponerse de perfil es ser c\u00f3mplice de una injusticia e indignidad. Coincido plenamente con ella. La inacci\u00f3n es imperdonable.<\/p>\n<p>Este colectivo de pensionistas est\u00e1 habituado a enfrentarse a la hipocres\u00eda y falsedad de muchos grupos parlamentarios, sindicatos \u201cmayoritarios\u201d y al silencio atronador con el que nos castigan algunos medios de comunicaci\u00f3n. A pesar de esta situaci\u00f3n, NO vamos a cejar en nuestro empe\u00f1o. En Espa\u00f1a y en Europa.<\/p>\n<p>Su desprecio nos hace m\u00e1s fuertes. Sabemos que tenemos raz\u00f3n.<\/p>\n<p>Es un tema de JUSTICIA y DIGNIDAD<\/p>","protected":false},"excerpt":{"rendered":"<p>En la Sesi\u00f3n Plenaria del Congreso de 29 de octubre, Martina Velarde, por parte del Grupo mixto, ha efectuado una excelente exposici\u00f3n sobre la injusticia y discriminaci\u00f3n que sufre el colectivo de personas jubiladas antes de la edad ordinaria y que cuentan con m\u00e1s de 40 a\u00f1os cotizados. Ha exigido [&hellip;]<\/p>\n","protected":false},"author":15,"featured_media":36416,"comment_status":"closed","ping_status":"closed","sticky":false,"template":"","format":"standard","meta":{"footnotes":""},"categories":[4079],"tags":[],"class_list":["post-67055","post","type-post","status-publish","format-standard","has-post-thumbnail","hentry","category-tribuna-libre"],"yoast_head":"<!-- This site is optimized with the Yoast SEO plugin v27.5 - https:\/\/yoast.com\/product\/yoast-seo-wordpress\/ -->\n<title>Desprecio del Gobierno a los pensionistas con largas carreras de cotizaci\u00f3n - Revista Rambla<\/title>\n<meta name=\"robots\" content=\"index, follow, max-snippet:-1, max-image-preview:large, max-video-preview:-1\" \/>\n<link rel=\"canonical\" href=\"https:\/\/www.revistarambla.com\/en\/desprecio-del-gobierno-a-los-pensionistas-con-largas-carreras-de-cotizacion\/\" \/>\n<meta property=\"og:locale\" content=\"en_GB\" \/>\n<meta property=\"og:type\" content=\"article\" \/>\n<meta property=\"og:title\" content=\"Desprecio del Gobierno a los pensionistas con largas carreras de cotizaci\u00f3n - Revista Rambla\" \/>\n<meta property=\"og:description\" content=\"En la Sesi\u00f3n Plenaria del Congreso de 29 de octubre, Martina Velarde, por parte del Grupo mixto, ha efectuado una excelente exposici\u00f3n sobre la injusticia y discriminaci\u00f3n que sufre el colectivo de personas jubiladas antes de la edad ordinaria y que cuentan con m\u00e1s de 40 a\u00f1os cotizados. Ha exigido [&hellip;]\" \/>\n<meta property=\"og:url\" content=\"https:\/\/www.revistarambla.com\/en\/desprecio-del-gobierno-a-los-pensionistas-con-largas-carreras-de-cotizacion\/\" \/>\n<meta property=\"og:site_name\" content=\"Revista Rambla\" \/>\n<meta property=\"article:publisher\" content=\"https:\/\/www.facebook.com\/revistarambla\/\" \/>\n<meta property=\"article:published_time\" content=\"2025-10-29T18:38:46+00:00\" \/>\n<meta property=\"og:image\" content=\"https:\/\/www.revistarambla.com\/wp-content\/uploads\/2021\/11\/Pensionista.jpg\" \/>\n\t<meta property=\"og:image:width\" content=\"1200\" \/>\n\t<meta property=\"og:image:height\" content=\"740\" \/>\n\t<meta property=\"og:image:type\" content=\"image\/jpeg\" \/>\n<meta name=\"author\" content=\"Luis Ortiga Gim\u00e9nez\" \/>\n<meta name=\"twitter:card\" content=\"summary_large_image\" \/>\n<meta name=\"twitter:creator\" content=\"@revistarambla\" \/>\n<meta name=\"twitter:site\" content=\"@revistarambla\" \/>\n<meta name=\"twitter:label1\" content=\"Written by\" \/>\n\t<meta name=\"twitter:data1\" content=\"Luis Ortiga Gim\u00e9nez\" \/>\n\t<meta name=\"twitter:label2\" content=\"Estimated reading time\" \/>\n\t<meta name=\"twitter:data2\" content=\"3 minutes\" \/>\n<script type=\"application\/ld+json\" class=\"yoast-schema-graph\">{\"@context\":\"https:\\\/\\\/schema.org\",\"@graph\":[{\"@type\":\"Article\",\"@id\":\"https:\\\/\\\/www.revistarambla.com\\\/desprecio-del-gobierno-a-los-pensionistas-con-largas-carreras-de-cotizacion\\\/#article\",\"isPartOf\":{\"@id\":\"https:\\\/\\\/www.revistarambla.com\\\/desprecio-del-gobierno-a-los-pensionistas-con-largas-carreras-de-cotizacion\\\/\"},\"author\":{\"name\":\"Luis Ortiga Gim\u00e9nez\",\"@id\":\"https:\\\/\\\/www.revistarambla.com\\\/#\\\/schema\\\/person\\\/2b19179a8ace334b829ad72cc6e6ce97\"},\"headline\":\"Desprecio del Gobierno a los pensionistas con largas carreras de cotizaci\u00f3n\",\"datePublished\":\"2025-10-29T18:38:46+00:00\",\"mainEntityOfPage\":{\"@id\":\"https:\\\/\\\/www.revistarambla.com\\\/desprecio-del-gobierno-a-los-pensionistas-con-largas-carreras-de-cotizacion\\\/\"},\"wordCount\":546,\"publisher\":{\"@id\":\"https:\\\/\\\/www.revistarambla.com\\\/#organization\"},\"image\":{\"@id\":\"https:\\\/\\\/www.revistarambla.com\\\/desprecio-del-gobierno-a-los-pensionistas-con-largas-carreras-de-cotizacion\\\/#primaryimage\"},\"thumbnailUrl\":\"https:\\\/\\\/www.revistarambla.com\\\/wp-content\\\/uploads\\\/2021\\\/11\\\/Pensionista.jpg\",\"articleSection\":[\"Tribuna Libre\"],\"inLanguage\":\"en-GB\"},{\"@type\":\"WebPage\",\"@id\":\"https:\\\/\\\/www.revistarambla.com\\\/desprecio-del-gobierno-a-los-pensionistas-con-largas-carreras-de-cotizacion\\\/\",\"url\":\"https:\\\/\\\/www.revistarambla.com\\\/desprecio-del-gobierno-a-los-pensionistas-con-largas-carreras-de-cotizacion\\\/\",\"name\":\"Desprecio del Gobierno a los pensionistas con largas carreras de cotizaci\u00f3n - Revista Rambla\",\"isPartOf\":{\"@id\":\"https:\\\/\\\/www.revistarambla.com\\\/#website\"},\"primaryImageOfPage\":{\"@id\":\"https:\\\/\\\/www.revistarambla.com\\\/desprecio-del-gobierno-a-los-pensionistas-con-largas-carreras-de-cotizacion\\\/#primaryimage\"},\"image\":{\"@id\":\"https:\\\/\\\/www.revistarambla.com\\\/desprecio-del-gobierno-a-los-pensionistas-con-largas-carreras-de-cotizacion\\\/#primaryimage\"},\"thumbnailUrl\":\"https:\\\/\\\/www.revistarambla.com\\\/wp-content\\\/uploads\\\/2021\\\/11\\\/Pensionista.jpg\",\"datePublished\":\"2025-10-29T18:38:46+00:00\",\"breadcrumb\":{\"@id\":\"https:\\\/\\\/www.revistarambla.com\\\/desprecio-del-gobierno-a-los-pensionistas-con-largas-carreras-de-cotizacion\\\/#breadcrumb\"},\"inLanguage\":\"en-GB\",\"potentialAction\":[{\"@type\":\"ReadAction\",\"target\":[\"https:\\\/\\\/www.revistarambla.com\\\/desprecio-del-gobierno-a-los-pensionistas-con-largas-carreras-de-cotizacion\\\/\"]}]},{\"@type\":\"ImageObject\",\"inLanguage\":\"en-GB\",\"@id\":\"https:\\\/\\\/www.revistarambla.com\\\/desprecio-del-gobierno-a-los-pensionistas-con-largas-carreras-de-cotizacion\\\/#primaryimage\",\"url\":\"https:\\\/\\\/www.revistarambla.com\\\/wp-content\\\/uploads\\\/2021\\\/11\\\/Pensionista.jpg\",\"contentUrl\":\"https:\\\/\\\/www.revistarambla.com\\\/wp-content\\\/uploads\\\/2021\\\/11\\\/Pensionista.jpg\",\"width\":1200,\"height\":740,\"caption\":\"ASJUBI40\"},{\"@type\":\"BreadcrumbList\",\"@id\":\"https:\\\/\\\/www.revistarambla.com\\\/desprecio-del-gobierno-a-los-pensionistas-con-largas-carreras-de-cotizacion\\\/#breadcrumb\",\"itemListElement\":[{\"@type\":\"ListItem\",\"position\":1,\"name\":\"Portada\",\"item\":\"https:\\\/\\\/www.revistarambla.com\\\/\"},{\"@type\":\"ListItem\",\"position\":2,\"name\":\"Desprecio del Gobierno a los pensionistas con largas carreras de cotizaci\u00f3n\"}]},{\"@type\":\"WebSite\",\"@id\":\"https:\\\/\\\/www.revistarambla.com\\\/#website\",\"url\":\"https:\\\/\\\/www.revistarambla.com\\\/\",\"name\":\"Revista Rambla Barcelona\",\"description\":\"Periodismo independiente\",\"publisher\":{\"@id\":\"https:\\\/\\\/www.revistarambla.com\\\/#organization\"},\"potentialAction\":[{\"@type\":\"SearchAction\",\"target\":{\"@type\":\"EntryPoint\",\"urlTemplate\":\"https:\\\/\\\/www.revistarambla.com\\\/?s={search_term_string}\"},\"query-input\":{\"@type\":\"PropertyValueSpecification\",\"valueRequired\":true,\"valueName\":\"search_term_string\"}}],\"inLanguage\":\"en-GB\"},{\"@type\":\"Organization\",\"@id\":\"https:\\\/\\\/www.revistarambla.com\\\/#organization\",\"name\":\"Revista Rambla\",\"url\":\"https:\\\/\\\/www.revistarambla.com\\\/\",\"logo\":{\"@type\":\"ImageObject\",\"inLanguage\":\"en-GB\",\"@id\":\"https:\\\/\\\/www.revistarambla.com\\\/#\\\/schema\\\/logo\\\/image\\\/\",\"url\":\"https:\\\/\\\/www.revistarambla.com\\\/wp-content\\\/uploads\\\/2020\\\/09\\\/banner_rambla_1900x600_BB.png\",\"contentUrl\":\"https:\\\/\\\/www.revistarambla.com\\\/wp-content\\\/uploads\\\/2020\\\/09\\\/banner_rambla_1900x600_BB.png\",\"width\":1900,\"height\":600,\"caption\":\"Revista Rambla\"},\"image\":{\"@id\":\"https:\\\/\\\/www.revistarambla.com\\\/#\\\/schema\\\/logo\\\/image\\\/\"},\"sameAs\":[\"https:\\\/\\\/www.facebook.com\\\/revistarambla\\\/\",\"https:\\\/\\\/x.com\\\/revistarambla\",\"https:\\\/\\\/www.instagram.com\\\/revista_rambla\",\"https:\\\/\\\/es.linkedin.com\\\/company\\\/revista-rambla\"]},{\"@type\":\"Person\",\"@id\":\"https:\\\/\\\/www.revistarambla.com\\\/#\\\/schema\\\/person\\\/2b19179a8ace334b829ad72cc6e6ce97\",\"name\":\"Luis Ortiga Gim\u00e9nez\"}]}<\/script>\n<!-- \/ Yoast SEO plugin. -->","yoast_head_json":{"title":"Desprecio del Gobierno a los pensionistas con largas carreras de cotizaci\u00f3n - Revista Rambla","robots":{"index":"index","follow":"follow","max-snippet":"max-snippet:-1","max-image-preview":"max-image-preview:large","max-video-preview":"max-video-preview:-1"},"canonical":"https:\/\/www.revistarambla.com\/en\/desprecio-del-gobierno-a-los-pensionistas-con-largas-carreras-de-cotizacion\/","og_locale":"en_GB","og_type":"article","og_title":"Desprecio del Gobierno a los pensionistas con largas carreras de cotizaci\u00f3n - Revista Rambla","og_description":"En la Sesi\u00f3n Plenaria del Congreso de 29 de octubre, Martina Velarde, por parte del Grupo mixto, ha efectuado una excelente exposici\u00f3n sobre la injusticia y discriminaci\u00f3n que sufre el colectivo de personas jubiladas antes de la edad ordinaria y que cuentan con m\u00e1s de 40 a\u00f1os cotizados. Ha exigido [&hellip;]","og_url":"https:\/\/www.revistarambla.com\/en\/desprecio-del-gobierno-a-los-pensionistas-con-largas-carreras-de-cotizacion\/","og_site_name":"Revista Rambla","article_publisher":"https:\/\/www.facebook.com\/revistarambla\/","article_published_time":"2025-10-29T18:38:46+00:00","og_image":[{"width":1200,"height":740,"url":"https:\/\/www.revistarambla.com\/wp-content\/uploads\/2021\/11\/Pensionista.jpg","type":"image\/jpeg"}],"author":"Luis Ortiga Gim\u00e9nez","twitter_card":"summary_large_image","twitter_creator":"@revistarambla","twitter_site":"@revistarambla","twitter_misc":{"Written by":"Luis Ortiga Gim\u00e9nez","Estimated reading time":"3 minutes"},"schema":{"@context":"https:\/\/schema.org","@graph":[{"@type":"Article","@id":"https:\/\/www.revistarambla.com\/desprecio-del-gobierno-a-los-pensionistas-con-largas-carreras-de-cotizacion\/#article","isPartOf":{"@id":"https:\/\/www.revistarambla.com\/desprecio-del-gobierno-a-los-pensionistas-con-largas-carreras-de-cotizacion\/"},"author":{"name":"Luis Ortiga Gim\u00e9nez","@id":"https:\/\/www.revistarambla.com\/#\/schema\/person\/2b19179a8ace334b829ad72cc6e6ce97"},"headline":"Desprecio del Gobierno a los pensionistas con largas carreras de cotizaci\u00f3n","datePublished":"2025-10-29T18:38:46+00:00","mainEntityOfPage":{"@id":"https:\/\/www.revistarambla.com\/desprecio-del-gobierno-a-los-pensionistas-con-largas-carreras-de-cotizacion\/"},"wordCount":546,"publisher":{"@id":"https:\/\/www.revistarambla.com\/#organization"},"image":{"@id":"https:\/\/www.revistarambla.com\/desprecio-del-gobierno-a-los-pensionistas-con-largas-carreras-de-cotizacion\/#primaryimage"},"thumbnailUrl":"https:\/\/www.revistarambla.com\/wp-content\/uploads\/2021\/11\/Pensionista.jpg","articleSection":["Tribuna Libre"],"inLanguage":"en-GB"},{"@type":"WebPage","@id":"https:\/\/www.revistarambla.com\/desprecio-del-gobierno-a-los-pensionistas-con-largas-carreras-de-cotizacion\/","url":"https:\/\/www.revistarambla.com\/desprecio-del-gobierno-a-los-pensionistas-con-largas-carreras-de-cotizacion\/","name":"Desprecio del Gobierno a los pensionistas con largas carreras de cotizaci\u00f3n - Revista Rambla","isPartOf":{"@id":"https:\/\/www.revistarambla.com\/#website"},"primaryImageOfPage":{"@id":"https:\/\/www.revistarambla.com\/desprecio-del-gobierno-a-los-pensionistas-con-largas-carreras-de-cotizacion\/#primaryimage"},"image":{"@id":"https:\/\/www.revistarambla.com\/desprecio-del-gobierno-a-los-pensionistas-con-largas-carreras-de-cotizacion\/#primaryimage"},"thumbnailUrl":"https:\/\/www.revistarambla.com\/wp-content\/uploads\/2021\/11\/Pensionista.jpg","datePublished":"2025-10-29T18:38:46+00:00","breadcrumb":{"@id":"https:\/\/www.revistarambla.com\/desprecio-del-gobierno-a-los-pensionistas-con-largas-carreras-de-cotizacion\/#breadcrumb"},"inLanguage":"en-GB","potentialAction":[{"@type":"ReadAction","target":["https:\/\/www.revistarambla.com\/desprecio-del-gobierno-a-los-pensionistas-con-largas-carreras-de-cotizacion\/"]}]},{"@type":"ImageObject","inLanguage":"en-GB","@id":"https:\/\/www.revistarambla.com\/desprecio-del-gobierno-a-los-pensionistas-con-largas-carreras-de-cotizacion\/#primaryimage","url":"https:\/\/www.revistarambla.com\/wp-content\/uploads\/2021\/11\/Pensionista.jpg","contentUrl":"https:\/\/www.revistarambla.com\/wp-content\/uploads\/2021\/11\/Pensionista.jpg","width":1200,"height":740,"caption":"ASJUBI40"},{"@type":"BreadcrumbList","@id":"https:\/\/www.revistarambla.com\/desprecio-del-gobierno-a-los-pensionistas-con-largas-carreras-de-cotizacion\/#breadcrumb","itemListElement":[{"@type":"ListItem","position":1,"name":"Portada","item":"https:\/\/www.revistarambla.com\/"},{"@type":"ListItem","position":2,"name":"Desprecio del Gobierno a los pensionistas con largas carreras de cotizaci\u00f3n"}]},{"@type":"WebSite","@id":"https:\/\/www.revistarambla.com\/#website","url":"https:\/\/www.revistarambla.com\/","name":"Revista Rambla Barcelona","description":"Periodismo independiente","publisher":{"@id":"https:\/\/www.revistarambla.com\/#organization"},"potentialAction":[{"@type":"SearchAction","target":{"@type":"EntryPoint","urlTemplate":"https:\/\/www.revistarambla.com\/?s={search_term_string}"},"query-input":{"@type":"PropertyValueSpecification","valueRequired":true,"valueName":"search_term_string"}}],"inLanguage":"en-GB"},{"@type":"Organization","@id":"https:\/\/www.revistarambla.com\/#organization","name":"Revista Rambla","url":"https:\/\/www.revistarambla.com\/","logo":{"@type":"ImageObject","inLanguage":"en-GB","@id":"https:\/\/www.revistarambla.com\/#\/schema\/logo\/image\/","url":"https:\/\/www.revistarambla.com\/wp-content\/uploads\/2020\/09\/banner_rambla_1900x600_BB.png","contentUrl":"https:\/\/www.revistarambla.com\/wp-content\/uploads\/2020\/09\/banner_rambla_1900x600_BB.png","width":1900,"height":600,"caption":"Revista Rambla"},"image":{"@id":"https:\/\/www.revistarambla.com\/#\/schema\/logo\/image\/"},"sameAs":["https:\/\/www.facebook.com\/revistarambla\/","https:\/\/x.com\/revistarambla","https:\/\/www.instagram.com\/revista_rambla","https:\/\/es.linkedin.com\/company\/revista-rambla"]},{"@type":"Person","@id":"https:\/\/www.revistarambla.com\/#\/schema\/person\/2b19179a8ace334b829ad72cc6e6ce97","name":"Luis Ortiga Gim\u00e9nez"}]}},"_links":{"self":[{"href":"https:\/\/www.revistarambla.com\/en\/wp-json\/wp\/v2\/posts\/67055","targetHints":{"allow":["GET"]}}],"collection":[{"href":"https:\/\/www.revistarambla.com\/en\/wp-json\/wp\/v2\/posts"}],"about":[{"href":"https:\/\/www.revistarambla.com\/en\/wp-json\/wp\/v2\/types\/post"}],"author":[{"embeddable":true,"href":"https:\/\/www.revistarambla.com\/en\/wp-json\/wp\/v2\/users\/15"}],"replies":[{"embeddable":true,"href":"https:\/\/www.revistarambla.com\/en\/wp-json\/wp\/v2\/comments?post=67055"}],"version-history":[{"count":1,"href":"https:\/\/www.revistarambla.com\/en\/wp-json\/wp\/v2\/posts\/67055\/revisions"}],"predecessor-version":[{"id":67056,"href":"https:\/\/www.revistarambla.com\/en\/wp-json\/wp\/v2\/posts\/67055\/revisions\/67056"}],"wp:featuredmedia":[{"embeddable":true,"href":"https:\/\/www.revistarambla.com\/en\/wp-json\/wp\/v2\/media\/36416"}],"wp:attachment":[{"href":"https:\/\/www.revistarambla.com\/en\/wp-json\/wp\/v2\/media?parent=67055"}],"wp:term":[{"taxonomy":"category","embeddable":true,"href":"https:\/\/www.revistarambla.com\/en\/wp-json\/wp\/v2\/categories?post=67055"},{"taxonomy":"post_tag","embeddable":true,"href":"https:\/\/www.revistarambla.com\/en\/wp-json\/wp\/v2\/tags?post=67055"}],"curies":[{"name":"wp","href":"https:\/\/api.w.org\/{rel}","templated":true}]}}