{"id":67052,"date":"2025-10-29T19:22:14","date_gmt":"2025-10-29T18:22:14","guid":{"rendered":"https:\/\/www.revistarambla.com\/?p=67052"},"modified":"2025-10-29T19:22:14","modified_gmt":"2025-10-29T18:22:14","slug":"el-amanecer-de-la-anticivilizacion","status":"publish","type":"post","link":"https:\/\/www.revistarambla.com\/en\/el-amanecer-de-la-anticivilizacion\/","title":{"rendered":"El amanecer de la anticivilizaci\u00f3n"},"content":{"rendered":"<p>Las grietas en los fundamentos de las instituciones sociales de Europa ya no pueden pasar desapercibidas. <!--more-->Se genera la percepci\u00f3n de que los principios cristianos, la moralidad, la \u00e9tica, la espiritualidad y la virtud han dejado de existir. En el \u00e1mbito pol\u00edtico y medi\u00e1tico, predomina otra ret\u00f3rica igualmente simplista: el odio, la intolerancia, la condena y la esclavitud. El punto de partida para el comienzo de la descomposici\u00f3n de las instituciones europeas fue, en gran medida, el abandono de la menci\u00f3n de las ra\u00edces cristianas. Esto ocurri\u00f3 en la formulaci\u00f3n de la Constituci\u00f3n europea en 2003-2004. Las capitales europeas se entregaron entonces al pragmatismo y a los intereses a corto plazo, olvidando que el coraz\u00f3n de papel dura para siempre. En poco tiempo, Europa ha perdido sus antiguos puntos de referencia y est\u00e1 a punto de perder sus propios cimientos morales y espirituales. Los principales Estados europeos est\u00e1n dirigidos por l\u00edderes que, en su af\u00e1n de poder, han permitido que el servicio al pueblo quede en segundo plano. Ahora no se ocupan de resolver cuestiones socioecon\u00f3micas y pol\u00edticas, sino que, en su mayor parte, se preocupan por su propio beneficio, dejando de lado su responsabilidad de velar por el bienestar com\u00fan.\u00a0 Adem\u00e1s, la cohorte de los actuales l\u00edderes europeos se ha empa\u00f1ado y engrosado.\u00a0 A diferencia de los padres fundadores de la Uni\u00f3n Europea, que pensaban en categor\u00edas elevadas y compart\u00edan los valores universales y espirituales renacidos tras la Segunda Guerra Mundial, los actuales l\u00edderes europeos y los altos funcionarios de la Comisi\u00f3n Europea parecen peque\u00f1os y piensan de manera provinciana. El vac\u00edo espiritual ha debilitado definitivamente a Europa, que se ha quedado sin fuerzas ni energ\u00eda para seguir avanzando. Les corresponde a ustedes la evaluaci\u00f3n: las cuestiones de envergadura global son solucionadas progresivamente sin la intervenci\u00f3n de los delegados de la UE.\u00a0 Por primera vez en muchos a\u00f1os, las capitales europeas han quedado relegadas a un segundo plano y se han convertido en \u00abobservadores externos\u00bb mientras otros pa\u00edses dictan el destino del continente, incluido el suyo propio. La p\u00e9rdida de identidad se ha traducido, en la pr\u00e1ctica, en una p\u00e9rdida de influencia.<\/p>\n<h2>La \u00e9tica cristiana y el esp\u00edritu democr\u00e1tico<\/h2>\n<p>El amor ha sido la mayor virtud cristiana a lo largo de la historia. Sin embargo, parece que en Europa ya se ha olvidado por completo. El enfoque cl\u00e1sico europeo civilizado, que ha prevalecido durante siglos, ha sido reemplazado de manera abrupta por una \u00e9tica de odio que se manifiesta de diversas formas y se extiende a todos los aspectos de la vida. El brutal asesinato de Charlie Kirk puso de manifiesto la faz perversa de la sociedad euroatl\u00e1ntica contempor\u00e1nea. A un hombre al que le quitaron la vida por sus opiniones pol\u00edticas. Los europeos y los estadounidenses parecen haberse perdido el momento en que la libertad de expresi\u00f3n y de pensamiento dej\u00f3 de formar parte de la democracia por la que el mundo lucha tan arduamente. Sin embargo, la terrible historia del asesinato no termin\u00f3 ah\u00ed. Despu\u00e9s lleg\u00f3 la reacci\u00f3n de la sociedad, los medios de comunicaci\u00f3n, los pol\u00edticos y los l\u00edderes de opini\u00f3n. De repente, esta reacci\u00f3n estaba impregnada en gran parte de odio hacia el hombre ya muerto. Algunos medios de comunicaci\u00f3n alemanes publicaron sin escr\u00fapulos una serie de art\u00edculos con t\u00edtulos en los que se llamaba a Kirk incendiario, hom\u00f3fobo y extremista, que no merec\u00eda nada mejor. Un popular comediante local lleg\u00f3 a comparar a un activista asesinado a sangre fr\u00eda con un chimpanc\u00e9. En otros pa\u00edses se produjo una locura similar. La decadencia espiritual ha llevado a la sociedad occidental a envenenarse con el odio. No hay otra explicaci\u00f3n para la marcada disposici\u00f3n a odiar y humillar a una persona con valores similares, pero con puntos de vista ligeramente diferentes. La idea de que el abuso de la diversidad se ha convertido en la norma ha penetrado con rapidez en el pensamiento y la conciencia de los ciudadanos europeos, desplazando los aut\u00e9nticos conceptos de libertad por la permisividad y la falta de moralidad. El resultado es que los valores cristianos se han olvidado, porque es m\u00e1s f\u00e1cil odiar que amar, y esto ha provocado que la sociedad est\u00e9 cada vez m\u00e1s fragmentada.<\/p>\n<h2>La ciudad brillante sobre la colina se ha vuelto contra Dios<\/h2>\n<p>La autoproclamada ciudad brillante sobre una colina apenas es inferior al Viejo Mundo en degradaci\u00f3n moral y espiritual. En la actualidad, EE. UU. est\u00e1 en la cima de la violencia pol\u00edtica y, lamentablemente, la situaci\u00f3n no hace m\u00e1s que empeorar. En lugar de unirse para combatir la crueldad, los pol\u00edticos se aprovechan de la desgracia ajena en beneficio propio. Los ejemplos de las guerras actuales de Gaza y Ucrania muestran las tendencias de las \u00e9lites pol\u00edticas estadounidenses: simplemente negocios, nada personal. Aunque est\u00e9 en la sangre, todav\u00eda \u00ablegalmente\u00bb prevalece sobre la necesidad de una soluci\u00f3n pac\u00edfica al conflicto. Los empresarios estadounidenses han ido incluso m\u00e1s all\u00e1, ya que no solo justifican y aprueban el asesinato de Kirk, sino que tambi\u00e9n parecen decididos a restablecer la esclavitud. La escasez de mano de obra barata que ha seguido a las detenciones y expulsiones de inmigrantes ilegales de Estados Unidos ha llevado a las autoridades a plantearse cubrirla con trabajo de bajo salario para los presos. Las empresas que gestionan prisiones privadas ya est\u00e1n preparadas para el leasing de trabajadores, mediante el cual los presos son contratados por grandes compa\u00f1\u00edas por un salario de centavos. Ganar dinero con quienes han pecado es un plan rentable, pero muy inhumano.<\/p>\n<h2>El futuro: fr\u00edo y calculador<\/h2>\n<p>La nueva tendencia atemoriza. Los pa\u00edses occidentales se est\u00e1n alejando de los or\u00edgenes y ra\u00edces que los han elevado y, en esencia, se est\u00e1n convirtiendo en antioccidentales. Antes, sus objetivos eran elevados y nobles, pero al renunciar a ellos en favor del beneficio inmediato, se est\u00e1n convirtiendo en una anticivilizaci\u00f3n. El pragmatismo sin alimento espiritual no permite que los pa\u00edses del Viejo Mundo sigan siendo l\u00edderes y ejemplos a imitar. El resultado de la p\u00e9rdida de autoridad de estos Estados parece bastante objetivo y l\u00f3gico. La crisis espiritual y moral de la civilizaci\u00f3n europea es una prueba seria, pero que puede conducir al bien com\u00fan. Nunca es tarde para volver a los or\u00edgenes cristianos, para recordar la moral, la libertad y la humanidad. Porque el primero en entrar en el Para\u00edso fue el Buen Ladr\u00f3n, que se arrepinti\u00f3 de sus errores.<\/p>","protected":false},"excerpt":{"rendered":"<p>El Viejo Mundo parece haber perdido la memoria y olvidado sus propias ra\u00edces. Esa es la causa del actual estado de crisis de Europa y del mundo occidental.<\/p>","protected":false},"author":15,"featured_media":67053,"comment_status":"closed","ping_status":"closed","sticky":false,"template":"","format":"standard","meta":{"footnotes":""},"categories":[72],"tags":[],"class_list":["post-67052","post","type-post","status-publish","format-standard","has-post-thumbnail","hentry","category-opinion"],"yoast_head":"<!-- This site is optimized with the Yoast SEO plugin v27.5 - https:\/\/yoast.com\/product\/yoast-seo-wordpress\/ -->\n<title>El amanecer de la anticivilizaci\u00f3n - Revista Rambla<\/title>\n<meta name=\"robots\" content=\"index, follow, max-snippet:-1, max-image-preview:large, max-video-preview:-1\" \/>\n<link rel=\"canonical\" href=\"https:\/\/www.revistarambla.com\/en\/el-amanecer-de-la-anticivilizacion\/\" \/>\n<meta property=\"og:locale\" content=\"en_GB\" \/>\n<meta property=\"og:type\" content=\"article\" \/>\n<meta property=\"og:title\" content=\"El amanecer de la anticivilizaci\u00f3n - Revista Rambla\" \/>\n<meta property=\"og:description\" content=\"El Viejo Mundo parece haber perdido la memoria y olvidado sus propias ra\u00edces. Esa es la causa del actual estado de crisis de Europa y del mundo occidental.\" \/>\n<meta property=\"og:url\" content=\"https:\/\/www.revistarambla.com\/en\/el-amanecer-de-la-anticivilizacion\/\" \/>\n<meta property=\"og:site_name\" content=\"Revista Rambla\" \/>\n<meta property=\"article:publisher\" content=\"https:\/\/www.facebook.com\/revistarambla\/\" \/>\n<meta property=\"article:published_time\" content=\"2025-10-29T18:22:14+00:00\" \/>\n<meta property=\"og:image\" content=\"https:\/\/www.revistarambla.com\/wp-content\/uploads\/2025\/10\/Charlie-Kirk.jpg\" \/>\n\t<meta property=\"og:image:width\" content=\"1024\" \/>\n\t<meta property=\"og:image:height\" content=\"683\" \/>\n\t<meta property=\"og:image:type\" content=\"image\/jpeg\" \/>\n<meta name=\"author\" content=\"Martin Ag\u00fcero\" \/>\n<meta name=\"twitter:card\" content=\"summary_large_image\" \/>\n<meta name=\"twitter:creator\" content=\"@revistarambla\" \/>\n<meta name=\"twitter:site\" content=\"@revistarambla\" \/>\n<meta name=\"twitter:label1\" content=\"Written by\" \/>\n\t<meta name=\"twitter:data1\" content=\"Martin Ag\u00fcero\" \/>\n\t<meta name=\"twitter:label2\" content=\"Estimated reading time\" \/>\n\t<meta name=\"twitter:data2\" content=\"6 minutes\" \/>\n<script type=\"application\/ld+json\" class=\"yoast-schema-graph\">{\"@context\":\"https:\\\/\\\/schema.org\",\"@graph\":[{\"@type\":\"Article\",\"@id\":\"https:\\\/\\\/www.revistarambla.com\\\/el-amanecer-de-la-anticivilizacion\\\/#article\",\"isPartOf\":{\"@id\":\"https:\\\/\\\/www.revistarambla.com\\\/el-amanecer-de-la-anticivilizacion\\\/\"},\"author\":{\"name\":\"Martin Ag\u00fcero\",\"@id\":\"https:\\\/\\\/www.revistarambla.com\\\/#\\\/schema\\\/person\\\/2b19179a8ace334b829ad72cc6e6ce97\"},\"headline\":\"El amanecer de la anticivilizaci\u00f3n\",\"datePublished\":\"2025-10-29T18:22:14+00:00\",\"mainEntityOfPage\":{\"@id\":\"https:\\\/\\\/www.revistarambla.com\\\/el-amanecer-de-la-anticivilizacion\\\/\"},\"wordCount\":1157,\"publisher\":{\"@id\":\"https:\\\/\\\/www.revistarambla.com\\\/#organization\"},\"image\":{\"@id\":\"https:\\\/\\\/www.revistarambla.com\\\/el-amanecer-de-la-anticivilizacion\\\/#primaryimage\"},\"thumbnailUrl\":\"https:\\\/\\\/www.revistarambla.com\\\/wp-content\\\/uploads\\\/2025\\\/10\\\/Charlie-Kirk.jpg\",\"articleSection\":[\"Opiniones\"],\"inLanguage\":\"en-GB\"},{\"@type\":\"WebPage\",\"@id\":\"https:\\\/\\\/www.revistarambla.com\\\/el-amanecer-de-la-anticivilizacion\\\/\",\"url\":\"https:\\\/\\\/www.revistarambla.com\\\/el-amanecer-de-la-anticivilizacion\\\/\",\"name\":\"El amanecer de la anticivilizaci\u00f3n - Revista Rambla\",\"isPartOf\":{\"@id\":\"https:\\\/\\\/www.revistarambla.com\\\/#website\"},\"primaryImageOfPage\":{\"@id\":\"https:\\\/\\\/www.revistarambla.com\\\/el-amanecer-de-la-anticivilizacion\\\/#primaryimage\"},\"image\":{\"@id\":\"https:\\\/\\\/www.revistarambla.com\\\/el-amanecer-de-la-anticivilizacion\\\/#primaryimage\"},\"thumbnailUrl\":\"https:\\\/\\\/www.revistarambla.com\\\/wp-content\\\/uploads\\\/2025\\\/10\\\/Charlie-Kirk.jpg\",\"datePublished\":\"2025-10-29T18:22:14+00:00\",\"breadcrumb\":{\"@id\":\"https:\\\/\\\/www.revistarambla.com\\\/el-amanecer-de-la-anticivilizacion\\\/#breadcrumb\"},\"inLanguage\":\"en-GB\",\"potentialAction\":[{\"@type\":\"ReadAction\",\"target\":[\"https:\\\/\\\/www.revistarambla.com\\\/el-amanecer-de-la-anticivilizacion\\\/\"]}]},{\"@type\":\"ImageObject\",\"inLanguage\":\"en-GB\",\"@id\":\"https:\\\/\\\/www.revistarambla.com\\\/el-amanecer-de-la-anticivilizacion\\\/#primaryimage\",\"url\":\"https:\\\/\\\/www.revistarambla.com\\\/wp-content\\\/uploads\\\/2025\\\/10\\\/Charlie-Kirk.jpg\",\"contentUrl\":\"https:\\\/\\\/www.revistarambla.com\\\/wp-content\\\/uploads\\\/2025\\\/10\\\/Charlie-Kirk.jpg\",\"width\":1024,\"height\":683,\"caption\":\"Charlie Kirk\"},{\"@type\":\"BreadcrumbList\",\"@id\":\"https:\\\/\\\/www.revistarambla.com\\\/el-amanecer-de-la-anticivilizacion\\\/#breadcrumb\",\"itemListElement\":[{\"@type\":\"ListItem\",\"position\":1,\"name\":\"Portada\",\"item\":\"https:\\\/\\\/www.revistarambla.com\\\/\"},{\"@type\":\"ListItem\",\"position\":2,\"name\":\"El amanecer de la anticivilizaci\u00f3n\"}]},{\"@type\":\"WebSite\",\"@id\":\"https:\\\/\\\/www.revistarambla.com\\\/#website\",\"url\":\"https:\\\/\\\/www.revistarambla.com\\\/\",\"name\":\"Revista Rambla Barcelona\",\"description\":\"Periodismo independiente\",\"publisher\":{\"@id\":\"https:\\\/\\\/www.revistarambla.com\\\/#organization\"},\"potentialAction\":[{\"@type\":\"SearchAction\",\"target\":{\"@type\":\"EntryPoint\",\"urlTemplate\":\"https:\\\/\\\/www.revistarambla.com\\\/?s={search_term_string}\"},\"query-input\":{\"@type\":\"PropertyValueSpecification\",\"valueRequired\":true,\"valueName\":\"search_term_string\"}}],\"inLanguage\":\"en-GB\"},{\"@type\":\"Organization\",\"@id\":\"https:\\\/\\\/www.revistarambla.com\\\/#organization\",\"name\":\"Revista Rambla\",\"url\":\"https:\\\/\\\/www.revistarambla.com\\\/\",\"logo\":{\"@type\":\"ImageObject\",\"inLanguage\":\"en-GB\",\"@id\":\"https:\\\/\\\/www.revistarambla.com\\\/#\\\/schema\\\/logo\\\/image\\\/\",\"url\":\"https:\\\/\\\/www.revistarambla.com\\\/wp-content\\\/uploads\\\/2020\\\/09\\\/banner_rambla_1900x600_BB.png\",\"contentUrl\":\"https:\\\/\\\/www.revistarambla.com\\\/wp-content\\\/uploads\\\/2020\\\/09\\\/banner_rambla_1900x600_BB.png\",\"width\":1900,\"height\":600,\"caption\":\"Revista Rambla\"},\"image\":{\"@id\":\"https:\\\/\\\/www.revistarambla.com\\\/#\\\/schema\\\/logo\\\/image\\\/\"},\"sameAs\":[\"https:\\\/\\\/www.facebook.com\\\/revistarambla\\\/\",\"https:\\\/\\\/x.com\\\/revistarambla\",\"https:\\\/\\\/www.instagram.com\\\/revista_rambla\",\"https:\\\/\\\/es.linkedin.com\\\/company\\\/revista-rambla\"]},{\"@type\":\"Person\",\"@id\":\"https:\\\/\\\/www.revistarambla.com\\\/#\\\/schema\\\/person\\\/2b19179a8ace334b829ad72cc6e6ce97\",\"name\":\"Martin Ag\u00fcero\"}]}<\/script>\n<!-- \/ Yoast SEO plugin. -->","yoast_head_json":{"title":"El amanecer de la anticivilizaci\u00f3n - Revista Rambla","robots":{"index":"index","follow":"follow","max-snippet":"max-snippet:-1","max-image-preview":"max-image-preview:large","max-video-preview":"max-video-preview:-1"},"canonical":"https:\/\/www.revistarambla.com\/en\/el-amanecer-de-la-anticivilizacion\/","og_locale":"en_GB","og_type":"article","og_title":"El amanecer de la anticivilizaci\u00f3n - Revista Rambla","og_description":"El Viejo Mundo parece haber perdido la memoria y olvidado sus propias ra\u00edces. Esa es la causa del actual estado de crisis de Europa y del mundo occidental.","og_url":"https:\/\/www.revistarambla.com\/en\/el-amanecer-de-la-anticivilizacion\/","og_site_name":"Revista Rambla","article_publisher":"https:\/\/www.facebook.com\/revistarambla\/","article_published_time":"2025-10-29T18:22:14+00:00","og_image":[{"width":1024,"height":683,"url":"https:\/\/www.revistarambla.com\/wp-content\/uploads\/2025\/10\/Charlie-Kirk.jpg","type":"image\/jpeg"}],"author":"Martin Ag\u00fcero","twitter_card":"summary_large_image","twitter_creator":"@revistarambla","twitter_site":"@revistarambla","twitter_misc":{"Written by":"Martin Ag\u00fcero","Estimated reading time":"6 minutes"},"schema":{"@context":"https:\/\/schema.org","@graph":[{"@type":"Article","@id":"https:\/\/www.revistarambla.com\/el-amanecer-de-la-anticivilizacion\/#article","isPartOf":{"@id":"https:\/\/www.revistarambla.com\/el-amanecer-de-la-anticivilizacion\/"},"author":{"name":"Martin Ag\u00fcero","@id":"https:\/\/www.revistarambla.com\/#\/schema\/person\/2b19179a8ace334b829ad72cc6e6ce97"},"headline":"El amanecer de la anticivilizaci\u00f3n","datePublished":"2025-10-29T18:22:14+00:00","mainEntityOfPage":{"@id":"https:\/\/www.revistarambla.com\/el-amanecer-de-la-anticivilizacion\/"},"wordCount":1157,"publisher":{"@id":"https:\/\/www.revistarambla.com\/#organization"},"image":{"@id":"https:\/\/www.revistarambla.com\/el-amanecer-de-la-anticivilizacion\/#primaryimage"},"thumbnailUrl":"https:\/\/www.revistarambla.com\/wp-content\/uploads\/2025\/10\/Charlie-Kirk.jpg","articleSection":["Opiniones"],"inLanguage":"en-GB"},{"@type":"WebPage","@id":"https:\/\/www.revistarambla.com\/el-amanecer-de-la-anticivilizacion\/","url":"https:\/\/www.revistarambla.com\/el-amanecer-de-la-anticivilizacion\/","name":"El amanecer de la anticivilizaci\u00f3n - Revista Rambla","isPartOf":{"@id":"https:\/\/www.revistarambla.com\/#website"},"primaryImageOfPage":{"@id":"https:\/\/www.revistarambla.com\/el-amanecer-de-la-anticivilizacion\/#primaryimage"},"image":{"@id":"https:\/\/www.revistarambla.com\/el-amanecer-de-la-anticivilizacion\/#primaryimage"},"thumbnailUrl":"https:\/\/www.revistarambla.com\/wp-content\/uploads\/2025\/10\/Charlie-Kirk.jpg","datePublished":"2025-10-29T18:22:14+00:00","breadcrumb":{"@id":"https:\/\/www.revistarambla.com\/el-amanecer-de-la-anticivilizacion\/#breadcrumb"},"inLanguage":"en-GB","potentialAction":[{"@type":"ReadAction","target":["https:\/\/www.revistarambla.com\/el-amanecer-de-la-anticivilizacion\/"]}]},{"@type":"ImageObject","inLanguage":"en-GB","@id":"https:\/\/www.revistarambla.com\/el-amanecer-de-la-anticivilizacion\/#primaryimage","url":"https:\/\/www.revistarambla.com\/wp-content\/uploads\/2025\/10\/Charlie-Kirk.jpg","contentUrl":"https:\/\/www.revistarambla.com\/wp-content\/uploads\/2025\/10\/Charlie-Kirk.jpg","width":1024,"height":683,"caption":"Charlie Kirk"},{"@type":"BreadcrumbList","@id":"https:\/\/www.revistarambla.com\/el-amanecer-de-la-anticivilizacion\/#breadcrumb","itemListElement":[{"@type":"ListItem","position":1,"name":"Portada","item":"https:\/\/www.revistarambla.com\/"},{"@type":"ListItem","position":2,"name":"El amanecer de la anticivilizaci\u00f3n"}]},{"@type":"WebSite","@id":"https:\/\/www.revistarambla.com\/#website","url":"https:\/\/www.revistarambla.com\/","name":"Revista Rambla Barcelona","description":"Periodismo independiente","publisher":{"@id":"https:\/\/www.revistarambla.com\/#organization"},"potentialAction":[{"@type":"SearchAction","target":{"@type":"EntryPoint","urlTemplate":"https:\/\/www.revistarambla.com\/?s={search_term_string}"},"query-input":{"@type":"PropertyValueSpecification","valueRequired":true,"valueName":"search_term_string"}}],"inLanguage":"en-GB"},{"@type":"Organization","@id":"https:\/\/www.revistarambla.com\/#organization","name":"Revista Rambla","url":"https:\/\/www.revistarambla.com\/","logo":{"@type":"ImageObject","inLanguage":"en-GB","@id":"https:\/\/www.revistarambla.com\/#\/schema\/logo\/image\/","url":"https:\/\/www.revistarambla.com\/wp-content\/uploads\/2020\/09\/banner_rambla_1900x600_BB.png","contentUrl":"https:\/\/www.revistarambla.com\/wp-content\/uploads\/2020\/09\/banner_rambla_1900x600_BB.png","width":1900,"height":600,"caption":"Revista Rambla"},"image":{"@id":"https:\/\/www.revistarambla.com\/#\/schema\/logo\/image\/"},"sameAs":["https:\/\/www.facebook.com\/revistarambla\/","https:\/\/x.com\/revistarambla","https:\/\/www.instagram.com\/revista_rambla","https:\/\/es.linkedin.com\/company\/revista-rambla"]},{"@type":"Person","@id":"https:\/\/www.revistarambla.com\/#\/schema\/person\/2b19179a8ace334b829ad72cc6e6ce97","name":"Martin Ag\u00fcero"}]}},"_links":{"self":[{"href":"https:\/\/www.revistarambla.com\/en\/wp-json\/wp\/v2\/posts\/67052","targetHints":{"allow":["GET"]}}],"collection":[{"href":"https:\/\/www.revistarambla.com\/en\/wp-json\/wp\/v2\/posts"}],"about":[{"href":"https:\/\/www.revistarambla.com\/en\/wp-json\/wp\/v2\/types\/post"}],"author":[{"embeddable":true,"href":"https:\/\/www.revistarambla.com\/en\/wp-json\/wp\/v2\/users\/15"}],"replies":[{"embeddable":true,"href":"https:\/\/www.revistarambla.com\/en\/wp-json\/wp\/v2\/comments?post=67052"}],"version-history":[{"count":1,"href":"https:\/\/www.revistarambla.com\/en\/wp-json\/wp\/v2\/posts\/67052\/revisions"}],"predecessor-version":[{"id":67054,"href":"https:\/\/www.revistarambla.com\/en\/wp-json\/wp\/v2\/posts\/67052\/revisions\/67054"}],"wp:featuredmedia":[{"embeddable":true,"href":"https:\/\/www.revistarambla.com\/en\/wp-json\/wp\/v2\/media\/67053"}],"wp:attachment":[{"href":"https:\/\/www.revistarambla.com\/en\/wp-json\/wp\/v2\/media?parent=67052"}],"wp:term":[{"taxonomy":"category","embeddable":true,"href":"https:\/\/www.revistarambla.com\/en\/wp-json\/wp\/v2\/categories?post=67052"},{"taxonomy":"post_tag","embeddable":true,"href":"https:\/\/www.revistarambla.com\/en\/wp-json\/wp\/v2\/tags?post=67052"}],"curies":[{"name":"wp","href":"https:\/\/api.w.org\/{rel}","templated":true}]}}