{"id":67050,"date":"2025-10-27T19:50:03","date_gmt":"2025-10-27T18:50:03","guid":{"rendered":"https:\/\/www.revistarambla.com\/?p=67050"},"modified":"2025-10-27T19:50:03","modified_gmt":"2025-10-27T18:50:03","slug":"victoria-pirrica-de-milei-trump-en-argentina","status":"publish","type":"post","link":"https:\/\/www.revistarambla.com\/en\/victoria-pirrica-de-milei-trump-en-argentina\/","title":{"rendered":"Victoria p\u00edrrica de Milei-Trump en Argentina"},"content":{"rendered":"<p>El Gobierno de Javier Milei y su fuerza La Libertad Avanza ganaron las elecciones parlamentarias intermedias de este domingo 26 de octubre.<!--more--> Obtuvieron el 40,84% de los votos en todo el pa\u00eds. Frente al peronismo-kirchnerismo que casi llega al 35% de votos. A partir de estos resultados (se trataba de una renovaci\u00f3n s\u00f3lo parcial del parlamento) Fuerza Patria (peronismo-kirchnerismo) queda con 96 diputados (pierde solo 2 esca\u00f1os); La Libertad Avanza de Javier Milei tendr\u00e1 93 curules (+ 56); Provincias Unidas (peronismo de provincias y alg\u00fan gobernador del Partido Radical) 17 diputaciones; el PRO (Propuesta Republicana) del ex presidente Mauricio Macri pr\u00e1cticamente desaparece, ya que perdi\u00f3 21 curules quedando solo con 14 bancas. Los 25 diputados restantes representan a grupos menores y regionales-provinciales. En el Senado, Fuerza Patria contar\u00e1 con 26 esca\u00f1os; La Libertad Avanza 19; el Partido Radical 10; representantes provinciales 10; Provincias Unidas 5, y el ya casi desaparecido PRO contar\u00e1 con 5 escasas bancas.<\/p>\n<p>Sin embargo, a pesar de este resultado aparentemente positivo para el gobierno, 6 de cada 10 votantes NO APOYARON NI RATIFICARON las pol\u00edticas de Javier Milei: su proyecto de dependencia total hacia el capital internacional y de desmantelamiento del Estado Social.<\/p>\n<p>El an\u00e1lisis detallado de los votos muestra que la victoria de Javier Milei no significa un crecimiento real de su electorado. Al contrario, La Libertad Avanza obtuvo 15 puntos menos que en 2023. El aparente crecimiento significa, sobre todo, un DESPLAZAMIENTO DE VOTOS DERECHISTAS del antiguo PRO de Mauricio Macri hacia Milei. La fuerza del expresidente Mauricio Macri desapareci\u00f3 en estas elecciones para fusionarse e integrarse en La Libertad Avanza. Eso significa que el proyecto coincidente neoliberal derechista Milei-Macri llega hoy a un techo con el 40% del electorado.<\/p>\n<p>El resultado de las elecciones de este domingo 26 de octubre describe tambi\u00e9n una oposici\u00f3n todav\u00eda d\u00e9bil que no logra \u201cenamorar\u201d al electorado tras una PROPUESTA ALTERNATIVA COHERENTE DE GOBIERNO. Ni el peronismo-kirchnerismo con su casi 35% de votos, ni Provincias Unidas, la tercera fuerza a nivel nacional con algo m\u00e1s del 7% de votos, logran hoy convertirse en proyecto alternativo convocante. Provincias Unidas es una nueva creaci\u00f3n de 6 gobernadores (entre ellas de C\u00f3rdoba y Santa Fe, importantes distritos electorales), mayoritariamente peronistas, aunque con alg\u00fan ingrediente del antiguo Partido Radical, otra fuerza que en estas elecciones casi desapareci\u00f3 del espectro pol\u00edtico.<\/p>\n<p>En t\u00e9rminos reales, en esta nueva etapa, Milei NO TENDR\u00c1 MAYOR\u00cdA ni en la C\u00e1mara de Diputados ni en la C\u00e1mara de Senadores, oblig\u00e1ndolo a negociar con fuerzas provinciales para poder legislar. Lo que s\u00ed logr\u00f3 es superar el porcentaje necesario para evitar que el parlamento oponga su veto a leyes y decretos del presidente. En ese sentido, institucionalmente, Milei sale reforzado luego de estas elecciones intermedias.<\/p>\n<p>Imposible no contabilizar el costo econ\u00f3mico alt\u00edsimo que sustent\u00f3 esta victoria electoral de Milei. Como lo se\u00f1ala el analista Felipe Yapur en un comentario de la madrugada del lunes 27 de octubre en el cotidiano P\u00e1gina 12 , el triunfo Milei \u201clo garantiz\u00f3 con un incremento neto de la deuda externa en 40 mil millones de d\u00f3lares que le mandan desde la Casa Blanca. Por ahora super\u00f3 el primer escollo, el electoral\u201d. Hace referencia al monto que Trump y su secretario de Tesoro prometieron a Milei en las \u00faltimas cuatro semanas para garantizar cierta estabilidad financiera ante las se\u00f1ales evidentes de una crisis sin retorno con riesgo de estallido. Argentina sale de estas elecciones parlamentarias con un aumento sin retorno de su ya descomunal deuda externa.<\/p>\n<p>Las elecciones del 26 de octubre recuerdan que los procesos pol\u00edticos son y seguir\u00e1n siendo lentos, tienen sus propios ritmos, est\u00e1n atravesados por contradicciones y m\u00faltiples sorpresas. Los tiempos hist\u00f3ricos no tienen mucho que ver con las propias ansiedades individuales de ser actor de cambios. Nada en el camino de los pueblos es lineal. Todo es complejo y dial\u00e9ctico. Hoy, 27 de octubre, la prensa internacional nos informa de la \u201csorpresa\u201d argentina. Sin embargo, desde una perspectiva estrat\u00e9gica, de mediano y largo plazo, lo que esta ma\u00f1ana la prensa internacional presenta como la gran victoria de Milei, no es m\u00e1s ni menos que una peque\u00f1a victoria p\u00edrrica. Que puede doler, pero no paraliza.<\/p>\n<p><em>*Art\u00edculo redactado a medianoche del 26 de octubre de Argentina. Por ser reflexiones preliminares, los datos pueden tener ajustes en las pr\u00f3ximas horas y los argumentos pueden tambi\u00e9n ajustarse.<\/em><\/p>","protected":false},"excerpt":{"rendered":"<p>El Gobierno de Javier Milei y su fuerza La Libertad Avanza ganaron las elecciones parlamentarias intermedias de este domingo 26 de octubre.<\/p>","protected":false},"author":24,"featured_media":60350,"comment_status":"closed","ping_status":"closed","sticky":false,"template":"","format":"standard","meta":{"footnotes":""},"categories":[57],"tags":[],"class_list":["post-67050","post","type-post","status-publish","format-standard","has-post-thumbnail","hentry","category-global"],"yoast_head":"<!-- This site is optimized with the Yoast SEO plugin v27.5 - https:\/\/yoast.com\/product\/yoast-seo-wordpress\/ -->\n<title>Victoria p\u00edrrica de Milei-Trump en Argentina - Revista Rambla<\/title>\n<meta name=\"robots\" content=\"index, follow, max-snippet:-1, max-image-preview:large, max-video-preview:-1\" \/>\n<link rel=\"canonical\" href=\"https:\/\/www.revistarambla.com\/en\/victoria-pirrica-de-milei-trump-en-argentina\/\" \/>\n<meta property=\"og:locale\" content=\"en_GB\" \/>\n<meta property=\"og:type\" content=\"article\" \/>\n<meta property=\"og:title\" content=\"Victoria p\u00edrrica de Milei-Trump en Argentina - Revista Rambla\" \/>\n<meta property=\"og:description\" content=\"El Gobierno de Javier Milei y su fuerza La Libertad Avanza ganaron las elecciones parlamentarias intermedias de este domingo 26 de octubre.\" \/>\n<meta property=\"og:url\" content=\"https:\/\/www.revistarambla.com\/en\/victoria-pirrica-de-milei-trump-en-argentina\/\" \/>\n<meta property=\"og:site_name\" content=\"Revista Rambla\" \/>\n<meta property=\"article:publisher\" content=\"https:\/\/www.facebook.com\/revistarambla\/\" \/>\n<meta property=\"article:author\" content=\"https:\/\/www.facebook.com\/sergio.ferrari.9655\" \/>\n<meta property=\"article:published_time\" content=\"2025-10-27T18:50:03+00:00\" \/>\n<meta property=\"og:image\" content=\"https:\/\/www.revistarambla.com\/wp-content\/uploads\/2024\/05\/Abascal_Milei.jpg\" \/>\n\t<meta property=\"og:image:width\" content=\"1500\" \/>\n\t<meta property=\"og:image:height\" content=\"844\" \/>\n\t<meta property=\"og:image:type\" content=\"image\/jpeg\" \/>\n<meta name=\"author\" content=\"Sergio Ferrari\" \/>\n<meta name=\"twitter:card\" content=\"summary_large_image\" \/>\n<meta name=\"twitter:creator\" content=\"@SergiooFerrari\" \/>\n<meta name=\"twitter:site\" content=\"@revistarambla\" \/>\n<meta name=\"twitter:label1\" content=\"Written by\" \/>\n\t<meta name=\"twitter:data1\" content=\"Sergio Ferrari\" \/>\n\t<meta name=\"twitter:label2\" content=\"Estimated reading time\" \/>\n\t<meta name=\"twitter:data2\" content=\"4 minutes\" \/>\n<script type=\"application\/ld+json\" class=\"yoast-schema-graph\">{\"@context\":\"https:\\\/\\\/schema.org\",\"@graph\":[{\"@type\":\"Article\",\"@id\":\"https:\\\/\\\/www.revistarambla.com\\\/victoria-pirrica-de-milei-trump-en-argentina\\\/#article\",\"isPartOf\":{\"@id\":\"https:\\\/\\\/www.revistarambla.com\\\/victoria-pirrica-de-milei-trump-en-argentina\\\/\"},\"author\":{\"name\":\"Sergio Ferrari\",\"@id\":\"https:\\\/\\\/www.revistarambla.com\\\/#\\\/schema\\\/person\\\/339e2410a25811f9912d8a8551fa5d96\"},\"headline\":\"Victoria p\u00edrrica de Milei-Trump en Argentina\",\"datePublished\":\"2025-10-27T18:50:03+00:00\",\"mainEntityOfPage\":{\"@id\":\"https:\\\/\\\/www.revistarambla.com\\\/victoria-pirrica-de-milei-trump-en-argentina\\\/\"},\"wordCount\":739,\"publisher\":{\"@id\":\"https:\\\/\\\/www.revistarambla.com\\\/#organization\"},\"image\":{\"@id\":\"https:\\\/\\\/www.revistarambla.com\\\/victoria-pirrica-de-milei-trump-en-argentina\\\/#primaryimage\"},\"thumbnailUrl\":\"https:\\\/\\\/www.revistarambla.com\\\/wp-content\\\/uploads\\\/2024\\\/05\\\/Abascal_Milei.jpg\",\"articleSection\":[\"Global\"],\"inLanguage\":\"en-GB\"},{\"@type\":\"WebPage\",\"@id\":\"https:\\\/\\\/www.revistarambla.com\\\/victoria-pirrica-de-milei-trump-en-argentina\\\/\",\"url\":\"https:\\\/\\\/www.revistarambla.com\\\/victoria-pirrica-de-milei-trump-en-argentina\\\/\",\"name\":\"Victoria p\u00edrrica de Milei-Trump en Argentina - Revista Rambla\",\"isPartOf\":{\"@id\":\"https:\\\/\\\/www.revistarambla.com\\\/#website\"},\"primaryImageOfPage\":{\"@id\":\"https:\\\/\\\/www.revistarambla.com\\\/victoria-pirrica-de-milei-trump-en-argentina\\\/#primaryimage\"},\"image\":{\"@id\":\"https:\\\/\\\/www.revistarambla.com\\\/victoria-pirrica-de-milei-trump-en-argentina\\\/#primaryimage\"},\"thumbnailUrl\":\"https:\\\/\\\/www.revistarambla.com\\\/wp-content\\\/uploads\\\/2024\\\/05\\\/Abascal_Milei.jpg\",\"datePublished\":\"2025-10-27T18:50:03+00:00\",\"breadcrumb\":{\"@id\":\"https:\\\/\\\/www.revistarambla.com\\\/victoria-pirrica-de-milei-trump-en-argentina\\\/#breadcrumb\"},\"inLanguage\":\"en-GB\",\"potentialAction\":[{\"@type\":\"ReadAction\",\"target\":[\"https:\\\/\\\/www.revistarambla.com\\\/victoria-pirrica-de-milei-trump-en-argentina\\\/\"]}]},{\"@type\":\"ImageObject\",\"inLanguage\":\"en-GB\",\"@id\":\"https:\\\/\\\/www.revistarambla.com\\\/victoria-pirrica-de-milei-trump-en-argentina\\\/#primaryimage\",\"url\":\"https:\\\/\\\/www.revistarambla.com\\\/wp-content\\\/uploads\\\/2024\\\/05\\\/Abascal_Milei.jpg\",\"contentUrl\":\"https:\\\/\\\/www.revistarambla.com\\\/wp-content\\\/uploads\\\/2024\\\/05\\\/Abascal_Milei.jpg\",\"width\":1500,\"height\":844,\"caption\":\"milei abascal fascismo global\"},{\"@type\":\"BreadcrumbList\",\"@id\":\"https:\\\/\\\/www.revistarambla.com\\\/victoria-pirrica-de-milei-trump-en-argentina\\\/#breadcrumb\",\"itemListElement\":[{\"@type\":\"ListItem\",\"position\":1,\"name\":\"Portada\",\"item\":\"https:\\\/\\\/www.revistarambla.com\\\/\"},{\"@type\":\"ListItem\",\"position\":2,\"name\":\"Victoria p\u00edrrica de Milei-Trump en Argentina\"}]},{\"@type\":\"WebSite\",\"@id\":\"https:\\\/\\\/www.revistarambla.com\\\/#website\",\"url\":\"https:\\\/\\\/www.revistarambla.com\\\/\",\"name\":\"Revista Rambla Barcelona\",\"description\":\"Periodismo independiente\",\"publisher\":{\"@id\":\"https:\\\/\\\/www.revistarambla.com\\\/#organization\"},\"potentialAction\":[{\"@type\":\"SearchAction\",\"target\":{\"@type\":\"EntryPoint\",\"urlTemplate\":\"https:\\\/\\\/www.revistarambla.com\\\/?s={search_term_string}\"},\"query-input\":{\"@type\":\"PropertyValueSpecification\",\"valueRequired\":true,\"valueName\":\"search_term_string\"}}],\"inLanguage\":\"en-GB\"},{\"@type\":\"Organization\",\"@id\":\"https:\\\/\\\/www.revistarambla.com\\\/#organization\",\"name\":\"Revista Rambla\",\"url\":\"https:\\\/\\\/www.revistarambla.com\\\/\",\"logo\":{\"@type\":\"ImageObject\",\"inLanguage\":\"en-GB\",\"@id\":\"https:\\\/\\\/www.revistarambla.com\\\/#\\\/schema\\\/logo\\\/image\\\/\",\"url\":\"https:\\\/\\\/www.revistarambla.com\\\/wp-content\\\/uploads\\\/2020\\\/09\\\/banner_rambla_1900x600_BB.png\",\"contentUrl\":\"https:\\\/\\\/www.revistarambla.com\\\/wp-content\\\/uploads\\\/2020\\\/09\\\/banner_rambla_1900x600_BB.png\",\"width\":1900,\"height\":600,\"caption\":\"Revista Rambla\"},\"image\":{\"@id\":\"https:\\\/\\\/www.revistarambla.com\\\/#\\\/schema\\\/logo\\\/image\\\/\"},\"sameAs\":[\"https:\\\/\\\/www.facebook.com\\\/revistarambla\\\/\",\"https:\\\/\\\/x.com\\\/revistarambla\",\"https:\\\/\\\/www.instagram.com\\\/revista_rambla\",\"https:\\\/\\\/es.linkedin.com\\\/company\\\/revista-rambla\"]},{\"@type\":\"Person\",\"@id\":\"https:\\\/\\\/www.revistarambla.com\\\/#\\\/schema\\\/person\\\/339e2410a25811f9912d8a8551fa5d96\",\"name\":\"Sergio Ferrari\",\"description\":\"Periodista argentino radicado en Berna, Suiza. Acreditado ante el Gobierno suizo. Colaborador regular de numerosos medios latinoamericanos y europeos.\",\"sameAs\":[\"https:\\\/\\\/www.voltairenet.org\\\/auteur120173.html?lang=es\",\"https:\\\/\\\/www.facebook.com\\\/sergio.ferrari.9655\",\"https:\\\/\\\/x.com\\\/SergiooFerrari\"]}]}<\/script>\n<!-- \/ Yoast SEO plugin. -->","yoast_head_json":{"title":"Victoria p\u00edrrica de Milei-Trump en Argentina - Revista Rambla","robots":{"index":"index","follow":"follow","max-snippet":"max-snippet:-1","max-image-preview":"max-image-preview:large","max-video-preview":"max-video-preview:-1"},"canonical":"https:\/\/www.revistarambla.com\/en\/victoria-pirrica-de-milei-trump-en-argentina\/","og_locale":"en_GB","og_type":"article","og_title":"Victoria p\u00edrrica de Milei-Trump en Argentina - Revista Rambla","og_description":"El Gobierno de Javier Milei y su fuerza La Libertad Avanza ganaron las elecciones parlamentarias intermedias de este domingo 26 de octubre.","og_url":"https:\/\/www.revistarambla.com\/en\/victoria-pirrica-de-milei-trump-en-argentina\/","og_site_name":"Revista Rambla","article_publisher":"https:\/\/www.facebook.com\/revistarambla\/","article_author":"https:\/\/www.facebook.com\/sergio.ferrari.9655","article_published_time":"2025-10-27T18:50:03+00:00","og_image":[{"width":1500,"height":844,"url":"https:\/\/www.revistarambla.com\/wp-content\/uploads\/2024\/05\/Abascal_Milei.jpg","type":"image\/jpeg"}],"author":"Sergio Ferrari","twitter_card":"summary_large_image","twitter_creator":"@SergiooFerrari","twitter_site":"@revistarambla","twitter_misc":{"Written by":"Sergio Ferrari","Estimated reading time":"4 minutes"},"schema":{"@context":"https:\/\/schema.org","@graph":[{"@type":"Article","@id":"https:\/\/www.revistarambla.com\/victoria-pirrica-de-milei-trump-en-argentina\/#article","isPartOf":{"@id":"https:\/\/www.revistarambla.com\/victoria-pirrica-de-milei-trump-en-argentina\/"},"author":{"name":"Sergio Ferrari","@id":"https:\/\/www.revistarambla.com\/#\/schema\/person\/339e2410a25811f9912d8a8551fa5d96"},"headline":"Victoria p\u00edrrica de Milei-Trump en Argentina","datePublished":"2025-10-27T18:50:03+00:00","mainEntityOfPage":{"@id":"https:\/\/www.revistarambla.com\/victoria-pirrica-de-milei-trump-en-argentina\/"},"wordCount":739,"publisher":{"@id":"https:\/\/www.revistarambla.com\/#organization"},"image":{"@id":"https:\/\/www.revistarambla.com\/victoria-pirrica-de-milei-trump-en-argentina\/#primaryimage"},"thumbnailUrl":"https:\/\/www.revistarambla.com\/wp-content\/uploads\/2024\/05\/Abascal_Milei.jpg","articleSection":["Global"],"inLanguage":"en-GB"},{"@type":"WebPage","@id":"https:\/\/www.revistarambla.com\/victoria-pirrica-de-milei-trump-en-argentina\/","url":"https:\/\/www.revistarambla.com\/victoria-pirrica-de-milei-trump-en-argentina\/","name":"Victoria p\u00edrrica de Milei-Trump en Argentina - Revista Rambla","isPartOf":{"@id":"https:\/\/www.revistarambla.com\/#website"},"primaryImageOfPage":{"@id":"https:\/\/www.revistarambla.com\/victoria-pirrica-de-milei-trump-en-argentina\/#primaryimage"},"image":{"@id":"https:\/\/www.revistarambla.com\/victoria-pirrica-de-milei-trump-en-argentina\/#primaryimage"},"thumbnailUrl":"https:\/\/www.revistarambla.com\/wp-content\/uploads\/2024\/05\/Abascal_Milei.jpg","datePublished":"2025-10-27T18:50:03+00:00","breadcrumb":{"@id":"https:\/\/www.revistarambla.com\/victoria-pirrica-de-milei-trump-en-argentina\/#breadcrumb"},"inLanguage":"en-GB","potentialAction":[{"@type":"ReadAction","target":["https:\/\/www.revistarambla.com\/victoria-pirrica-de-milei-trump-en-argentina\/"]}]},{"@type":"ImageObject","inLanguage":"en-GB","@id":"https:\/\/www.revistarambla.com\/victoria-pirrica-de-milei-trump-en-argentina\/#primaryimage","url":"https:\/\/www.revistarambla.com\/wp-content\/uploads\/2024\/05\/Abascal_Milei.jpg","contentUrl":"https:\/\/www.revistarambla.com\/wp-content\/uploads\/2024\/05\/Abascal_Milei.jpg","width":1500,"height":844,"caption":"milei abascal fascismo global"},{"@type":"BreadcrumbList","@id":"https:\/\/www.revistarambla.com\/victoria-pirrica-de-milei-trump-en-argentina\/#breadcrumb","itemListElement":[{"@type":"ListItem","position":1,"name":"Portada","item":"https:\/\/www.revistarambla.com\/"},{"@type":"ListItem","position":2,"name":"Victoria p\u00edrrica de Milei-Trump en Argentina"}]},{"@type":"WebSite","@id":"https:\/\/www.revistarambla.com\/#website","url":"https:\/\/www.revistarambla.com\/","name":"Revista Rambla Barcelona","description":"Periodismo independiente","publisher":{"@id":"https:\/\/www.revistarambla.com\/#organization"},"potentialAction":[{"@type":"SearchAction","target":{"@type":"EntryPoint","urlTemplate":"https:\/\/www.revistarambla.com\/?s={search_term_string}"},"query-input":{"@type":"PropertyValueSpecification","valueRequired":true,"valueName":"search_term_string"}}],"inLanguage":"en-GB"},{"@type":"Organization","@id":"https:\/\/www.revistarambla.com\/#organization","name":"Revista Rambla","url":"https:\/\/www.revistarambla.com\/","logo":{"@type":"ImageObject","inLanguage":"en-GB","@id":"https:\/\/www.revistarambla.com\/#\/schema\/logo\/image\/","url":"https:\/\/www.revistarambla.com\/wp-content\/uploads\/2020\/09\/banner_rambla_1900x600_BB.png","contentUrl":"https:\/\/www.revistarambla.com\/wp-content\/uploads\/2020\/09\/banner_rambla_1900x600_BB.png","width":1900,"height":600,"caption":"Revista Rambla"},"image":{"@id":"https:\/\/www.revistarambla.com\/#\/schema\/logo\/image\/"},"sameAs":["https:\/\/www.facebook.com\/revistarambla\/","https:\/\/x.com\/revistarambla","https:\/\/www.instagram.com\/revista_rambla","https:\/\/es.linkedin.com\/company\/revista-rambla"]},{"@type":"Person","@id":"https:\/\/www.revistarambla.com\/#\/schema\/person\/339e2410a25811f9912d8a8551fa5d96","name":"Sergio Ferrari","description":"Periodista argentino radicado en Berna, Suiza. Acreditado ante el Gobierno suizo. Colaborador regular de numerosos medios latinoamericanos y europeos.","sameAs":["https:\/\/www.voltairenet.org\/auteur120173.html?lang=es","https:\/\/www.facebook.com\/sergio.ferrari.9655","https:\/\/x.com\/SergiooFerrari"]}]}},"_links":{"self":[{"href":"https:\/\/www.revistarambla.com\/en\/wp-json\/wp\/v2\/posts\/67050","targetHints":{"allow":["GET"]}}],"collection":[{"href":"https:\/\/www.revistarambla.com\/en\/wp-json\/wp\/v2\/posts"}],"about":[{"href":"https:\/\/www.revistarambla.com\/en\/wp-json\/wp\/v2\/types\/post"}],"author":[{"embeddable":true,"href":"https:\/\/www.revistarambla.com\/en\/wp-json\/wp\/v2\/users\/24"}],"replies":[{"embeddable":true,"href":"https:\/\/www.revistarambla.com\/en\/wp-json\/wp\/v2\/comments?post=67050"}],"version-history":[{"count":1,"href":"https:\/\/www.revistarambla.com\/en\/wp-json\/wp\/v2\/posts\/67050\/revisions"}],"predecessor-version":[{"id":67051,"href":"https:\/\/www.revistarambla.com\/en\/wp-json\/wp\/v2\/posts\/67050\/revisions\/67051"}],"wp:featuredmedia":[{"embeddable":true,"href":"https:\/\/www.revistarambla.com\/en\/wp-json\/wp\/v2\/media\/60350"}],"wp:attachment":[{"href":"https:\/\/www.revistarambla.com\/en\/wp-json\/wp\/v2\/media?parent=67050"}],"wp:term":[{"taxonomy":"category","embeddable":true,"href":"https:\/\/www.revistarambla.com\/en\/wp-json\/wp\/v2\/categories?post=67050"},{"taxonomy":"post_tag","embeddable":true,"href":"https:\/\/www.revistarambla.com\/en\/wp-json\/wp\/v2\/tags?post=67050"}],"curies":[{"name":"wp","href":"https:\/\/api.w.org\/{rel}","templated":true}]}}