{"id":67047,"date":"2025-10-27T19:29:20","date_gmt":"2025-10-27T18:29:20","guid":{"rendered":"https:\/\/www.revistarambla.com\/?p=67047"},"modified":"2025-10-29T19:58:39","modified_gmt":"2025-10-29T18:58:39","slug":"por-que-rompe-ahora-puigdemont","status":"publish","type":"post","link":"https:\/\/www.revistarambla.com\/en\/por-que-rompe-ahora-puigdemont\/","title":{"rendered":"\u00bfPor qu\u00e9 rompe ahora Puigdemont?"},"content":{"rendered":"<p>La ejecutiva nacional de Junts per Catalunya ha aprobado por unanimidad la ruptura de relaciones con el Partido Socialista Obrero Espa\u00f1ol (PSOE)<!--more-->, alegando reiterados incumplimientos de los acuerdos firmados en noviembre de 2023 para la investidura de Pedro S\u00e1nchez. Esta decisi\u00f3n, tomada durante una reuni\u00f3n extraordinaria de casi tres horas y media en Perpi\u00f1\u00e1n (Francia), ser\u00e1 sometida a una consulta vinculante entre la militancia del partido esta misma semana, espec\u00edficamente el mi\u00e9rcoles y jueves. Carles Puigdemont, l\u00edder exiliado de Junts, ha calificado la medida como una respuesta inevitable ante la \u00abfalta de credibilidad\u00bb del Gobierno espa\u00f1ol, advirtiendo que el PSOE \u00abpodr\u00e1 ocupar sillones, pero no podr\u00e1 gobernar\u00bb si se confirma la ruptura.<\/p>\n<p>Esta escalada en la tensi\u00f3n pol\u00edtica catalano-espa\u00f1ola no es un episodio aislado, sino el cl\u00edmax de una serie de desacuerdos que han erosionado la fr\u00e1gil alianza entre el independentismo catal\u00e1n y el Ejecutivo de coalici\u00f3n progresista. Desde la firma de los pactos de Bruselas en 2023, que incluyeron compromisos en materia de amnist\u00eda, traspaso de competencias y financiaci\u00f3n auton\u00f3mica, Junts ha acusado al PSOE de dilatar o incumplir sistem\u00e1ticamente sus obligaciones. La decisi\u00f3n de hoy, aunque pendiente de ratificaci\u00f3n por las bases, podr\u00eda precipitar una crisis parlamentaria en el Congreso de los Diputados, donde los siete esca\u00f1os de Junts son clave para la estabilidad del Gobierno minoritario de S\u00e1nchez.<\/p>\n<h2>De los pactos de 2023 a la reuni\u00f3n en Perpi\u00f1\u00e1n<\/h2>\n<p>Los acuerdos de investidura de 2023 representaron un hito en la pol\u00edtica espa\u00f1ola post-proc\u00e9s. Tras las elecciones generales de julio de ese a\u00f1o, Pedro S\u00e1nchez necesitaba el apoyo de formaciones independentistas para revalidar su mandato. Junts, bajo el liderazgo de Puigdemont desde su exilio en Waterloo (B\u00e9lgica), negoci\u00f3 un paquete de concesiones que inclu\u00eda la aprobaci\u00f3n de una ley de amnist\u00eda para los procesados por el refer\u00e9ndum ilegal de 2017, el traspaso de competencias en inmigraci\u00f3n, mejoras en la financiaci\u00f3n catalana y avances en la desjudicializaci\u00f3n del conflicto catal\u00e1n. A cambio, Junts se comprometi\u00f3 a respaldar la investidura y a no bloquear la actividad legislativa del Gobierno.<\/p>\n<p>Sin embargo, casi dos a\u00f1os despu\u00e9s, la percepci\u00f3n en las filas de Junts es que estos compromisos han sido incumplidos en gran medida. Fuentes internas del partido destacan cuatro ejes principales de desacuerdo: la aplicaci\u00f3n incompleta de la amnist\u00eda, que a\u00fan deja a Puigdemont y otros l\u00edderes en el exilio expuestos a \u00f3rdenes de detenci\u00f3n; la falta de avances en el traspaso efectivo de competencias en inmigraci\u00f3n, prometido pero no materializado; la dilaci\u00f3n en la reforma de la multirreincidencia penal, que afecta a la seguridad en Catalu\u00f1a; y el estancamiento en las negociaciones sobre un nuevo modelo de financiaci\u00f3n auton\u00f3mica, donde Catalu\u00f1a reclama un concierto econ\u00f3mico similar al vasco.<\/p>\n<p>La reuni\u00f3n de este lunes en Perpi\u00f1\u00e1n, una ciudad simb\u00f3lica para el independentismo catal\u00e1n por su proximidad a la frontera y su historia como refugio de exiliados, fue convocada por Puigdemont para debatir el futuro de la relaci\u00f3n con el PSOE. La ejecutiva, integrada por figuras clave como Jordi Turull (secretario general) y M\u00edriam Nogueras (portavoz en el Congreso), aval\u00f3 por unanimidad la propuesta de ruptura presentada por el l\u00edder. Puigdemont, en una comparecencia posterior, responsabiliz\u00f3 exclusivamente al PSOE de la situaci\u00f3n, argumentando que \u00ablos incumplimientos sistem\u00e1ticos han agotado nuestra paciencia\u00bb. La consulta a la militancia, que cuenta con alrededor de 8.000 afiliados, se presenta como un ejercicio de democracia interna, aunque analistas pol\u00edticos sugieren que podr\u00eda ser un mecanismo para legitimar una decisi\u00f3n ya tomada por la c\u00fapula.<\/p>\n<h2>M\u00e1s all\u00e1 de los incumplimientos formales<\/h2>\n<p>Aunque Junts justifica la ruptura bas\u00e1ndose en los incumplimientos contractuales, un an\u00e1lisis m\u00e1s profundo revela motivaciones estrat\u00e9gicas y electorales subyacentes. En primer lugar, el partido enfrenta presiones internas y externas derivadas de su p\u00e9rdida de influencia en Catalu\u00f1a. Tras las elecciones auton\u00f3micas de mayo de 2024, donde Junts qued\u00f3 en segundo lugar por detr\u00e1s del PSC (Partit dels Socialistes de Catalunya), y con el auge de formaciones m\u00e1s radicales como Alian\u00e7a Catalana, Puigdemont busca reafirmar su liderazgo independentista. Fuentes cercanas a la formaci\u00f3n indican que el temor a una \u00abfuga de cargos\u00bb hacia opciones m\u00e1s duras ha acelerado la decisi\u00f3n, posicionando a Junts como un actor intransigente frente al \u00abenga\u00f1o\u00bb del Estado espa\u00f1ol.<\/p>\n<p>Adem\u00e1s, el contexto pol\u00edtico nacional juega un rol crucial. El Gobierno de S\u00e1nchez ha priorizado otras alianzas, como con el PNV y ERC, lo que ha marginado a Junts en negociaciones clave, como los presupuestos generales del Estado para 2026. La reciente aprobaci\u00f3n de reformas fiscales sin el aval de Junts, junto con la percepci\u00f3n de que el PSOE est\u00e1 reorientando su estrategia hacia un pacto con el PP en temas como la renovaci\u00f3n del Consejo General del Poder Judicial, ha exacerbado las tensiones. Analistas como el polit\u00f3logo Jordi Mu\u00f1oz, de la Universitat de Barcelona, argumentan que esta ruptura responde a una \u00abl\u00f3gica de supervivencia partidista\u00bb, donde Junts busca diferenciarse de ERC, m\u00e1s pragm\u00e1tica en su apoyo al Gobierno, para captar el voto independentista desencantado.<\/p>\n<p>Otro factor subyacente es la situaci\u00f3n personal de Puigdemont. Pese a la amnist\u00eda, el Tribunal Supremo mantiene abiertas causas por malversaci\u00f3n y terrorismo, lo que impide su regreso pleno a Espa\u00f1a. Esta \u00abamnist\u00eda a medias\u00bb se interpreta en Junts como una traici\u00f3n deliberada del PSOE, que habr\u00eda utilizado los votos independentistas sin cumplir integralmente sus promesas. En redes sociales, como X (anteriormente Twitter), militantes y simpatizantes de Junts han expresado frustraci\u00f3n, con mensajes como \u00abJa tocava\u00bb (Ya tocaba), reflejando un hartazgo acumulado.<\/p>\n<h2>\u00bfRuptura f\u00e1ctica o farol estrat\u00e9gico?<\/h2>\n<p>Una pregunta central es si esta ruptura es definitiva o meramente un \u00abfarol\u00bb t\u00e1ctico, como ha ocurrido en ocasiones previas. Puigdemont tiene un historial de ultim\u00e1tums al PSOE que no siempre se han materializado en acciones irreversibles. Por ejemplo, en diciembre de 2024, amenaz\u00f3 con romper el pacto si no se avanzaba en la financiaci\u00f3n, pero finalmente cedi\u00f3 tras concesiones parciales. En aquel entonces, el propio Puigdemont asegur\u00f3 que \u00abno vamos de farol\u00bb, una frase que repite ahora, pero que no evit\u00f3 una continuaci\u00f3n de las negociaciones.<\/p>\n<p>Sin embargo, varios indicadores sugieren que esta vez podr\u00eda ser diferente. La unanimidad en la ejecutiva y la consulta a la militancia otorgan un barniz de irreversibilidad, y el contexto electoral \u2013con posibles adelantos en Catalu\u00f1a o Espa\u00f1a\u2013 favorece una postura dura. Fuentes del PSOE, como la ministra Diana Morant, han interpretado la decisi\u00f3n como un \u00abgesto para la galer\u00eda\u00bb, apostando por mantener \u00abcanales de di\u00e1logo\u00bb y negociando \u00abvotaci\u00f3n a votaci\u00f3n\u00bb. Moncloa rebaja la alarma al no prever una moci\u00f3n de censura inmediata, pero reconoce que sin Junts, el Gobierno enfrentar\u00eda un bloqueo en leyes clave.<\/p>\n<p>Analistas como Ignacio Escolar, director de elDiario.es, ven en esto una \u00abcortina de humo\u00bb para presionar en negociaciones pendientes, como la ley de financiaci\u00f3n singular para Catalu\u00f1a. No obstante, posts en X de analistas independientes destacan que el \u00abp\u00e1nico a Alian\u00e7a Catalana\u00bb hace improbable un retroceso, ya que Puigdemont necesita proyectar firmeza para evitar la descomposici\u00f3n interna de Junts.<\/p>\n<h2>Un Gobierno al l\u00edmite y escenarios de inestabilidad<\/h2>\n<p>Si la militancia ratifica la ruptura, las repercusiones ser\u00e1n inmediatas y profundas. En el plano parlamentario, el Gobierno perder\u00e1 el apoyo sistem\u00e1tico de Junts, lo que complicar\u00e1 la aprobaci\u00f3n de los Presupuestos de 2026 y reformas pendientes, como la laboral o la fiscal. Sin los siete diputados de Junts, S\u00e1nchez depender\u00e1 a\u00fan m\u00e1s de ERC (que mantiene su apoyo condicionado) y del PNV, pero podr\u00eda enfrentar vetos cruzados que paralicen la legislatura. Expertos en derecho constitucional, como Javier P\u00e9rez Royo, advierten de un \u00abbloqueo institucional\u00bb que podr\u00eda forzar elecciones anticipadas en 2026.<\/p>\n<p>En Catalu\u00f1a, la decisi\u00f3n fortalece a Salvador Illa (PSC) en el Govern, pero podr\u00eda radicalizar el debate independentista, beneficiando a formaciones como la CUP o Alian\u00e7a Catalana. A nivel nacional, el PP de Alberto N\u00fa\u00f1ez Feij\u00f3o podr\u00eda capitalizar la crisis, presionando por una moci\u00f3n de censura o un pacto con el PSOE en temas estatales. El PSOE, por su parte, ha expresado \u00abrespeto absoluto\u00bb a la decisi\u00f3n, pero insiste en que no implicar\u00e1 el fin del di\u00e1logo, apostando por una estrategia de \u00abresistencia\u00bb legislativa.<\/p>\n<p>Econ\u00f3micamente, la inestabilidad podr\u00eda afectar a la recuperaci\u00f3n pospandemia, con inversores atentos a la solidez del Gobierno. En el \u00e1mbito europeo, la ruptura complica la agenda espa\u00f1ola en la UE, donde Catalu\u00f1a aspira a mayor visibilidad, como en el uso del catal\u00e1n en instituciones comunitarias \u2013un punto donde Alemania ha mostrado recientemente apertura, pero que podr\u00eda verse eclipsado por la crisis interna.<\/p>\n<p>En resumen, esta ruptura marca un punto de inflexi\u00f3n en la pol\u00edtica espa\u00f1ola, revelando las limitaciones de los pactos postelectorales en un Parlamento fragmentado. Si se confirma, podr\u00eda acelerar el declive de la legislatura de S\u00e1nchez; si resulta ser un farol, reforzar\u00e1 la imagen de Puigdemont como maestro de la negociaci\u00f3n bajo presi\u00f3n. La consulta de esta semana ser\u00e1 decisiva, pero el verdadero test ser\u00e1 la capacidad del PSOE para reconducir la situaci\u00f3n sin ceder soberan\u00eda. Como ha se\u00f1alado Puigdemont, \u00abel tiempo de las palabras ha terminado; ahora vienen los hechos\u00bb.<\/p>","protected":false},"excerpt":{"rendered":"<p>Junts pone en jaque la legislatura de S\u00e1nchez por incumplimientos acumulados. Con el auge de formaciones m\u00e1s radicales como Alian\u00e7a Catalana, los post-convergentes buscan reafirmar su liderazgo independentista<\/p>","protected":false},"author":3,"featured_media":62146,"comment_status":"closed","ping_status":"closed","sticky":false,"template":"","format":"standard","meta":{"footnotes":""},"categories":[59],"tags":[],"class_list":["post-67047","post","type-post","status-publish","format-standard","has-post-thumbnail","hentry","category-catalunya"],"yoast_head":"<!-- This site is optimized with the Yoast SEO plugin v27.5 - https:\/\/yoast.com\/product\/yoast-seo-wordpress\/ -->\n<title>\u00bfPor qu\u00e9 rompe ahora Puigdemont? - Revista Rambla<\/title>\n<meta name=\"robots\" content=\"index, follow, max-snippet:-1, max-image-preview:large, max-video-preview:-1\" \/>\n<link rel=\"canonical\" href=\"https:\/\/www.revistarambla.com\/en\/por-que-rompe-ahora-puigdemont\/\" \/>\n<meta property=\"og:locale\" content=\"en_GB\" \/>\n<meta property=\"og:type\" content=\"article\" \/>\n<meta property=\"og:title\" content=\"\u00bfPor qu\u00e9 rompe ahora Puigdemont? - Revista Rambla\" \/>\n<meta property=\"og:description\" content=\"Junts pone en jaque la legislatura de S\u00e1nchez por incumplimientos acumulados. Con el auge de formaciones m\u00e1s radicales como Alian\u00e7a Catalana, los post-convergentes buscan reafirmar su liderazgo independentista\" \/>\n<meta property=\"og:url\" content=\"https:\/\/www.revistarambla.com\/en\/por-que-rompe-ahora-puigdemont\/\" \/>\n<meta property=\"og:site_name\" content=\"Revista Rambla\" \/>\n<meta property=\"article:publisher\" content=\"https:\/\/www.facebook.com\/revistarambla\/\" \/>\n<meta property=\"article:author\" content=\"https:\/\/www.facebook.com\/revistarambla\" \/>\n<meta property=\"article:published_time\" content=\"2025-10-27T18:29:20+00:00\" \/>\n<meta property=\"article:modified_time\" content=\"2025-10-29T18:58:39+00:00\" \/>\n<meta property=\"og:image\" content=\"https:\/\/www.revistarambla.com\/wp-content\/uploads\/2024\/08\/puigdemont-barcelona.jpg\" \/>\n\t<meta property=\"og:image:width\" content=\"1920\" \/>\n\t<meta property=\"og:image:height\" content=\"1080\" \/>\n\t<meta property=\"og:image:type\" content=\"image\/jpeg\" \/>\n<meta name=\"author\" content=\"R@mbla\" \/>\n<meta name=\"twitter:card\" content=\"summary_large_image\" \/>\n<meta name=\"twitter:creator\" content=\"@revistarambla\" \/>\n<meta name=\"twitter:site\" content=\"@revistarambla\" \/>\n<meta name=\"twitter:label1\" content=\"Written by\" \/>\n\t<meta name=\"twitter:data1\" content=\"R@mbla\" \/>\n\t<meta name=\"twitter:label2\" content=\"Estimated reading time\" \/>\n\t<meta name=\"twitter:data2\" content=\"8 minutes\" \/>\n<script type=\"application\/ld+json\" class=\"yoast-schema-graph\">{\"@context\":\"https:\\\/\\\/schema.org\",\"@graph\":[{\"@type\":\"Article\",\"@id\":\"https:\\\/\\\/www.revistarambla.com\\\/por-que-rompe-ahora-puigdemont\\\/#article\",\"isPartOf\":{\"@id\":\"https:\\\/\\\/www.revistarambla.com\\\/por-que-rompe-ahora-puigdemont\\\/\"},\"author\":{\"name\":\"R@mbla\",\"@id\":\"https:\\\/\\\/www.revistarambla.com\\\/#\\\/schema\\\/person\\\/a146a5a2550b94981a75131180e1bd9c\"},\"headline\":\"\u00bfPor qu\u00e9 rompe ahora Puigdemont?\",\"datePublished\":\"2025-10-27T18:29:20+00:00\",\"dateModified\":\"2025-10-29T18:58:39+00:00\",\"mainEntityOfPage\":{\"@id\":\"https:\\\/\\\/www.revistarambla.com\\\/por-que-rompe-ahora-puigdemont\\\/\"},\"wordCount\":1643,\"publisher\":{\"@id\":\"https:\\\/\\\/www.revistarambla.com\\\/#organization\"},\"image\":{\"@id\":\"https:\\\/\\\/www.revistarambla.com\\\/por-que-rompe-ahora-puigdemont\\\/#primaryimage\"},\"thumbnailUrl\":\"https:\\\/\\\/www.revistarambla.com\\\/wp-content\\\/uploads\\\/2024\\\/08\\\/puigdemont-barcelona.jpg\",\"articleSection\":[\"Catalunya\"],\"inLanguage\":\"en-GB\"},{\"@type\":\"WebPage\",\"@id\":\"https:\\\/\\\/www.revistarambla.com\\\/por-que-rompe-ahora-puigdemont\\\/\",\"url\":\"https:\\\/\\\/www.revistarambla.com\\\/por-que-rompe-ahora-puigdemont\\\/\",\"name\":\"\u00bfPor qu\u00e9 rompe ahora Puigdemont? - Revista Rambla\",\"isPartOf\":{\"@id\":\"https:\\\/\\\/www.revistarambla.com\\\/#website\"},\"primaryImageOfPage\":{\"@id\":\"https:\\\/\\\/www.revistarambla.com\\\/por-que-rompe-ahora-puigdemont\\\/#primaryimage\"},\"image\":{\"@id\":\"https:\\\/\\\/www.revistarambla.com\\\/por-que-rompe-ahora-puigdemont\\\/#primaryimage\"},\"thumbnailUrl\":\"https:\\\/\\\/www.revistarambla.com\\\/wp-content\\\/uploads\\\/2024\\\/08\\\/puigdemont-barcelona.jpg\",\"datePublished\":\"2025-10-27T18:29:20+00:00\",\"dateModified\":\"2025-10-29T18:58:39+00:00\",\"breadcrumb\":{\"@id\":\"https:\\\/\\\/www.revistarambla.com\\\/por-que-rompe-ahora-puigdemont\\\/#breadcrumb\"},\"inLanguage\":\"en-GB\",\"potentialAction\":[{\"@type\":\"ReadAction\",\"target\":[\"https:\\\/\\\/www.revistarambla.com\\\/por-que-rompe-ahora-puigdemont\\\/\"]}]},{\"@type\":\"ImageObject\",\"inLanguage\":\"en-GB\",\"@id\":\"https:\\\/\\\/www.revistarambla.com\\\/por-que-rompe-ahora-puigdemont\\\/#primaryimage\",\"url\":\"https:\\\/\\\/www.revistarambla.com\\\/wp-content\\\/uploads\\\/2024\\\/08\\\/puigdemont-barcelona.jpg\",\"contentUrl\":\"https:\\\/\\\/www.revistarambla.com\\\/wp-content\\\/uploads\\\/2024\\\/08\\\/puigdemont-barcelona.jpg\",\"width\":1920,\"height\":1080,\"caption\":\"puigdemont barcelona rompe\"},{\"@type\":\"BreadcrumbList\",\"@id\":\"https:\\\/\\\/www.revistarambla.com\\\/por-que-rompe-ahora-puigdemont\\\/#breadcrumb\",\"itemListElement\":[{\"@type\":\"ListItem\",\"position\":1,\"name\":\"Portada\",\"item\":\"https:\\\/\\\/www.revistarambla.com\\\/\"},{\"@type\":\"ListItem\",\"position\":2,\"name\":\"\u00bfPor qu\u00e9 rompe ahora Puigdemont?\"}]},{\"@type\":\"WebSite\",\"@id\":\"https:\\\/\\\/www.revistarambla.com\\\/#website\",\"url\":\"https:\\\/\\\/www.revistarambla.com\\\/\",\"name\":\"Revista Rambla Barcelona\",\"description\":\"Periodismo independiente\",\"publisher\":{\"@id\":\"https:\\\/\\\/www.revistarambla.com\\\/#organization\"},\"potentialAction\":[{\"@type\":\"SearchAction\",\"target\":{\"@type\":\"EntryPoint\",\"urlTemplate\":\"https:\\\/\\\/www.revistarambla.com\\\/?s={search_term_string}\"},\"query-input\":{\"@type\":\"PropertyValueSpecification\",\"valueRequired\":true,\"valueName\":\"search_term_string\"}}],\"inLanguage\":\"en-GB\"},{\"@type\":\"Organization\",\"@id\":\"https:\\\/\\\/www.revistarambla.com\\\/#organization\",\"name\":\"Revista Rambla\",\"url\":\"https:\\\/\\\/www.revistarambla.com\\\/\",\"logo\":{\"@type\":\"ImageObject\",\"inLanguage\":\"en-GB\",\"@id\":\"https:\\\/\\\/www.revistarambla.com\\\/#\\\/schema\\\/logo\\\/image\\\/\",\"url\":\"https:\\\/\\\/www.revistarambla.com\\\/wp-content\\\/uploads\\\/2020\\\/09\\\/banner_rambla_1900x600_BB.png\",\"contentUrl\":\"https:\\\/\\\/www.revistarambla.com\\\/wp-content\\\/uploads\\\/2020\\\/09\\\/banner_rambla_1900x600_BB.png\",\"width\":1900,\"height\":600,\"caption\":\"Revista Rambla\"},\"image\":{\"@id\":\"https:\\\/\\\/www.revistarambla.com\\\/#\\\/schema\\\/logo\\\/image\\\/\"},\"sameAs\":[\"https:\\\/\\\/www.facebook.com\\\/revistarambla\\\/\",\"https:\\\/\\\/x.com\\\/revistarambla\",\"https:\\\/\\\/www.instagram.com\\\/revista_rambla\",\"https:\\\/\\\/es.linkedin.com\\\/company\\\/revista-rambla\"]},{\"@type\":\"Person\",\"@id\":\"https:\\\/\\\/www.revistarambla.com\\\/#\\\/schema\\\/person\\\/a146a5a2550b94981a75131180e1bd9c\",\"name\":\"R@mbla\",\"description\":\"Este art\u00edculo ha sido redactado y\\\/o validado por el equipo de redacci\u00f3n de Revista Rambla.\",\"sameAs\":[\"https:\\\/\\\/www.revistarambla.com\\\/\",\"https:\\\/\\\/www.facebook.com\\\/revistarambla\",\"https:\\\/\\\/x.com\\\/revistarambla\"]}]}<\/script>\n<!-- \/ Yoast SEO plugin. -->","yoast_head_json":{"title":"\u00bfPor qu\u00e9 rompe ahora Puigdemont? - Revista Rambla","robots":{"index":"index","follow":"follow","max-snippet":"max-snippet:-1","max-image-preview":"max-image-preview:large","max-video-preview":"max-video-preview:-1"},"canonical":"https:\/\/www.revistarambla.com\/en\/por-que-rompe-ahora-puigdemont\/","og_locale":"en_GB","og_type":"article","og_title":"\u00bfPor qu\u00e9 rompe ahora Puigdemont? - Revista Rambla","og_description":"Junts pone en jaque la legislatura de S\u00e1nchez por incumplimientos acumulados. Con el auge de formaciones m\u00e1s radicales como Alian\u00e7a Catalana, los post-convergentes buscan reafirmar su liderazgo independentista","og_url":"https:\/\/www.revistarambla.com\/en\/por-que-rompe-ahora-puigdemont\/","og_site_name":"Revista Rambla","article_publisher":"https:\/\/www.facebook.com\/revistarambla\/","article_author":"https:\/\/www.facebook.com\/revistarambla","article_published_time":"2025-10-27T18:29:20+00:00","article_modified_time":"2025-10-29T18:58:39+00:00","og_image":[{"width":1920,"height":1080,"url":"https:\/\/www.revistarambla.com\/wp-content\/uploads\/2024\/08\/puigdemont-barcelona.jpg","type":"image\/jpeg"}],"author":"R@mbla","twitter_card":"summary_large_image","twitter_creator":"@revistarambla","twitter_site":"@revistarambla","twitter_misc":{"Written by":"R@mbla","Estimated reading time":"8 minutes"},"schema":{"@context":"https:\/\/schema.org","@graph":[{"@type":"Article","@id":"https:\/\/www.revistarambla.com\/por-que-rompe-ahora-puigdemont\/#article","isPartOf":{"@id":"https:\/\/www.revistarambla.com\/por-que-rompe-ahora-puigdemont\/"},"author":{"name":"R@mbla","@id":"https:\/\/www.revistarambla.com\/#\/schema\/person\/a146a5a2550b94981a75131180e1bd9c"},"headline":"\u00bfPor qu\u00e9 rompe ahora Puigdemont?","datePublished":"2025-10-27T18:29:20+00:00","dateModified":"2025-10-29T18:58:39+00:00","mainEntityOfPage":{"@id":"https:\/\/www.revistarambla.com\/por-que-rompe-ahora-puigdemont\/"},"wordCount":1643,"publisher":{"@id":"https:\/\/www.revistarambla.com\/#organization"},"image":{"@id":"https:\/\/www.revistarambla.com\/por-que-rompe-ahora-puigdemont\/#primaryimage"},"thumbnailUrl":"https:\/\/www.revistarambla.com\/wp-content\/uploads\/2024\/08\/puigdemont-barcelona.jpg","articleSection":["Catalunya"],"inLanguage":"en-GB"},{"@type":"WebPage","@id":"https:\/\/www.revistarambla.com\/por-que-rompe-ahora-puigdemont\/","url":"https:\/\/www.revistarambla.com\/por-que-rompe-ahora-puigdemont\/","name":"\u00bfPor qu\u00e9 rompe ahora Puigdemont? - Revista Rambla","isPartOf":{"@id":"https:\/\/www.revistarambla.com\/#website"},"primaryImageOfPage":{"@id":"https:\/\/www.revistarambla.com\/por-que-rompe-ahora-puigdemont\/#primaryimage"},"image":{"@id":"https:\/\/www.revistarambla.com\/por-que-rompe-ahora-puigdemont\/#primaryimage"},"thumbnailUrl":"https:\/\/www.revistarambla.com\/wp-content\/uploads\/2024\/08\/puigdemont-barcelona.jpg","datePublished":"2025-10-27T18:29:20+00:00","dateModified":"2025-10-29T18:58:39+00:00","breadcrumb":{"@id":"https:\/\/www.revistarambla.com\/por-que-rompe-ahora-puigdemont\/#breadcrumb"},"inLanguage":"en-GB","potentialAction":[{"@type":"ReadAction","target":["https:\/\/www.revistarambla.com\/por-que-rompe-ahora-puigdemont\/"]}]},{"@type":"ImageObject","inLanguage":"en-GB","@id":"https:\/\/www.revistarambla.com\/por-que-rompe-ahora-puigdemont\/#primaryimage","url":"https:\/\/www.revistarambla.com\/wp-content\/uploads\/2024\/08\/puigdemont-barcelona.jpg","contentUrl":"https:\/\/www.revistarambla.com\/wp-content\/uploads\/2024\/08\/puigdemont-barcelona.jpg","width":1920,"height":1080,"caption":"puigdemont barcelona rompe"},{"@type":"BreadcrumbList","@id":"https:\/\/www.revistarambla.com\/por-que-rompe-ahora-puigdemont\/#breadcrumb","itemListElement":[{"@type":"ListItem","position":1,"name":"Portada","item":"https:\/\/www.revistarambla.com\/"},{"@type":"ListItem","position":2,"name":"\u00bfPor qu\u00e9 rompe ahora Puigdemont?"}]},{"@type":"WebSite","@id":"https:\/\/www.revistarambla.com\/#website","url":"https:\/\/www.revistarambla.com\/","name":"Revista Rambla Barcelona","description":"Periodismo independiente","publisher":{"@id":"https:\/\/www.revistarambla.com\/#organization"},"potentialAction":[{"@type":"SearchAction","target":{"@type":"EntryPoint","urlTemplate":"https:\/\/www.revistarambla.com\/?s={search_term_string}"},"query-input":{"@type":"PropertyValueSpecification","valueRequired":true,"valueName":"search_term_string"}}],"inLanguage":"en-GB"},{"@type":"Organization","@id":"https:\/\/www.revistarambla.com\/#organization","name":"Revista Rambla","url":"https:\/\/www.revistarambla.com\/","logo":{"@type":"ImageObject","inLanguage":"en-GB","@id":"https:\/\/www.revistarambla.com\/#\/schema\/logo\/image\/","url":"https:\/\/www.revistarambla.com\/wp-content\/uploads\/2020\/09\/banner_rambla_1900x600_BB.png","contentUrl":"https:\/\/www.revistarambla.com\/wp-content\/uploads\/2020\/09\/banner_rambla_1900x600_BB.png","width":1900,"height":600,"caption":"Revista Rambla"},"image":{"@id":"https:\/\/www.revistarambla.com\/#\/schema\/logo\/image\/"},"sameAs":["https:\/\/www.facebook.com\/revistarambla\/","https:\/\/x.com\/revistarambla","https:\/\/www.instagram.com\/revista_rambla","https:\/\/es.linkedin.com\/company\/revista-rambla"]},{"@type":"Person","@id":"https:\/\/www.revistarambla.com\/#\/schema\/person\/a146a5a2550b94981a75131180e1bd9c","name":"R@mbla","description":"Este art\u00edculo ha sido redactado y\/o validado por el equipo de redacci\u00f3n de Revista Rambla.","sameAs":["https:\/\/www.revistarambla.com\/","https:\/\/www.facebook.com\/revistarambla","https:\/\/x.com\/revistarambla"]}]}},"_links":{"self":[{"href":"https:\/\/www.revistarambla.com\/en\/wp-json\/wp\/v2\/posts\/67047","targetHints":{"allow":["GET"]}}],"collection":[{"href":"https:\/\/www.revistarambla.com\/en\/wp-json\/wp\/v2\/posts"}],"about":[{"href":"https:\/\/www.revistarambla.com\/en\/wp-json\/wp\/v2\/types\/post"}],"author":[{"embeddable":true,"href":"https:\/\/www.revistarambla.com\/en\/wp-json\/wp\/v2\/users\/3"}],"replies":[{"embeddable":true,"href":"https:\/\/www.revistarambla.com\/en\/wp-json\/wp\/v2\/comments?post=67047"}],"version-history":[{"count":2,"href":"https:\/\/www.revistarambla.com\/en\/wp-json\/wp\/v2\/posts\/67047\/revisions"}],"predecessor-version":[{"id":67061,"href":"https:\/\/www.revistarambla.com\/en\/wp-json\/wp\/v2\/posts\/67047\/revisions\/67061"}],"wp:featuredmedia":[{"embeddable":true,"href":"https:\/\/www.revistarambla.com\/en\/wp-json\/wp\/v2\/media\/62146"}],"wp:attachment":[{"href":"https:\/\/www.revistarambla.com\/en\/wp-json\/wp\/v2\/media?parent=67047"}],"wp:term":[{"taxonomy":"category","embeddable":true,"href":"https:\/\/www.revistarambla.com\/en\/wp-json\/wp\/v2\/categories?post=67047"},{"taxonomy":"post_tag","embeddable":true,"href":"https:\/\/www.revistarambla.com\/en\/wp-json\/wp\/v2\/tags?post=67047"}],"curies":[{"name":"wp","href":"https:\/\/api.w.org\/{rel}","templated":true}]}}