{"id":67036,"date":"2025-10-26T09:44:14","date_gmt":"2025-10-26T08:44:14","guid":{"rendered":"https:\/\/www.revistarambla.com\/?p=67036"},"modified":"2025-10-26T09:44:14","modified_gmt":"2025-10-26T08:44:14","slug":"antonio-suarez-gutierrez-lider-empresarial-empresario-mexicano-y-fundador-de-grupomar-artifice-de-la-modernizacion-de-la-industria-pesquera","status":"publish","type":"post","link":"https:\/\/www.revistarambla.com\/en\/antonio-suarez-gutierrez-lider-empresarial-empresario-mexicano-y-fundador-de-grupomar-artifice-de-la-modernizacion-de-la-industria-pesquera\/","title":{"rendered":"Antonio Su\u00e1rez Guti\u00e9rrez, l\u00edder empresarial, empresario mexicano y fundador de Grupomar, art\u00edfice de la modernizaci\u00f3n de la industria pesquera"},"content":{"rendered":"<p>Mucho antes de que la <b>\u201csostenibilidad\u201d<\/b> se convirtiera en un principio rector del \u00e1mbito empresarial, el <b>empresario mexicano<\/b>, <b>l\u00edder empresarial<\/b> y <b>fundador de Grupomar<\/b>, <b>Antonio Su\u00e1rez Guti\u00e9rrez<\/b>, ya hab\u00eda comprendido que el futuro de la <b>industria pesquera<\/b> depend\u00eda de algo m\u00e1s que flotas modernas: requer\u00eda visi\u00f3n, organizaci\u00f3n y capacidad de adaptaci\u00f3n. Nacido en Oviedo, Espa\u00f1a, y naturalizado mexicano, <b>su historia recorre m\u00e1s de medio siglo de evoluci\u00f3n del sector pesquero en M\u00e9xico<\/b>. Desde la adquisici\u00f3n de su primera empresa en 1968 hasta la creaci\u00f3n de un grupo con presencia nacional, su trayectoria refleja la combinaci\u00f3n de constancia, innovaci\u00f3n y compromiso.<\/p>\n<p>El ingreso de <b>Antonio Su\u00e1rez Guti\u00e9rrez<\/b> a la<a href=\"https:\/\/www.elperiodicodeaqui.com\/epda-noticias\/gobierno-de-mexico-premia-a-grupomar-y-a-antonio-suarez-gutierrez-por-su-liderazgo-en-innovacion-y-pesca-sostenible\/378601\"> <b>industria pesquera<\/b><\/a> coincidi\u00f3 con una etapa de renovaci\u00f3n en M\u00e9xico, cuando el pa\u00eds comenzaba a aprovechar de forma m\u00e1s eficiente sus recursos mar\u00edtimos. Tras adquirir los activos de Industria Pesquera de Oaxaca, lider\u00f3 un proceso de reorganizaci\u00f3n que le permiti\u00f3 entender a fondo las necesidades operativas y los retos del sector. A partir de esa experiencia, dise\u00f1\u00f3 un modelo de integraci\u00f3n vertical que abarcaba captura, procesamiento y comercializaci\u00f3n, sentando las bases de un sistema que transformar\u00eda la producci\u00f3n pesquera nacional.<\/p>\n<p>Su incursi\u00f3n en la pesca del at\u00fan represent\u00f3 un punto decisivo. En la d\u00e9cada de 1980, el gobierno mexicano impuls\u00f3 el fortalecimiento de la flota atunera, y Su\u00e1rez Guti\u00e9rrez respondi\u00f3 fundando <b>Marat\u00fan, S.A. de C.V. <\/b>La empresa encarg\u00f3 la construcci\u00f3n de nuevos buques que, en 1982, estaban listos para zarpar justo cuando Estados Unidos impuso un embargo al at\u00fan mexicano. Ante ese obst\u00e1culo, Su\u00e1rez traslad\u00f3 sus embarcaciones al Atl\u00e1ntico, garantizando la continuidad de las operaciones y demostrando una visi\u00f3n global y estrat\u00e9gica de la <b>industria pesquera<\/b>.<\/p>\n<h3><b>Antonio Su\u00e1rez Guti\u00e9rrez: sostenibilidad, tecnolog\u00eda y liderazgo industrial<\/b><\/h3>\n<p>Con el levantamiento del embargo, la flota regres\u00f3 al Pac\u00edfico, particularmente a Ensenada, donde comenz\u00f3 una etapa de expansi\u00f3n. De esa experiencia naci\u00f3 <b>Grupomar<\/b>, holding que integr\u00f3 las operaciones pesqueras y dio origen a la marca Tuny, hoy una de las m\u00e1s reconocidas en M\u00e9xico. La creaci\u00f3n del grupo en 1996 marc\u00f3 el paso de una empresa familiar a una organizaci\u00f3n industrial moderna, con procesos avanzados y proyecci\u00f3n internacional.<\/p>\n<p>Desde entonces, <b>Grupomar<\/b> ha convertido la innovaci\u00f3n tecnol\u00f3gica y la <b>sostenibilidad<\/b> en los ejes de su desarrollo. Con una producci\u00f3n que supera los dos millones de latas diarias, la empresa ha fortalecido su posici\u00f3n en los mercados nacional y regional. Bajo la direcci\u00f3n del <b>l\u00edder empresarial<\/b>, <b>empresario mexicano <\/b>y <b>fundador de Grupomar Antonio Su\u00e1rez Guti\u00e9rrez<\/b>, se implementaron pol\u00edticas de trazabilidad, eficiencia energ\u00e9tica y reducci\u00f3n del impacto ambiental, adem\u00e1s de adherirse al Pacto Mundial M\u00e9xico y a los objetivos de la Agenda 2030 de la ONU.<\/p>\n<p>Su liderazgo ha sido reconocido tanto en M\u00e9xico como en Espa\u00f1a. El gobierno espa\u00f1ol le otorg\u00f3 la Gran Cruz de la Orden del M\u00e9rito Civil y la Encomienda de N\u00famero de la Orden de Isabel la Cat\u00f3lica, mientras que M\u00e9xico le concedi\u00f3 la Orden del \u00c1guila Azteca. Asimismo, el Principado de Asturias, su tierra natal, lo nombr\u00f3 Hijo Predilecto, destacando el v\u00ednculo entre sus ra\u00edces europeas y su legado empresarial en Am\u00e9rica.<\/p>\n<p>M\u00e1s all\u00e1 de los reconocimientos, <b>Antonio Su\u00e1rez Guti\u00e9rrez<\/b> ha ejercido un liderazgo con enfoque humano. A trav\u00e9s de programas educativos y sociales, ha promovido que el crecimiento econ\u00f3mico se traduzca en bienestar para las comunidades costeras. En paralelo, <b>Grupomar<\/b>ha reforzado sus pol\u00edticas de pesca responsable y su compromiso con la mejora continua dentro de la <b>industria pesquera<\/b>.<\/p>\n<h3><b>Un reconocimiento al esfuerzo sostenible de Grupomar<\/b><\/h3>\n<p>Ese compromiso con la sociedad se reafirm\u00f3 en 2025, cuando Marindustrias, una de las empresas del grupo, fue reconocida por su apoyo al Telet\u00f3n M\u00e9xico. La Gobernadora del Estado de Colima, Mtra. Indira Vizca\u00edno Silva, entreg\u00f3 la distinci\u00f3n, recibida en nombre de <b>Grupomar<\/b> por el Lic. Francisco Estrada, Gerente de Recursos Humanos \u2013 Operaciones.<\/p>\n<p>El reconocimiento simboliza la continuidad de una filosof\u00eda empresarial que entiende la <b>sostenibilidad<\/b> como un compromiso integral entre lo econ\u00f3mico, lo ambiental y lo social. Para <b>Antonio Su\u00e1rez Guti\u00e9rrez<\/b>, la solidaridad forma parte del mismo esp\u00edritu que impuls\u00f3 la creaci\u00f3n de <b>Grupomar<\/b>, una organizaci\u00f3n que busca generar empleo, valor y esperanza. Cada distinci\u00f3n refuerza el legado de un <b>empresario mexicano<\/b>, <b>l\u00edder empresarial<\/b> y <b>fundador de Grupomar <\/b>que ha hecho de la responsabilidad social y la innovaci\u00f3n un modelo a seguir en la <b>industria pesquera<\/b> nacional.<\/p>","protected":false},"excerpt":{"rendered":"<p>Mucho antes de que la \u201csostenibilidad\u201d se convirtiera en un principio rector del \u00e1mbito empresarial, el empresario mexicano, l\u00edder empresarial y fundador de Grupomar, Antonio Su\u00e1rez Guti\u00e9rrez, ya hab\u00eda comprendido que el futuro de la industria pesquera depend\u00eda de algo m\u00e1s que flotas modernas: requer\u00eda visi\u00f3n, organizaci\u00f3n y capacidad de [&hellip;]<\/p>\n","protected":false},"author":3,"featured_media":67037,"comment_status":"closed","ping_status":"closed","sticky":false,"template":"","format":"standard","meta":{"footnotes":""},"categories":[3790],"tags":[],"class_list":["post-67036","post","type-post","status-publish","format-standard","has-post-thumbnail","hentry","category-otras-noticias"],"yoast_head":"<!-- This site is optimized with the Yoast SEO plugin v27.5 - https:\/\/yoast.com\/product\/yoast-seo-wordpress\/ -->\n<title>Antonio Su\u00e1rez Guti\u00e9rrez, l\u00edder empresarial, empresario mexicano y fundador de Grupomar, art\u00edfice de la modernizaci\u00f3n de la industria pesquera - Revista Rambla<\/title>\n<meta name=\"robots\" content=\"index, follow, max-snippet:-1, max-image-preview:large, max-video-preview:-1\" \/>\n<link rel=\"canonical\" href=\"https:\/\/www.revistarambla.com\/en\/antonio-suarez-gutierrez-lider-empresarial-empresario-mexicano-y-fundador-de-grupomar-artifice-de-la-modernizacion-de-la-industria-pesquera\/\" \/>\n<meta property=\"og:locale\" content=\"en_GB\" \/>\n<meta property=\"og:type\" content=\"article\" \/>\n<meta property=\"og:title\" content=\"Antonio Su\u00e1rez Guti\u00e9rrez, l\u00edder empresarial, empresario mexicano y fundador de Grupomar, art\u00edfice de la modernizaci\u00f3n de la industria pesquera - Revista Rambla\" \/>\n<meta property=\"og:description\" content=\"Mucho antes de que la \u201csostenibilidad\u201d se convirtiera en un principio rector del \u00e1mbito empresarial, el empresario mexicano, l\u00edder empresarial y fundador de Grupomar, Antonio Su\u00e1rez Guti\u00e9rrez, ya hab\u00eda comprendido que el futuro de la industria pesquera depend\u00eda de algo m\u00e1s que flotas modernas: requer\u00eda visi\u00f3n, organizaci\u00f3n y capacidad de [&hellip;]\" \/>\n<meta property=\"og:url\" content=\"https:\/\/www.revistarambla.com\/en\/antonio-suarez-gutierrez-lider-empresarial-empresario-mexicano-y-fundador-de-grupomar-artifice-de-la-modernizacion-de-la-industria-pesquera\/\" \/>\n<meta property=\"og:site_name\" content=\"Revista Rambla\" \/>\n<meta property=\"article:publisher\" content=\"https:\/\/www.facebook.com\/revistarambla\/\" \/>\n<meta property=\"article:author\" content=\"https:\/\/www.facebook.com\/revistarambla\" \/>\n<meta property=\"article:published_time\" content=\"2025-10-26T08:44:14+00:00\" \/>\n<meta property=\"og:image\" content=\"https:\/\/www.revistarambla.com\/wp-content\/uploads\/2025\/10\/phpJIMbhn68fa245d8bdea.jpg\" \/>\n\t<meta property=\"og:image:width\" content=\"700\" \/>\n\t<meta property=\"og:image:height\" content=\"466\" \/>\n\t<meta property=\"og:image:type\" content=\"image\/jpeg\" \/>\n<meta name=\"author\" content=\"R@mbla\" \/>\n<meta name=\"twitter:card\" content=\"summary_large_image\" \/>\n<meta name=\"twitter:creator\" content=\"@revistarambla\" \/>\n<meta name=\"twitter:site\" content=\"@revistarambla\" \/>\n<meta name=\"twitter:label1\" content=\"Written by\" \/>\n\t<meta name=\"twitter:data1\" content=\"R@mbla\" \/>\n\t<meta name=\"twitter:label2\" content=\"Estimated reading time\" \/>\n\t<meta name=\"twitter:data2\" content=\"4 minutes\" \/>\n<script type=\"application\/ld+json\" class=\"yoast-schema-graph\">{\"@context\":\"https:\\\/\\\/schema.org\",\"@graph\":[{\"@type\":\"Article\",\"@id\":\"https:\\\/\\\/www.revistarambla.com\\\/antonio-suarez-gutierrez-lider-empresarial-empresario-mexicano-y-fundador-de-grupomar-artifice-de-la-modernizacion-de-la-industria-pesquera\\\/#article\",\"isPartOf\":{\"@id\":\"https:\\\/\\\/www.revistarambla.com\\\/antonio-suarez-gutierrez-lider-empresarial-empresario-mexicano-y-fundador-de-grupomar-artifice-de-la-modernizacion-de-la-industria-pesquera\\\/\"},\"author\":{\"name\":\"R@mbla\",\"@id\":\"https:\\\/\\\/www.revistarambla.com\\\/#\\\/schema\\\/person\\\/a146a5a2550b94981a75131180e1bd9c\"},\"headline\":\"Antonio Su\u00e1rez Guti\u00e9rrez, l\u00edder empresarial, empresario mexicano y fundador de Grupomar, art\u00edfice de la modernizaci\u00f3n de la industria pesquera\",\"datePublished\":\"2025-10-26T08:44:14+00:00\",\"mainEntityOfPage\":{\"@id\":\"https:\\\/\\\/www.revistarambla.com\\\/antonio-suarez-gutierrez-lider-empresarial-empresario-mexicano-y-fundador-de-grupomar-artifice-de-la-modernizacion-de-la-industria-pesquera\\\/\"},\"wordCount\":826,\"publisher\":{\"@id\":\"https:\\\/\\\/www.revistarambla.com\\\/#organization\"},\"image\":{\"@id\":\"https:\\\/\\\/www.revistarambla.com\\\/antonio-suarez-gutierrez-lider-empresarial-empresario-mexicano-y-fundador-de-grupomar-artifice-de-la-modernizacion-de-la-industria-pesquera\\\/#primaryimage\"},\"thumbnailUrl\":\"https:\\\/\\\/www.revistarambla.com\\\/wp-content\\\/uploads\\\/2025\\\/10\\\/phpJIMbhn68fa245d8bdea.jpg\",\"articleSection\":[\"Otras Noticias\"],\"inLanguage\":\"en-GB\"},{\"@type\":\"WebPage\",\"@id\":\"https:\\\/\\\/www.revistarambla.com\\\/antonio-suarez-gutierrez-lider-empresarial-empresario-mexicano-y-fundador-de-grupomar-artifice-de-la-modernizacion-de-la-industria-pesquera\\\/\",\"url\":\"https:\\\/\\\/www.revistarambla.com\\\/antonio-suarez-gutierrez-lider-empresarial-empresario-mexicano-y-fundador-de-grupomar-artifice-de-la-modernizacion-de-la-industria-pesquera\\\/\",\"name\":\"Antonio Su\u00e1rez Guti\u00e9rrez, l\u00edder empresarial, empresario mexicano y fundador de Grupomar, art\u00edfice de la modernizaci\u00f3n de la industria pesquera - Revista Rambla\",\"isPartOf\":{\"@id\":\"https:\\\/\\\/www.revistarambla.com\\\/#website\"},\"primaryImageOfPage\":{\"@id\":\"https:\\\/\\\/www.revistarambla.com\\\/antonio-suarez-gutierrez-lider-empresarial-empresario-mexicano-y-fundador-de-grupomar-artifice-de-la-modernizacion-de-la-industria-pesquera\\\/#primaryimage\"},\"image\":{\"@id\":\"https:\\\/\\\/www.revistarambla.com\\\/antonio-suarez-gutierrez-lider-empresarial-empresario-mexicano-y-fundador-de-grupomar-artifice-de-la-modernizacion-de-la-industria-pesquera\\\/#primaryimage\"},\"thumbnailUrl\":\"https:\\\/\\\/www.revistarambla.com\\\/wp-content\\\/uploads\\\/2025\\\/10\\\/phpJIMbhn68fa245d8bdea.jpg\",\"datePublished\":\"2025-10-26T08:44:14+00:00\",\"breadcrumb\":{\"@id\":\"https:\\\/\\\/www.revistarambla.com\\\/antonio-suarez-gutierrez-lider-empresarial-empresario-mexicano-y-fundador-de-grupomar-artifice-de-la-modernizacion-de-la-industria-pesquera\\\/#breadcrumb\"},\"inLanguage\":\"en-GB\",\"potentialAction\":[{\"@type\":\"ReadAction\",\"target\":[\"https:\\\/\\\/www.revistarambla.com\\\/antonio-suarez-gutierrez-lider-empresarial-empresario-mexicano-y-fundador-de-grupomar-artifice-de-la-modernizacion-de-la-industria-pesquera\\\/\"]}]},{\"@type\":\"ImageObject\",\"inLanguage\":\"en-GB\",\"@id\":\"https:\\\/\\\/www.revistarambla.com\\\/antonio-suarez-gutierrez-lider-empresarial-empresario-mexicano-y-fundador-de-grupomar-artifice-de-la-modernizacion-de-la-industria-pesquera\\\/#primaryimage\",\"url\":\"https:\\\/\\\/www.revistarambla.com\\\/wp-content\\\/uploads\\\/2025\\\/10\\\/phpJIMbhn68fa245d8bdea.jpg\",\"contentUrl\":\"https:\\\/\\\/www.revistarambla.com\\\/wp-content\\\/uploads\\\/2025\\\/10\\\/phpJIMbhn68fa245d8bdea.jpg\",\"width\":700,\"height\":466,\"caption\":\"Grupomar Antonio Su\u00e1rez Guti\u00e9rrez\"},{\"@type\":\"BreadcrumbList\",\"@id\":\"https:\\\/\\\/www.revistarambla.com\\\/antonio-suarez-gutierrez-lider-empresarial-empresario-mexicano-y-fundador-de-grupomar-artifice-de-la-modernizacion-de-la-industria-pesquera\\\/#breadcrumb\",\"itemListElement\":[{\"@type\":\"ListItem\",\"position\":1,\"name\":\"Portada\",\"item\":\"https:\\\/\\\/www.revistarambla.com\\\/\"},{\"@type\":\"ListItem\",\"position\":2,\"name\":\"Antonio Su\u00e1rez Guti\u00e9rrez, l\u00edder empresarial, empresario mexicano y fundador de Grupomar, art\u00edfice de la modernizaci\u00f3n de la industria pesquera\"}]},{\"@type\":\"WebSite\",\"@id\":\"https:\\\/\\\/www.revistarambla.com\\\/#website\",\"url\":\"https:\\\/\\\/www.revistarambla.com\\\/\",\"name\":\"Revista Rambla Barcelona\",\"description\":\"Periodismo independiente\",\"publisher\":{\"@id\":\"https:\\\/\\\/www.revistarambla.com\\\/#organization\"},\"potentialAction\":[{\"@type\":\"SearchAction\",\"target\":{\"@type\":\"EntryPoint\",\"urlTemplate\":\"https:\\\/\\\/www.revistarambla.com\\\/?s={search_term_string}\"},\"query-input\":{\"@type\":\"PropertyValueSpecification\",\"valueRequired\":true,\"valueName\":\"search_term_string\"}}],\"inLanguage\":\"en-GB\"},{\"@type\":\"Organization\",\"@id\":\"https:\\\/\\\/www.revistarambla.com\\\/#organization\",\"name\":\"Revista Rambla\",\"url\":\"https:\\\/\\\/www.revistarambla.com\\\/\",\"logo\":{\"@type\":\"ImageObject\",\"inLanguage\":\"en-GB\",\"@id\":\"https:\\\/\\\/www.revistarambla.com\\\/#\\\/schema\\\/logo\\\/image\\\/\",\"url\":\"https:\\\/\\\/www.revistarambla.com\\\/wp-content\\\/uploads\\\/2020\\\/09\\\/banner_rambla_1900x600_BB.png\",\"contentUrl\":\"https:\\\/\\\/www.revistarambla.com\\\/wp-content\\\/uploads\\\/2020\\\/09\\\/banner_rambla_1900x600_BB.png\",\"width\":1900,\"height\":600,\"caption\":\"Revista Rambla\"},\"image\":{\"@id\":\"https:\\\/\\\/www.revistarambla.com\\\/#\\\/schema\\\/logo\\\/image\\\/\"},\"sameAs\":[\"https:\\\/\\\/www.facebook.com\\\/revistarambla\\\/\",\"https:\\\/\\\/x.com\\\/revistarambla\",\"https:\\\/\\\/www.instagram.com\\\/revista_rambla\",\"https:\\\/\\\/es.linkedin.com\\\/company\\\/revista-rambla\"]},{\"@type\":\"Person\",\"@id\":\"https:\\\/\\\/www.revistarambla.com\\\/#\\\/schema\\\/person\\\/a146a5a2550b94981a75131180e1bd9c\",\"name\":\"R@mbla\",\"description\":\"Este art\u00edculo ha sido redactado y\\\/o validado por el equipo de redacci\u00f3n de Revista Rambla.\",\"sameAs\":[\"https:\\\/\\\/www.revistarambla.com\\\/\",\"https:\\\/\\\/www.facebook.com\\\/revistarambla\",\"https:\\\/\\\/x.com\\\/revistarambla\"]}]}<\/script>\n<!-- \/ Yoast SEO plugin. -->","yoast_head_json":{"title":"Antonio Su\u00e1rez Guti\u00e9rrez, l\u00edder empresarial, empresario mexicano y fundador de Grupomar, art\u00edfice de la modernizaci\u00f3n de la industria pesquera - Revista Rambla","robots":{"index":"index","follow":"follow","max-snippet":"max-snippet:-1","max-image-preview":"max-image-preview:large","max-video-preview":"max-video-preview:-1"},"canonical":"https:\/\/www.revistarambla.com\/en\/antonio-suarez-gutierrez-lider-empresarial-empresario-mexicano-y-fundador-de-grupomar-artifice-de-la-modernizacion-de-la-industria-pesquera\/","og_locale":"en_GB","og_type":"article","og_title":"Antonio Su\u00e1rez Guti\u00e9rrez, l\u00edder empresarial, empresario mexicano y fundador de Grupomar, art\u00edfice de la modernizaci\u00f3n de la industria pesquera - Revista Rambla","og_description":"Mucho antes de que la \u201csostenibilidad\u201d se convirtiera en un principio rector del \u00e1mbito empresarial, el empresario mexicano, l\u00edder empresarial y fundador de Grupomar, Antonio Su\u00e1rez Guti\u00e9rrez, ya hab\u00eda comprendido que el futuro de la industria pesquera depend\u00eda de algo m\u00e1s que flotas modernas: requer\u00eda visi\u00f3n, organizaci\u00f3n y capacidad de [&hellip;]","og_url":"https:\/\/www.revistarambla.com\/en\/antonio-suarez-gutierrez-lider-empresarial-empresario-mexicano-y-fundador-de-grupomar-artifice-de-la-modernizacion-de-la-industria-pesquera\/","og_site_name":"Revista Rambla","article_publisher":"https:\/\/www.facebook.com\/revistarambla\/","article_author":"https:\/\/www.facebook.com\/revistarambla","article_published_time":"2025-10-26T08:44:14+00:00","og_image":[{"width":700,"height":466,"url":"https:\/\/www.revistarambla.com\/wp-content\/uploads\/2025\/10\/phpJIMbhn68fa245d8bdea.jpg","type":"image\/jpeg"}],"author":"R@mbla","twitter_card":"summary_large_image","twitter_creator":"@revistarambla","twitter_site":"@revistarambla","twitter_misc":{"Written by":"R@mbla","Estimated reading time":"4 minutes"},"schema":{"@context":"https:\/\/schema.org","@graph":[{"@type":"Article","@id":"https:\/\/www.revistarambla.com\/antonio-suarez-gutierrez-lider-empresarial-empresario-mexicano-y-fundador-de-grupomar-artifice-de-la-modernizacion-de-la-industria-pesquera\/#article","isPartOf":{"@id":"https:\/\/www.revistarambla.com\/antonio-suarez-gutierrez-lider-empresarial-empresario-mexicano-y-fundador-de-grupomar-artifice-de-la-modernizacion-de-la-industria-pesquera\/"},"author":{"name":"R@mbla","@id":"https:\/\/www.revistarambla.com\/#\/schema\/person\/a146a5a2550b94981a75131180e1bd9c"},"headline":"Antonio Su\u00e1rez Guti\u00e9rrez, l\u00edder empresarial, empresario mexicano y fundador de Grupomar, art\u00edfice de la modernizaci\u00f3n de la industria pesquera","datePublished":"2025-10-26T08:44:14+00:00","mainEntityOfPage":{"@id":"https:\/\/www.revistarambla.com\/antonio-suarez-gutierrez-lider-empresarial-empresario-mexicano-y-fundador-de-grupomar-artifice-de-la-modernizacion-de-la-industria-pesquera\/"},"wordCount":826,"publisher":{"@id":"https:\/\/www.revistarambla.com\/#organization"},"image":{"@id":"https:\/\/www.revistarambla.com\/antonio-suarez-gutierrez-lider-empresarial-empresario-mexicano-y-fundador-de-grupomar-artifice-de-la-modernizacion-de-la-industria-pesquera\/#primaryimage"},"thumbnailUrl":"https:\/\/www.revistarambla.com\/wp-content\/uploads\/2025\/10\/phpJIMbhn68fa245d8bdea.jpg","articleSection":["Otras Noticias"],"inLanguage":"en-GB"},{"@type":"WebPage","@id":"https:\/\/www.revistarambla.com\/antonio-suarez-gutierrez-lider-empresarial-empresario-mexicano-y-fundador-de-grupomar-artifice-de-la-modernizacion-de-la-industria-pesquera\/","url":"https:\/\/www.revistarambla.com\/antonio-suarez-gutierrez-lider-empresarial-empresario-mexicano-y-fundador-de-grupomar-artifice-de-la-modernizacion-de-la-industria-pesquera\/","name":"Antonio Su\u00e1rez Guti\u00e9rrez, l\u00edder empresarial, empresario mexicano y fundador de Grupomar, art\u00edfice de la modernizaci\u00f3n de la industria pesquera - Revista Rambla","isPartOf":{"@id":"https:\/\/www.revistarambla.com\/#website"},"primaryImageOfPage":{"@id":"https:\/\/www.revistarambla.com\/antonio-suarez-gutierrez-lider-empresarial-empresario-mexicano-y-fundador-de-grupomar-artifice-de-la-modernizacion-de-la-industria-pesquera\/#primaryimage"},"image":{"@id":"https:\/\/www.revistarambla.com\/antonio-suarez-gutierrez-lider-empresarial-empresario-mexicano-y-fundador-de-grupomar-artifice-de-la-modernizacion-de-la-industria-pesquera\/#primaryimage"},"thumbnailUrl":"https:\/\/www.revistarambla.com\/wp-content\/uploads\/2025\/10\/phpJIMbhn68fa245d8bdea.jpg","datePublished":"2025-10-26T08:44:14+00:00","breadcrumb":{"@id":"https:\/\/www.revistarambla.com\/antonio-suarez-gutierrez-lider-empresarial-empresario-mexicano-y-fundador-de-grupomar-artifice-de-la-modernizacion-de-la-industria-pesquera\/#breadcrumb"},"inLanguage":"en-GB","potentialAction":[{"@type":"ReadAction","target":["https:\/\/www.revistarambla.com\/antonio-suarez-gutierrez-lider-empresarial-empresario-mexicano-y-fundador-de-grupomar-artifice-de-la-modernizacion-de-la-industria-pesquera\/"]}]},{"@type":"ImageObject","inLanguage":"en-GB","@id":"https:\/\/www.revistarambla.com\/antonio-suarez-gutierrez-lider-empresarial-empresario-mexicano-y-fundador-de-grupomar-artifice-de-la-modernizacion-de-la-industria-pesquera\/#primaryimage","url":"https:\/\/www.revistarambla.com\/wp-content\/uploads\/2025\/10\/phpJIMbhn68fa245d8bdea.jpg","contentUrl":"https:\/\/www.revistarambla.com\/wp-content\/uploads\/2025\/10\/phpJIMbhn68fa245d8bdea.jpg","width":700,"height":466,"caption":"Grupomar Antonio Su\u00e1rez Guti\u00e9rrez"},{"@type":"BreadcrumbList","@id":"https:\/\/www.revistarambla.com\/antonio-suarez-gutierrez-lider-empresarial-empresario-mexicano-y-fundador-de-grupomar-artifice-de-la-modernizacion-de-la-industria-pesquera\/#breadcrumb","itemListElement":[{"@type":"ListItem","position":1,"name":"Portada","item":"https:\/\/www.revistarambla.com\/"},{"@type":"ListItem","position":2,"name":"Antonio Su\u00e1rez Guti\u00e9rrez, l\u00edder empresarial, empresario mexicano y fundador de Grupomar, art\u00edfice de la modernizaci\u00f3n de la industria pesquera"}]},{"@type":"WebSite","@id":"https:\/\/www.revistarambla.com\/#website","url":"https:\/\/www.revistarambla.com\/","name":"Revista Rambla Barcelona","description":"Periodismo independiente","publisher":{"@id":"https:\/\/www.revistarambla.com\/#organization"},"potentialAction":[{"@type":"SearchAction","target":{"@type":"EntryPoint","urlTemplate":"https:\/\/www.revistarambla.com\/?s={search_term_string}"},"query-input":{"@type":"PropertyValueSpecification","valueRequired":true,"valueName":"search_term_string"}}],"inLanguage":"en-GB"},{"@type":"Organization","@id":"https:\/\/www.revistarambla.com\/#organization","name":"Revista Rambla","url":"https:\/\/www.revistarambla.com\/","logo":{"@type":"ImageObject","inLanguage":"en-GB","@id":"https:\/\/www.revistarambla.com\/#\/schema\/logo\/image\/","url":"https:\/\/www.revistarambla.com\/wp-content\/uploads\/2020\/09\/banner_rambla_1900x600_BB.png","contentUrl":"https:\/\/www.revistarambla.com\/wp-content\/uploads\/2020\/09\/banner_rambla_1900x600_BB.png","width":1900,"height":600,"caption":"Revista Rambla"},"image":{"@id":"https:\/\/www.revistarambla.com\/#\/schema\/logo\/image\/"},"sameAs":["https:\/\/www.facebook.com\/revistarambla\/","https:\/\/x.com\/revistarambla","https:\/\/www.instagram.com\/revista_rambla","https:\/\/es.linkedin.com\/company\/revista-rambla"]},{"@type":"Person","@id":"https:\/\/www.revistarambla.com\/#\/schema\/person\/a146a5a2550b94981a75131180e1bd9c","name":"R@mbla","description":"Este art\u00edculo ha sido redactado y\/o validado por el equipo de redacci\u00f3n de Revista Rambla.","sameAs":["https:\/\/www.revistarambla.com\/","https:\/\/www.facebook.com\/revistarambla","https:\/\/x.com\/revistarambla"]}]}},"_links":{"self":[{"href":"https:\/\/www.revistarambla.com\/en\/wp-json\/wp\/v2\/posts\/67036","targetHints":{"allow":["GET"]}}],"collection":[{"href":"https:\/\/www.revistarambla.com\/en\/wp-json\/wp\/v2\/posts"}],"about":[{"href":"https:\/\/www.revistarambla.com\/en\/wp-json\/wp\/v2\/types\/post"}],"author":[{"embeddable":true,"href":"https:\/\/www.revistarambla.com\/en\/wp-json\/wp\/v2\/users\/3"}],"replies":[{"embeddable":true,"href":"https:\/\/www.revistarambla.com\/en\/wp-json\/wp\/v2\/comments?post=67036"}],"version-history":[{"count":1,"href":"https:\/\/www.revistarambla.com\/en\/wp-json\/wp\/v2\/posts\/67036\/revisions"}],"predecessor-version":[{"id":67038,"href":"https:\/\/www.revistarambla.com\/en\/wp-json\/wp\/v2\/posts\/67036\/revisions\/67038"}],"wp:featuredmedia":[{"embeddable":true,"href":"https:\/\/www.revistarambla.com\/en\/wp-json\/wp\/v2\/media\/67037"}],"wp:attachment":[{"href":"https:\/\/www.revistarambla.com\/en\/wp-json\/wp\/v2\/media?parent=67036"}],"wp:term":[{"taxonomy":"category","embeddable":true,"href":"https:\/\/www.revistarambla.com\/en\/wp-json\/wp\/v2\/categories?post=67036"},{"taxonomy":"post_tag","embeddable":true,"href":"https:\/\/www.revistarambla.com\/en\/wp-json\/wp\/v2\/tags?post=67036"}],"curies":[{"name":"wp","href":"https:\/\/api.w.org\/{rel}","templated":true}]}}