{"id":67026,"date":"2025-10-23T18:41:28","date_gmt":"2025-10-23T16:41:28","guid":{"rendered":"https:\/\/www.revistarambla.com\/?p=67026"},"modified":"2025-10-23T18:41:28","modified_gmt":"2025-10-23T16:41:28","slug":"la-vaga-de-lloguers-als-blocs-de-la-caixa-arribara-a-lleida-i-altres-municipis-si-no-hi-ha-solucions-aviat","status":"publish","type":"post","link":"https:\/\/www.revistarambla.com\/en\/la-vaga-de-lloguers-als-blocs-de-la-caixa-arribara-a-lleida-i-altres-municipis-si-no-hi-ha-solucions-aviat\/","title":{"rendered":"La vaga de lloguers als blocs de La Caixa arribar\u00e0 a Lleida i altres municipis si no hi ha solucions aviat"},"content":{"rendered":"<p>No podem esperar m\u00e9s a solucions que no arriben. Aquest ha estat el missatge clar que el Sindicat de Llogateres ha traslladat en la seva primera reuni\u00f3 amb el president de la Generalitat.<\/p>\n<p>El discurs de Salvador Illa se centra gaireb\u00e9 des de l\u2019inici de la legislatura en l\u2019habitatge, que \u00e9s la primera preocupaci\u00f3 de la ciutadania i el principal factor de desigualtat. S\u2019han succe\u00eft anuncis de noves adquisicions d\u2019habitatge protegit que s\u2019est\u00e0 desqualificant, el pacte per regular els lloguers temporals i d\u2019habitacions, el projecte per prorrogar les qualificacions de protecci\u00f3 oficial o la intenci\u00f3 (anunciada ahir al Parlament) d\u2019estudiar la limitaci\u00f3 de l\u2019acaparament de pisos per part de grans tenidors. Per\u00f2 davant de promeses de solucions que no arriben mai, els llogaters perden la paci\u00e8ncia.<\/p>\n<p>Sobre la taula s\u2019han posat la vaga de lloguers, que m\u00e9s d\u2019un centenar de persones est\u00e0 protagonitzant contra la Fundaci\u00f3 La Caixa des del mes d\u2019abril, i mesures que la Generalitat hauria d\u2019activar immediatament per regular el mercat de l\u2019habitatge. \u00c9s per aix\u00f2, que a la comitiva del Sindicat hi havia l\u2019\u00c1gueda Amestoy i el Toni Ca\u00f1izares, llogateres en vaga de Banyoles i Sentmenat respectivament, juntament amb la Carme Arcarazo, l\u2019Enric Aragon\u00e8s i l\u2019Aldo Reverte, portaveus i militants del Sindicat.<\/p>\n<h2>Creix el conflicte contra la Fundaci\u00f3 La Caixa per l\u2019habitatge p\u00fablic: la vaga arriba a Lleida<\/h2>\n<p>InmoCaixa (propietat de la Fundaci\u00f3 La Caixa) t\u00e9 uns 1.400 pisos protegits a Catalunya que estan perdent la seva qualificaci\u00f3 i d\u2019on l\u2019entitat vol fer fora les fam\u00edlies que hi viuen per vendre\u2019ls buits. Despr\u00e9s d\u2019anys de lluita i davant la manca de voluntat de la Fundaci\u00f3 per negociar, el mes d\u2019abril va iniciar-se una vaga de lloguers que acumula ja 230.000 \u20ac retinguts per un centenar de persones mentre es reclama que els pisos passin mans p\u00fabliques i s\u2019aturin les expulsions.<\/p>\n<p>Dues d\u2019aquestes persones s\u00f3n l\u2019\u00c1gueda i el Toni, que han comunicat al president que la vaga \u00e9s a punt de cr\u00e9ixer: el passat diumenge, dues promocions de Lleida amb m\u00e9s de 100 habitatges van decidir per unanimitat sumar-se a la vaga de lloguers. Les setmanes vinents, llogaters d\u2019altres municipis tamb\u00e9 celebraran assemblees per sumar-se a la vaga els mesos vinents.<\/p>\n<p>La vaga i les seves reivindicacions compten amb un ampli suport social. Aix\u00ed, els vaguistes han lliurat al president el manifest signat per federacions i organitzacions com CCOO, UGT, CONFAV, \u00d2mnium Cultural, Affac, l\u2019ANC o la XES. Tamb\u00e9 li han fet arribar les 13 mocions municipals que ajuntaments i un consell comarcal han aprovat on demanen que l\u2019administraci\u00f3 p\u00fablica adquireixi els blocs.<\/p>\n<p>Els vaguistes han insistit en la urg\u00e8ncia de blindar la protecci\u00f3 a totes les promocions d\u2019habitatge de La Caixa traspassant-les al parc p\u00fablic i, m\u00e9s enll\u00e0, aturar els processos de desqualificaci\u00f3 que pateixen m\u00e9s de 40.000 habitatges protegits a Catalunya. L\u2019acord pol\u00edtic assolit el passat 8 d\u2019abril contemplava la pr\u00f2rroga d\u2019aquestes qualificacions en zones tensionades, per\u00f2 encara no ha arribat al Parlament.<\/p>\n<h2>Els habitatges s\u00f3n per viure-hi: regulaci\u00f3 de lloguers temporals i colivings i l\u00edmits a la compra especulativa<\/h2>\n<p>Les manifestacions del curs passat van deixar clar un missatge: el dret a l\u2019habitatge i l\u2019especulaci\u00f3 s\u00f3n contradictoris i incompatibles. Va ser just despr\u00e9s d\u2019una enorme mobilitzaci\u00f3 que es va tancar un acord per regular els lloguers de temporada i d\u2019habitacions entre PSC, ERC, Comuns i CUP . M\u00e9s de mig any m\u00e9s tard, per\u00f2, la norma encara no ha entrat en vigor. El Sindicat ha demanat al president el comprom\u00eds que aquest projecte de llei es voti al proper ple del Parlament, previst pels dies 4, 5 i 6 de novembre. Durant aquests sis mesos d\u2019espera, milers de llars s\u2019han vist desprotegides davant aquesta escletxa legal per esquivar la regulaci\u00f3 de preus.<\/p>\n<p>Aquesta no \u00e9s, per\u00f2, l\u2019\u00fanica soluci\u00f3 que el Sindicat ha posat sobre la taula. La delegaci\u00f3 llogatera ha lliurat un dossier amb sis mesures\u00a0(adjunt) per regular el mercat privat d\u2019habitatge, refor\u00e7ar el parc p\u00fablic i recon\u00e8ixer l\u2019organitzaci\u00f3 llogatera.<\/p>\n<p>La m\u00e9s destacada: posar l\u00edmits legals a les compres especulatives d\u2019habitatge. El Sindicat proposa que nom\u00e9s es pugui comprar habitatge si \u00e9s per viure-hi, per\u00f2 no per especular-hi. Fa poques setmanes, un informe del jurista Pablo Feu mostrava que \u00e9s viable legalment i, tot just ahir, el president va comprometre\u2019s a estudiar la mesura. Sense mesures que aturin les pr\u00e0ctiques especulatives i l\u2019acumulaci\u00f3 d\u2019habitatges en poques mans, no serveix de res prometre la construcci\u00f3 de milers d\u2019habitatges: no serviran perqu\u00e8 hi visqui gent a preus assequibles.<\/p>","protected":false},"excerpt":{"rendered":"<p>El President de la Generalitat s\u2019ha reunit avui amb el Sindicat de Llogateres i delegats dels vaguistes contra La Caixa<\/p>","protected":false},"author":328,"featured_media":67027,"comment_status":"closed","ping_status":"closed","sticky":false,"template":"","format":"standard","meta":{"footnotes":""},"categories":[4079],"tags":[],"class_list":["post-67026","post","type-post","status-publish","format-standard","has-post-thumbnail","hentry","category-tribuna-libre"],"yoast_head":"<!-- This site is optimized with the Yoast SEO plugin v27.5 - https:\/\/yoast.com\/product\/yoast-seo-wordpress\/ -->\n<title>La vaga de lloguers als blocs de La Caixa arribar\u00e0 a Lleida i altres municipis si no hi ha solucions aviat - Revista Rambla<\/title>\n<meta name=\"robots\" content=\"index, follow, max-snippet:-1, max-image-preview:large, max-video-preview:-1\" \/>\n<link rel=\"canonical\" href=\"https:\/\/www.revistarambla.com\/en\/la-vaga-de-lloguers-als-blocs-de-la-caixa-arribara-a-lleida-i-altres-municipis-si-no-hi-ha-solucions-aviat\/\" \/>\n<meta property=\"og:locale\" content=\"en_GB\" \/>\n<meta property=\"og:type\" content=\"article\" \/>\n<meta property=\"og:title\" content=\"La vaga de lloguers als blocs de La Caixa arribar\u00e0 a Lleida i altres municipis si no hi ha solucions aviat - Revista Rambla\" \/>\n<meta property=\"og:description\" content=\"El President de la Generalitat s\u2019ha reunit avui amb el Sindicat de Llogateres i delegats dels vaguistes contra La Caixa\" \/>\n<meta property=\"og:url\" content=\"https:\/\/www.revistarambla.com\/en\/la-vaga-de-lloguers-als-blocs-de-la-caixa-arribara-a-lleida-i-altres-municipis-si-no-hi-ha-solucions-aviat\/\" \/>\n<meta property=\"og:site_name\" content=\"Revista Rambla\" \/>\n<meta property=\"article:publisher\" content=\"https:\/\/www.facebook.com\/revistarambla\/\" \/>\n<meta property=\"article:author\" content=\"https:\/\/www.facebook.com\/SindicatLloguer\/\" \/>\n<meta property=\"article:published_time\" content=\"2025-10-23T16:41:28+00:00\" \/>\n<meta property=\"og:image\" content=\"https:\/\/www.revistarambla.com\/wp-content\/uploads\/2025\/10\/reunimhpilla.jpg\" \/>\n\t<meta property=\"og:image:width\" content=\"1920\" \/>\n\t<meta property=\"og:image:height\" content=\"1440\" \/>\n\t<meta property=\"og:image:type\" content=\"image\/jpeg\" \/>\n<meta name=\"author\" content=\"Sindicat de Llogateres\" \/>\n<meta name=\"twitter:card\" content=\"summary_large_image\" \/>\n<meta name=\"twitter:creator\" content=\"@sindicatlloguer\" \/>\n<meta name=\"twitter:site\" content=\"@revistarambla\" \/>\n<meta name=\"twitter:label1\" content=\"Written by\" \/>\n\t<meta name=\"twitter:data1\" content=\"Sindicat de Llogateres\" \/>\n\t<meta name=\"twitter:label2\" content=\"Estimated reading time\" \/>\n\t<meta name=\"twitter:data2\" content=\"4 minutes\" \/>\n<script type=\"application\/ld+json\" class=\"yoast-schema-graph\">{\"@context\":\"https:\\\/\\\/schema.org\",\"@graph\":[{\"@type\":\"Article\",\"@id\":\"https:\\\/\\\/www.revistarambla.com\\\/la-vaga-de-lloguers-als-blocs-de-la-caixa-arribara-a-lleida-i-altres-municipis-si-no-hi-ha-solucions-aviat\\\/#article\",\"isPartOf\":{\"@id\":\"https:\\\/\\\/www.revistarambla.com\\\/la-vaga-de-lloguers-als-blocs-de-la-caixa-arribara-a-lleida-i-altres-municipis-si-no-hi-ha-solucions-aviat\\\/\"},\"author\":{\"name\":\"Sindicat de Llogateres\",\"@id\":\"https:\\\/\\\/www.revistarambla.com\\\/#\\\/schema\\\/person\\\/cdb47f1b20cae4529e0d80b9b620ee26\"},\"headline\":\"La vaga de lloguers als blocs de La Caixa arribar\u00e0 a Lleida i altres municipis si no hi ha solucions aviat\",\"datePublished\":\"2025-10-23T16:41:28+00:00\",\"mainEntityOfPage\":{\"@id\":\"https:\\\/\\\/www.revistarambla.com\\\/la-vaga-de-lloguers-als-blocs-de-la-caixa-arribara-a-lleida-i-altres-municipis-si-no-hi-ha-solucions-aviat\\\/\"},\"wordCount\":833,\"publisher\":{\"@id\":\"https:\\\/\\\/www.revistarambla.com\\\/#organization\"},\"image\":{\"@id\":\"https:\\\/\\\/www.revistarambla.com\\\/la-vaga-de-lloguers-als-blocs-de-la-caixa-arribara-a-lleida-i-altres-municipis-si-no-hi-ha-solucions-aviat\\\/#primaryimage\"},\"thumbnailUrl\":\"https:\\\/\\\/www.revistarambla.com\\\/wp-content\\\/uploads\\\/2025\\\/10\\\/reunimhpilla.jpg\",\"articleSection\":[\"Tribuna Libre\"],\"inLanguage\":\"en-GB\"},{\"@type\":\"WebPage\",\"@id\":\"https:\\\/\\\/www.revistarambla.com\\\/la-vaga-de-lloguers-als-blocs-de-la-caixa-arribara-a-lleida-i-altres-municipis-si-no-hi-ha-solucions-aviat\\\/\",\"url\":\"https:\\\/\\\/www.revistarambla.com\\\/la-vaga-de-lloguers-als-blocs-de-la-caixa-arribara-a-lleida-i-altres-municipis-si-no-hi-ha-solucions-aviat\\\/\",\"name\":\"La vaga de lloguers als blocs de La Caixa arribar\u00e0 a Lleida i altres municipis si no hi ha solucions aviat - Revista Rambla\",\"isPartOf\":{\"@id\":\"https:\\\/\\\/www.revistarambla.com\\\/#website\"},\"primaryImageOfPage\":{\"@id\":\"https:\\\/\\\/www.revistarambla.com\\\/la-vaga-de-lloguers-als-blocs-de-la-caixa-arribara-a-lleida-i-altres-municipis-si-no-hi-ha-solucions-aviat\\\/#primaryimage\"},\"image\":{\"@id\":\"https:\\\/\\\/www.revistarambla.com\\\/la-vaga-de-lloguers-als-blocs-de-la-caixa-arribara-a-lleida-i-altres-municipis-si-no-hi-ha-solucions-aviat\\\/#primaryimage\"},\"thumbnailUrl\":\"https:\\\/\\\/www.revistarambla.com\\\/wp-content\\\/uploads\\\/2025\\\/10\\\/reunimhpilla.jpg\",\"datePublished\":\"2025-10-23T16:41:28+00:00\",\"breadcrumb\":{\"@id\":\"https:\\\/\\\/www.revistarambla.com\\\/la-vaga-de-lloguers-als-blocs-de-la-caixa-arribara-a-lleida-i-altres-municipis-si-no-hi-ha-solucions-aviat\\\/#breadcrumb\"},\"inLanguage\":\"en-GB\",\"potentialAction\":[{\"@type\":\"ReadAction\",\"target\":[\"https:\\\/\\\/www.revistarambla.com\\\/la-vaga-de-lloguers-als-blocs-de-la-caixa-arribara-a-lleida-i-altres-municipis-si-no-hi-ha-solucions-aviat\\\/\"]}]},{\"@type\":\"ImageObject\",\"inLanguage\":\"en-GB\",\"@id\":\"https:\\\/\\\/www.revistarambla.com\\\/la-vaga-de-lloguers-als-blocs-de-la-caixa-arribara-a-lleida-i-altres-municipis-si-no-hi-ha-solucions-aviat\\\/#primaryimage\",\"url\":\"https:\\\/\\\/www.revistarambla.com\\\/wp-content\\\/uploads\\\/2025\\\/10\\\/reunimhpilla.jpg\",\"contentUrl\":\"https:\\\/\\\/www.revistarambla.com\\\/wp-content\\\/uploads\\\/2025\\\/10\\\/reunimhpilla.jpg\",\"width\":1920,\"height\":1440,\"caption\":\"vaga lloguers LA CAIXA\"},{\"@type\":\"BreadcrumbList\",\"@id\":\"https:\\\/\\\/www.revistarambla.com\\\/la-vaga-de-lloguers-als-blocs-de-la-caixa-arribara-a-lleida-i-altres-municipis-si-no-hi-ha-solucions-aviat\\\/#breadcrumb\",\"itemListElement\":[{\"@type\":\"ListItem\",\"position\":1,\"name\":\"Portada\",\"item\":\"https:\\\/\\\/www.revistarambla.com\\\/\"},{\"@type\":\"ListItem\",\"position\":2,\"name\":\"La vaga de lloguers als blocs de La Caixa arribar\u00e0 a Lleida i altres municipis si no hi ha solucions aviat\"}]},{\"@type\":\"WebSite\",\"@id\":\"https:\\\/\\\/www.revistarambla.com\\\/#website\",\"url\":\"https:\\\/\\\/www.revistarambla.com\\\/\",\"name\":\"Revista Rambla Barcelona\",\"description\":\"Periodismo independiente\",\"publisher\":{\"@id\":\"https:\\\/\\\/www.revistarambla.com\\\/#organization\"},\"potentialAction\":[{\"@type\":\"SearchAction\",\"target\":{\"@type\":\"EntryPoint\",\"urlTemplate\":\"https:\\\/\\\/www.revistarambla.com\\\/?s={search_term_string}\"},\"query-input\":{\"@type\":\"PropertyValueSpecification\",\"valueRequired\":true,\"valueName\":\"search_term_string\"}}],\"inLanguage\":\"en-GB\"},{\"@type\":\"Organization\",\"@id\":\"https:\\\/\\\/www.revistarambla.com\\\/#organization\",\"name\":\"Revista Rambla\",\"url\":\"https:\\\/\\\/www.revistarambla.com\\\/\",\"logo\":{\"@type\":\"ImageObject\",\"inLanguage\":\"en-GB\",\"@id\":\"https:\\\/\\\/www.revistarambla.com\\\/#\\\/schema\\\/logo\\\/image\\\/\",\"url\":\"https:\\\/\\\/www.revistarambla.com\\\/wp-content\\\/uploads\\\/2020\\\/09\\\/banner_rambla_1900x600_BB.png\",\"contentUrl\":\"https:\\\/\\\/www.revistarambla.com\\\/wp-content\\\/uploads\\\/2020\\\/09\\\/banner_rambla_1900x600_BB.png\",\"width\":1900,\"height\":600,\"caption\":\"Revista Rambla\"},\"image\":{\"@id\":\"https:\\\/\\\/www.revistarambla.com\\\/#\\\/schema\\\/logo\\\/image\\\/\"},\"sameAs\":[\"https:\\\/\\\/www.facebook.com\\\/revistarambla\\\/\",\"https:\\\/\\\/x.com\\\/revistarambla\",\"https:\\\/\\\/www.instagram.com\\\/revista_rambla\",\"https:\\\/\\\/es.linkedin.com\\\/company\\\/revista-rambla\"]},{\"@type\":\"Person\",\"@id\":\"https:\\\/\\\/www.revistarambla.com\\\/#\\\/schema\\\/person\\\/cdb47f1b20cae4529e0d80b9b620ee26\",\"name\":\"Sindicat de Llogateres\",\"description\":\"Protegim el dret a l'habitatge. Millorem la vida de la gent. Ajuda'ns a seguir canviant les coses i suma-t'hi.\",\"sameAs\":[\"http:\\\/\\\/sindicatdellogateres.org\\\/\",\"https:\\\/\\\/www.facebook.com\\\/SindicatLloguer\\\/\",\"https:\\\/\\\/x.com\\\/sindicatlloguer\"]}]}<\/script>\n<!-- \/ Yoast SEO plugin. -->","yoast_head_json":{"title":"La vaga de lloguers als blocs de La Caixa arribar\u00e0 a Lleida i altres municipis si no hi ha solucions aviat - Revista Rambla","robots":{"index":"index","follow":"follow","max-snippet":"max-snippet:-1","max-image-preview":"max-image-preview:large","max-video-preview":"max-video-preview:-1"},"canonical":"https:\/\/www.revistarambla.com\/en\/la-vaga-de-lloguers-als-blocs-de-la-caixa-arribara-a-lleida-i-altres-municipis-si-no-hi-ha-solucions-aviat\/","og_locale":"en_GB","og_type":"article","og_title":"La vaga de lloguers als blocs de La Caixa arribar\u00e0 a Lleida i altres municipis si no hi ha solucions aviat - Revista Rambla","og_description":"El President de la Generalitat s\u2019ha reunit avui amb el Sindicat de Llogateres i delegats dels vaguistes contra La Caixa","og_url":"https:\/\/www.revistarambla.com\/en\/la-vaga-de-lloguers-als-blocs-de-la-caixa-arribara-a-lleida-i-altres-municipis-si-no-hi-ha-solucions-aviat\/","og_site_name":"Revista Rambla","article_publisher":"https:\/\/www.facebook.com\/revistarambla\/","article_author":"https:\/\/www.facebook.com\/SindicatLloguer\/","article_published_time":"2025-10-23T16:41:28+00:00","og_image":[{"width":1920,"height":1440,"url":"https:\/\/www.revistarambla.com\/wp-content\/uploads\/2025\/10\/reunimhpilla.jpg","type":"image\/jpeg"}],"author":"Sindicat de Llogateres","twitter_card":"summary_large_image","twitter_creator":"@sindicatlloguer","twitter_site":"@revistarambla","twitter_misc":{"Written by":"Sindicat de Llogateres","Estimated reading time":"4 minutes"},"schema":{"@context":"https:\/\/schema.org","@graph":[{"@type":"Article","@id":"https:\/\/www.revistarambla.com\/la-vaga-de-lloguers-als-blocs-de-la-caixa-arribara-a-lleida-i-altres-municipis-si-no-hi-ha-solucions-aviat\/#article","isPartOf":{"@id":"https:\/\/www.revistarambla.com\/la-vaga-de-lloguers-als-blocs-de-la-caixa-arribara-a-lleida-i-altres-municipis-si-no-hi-ha-solucions-aviat\/"},"author":{"name":"Sindicat de Llogateres","@id":"https:\/\/www.revistarambla.com\/#\/schema\/person\/cdb47f1b20cae4529e0d80b9b620ee26"},"headline":"La vaga de lloguers als blocs de La Caixa arribar\u00e0 a Lleida i altres municipis si no hi ha solucions aviat","datePublished":"2025-10-23T16:41:28+00:00","mainEntityOfPage":{"@id":"https:\/\/www.revistarambla.com\/la-vaga-de-lloguers-als-blocs-de-la-caixa-arribara-a-lleida-i-altres-municipis-si-no-hi-ha-solucions-aviat\/"},"wordCount":833,"publisher":{"@id":"https:\/\/www.revistarambla.com\/#organization"},"image":{"@id":"https:\/\/www.revistarambla.com\/la-vaga-de-lloguers-als-blocs-de-la-caixa-arribara-a-lleida-i-altres-municipis-si-no-hi-ha-solucions-aviat\/#primaryimage"},"thumbnailUrl":"https:\/\/www.revistarambla.com\/wp-content\/uploads\/2025\/10\/reunimhpilla.jpg","articleSection":["Tribuna Libre"],"inLanguage":"en-GB"},{"@type":"WebPage","@id":"https:\/\/www.revistarambla.com\/la-vaga-de-lloguers-als-blocs-de-la-caixa-arribara-a-lleida-i-altres-municipis-si-no-hi-ha-solucions-aviat\/","url":"https:\/\/www.revistarambla.com\/la-vaga-de-lloguers-als-blocs-de-la-caixa-arribara-a-lleida-i-altres-municipis-si-no-hi-ha-solucions-aviat\/","name":"La vaga de lloguers als blocs de La Caixa arribar\u00e0 a Lleida i altres municipis si no hi ha solucions aviat - Revista Rambla","isPartOf":{"@id":"https:\/\/www.revistarambla.com\/#website"},"primaryImageOfPage":{"@id":"https:\/\/www.revistarambla.com\/la-vaga-de-lloguers-als-blocs-de-la-caixa-arribara-a-lleida-i-altres-municipis-si-no-hi-ha-solucions-aviat\/#primaryimage"},"image":{"@id":"https:\/\/www.revistarambla.com\/la-vaga-de-lloguers-als-blocs-de-la-caixa-arribara-a-lleida-i-altres-municipis-si-no-hi-ha-solucions-aviat\/#primaryimage"},"thumbnailUrl":"https:\/\/www.revistarambla.com\/wp-content\/uploads\/2025\/10\/reunimhpilla.jpg","datePublished":"2025-10-23T16:41:28+00:00","breadcrumb":{"@id":"https:\/\/www.revistarambla.com\/la-vaga-de-lloguers-als-blocs-de-la-caixa-arribara-a-lleida-i-altres-municipis-si-no-hi-ha-solucions-aviat\/#breadcrumb"},"inLanguage":"en-GB","potentialAction":[{"@type":"ReadAction","target":["https:\/\/www.revistarambla.com\/la-vaga-de-lloguers-als-blocs-de-la-caixa-arribara-a-lleida-i-altres-municipis-si-no-hi-ha-solucions-aviat\/"]}]},{"@type":"ImageObject","inLanguage":"en-GB","@id":"https:\/\/www.revistarambla.com\/la-vaga-de-lloguers-als-blocs-de-la-caixa-arribara-a-lleida-i-altres-municipis-si-no-hi-ha-solucions-aviat\/#primaryimage","url":"https:\/\/www.revistarambla.com\/wp-content\/uploads\/2025\/10\/reunimhpilla.jpg","contentUrl":"https:\/\/www.revistarambla.com\/wp-content\/uploads\/2025\/10\/reunimhpilla.jpg","width":1920,"height":1440,"caption":"vaga lloguers LA CAIXA"},{"@type":"BreadcrumbList","@id":"https:\/\/www.revistarambla.com\/la-vaga-de-lloguers-als-blocs-de-la-caixa-arribara-a-lleida-i-altres-municipis-si-no-hi-ha-solucions-aviat\/#breadcrumb","itemListElement":[{"@type":"ListItem","position":1,"name":"Portada","item":"https:\/\/www.revistarambla.com\/"},{"@type":"ListItem","position":2,"name":"La vaga de lloguers als blocs de La Caixa arribar\u00e0 a Lleida i altres municipis si no hi ha solucions aviat"}]},{"@type":"WebSite","@id":"https:\/\/www.revistarambla.com\/#website","url":"https:\/\/www.revistarambla.com\/","name":"Revista Rambla Barcelona","description":"Periodismo independiente","publisher":{"@id":"https:\/\/www.revistarambla.com\/#organization"},"potentialAction":[{"@type":"SearchAction","target":{"@type":"EntryPoint","urlTemplate":"https:\/\/www.revistarambla.com\/?s={search_term_string}"},"query-input":{"@type":"PropertyValueSpecification","valueRequired":true,"valueName":"search_term_string"}}],"inLanguage":"en-GB"},{"@type":"Organization","@id":"https:\/\/www.revistarambla.com\/#organization","name":"Revista Rambla","url":"https:\/\/www.revistarambla.com\/","logo":{"@type":"ImageObject","inLanguage":"en-GB","@id":"https:\/\/www.revistarambla.com\/#\/schema\/logo\/image\/","url":"https:\/\/www.revistarambla.com\/wp-content\/uploads\/2020\/09\/banner_rambla_1900x600_BB.png","contentUrl":"https:\/\/www.revistarambla.com\/wp-content\/uploads\/2020\/09\/banner_rambla_1900x600_BB.png","width":1900,"height":600,"caption":"Revista Rambla"},"image":{"@id":"https:\/\/www.revistarambla.com\/#\/schema\/logo\/image\/"},"sameAs":["https:\/\/www.facebook.com\/revistarambla\/","https:\/\/x.com\/revistarambla","https:\/\/www.instagram.com\/revista_rambla","https:\/\/es.linkedin.com\/company\/revista-rambla"]},{"@type":"Person","@id":"https:\/\/www.revistarambla.com\/#\/schema\/person\/cdb47f1b20cae4529e0d80b9b620ee26","name":"Sindicat de Llogateres","description":"Protegim el dret a l'habitatge. Millorem la vida de la gent. Ajuda'ns a seguir canviant les coses i suma-t'hi.","sameAs":["http:\/\/sindicatdellogateres.org\/","https:\/\/www.facebook.com\/SindicatLloguer\/","https:\/\/x.com\/sindicatlloguer"]}]}},"_links":{"self":[{"href":"https:\/\/www.revistarambla.com\/en\/wp-json\/wp\/v2\/posts\/67026","targetHints":{"allow":["GET"]}}],"collection":[{"href":"https:\/\/www.revistarambla.com\/en\/wp-json\/wp\/v2\/posts"}],"about":[{"href":"https:\/\/www.revistarambla.com\/en\/wp-json\/wp\/v2\/types\/post"}],"author":[{"embeddable":true,"href":"https:\/\/www.revistarambla.com\/en\/wp-json\/wp\/v2\/users\/328"}],"replies":[{"embeddable":true,"href":"https:\/\/www.revistarambla.com\/en\/wp-json\/wp\/v2\/comments?post=67026"}],"version-history":[{"count":1,"href":"https:\/\/www.revistarambla.com\/en\/wp-json\/wp\/v2\/posts\/67026\/revisions"}],"predecessor-version":[{"id":67028,"href":"https:\/\/www.revistarambla.com\/en\/wp-json\/wp\/v2\/posts\/67026\/revisions\/67028"}],"wp:featuredmedia":[{"embeddable":true,"href":"https:\/\/www.revistarambla.com\/en\/wp-json\/wp\/v2\/media\/67027"}],"wp:attachment":[{"href":"https:\/\/www.revistarambla.com\/en\/wp-json\/wp\/v2\/media?parent=67026"}],"wp:term":[{"taxonomy":"category","embeddable":true,"href":"https:\/\/www.revistarambla.com\/en\/wp-json\/wp\/v2\/categories?post=67026"},{"taxonomy":"post_tag","embeddable":true,"href":"https:\/\/www.revistarambla.com\/en\/wp-json\/wp\/v2\/tags?post=67026"}],"curies":[{"name":"wp","href":"https:\/\/api.w.org\/{rel}","templated":true}]}}