{"id":67021,"date":"2025-10-23T18:32:23","date_gmt":"2025-10-23T16:32:23","guid":{"rendered":"https:\/\/www.revistarambla.com\/?p=67021"},"modified":"2025-10-23T18:35:32","modified_gmt":"2025-10-23T16:35:32","slug":"eduardo-haro-ibars-el-poeta-maldito-de-la-transicion-espanola","status":"publish","type":"post","link":"https:\/\/www.revistarambla.com\/en\/eduardo-haro-ibars-el-poeta-maldito-de-la-transicion-espanola\/","title":{"rendered":"Eduardo Haro Ibars: el poeta maldito de la Transici\u00f3n espa\u00f1ola"},"content":{"rendered":"<p>Eduardo Haro Ibars (1948-1988), hijo de una familia de intelectuales antifranquistas, se erigi\u00f3 en un referente de la contracultura durante la Transici\u00f3n, fusionando poes\u00eda surrealista con ensayos provocadores sobre rock, drogas y sexualidad disidente. Su obra, marcada por un erotismo crudo y una cr\u00edtica social implacable, lo posiciona como un precursor de la Movida Madrile\u00f1a y un \u00abpoeta maldito\u00bb \u2013o \u00abmaldecido\u00bb, como \u00e9l prefer\u00eda autodenominarse\u2013 cuya vida y creaci\u00f3n desafiaron los tab\u00faes del posfranquismo.<\/p>\n<p>Haro Ibars no fue solo un escritor; fue un catalizador cultural que conect\u00f3 la herencia beatnik con el punk ib\u00e9rico, influyendo en m\u00fasicos, artistas y activistas. Su trayectoria, truncada por el SIDA a los 40 a\u00f1os, refleja las tensiones de una generaci\u00f3n perdida entre la represi\u00f3n franquista y la efervescencia democr\u00e1tica. Como se\u00f1ala J. Benito Fern\u00e1ndez en su exhaustiva biograf\u00eda <em>Eduardo Haro Ibars: los pasos del ca\u00eddo<\/em>\u00a0(2005), Haro Ibars represent\u00f3 \u00ablos avatares de la &#8216;generaci\u00f3n perdida&#8217; espa\u00f1ola\u00bb, un grupo de intelectuales marginados por su adhesi\u00f3n a estilos de vida transgresores.<\/p>\n<h2>T\u00e1nger: Los Or\u00edgenes de la Rebeld\u00eda<\/h2>\n<p>Eduardo Haro Ibars naci\u00f3 el 30 de abril de 1948 en Madrid, en el seno de una familia marcada por el periodismo y la disidencia pol\u00edtica. Hijo del c\u00e9lebre periodista Eduardo Haro Tecglen \u2013conocido por su columna en <em>El Pa\u00eds<\/em>\u00a0y su militancia izquierdista\u2013 y de Pilar Yvars, tambi\u00e9n periodista, Haro Ibars creci\u00f3 en un ambiente intelectual que lo expuso tempranamente a las ideas progresistas. Su abuelo, Eduardo Haro Delage, fue un comedi\u00f3grafo y periodista represaliado durante la Guerra Civil, lo que imprimi\u00f3 en la familia un legado de resistencia cultural. Ten\u00eda un hermano menor, Eugenio Haro Ibars, quien m\u00e1s tarde se involucrar\u00eda en la escena musical de la Movida como miembro de bandas como Glutamato Ye-Y\u00e9.<\/p>\n<p>Sin embargo, el periodo formativo clave de Haro Ibars transcurri\u00f3 en T\u00e1nger, Marruecos, donde su familia se traslad\u00f3 a finales de los a\u00f1os 60. All\u00ed, su padre dirigi\u00f3 el diario <em>Espa\u00f1a<\/em>, el \u00faltimo basti\u00f3n de la prensa espa\u00f1ola en la zona internacional. T\u00e1nger, con su atm\u00f3sfera cosmopolita y bohemia, fue un crisol de influencias para el joven Eduardo. En esta ciudad, conoci\u00f3 a exponentes de la Generaci\u00f3n Beat como William S. Burroughs, <a href=\"https:\/\/www.revistarambla.com\/en\/vidas-privadas-carta-de-jane-a-paul-bowles\/\">Paul y Jane Bowles<\/a>, y el pintor Francis Bacon, figuras que lo introdujeron en el surrealismo, el dada\u00edsmo y la experimentaci\u00f3n con drogas y sexualidad. Como recuerda su amigo Luis Antonio de Villena, Haro Ibars guardaba un \u00abrecuerdo m\u00edtico\u00bb de T\u00e1nger, donde aprendi\u00f3 \u00abritos de paso\u00bb como el sexo con chicos, las drogas y la vida callejera, en un entorno de gran cultura internacional.<\/p>\n<p>Esta etapa molde\u00f3 su identidad bisexual y su adhesi\u00f3n a una homosexualidad como forma de rebeli\u00f3n, opuesta a la normalizaci\u00f3n burguesa. Haro Ibars se autodenomin\u00f3 \u00abhomosexual, drogadicto y delincuente\u00bb, una declaraci\u00f3n que encapsulaba su rechazo al conformismo social. En 1968, de regreso en Espa\u00f1a, fue arrestado en Zamora por consumo de cannabis, compartiendo celda con el poeta Leopoldo Mar\u00eda Panero. Aunque esta experiencia los uni\u00f3 inicialmente, Haro Ibars evit\u00f3 comparaciones con Panero, a quien consideraba ca\u00f3tico, mientras \u00e9l se ve\u00eda como l\u00facido y clarividente.<\/p>\n<h2>Inicios Literarios y la Vanguardia Po\u00e9tica<\/h2>\n<p>Los primeros pasos literarios de Haro Ibars datan de los a\u00f1os 70, cuando public\u00f3 poemas surrealistas en revistas como <em>Papeles de Son Armadans<\/em> (1972). Su debut ensay\u00edstico, <em>Gay Rock<\/em> (1975), editado por Ediciones J\u00facar gracias a la mediaci\u00f3n de Mariano Antol\u00edn Rato, fue un hito en la difusi\u00f3n de la cultura glam y punk en Espa\u00f1a. El libro homenajeaba a figuras como David Bowie y The Velvet Underground, conectando m\u00fasica con est\u00e9tica queer y underground. Este ensayo inspir\u00f3 directamente a artistas de la Movida, como Alaska, quien, influida por \u00e9l, compr\u00f3 <em>Space Oddity<\/em>\u00a0de Bowie y expres\u00f3 su deseo de \u00abser un chico para poder ser queer\u00bb.<\/p>\n<p>Su poes\u00eda, de car\u00e1cter vanguardista y surrealista, exploraba temas como el erotismo homosexual, la muerte y las drogas. <em>P\u00e9rdidas blancas<\/em> (1978), galardonado con el Premio de Poes\u00eda Puente Cultural, es un volumen semibiogr\u00e1fico y er\u00f3tico que fusiona lirismo con elementos punk. Le siguieron <em>Empalador<\/em> (1980), influido por el vampirismo anglosaj\u00f3n y que indaga en el erotismo y la muerte; <em>Sex Fiction<\/em> (1981), con toques de ciencia ficci\u00f3n; y <em>En rojo<\/em> (1985), que subvierte lo pol\u00edtico a trav\u00e9s de experiencias con hero\u00edna. La edici\u00f3n completa <em>Obra po\u00e9tica<\/em> (2001), con pr\u00f3logo de Francisco Nieva, recopila estos trabajos, destacando su experimentaci\u00f3n formal y su rechazo a escuelas literarias convencionales.<\/p>\n<p>En narrativa, Haro Ibars incursion\u00f3 en la ciencia ficci\u00f3n con <em>El polvo azul: Cuentos del nuevo mundo el\u00e9ctrico<\/em> (1985), inaugurando una colecci\u00f3n en Ediciones Libertarias, y <em>El libro de los h\u00e9roes<\/em> (1985). P\u00f3stumamente, se public\u00f3 <em>Intersecciones<\/em> (1991), con pr\u00f3logos de sus padres. Su ensayo <em>De qu\u00e9 van las drogas<\/em> (1978) desmitifica el consumo de sustancias, mientras <em>Cultura y memoria \u00aba la contra\u00bb<\/em> (2016) recopila art\u00edculos de\u00a0<em>Triunfo<\/em> y <em>Tiempo de Historia<\/em>, donde abogaba por la contracultura. Como traductor, adapt\u00f3 <em>El sepulcro<\/em> de H.P. Lovecraft (1974), mostrando su afinidad por lo fant\u00e1stico.<\/p>\n<p>Expertos como Villena destacan que Haro Ibars escrib\u00eda en \u00abresacas matutinas con raptos de lirismo\u00bb, produciendo poemas excelentes aunque descuidados. Su prosa narrativa intentaba emular el \u00abtexto\u00bb de la revista <em>Tel Quel<\/em>, pero no siempre alcanz\u00f3 la novedad estil\u00edstica deseada.<\/p>\n<h2>De la Clandestinidad al Activismo<\/h2>\n<p>Durante el tardofranquismo, Haro Ibars fue un representante clave de la juventud antifranquista. Colabor\u00f3 con el Frente Homosexual de Acci\u00f3n Revolucionaria (FHAR, 1976-1977), precursor del movimiento de liberaci\u00f3n gay en Madrid, que se integr\u00f3 en el FLHOC. Mantuvo afinidades libertarias y milit\u00f3 en la Liga Comunista Revolucionaria (LCR). Sus art\u00edculos, como \u00abPunks y punkettes, salid de vuestras alcantarillas\u00bb en <em>Triunfo<\/em> (1979), promov\u00edan la rebeli\u00f3n juvenil y queer contra el r\u00e9gimen.<\/p>\n<p>El uso de hero\u00edna y otras drogas fue central en su vida, granje\u00e1ndole la etiqueta de poeta maldito. Escribi\u00f3 sobre condiciones carcelarias y fallos en organizaciones progresistas, foregroundando las vidas de marginados. Su bisexualidad lo posicion\u00f3 como pionero en la literatura gay espa\u00f1ola, oponi\u00e9ndose al matrimonio homosexual y aline\u00e1ndose con autores como <a href=\"https:\/\/www.revistarambla.com\/en\/cuando-barcelona-era-una-fiesta\/\">Jean Genet<\/a>.<\/p>\n<h2>Vida Personal: Marginalidad y Relaciones<\/h2>\n<p>Haro Ibars asumi\u00f3 una marginalidad voluntaria, experimentando con alcohol y drogas. Fumaba incesantemente, beb\u00eda excesivamente y, en sus \u00faltimos a\u00f1os, se maquillaba para ocultar el los estragos del SIDA. Su relaci\u00f3n con Panero fue tensa; lo evitaba, llam\u00e1ndolo \u00abplasta\u00bb. Con Villena comparti\u00f3 noches felices en los 70, junto a su hermano Eugenio. Actu\u00f3 en performances po\u00e9ticas bajo el nombre Gelatina Dura.<\/p>\n<p>Contrajo el SIDA por uso de jeringuillas compartidas, muriendo en 1988. Su obituario, escrito por Villena en <em>ABC<\/em>, y un homenaje en el Palacio Longoria, con participantes como Jes\u00fas Ordov\u00e1s, marcaron su partida.<\/p>\n<h2>Influencia en la Movida y la Literatura Contempor\u00e1nea<\/h2>\n<p>Haro Ibars influy\u00f3 decisivamente en la Movida Madrile\u00f1a, con sus versos musicados por Orquesta Mondrag\u00f3n (<em>Mu\u00f1eca hinchable<\/em>, 1979), Azul y Negro, y Gabinete Caligari (\u00abPecados m\u00e1s dulces que un zapato de raso\u00bb). Como \u00abpoeta de la movida\u00bb, promovi\u00f3 el punk y new wave, inspirando a una generaci\u00f3n de rebeldes queer.<\/p>\n<p>Su legado persiste en estudios sobre la contracultura transicional. La biograf\u00eda de Fern\u00e1ndez (2005) lo retrata como emblema de la generaci\u00f3n maldita, mientras obras como <em>Madrid ha muerto<\/em> (1999) y <em>Malditos<\/em>\u00a0(2010) de Villena lo inmortalizan. En la literatura actual, Haro Ibars representa la fusi\u00f3n de arte y activismo, un recordatorio de que la poes\u00eda puede ser un acto de insumisi\u00f3n.<\/p>\n<p>Eduardo Haro Ibars encarna la esencia de una literatura que desaf\u00eda fronteras: entre lo po\u00e9tico y lo pol\u00edtico, lo er\u00f3tico y lo marginal. Su breve, pero intensa trayectoria, truncada por las epidemias de su \u00e9poca, deja un corpus que invita a repensar la Transici\u00f3n no solo como liberaci\u00f3n, sino como espacio de p\u00e9rdidas y resistencias. Para una revista especializada, su figura urge una relectura cr\u00edtica, reconociendo su rol en la modernizaci\u00f3n de la poes\u00eda espa\u00f1ola y su eco en la cultura queer contempor\u00e1nea. Haro Ibars no fue solo un ca\u00eddo; fue un precursor que ilumin\u00f3 los pasos de muchos.<\/p>","protected":false},"excerpt":{"rendered":"<p>Eduardo Haro Ibars (1948-1988), hijo de una familia de intelectuales antifranquistas, se erigi\u00f3 en un referente de la contracultura durante la Transici\u00f3n, fusionando poes\u00eda surrealista con ensayos provocadores sobre rock, drogas y sexualidad disidente. Su obra, marcada por un erotismo crudo y una cr\u00edtica social implacable, lo posiciona como un [&hellip;]<\/p>\n","protected":false},"author":3,"featured_media":67022,"comment_status":"closed","ping_status":"closed","sticky":false,"template":"","format":"standard","meta":{"footnotes":""},"categories":[4],"tags":[],"class_list":["post-67021","post","type-post","status-publish","format-standard","has-post-thumbnail","hentry","category-cultura"],"yoast_head":"<!-- This site is optimized with the Yoast SEO plugin v27.5 - https:\/\/yoast.com\/product\/yoast-seo-wordpress\/ -->\n<title>Eduardo Haro Ibars: el poeta maldito de la Transici\u00f3n espa\u00f1ola - Revista Rambla<\/title>\n<meta name=\"robots\" content=\"index, follow, max-snippet:-1, max-image-preview:large, max-video-preview:-1\" \/>\n<link rel=\"canonical\" href=\"https:\/\/www.revistarambla.com\/en\/eduardo-haro-ibars-el-poeta-maldito-de-la-transicion-espanola\/\" \/>\n<meta property=\"og:locale\" content=\"en_GB\" \/>\n<meta property=\"og:type\" content=\"article\" \/>\n<meta property=\"og:title\" content=\"Eduardo Haro Ibars: el poeta maldito de la Transici\u00f3n espa\u00f1ola - Revista Rambla\" \/>\n<meta property=\"og:description\" content=\"Eduardo Haro Ibars (1948-1988), hijo de una familia de intelectuales antifranquistas, se erigi\u00f3 en un referente de la contracultura durante la Transici\u00f3n, fusionando poes\u00eda surrealista con ensayos provocadores sobre rock, drogas y sexualidad disidente. Su obra, marcada por un erotismo crudo y una cr\u00edtica social implacable, lo posiciona como un [&hellip;]\" \/>\n<meta property=\"og:url\" content=\"https:\/\/www.revistarambla.com\/en\/eduardo-haro-ibars-el-poeta-maldito-de-la-transicion-espanola\/\" \/>\n<meta property=\"og:site_name\" content=\"Revista Rambla\" \/>\n<meta property=\"article:publisher\" content=\"https:\/\/www.facebook.com\/revistarambla\/\" \/>\n<meta property=\"article:author\" content=\"https:\/\/www.facebook.com\/revistarambla\" \/>\n<meta property=\"article:published_time\" content=\"2025-10-23T16:32:23+00:00\" \/>\n<meta property=\"article:modified_time\" content=\"2025-10-23T16:35:32+00:00\" \/>\n<meta property=\"og:image\" content=\"https:\/\/www.revistarambla.com\/wp-content\/uploads\/2025\/10\/Eduardo-Haro-Ibars.webp\" \/>\n\t<meta property=\"og:image:width\" content=\"920\" \/>\n\t<meta property=\"og:image:height\" content=\"614\" \/>\n\t<meta property=\"og:image:type\" content=\"image\/webp\" \/>\n<meta name=\"author\" content=\"R@mbla\" \/>\n<meta name=\"twitter:card\" content=\"summary_large_image\" \/>\n<meta name=\"twitter:creator\" content=\"@revistarambla\" \/>\n<meta name=\"twitter:site\" content=\"@revistarambla\" \/>\n<meta name=\"twitter:label1\" content=\"Written by\" \/>\n\t<meta name=\"twitter:data1\" content=\"R@mbla\" \/>\n\t<meta name=\"twitter:label2\" content=\"Estimated reading time\" \/>\n\t<meta name=\"twitter:data2\" content=\"7 minutes\" \/>\n<script type=\"application\/ld+json\" class=\"yoast-schema-graph\">{\"@context\":\"https:\\\/\\\/schema.org\",\"@graph\":[{\"@type\":\"Article\",\"@id\":\"https:\\\/\\\/www.revistarambla.com\\\/eduardo-haro-ibars-el-poeta-maldito-de-la-transicion-espanola\\\/#article\",\"isPartOf\":{\"@id\":\"https:\\\/\\\/www.revistarambla.com\\\/eduardo-haro-ibars-el-poeta-maldito-de-la-transicion-espanola\\\/\"},\"author\":{\"name\":\"R@mbla\",\"@id\":\"https:\\\/\\\/www.revistarambla.com\\\/#\\\/schema\\\/person\\\/a146a5a2550b94981a75131180e1bd9c\"},\"headline\":\"Eduardo Haro Ibars: el poeta maldito de la Transici\u00f3n espa\u00f1ola\",\"datePublished\":\"2025-10-23T16:32:23+00:00\",\"dateModified\":\"2025-10-23T16:35:32+00:00\",\"mainEntityOfPage\":{\"@id\":\"https:\\\/\\\/www.revistarambla.com\\\/eduardo-haro-ibars-el-poeta-maldito-de-la-transicion-espanola\\\/\"},\"wordCount\":1420,\"publisher\":{\"@id\":\"https:\\\/\\\/www.revistarambla.com\\\/#organization\"},\"image\":{\"@id\":\"https:\\\/\\\/www.revistarambla.com\\\/eduardo-haro-ibars-el-poeta-maldito-de-la-transicion-espanola\\\/#primaryimage\"},\"thumbnailUrl\":\"https:\\\/\\\/www.revistarambla.com\\\/wp-content\\\/uploads\\\/2025\\\/10\\\/Eduardo-Haro-Ibars.webp\",\"articleSection\":[\"Cultura\"],\"inLanguage\":\"en-GB\"},{\"@type\":\"WebPage\",\"@id\":\"https:\\\/\\\/www.revistarambla.com\\\/eduardo-haro-ibars-el-poeta-maldito-de-la-transicion-espanola\\\/\",\"url\":\"https:\\\/\\\/www.revistarambla.com\\\/eduardo-haro-ibars-el-poeta-maldito-de-la-transicion-espanola\\\/\",\"name\":\"Eduardo Haro Ibars: el poeta maldito de la Transici\u00f3n espa\u00f1ola - Revista Rambla\",\"isPartOf\":{\"@id\":\"https:\\\/\\\/www.revistarambla.com\\\/#website\"},\"primaryImageOfPage\":{\"@id\":\"https:\\\/\\\/www.revistarambla.com\\\/eduardo-haro-ibars-el-poeta-maldito-de-la-transicion-espanola\\\/#primaryimage\"},\"image\":{\"@id\":\"https:\\\/\\\/www.revistarambla.com\\\/eduardo-haro-ibars-el-poeta-maldito-de-la-transicion-espanola\\\/#primaryimage\"},\"thumbnailUrl\":\"https:\\\/\\\/www.revistarambla.com\\\/wp-content\\\/uploads\\\/2025\\\/10\\\/Eduardo-Haro-Ibars.webp\",\"datePublished\":\"2025-10-23T16:32:23+00:00\",\"dateModified\":\"2025-10-23T16:35:32+00:00\",\"breadcrumb\":{\"@id\":\"https:\\\/\\\/www.revistarambla.com\\\/eduardo-haro-ibars-el-poeta-maldito-de-la-transicion-espanola\\\/#breadcrumb\"},\"inLanguage\":\"en-GB\",\"potentialAction\":[{\"@type\":\"ReadAction\",\"target\":[\"https:\\\/\\\/www.revistarambla.com\\\/eduardo-haro-ibars-el-poeta-maldito-de-la-transicion-espanola\\\/\"]}]},{\"@type\":\"ImageObject\",\"inLanguage\":\"en-GB\",\"@id\":\"https:\\\/\\\/www.revistarambla.com\\\/eduardo-haro-ibars-el-poeta-maldito-de-la-transicion-espanola\\\/#primaryimage\",\"url\":\"https:\\\/\\\/www.revistarambla.com\\\/wp-content\\\/uploads\\\/2025\\\/10\\\/Eduardo-Haro-Ibars.webp\",\"contentUrl\":\"https:\\\/\\\/www.revistarambla.com\\\/wp-content\\\/uploads\\\/2025\\\/10\\\/Eduardo-Haro-Ibars.webp\",\"width\":920,\"height\":614,\"caption\":\"Eduardo Haro Ibars\"},{\"@type\":\"BreadcrumbList\",\"@id\":\"https:\\\/\\\/www.revistarambla.com\\\/eduardo-haro-ibars-el-poeta-maldito-de-la-transicion-espanola\\\/#breadcrumb\",\"itemListElement\":[{\"@type\":\"ListItem\",\"position\":1,\"name\":\"Portada\",\"item\":\"https:\\\/\\\/www.revistarambla.com\\\/\"},{\"@type\":\"ListItem\",\"position\":2,\"name\":\"Eduardo Haro Ibars: el poeta maldito de la Transici\u00f3n espa\u00f1ola\"}]},{\"@type\":\"WebSite\",\"@id\":\"https:\\\/\\\/www.revistarambla.com\\\/#website\",\"url\":\"https:\\\/\\\/www.revistarambla.com\\\/\",\"name\":\"Revista Rambla Barcelona\",\"description\":\"Periodismo independiente\",\"publisher\":{\"@id\":\"https:\\\/\\\/www.revistarambla.com\\\/#organization\"},\"potentialAction\":[{\"@type\":\"SearchAction\",\"target\":{\"@type\":\"EntryPoint\",\"urlTemplate\":\"https:\\\/\\\/www.revistarambla.com\\\/?s={search_term_string}\"},\"query-input\":{\"@type\":\"PropertyValueSpecification\",\"valueRequired\":true,\"valueName\":\"search_term_string\"}}],\"inLanguage\":\"en-GB\"},{\"@type\":\"Organization\",\"@id\":\"https:\\\/\\\/www.revistarambla.com\\\/#organization\",\"name\":\"Revista Rambla\",\"url\":\"https:\\\/\\\/www.revistarambla.com\\\/\",\"logo\":{\"@type\":\"ImageObject\",\"inLanguage\":\"en-GB\",\"@id\":\"https:\\\/\\\/www.revistarambla.com\\\/#\\\/schema\\\/logo\\\/image\\\/\",\"url\":\"https:\\\/\\\/www.revistarambla.com\\\/wp-content\\\/uploads\\\/2020\\\/09\\\/banner_rambla_1900x600_BB.png\",\"contentUrl\":\"https:\\\/\\\/www.revistarambla.com\\\/wp-content\\\/uploads\\\/2020\\\/09\\\/banner_rambla_1900x600_BB.png\",\"width\":1900,\"height\":600,\"caption\":\"Revista Rambla\"},\"image\":{\"@id\":\"https:\\\/\\\/www.revistarambla.com\\\/#\\\/schema\\\/logo\\\/image\\\/\"},\"sameAs\":[\"https:\\\/\\\/www.facebook.com\\\/revistarambla\\\/\",\"https:\\\/\\\/x.com\\\/revistarambla\",\"https:\\\/\\\/www.instagram.com\\\/revista_rambla\",\"https:\\\/\\\/es.linkedin.com\\\/company\\\/revista-rambla\"]},{\"@type\":\"Person\",\"@id\":\"https:\\\/\\\/www.revistarambla.com\\\/#\\\/schema\\\/person\\\/a146a5a2550b94981a75131180e1bd9c\",\"name\":\"R@mbla\",\"description\":\"Este art\u00edculo ha sido redactado y\\\/o validado por el equipo de redacci\u00f3n de Revista Rambla.\",\"sameAs\":[\"https:\\\/\\\/www.revistarambla.com\\\/\",\"https:\\\/\\\/www.facebook.com\\\/revistarambla\",\"https:\\\/\\\/x.com\\\/revistarambla\"]}]}<\/script>\n<!-- \/ Yoast SEO plugin. -->","yoast_head_json":{"title":"Eduardo Haro Ibars: el poeta maldito de la Transici\u00f3n espa\u00f1ola - Revista Rambla","robots":{"index":"index","follow":"follow","max-snippet":"max-snippet:-1","max-image-preview":"max-image-preview:large","max-video-preview":"max-video-preview:-1"},"canonical":"https:\/\/www.revistarambla.com\/en\/eduardo-haro-ibars-el-poeta-maldito-de-la-transicion-espanola\/","og_locale":"en_GB","og_type":"article","og_title":"Eduardo Haro Ibars: el poeta maldito de la Transici\u00f3n espa\u00f1ola - Revista Rambla","og_description":"Eduardo Haro Ibars (1948-1988), hijo de una familia de intelectuales antifranquistas, se erigi\u00f3 en un referente de la contracultura durante la Transici\u00f3n, fusionando poes\u00eda surrealista con ensayos provocadores sobre rock, drogas y sexualidad disidente. Su obra, marcada por un erotismo crudo y una cr\u00edtica social implacable, lo posiciona como un [&hellip;]","og_url":"https:\/\/www.revistarambla.com\/en\/eduardo-haro-ibars-el-poeta-maldito-de-la-transicion-espanola\/","og_site_name":"Revista Rambla","article_publisher":"https:\/\/www.facebook.com\/revistarambla\/","article_author":"https:\/\/www.facebook.com\/revistarambla","article_published_time":"2025-10-23T16:32:23+00:00","article_modified_time":"2025-10-23T16:35:32+00:00","og_image":[{"width":920,"height":614,"url":"https:\/\/www.revistarambla.com\/wp-content\/uploads\/2025\/10\/Eduardo-Haro-Ibars.webp","type":"image\/webp"}],"author":"R@mbla","twitter_card":"summary_large_image","twitter_creator":"@revistarambla","twitter_site":"@revistarambla","twitter_misc":{"Written by":"R@mbla","Estimated reading time":"7 minutes"},"schema":{"@context":"https:\/\/schema.org","@graph":[{"@type":"Article","@id":"https:\/\/www.revistarambla.com\/eduardo-haro-ibars-el-poeta-maldito-de-la-transicion-espanola\/#article","isPartOf":{"@id":"https:\/\/www.revistarambla.com\/eduardo-haro-ibars-el-poeta-maldito-de-la-transicion-espanola\/"},"author":{"name":"R@mbla","@id":"https:\/\/www.revistarambla.com\/#\/schema\/person\/a146a5a2550b94981a75131180e1bd9c"},"headline":"Eduardo Haro Ibars: el poeta maldito de la Transici\u00f3n espa\u00f1ola","datePublished":"2025-10-23T16:32:23+00:00","dateModified":"2025-10-23T16:35:32+00:00","mainEntityOfPage":{"@id":"https:\/\/www.revistarambla.com\/eduardo-haro-ibars-el-poeta-maldito-de-la-transicion-espanola\/"},"wordCount":1420,"publisher":{"@id":"https:\/\/www.revistarambla.com\/#organization"},"image":{"@id":"https:\/\/www.revistarambla.com\/eduardo-haro-ibars-el-poeta-maldito-de-la-transicion-espanola\/#primaryimage"},"thumbnailUrl":"https:\/\/www.revistarambla.com\/wp-content\/uploads\/2025\/10\/Eduardo-Haro-Ibars.webp","articleSection":["Cultura"],"inLanguage":"en-GB"},{"@type":"WebPage","@id":"https:\/\/www.revistarambla.com\/eduardo-haro-ibars-el-poeta-maldito-de-la-transicion-espanola\/","url":"https:\/\/www.revistarambla.com\/eduardo-haro-ibars-el-poeta-maldito-de-la-transicion-espanola\/","name":"Eduardo Haro Ibars: el poeta maldito de la Transici\u00f3n espa\u00f1ola - Revista Rambla","isPartOf":{"@id":"https:\/\/www.revistarambla.com\/#website"},"primaryImageOfPage":{"@id":"https:\/\/www.revistarambla.com\/eduardo-haro-ibars-el-poeta-maldito-de-la-transicion-espanola\/#primaryimage"},"image":{"@id":"https:\/\/www.revistarambla.com\/eduardo-haro-ibars-el-poeta-maldito-de-la-transicion-espanola\/#primaryimage"},"thumbnailUrl":"https:\/\/www.revistarambla.com\/wp-content\/uploads\/2025\/10\/Eduardo-Haro-Ibars.webp","datePublished":"2025-10-23T16:32:23+00:00","dateModified":"2025-10-23T16:35:32+00:00","breadcrumb":{"@id":"https:\/\/www.revistarambla.com\/eduardo-haro-ibars-el-poeta-maldito-de-la-transicion-espanola\/#breadcrumb"},"inLanguage":"en-GB","potentialAction":[{"@type":"ReadAction","target":["https:\/\/www.revistarambla.com\/eduardo-haro-ibars-el-poeta-maldito-de-la-transicion-espanola\/"]}]},{"@type":"ImageObject","inLanguage":"en-GB","@id":"https:\/\/www.revistarambla.com\/eduardo-haro-ibars-el-poeta-maldito-de-la-transicion-espanola\/#primaryimage","url":"https:\/\/www.revistarambla.com\/wp-content\/uploads\/2025\/10\/Eduardo-Haro-Ibars.webp","contentUrl":"https:\/\/www.revistarambla.com\/wp-content\/uploads\/2025\/10\/Eduardo-Haro-Ibars.webp","width":920,"height":614,"caption":"Eduardo Haro Ibars"},{"@type":"BreadcrumbList","@id":"https:\/\/www.revistarambla.com\/eduardo-haro-ibars-el-poeta-maldito-de-la-transicion-espanola\/#breadcrumb","itemListElement":[{"@type":"ListItem","position":1,"name":"Portada","item":"https:\/\/www.revistarambla.com\/"},{"@type":"ListItem","position":2,"name":"Eduardo Haro Ibars: el poeta maldito de la Transici\u00f3n espa\u00f1ola"}]},{"@type":"WebSite","@id":"https:\/\/www.revistarambla.com\/#website","url":"https:\/\/www.revistarambla.com\/","name":"Revista Rambla Barcelona","description":"Periodismo independiente","publisher":{"@id":"https:\/\/www.revistarambla.com\/#organization"},"potentialAction":[{"@type":"SearchAction","target":{"@type":"EntryPoint","urlTemplate":"https:\/\/www.revistarambla.com\/?s={search_term_string}"},"query-input":{"@type":"PropertyValueSpecification","valueRequired":true,"valueName":"search_term_string"}}],"inLanguage":"en-GB"},{"@type":"Organization","@id":"https:\/\/www.revistarambla.com\/#organization","name":"Revista Rambla","url":"https:\/\/www.revistarambla.com\/","logo":{"@type":"ImageObject","inLanguage":"en-GB","@id":"https:\/\/www.revistarambla.com\/#\/schema\/logo\/image\/","url":"https:\/\/www.revistarambla.com\/wp-content\/uploads\/2020\/09\/banner_rambla_1900x600_BB.png","contentUrl":"https:\/\/www.revistarambla.com\/wp-content\/uploads\/2020\/09\/banner_rambla_1900x600_BB.png","width":1900,"height":600,"caption":"Revista Rambla"},"image":{"@id":"https:\/\/www.revistarambla.com\/#\/schema\/logo\/image\/"},"sameAs":["https:\/\/www.facebook.com\/revistarambla\/","https:\/\/x.com\/revistarambla","https:\/\/www.instagram.com\/revista_rambla","https:\/\/es.linkedin.com\/company\/revista-rambla"]},{"@type":"Person","@id":"https:\/\/www.revistarambla.com\/#\/schema\/person\/a146a5a2550b94981a75131180e1bd9c","name":"R@mbla","description":"Este art\u00edculo ha sido redactado y\/o validado por el equipo de redacci\u00f3n de Revista Rambla.","sameAs":["https:\/\/www.revistarambla.com\/","https:\/\/www.facebook.com\/revistarambla","https:\/\/x.com\/revistarambla"]}]}},"_links":{"self":[{"href":"https:\/\/www.revistarambla.com\/en\/wp-json\/wp\/v2\/posts\/67021","targetHints":{"allow":["GET"]}}],"collection":[{"href":"https:\/\/www.revistarambla.com\/en\/wp-json\/wp\/v2\/posts"}],"about":[{"href":"https:\/\/www.revistarambla.com\/en\/wp-json\/wp\/v2\/types\/post"}],"author":[{"embeddable":true,"href":"https:\/\/www.revistarambla.com\/en\/wp-json\/wp\/v2\/users\/3"}],"replies":[{"embeddable":true,"href":"https:\/\/www.revistarambla.com\/en\/wp-json\/wp\/v2\/comments?post=67021"}],"version-history":[{"count":2,"href":"https:\/\/www.revistarambla.com\/en\/wp-json\/wp\/v2\/posts\/67021\/revisions"}],"predecessor-version":[{"id":67025,"href":"https:\/\/www.revistarambla.com\/en\/wp-json\/wp\/v2\/posts\/67021\/revisions\/67025"}],"wp:featuredmedia":[{"embeddable":true,"href":"https:\/\/www.revistarambla.com\/en\/wp-json\/wp\/v2\/media\/67022"}],"wp:attachment":[{"href":"https:\/\/www.revistarambla.com\/en\/wp-json\/wp\/v2\/media?parent=67021"}],"wp:term":[{"taxonomy":"category","embeddable":true,"href":"https:\/\/www.revistarambla.com\/en\/wp-json\/wp\/v2\/categories?post=67021"},{"taxonomy":"post_tag","embeddable":true,"href":"https:\/\/www.revistarambla.com\/en\/wp-json\/wp\/v2\/tags?post=67021"}],"curies":[{"name":"wp","href":"https:\/\/api.w.org\/{rel}","templated":true}]}}