{"id":67015,"date":"2025-10-23T18:08:23","date_gmt":"2025-10-23T16:08:23","guid":{"rendered":"https:\/\/www.revistarambla.com\/?p=67015"},"modified":"2025-10-23T18:08:23","modified_gmt":"2025-10-23T16:08:23","slug":"se-nos-escurre-la-vida-y-no-hemos-cumplido-ningun-sueno","status":"publish","type":"post","link":"https:\/\/www.revistarambla.com\/en\/se-nos-escurre-la-vida-y-no-hemos-cumplido-ningun-sueno\/","title":{"rendered":"Se nos escurre la vida y no hemos cumplido ning\u00fan sue\u00f1o"},"content":{"rendered":"<p>En la penumbra de su apartamento en el centro de Madrid, Elena se despertaba cada ma\u00f1ana con el mismo ritual: el pitido insistente del despertador a las seis, el caf\u00e9 amargo en una taza agrietada, y el espejo del ba\u00f1o que le devolv\u00eda una versi\u00f3n de s\u00ed misma cada vez m\u00e1s borrosa. A los cuarenta y ocho a\u00f1os, su vida era un engranaje perfectamente engrasado en la maquinaria de la rutina. Trabajaba como contable en una firma de seguros, donde los n\u00fameros bailaban en pantallas fluorescentes como espectros indiferentes. \u00abSe nos escurre la vida\u00bb, murmuraba a veces para s\u00ed, pero las palabras se disipaban en el aire viciado, como humo de un cigarrillo que nunca encend\u00eda.<\/p>\n<p>De joven, Elena hab\u00eda so\u00f1ado con ser pintora. Recordaba las noches en la academia de bellas artes, donde el olor a trementina y \u00f3leo impregnaba su piel como un amante posesivo. Pintaba lienzos furiosos, llenos de colores que gritaban rebeld\u00eda: rojos sangrientos para la pasi\u00f3n, azules profundos para la melancol\u00eda. \u00abSer\u00e1s grande\u00bb, le dec\u00eda su profesor, un hombre de barba canosa y ojos ardientes, que una vez la bes\u00f3 en el taller, bajo la luz mortecina de una bombilla. Aquel beso hab\u00eda sido el preludio de una aventura ef\u00edmera, pero en \u00e9l Elena hab\u00eda vislumbrado un atisbo de libertad, un sue\u00f1o tangible. Sin embargo, la realidad la hab\u00eda atrapado: la muerte prematura de su padre, las deudas acumuladas, la necesidad de un empleo estable. \u00abLos sue\u00f1os no pagan facturas\u00bb, le hab\u00eda dicho su madre, con esa resignaci\u00f3n que se hereda como un mal gen\u00e9tico.<\/p>\n<p>Ahora, sentada en el metro camino al trabajo, Elena observaba a los dem\u00e1s pasajeros: un hombre de traje arrugado que tecleaba furiosamente en su tel\u00e9fono, una mujer joven con auriculares que mov\u00eda la cabeza al ritmo de una m\u00fasica inaudible, un ni\u00f1o que dormitaba en el regazo de su abuela. Todos parec\u00edan atrapados en el mismo flujo inexorable del tiempo, como hojas en un r\u00edo que las arrastra hacia el olvido. \u00bfCu\u00e1ntos de ellos, se preguntaba, hab\u00edan renunciado a sus anhelos? Ella lo hab\u00eda hecho. Nunca expuso sus cuadros, nunca viaj\u00f3 a Par\u00eds para estudiar en la Sorbona, nunca se permiti\u00f3 el lujo de un amor que no fuera pr\u00e1ctico. Su matrimonio con Javier hab\u00eda sido eso: pr\u00e1ctico. Dur\u00f3 diez a\u00f1os, hasta que el hast\u00edo los separ\u00f3 como dos continentes a la deriva. No hubo hijos, solo un vac\u00edo que se llenaba con series de televisi\u00f3n y botellas de vino barato los fines de semana.<\/p>\n<p>Una tarde de oto\u00f1o, mientras clasificaba facturas en su cub\u00edculo, Elena sinti\u00f3 un pinchazo en el pecho. No era dolor f\u00edsico, sino algo m\u00e1s profundo, como si el alma se resquebrajara. Mir\u00f3 por la ventana: las hojas ca\u00edan de los \u00e1rboles del parque Retiro, doradas y ef\u00edmeras, record\u00e1ndole que otro a\u00f1o se escurr\u00eda. \u00abNo hemos cumplido ning\u00fan sue\u00f1o\u00bb, pens\u00f3, y la frase se clav\u00f3 en su mente como un clavo oxidado. Esa noche, en lugar de encender la televisi\u00f3n, sac\u00f3 del armario una caja polvorienta. Dentro, envueltos en papel amarillento, estaban sus viejos pinceles y un lienzo en blanco que hab\u00eda comprado a\u00f1os atr\u00e1s, en un impulso nost\u00e1lgico.<\/p>\n<p>Pint\u00f3 hasta el amanecer. Sus manos, entumecidas por el teclado, recordaron el movimiento fluido del pincel. Cre\u00f3 un paisaje on\u00edrico: una mujer desnuda de espaldas, mirando un horizonte donde el sol se hund\u00eda en un mar de sangre. Era ella, vulnerable y expuesta, rodeada de sombras que susurraban promesas incumplidas. El acto la empoder\u00f3, pero tambi\u00e9n la aterroriz\u00f3. \u00bfQu\u00e9 sentido ten\u00eda ahora, a estas alturas? Al d\u00eda siguiente, exhausta, lleg\u00f3 tarde al trabajo. Su jefe, un hombre calvo con voz de serm\u00f3n, la reprendi\u00f3. \u00abElena, la vida no espera por nadie. Cumple con tu horario o busca otro sitio\u00bb. Iron\u00eda cruel: la vida no esperaba, pero ella hab\u00eda esperado toda la vida.<\/p>\n<p>Decidi\u00f3 tomar unas vacaciones, las primeras en a\u00f1os. Viaj\u00f3 sola a Granada, donde el Alhambra se ergu\u00eda como un monumento al esplendor ef\u00edmero. Camin\u00f3 por los jardines, aspirando el aroma de jazmines y naranjos, y por un momento sinti\u00f3 que el tiempo se deten\u00eda. En una plaza, conoci\u00f3 a Miguel, un guitarrista callejero de ojos negros y manos callosas. Tocaba flamenco con una pasi\u00f3n que la hizo temblar. \u00abLa vida es como una sole\u00e1\u00bb, le dijo \u00e9l esa noche, en un bar oscuro donde el vino tinto flu\u00eda como sangre. \u00abLenta al principio, furiosa al final, y siempre se acaba\u00bb. Se besaron bajo las estrellas, y en su habitaci\u00f3n de hotel, sus cuerpos se entrelazaron con una urgencia primitiva. No era amor, sino un arrebato contra el vac\u00edo. Miguel le habl\u00f3 de sus sue\u00f1os rotos: hab\u00eda querido ser concertista, pero la pobreza lo hab\u00eda confinado a las calles. \u00abSe nos escurre todo\u00bb, murmur\u00f3 \u00e9l, mientras trazaba con los dedos las estr\u00edas de su vientre, marcas de una vida no vivida.<\/p>\n<p>De regreso en Madrid, Elena intent\u00f3 mantener el fuego. Compr\u00f3 m\u00e1s lienzos, pint\u00f3 febrilmente. Pero la rutina la acechaba. Las facturas se acumulaban, el jefe exig\u00eda m\u00e1s horas, y el invierno lleg\u00f3 con su manto de fr\u00edo indiferente. Una noche, mirando sus cuadros apilados contra la pared, sinti\u00f3 el peso de la futilidad. \u00bfPara qu\u00e9? Nadie los ver\u00eda. Eran ecos de un sue\u00f1o que se hab\u00eda disipado hace d\u00e9cadas. Llor\u00f3 hasta que el agotamiento la venci\u00f3, so\u00f1ando con una versi\u00f3n alternativa de s\u00ed misma: una Elena que expon\u00eda en galer\u00edas, que amaba sin reservas, que no dejaba que la vida se escurriera entre los dedos.<\/p>\n<p>Despert\u00f3 con una determinaci\u00f3n sombr\u00eda. Llam\u00f3 a una galer\u00eda local, una de esas que aceptaban artistas emergentes \u2013o tard\u00edos\u2013. \u00abTengo obras para mostrar\u00bb, dijo, con voz temblorosa. La due\u00f1a, una mujer de pelo plateado y gafas de dise\u00f1o, accedi\u00f3 a verlas. Elena las llev\u00f3 en taxi, el coraz\u00f3n lati\u00e9ndole como un tambor de guerra. En la galer\u00eda, bajo luces hal\u00f3genas, sus pinturas cobraron vida: la mujer desnuda, un bosque de sue\u00f1os marchitos, un retrato de Javier con ojos vac\u00edos. \u00abHay dolor aqu\u00ed\u00bb, dijo la due\u00f1a. \u00abDolor y belleza. Pero el mercado es cruel. \u00bfEst\u00e1s preparada para el rechazo?\u00bb<\/p>\n<p>Elena no lo estaba, pero \u00bfqu\u00e9 importaba? La exposici\u00f3n se inaugur\u00f3 un viernes lluvioso. Pocos asistieron: algunos amigos del trabajo, curiosos, y Miguel, que viaj\u00f3 desde Granada con su guitarra. Toc\u00f3 una pieza melanc\u00f3lica mientras Elena beb\u00eda vino, fingiendo compostura. Nadie compr\u00f3 nada esa noche, pero un cr\u00edtico de una revista literaria se acerc\u00f3. \u00abSu trabajo captura la esencia de la p\u00e9rdida\u00bb, le dijo. \u00abLa vida que se escurre, los sue\u00f1os que se evaporan. Es crudo, adulto. Publicar\u00e9 una rese\u00f1a\u00bb.<\/p>\n<p>Semanas despu\u00e9s, la rese\u00f1a apareci\u00f3 en la revista: \u00abElena Vargas irrumpe en la escena con una voz tard\u00eda, pero potente, record\u00e1ndonos que los sue\u00f1os no mueren, solo hibernan\u00bb. Vendi\u00f3 un cuadro. Luego otro. No era la fama, ni la riqueza, pero era algo. Sin embargo, en las noches solitarias, Elena sab\u00eda la verdad: la vida se hab\u00eda escurrido en gran parte. Los sue\u00f1os cumplidos a medias no borraban los a\u00f1os perdidos. Aun as\u00ed, pintaba. Porque en cada trazo, recuperaba un fragmento de s\u00ed misma, un eco que resonaba contra el silencio del tiempo.<\/p>\n<p>Miguel la visitaba espor\u00e1dicamente, sus encuentros un b\u00e1lsamo temporal. \u00abNo todo se cumple\u00bb, le dec\u00eda \u00e9l, \u00abpero lo que queda es lo que cuenta\u00bb. Elena asent\u00eda, pero en su interior, la frase persist\u00eda: se nos escurre la vida. Y en ese escurrir, encontr\u00f3 una extra\u00f1a paz. No en la realizaci\u00f3n, sino en la resistencia. Pint\u00f3 un \u00faltimo lienzo: una mano extendida hacia el vac\u00edo, capturando gotas de lluvia que simbolizaban momentos fugaces. Lo titul\u00f3 \u00abLos Sue\u00f1os que Quedan\u00bb.<\/p>\n<p>A los cincuenta, Elena mir\u00f3 atr\u00e1s y vio no un vac\u00edo, sino un mosaico irregular de intentos. La vida segu\u00eda escurri\u00e9ndose, pero ahora ella la aferraba con u\u00f1as pintadas de \u00f3leo. Y en esa lucha, hall\u00f3 el sue\u00f1o m\u00e1s profundo: el de simplemente ser.<\/p>","protected":false},"excerpt":{"rendered":"<p>En la penumbra de su apartamento en el centro de Madrid, Elena se despertaba cada ma\u00f1ana con el mismo ritual: el pitido insistente del despertador a las seis, el caf\u00e9 amargo en una taza agrietada, y el espejo del ba\u00f1o que le devolv\u00eda una versi\u00f3n de s\u00ed misma cada vez [&hellip;]<\/p>\n","protected":false},"author":15,"featured_media":67020,"comment_status":"closed","ping_status":"closed","sticky":false,"template":"","format":"standard","meta":{"footnotes":""},"categories":[75],"tags":[],"class_list":["post-67015","post","type-post","status-publish","format-standard","has-post-thumbnail","hentry","category-letras-y-cuentos"],"yoast_head":"<!-- This site is optimized with the Yoast SEO plugin v27.5 - https:\/\/yoast.com\/product\/yoast-seo-wordpress\/ -->\n<title>Se nos escurre la vida y no hemos cumplido ning\u00fan sue\u00f1o - Revista Rambla<\/title>\n<meta name=\"robots\" content=\"index, follow, max-snippet:-1, max-image-preview:large, max-video-preview:-1\" \/>\n<link rel=\"canonical\" href=\"https:\/\/www.revistarambla.com\/en\/se-nos-escurre-la-vida-y-no-hemos-cumplido-ningun-sueno\/\" \/>\n<meta property=\"og:locale\" content=\"en_GB\" \/>\n<meta property=\"og:type\" content=\"article\" \/>\n<meta property=\"og:title\" content=\"Se nos escurre la vida y no hemos cumplido ning\u00fan sue\u00f1o - Revista Rambla\" \/>\n<meta property=\"og:description\" content=\"En la penumbra de su apartamento en el centro de Madrid, Elena se despertaba cada ma\u00f1ana con el mismo ritual: el pitido insistente del despertador a las seis, el caf\u00e9 amargo en una taza agrietada, y el espejo del ba\u00f1o que le devolv\u00eda una versi\u00f3n de s\u00ed misma cada vez [&hellip;]\" \/>\n<meta property=\"og:url\" content=\"https:\/\/www.revistarambla.com\/en\/se-nos-escurre-la-vida-y-no-hemos-cumplido-ningun-sueno\/\" \/>\n<meta property=\"og:site_name\" content=\"Revista Rambla\" \/>\n<meta property=\"article:publisher\" content=\"https:\/\/www.facebook.com\/revistarambla\/\" \/>\n<meta property=\"article:published_time\" content=\"2025-10-23T16:08:23+00:00\" \/>\n<meta property=\"og:image\" content=\"https:\/\/www.revistarambla.com\/wp-content\/uploads\/2025\/10\/mariposa-2382022_1280.jpg\" \/>\n\t<meta property=\"og:image:width\" content=\"1280\" \/>\n\t<meta property=\"og:image:height\" content=\"853\" \/>\n\t<meta property=\"og:image:type\" content=\"image\/jpeg\" \/>\n<meta name=\"author\" content=\"Alejandra Maller\" \/>\n<meta name=\"twitter:card\" content=\"summary_large_image\" \/>\n<meta name=\"twitter:creator\" content=\"@revistarambla\" \/>\n<meta name=\"twitter:site\" content=\"@revistarambla\" \/>\n<meta name=\"twitter:label1\" content=\"Written by\" \/>\n\t<meta name=\"twitter:data1\" content=\"Alejandra Maller\" \/>\n\t<meta name=\"twitter:label2\" content=\"Estimated reading time\" \/>\n\t<meta name=\"twitter:data2\" content=\"7 minutes\" \/>\n<script type=\"application\/ld+json\" class=\"yoast-schema-graph\">{\"@context\":\"https:\\\/\\\/schema.org\",\"@graph\":[{\"@type\":\"Article\",\"@id\":\"https:\\\/\\\/www.revistarambla.com\\\/se-nos-escurre-la-vida-y-no-hemos-cumplido-ningun-sueno\\\/#article\",\"isPartOf\":{\"@id\":\"https:\\\/\\\/www.revistarambla.com\\\/se-nos-escurre-la-vida-y-no-hemos-cumplido-ningun-sueno\\\/\"},\"author\":{\"name\":\"Alejandra Maller\",\"@id\":\"https:\\\/\\\/www.revistarambla.com\\\/#\\\/schema\\\/person\\\/2b19179a8ace334b829ad72cc6e6ce97\"},\"headline\":\"Se nos escurre la vida y no hemos cumplido ning\u00fan sue\u00f1o\",\"datePublished\":\"2025-10-23T16:08:23+00:00\",\"mainEntityOfPage\":{\"@id\":\"https:\\\/\\\/www.revistarambla.com\\\/se-nos-escurre-la-vida-y-no-hemos-cumplido-ningun-sueno\\\/\"},\"wordCount\":1452,\"publisher\":{\"@id\":\"https:\\\/\\\/www.revistarambla.com\\\/#organization\"},\"image\":{\"@id\":\"https:\\\/\\\/www.revistarambla.com\\\/se-nos-escurre-la-vida-y-no-hemos-cumplido-ningun-sueno\\\/#primaryimage\"},\"thumbnailUrl\":\"https:\\\/\\\/www.revistarambla.com\\\/wp-content\\\/uploads\\\/2025\\\/10\\\/mariposa-2382022_1280.jpg\",\"articleSection\":[\"Letras y Cuentos\"],\"inLanguage\":\"en-GB\"},{\"@type\":\"WebPage\",\"@id\":\"https:\\\/\\\/www.revistarambla.com\\\/se-nos-escurre-la-vida-y-no-hemos-cumplido-ningun-sueno\\\/\",\"url\":\"https:\\\/\\\/www.revistarambla.com\\\/se-nos-escurre-la-vida-y-no-hemos-cumplido-ningun-sueno\\\/\",\"name\":\"Se nos escurre la vida y no hemos cumplido ning\u00fan sue\u00f1o - Revista Rambla\",\"isPartOf\":{\"@id\":\"https:\\\/\\\/www.revistarambla.com\\\/#website\"},\"primaryImageOfPage\":{\"@id\":\"https:\\\/\\\/www.revistarambla.com\\\/se-nos-escurre-la-vida-y-no-hemos-cumplido-ningun-sueno\\\/#primaryimage\"},\"image\":{\"@id\":\"https:\\\/\\\/www.revistarambla.com\\\/se-nos-escurre-la-vida-y-no-hemos-cumplido-ningun-sueno\\\/#primaryimage\"},\"thumbnailUrl\":\"https:\\\/\\\/www.revistarambla.com\\\/wp-content\\\/uploads\\\/2025\\\/10\\\/mariposa-2382022_1280.jpg\",\"datePublished\":\"2025-10-23T16:08:23+00:00\",\"breadcrumb\":{\"@id\":\"https:\\\/\\\/www.revistarambla.com\\\/se-nos-escurre-la-vida-y-no-hemos-cumplido-ningun-sueno\\\/#breadcrumb\"},\"inLanguage\":\"en-GB\",\"potentialAction\":[{\"@type\":\"ReadAction\",\"target\":[\"https:\\\/\\\/www.revistarambla.com\\\/se-nos-escurre-la-vida-y-no-hemos-cumplido-ningun-sueno\\\/\"]}]},{\"@type\":\"ImageObject\",\"inLanguage\":\"en-GB\",\"@id\":\"https:\\\/\\\/www.revistarambla.com\\\/se-nos-escurre-la-vida-y-no-hemos-cumplido-ningun-sueno\\\/#primaryimage\",\"url\":\"https:\\\/\\\/www.revistarambla.com\\\/wp-content\\\/uploads\\\/2025\\\/10\\\/mariposa-2382022_1280.jpg\",\"contentUrl\":\"https:\\\/\\\/www.revistarambla.com\\\/wp-content\\\/uploads\\\/2025\\\/10\\\/mariposa-2382022_1280.jpg\",\"width\":1280,\"height\":853,\"caption\":\"sue\u00f1os\"},{\"@type\":\"BreadcrumbList\",\"@id\":\"https:\\\/\\\/www.revistarambla.com\\\/se-nos-escurre-la-vida-y-no-hemos-cumplido-ningun-sueno\\\/#breadcrumb\",\"itemListElement\":[{\"@type\":\"ListItem\",\"position\":1,\"name\":\"Portada\",\"item\":\"https:\\\/\\\/www.revistarambla.com\\\/\"},{\"@type\":\"ListItem\",\"position\":2,\"name\":\"Se nos escurre la vida y no hemos cumplido ning\u00fan sue\u00f1o\"}]},{\"@type\":\"WebSite\",\"@id\":\"https:\\\/\\\/www.revistarambla.com\\\/#website\",\"url\":\"https:\\\/\\\/www.revistarambla.com\\\/\",\"name\":\"Revista Rambla Barcelona\",\"description\":\"Periodismo independiente\",\"publisher\":{\"@id\":\"https:\\\/\\\/www.revistarambla.com\\\/#organization\"},\"potentialAction\":[{\"@type\":\"SearchAction\",\"target\":{\"@type\":\"EntryPoint\",\"urlTemplate\":\"https:\\\/\\\/www.revistarambla.com\\\/?s={search_term_string}\"},\"query-input\":{\"@type\":\"PropertyValueSpecification\",\"valueRequired\":true,\"valueName\":\"search_term_string\"}}],\"inLanguage\":\"en-GB\"},{\"@type\":\"Organization\",\"@id\":\"https:\\\/\\\/www.revistarambla.com\\\/#organization\",\"name\":\"Revista Rambla\",\"url\":\"https:\\\/\\\/www.revistarambla.com\\\/\",\"logo\":{\"@type\":\"ImageObject\",\"inLanguage\":\"en-GB\",\"@id\":\"https:\\\/\\\/www.revistarambla.com\\\/#\\\/schema\\\/logo\\\/image\\\/\",\"url\":\"https:\\\/\\\/www.revistarambla.com\\\/wp-content\\\/uploads\\\/2020\\\/09\\\/banner_rambla_1900x600_BB.png\",\"contentUrl\":\"https:\\\/\\\/www.revistarambla.com\\\/wp-content\\\/uploads\\\/2020\\\/09\\\/banner_rambla_1900x600_BB.png\",\"width\":1900,\"height\":600,\"caption\":\"Revista Rambla\"},\"image\":{\"@id\":\"https:\\\/\\\/www.revistarambla.com\\\/#\\\/schema\\\/logo\\\/image\\\/\"},\"sameAs\":[\"https:\\\/\\\/www.facebook.com\\\/revistarambla\\\/\",\"https:\\\/\\\/x.com\\\/revistarambla\",\"https:\\\/\\\/www.instagram.com\\\/revista_rambla\",\"https:\\\/\\\/es.linkedin.com\\\/company\\\/revista-rambla\"]},{\"@type\":\"Person\",\"@id\":\"https:\\\/\\\/www.revistarambla.com\\\/#\\\/schema\\\/person\\\/2b19179a8ace334b829ad72cc6e6ce97\",\"name\":\"Alejandra Maller\",\"description\":\"Periodista y catalana.\",\"sameAs\":[\"https:\\\/\\\/www.revistarambla.com\\\/\"]}]}<\/script>\n<!-- \/ Yoast SEO plugin. -->","yoast_head_json":{"title":"Se nos escurre la vida y no hemos cumplido ning\u00fan sue\u00f1o - Revista Rambla","robots":{"index":"index","follow":"follow","max-snippet":"max-snippet:-1","max-image-preview":"max-image-preview:large","max-video-preview":"max-video-preview:-1"},"canonical":"https:\/\/www.revistarambla.com\/en\/se-nos-escurre-la-vida-y-no-hemos-cumplido-ningun-sueno\/","og_locale":"en_GB","og_type":"article","og_title":"Se nos escurre la vida y no hemos cumplido ning\u00fan sue\u00f1o - Revista Rambla","og_description":"En la penumbra de su apartamento en el centro de Madrid, Elena se despertaba cada ma\u00f1ana con el mismo ritual: el pitido insistente del despertador a las seis, el caf\u00e9 amargo en una taza agrietada, y el espejo del ba\u00f1o que le devolv\u00eda una versi\u00f3n de s\u00ed misma cada vez [&hellip;]","og_url":"https:\/\/www.revistarambla.com\/en\/se-nos-escurre-la-vida-y-no-hemos-cumplido-ningun-sueno\/","og_site_name":"Revista Rambla","article_publisher":"https:\/\/www.facebook.com\/revistarambla\/","article_published_time":"2025-10-23T16:08:23+00:00","og_image":[{"width":1280,"height":853,"url":"https:\/\/www.revistarambla.com\/wp-content\/uploads\/2025\/10\/mariposa-2382022_1280.jpg","type":"image\/jpeg"}],"author":"Alejandra Maller","twitter_card":"summary_large_image","twitter_creator":"@revistarambla","twitter_site":"@revistarambla","twitter_misc":{"Written by":"Alejandra Maller","Estimated reading time":"7 minutes"},"schema":{"@context":"https:\/\/schema.org","@graph":[{"@type":"Article","@id":"https:\/\/www.revistarambla.com\/se-nos-escurre-la-vida-y-no-hemos-cumplido-ningun-sueno\/#article","isPartOf":{"@id":"https:\/\/www.revistarambla.com\/se-nos-escurre-la-vida-y-no-hemos-cumplido-ningun-sueno\/"},"author":{"name":"Alejandra Maller","@id":"https:\/\/www.revistarambla.com\/#\/schema\/person\/2b19179a8ace334b829ad72cc6e6ce97"},"headline":"Se nos escurre la vida y no hemos cumplido ning\u00fan sue\u00f1o","datePublished":"2025-10-23T16:08:23+00:00","mainEntityOfPage":{"@id":"https:\/\/www.revistarambla.com\/se-nos-escurre-la-vida-y-no-hemos-cumplido-ningun-sueno\/"},"wordCount":1452,"publisher":{"@id":"https:\/\/www.revistarambla.com\/#organization"},"image":{"@id":"https:\/\/www.revistarambla.com\/se-nos-escurre-la-vida-y-no-hemos-cumplido-ningun-sueno\/#primaryimage"},"thumbnailUrl":"https:\/\/www.revistarambla.com\/wp-content\/uploads\/2025\/10\/mariposa-2382022_1280.jpg","articleSection":["Letras y Cuentos"],"inLanguage":"en-GB"},{"@type":"WebPage","@id":"https:\/\/www.revistarambla.com\/se-nos-escurre-la-vida-y-no-hemos-cumplido-ningun-sueno\/","url":"https:\/\/www.revistarambla.com\/se-nos-escurre-la-vida-y-no-hemos-cumplido-ningun-sueno\/","name":"Se nos escurre la vida y no hemos cumplido ning\u00fan sue\u00f1o - Revista Rambla","isPartOf":{"@id":"https:\/\/www.revistarambla.com\/#website"},"primaryImageOfPage":{"@id":"https:\/\/www.revistarambla.com\/se-nos-escurre-la-vida-y-no-hemos-cumplido-ningun-sueno\/#primaryimage"},"image":{"@id":"https:\/\/www.revistarambla.com\/se-nos-escurre-la-vida-y-no-hemos-cumplido-ningun-sueno\/#primaryimage"},"thumbnailUrl":"https:\/\/www.revistarambla.com\/wp-content\/uploads\/2025\/10\/mariposa-2382022_1280.jpg","datePublished":"2025-10-23T16:08:23+00:00","breadcrumb":{"@id":"https:\/\/www.revistarambla.com\/se-nos-escurre-la-vida-y-no-hemos-cumplido-ningun-sueno\/#breadcrumb"},"inLanguage":"en-GB","potentialAction":[{"@type":"ReadAction","target":["https:\/\/www.revistarambla.com\/se-nos-escurre-la-vida-y-no-hemos-cumplido-ningun-sueno\/"]}]},{"@type":"ImageObject","inLanguage":"en-GB","@id":"https:\/\/www.revistarambla.com\/se-nos-escurre-la-vida-y-no-hemos-cumplido-ningun-sueno\/#primaryimage","url":"https:\/\/www.revistarambla.com\/wp-content\/uploads\/2025\/10\/mariposa-2382022_1280.jpg","contentUrl":"https:\/\/www.revistarambla.com\/wp-content\/uploads\/2025\/10\/mariposa-2382022_1280.jpg","width":1280,"height":853,"caption":"sue\u00f1os"},{"@type":"BreadcrumbList","@id":"https:\/\/www.revistarambla.com\/se-nos-escurre-la-vida-y-no-hemos-cumplido-ningun-sueno\/#breadcrumb","itemListElement":[{"@type":"ListItem","position":1,"name":"Portada","item":"https:\/\/www.revistarambla.com\/"},{"@type":"ListItem","position":2,"name":"Se nos escurre la vida y no hemos cumplido ning\u00fan sue\u00f1o"}]},{"@type":"WebSite","@id":"https:\/\/www.revistarambla.com\/#website","url":"https:\/\/www.revistarambla.com\/","name":"Revista Rambla Barcelona","description":"Periodismo independiente","publisher":{"@id":"https:\/\/www.revistarambla.com\/#organization"},"potentialAction":[{"@type":"SearchAction","target":{"@type":"EntryPoint","urlTemplate":"https:\/\/www.revistarambla.com\/?s={search_term_string}"},"query-input":{"@type":"PropertyValueSpecification","valueRequired":true,"valueName":"search_term_string"}}],"inLanguage":"en-GB"},{"@type":"Organization","@id":"https:\/\/www.revistarambla.com\/#organization","name":"Revista Rambla","url":"https:\/\/www.revistarambla.com\/","logo":{"@type":"ImageObject","inLanguage":"en-GB","@id":"https:\/\/www.revistarambla.com\/#\/schema\/logo\/image\/","url":"https:\/\/www.revistarambla.com\/wp-content\/uploads\/2020\/09\/banner_rambla_1900x600_BB.png","contentUrl":"https:\/\/www.revistarambla.com\/wp-content\/uploads\/2020\/09\/banner_rambla_1900x600_BB.png","width":1900,"height":600,"caption":"Revista Rambla"},"image":{"@id":"https:\/\/www.revistarambla.com\/#\/schema\/logo\/image\/"},"sameAs":["https:\/\/www.facebook.com\/revistarambla\/","https:\/\/x.com\/revistarambla","https:\/\/www.instagram.com\/revista_rambla","https:\/\/es.linkedin.com\/company\/revista-rambla"]},{"@type":"Person","@id":"https:\/\/www.revistarambla.com\/#\/schema\/person\/2b19179a8ace334b829ad72cc6e6ce97","name":"Alejandra Maller","description":"Periodista y catalana.","sameAs":["https:\/\/www.revistarambla.com\/"]}]}},"_links":{"self":[{"href":"https:\/\/www.revistarambla.com\/en\/wp-json\/wp\/v2\/posts\/67015","targetHints":{"allow":["GET"]}}],"collection":[{"href":"https:\/\/www.revistarambla.com\/en\/wp-json\/wp\/v2\/posts"}],"about":[{"href":"https:\/\/www.revistarambla.com\/en\/wp-json\/wp\/v2\/types\/post"}],"author":[{"embeddable":true,"href":"https:\/\/www.revistarambla.com\/en\/wp-json\/wp\/v2\/users\/15"}],"replies":[{"embeddable":true,"href":"https:\/\/www.revistarambla.com\/en\/wp-json\/wp\/v2\/comments?post=67015"}],"version-history":[{"count":1,"href":"https:\/\/www.revistarambla.com\/en\/wp-json\/wp\/v2\/posts\/67015\/revisions"}],"predecessor-version":[{"id":67016,"href":"https:\/\/www.revistarambla.com\/en\/wp-json\/wp\/v2\/posts\/67015\/revisions\/67016"}],"wp:featuredmedia":[{"embeddable":true,"href":"https:\/\/www.revistarambla.com\/en\/wp-json\/wp\/v2\/media\/67020"}],"wp:attachment":[{"href":"https:\/\/www.revistarambla.com\/en\/wp-json\/wp\/v2\/media?parent=67015"}],"wp:term":[{"taxonomy":"category","embeddable":true,"href":"https:\/\/www.revistarambla.com\/en\/wp-json\/wp\/v2\/categories?post=67015"},{"taxonomy":"post_tag","embeddable":true,"href":"https:\/\/www.revistarambla.com\/en\/wp-json\/wp\/v2\/tags?post=67015"}],"curies":[{"name":"wp","href":"https:\/\/api.w.org\/{rel}","templated":true}]}}