{"id":67011,"date":"2025-10-23T17:53:39","date_gmt":"2025-10-23T15:53:39","guid":{"rendered":"https:\/\/www.revistarambla.com\/?p=67011"},"modified":"2025-10-26T10:07:26","modified_gmt":"2025-10-26T09:07:26","slug":"mas-de-18-000-personas-aguardan-una-plaza-en-residencias-de-cataluna","status":"publish","type":"post","link":"https:\/\/www.revistarambla.com\/en\/mas-de-18-000-personas-aguardan-una-plaza-en-residencias-de-cataluna\/","title":{"rendered":"M\u00e1s de 18.000 personas aguardan una plaza en residencias de Catalu\u00f1a"},"content":{"rendered":"<p>En Catalu\u00f1a, 18.000 personas se encuentran en listas de espera para acceder a una plaza en residencias p\u00fablicas para mayores. <!--more-->Esta cifra forma parte de un total de 82.000 individuos en espera para servicios de dependencia, que incluyen residencias p\u00fablicas o ayudas domiciliarias. Los datos provienen del Departamento de Derechos Sociales de la Generalitat y del Observatorio Estatal para la Dependencia, elaborado por la Asociaci\u00f3n de Directoras y Gerentes en Servicios Sociales con informaci\u00f3n del Imserso. A nivel estatal, Espa\u00f1a registra 284.020 personas en listas de espera para valoraci\u00f3n o prestaciones de dependencia, con un incremento de 13.695 en los primeros nueve meses de 2025 y un tiempo medio de resoluci\u00f3n de 349 d\u00edas. Catalu\u00f1a registra 81.894 personas en esta situaci\u00f3n, lo que representa casi un tercio del total nacional. De ellas, 38.002 est\u00e1n pendientes de evaluaci\u00f3n de su grado de dependencia, con un promedio de 275 d\u00edas de espera para recibir la prestaci\u00f3n una vez reconocida. En el 40% de los casos para plazas residenciales, la demora se extiende entre dos y tres a\u00f1os, incluyendo retrasos en valoraciones y determinaci\u00f3n de prestaciones. En Barcelona, el tiempo de espera para una plaza p\u00fablica oscila entre 18 y 24 meses, influido por el grado de dependencia, situaciones de urgencia, ubicaci\u00f3n y preferencias personales.<\/p>\n<p>El sistema de dependencia en Catalu\u00f1a opera bajo la Ley de Promoci\u00f3n de la Autonom\u00eda Personal y Atenci\u00f3n a las Personas en Situaci\u00f3n de Dependencia de 2006. A nivel nacional, el 34% de las personas sin atender son grandes dependientes o severos, requiriendo apoyo continuo. En los primeros nueve meses de 2025, 6.851 personas dependientes han fallecido en Catalu\u00f1a sin recibir atenci\u00f3n, equivalente a 25 decesos diarios. A escala estatal, esta cifra alcanza 25.060 fallecimientos, de los cuales 13.713 ocurrieron antes de la valoraci\u00f3n y 11.347 mientras se esperaba una prestaci\u00f3n reconocida. Cinco comunidades concentran dos tercios de las personas en espera: Catalu\u00f1a (81.894), Andaluc\u00eda (51.547), Comunidad Valenciana (29.747), Canarias (25.755) y Murcia (16.348). En t\u00e9rminos relativos, Canarias (33%), Murcia (22,4%) y Catalu\u00f1a (19,9%) presentan los mayores porcentajes de solicitantes en tr\u00e1mites.<\/p>\n<h3>Contexto demogr\u00e1fico<\/h3>\n<p>Catalu\u00f1a tiene una poblaci\u00f3n de aproximadamente 7,8 millones de habitantes. Seg\u00fan proyecciones del Instituto de Estad\u00edstica de Catalu\u00f1a (Idescat), la poblaci\u00f3n mayor de 65 a\u00f1os crecer\u00e1 un 2,5% anual hasta duplicarse en la pr\u00f3xima d\u00e9cada, con 644.600 individuos mayores de 80 a\u00f1os para 2035, representando el 7,1% de la poblaci\u00f3n total. Este aumento se atribuye a la llegada a la vejez de la generaci\u00f3n nacida en los a\u00f1os 60 y 70. Actualmente, Catalu\u00f1a dispone de 63.213 plazas residenciales y 20.177 en centros diurnos. El \u00edndice de cobertura residencial es de 13,2 plazas por cada 100 mayores de 80 a\u00f1os, comparado con la mediana europea de 16,3. Para la atenci\u00f3n domiciliaria (SAD), se atiende a 67.316 personas, con una cobertura del 4,3% para mayores de 65 a\u00f1os y una intensidad media de 13 horas mensuales, inferior a la media europea del 10,1% y la m\u00e1s baja entre las comunidades aut\u00f3nomas espa\u00f1olas. En Catalu\u00f1a, la media de horas de atenci\u00f3n domiciliaria es de cuatro a la semana, frente a m\u00e1s de 10 en Andaluc\u00eda.<\/p>\n<h3>Factores estructurales: financiaci\u00f3n y personal<\/h3>\n<p>Espa\u00f1a destina el 0,9% de su PIB a la dependencia, por debajo de la media europea del 1,79% y de cifras superiores al 2,5% en pa\u00edses como Pa\u00edses Bajos o Suecia. En Catalu\u00f1a, la Generalitat cubre el 77% de los gastos en residencias, superando el reparto 50-50 establecido por ley con el Estado central. Las plazas p\u00fablicas representan el 74% del total en residencias. A nivel nacional, se observa una reducci\u00f3n de 804 plazas residenciales y 969 en centros de d\u00eda en 2025, con prioridad a prestaciones de menor coste. En atenci\u00f3n domiciliaria, m\u00e1s del 56% de los beneficiarios carecen de teleasistencia, y 65.647 tienen la teleasistencia como \u00fanica prestaci\u00f3n.<\/p>\n<p>Respecto al personal, las residencias enfrentan dificultades para contratar debido a condiciones laborales y salariales inferiores a las de la red sanitaria. Para 2035, se estiman necesarias 80.000 plazas residenciales adicionales y 26.000 profesionales m\u00e1s en Catalu\u00f1a. En comparaci\u00f3n, proyecciones para 2030 indicaban 25.000 plazas y 20.000 trabajadores adicionales. La integraci\u00f3n entre sistemas social y sanitario incluye acuerdos con atenci\u00f3n primaria en la mayor\u00eda de residencias, aunque no siempre se traduce en coordinaci\u00f3n efectiva.<\/p>\n<h3>Impactos sociales y econ\u00f3micos<\/h3>\n<p>A nivel nacional, el sistema cuenta con 1.726.288 personas con dependencia reconocida, un aumento de 81.371 respecto a 2024, representando el 3,5% de la poblaci\u00f3n. El 62% son mujeres, el 37% hombres, el 75% tienen m\u00e1s de 65 a\u00f1os y el 53% superan los 80. En Catalu\u00f1a, unas 9.000 personas en espera recurren a cuidados familiares o profesionales privados. El tiempo medio de tramitaci\u00f3n nacional ha pasado de 334 a 349 d\u00edas en 2025. En Catalu\u00f1a, la demora desde la solicitud hasta la prestaci\u00f3n es de 251 d\u00edas. Comunidades como Andaluc\u00eda, Murcia y Canarias registran demoras superiores a un a\u00f1o y medio.<\/p>\n<h3>Medidas y perspectivas<\/h3>\n<p>El gobierno catal\u00e1n, bajo Salvador Illa, ha comprometido la creaci\u00f3n de 6.000 nuevas plazas residenciales en esta legislatura. El Departamento de Derechos Sociales ha implementado medidas como la simplificaci\u00f3n de formularios y eliminaci\u00f3n de informes m\u00e9dicos obligatorios para agilizar valoraciones. La Asociaci\u00f3n Catalana de Recursos Asistenciales (ACRA) propone aumentar la inversi\u00f3n en dependencia al 2% del PIB, mejorar salarios mediante un convenio \u00fanico sociosanitario, agilizar homologaciones de t\u00edtulos extranjeros y regularizar trabajadores sin permiso. Estas propuestas buscan abordar la falta de personal y plazas. A largo plazo, se considera la atracci\u00f3n de talento extranjero y mayor coordinaci\u00f3n interinstitucional para adaptar el sistema a las proyecciones demogr\u00e1ficas.<\/p>","protected":false},"excerpt":{"rendered":"<p>El envejecimiento poblacional pone en jaque el sistema de dependencia<\/p>","protected":false},"author":3,"featured_media":67012,"comment_status":"closed","ping_status":"closed","sticky":false,"template":"","format":"standard","meta":{"footnotes":""},"categories":[59],"tags":[],"class_list":["post-67011","post","type-post","status-publish","format-standard","has-post-thumbnail","hentry","category-catalunya"],"yoast_head":"<!-- This site is optimized with the Yoast SEO plugin v27.5 - https:\/\/yoast.com\/product\/yoast-seo-wordpress\/ -->\n<title>M\u00e1s de 18.000 personas aguardan una plaza en residencias de Catalu\u00f1a - Revista Rambla<\/title>\n<meta name=\"robots\" content=\"index, follow, max-snippet:-1, max-image-preview:large, max-video-preview:-1\" \/>\n<link rel=\"canonical\" href=\"https:\/\/www.revistarambla.com\/en\/mas-de-18-000-personas-aguardan-una-plaza-en-residencias-de-cataluna\/\" \/>\n<meta property=\"og:locale\" content=\"en_GB\" \/>\n<meta property=\"og:type\" content=\"article\" \/>\n<meta property=\"og:title\" content=\"M\u00e1s de 18.000 personas aguardan una plaza en residencias de Catalu\u00f1a - Revista Rambla\" \/>\n<meta property=\"og:description\" content=\"El envejecimiento poblacional pone en jaque el sistema de dependencia\" \/>\n<meta property=\"og:url\" content=\"https:\/\/www.revistarambla.com\/en\/mas-de-18-000-personas-aguardan-una-plaza-en-residencias-de-cataluna\/\" \/>\n<meta property=\"og:site_name\" content=\"Revista Rambla\" \/>\n<meta property=\"article:publisher\" content=\"https:\/\/www.facebook.com\/revistarambla\/\" \/>\n<meta property=\"article:author\" content=\"https:\/\/www.facebook.com\/revistarambla\" \/>\n<meta property=\"article:published_time\" content=\"2025-10-23T15:53:39+00:00\" \/>\n<meta property=\"article:modified_time\" content=\"2025-10-26T09:07:26+00:00\" \/>\n<meta property=\"og:image\" content=\"https:\/\/www.revistarambla.com\/wp-content\/uploads\/2025\/10\/PERSONAS-MAYORES-RESIDENCIAS-BARCELONA.jpeg\" \/>\n\t<meta property=\"og:image:width\" content=\"760\" \/>\n\t<meta property=\"og:image:height\" content=\"428\" \/>\n\t<meta property=\"og:image:type\" content=\"image\/jpeg\" \/>\n<meta name=\"author\" content=\"R@mbla\" \/>\n<meta name=\"twitter:card\" content=\"summary_large_image\" \/>\n<meta name=\"twitter:creator\" content=\"@revistarambla\" \/>\n<meta name=\"twitter:site\" content=\"@revistarambla\" \/>\n<meta name=\"twitter:label1\" content=\"Written by\" \/>\n\t<meta name=\"twitter:data1\" content=\"R@mbla\" \/>\n\t<meta name=\"twitter:label2\" content=\"Estimated reading time\" \/>\n\t<meta name=\"twitter:data2\" content=\"5 minutes\" \/>\n<script type=\"application\/ld+json\" class=\"yoast-schema-graph\">{\"@context\":\"https:\\\/\\\/schema.org\",\"@graph\":[{\"@type\":\"Article\",\"@id\":\"https:\\\/\\\/www.revistarambla.com\\\/mas-de-18-000-personas-aguardan-una-plaza-en-residencias-de-cataluna\\\/#article\",\"isPartOf\":{\"@id\":\"https:\\\/\\\/www.revistarambla.com\\\/mas-de-18-000-personas-aguardan-una-plaza-en-residencias-de-cataluna\\\/\"},\"author\":{\"name\":\"R@mbla\",\"@id\":\"https:\\\/\\\/www.revistarambla.com\\\/#\\\/schema\\\/person\\\/a146a5a2550b94981a75131180e1bd9c\"},\"headline\":\"M\u00e1s de 18.000 personas aguardan una plaza en residencias de Catalu\u00f1a\",\"datePublished\":\"2025-10-23T15:53:39+00:00\",\"dateModified\":\"2025-10-26T09:07:26+00:00\",\"mainEntityOfPage\":{\"@id\":\"https:\\\/\\\/www.revistarambla.com\\\/mas-de-18-000-personas-aguardan-una-plaza-en-residencias-de-cataluna\\\/\"},\"wordCount\":951,\"publisher\":{\"@id\":\"https:\\\/\\\/www.revistarambla.com\\\/#organization\"},\"image\":{\"@id\":\"https:\\\/\\\/www.revistarambla.com\\\/mas-de-18-000-personas-aguardan-una-plaza-en-residencias-de-cataluna\\\/#primaryimage\"},\"thumbnailUrl\":\"https:\\\/\\\/www.revistarambla.com\\\/wp-content\\\/uploads\\\/2025\\\/10\\\/PERSONAS-MAYORES-RESIDENCIAS-BARCELONA.jpeg\",\"articleSection\":[\"Catalunya\"],\"inLanguage\":\"en-GB\"},{\"@type\":\"WebPage\",\"@id\":\"https:\\\/\\\/www.revistarambla.com\\\/mas-de-18-000-personas-aguardan-una-plaza-en-residencias-de-cataluna\\\/\",\"url\":\"https:\\\/\\\/www.revistarambla.com\\\/mas-de-18-000-personas-aguardan-una-plaza-en-residencias-de-cataluna\\\/\",\"name\":\"M\u00e1s de 18.000 personas aguardan una plaza en residencias de Catalu\u00f1a - Revista Rambla\",\"isPartOf\":{\"@id\":\"https:\\\/\\\/www.revistarambla.com\\\/#website\"},\"primaryImageOfPage\":{\"@id\":\"https:\\\/\\\/www.revistarambla.com\\\/mas-de-18-000-personas-aguardan-una-plaza-en-residencias-de-cataluna\\\/#primaryimage\"},\"image\":{\"@id\":\"https:\\\/\\\/www.revistarambla.com\\\/mas-de-18-000-personas-aguardan-una-plaza-en-residencias-de-cataluna\\\/#primaryimage\"},\"thumbnailUrl\":\"https:\\\/\\\/www.revistarambla.com\\\/wp-content\\\/uploads\\\/2025\\\/10\\\/PERSONAS-MAYORES-RESIDENCIAS-BARCELONA.jpeg\",\"datePublished\":\"2025-10-23T15:53:39+00:00\",\"dateModified\":\"2025-10-26T09:07:26+00:00\",\"breadcrumb\":{\"@id\":\"https:\\\/\\\/www.revistarambla.com\\\/mas-de-18-000-personas-aguardan-una-plaza-en-residencias-de-cataluna\\\/#breadcrumb\"},\"inLanguage\":\"en-GB\",\"potentialAction\":[{\"@type\":\"ReadAction\",\"target\":[\"https:\\\/\\\/www.revistarambla.com\\\/mas-de-18-000-personas-aguardan-una-plaza-en-residencias-de-cataluna\\\/\"]}]},{\"@type\":\"ImageObject\",\"inLanguage\":\"en-GB\",\"@id\":\"https:\\\/\\\/www.revistarambla.com\\\/mas-de-18-000-personas-aguardan-una-plaza-en-residencias-de-cataluna\\\/#primaryimage\",\"url\":\"https:\\\/\\\/www.revistarambla.com\\\/wp-content\\\/uploads\\\/2025\\\/10\\\/PERSONAS-MAYORES-RESIDENCIAS-BARCELONA.jpeg\",\"contentUrl\":\"https:\\\/\\\/www.revistarambla.com\\\/wp-content\\\/uploads\\\/2025\\\/10\\\/PERSONAS-MAYORES-RESIDENCIAS-BARCELONA.jpeg\",\"width\":760,\"height\":428,\"caption\":\"PERSONAS MAYORES LISTA ESPERA RESIDENCIAS BARCELONA\"},{\"@type\":\"BreadcrumbList\",\"@id\":\"https:\\\/\\\/www.revistarambla.com\\\/mas-de-18-000-personas-aguardan-una-plaza-en-residencias-de-cataluna\\\/#breadcrumb\",\"itemListElement\":[{\"@type\":\"ListItem\",\"position\":1,\"name\":\"Portada\",\"item\":\"https:\\\/\\\/www.revistarambla.com\\\/\"},{\"@type\":\"ListItem\",\"position\":2,\"name\":\"M\u00e1s de 18.000 personas aguardan una plaza en residencias de Catalu\u00f1a\"}]},{\"@type\":\"WebSite\",\"@id\":\"https:\\\/\\\/www.revistarambla.com\\\/#website\",\"url\":\"https:\\\/\\\/www.revistarambla.com\\\/\",\"name\":\"Revista Rambla Barcelona\",\"description\":\"Periodismo independiente\",\"publisher\":{\"@id\":\"https:\\\/\\\/www.revistarambla.com\\\/#organization\"},\"potentialAction\":[{\"@type\":\"SearchAction\",\"target\":{\"@type\":\"EntryPoint\",\"urlTemplate\":\"https:\\\/\\\/www.revistarambla.com\\\/?s={search_term_string}\"},\"query-input\":{\"@type\":\"PropertyValueSpecification\",\"valueRequired\":true,\"valueName\":\"search_term_string\"}}],\"inLanguage\":\"en-GB\"},{\"@type\":\"Organization\",\"@id\":\"https:\\\/\\\/www.revistarambla.com\\\/#organization\",\"name\":\"Revista Rambla\",\"url\":\"https:\\\/\\\/www.revistarambla.com\\\/\",\"logo\":{\"@type\":\"ImageObject\",\"inLanguage\":\"en-GB\",\"@id\":\"https:\\\/\\\/www.revistarambla.com\\\/#\\\/schema\\\/logo\\\/image\\\/\",\"url\":\"https:\\\/\\\/www.revistarambla.com\\\/wp-content\\\/uploads\\\/2020\\\/09\\\/banner_rambla_1900x600_BB.png\",\"contentUrl\":\"https:\\\/\\\/www.revistarambla.com\\\/wp-content\\\/uploads\\\/2020\\\/09\\\/banner_rambla_1900x600_BB.png\",\"width\":1900,\"height\":600,\"caption\":\"Revista Rambla\"},\"image\":{\"@id\":\"https:\\\/\\\/www.revistarambla.com\\\/#\\\/schema\\\/logo\\\/image\\\/\"},\"sameAs\":[\"https:\\\/\\\/www.facebook.com\\\/revistarambla\\\/\",\"https:\\\/\\\/x.com\\\/revistarambla\",\"https:\\\/\\\/www.instagram.com\\\/revista_rambla\",\"https:\\\/\\\/es.linkedin.com\\\/company\\\/revista-rambla\"]},{\"@type\":\"Person\",\"@id\":\"https:\\\/\\\/www.revistarambla.com\\\/#\\\/schema\\\/person\\\/a146a5a2550b94981a75131180e1bd9c\",\"name\":\"R@mbla\",\"description\":\"Este art\u00edculo ha sido redactado y\\\/o validado por el equipo de redacci\u00f3n de Revista Rambla.\",\"sameAs\":[\"https:\\\/\\\/www.revistarambla.com\\\/\",\"https:\\\/\\\/www.facebook.com\\\/revistarambla\",\"https:\\\/\\\/x.com\\\/revistarambla\"]}]}<\/script>\n<!-- \/ Yoast SEO plugin. -->","yoast_head_json":{"title":"M\u00e1s de 18.000 personas aguardan una plaza en residencias de Catalu\u00f1a - Revista Rambla","robots":{"index":"index","follow":"follow","max-snippet":"max-snippet:-1","max-image-preview":"max-image-preview:large","max-video-preview":"max-video-preview:-1"},"canonical":"https:\/\/www.revistarambla.com\/en\/mas-de-18-000-personas-aguardan-una-plaza-en-residencias-de-cataluna\/","og_locale":"en_GB","og_type":"article","og_title":"M\u00e1s de 18.000 personas aguardan una plaza en residencias de Catalu\u00f1a - Revista Rambla","og_description":"El envejecimiento poblacional pone en jaque el sistema de dependencia","og_url":"https:\/\/www.revistarambla.com\/en\/mas-de-18-000-personas-aguardan-una-plaza-en-residencias-de-cataluna\/","og_site_name":"Revista Rambla","article_publisher":"https:\/\/www.facebook.com\/revistarambla\/","article_author":"https:\/\/www.facebook.com\/revistarambla","article_published_time":"2025-10-23T15:53:39+00:00","article_modified_time":"2025-10-26T09:07:26+00:00","og_image":[{"width":760,"height":428,"url":"https:\/\/www.revistarambla.com\/wp-content\/uploads\/2025\/10\/PERSONAS-MAYORES-RESIDENCIAS-BARCELONA.jpeg","type":"image\/jpeg"}],"author":"R@mbla","twitter_card":"summary_large_image","twitter_creator":"@revistarambla","twitter_site":"@revistarambla","twitter_misc":{"Written by":"R@mbla","Estimated reading time":"5 minutes"},"schema":{"@context":"https:\/\/schema.org","@graph":[{"@type":"Article","@id":"https:\/\/www.revistarambla.com\/mas-de-18-000-personas-aguardan-una-plaza-en-residencias-de-cataluna\/#article","isPartOf":{"@id":"https:\/\/www.revistarambla.com\/mas-de-18-000-personas-aguardan-una-plaza-en-residencias-de-cataluna\/"},"author":{"name":"R@mbla","@id":"https:\/\/www.revistarambla.com\/#\/schema\/person\/a146a5a2550b94981a75131180e1bd9c"},"headline":"M\u00e1s de 18.000 personas aguardan una plaza en residencias de Catalu\u00f1a","datePublished":"2025-10-23T15:53:39+00:00","dateModified":"2025-10-26T09:07:26+00:00","mainEntityOfPage":{"@id":"https:\/\/www.revistarambla.com\/mas-de-18-000-personas-aguardan-una-plaza-en-residencias-de-cataluna\/"},"wordCount":951,"publisher":{"@id":"https:\/\/www.revistarambla.com\/#organization"},"image":{"@id":"https:\/\/www.revistarambla.com\/mas-de-18-000-personas-aguardan-una-plaza-en-residencias-de-cataluna\/#primaryimage"},"thumbnailUrl":"https:\/\/www.revistarambla.com\/wp-content\/uploads\/2025\/10\/PERSONAS-MAYORES-RESIDENCIAS-BARCELONA.jpeg","articleSection":["Catalunya"],"inLanguage":"en-GB"},{"@type":"WebPage","@id":"https:\/\/www.revistarambla.com\/mas-de-18-000-personas-aguardan-una-plaza-en-residencias-de-cataluna\/","url":"https:\/\/www.revistarambla.com\/mas-de-18-000-personas-aguardan-una-plaza-en-residencias-de-cataluna\/","name":"M\u00e1s de 18.000 personas aguardan una plaza en residencias de Catalu\u00f1a - Revista Rambla","isPartOf":{"@id":"https:\/\/www.revistarambla.com\/#website"},"primaryImageOfPage":{"@id":"https:\/\/www.revistarambla.com\/mas-de-18-000-personas-aguardan-una-plaza-en-residencias-de-cataluna\/#primaryimage"},"image":{"@id":"https:\/\/www.revistarambla.com\/mas-de-18-000-personas-aguardan-una-plaza-en-residencias-de-cataluna\/#primaryimage"},"thumbnailUrl":"https:\/\/www.revistarambla.com\/wp-content\/uploads\/2025\/10\/PERSONAS-MAYORES-RESIDENCIAS-BARCELONA.jpeg","datePublished":"2025-10-23T15:53:39+00:00","dateModified":"2025-10-26T09:07:26+00:00","breadcrumb":{"@id":"https:\/\/www.revistarambla.com\/mas-de-18-000-personas-aguardan-una-plaza-en-residencias-de-cataluna\/#breadcrumb"},"inLanguage":"en-GB","potentialAction":[{"@type":"ReadAction","target":["https:\/\/www.revistarambla.com\/mas-de-18-000-personas-aguardan-una-plaza-en-residencias-de-cataluna\/"]}]},{"@type":"ImageObject","inLanguage":"en-GB","@id":"https:\/\/www.revistarambla.com\/mas-de-18-000-personas-aguardan-una-plaza-en-residencias-de-cataluna\/#primaryimage","url":"https:\/\/www.revistarambla.com\/wp-content\/uploads\/2025\/10\/PERSONAS-MAYORES-RESIDENCIAS-BARCELONA.jpeg","contentUrl":"https:\/\/www.revistarambla.com\/wp-content\/uploads\/2025\/10\/PERSONAS-MAYORES-RESIDENCIAS-BARCELONA.jpeg","width":760,"height":428,"caption":"PERSONAS MAYORES LISTA ESPERA RESIDENCIAS BARCELONA"},{"@type":"BreadcrumbList","@id":"https:\/\/www.revistarambla.com\/mas-de-18-000-personas-aguardan-una-plaza-en-residencias-de-cataluna\/#breadcrumb","itemListElement":[{"@type":"ListItem","position":1,"name":"Portada","item":"https:\/\/www.revistarambla.com\/"},{"@type":"ListItem","position":2,"name":"M\u00e1s de 18.000 personas aguardan una plaza en residencias de Catalu\u00f1a"}]},{"@type":"WebSite","@id":"https:\/\/www.revistarambla.com\/#website","url":"https:\/\/www.revistarambla.com\/","name":"Revista Rambla Barcelona","description":"Periodismo independiente","publisher":{"@id":"https:\/\/www.revistarambla.com\/#organization"},"potentialAction":[{"@type":"SearchAction","target":{"@type":"EntryPoint","urlTemplate":"https:\/\/www.revistarambla.com\/?s={search_term_string}"},"query-input":{"@type":"PropertyValueSpecification","valueRequired":true,"valueName":"search_term_string"}}],"inLanguage":"en-GB"},{"@type":"Organization","@id":"https:\/\/www.revistarambla.com\/#organization","name":"Revista Rambla","url":"https:\/\/www.revistarambla.com\/","logo":{"@type":"ImageObject","inLanguage":"en-GB","@id":"https:\/\/www.revistarambla.com\/#\/schema\/logo\/image\/","url":"https:\/\/www.revistarambla.com\/wp-content\/uploads\/2020\/09\/banner_rambla_1900x600_BB.png","contentUrl":"https:\/\/www.revistarambla.com\/wp-content\/uploads\/2020\/09\/banner_rambla_1900x600_BB.png","width":1900,"height":600,"caption":"Revista Rambla"},"image":{"@id":"https:\/\/www.revistarambla.com\/#\/schema\/logo\/image\/"},"sameAs":["https:\/\/www.facebook.com\/revistarambla\/","https:\/\/x.com\/revistarambla","https:\/\/www.instagram.com\/revista_rambla","https:\/\/es.linkedin.com\/company\/revista-rambla"]},{"@type":"Person","@id":"https:\/\/www.revistarambla.com\/#\/schema\/person\/a146a5a2550b94981a75131180e1bd9c","name":"R@mbla","description":"Este art\u00edculo ha sido redactado y\/o validado por el equipo de redacci\u00f3n de Revista Rambla.","sameAs":["https:\/\/www.revistarambla.com\/","https:\/\/www.facebook.com\/revistarambla","https:\/\/x.com\/revistarambla"]}]}},"_links":{"self":[{"href":"https:\/\/www.revistarambla.com\/en\/wp-json\/wp\/v2\/posts\/67011","targetHints":{"allow":["GET"]}}],"collection":[{"href":"https:\/\/www.revistarambla.com\/en\/wp-json\/wp\/v2\/posts"}],"about":[{"href":"https:\/\/www.revistarambla.com\/en\/wp-json\/wp\/v2\/types\/post"}],"author":[{"embeddable":true,"href":"https:\/\/www.revistarambla.com\/en\/wp-json\/wp\/v2\/users\/3"}],"replies":[{"embeddable":true,"href":"https:\/\/www.revistarambla.com\/en\/wp-json\/wp\/v2\/comments?post=67011"}],"version-history":[{"count":1,"href":"https:\/\/www.revistarambla.com\/en\/wp-json\/wp\/v2\/posts\/67011\/revisions"}],"predecessor-version":[{"id":67013,"href":"https:\/\/www.revistarambla.com\/en\/wp-json\/wp\/v2\/posts\/67011\/revisions\/67013"}],"wp:featuredmedia":[{"embeddable":true,"href":"https:\/\/www.revistarambla.com\/en\/wp-json\/wp\/v2\/media\/67012"}],"wp:attachment":[{"href":"https:\/\/www.revistarambla.com\/en\/wp-json\/wp\/v2\/media?parent=67011"}],"wp:term":[{"taxonomy":"category","embeddable":true,"href":"https:\/\/www.revistarambla.com\/en\/wp-json\/wp\/v2\/categories?post=67011"},{"taxonomy":"post_tag","embeddable":true,"href":"https:\/\/www.revistarambla.com\/en\/wp-json\/wp\/v2\/tags?post=67011"}],"curies":[{"name":"wp","href":"https:\/\/api.w.org\/{rel}","templated":true}]}}