{"id":67006,"date":"2025-10-22T23:30:12","date_gmt":"2025-10-22T21:30:12","guid":{"rendered":"https:\/\/www.revistarambla.com\/?p=67006"},"modified":"2025-10-22T23:30:12","modified_gmt":"2025-10-22T21:30:12","slug":"el-negocio-de-la-ley-rocajunyent-alcanza-los-35-millones-de-facturacion","status":"publish","type":"post","link":"https:\/\/www.revistarambla.com\/en\/el-negocio-de-la-ley-rocajunyent-alcanza-los-35-millones-de-facturacion\/","title":{"rendered":"El negocio de la ley: RocaJunyent alcanza los 35 millones de facturaci\u00f3n"},"content":{"rendered":"<p>El despacho de abogados RocaJunyent ha reportado una facturaci\u00f3n de 35 millones de euros en el ejercicio correspondiente a 2024<!--more-->, lo que representa un incremento del 25% en comparaci\u00f3n con el a\u00f1o anterior. Esta cifra se enmarca en un sector legal espa\u00f1ol donde el crecimiento agregado de los despachos ha sido del 10,3% en el per\u00edodo reportado para 2023.<\/p>\n<p>El despacho fue fundado en 1996 por Miquel Roca i Junyent, quien particip\u00f3 en la redacci\u00f3n de la Constituci\u00f3n Espa\u00f1ola de 1978. Actualmente, con 85 a\u00f1os, Miquel Roca preside la junta de socios, habiendo transferido la presidencia ejecutiva a su hijo, Joan Roca Sagarra, en 2017.<\/p>\n<p>La firma opera con sede principal en Barcelona y oficinas en Madrid, Girona y otras ubicaciones en Espa\u00f1a. Sus \u00e1reas de pr\u00e1ctica incluyen derecho mercantil, fiscal, laboral, inmobiliario y litigios.<\/p>\n<p>En el ejercicio reportado, el beneficio neto alcanz\u00f3 los 0,4 millones de euros, duplicando el registrado en el per\u00edodo anterior.<\/p>\n<p>De la facturaci\u00f3n total, 13,5 millones de euros correspondieron a remuneraciones de personal, con una plantilla de 191 empleados. Adem\u00e1s, se contabilizaron 20 millones de euros en otros gastos de explotaci\u00f3n, que abarcan costos operativos, marketing y tecnolog\u00eda.<\/p>\n<p>La actividad internacional mostr\u00f3 una reducci\u00f3n: la facturaci\u00f3n procedente del exterior disminuy\u00f3 de 1,3 millones de euros a 352.000 euros.<\/p>\n<p>El informe de gesti\u00f3n menciona colaboraciones con redes internacionales como GAIA y alianzas con centros educativos y sociales. Estos elementos se describen como parte de la estrategia de internacionalizaci\u00f3n.<\/p>\n<p>El despacho ha incorporado otras firmas en los \u00faltimos a\u00f1os. En los cinco a\u00f1os recientes, se integraron Segarra de Figarola i Associats, MDV Jur\u00eddico y Tributario, y DJV Abogados en 2024. Estas integraciones generaron un fondo de comercio de 4,3 millones de euros, sujeto a amortizaci\u00f3n en ejercicios futuros.<\/p>\n<p>En ejercicios previos, la facturaci\u00f3n fue de 32,3 millones de euros en 2022, un 10% m\u00e1s que los 29,4 millones de 2021. Para 2023, se reportaron 37,86 millones de euros, ubicando a la firma en el noveno puesto del ranking de despachos espa\u00f1oles por ingresos.<\/p>\n<p>La cifra de 35 millones para 2024 indica una variaci\u00f3n respecto a la tendencia anterior, posiblemente relacionada con ajustes en la estructura o integraciones.<\/p>\n<p>En el mercado espa\u00f1ol de servicios legales, RocaJunyent se posiciona en el segmento medio. Seg\u00fan el ranking de 2024 basado en datos de 2023 publicado por Expansi\u00f3n, Garrigues registr\u00f3 419,2 millones de euros (crecimiento del 5,7%), seguido de Cuatrecasas.<\/p>\n<p>El top 10 incluye Ur\u00eda Men\u00e9ndez, P\u00e9rez-Llorca y G\u00f3mez-Acebo &amp; Pombo, con facturaciones superiores a 100 millones de euros. RocaJunyent, con 37,86 millones en 2023, ocup\u00f3 el noveno lugar.<\/p>\n<p>El crecimiento sectorial del 10,3% se asocia a operaciones de fusiones y adquisiciones, litigios vinculados a la inflaci\u00f3n y asesoramiento en sostenibilidad.<\/p>\n<p>La junta directiva incluye a Alejandro Llevat Felius, Josep Pujolr\u00e0s Nonell, Natalia Mart\u00ed Pic\u00f3, Santiago Pag\u00e8s Carballeda y Marlen Est\u00e9vez Sanz, adem\u00e1s de los Roca.<\/p>\n<p>Miquel Roca ocupa cargos en otras entidades: preside el \u00f3rgano rector de Aig\u00fces de Barcelona, es consejero en Abertis, y secretario en los consejos de Banco Sabadell y Werfen.<\/p>\n<p>El plan estrat\u00e9gico del despacho contempla un aumento del 25% en el n\u00famero de profesionales y del 35% en ingresos internacionales en los pr\u00f3ximos a\u00f1os.<\/p>\n<p>Esto podr\u00eda abordar la disminuci\u00f3n en facturaci\u00f3n exterior mediante alianzas en Latinoam\u00e9rica y Asia. Factores como la inflaci\u00f3n salarial en el sector (aumentos del 5-7% anual) y la competencia de firmas globales como Baker McKenzie o DLA Piper podr\u00edan influir en los resultados.<\/p>\n<p>En el contexto macroecon\u00f3mico, el sector legal en Espa\u00f1a se relaciona con un PIB proyectado en crecimiento del 2,5% para 2025, apoyado por fondos NextGenerationEU, que generan demandas en compliance y proyectos ambientales. Sin embargo, elementos como la incertidumbre pol\u00edtica en Catalu\u00f1a y regulaciones antitrust europeas representan variables.<\/p>\n<p>En resumen, la facturaci\u00f3n de 35 millones de euros en 2024 refleja los resultados financieros del despacho en un mercado valorado en m\u00e1s de 4.192 millones de euros para los principales despachos en 2023. La firma mantiene su estructura y operaciones en un entorno competitivo.<\/p>","protected":false},"excerpt":{"rendered":"<p>Registra un Crecimiento del 25%<\/p>","protected":false},"author":3,"featured_media":67010,"comment_status":"closed","ping_status":"closed","sticky":false,"template":"","format":"standard","meta":{"footnotes":""},"categories":[76],"tags":[],"class_list":["post-67006","post","type-post","status-publish","format-standard","has-post-thumbnail","hentry","category-barcelona"],"yoast_head":"<!-- This site is optimized with the Yoast SEO plugin v27.5 - https:\/\/yoast.com\/product\/yoast-seo-wordpress\/ -->\n<title>El negocio de la ley: RocaJunyent alcanza los 35 millones de facturaci\u00f3n - Revista Rambla<\/title>\n<meta name=\"robots\" content=\"index, follow, max-snippet:-1, max-image-preview:large, max-video-preview:-1\" \/>\n<link rel=\"canonical\" href=\"https:\/\/www.revistarambla.com\/en\/el-negocio-de-la-ley-rocajunyent-alcanza-los-35-millones-de-facturacion\/\" \/>\n<meta property=\"og:locale\" content=\"en_GB\" \/>\n<meta property=\"og:type\" content=\"article\" \/>\n<meta property=\"og:title\" content=\"El negocio de la ley: RocaJunyent alcanza los 35 millones de facturaci\u00f3n - Revista Rambla\" \/>\n<meta property=\"og:description\" content=\"Registra un Crecimiento del 25%\" \/>\n<meta property=\"og:url\" content=\"https:\/\/www.revistarambla.com\/en\/el-negocio-de-la-ley-rocajunyent-alcanza-los-35-millones-de-facturacion\/\" \/>\n<meta property=\"og:site_name\" content=\"Revista Rambla\" \/>\n<meta property=\"article:publisher\" content=\"https:\/\/www.facebook.com\/revistarambla\/\" \/>\n<meta property=\"article:author\" content=\"https:\/\/www.facebook.com\/revistarambla\" \/>\n<meta property=\"article:published_time\" content=\"2025-10-22T21:30:12+00:00\" \/>\n<meta property=\"og:image\" content=\"https:\/\/www.revistarambla.com\/wp-content\/uploads\/2025\/10\/IMG_20251022_232859.jpg\" \/>\n\t<meta property=\"og:image:width\" content=\"1007\" \/>\n\t<meta property=\"og:image:height\" content=\"755\" \/>\n\t<meta property=\"og:image:type\" content=\"image\/jpeg\" \/>\n<meta name=\"author\" content=\"R@mbla\" \/>\n<meta name=\"twitter:card\" content=\"summary_large_image\" \/>\n<meta name=\"twitter:creator\" content=\"@revistarambla\" \/>\n<meta name=\"twitter:site\" content=\"@revistarambla\" \/>\n<meta name=\"twitter:label1\" content=\"Written by\" \/>\n\t<meta name=\"twitter:data1\" content=\"R@mbla\" \/>\n\t<meta name=\"twitter:label2\" content=\"Estimated reading time\" \/>\n\t<meta name=\"twitter:data2\" content=\"4 minutes\" \/>\n<script type=\"application\/ld+json\" class=\"yoast-schema-graph\">{\"@context\":\"https:\\\/\\\/schema.org\",\"@graph\":[{\"@type\":\"Article\",\"@id\":\"https:\\\/\\\/www.revistarambla.com\\\/el-negocio-de-la-ley-rocajunyent-alcanza-los-35-millones-de-facturacion\\\/#article\",\"isPartOf\":{\"@id\":\"https:\\\/\\\/www.revistarambla.com\\\/el-negocio-de-la-ley-rocajunyent-alcanza-los-35-millones-de-facturacion\\\/\"},\"author\":{\"name\":\"R@mbla\",\"@id\":\"https:\\\/\\\/www.revistarambla.com\\\/#\\\/schema\\\/person\\\/a146a5a2550b94981a75131180e1bd9c\"},\"headline\":\"El negocio de la ley: RocaJunyent alcanza los 35 millones de facturaci\u00f3n\",\"datePublished\":\"2025-10-22T21:30:12+00:00\",\"mainEntityOfPage\":{\"@id\":\"https:\\\/\\\/www.revistarambla.com\\\/el-negocio-de-la-ley-rocajunyent-alcanza-los-35-millones-de-facturacion\\\/\"},\"wordCount\":691,\"publisher\":{\"@id\":\"https:\\\/\\\/www.revistarambla.com\\\/#organization\"},\"image\":{\"@id\":\"https:\\\/\\\/www.revistarambla.com\\\/el-negocio-de-la-ley-rocajunyent-alcanza-los-35-millones-de-facturacion\\\/#primaryimage\"},\"thumbnailUrl\":\"https:\\\/\\\/www.revistarambla.com\\\/wp-content\\\/uploads\\\/2025\\\/10\\\/IMG_20251022_232859.jpg\",\"articleSection\":[\"Barcelona\"],\"inLanguage\":\"en-GB\"},{\"@type\":\"WebPage\",\"@id\":\"https:\\\/\\\/www.revistarambla.com\\\/el-negocio-de-la-ley-rocajunyent-alcanza-los-35-millones-de-facturacion\\\/\",\"url\":\"https:\\\/\\\/www.revistarambla.com\\\/el-negocio-de-la-ley-rocajunyent-alcanza-los-35-millones-de-facturacion\\\/\",\"name\":\"El negocio de la ley: RocaJunyent alcanza los 35 millones de facturaci\u00f3n - Revista Rambla\",\"isPartOf\":{\"@id\":\"https:\\\/\\\/www.revistarambla.com\\\/#website\"},\"primaryImageOfPage\":{\"@id\":\"https:\\\/\\\/www.revistarambla.com\\\/el-negocio-de-la-ley-rocajunyent-alcanza-los-35-millones-de-facturacion\\\/#primaryimage\"},\"image\":{\"@id\":\"https:\\\/\\\/www.revistarambla.com\\\/el-negocio-de-la-ley-rocajunyent-alcanza-los-35-millones-de-facturacion\\\/#primaryimage\"},\"thumbnailUrl\":\"https:\\\/\\\/www.revistarambla.com\\\/wp-content\\\/uploads\\\/2025\\\/10\\\/IMG_20251022_232859.jpg\",\"datePublished\":\"2025-10-22T21:30:12+00:00\",\"breadcrumb\":{\"@id\":\"https:\\\/\\\/www.revistarambla.com\\\/el-negocio-de-la-ley-rocajunyent-alcanza-los-35-millones-de-facturacion\\\/#breadcrumb\"},\"inLanguage\":\"en-GB\",\"potentialAction\":[{\"@type\":\"ReadAction\",\"target\":[\"https:\\\/\\\/www.revistarambla.com\\\/el-negocio-de-la-ley-rocajunyent-alcanza-los-35-millones-de-facturacion\\\/\"]}]},{\"@type\":\"ImageObject\",\"inLanguage\":\"en-GB\",\"@id\":\"https:\\\/\\\/www.revistarambla.com\\\/el-negocio-de-la-ley-rocajunyent-alcanza-los-35-millones-de-facturacion\\\/#primaryimage\",\"url\":\"https:\\\/\\\/www.revistarambla.com\\\/wp-content\\\/uploads\\\/2025\\\/10\\\/IMG_20251022_232859.jpg\",\"contentUrl\":\"https:\\\/\\\/www.revistarambla.com\\\/wp-content\\\/uploads\\\/2025\\\/10\\\/IMG_20251022_232859.jpg\",\"width\":1007,\"height\":755},{\"@type\":\"BreadcrumbList\",\"@id\":\"https:\\\/\\\/www.revistarambla.com\\\/el-negocio-de-la-ley-rocajunyent-alcanza-los-35-millones-de-facturacion\\\/#breadcrumb\",\"itemListElement\":[{\"@type\":\"ListItem\",\"position\":1,\"name\":\"Portada\",\"item\":\"https:\\\/\\\/www.revistarambla.com\\\/\"},{\"@type\":\"ListItem\",\"position\":2,\"name\":\"El negocio de la ley: RocaJunyent alcanza los 35 millones de facturaci\u00f3n\"}]},{\"@type\":\"WebSite\",\"@id\":\"https:\\\/\\\/www.revistarambla.com\\\/#website\",\"url\":\"https:\\\/\\\/www.revistarambla.com\\\/\",\"name\":\"Revista Rambla Barcelona\",\"description\":\"Periodismo independiente\",\"publisher\":{\"@id\":\"https:\\\/\\\/www.revistarambla.com\\\/#organization\"},\"potentialAction\":[{\"@type\":\"SearchAction\",\"target\":{\"@type\":\"EntryPoint\",\"urlTemplate\":\"https:\\\/\\\/www.revistarambla.com\\\/?s={search_term_string}\"},\"query-input\":{\"@type\":\"PropertyValueSpecification\",\"valueRequired\":true,\"valueName\":\"search_term_string\"}}],\"inLanguage\":\"en-GB\"},{\"@type\":\"Organization\",\"@id\":\"https:\\\/\\\/www.revistarambla.com\\\/#organization\",\"name\":\"Revista Rambla\",\"url\":\"https:\\\/\\\/www.revistarambla.com\\\/\",\"logo\":{\"@type\":\"ImageObject\",\"inLanguage\":\"en-GB\",\"@id\":\"https:\\\/\\\/www.revistarambla.com\\\/#\\\/schema\\\/logo\\\/image\\\/\",\"url\":\"https:\\\/\\\/www.revistarambla.com\\\/wp-content\\\/uploads\\\/2020\\\/09\\\/banner_rambla_1900x600_BB.png\",\"contentUrl\":\"https:\\\/\\\/www.revistarambla.com\\\/wp-content\\\/uploads\\\/2020\\\/09\\\/banner_rambla_1900x600_BB.png\",\"width\":1900,\"height\":600,\"caption\":\"Revista Rambla\"},\"image\":{\"@id\":\"https:\\\/\\\/www.revistarambla.com\\\/#\\\/schema\\\/logo\\\/image\\\/\"},\"sameAs\":[\"https:\\\/\\\/www.facebook.com\\\/revistarambla\\\/\",\"https:\\\/\\\/x.com\\\/revistarambla\",\"https:\\\/\\\/www.instagram.com\\\/revista_rambla\",\"https:\\\/\\\/es.linkedin.com\\\/company\\\/revista-rambla\"]},{\"@type\":\"Person\",\"@id\":\"https:\\\/\\\/www.revistarambla.com\\\/#\\\/schema\\\/person\\\/a146a5a2550b94981a75131180e1bd9c\",\"name\":\"R@mbla\",\"description\":\"Este art\u00edculo ha sido redactado y\\\/o validado por el equipo de redacci\u00f3n de Revista Rambla.\",\"sameAs\":[\"https:\\\/\\\/www.revistarambla.com\\\/\",\"https:\\\/\\\/www.facebook.com\\\/revistarambla\",\"https:\\\/\\\/x.com\\\/revistarambla\"]}]}<\/script>\n<!-- \/ Yoast SEO plugin. -->","yoast_head_json":{"title":"El negocio de la ley: RocaJunyent alcanza los 35 millones de facturaci\u00f3n - Revista Rambla","robots":{"index":"index","follow":"follow","max-snippet":"max-snippet:-1","max-image-preview":"max-image-preview:large","max-video-preview":"max-video-preview:-1"},"canonical":"https:\/\/www.revistarambla.com\/en\/el-negocio-de-la-ley-rocajunyent-alcanza-los-35-millones-de-facturacion\/","og_locale":"en_GB","og_type":"article","og_title":"El negocio de la ley: RocaJunyent alcanza los 35 millones de facturaci\u00f3n - Revista Rambla","og_description":"Registra un Crecimiento del 25%","og_url":"https:\/\/www.revistarambla.com\/en\/el-negocio-de-la-ley-rocajunyent-alcanza-los-35-millones-de-facturacion\/","og_site_name":"Revista Rambla","article_publisher":"https:\/\/www.facebook.com\/revistarambla\/","article_author":"https:\/\/www.facebook.com\/revistarambla","article_published_time":"2025-10-22T21:30:12+00:00","og_image":[{"width":1007,"height":755,"url":"https:\/\/www.revistarambla.com\/wp-content\/uploads\/2025\/10\/IMG_20251022_232859.jpg","type":"image\/jpeg"}],"author":"R@mbla","twitter_card":"summary_large_image","twitter_creator":"@revistarambla","twitter_site":"@revistarambla","twitter_misc":{"Written by":"R@mbla","Estimated reading time":"4 minutes"},"schema":{"@context":"https:\/\/schema.org","@graph":[{"@type":"Article","@id":"https:\/\/www.revistarambla.com\/el-negocio-de-la-ley-rocajunyent-alcanza-los-35-millones-de-facturacion\/#article","isPartOf":{"@id":"https:\/\/www.revistarambla.com\/el-negocio-de-la-ley-rocajunyent-alcanza-los-35-millones-de-facturacion\/"},"author":{"name":"R@mbla","@id":"https:\/\/www.revistarambla.com\/#\/schema\/person\/a146a5a2550b94981a75131180e1bd9c"},"headline":"El negocio de la ley: RocaJunyent alcanza los 35 millones de facturaci\u00f3n","datePublished":"2025-10-22T21:30:12+00:00","mainEntityOfPage":{"@id":"https:\/\/www.revistarambla.com\/el-negocio-de-la-ley-rocajunyent-alcanza-los-35-millones-de-facturacion\/"},"wordCount":691,"publisher":{"@id":"https:\/\/www.revistarambla.com\/#organization"},"image":{"@id":"https:\/\/www.revistarambla.com\/el-negocio-de-la-ley-rocajunyent-alcanza-los-35-millones-de-facturacion\/#primaryimage"},"thumbnailUrl":"https:\/\/www.revistarambla.com\/wp-content\/uploads\/2025\/10\/IMG_20251022_232859.jpg","articleSection":["Barcelona"],"inLanguage":"en-GB"},{"@type":"WebPage","@id":"https:\/\/www.revistarambla.com\/el-negocio-de-la-ley-rocajunyent-alcanza-los-35-millones-de-facturacion\/","url":"https:\/\/www.revistarambla.com\/el-negocio-de-la-ley-rocajunyent-alcanza-los-35-millones-de-facturacion\/","name":"El negocio de la ley: RocaJunyent alcanza los 35 millones de facturaci\u00f3n - Revista Rambla","isPartOf":{"@id":"https:\/\/www.revistarambla.com\/#website"},"primaryImageOfPage":{"@id":"https:\/\/www.revistarambla.com\/el-negocio-de-la-ley-rocajunyent-alcanza-los-35-millones-de-facturacion\/#primaryimage"},"image":{"@id":"https:\/\/www.revistarambla.com\/el-negocio-de-la-ley-rocajunyent-alcanza-los-35-millones-de-facturacion\/#primaryimage"},"thumbnailUrl":"https:\/\/www.revistarambla.com\/wp-content\/uploads\/2025\/10\/IMG_20251022_232859.jpg","datePublished":"2025-10-22T21:30:12+00:00","breadcrumb":{"@id":"https:\/\/www.revistarambla.com\/el-negocio-de-la-ley-rocajunyent-alcanza-los-35-millones-de-facturacion\/#breadcrumb"},"inLanguage":"en-GB","potentialAction":[{"@type":"ReadAction","target":["https:\/\/www.revistarambla.com\/el-negocio-de-la-ley-rocajunyent-alcanza-los-35-millones-de-facturacion\/"]}]},{"@type":"ImageObject","inLanguage":"en-GB","@id":"https:\/\/www.revistarambla.com\/el-negocio-de-la-ley-rocajunyent-alcanza-los-35-millones-de-facturacion\/#primaryimage","url":"https:\/\/www.revistarambla.com\/wp-content\/uploads\/2025\/10\/IMG_20251022_232859.jpg","contentUrl":"https:\/\/www.revistarambla.com\/wp-content\/uploads\/2025\/10\/IMG_20251022_232859.jpg","width":1007,"height":755},{"@type":"BreadcrumbList","@id":"https:\/\/www.revistarambla.com\/el-negocio-de-la-ley-rocajunyent-alcanza-los-35-millones-de-facturacion\/#breadcrumb","itemListElement":[{"@type":"ListItem","position":1,"name":"Portada","item":"https:\/\/www.revistarambla.com\/"},{"@type":"ListItem","position":2,"name":"El negocio de la ley: RocaJunyent alcanza los 35 millones de facturaci\u00f3n"}]},{"@type":"WebSite","@id":"https:\/\/www.revistarambla.com\/#website","url":"https:\/\/www.revistarambla.com\/","name":"Revista Rambla Barcelona","description":"Periodismo independiente","publisher":{"@id":"https:\/\/www.revistarambla.com\/#organization"},"potentialAction":[{"@type":"SearchAction","target":{"@type":"EntryPoint","urlTemplate":"https:\/\/www.revistarambla.com\/?s={search_term_string}"},"query-input":{"@type":"PropertyValueSpecification","valueRequired":true,"valueName":"search_term_string"}}],"inLanguage":"en-GB"},{"@type":"Organization","@id":"https:\/\/www.revistarambla.com\/#organization","name":"Revista Rambla","url":"https:\/\/www.revistarambla.com\/","logo":{"@type":"ImageObject","inLanguage":"en-GB","@id":"https:\/\/www.revistarambla.com\/#\/schema\/logo\/image\/","url":"https:\/\/www.revistarambla.com\/wp-content\/uploads\/2020\/09\/banner_rambla_1900x600_BB.png","contentUrl":"https:\/\/www.revistarambla.com\/wp-content\/uploads\/2020\/09\/banner_rambla_1900x600_BB.png","width":1900,"height":600,"caption":"Revista Rambla"},"image":{"@id":"https:\/\/www.revistarambla.com\/#\/schema\/logo\/image\/"},"sameAs":["https:\/\/www.facebook.com\/revistarambla\/","https:\/\/x.com\/revistarambla","https:\/\/www.instagram.com\/revista_rambla","https:\/\/es.linkedin.com\/company\/revista-rambla"]},{"@type":"Person","@id":"https:\/\/www.revistarambla.com\/#\/schema\/person\/a146a5a2550b94981a75131180e1bd9c","name":"R@mbla","description":"Este art\u00edculo ha sido redactado y\/o validado por el equipo de redacci\u00f3n de Revista Rambla.","sameAs":["https:\/\/www.revistarambla.com\/","https:\/\/www.facebook.com\/revistarambla","https:\/\/x.com\/revistarambla"]}]}},"_links":{"self":[{"href":"https:\/\/www.revistarambla.com\/en\/wp-json\/wp\/v2\/posts\/67006","targetHints":{"allow":["GET"]}}],"collection":[{"href":"https:\/\/www.revistarambla.com\/en\/wp-json\/wp\/v2\/posts"}],"about":[{"href":"https:\/\/www.revistarambla.com\/en\/wp-json\/wp\/v2\/types\/post"}],"author":[{"embeddable":true,"href":"https:\/\/www.revistarambla.com\/en\/wp-json\/wp\/v2\/users\/3"}],"replies":[{"embeddable":true,"href":"https:\/\/www.revistarambla.com\/en\/wp-json\/wp\/v2\/comments?post=67006"}],"version-history":[{"count":3,"href":"https:\/\/www.revistarambla.com\/en\/wp-json\/wp\/v2\/posts\/67006\/revisions"}],"predecessor-version":[{"id":67009,"href":"https:\/\/www.revistarambla.com\/en\/wp-json\/wp\/v2\/posts\/67006\/revisions\/67009"}],"wp:featuredmedia":[{"embeddable":true,"href":"https:\/\/www.revistarambla.com\/en\/wp-json\/wp\/v2\/media\/67010"}],"wp:attachment":[{"href":"https:\/\/www.revistarambla.com\/en\/wp-json\/wp\/v2\/media?parent=67006"}],"wp:term":[{"taxonomy":"category","embeddable":true,"href":"https:\/\/www.revistarambla.com\/en\/wp-json\/wp\/v2\/categories?post=67006"},{"taxonomy":"post_tag","embeddable":true,"href":"https:\/\/www.revistarambla.com\/en\/wp-json\/wp\/v2\/tags?post=67006"}],"curies":[{"name":"wp","href":"https:\/\/api.w.org\/{rel}","templated":true}]}}