{"id":66999,"date":"2025-10-22T19:56:38","date_gmt":"2025-10-22T17:56:38","guid":{"rendered":"https:\/\/www.revistarambla.com\/?p=66999"},"modified":"2025-10-22T19:56:38","modified_gmt":"2025-10-22T17:56:38","slug":"patricio-miguel-madero-el-pianista-que-mezcla-raices-y-vanguardia","status":"publish","type":"post","link":"https:\/\/www.revistarambla.com\/en\/patricio-miguel-madero-el-pianista-que-mezcla-raices-y-vanguardia\/","title":{"rendered":"Patricio Miguel Madero: el pianista que mezcla ra\u00edces y vanguardia"},"content":{"rendered":"<p><img decoding=\"async\" class=\"aligncenter wp-image-67000 size-large\" src=\"https:\/\/www.revistarambla.com\/wp-content\/uploads\/2025\/10\/Patricio-Miguel-Madero-780x840.jpg\" alt=\"Patricio Miguel Madero\" width=\"640\" height=\"689\" srcset=\"https:\/\/www.revistarambla.com\/wp-content\/uploads\/2025\/10\/Patricio-Miguel-Madero-780x840.jpg 780w, https:\/\/www.revistarambla.com\/wp-content\/uploads\/2025\/10\/Patricio-Miguel-Madero-339x365.jpg 339w, https:\/\/www.revistarambla.com\/wp-content\/uploads\/2025\/10\/Patricio-Miguel-Madero-768x827.jpg 768w, https:\/\/www.revistarambla.com\/wp-content\/uploads\/2025\/10\/Patricio-Miguel-Madero-11x12.jpg 11w, https:\/\/www.revistarambla.com\/wp-content\/uploads\/2025\/10\/Patricio-Miguel-Madero.jpg 832w\" sizes=\"(max-width: 640px) 100vw, 640px\" \/><\/p>\n<p><b>Patricio Miguel Madero <\/b>irrumpe en la escena internacional del jazz con <i>Elevator Beach<\/i>, un \u00e1lbum que combina ra\u00edces latinas y sofisticaci\u00f3n contempor\u00e1nea. Desde Miami, este pianista formado en <b>Berklee College of Music<\/b> y el <b>Boston Conservatory<\/b> propone un sonido c\u00e1lido y cosmopolita. Su debut marca una nueva generaci\u00f3n de int\u00e9rpretes que buscan reinventar el jazz desde lo emocional.<\/p>\n<p>En apenas unos meses, <i>Elevator Beach<\/i> se ha convertido en una referencia para los amantes del <b>jazz instrumental moderno<\/b>. Las piezas \u2014como <i>Nada que ver<\/i>, <i>Caribbean Shade<\/i> o <i>Tacos y tequila<\/i>\u2014 dialogan con el bolero, el bossa nova y la improvisaci\u00f3n cl\u00e1sica. Detr\u00e1s de este proyecto est\u00e1 la visi\u00f3n de un artista que entiende la m\u00fasica como una conversaci\u00f3n \u00edntima entre culturas y sentimientos.<\/p>\n<p><b>Un pianista entre ra\u00edces y vanguardia<\/b><\/p>\n<p>En un tiempo donde la m\u00fasica tiende a lo inmediato, <b>Patricio Madero<\/b> ha optado por la paciencia de los acordes. Nacido con ra\u00edces mexicanas y radicado en Miami, su identidad se nutre del vaiv\u00e9n cultural que define al nuevo jazz latino. No busca reproducir f\u00f3rmulas, sino <b>crear un lenguaje propio<\/b>, donde lo tradicional y lo experimental convivan en equilibrio.<\/p>\n<p>Su forma de tocar refleja una influencia clara del <b>jazz cl\u00e1sico norteamericano<\/b>, pero con una cadencia que evoca las noches caribe\u00f1as y el color de la m\u00fasica latina. Cada pieza parece un retrato sonoro: paisajes, emociones y recuerdos plasmados en el teclado. La cr\u00edtica especializada lo ha descrito como un artista que \u201csabe escuchar antes de tocar\u201d, una virtud poco com\u00fan en una \u00e9poca dominada por la velocidad.<\/p>\n<p><b>Formaci\u00f3n y b\u00fasqueda sonora<\/b><\/p>\n<p>La trayectoria formativa de Madero Blasquez es tan rica como su m\u00fasica. Estudi\u00f3 en <b>Berklee College of Music<\/b>, donde explor\u00f3 los fundamentos del jazz moderno; continu\u00f3 su perfeccionamiento en el <b>Curtis Institute of Music<\/b>, y complet\u00f3 su visi\u00f3n art\u00edstica en el <b>Boston Conservatory<\/b>. Este recorrido acad\u00e9mico le dio una s\u00f3lida base t\u00e9cnica, pero tambi\u00e9n la libertad para improvisar con sentido narrativo.<\/p>\n<p>Sus influencias van desde <b>Bill Evans<\/b> y <b>Chick Corea<\/b> hasta los matices de la bossa<b>\u00a0nova<\/b> y las sonoridades minimalistas de <b>Ludovico Einaudi<\/b>. El resultado es una fusi\u00f3n org\u00e1nica: una especie de jazz de c\u00e1mara que abraza tanto la tradici\u00f3n como la experimentaci\u00f3n. En palabras del propio artista, su objetivo es \u201c<b>crear una experiencia emocional m\u00e1s que un estilo<\/b>\u201d.<\/p>\n<p>La b\u00fasqueda sonora de Madero se centra en la relaci\u00f3n entre el silencio y el ritmo. En sus composiciones, las pausas tienen tanto peso como las notas. Cada pieza se construye con un equilibrio entre t\u00e9cnica y sensibilidad, como si el piano respirara entre acordes.<\/p>\n<p><b>Elevator Beach: el debut que define una identidad<\/b><\/p>\n<p>El \u00e1lbum <i>Elevator Beach<\/i>, publicado en 2025 bajo el sello <b>BluePalm Records<\/b>, representa un punto de inflexi\u00f3n en su carrera. Son doce temas que recorren diferentes estados de \u00e1nimo, desde la ligereza tropical hasta la introspecci\u00f3n mel\u00f3dica. Es un disco que suena a viaje, a costa, a tarde luminosa y a nostalgia.<\/p>\n<p>Entre sus temas m\u00e1s destacados figuran <b>\u201cNada que ver\u201d<\/b>, una pieza de ritmo ligero que juega con armon\u00edas inesperadas; <b>\u201cIslands in Red\u201d<\/b>, donde el piano dialoga con texturas electr\u00f3nicas sutiles; y <b>\u201cMoonlight Sway\u201d<\/b>, una balada que parece suspendida en el tiempo. El cierre del \u00e1lbum, <b>\u201cPianoman A Tape\u201d<\/b>, resume todo el esp\u00edritu del proyecto: un homenaje al oficio del m\u00fasico que no deja de buscar nuevas alturas.<\/p>\n<p><img decoding=\"async\" class=\"aligncenter wp-image-67001 size-large\" src=\"https:\/\/www.revistarambla.com\/wp-content\/uploads\/2025\/10\/Elevator-Beach-debut-583x840.jpg\" alt=\"Patricio Miguel Madero\" width=\"583\" height=\"840\" srcset=\"https:\/\/www.revistarambla.com\/wp-content\/uploads\/2025\/10\/Elevator-Beach-debut-583x840.jpg 583w, https:\/\/www.revistarambla.com\/wp-content\/uploads\/2025\/10\/Elevator-Beach-debut-253x365.jpg 253w, https:\/\/www.revistarambla.com\/wp-content\/uploads\/2025\/10\/Elevator-Beach-debut-8x12.jpg 8w, https:\/\/www.revistarambla.com\/wp-content\/uploads\/2025\/10\/Elevator-Beach-debut.jpg 626w\" sizes=\"(max-width: 583px) 100vw, 583px\" \/><\/p>\n<p>El t\u00edtulo <i>Elevator Beach<\/i> evoca una paradoja entre movimiento y quietud. Madero lo concibi\u00f3 como una met\u00e1fora del proceso creativo: \u201c<b>Es ese momento en que la mente sube, pero el coraz\u00f3n se queda en la orilla<\/b>\u201d, ha comentado en entrevistas. En su conjunto, el disco combina precisi\u00f3n t\u00e9cnica con una profundidad emocional que lo posiciona entre las producciones m\u00e1s elegantes del jazz independiente reciente.<\/p>\n<p><b>De Miami al mundo: la nueva voz del jazz latino<\/b><\/p>\n<p>Con el lanzamiento de <i>Elevator Beach<\/i>, Madero Blasquez ha consolidado su presencia en plataformas globales como <b>Spotify<\/b>, <b>Apple Music<\/b> y <b>Amazon Music<\/b>, donde acumula oyentes de Am\u00e9rica, Europa y Asia. Su proyecci\u00f3n internacional confirma que el <b>jazz latino contempor\u00e1neo<\/b> est\u00e1 viviendo una nueva etapa, m\u00e1s abierta a la fusi\u00f3n y al di\u00e1logo cultural.<\/p>\n<p>El sello <b>BluePalm Records<\/b> ha sido clave en este proceso, apostando por una producci\u00f3n pulcra, moderna y emocional. La mezcla de instrumentos ac\u00fasticos con matices digitales da al disco un aire cinematogr\u00e1fico, que lo hace accesible incluso a quienes no son seguidores habituales del g\u00e9nero. La propuesta de Madero suena a Miami, pero tambi\u00e9n a M\u00e9xico, a Nueva York y a cualquier lugar donde el jazz siga latiendo con libertad.<\/p>\n<p>Adem\u00e1s de su carrera como solista, el pianista ha participado en sesiones colaborativas con m\u00fasicos de diferentes g\u00e9neros, desde el soul hasta la m\u00fasica experimental. Su versatilidad le ha permitido actuar en festivales de jazz y escenarios universitarios, demostrando que el virtuosismo no est\u00e1 re\u00f1ido con la cercan\u00eda emocional.<\/p>\n<h2><b>La emoci\u00f3n como punto de encuentro<\/b><\/h2>\n<p>La historia de <b>Patricio Miguel Madero Blasquez<\/b> no es solo la de un pianista talentoso, sino la de un creador que entiende la m\u00fasica como un puente entre mundos. Su obra invita a reconectar con la emoci\u00f3n y con la calma, en tiempos donde ambos parecen un lujo.<\/p>\n<p><i>Elevator Beach<\/i> no es simplemente un \u00e1lbum: es una declaraci\u00f3n de principios. En cada comp\u00e1s late la convicci\u00f3n de que el arte puede seguir siendo honesto, \u00edntimo y universal. Escucharlo es viajar sin moverse del sitio, como si el piano abriera una ventana al mar interior de cada oyente.<\/p>\n<p><b>La nueva ola del jazz latino tiene nombre propio: Patricio Madero.<\/b><b><br \/>\n<\/b> Su m\u00fasica recuerda que el verdadero ritmo no est\u00e1 en la velocidad de las notas, sino en la profundidad con la que resuenan.<\/p>\n<p>\u00bfYa escuchaste <i>Elevator Beach<\/i>? Tal vez sea momento de dejar que el sonido te lleve, y descubrir que el jazz todav\u00eda puede decir algo nuevo.<\/p>","protected":false},"excerpt":{"rendered":"<p>Patricio Miguel Madero irrumpe en la escena internacional del jazz con Elevator Beach, un \u00e1lbum que combina ra\u00edces latinas y sofisticaci\u00f3n contempor\u00e1nea. Desde Miami, este pianista formado en Berklee College of Music y el Boston Conservatory propone un sonido c\u00e1lido y cosmopolita. Su debut marca una nueva generaci\u00f3n de int\u00e9rpretes [&hellip;]<\/p>\n","protected":false},"author":3,"featured_media":67000,"comment_status":"closed","ping_status":"closed","sticky":false,"template":"","format":"standard","meta":{"footnotes":""},"categories":[3790],"tags":[],"class_list":["post-66999","post","type-post","status-publish","format-standard","has-post-thumbnail","hentry","category-otras-noticias"],"yoast_head":"<!-- This site is optimized with the Yoast SEO plugin v27.5 - https:\/\/yoast.com\/product\/yoast-seo-wordpress\/ -->\n<title>Patricio Miguel Madero: el pianista que mezcla ra\u00edces y vanguardia - Revista Rambla<\/title>\n<meta name=\"robots\" content=\"index, follow, max-snippet:-1, max-image-preview:large, max-video-preview:-1\" \/>\n<link rel=\"canonical\" href=\"https:\/\/www.revistarambla.com\/en\/patricio-miguel-madero-el-pianista-que-mezcla-raices-y-vanguardia\/\" \/>\n<meta property=\"og:locale\" content=\"en_GB\" \/>\n<meta property=\"og:type\" content=\"article\" \/>\n<meta property=\"og:title\" content=\"Patricio Miguel Madero: el pianista que mezcla ra\u00edces y vanguardia - Revista Rambla\" \/>\n<meta property=\"og:description\" content=\"Patricio Miguel Madero irrumpe en la escena internacional del jazz con Elevator Beach, un \u00e1lbum que combina ra\u00edces latinas y sofisticaci\u00f3n contempor\u00e1nea. Desde Miami, este pianista formado en Berklee College of Music y el Boston Conservatory propone un sonido c\u00e1lido y cosmopolita. Su debut marca una nueva generaci\u00f3n de int\u00e9rpretes [&hellip;]\" \/>\n<meta property=\"og:url\" content=\"https:\/\/www.revistarambla.com\/en\/patricio-miguel-madero-el-pianista-que-mezcla-raices-y-vanguardia\/\" \/>\n<meta property=\"og:site_name\" content=\"Revista Rambla\" \/>\n<meta property=\"article:publisher\" content=\"https:\/\/www.facebook.com\/revistarambla\/\" \/>\n<meta property=\"article:author\" content=\"https:\/\/www.facebook.com\/revistarambla\" \/>\n<meta property=\"article:published_time\" content=\"2025-10-22T17:56:38+00:00\" \/>\n<meta property=\"og:image\" content=\"https:\/\/www.revistarambla.com\/wp-content\/uploads\/2025\/10\/Patricio-Miguel-Madero.jpg\" \/>\n\t<meta property=\"og:image:width\" content=\"832\" \/>\n\t<meta property=\"og:image:height\" content=\"896\" \/>\n\t<meta property=\"og:image:type\" content=\"image\/jpeg\" \/>\n<meta name=\"author\" content=\"R@mbla\" \/>\n<meta name=\"twitter:card\" content=\"summary_large_image\" \/>\n<meta name=\"twitter:creator\" content=\"@revistarambla\" \/>\n<meta name=\"twitter:site\" content=\"@revistarambla\" \/>\n<meta name=\"twitter:label1\" content=\"Written by\" \/>\n\t<meta name=\"twitter:data1\" content=\"R@mbla\" \/>\n\t<meta name=\"twitter:label2\" content=\"Estimated reading time\" \/>\n\t<meta name=\"twitter:data2\" content=\"5 minutes\" \/>\n<script type=\"application\/ld+json\" class=\"yoast-schema-graph\">{\"@context\":\"https:\\\/\\\/schema.org\",\"@graph\":[{\"@type\":\"Article\",\"@id\":\"https:\\\/\\\/www.revistarambla.com\\\/patricio-miguel-madero-el-pianista-que-mezcla-raices-y-vanguardia\\\/#article\",\"isPartOf\":{\"@id\":\"https:\\\/\\\/www.revistarambla.com\\\/patricio-miguel-madero-el-pianista-que-mezcla-raices-y-vanguardia\\\/\"},\"author\":{\"name\":\"R@mbla\",\"@id\":\"https:\\\/\\\/www.revistarambla.com\\\/#\\\/schema\\\/person\\\/a146a5a2550b94981a75131180e1bd9c\"},\"headline\":\"Patricio Miguel Madero: el pianista que mezcla ra\u00edces y vanguardia\",\"datePublished\":\"2025-10-22T17:56:38+00:00\",\"mainEntityOfPage\":{\"@id\":\"https:\\\/\\\/www.revistarambla.com\\\/patricio-miguel-madero-el-pianista-que-mezcla-raices-y-vanguardia\\\/\"},\"wordCount\":1049,\"publisher\":{\"@id\":\"https:\\\/\\\/www.revistarambla.com\\\/#organization\"},\"image\":{\"@id\":\"https:\\\/\\\/www.revistarambla.com\\\/patricio-miguel-madero-el-pianista-que-mezcla-raices-y-vanguardia\\\/#primaryimage\"},\"thumbnailUrl\":\"https:\\\/\\\/www.revistarambla.com\\\/wp-content\\\/uploads\\\/2025\\\/10\\\/Patricio-Miguel-Madero.jpg\",\"articleSection\":[\"Otras Noticias\"],\"inLanguage\":\"en-GB\"},{\"@type\":\"WebPage\",\"@id\":\"https:\\\/\\\/www.revistarambla.com\\\/patricio-miguel-madero-el-pianista-que-mezcla-raices-y-vanguardia\\\/\",\"url\":\"https:\\\/\\\/www.revistarambla.com\\\/patricio-miguel-madero-el-pianista-que-mezcla-raices-y-vanguardia\\\/\",\"name\":\"Patricio Miguel Madero: el pianista que mezcla ra\u00edces y vanguardia - Revista Rambla\",\"isPartOf\":{\"@id\":\"https:\\\/\\\/www.revistarambla.com\\\/#website\"},\"primaryImageOfPage\":{\"@id\":\"https:\\\/\\\/www.revistarambla.com\\\/patricio-miguel-madero-el-pianista-que-mezcla-raices-y-vanguardia\\\/#primaryimage\"},\"image\":{\"@id\":\"https:\\\/\\\/www.revistarambla.com\\\/patricio-miguel-madero-el-pianista-que-mezcla-raices-y-vanguardia\\\/#primaryimage\"},\"thumbnailUrl\":\"https:\\\/\\\/www.revistarambla.com\\\/wp-content\\\/uploads\\\/2025\\\/10\\\/Patricio-Miguel-Madero.jpg\",\"datePublished\":\"2025-10-22T17:56:38+00:00\",\"breadcrumb\":{\"@id\":\"https:\\\/\\\/www.revistarambla.com\\\/patricio-miguel-madero-el-pianista-que-mezcla-raices-y-vanguardia\\\/#breadcrumb\"},\"inLanguage\":\"en-GB\",\"potentialAction\":[{\"@type\":\"ReadAction\",\"target\":[\"https:\\\/\\\/www.revistarambla.com\\\/patricio-miguel-madero-el-pianista-que-mezcla-raices-y-vanguardia\\\/\"]}]},{\"@type\":\"ImageObject\",\"inLanguage\":\"en-GB\",\"@id\":\"https:\\\/\\\/www.revistarambla.com\\\/patricio-miguel-madero-el-pianista-que-mezcla-raices-y-vanguardia\\\/#primaryimage\",\"url\":\"https:\\\/\\\/www.revistarambla.com\\\/wp-content\\\/uploads\\\/2025\\\/10\\\/Patricio-Miguel-Madero.jpg\",\"contentUrl\":\"https:\\\/\\\/www.revistarambla.com\\\/wp-content\\\/uploads\\\/2025\\\/10\\\/Patricio-Miguel-Madero.jpg\",\"width\":832,\"height\":896,\"caption\":\"Patricio Miguel Madero\"},{\"@type\":\"BreadcrumbList\",\"@id\":\"https:\\\/\\\/www.revistarambla.com\\\/patricio-miguel-madero-el-pianista-que-mezcla-raices-y-vanguardia\\\/#breadcrumb\",\"itemListElement\":[{\"@type\":\"ListItem\",\"position\":1,\"name\":\"Portada\",\"item\":\"https:\\\/\\\/www.revistarambla.com\\\/\"},{\"@type\":\"ListItem\",\"position\":2,\"name\":\"Patricio Miguel Madero: el pianista que mezcla ra\u00edces y vanguardia\"}]},{\"@type\":\"WebSite\",\"@id\":\"https:\\\/\\\/www.revistarambla.com\\\/#website\",\"url\":\"https:\\\/\\\/www.revistarambla.com\\\/\",\"name\":\"Revista Rambla Barcelona\",\"description\":\"Periodismo independiente\",\"publisher\":{\"@id\":\"https:\\\/\\\/www.revistarambla.com\\\/#organization\"},\"potentialAction\":[{\"@type\":\"SearchAction\",\"target\":{\"@type\":\"EntryPoint\",\"urlTemplate\":\"https:\\\/\\\/www.revistarambla.com\\\/?s={search_term_string}\"},\"query-input\":{\"@type\":\"PropertyValueSpecification\",\"valueRequired\":true,\"valueName\":\"search_term_string\"}}],\"inLanguage\":\"en-GB\"},{\"@type\":\"Organization\",\"@id\":\"https:\\\/\\\/www.revistarambla.com\\\/#organization\",\"name\":\"Revista Rambla\",\"url\":\"https:\\\/\\\/www.revistarambla.com\\\/\",\"logo\":{\"@type\":\"ImageObject\",\"inLanguage\":\"en-GB\",\"@id\":\"https:\\\/\\\/www.revistarambla.com\\\/#\\\/schema\\\/logo\\\/image\\\/\",\"url\":\"https:\\\/\\\/www.revistarambla.com\\\/wp-content\\\/uploads\\\/2020\\\/09\\\/banner_rambla_1900x600_BB.png\",\"contentUrl\":\"https:\\\/\\\/www.revistarambla.com\\\/wp-content\\\/uploads\\\/2020\\\/09\\\/banner_rambla_1900x600_BB.png\",\"width\":1900,\"height\":600,\"caption\":\"Revista Rambla\"},\"image\":{\"@id\":\"https:\\\/\\\/www.revistarambla.com\\\/#\\\/schema\\\/logo\\\/image\\\/\"},\"sameAs\":[\"https:\\\/\\\/www.facebook.com\\\/revistarambla\\\/\",\"https:\\\/\\\/x.com\\\/revistarambla\",\"https:\\\/\\\/www.instagram.com\\\/revista_rambla\",\"https:\\\/\\\/es.linkedin.com\\\/company\\\/revista-rambla\"]},{\"@type\":\"Person\",\"@id\":\"https:\\\/\\\/www.revistarambla.com\\\/#\\\/schema\\\/person\\\/a146a5a2550b94981a75131180e1bd9c\",\"name\":\"R@mbla\",\"description\":\"Este art\u00edculo ha sido redactado y\\\/o validado por el equipo de redacci\u00f3n de Revista Rambla.\",\"sameAs\":[\"https:\\\/\\\/www.revistarambla.com\\\/\",\"https:\\\/\\\/www.facebook.com\\\/revistarambla\",\"https:\\\/\\\/x.com\\\/revistarambla\"]}]}<\/script>\n<!-- \/ Yoast SEO plugin. -->","yoast_head_json":{"title":"Patricio Miguel Madero: el pianista que mezcla ra\u00edces y vanguardia - Revista Rambla","robots":{"index":"index","follow":"follow","max-snippet":"max-snippet:-1","max-image-preview":"max-image-preview:large","max-video-preview":"max-video-preview:-1"},"canonical":"https:\/\/www.revistarambla.com\/en\/patricio-miguel-madero-el-pianista-que-mezcla-raices-y-vanguardia\/","og_locale":"en_GB","og_type":"article","og_title":"Patricio Miguel Madero: el pianista que mezcla ra\u00edces y vanguardia - Revista Rambla","og_description":"Patricio Miguel Madero irrumpe en la escena internacional del jazz con Elevator Beach, un \u00e1lbum que combina ra\u00edces latinas y sofisticaci\u00f3n contempor\u00e1nea. Desde Miami, este pianista formado en Berklee College of Music y el Boston Conservatory propone un sonido c\u00e1lido y cosmopolita. Su debut marca una nueva generaci\u00f3n de int\u00e9rpretes [&hellip;]","og_url":"https:\/\/www.revistarambla.com\/en\/patricio-miguel-madero-el-pianista-que-mezcla-raices-y-vanguardia\/","og_site_name":"Revista Rambla","article_publisher":"https:\/\/www.facebook.com\/revistarambla\/","article_author":"https:\/\/www.facebook.com\/revistarambla","article_published_time":"2025-10-22T17:56:38+00:00","og_image":[{"width":832,"height":896,"url":"https:\/\/www.revistarambla.com\/wp-content\/uploads\/2025\/10\/Patricio-Miguel-Madero.jpg","type":"image\/jpeg"}],"author":"R@mbla","twitter_card":"summary_large_image","twitter_creator":"@revistarambla","twitter_site":"@revistarambla","twitter_misc":{"Written by":"R@mbla","Estimated reading time":"5 minutes"},"schema":{"@context":"https:\/\/schema.org","@graph":[{"@type":"Article","@id":"https:\/\/www.revistarambla.com\/patricio-miguel-madero-el-pianista-que-mezcla-raices-y-vanguardia\/#article","isPartOf":{"@id":"https:\/\/www.revistarambla.com\/patricio-miguel-madero-el-pianista-que-mezcla-raices-y-vanguardia\/"},"author":{"name":"R@mbla","@id":"https:\/\/www.revistarambla.com\/#\/schema\/person\/a146a5a2550b94981a75131180e1bd9c"},"headline":"Patricio Miguel Madero: el pianista que mezcla ra\u00edces y vanguardia","datePublished":"2025-10-22T17:56:38+00:00","mainEntityOfPage":{"@id":"https:\/\/www.revistarambla.com\/patricio-miguel-madero-el-pianista-que-mezcla-raices-y-vanguardia\/"},"wordCount":1049,"publisher":{"@id":"https:\/\/www.revistarambla.com\/#organization"},"image":{"@id":"https:\/\/www.revistarambla.com\/patricio-miguel-madero-el-pianista-que-mezcla-raices-y-vanguardia\/#primaryimage"},"thumbnailUrl":"https:\/\/www.revistarambla.com\/wp-content\/uploads\/2025\/10\/Patricio-Miguel-Madero.jpg","articleSection":["Otras Noticias"],"inLanguage":"en-GB"},{"@type":"WebPage","@id":"https:\/\/www.revistarambla.com\/patricio-miguel-madero-el-pianista-que-mezcla-raices-y-vanguardia\/","url":"https:\/\/www.revistarambla.com\/patricio-miguel-madero-el-pianista-que-mezcla-raices-y-vanguardia\/","name":"Patricio Miguel Madero: el pianista que mezcla ra\u00edces y vanguardia - Revista Rambla","isPartOf":{"@id":"https:\/\/www.revistarambla.com\/#website"},"primaryImageOfPage":{"@id":"https:\/\/www.revistarambla.com\/patricio-miguel-madero-el-pianista-que-mezcla-raices-y-vanguardia\/#primaryimage"},"image":{"@id":"https:\/\/www.revistarambla.com\/patricio-miguel-madero-el-pianista-que-mezcla-raices-y-vanguardia\/#primaryimage"},"thumbnailUrl":"https:\/\/www.revistarambla.com\/wp-content\/uploads\/2025\/10\/Patricio-Miguel-Madero.jpg","datePublished":"2025-10-22T17:56:38+00:00","breadcrumb":{"@id":"https:\/\/www.revistarambla.com\/patricio-miguel-madero-el-pianista-que-mezcla-raices-y-vanguardia\/#breadcrumb"},"inLanguage":"en-GB","potentialAction":[{"@type":"ReadAction","target":["https:\/\/www.revistarambla.com\/patricio-miguel-madero-el-pianista-que-mezcla-raices-y-vanguardia\/"]}]},{"@type":"ImageObject","inLanguage":"en-GB","@id":"https:\/\/www.revistarambla.com\/patricio-miguel-madero-el-pianista-que-mezcla-raices-y-vanguardia\/#primaryimage","url":"https:\/\/www.revistarambla.com\/wp-content\/uploads\/2025\/10\/Patricio-Miguel-Madero.jpg","contentUrl":"https:\/\/www.revistarambla.com\/wp-content\/uploads\/2025\/10\/Patricio-Miguel-Madero.jpg","width":832,"height":896,"caption":"Patricio Miguel Madero"},{"@type":"BreadcrumbList","@id":"https:\/\/www.revistarambla.com\/patricio-miguel-madero-el-pianista-que-mezcla-raices-y-vanguardia\/#breadcrumb","itemListElement":[{"@type":"ListItem","position":1,"name":"Portada","item":"https:\/\/www.revistarambla.com\/"},{"@type":"ListItem","position":2,"name":"Patricio Miguel Madero: el pianista que mezcla ra\u00edces y vanguardia"}]},{"@type":"WebSite","@id":"https:\/\/www.revistarambla.com\/#website","url":"https:\/\/www.revistarambla.com\/","name":"Revista Rambla Barcelona","description":"Periodismo independiente","publisher":{"@id":"https:\/\/www.revistarambla.com\/#organization"},"potentialAction":[{"@type":"SearchAction","target":{"@type":"EntryPoint","urlTemplate":"https:\/\/www.revistarambla.com\/?s={search_term_string}"},"query-input":{"@type":"PropertyValueSpecification","valueRequired":true,"valueName":"search_term_string"}}],"inLanguage":"en-GB"},{"@type":"Organization","@id":"https:\/\/www.revistarambla.com\/#organization","name":"Revista Rambla","url":"https:\/\/www.revistarambla.com\/","logo":{"@type":"ImageObject","inLanguage":"en-GB","@id":"https:\/\/www.revistarambla.com\/#\/schema\/logo\/image\/","url":"https:\/\/www.revistarambla.com\/wp-content\/uploads\/2020\/09\/banner_rambla_1900x600_BB.png","contentUrl":"https:\/\/www.revistarambla.com\/wp-content\/uploads\/2020\/09\/banner_rambla_1900x600_BB.png","width":1900,"height":600,"caption":"Revista Rambla"},"image":{"@id":"https:\/\/www.revistarambla.com\/#\/schema\/logo\/image\/"},"sameAs":["https:\/\/www.facebook.com\/revistarambla\/","https:\/\/x.com\/revistarambla","https:\/\/www.instagram.com\/revista_rambla","https:\/\/es.linkedin.com\/company\/revista-rambla"]},{"@type":"Person","@id":"https:\/\/www.revistarambla.com\/#\/schema\/person\/a146a5a2550b94981a75131180e1bd9c","name":"R@mbla","description":"Este art\u00edculo ha sido redactado y\/o validado por el equipo de redacci\u00f3n de Revista Rambla.","sameAs":["https:\/\/www.revistarambla.com\/","https:\/\/www.facebook.com\/revistarambla","https:\/\/x.com\/revistarambla"]}]}},"_links":{"self":[{"href":"https:\/\/www.revistarambla.com\/en\/wp-json\/wp\/v2\/posts\/66999","targetHints":{"allow":["GET"]}}],"collection":[{"href":"https:\/\/www.revistarambla.com\/en\/wp-json\/wp\/v2\/posts"}],"about":[{"href":"https:\/\/www.revistarambla.com\/en\/wp-json\/wp\/v2\/types\/post"}],"author":[{"embeddable":true,"href":"https:\/\/www.revistarambla.com\/en\/wp-json\/wp\/v2\/users\/3"}],"replies":[{"embeddable":true,"href":"https:\/\/www.revistarambla.com\/en\/wp-json\/wp\/v2\/comments?post=66999"}],"version-history":[{"count":1,"href":"https:\/\/www.revistarambla.com\/en\/wp-json\/wp\/v2\/posts\/66999\/revisions"}],"predecessor-version":[{"id":67002,"href":"https:\/\/www.revistarambla.com\/en\/wp-json\/wp\/v2\/posts\/66999\/revisions\/67002"}],"wp:featuredmedia":[{"embeddable":true,"href":"https:\/\/www.revistarambla.com\/en\/wp-json\/wp\/v2\/media\/67000"}],"wp:attachment":[{"href":"https:\/\/www.revistarambla.com\/en\/wp-json\/wp\/v2\/media?parent=66999"}],"wp:term":[{"taxonomy":"category","embeddable":true,"href":"https:\/\/www.revistarambla.com\/en\/wp-json\/wp\/v2\/categories?post=66999"},{"taxonomy":"post_tag","embeddable":true,"href":"https:\/\/www.revistarambla.com\/en\/wp-json\/wp\/v2\/tags?post=66999"}],"curies":[{"name":"wp","href":"https:\/\/api.w.org\/{rel}","templated":true}]}}