{"id":66994,"date":"2025-10-22T19:45:25","date_gmt":"2025-10-22T17:45:25","guid":{"rendered":"https:\/\/www.revistarambla.com\/?p=66994"},"modified":"2025-10-22T19:45:25","modified_gmt":"2025-10-22T17:45:25","slug":"la-guillotina-de-la-sante-cae-sobre-sarkozy","status":"publish","type":"post","link":"https:\/\/www.revistarambla.com\/en\/la-guillotina-de-la-sante-cae-sobre-sarkozy\/","title":{"rendered":"La guillotina de La Sant\u00e9 cae sobre Sarkozy"},"content":{"rendered":"<p>El expresidente franc\u00e9s Nicolas Sarkozy, de 70 a\u00f1os, vivi\u00f3 una noche turbulenta en su debut como recluso en la prisi\u00f3n de La Sant\u00e9, en el coraz\u00f3n de Par\u00eds. <!--more-->Condenado a cinco a\u00f1os de c\u00e1rcel por conspiraci\u00f3n criminal en el esc\u00e1ndalo de financiaci\u00f3n ilegal de su campa\u00f1a presidencial de 2007, Sarkozy fue perturbado por los gritos constantes de otros presos, quienes no dudaron en grabar y difundir videos en redes sociales como TikTok, donde se oyen insultos y amenazas expl\u00edcitas. Seg\u00fan testimonios y grabaciones virales, los reclusos le dieron una \u00abbienvenida\u00bb hostil, invocando venganza por la muerte del dictador libio Muammar Gaddafi y exigiendo la devoluci\u00f3n de \u00abmiles de millones de d\u00f3lares\u00bb supuestamente desviados.<\/p>\n<p>El incidente marca un hito sin precedentes en la historia de la V Rep\u00fablica francesa: es la primera vez que un exjefe de Estado cumple pena efectiva en prisi\u00f3n com\u00fan, aunque bajo estrictas medidas de aislamiento y protecci\u00f3n. Sarkozy ingres\u00f3 al centro penitenciario el martes 21 de octubre por la ma\u00f1ana, escoltado por una comitiva policial y tras un emotivo adi\u00f3s a su familia en su residencia del distrito 16 de Par\u00eds. Frente a un centenar de simpatizantes que ondeaban banderas tricolores y gritaban \u00ab\u00a1Nicolas, estamos contigo!\u00bb, el exmandatario, acompa\u00f1ado por su esposa Carla Bruni, se despidi\u00f3 con un gesto estoico antes de partir hacia La Sant\u00e9.<\/p>\n<p>La prisi\u00f3n de La Sant\u00e9, construida en 1867 y renovada entre 2015 y 2019, es una de las m\u00e1s emblem\u00e1ticas de Francia. Ubicada en el distrito 14, cuenta con un dise\u00f1o radial que facilita la vigilancia constante, y ha albergado a figuras notorias como el criminal Guillaume Apollinaire o el colaboracionista Maurice Papon. Sarkozy fue asignado al \u00absector de los vulnerables\u00bb, un \u00e1rea reservada para internos de alto perfil que requieren protecci\u00f3n especial, con celdas individuales de nueve metros cuadrados equipadas con cama, mesa, inodoro y un tel\u00e9fono personal para contactar a abogados o familia. A pesar del r\u00e9gimen de aislamiento, que impide el contacto f\u00edsico con otros reclusos, la ventana de su celda da directamente al patio interno, permitiendo que los gritos resuenen con claridad.<\/p>\n<p>Seg\u00fan videos circulados en TikTok y otras plataformas, capturados por presos con acceso a dispositivos m\u00f3viles \u2013a pesar de las prohibiciones\u2013, Sarkozy fue blanco de insultos desde el atardecer. En una transmisi\u00f3n en vivo, un recluso grita: \u00ab\u00a1Oh, Sarko, co\u00f1o de tu madre, despierta!\u00bb, mientras enfoca el patio y la fachada de la prisi\u00f3n. Otras voces se suman: \u00ab\u00a1Llama a Sarko!\u00bb, \u00ab\u00a1Mu\u00e9stranos la cabeza!\u00bb. Estas grabaciones se viralizaron r\u00e1pidamente, acumulando miles de visualizaciones en horas y generando debate sobre la seguridad en las prisiones francesas y el uso de redes sociales por parte de internos.<\/p>\n<p>Un segundo video, a\u00fan m\u00e1s alarmante, muestra a un preso advirtiendo que Sarkozy \u00abva a pasar un mal rato en prisi\u00f3n\u00bb. El hombre, filmando a trav\u00e9s de las rejas, explica: \u00abDebajo est\u00e1 la celda de castigo, \u00e9l est\u00e1 justo encima y lo sabemos todo\u00bb. Luego, invoca venganza: \u00abVamos a vengar a Gaddafi. Lo sabemos todo, Sarko, Ziad Takieddine, lo sabemos todo. Devuelvan los miles de millones de d\u00f3lares\u00bb. Estas referencias aluden directamente al n\u00facleo del caso judicial: Sarkozy fue condenado por recibir fondos il\u00edcitos del r\u00e9gimen de Gaddafi a trav\u00e9s de intermediarios como el empresario franco-liban\u00e9s Ziad Takieddine, quien actu\u00f3 como testigo clave y acusador en el proceso.<\/p>\n<p>El esc\u00e1ndalo libio, investigado desde 2012, involucra acusaciones de que Sarkozy acept\u00f3 hasta 50 millones de euros de Gaddafi para financiar su campa\u00f1a victoriosa de 2007, a cambio de favores diplom\u00e1ticos y contratos armament\u00edsticos. Takieddine, inicialmente un testigo de cargo, retract\u00f3 parte de sus declaraciones en 2020, pero el tribunal parisino lo consider\u00f3 cre\u00edble en lo esencial, condenando a Sarkozy por \u00abasociaci\u00f3n il\u00edcita\u00bb en septiembre de 2025. Esta no es la \u00fanica condena del exl\u00edder: en 2021, fue sentenciado a un a\u00f1o con brazalete electr\u00f3nico por corrupci\u00f3n en el caso Bygmalion, y enfrenta otros procesos por influencia peddling y lavado de dinero.<\/p>\n<p>Ante las amenazas expl\u00edcitas, las autoridades activaron protocolos de seguridad excepcionales. Sarkozy fue puesto bajo protecci\u00f3n policial, con dos agentes del Servicio de Protecci\u00f3n (SDLP), la unidad \u00e9lite encargada de dignatarios, alojados en una celda adyacente. Laurent Nu\u00f1ez, ministro del Interior, justific\u00f3 la medida en una declaraci\u00f3n oficial: \u00abDada su condici\u00f3n y las amenazas que enfrenta, nuestra responsabilidad es mantener la seguridad de los altos funcionarios\u00bb. \u00c9ric Ciotti, presidente de Los Republicanos \u2013el partido de Sarkozy\u2013, respald\u00f3 esta decisi\u00f3n, afirmando que es \u00abcompletamente leg\u00edtimo garantizar la seguridad de un expresidente en todo momento\u00bb.<\/p>\n<p>La reacci\u00f3n pol\u00edtica ha sido intensa. El presidente Emmanuel Macron, quien se reuni\u00f3 discretamente con Sarkozy en el El\u00edseo d\u00edas antes del ingreso, calific\u00f3 el caso de \u00abdebate leg\u00edtimo en una democracia\u00bb, defendiendo el derecho a apelaci\u00f3n. Sin embargo, cr\u00edticos como Olivier Faure, l\u00edder del Partido Socialista, lo acusaron de ejercer \u00abpresi\u00f3n sobre la justicia\u00bb. G\u00e9rald Darmanin, ministro de Justicia y excolaborador de Sarkozy, expres\u00f3 \u00abprofunda tristeza\u00bb y anunci\u00f3 una visita al recluso para verificar su bienestar.<\/p>\n<p>En el plano personal, Carla Bruni ha sido un pilar de apoyo. La exmodelo y cantante comparti\u00f3 en Instagram fotos familiares y mensajes de resiliencia: \u00abNo tengo miedo a la c\u00e1rcel\u00bb, citando palabras de su esposo en una entrevista reciente con <em>La Tribune Dimanche<\/em>. Sarkozy, por su parte, llev\u00f3 consigo dos libros a la celda: una biograf\u00eda de Winston Churchill y un ensayo sobre resiliencia pol\u00edtica, seg\u00fan fuentes cercanas.<\/p>\n<p>Los abogados de Sarkozy presentaron inmediatamente un recurso de apelaci\u00f3n y una solicitud de libertad condicional, argumentando su edad y la ausencia de riesgo de fuga. \u00abUna noche en prisi\u00f3n es demasiado\u00bb, declararon, esperando una resoluci\u00f3n en semanas o meses. Expertos legales coinciden en que, dada la ejecuci\u00f3n provisoria de la pena \u2013un punto controvertido en Francia\u2013, podr\u00eda beneficiarse de medidas alternativas como arresto domiciliario.<\/p>\n<p>Este episodio no solo resalta las vulnerabilidades de las prisiones francesas, donde el ruido constante \u2013gritos, portazos y timbres\u2013 agrava el estr\u00e9s de los internos, sino que tambi\u00e9n cuestiona el equilibrio entre justicia y protecci\u00f3n de figuras p\u00fablicas. La Sant\u00e9, con su historia de ejecuciones (la guillotina oper\u00f3 hasta 1972), simboliza la ca\u00edda de un pol\u00edtico que domin\u00f3 la escena europea, pero cuya ambici\u00f3n lo llev\u00f3 a enredos fatales.<\/p>\n<p>Mientras las grabaciones contin\u00faan circulando, autoridades penitenciarias investigan c\u00f3mo los presos accedieron a dispositivos para filmar, exponiendo fallos en el control interno. Para Sarkozy, esta primera noche podr\u00eda ser el inicio de un calvario, o el catalizador de una redenci\u00f3n judicial. Francia observa, dividida entre quienes ven justicia y quienes lamentan un \u00abjuicio pol\u00edtico\u00bb.<\/p>","protected":false},"excerpt":{"rendered":"<p>Pasa su primera noche en prisi\u00f3n entre gritos de insultos y amenazas de venganza por Gaddafi<\/p>","protected":false},"author":3,"featured_media":66995,"comment_status":"closed","ping_status":"closed","sticky":false,"template":"","format":"standard","meta":{"footnotes":""},"categories":[57],"tags":[],"class_list":["post-66994","post","type-post","status-publish","format-standard","has-post-thumbnail","hentry","category-global"],"yoast_head":"<!-- This site is optimized with the Yoast SEO plugin v27.5 - https:\/\/yoast.com\/product\/yoast-seo-wordpress\/ -->\n<title>La guillotina de La Sant\u00e9 cae sobre Sarkozy - Revista Rambla<\/title>\n<meta name=\"robots\" content=\"index, follow, max-snippet:-1, max-image-preview:large, max-video-preview:-1\" \/>\n<link rel=\"canonical\" href=\"https:\/\/www.revistarambla.com\/en\/la-guillotina-de-la-sante-cae-sobre-sarkozy\/\" \/>\n<meta property=\"og:locale\" content=\"en_GB\" \/>\n<meta property=\"og:type\" content=\"article\" \/>\n<meta property=\"og:title\" content=\"La guillotina de La Sant\u00e9 cae sobre Sarkozy - Revista Rambla\" \/>\n<meta property=\"og:description\" content=\"Pasa su primera noche en prisi\u00f3n entre gritos de insultos y amenazas de venganza por Gaddafi\" \/>\n<meta property=\"og:url\" content=\"https:\/\/www.revistarambla.com\/en\/la-guillotina-de-la-sante-cae-sobre-sarkozy\/\" \/>\n<meta property=\"og:site_name\" content=\"Revista Rambla\" \/>\n<meta property=\"article:publisher\" content=\"https:\/\/www.facebook.com\/revistarambla\/\" \/>\n<meta property=\"article:author\" content=\"https:\/\/www.facebook.com\/revistarambla\" \/>\n<meta property=\"article:published_time\" content=\"2025-10-22T17:45:25+00:00\" \/>\n<meta property=\"og:image\" content=\"https:\/\/www.revistarambla.com\/wp-content\/uploads\/2025\/10\/Nicolas_Sarkozy_2015-10-29_03.jpg\" \/>\n\t<meta property=\"og:image:width\" content=\"773\" \/>\n\t<meta property=\"og:image:height\" content=\"618\" \/>\n\t<meta property=\"og:image:type\" content=\"image\/jpeg\" \/>\n<meta name=\"author\" content=\"R@mbla\" \/>\n<meta name=\"twitter:card\" content=\"summary_large_image\" \/>\n<meta name=\"twitter:creator\" content=\"@revistarambla\" \/>\n<meta name=\"twitter:site\" content=\"@revistarambla\" \/>\n<meta name=\"twitter:label1\" content=\"Written by\" \/>\n\t<meta name=\"twitter:data1\" content=\"R@mbla\" \/>\n\t<meta name=\"twitter:label2\" content=\"Estimated reading time\" \/>\n\t<meta name=\"twitter:data2\" content=\"6 minutes\" \/>\n<script type=\"application\/ld+json\" class=\"yoast-schema-graph\">{\"@context\":\"https:\\\/\\\/schema.org\",\"@graph\":[{\"@type\":\"Article\",\"@id\":\"https:\\\/\\\/www.revistarambla.com\\\/la-guillotina-de-la-sante-cae-sobre-sarkozy\\\/#article\",\"isPartOf\":{\"@id\":\"https:\\\/\\\/www.revistarambla.com\\\/la-guillotina-de-la-sante-cae-sobre-sarkozy\\\/\"},\"author\":{\"name\":\"R@mbla\",\"@id\":\"https:\\\/\\\/www.revistarambla.com\\\/#\\\/schema\\\/person\\\/a146a5a2550b94981a75131180e1bd9c\"},\"headline\":\"La guillotina de La Sant\u00e9 cae sobre Sarkozy\",\"datePublished\":\"2025-10-22T17:45:25+00:00\",\"mainEntityOfPage\":{\"@id\":\"https:\\\/\\\/www.revistarambla.com\\\/la-guillotina-de-la-sante-cae-sobre-sarkozy\\\/\"},\"wordCount\":1169,\"publisher\":{\"@id\":\"https:\\\/\\\/www.revistarambla.com\\\/#organization\"},\"image\":{\"@id\":\"https:\\\/\\\/www.revistarambla.com\\\/la-guillotina-de-la-sante-cae-sobre-sarkozy\\\/#primaryimage\"},\"thumbnailUrl\":\"https:\\\/\\\/www.revistarambla.com\\\/wp-content\\\/uploads\\\/2025\\\/10\\\/Nicolas_Sarkozy_2015-10-29_03.jpg\",\"articleSection\":[\"Global\"],\"inLanguage\":\"en-GB\"},{\"@type\":\"WebPage\",\"@id\":\"https:\\\/\\\/www.revistarambla.com\\\/la-guillotina-de-la-sante-cae-sobre-sarkozy\\\/\",\"url\":\"https:\\\/\\\/www.revistarambla.com\\\/la-guillotina-de-la-sante-cae-sobre-sarkozy\\\/\",\"name\":\"La guillotina de La Sant\u00e9 cae sobre Sarkozy - Revista Rambla\",\"isPartOf\":{\"@id\":\"https:\\\/\\\/www.revistarambla.com\\\/#website\"},\"primaryImageOfPage\":{\"@id\":\"https:\\\/\\\/www.revistarambla.com\\\/la-guillotina-de-la-sante-cae-sobre-sarkozy\\\/#primaryimage\"},\"image\":{\"@id\":\"https:\\\/\\\/www.revistarambla.com\\\/la-guillotina-de-la-sante-cae-sobre-sarkozy\\\/#primaryimage\"},\"thumbnailUrl\":\"https:\\\/\\\/www.revistarambla.com\\\/wp-content\\\/uploads\\\/2025\\\/10\\\/Nicolas_Sarkozy_2015-10-29_03.jpg\",\"datePublished\":\"2025-10-22T17:45:25+00:00\",\"breadcrumb\":{\"@id\":\"https:\\\/\\\/www.revistarambla.com\\\/la-guillotina-de-la-sante-cae-sobre-sarkozy\\\/#breadcrumb\"},\"inLanguage\":\"en-GB\",\"potentialAction\":[{\"@type\":\"ReadAction\",\"target\":[\"https:\\\/\\\/www.revistarambla.com\\\/la-guillotina-de-la-sante-cae-sobre-sarkozy\\\/\"]}]},{\"@type\":\"ImageObject\",\"inLanguage\":\"en-GB\",\"@id\":\"https:\\\/\\\/www.revistarambla.com\\\/la-guillotina-de-la-sante-cae-sobre-sarkozy\\\/#primaryimage\",\"url\":\"https:\\\/\\\/www.revistarambla.com\\\/wp-content\\\/uploads\\\/2025\\\/10\\\/Nicolas_Sarkozy_2015-10-29_03.jpg\",\"contentUrl\":\"https:\\\/\\\/www.revistarambla.com\\\/wp-content\\\/uploads\\\/2025\\\/10\\\/Nicolas_Sarkozy_2015-10-29_03.jpg\",\"width\":773,\"height\":618,\"caption\":\"Sarkozy La Sant\u00e9\"},{\"@type\":\"BreadcrumbList\",\"@id\":\"https:\\\/\\\/www.revistarambla.com\\\/la-guillotina-de-la-sante-cae-sobre-sarkozy\\\/#breadcrumb\",\"itemListElement\":[{\"@type\":\"ListItem\",\"position\":1,\"name\":\"Portada\",\"item\":\"https:\\\/\\\/www.revistarambla.com\\\/\"},{\"@type\":\"ListItem\",\"position\":2,\"name\":\"La guillotina de La Sant\u00e9 cae sobre Sarkozy\"}]},{\"@type\":\"WebSite\",\"@id\":\"https:\\\/\\\/www.revistarambla.com\\\/#website\",\"url\":\"https:\\\/\\\/www.revistarambla.com\\\/\",\"name\":\"Revista Rambla Barcelona\",\"description\":\"Periodismo independiente\",\"publisher\":{\"@id\":\"https:\\\/\\\/www.revistarambla.com\\\/#organization\"},\"potentialAction\":[{\"@type\":\"SearchAction\",\"target\":{\"@type\":\"EntryPoint\",\"urlTemplate\":\"https:\\\/\\\/www.revistarambla.com\\\/?s={search_term_string}\"},\"query-input\":{\"@type\":\"PropertyValueSpecification\",\"valueRequired\":true,\"valueName\":\"search_term_string\"}}],\"inLanguage\":\"en-GB\"},{\"@type\":\"Organization\",\"@id\":\"https:\\\/\\\/www.revistarambla.com\\\/#organization\",\"name\":\"Revista Rambla\",\"url\":\"https:\\\/\\\/www.revistarambla.com\\\/\",\"logo\":{\"@type\":\"ImageObject\",\"inLanguage\":\"en-GB\",\"@id\":\"https:\\\/\\\/www.revistarambla.com\\\/#\\\/schema\\\/logo\\\/image\\\/\",\"url\":\"https:\\\/\\\/www.revistarambla.com\\\/wp-content\\\/uploads\\\/2020\\\/09\\\/banner_rambla_1900x600_BB.png\",\"contentUrl\":\"https:\\\/\\\/www.revistarambla.com\\\/wp-content\\\/uploads\\\/2020\\\/09\\\/banner_rambla_1900x600_BB.png\",\"width\":1900,\"height\":600,\"caption\":\"Revista Rambla\"},\"image\":{\"@id\":\"https:\\\/\\\/www.revistarambla.com\\\/#\\\/schema\\\/logo\\\/image\\\/\"},\"sameAs\":[\"https:\\\/\\\/www.facebook.com\\\/revistarambla\\\/\",\"https:\\\/\\\/x.com\\\/revistarambla\",\"https:\\\/\\\/www.instagram.com\\\/revista_rambla\",\"https:\\\/\\\/es.linkedin.com\\\/company\\\/revista-rambla\"]},{\"@type\":\"Person\",\"@id\":\"https:\\\/\\\/www.revistarambla.com\\\/#\\\/schema\\\/person\\\/a146a5a2550b94981a75131180e1bd9c\",\"name\":\"R@mbla\",\"description\":\"Este art\u00edculo ha sido redactado y\\\/o validado por el equipo de redacci\u00f3n de Revista Rambla.\",\"sameAs\":[\"https:\\\/\\\/www.revistarambla.com\\\/\",\"https:\\\/\\\/www.facebook.com\\\/revistarambla\",\"https:\\\/\\\/x.com\\\/revistarambla\"]}]}<\/script>\n<!-- \/ Yoast SEO plugin. -->","yoast_head_json":{"title":"La guillotina de La Sant\u00e9 cae sobre Sarkozy - Revista Rambla","robots":{"index":"index","follow":"follow","max-snippet":"max-snippet:-1","max-image-preview":"max-image-preview:large","max-video-preview":"max-video-preview:-1"},"canonical":"https:\/\/www.revistarambla.com\/en\/la-guillotina-de-la-sante-cae-sobre-sarkozy\/","og_locale":"en_GB","og_type":"article","og_title":"La guillotina de La Sant\u00e9 cae sobre Sarkozy - Revista Rambla","og_description":"Pasa su primera noche en prisi\u00f3n entre gritos de insultos y amenazas de venganza por Gaddafi","og_url":"https:\/\/www.revistarambla.com\/en\/la-guillotina-de-la-sante-cae-sobre-sarkozy\/","og_site_name":"Revista Rambla","article_publisher":"https:\/\/www.facebook.com\/revistarambla\/","article_author":"https:\/\/www.facebook.com\/revistarambla","article_published_time":"2025-10-22T17:45:25+00:00","og_image":[{"width":773,"height":618,"url":"https:\/\/www.revistarambla.com\/wp-content\/uploads\/2025\/10\/Nicolas_Sarkozy_2015-10-29_03.jpg","type":"image\/jpeg"}],"author":"R@mbla","twitter_card":"summary_large_image","twitter_creator":"@revistarambla","twitter_site":"@revistarambla","twitter_misc":{"Written by":"R@mbla","Estimated reading time":"6 minutes"},"schema":{"@context":"https:\/\/schema.org","@graph":[{"@type":"Article","@id":"https:\/\/www.revistarambla.com\/la-guillotina-de-la-sante-cae-sobre-sarkozy\/#article","isPartOf":{"@id":"https:\/\/www.revistarambla.com\/la-guillotina-de-la-sante-cae-sobre-sarkozy\/"},"author":{"name":"R@mbla","@id":"https:\/\/www.revistarambla.com\/#\/schema\/person\/a146a5a2550b94981a75131180e1bd9c"},"headline":"La guillotina de La Sant\u00e9 cae sobre Sarkozy","datePublished":"2025-10-22T17:45:25+00:00","mainEntityOfPage":{"@id":"https:\/\/www.revistarambla.com\/la-guillotina-de-la-sante-cae-sobre-sarkozy\/"},"wordCount":1169,"publisher":{"@id":"https:\/\/www.revistarambla.com\/#organization"},"image":{"@id":"https:\/\/www.revistarambla.com\/la-guillotina-de-la-sante-cae-sobre-sarkozy\/#primaryimage"},"thumbnailUrl":"https:\/\/www.revistarambla.com\/wp-content\/uploads\/2025\/10\/Nicolas_Sarkozy_2015-10-29_03.jpg","articleSection":["Global"],"inLanguage":"en-GB"},{"@type":"WebPage","@id":"https:\/\/www.revistarambla.com\/la-guillotina-de-la-sante-cae-sobre-sarkozy\/","url":"https:\/\/www.revistarambla.com\/la-guillotina-de-la-sante-cae-sobre-sarkozy\/","name":"La guillotina de La Sant\u00e9 cae sobre Sarkozy - Revista Rambla","isPartOf":{"@id":"https:\/\/www.revistarambla.com\/#website"},"primaryImageOfPage":{"@id":"https:\/\/www.revistarambla.com\/la-guillotina-de-la-sante-cae-sobre-sarkozy\/#primaryimage"},"image":{"@id":"https:\/\/www.revistarambla.com\/la-guillotina-de-la-sante-cae-sobre-sarkozy\/#primaryimage"},"thumbnailUrl":"https:\/\/www.revistarambla.com\/wp-content\/uploads\/2025\/10\/Nicolas_Sarkozy_2015-10-29_03.jpg","datePublished":"2025-10-22T17:45:25+00:00","breadcrumb":{"@id":"https:\/\/www.revistarambla.com\/la-guillotina-de-la-sante-cae-sobre-sarkozy\/#breadcrumb"},"inLanguage":"en-GB","potentialAction":[{"@type":"ReadAction","target":["https:\/\/www.revistarambla.com\/la-guillotina-de-la-sante-cae-sobre-sarkozy\/"]}]},{"@type":"ImageObject","inLanguage":"en-GB","@id":"https:\/\/www.revistarambla.com\/la-guillotina-de-la-sante-cae-sobre-sarkozy\/#primaryimage","url":"https:\/\/www.revistarambla.com\/wp-content\/uploads\/2025\/10\/Nicolas_Sarkozy_2015-10-29_03.jpg","contentUrl":"https:\/\/www.revistarambla.com\/wp-content\/uploads\/2025\/10\/Nicolas_Sarkozy_2015-10-29_03.jpg","width":773,"height":618,"caption":"Sarkozy La Sant\u00e9"},{"@type":"BreadcrumbList","@id":"https:\/\/www.revistarambla.com\/la-guillotina-de-la-sante-cae-sobre-sarkozy\/#breadcrumb","itemListElement":[{"@type":"ListItem","position":1,"name":"Portada","item":"https:\/\/www.revistarambla.com\/"},{"@type":"ListItem","position":2,"name":"La guillotina de La Sant\u00e9 cae sobre Sarkozy"}]},{"@type":"WebSite","@id":"https:\/\/www.revistarambla.com\/#website","url":"https:\/\/www.revistarambla.com\/","name":"Revista Rambla Barcelona","description":"Periodismo independiente","publisher":{"@id":"https:\/\/www.revistarambla.com\/#organization"},"potentialAction":[{"@type":"SearchAction","target":{"@type":"EntryPoint","urlTemplate":"https:\/\/www.revistarambla.com\/?s={search_term_string}"},"query-input":{"@type":"PropertyValueSpecification","valueRequired":true,"valueName":"search_term_string"}}],"inLanguage":"en-GB"},{"@type":"Organization","@id":"https:\/\/www.revistarambla.com\/#organization","name":"Revista Rambla","url":"https:\/\/www.revistarambla.com\/","logo":{"@type":"ImageObject","inLanguage":"en-GB","@id":"https:\/\/www.revistarambla.com\/#\/schema\/logo\/image\/","url":"https:\/\/www.revistarambla.com\/wp-content\/uploads\/2020\/09\/banner_rambla_1900x600_BB.png","contentUrl":"https:\/\/www.revistarambla.com\/wp-content\/uploads\/2020\/09\/banner_rambla_1900x600_BB.png","width":1900,"height":600,"caption":"Revista Rambla"},"image":{"@id":"https:\/\/www.revistarambla.com\/#\/schema\/logo\/image\/"},"sameAs":["https:\/\/www.facebook.com\/revistarambla\/","https:\/\/x.com\/revistarambla","https:\/\/www.instagram.com\/revista_rambla","https:\/\/es.linkedin.com\/company\/revista-rambla"]},{"@type":"Person","@id":"https:\/\/www.revistarambla.com\/#\/schema\/person\/a146a5a2550b94981a75131180e1bd9c","name":"R@mbla","description":"Este art\u00edculo ha sido redactado y\/o validado por el equipo de redacci\u00f3n de Revista Rambla.","sameAs":["https:\/\/www.revistarambla.com\/","https:\/\/www.facebook.com\/revistarambla","https:\/\/x.com\/revistarambla"]}]}},"_links":{"self":[{"href":"https:\/\/www.revistarambla.com\/en\/wp-json\/wp\/v2\/posts\/66994","targetHints":{"allow":["GET"]}}],"collection":[{"href":"https:\/\/www.revistarambla.com\/en\/wp-json\/wp\/v2\/posts"}],"about":[{"href":"https:\/\/www.revistarambla.com\/en\/wp-json\/wp\/v2\/types\/post"}],"author":[{"embeddable":true,"href":"https:\/\/www.revistarambla.com\/en\/wp-json\/wp\/v2\/users\/3"}],"replies":[{"embeddable":true,"href":"https:\/\/www.revistarambla.com\/en\/wp-json\/wp\/v2\/comments?post=66994"}],"version-history":[{"count":1,"href":"https:\/\/www.revistarambla.com\/en\/wp-json\/wp\/v2\/posts\/66994\/revisions"}],"predecessor-version":[{"id":66996,"href":"https:\/\/www.revistarambla.com\/en\/wp-json\/wp\/v2\/posts\/66994\/revisions\/66996"}],"wp:featuredmedia":[{"embeddable":true,"href":"https:\/\/www.revistarambla.com\/en\/wp-json\/wp\/v2\/media\/66995"}],"wp:attachment":[{"href":"https:\/\/www.revistarambla.com\/en\/wp-json\/wp\/v2\/media?parent=66994"}],"wp:term":[{"taxonomy":"category","embeddable":true,"href":"https:\/\/www.revistarambla.com\/en\/wp-json\/wp\/v2\/categories?post=66994"},{"taxonomy":"post_tag","embeddable":true,"href":"https:\/\/www.revistarambla.com\/en\/wp-json\/wp\/v2\/tags?post=66994"}],"curies":[{"name":"wp","href":"https:\/\/api.w.org\/{rel}","templated":true}]}}