{"id":66985,"date":"2025-10-21T17:57:14","date_gmt":"2025-10-21T15:57:14","guid":{"rendered":"https:\/\/www.revistarambla.com\/?p=66985"},"modified":"2025-10-23T17:54:16","modified_gmt":"2025-10-23T15:54:16","slug":"vicent-monsonis-el-jovent-que-diu-que-amb-franco-es-vivia-millor-no-sap-del-que-parla","status":"publish","type":"post","link":"https:\/\/www.revistarambla.com\/en\/vicent-monsonis-el-jovent-que-diu-que-amb-franco-es-vivia-millor-no-sap-del-que-parla\/","title":{"rendered":"Vicent Monson\u00eds: \u00abEl jovent que diu que amb Franco es vivia millor no sap del que parla\u00bb"},"content":{"rendered":"<div class=\"x_1921526486elementToProof\">El Maresme Film Festival comen\u00e7a aquest dissabte a la Sala Mozart de Calella i el director de cinema Vicent Monson\u00eds hi presentar\u00e0 \u201cLa invasi\u00f3 dels b\u00e0rbars\u201d, la seva \u00faltima obra. \u00c9s una den\u00fancia del franquisme i una reflexi\u00f3 sobre el silenci hist\u00f2ric, la just\u00edcia i l\u2019obligaci\u00f3 de recordar la hist\u00f2ria.<\/div>\n<div><\/div>\n<div><img decoding=\"async\" class=\"size-full wp-image-66986 aligncenter\" src=\"https:\/\/www.revistarambla.com\/wp-content\/uploads\/2025\/10\/VICENT_MONSONIS.jpg\" alt=\"Vicent Monson\u00eds\" width=\"1920\" height=\"1440\" srcset=\"https:\/\/www.revistarambla.com\/wp-content\/uploads\/2025\/10\/VICENT_MONSONIS.jpg 1920w, https:\/\/www.revistarambla.com\/wp-content\/uploads\/2025\/10\/VICENT_MONSONIS-487x365.jpg 487w, https:\/\/www.revistarambla.com\/wp-content\/uploads\/2025\/10\/VICENT_MONSONIS-840x630.jpg 840w, https:\/\/www.revistarambla.com\/wp-content\/uploads\/2025\/10\/VICENT_MONSONIS-768x576.jpg 768w, https:\/\/www.revistarambla.com\/wp-content\/uploads\/2025\/10\/VICENT_MONSONIS-1536x1152.jpg 1536w, https:\/\/www.revistarambla.com\/wp-content\/uploads\/2025\/10\/VICENT_MONSONIS-16x12.jpg 16w\" sizes=\"(max-width: 1920px) 100vw, 1920px\" \/><\/div>\n<div><\/div>\n<div class=\"x_1921526486elementToProof\"><b>Per qu\u00e8 li crida l&#8217;atenci\u00f3 l&#8217;obra de teatre que \u00e9s l&#8217;origen de la pel\u00b7l\u00edcula? Pot explicar com t\u00e9 la idea?<\/b><\/div>\n<div class=\"x_1921526486elementToProof\">L&#8217;autor de l&#8217;obra de teatre, Chema Carde\u00f1a, i jo, som molt amics. Jo he col\u00b7laborat sovint amb la seua companyia, ARDEN PRODUCCIONES, i ells amb mi. De fet, aquesta \u00e9s la tercera obra de teatre de Chema que adapta al cinema despr\u00e9s de \u00abMatar al Rey\u00bb (en castell\u00e0) i \u00abUn cercle en l&#8217;aigua\u00bb (en catal\u00e0). El qu\u00e8 m&#8217;agrada de Chema \u00e9s que t\u00e9 uns coneixements hist\u00f2rics vast\u00edssims i sempre aprofita la hist\u00f2ria per parlar del present.<\/div>\n<div class=\"x_1921526486elementToProof\"><\/div>\n<div class=\"x_1921526486elementToProof\"><b>Qu\u00e8 li va agradar?<\/b><\/div>\n<div class=\"x_1921526486elementToProof\">Ell fa una cosa amb la qual em sent molt identificat que \u00e9s contar la hist\u00f2ria des del punt de vista dels qui la van perdre, no dels vencedors. Aix\u00ed, les seues obres s\u00f3n sempre interessants i reivindicatives. Jo vaig assistir a l&#8217;estrena de \u201cLa invasi\u00f3n de los b\u00e1rbaros\u201d el gener de 2020 a la Sala Russafa de Val\u00e8ncia, i nom\u00e9s veure l&#8217;obra li vaig dir a Chema que s&#8217;havia d&#8217;adaptar al cinema. Ell em va passar el text teatral i em va dir: aix\u00f2 \u00e9s cosa teua.<\/div>\n<div class=\"x_1921526486elementToProof\"><\/div>\n<div class=\"x_1921526486elementToProof\"><b>De la idea per una pel\u00b7l\u00edcula a poder-la estrenar hi ha molt de temps i feina. Qu\u00e8 ha estat el m\u00e9s complicat durant tot el proc\u00e9s?<\/b><\/div>\n<div class=\"x_1921526486elementToProof\">El m\u00e9s complicat, quan treballes des de la perif\u00e8ria de la perif\u00e8ria&#8230; \u00e9s sempre trobar el finan\u00e7ament. Si eres un productor independent valenci\u00e0, vols liderar el projecte i vols rodar en catal\u00e0&#8230; tens tots els punts perqu\u00e8 ning\u00fa no et faci cas.<\/div>\n<div class=\"x_1921526486elementToProof\"><\/div>\n<div class=\"x_1921526486elementToProof\"><b>Algunes distribu\u00efdores no han donat suport perqu\u00e8 consideraven que el tema ara no tocava. Aix\u00f2 \u00e9s possible el 2025? Hi veu alguna cosa m\u00e9s al darrere?<\/b><\/div>\n<div class=\"x_1921526486elementToProof\">Suposa que les distribu\u00efdores, com les plataformes i les televisions, tenen el seu ecosistema propi de productores i contactes i els resulta molt dif\u00edcil obrir-se a gent nova, que no coneixen. Jo no soc nou en la producci\u00f3 i la direcci\u00f3, per\u00f2 s\u00ed que m&#8217;he entestat a treballar des de Val\u00e8ncia i per a consolidar una cinematografia realment valenciana, que a la fi acabaria sent competidora de les cinematografies m\u00e9s o menys \u00abestablertes\u00bb. I despr\u00e9s estan les modes i l&#8217;<i>star system<\/i>. Existeix la idea que la gent va al cinema per veure actors i actrius conegudes sobretot de la TV, i moltes cadenes i distribu\u00efdores rebutgen les pel\u00b7l\u00edcules en les quals consideren que no hi ha \u00abestrelles\u00bb, \u00e9s a dir, actrius i actors medi\u00e0tics (que no s\u00f3n necess\u00e0riament millors).<\/div>\n<div class=\"x_1921526486elementToProof\"><\/div>\n<div class=\"x_1921526486elementToProof\"><b>Deien que la mem\u00f2ria hist\u00f2rica no interessa&#8230;<\/b><\/div>\n<div class=\"x_1921526486elementToProof\">Potser alguns han sigut sincers en dir que la tem\u00e0tica no els convenia, o potser \u00e9s el fet que no tenim noms \u00abfamosos\u00bb en el c\u00e0sting, o simplement que no els va b\u00e9 afegir al mercat una producci\u00f3 que potser far\u00e0 compet\u00e8ncia a aquelles en les quals tenen posats els seus interessos econ\u00f2mics. Sigui com sigui, hem rebut en massa ocasions l&#8217;excusa de qu\u00e8 la Mem\u00f2ria Hist\u00f2rica no interessa, per\u00f2 jo penso exactament el contrari, crec que interessa m\u00e9s que mai, i aix\u00ed ens ho demostra la reacci\u00f3 del p\u00fablic. Per\u00f2 b\u00e9&#8230; diuen que els diners s\u00f3n covards&#8230; no \u00e9s aix\u00ed?<\/div>\n<div class=\"x_1921526486elementToProof\"><\/div>\n<div class=\"x_1921526486elementToProof\"><b>Al contrari, sembla un tema actual perqu\u00e8 \u00faltimament hi ha un cert blanquejament del franquisme.<\/b><\/div>\n<div class=\"x_1921526486elementToProof\">Exactament. Francesc Viadel va definir la frase com \u00abun contundent al\u00b7legat en contra del feixisme, per\u00f2 sobretot una bona pel\u00b7l\u00edcula\u00bb. En eixa frase es resumeix molt acuradament el que hem intentat fer amb aquesta producci\u00f3. M&#8217;agrada subratllar all\u00f2 de \u00absobretot una bona pel\u00b7l\u00edcula\u00bb perqu\u00e8 penso que ning\u00fa que la vegi ens podr\u00e0 acusar de fer demag\u00f2gia o un pamflet. Hem contat una hist\u00f2ria, amb honestedat i amb una qualitat t\u00e8cnica i art\u00edstica comparable a la de qualsevol pel\u00b7l\u00edcula actual&#8230; per\u00f2 a m\u00e9s, amb contingut. Per a mi \u00e9s important que les pel\u00b7l\u00edcules diguin alguna cosa, que siguin Cultura, que porten c\u00e0rregues de profunditat que facin pensar a la gent i que no siguin nom\u00e9s entreteniment o anest\u00e8sia mental.<\/div>\n<div class=\"x_1921526486elementToProof\"><\/div>\n<div class=\"x_1921526486elementToProof\"><b>Per qu\u00e8 creu que un sector de la joventut pensa ara que al franquisme es vivia millor? Com s&#8217;ha arribat fins aqu\u00ed?<\/b><\/div>\n<div class=\"x_1921526486elementToProof\">Qui pensa que amb el franquisme es vivia millor nom\u00e9s ho pot fer per dos motius&#8230; o perqu\u00e8 efectivament ve d&#8217;una fam\u00edlia privilegiada dels qui se n&#8217;aprofitaren del saqueig, la repressi\u00f3 i la corrupci\u00f3 per enriquir-se i viure una vida de privilegis&#8230; o per absoluta ignor\u00e0ncia i desconeixement de la realitat hist\u00f2rica. La major part del jovent que diu aquesta bestiesa de qu\u00e8 amb Franco es vivia millor no sap del que parla i t\u00e9 una imatge del franquisme manipulada pels mitjans de comunicaci\u00f3 i la propaganda d&#8217;eixes elits que van viure tan b\u00e9 i que encara avui dia s\u00f3n els propietaris dels grans mitjans de comunicaci\u00f3. A m\u00e9s, la Rep\u00fablica, la guerra i el franquisme mai no han estat als programes educatius espanyols i aix\u00f2 ha ajudat a augmentar el desconeixement de la mateixa hist\u00f2ria.<\/div>\n<div class=\"x_1921526486elementToProof\"><\/div>\n<div class=\"x_1921526486elementToProof\"><b>Com recomanaria a la gent jove perqu\u00e8 vagi a veure la teva pel\u00b7l\u00edcula?<\/b><\/div>\n<div class=\"x_1921526486elementToProof\">Els diria que en lloc d&#8217;anar a classe d&#8217;hist\u00f2ria, que s&#8217;acosten al cinema a veure-la i la comenten despr\u00e9s amb els seus companys, professors i familiars. La hist\u00f2ria \u00e9s una assignatura que molts estudiants troben avorrida, fins que els fas veure que es pot aprendre molta hist\u00f2ria amb ajuda de novel\u00b7les i pel\u00b7l\u00edcules. En el cas de \u201cLa invasi\u00f3 dels b\u00e0rbars\u201d, crec que els sorprendr\u00e0 descobrir com de connectat est\u00e0 el passat amb el present i quantes coses ens han amagat des del poder perqu\u00e8 no coneguem la nostra pr\u00f2pia hist\u00f2ria. La gent jove que ha vist la pel\u00b7l\u00edcula sempre ha reaccionat d&#8217;una manera molt positiva amb la sensaci\u00f3 d&#8217;estar descobrint una part de la seua pr\u00f2pia hist\u00f2ria de la qual no els havien parlat. Sense anar m\u00e9s lluny&#8230; Alg\u00fa s&#8217;imaginava que la burgesia valenciana organitz\u00e9s recepcions i dinarots per a jerarques de l&#8217;ex\u00e8rcit nazi o recitals amb les joventuts hitlerianes? Doncs aix\u00f2 va passar a Val\u00e8ncia, i tamb\u00e9 a Barcelona.<\/div>\n<div class=\"x_1921526486elementToProof\"><\/div>\n<div class=\"x_1921526486elementToProof\"><b>Passant a temes m\u00e9s art\u00edstics, qu\u00e8 li ha aportat Olga Alam\u00e1n com a actriu?<\/b><\/div>\n<div class=\"x_1921526486elementToProof\">Olga \u00e9s una actriu d&#8217;un talent extraordinari. Tamb\u00e9 \u00e9s guionista i directora. Una dona de cinema total. Jo la conec des de fa molts anys, per\u00f2 mai no havia pogut treballar com ella. Va ser un suggeriment de Chema Carde\u00f1a, qui em va ajudar amb el c\u00e0sting, i des del primer moment vaig tindre clar que Esperan\u00e7a havia de ser ella. Despr\u00e9s, en llegir ella el gui\u00f3, em va comentar que li tocava molt personalment perqu\u00e8 ella ve de fam\u00edlia de represaliats pel franquisme. Ha compost un personatge ple de dignitat, for\u00e7a i sensibilitat. No imagino la pel\u00b7l\u00edcula amb altra actriu. Ella, i la resta de l&#8217;elenc, s\u00f3n un exemple de l&#8217;enorme talent que tenim a la nostra terra.<\/div>\n<div class=\"x_1921526486elementToProof\"><\/div>\n<div class=\"x_1921526486elementToProof\"><b>Quin recorregut t\u00e9 la pel\u00b7l\u00edcula per festivals.<\/b><\/div>\n<div class=\"x_1921526486elementToProof\">El mateix motiu per rebutjar la pel\u00b7l\u00edcula que hem rebut de les distribu\u00efdores, l&#8217;hem rebut de molts festivals. La tem\u00e0tica&#8230; no tocava. Es veu que estan de moda altre tipus de produccions o de tem\u00e0tiques. Tot i aix\u00f2, hem rebut molt bona acollida de part de festivals de Catalunya, i \u00e9s Catalunya l&#8217;\u00fanic territori on tenim una distribu\u00efdora compromesa. Potser vol dir alguna cosa, no creus? Cadasc\u00fa que traga les seues conclusions. Pel que fa als festivals, v\u00e0rem estrenar al FICCAT, on ens donaren el premi del p\u00fablic, i hem estat tamb\u00e9 a la setmana de Cinema independent de Girona, amb una menci\u00f3 especial de jurat. Ara visitarem el CLAM de Maresa, el SOM de Lleida, el Festival del Maresme de Calella i el FRONT de Roquetes. Ja veus que a Catalunya ens feu m\u00e9s cas que a casa nostra.<\/div>\n<div class=\"x_1921526486elementToProof\"><\/div>\n<div class=\"x_1921526486elementToProof\"><b>I a Val\u00e8ncia i Barcelona quan s\u2019estrena?<\/b><\/div>\n<div class=\"x_1921526486elementToProof\">L&#8217;estrena comercial a Val\u00e8ncia ser\u00e0 el dia 7 de novembre als Lys, i estrenarem a Barcelona el dia 14 als cinemes Girona. La nostra idea \u00e9s fer estrenes consecutives per poder acompanyar la pel\u00b7l\u00edcula sempre que puguem perqu\u00e8 \u00e9s una hist\u00f2ria que, segons hem pogut comprovar, arriba molt a la gent i el p\u00fablic es queda amb ganes de comentar-la.<\/div>\n<div class=\"x_1921526486elementToProof\"><\/div>\n<div class=\"x_1921526486elementToProof\"><b>Sempre \u00e9s complicat, per\u00f2 quins projectes tens al cap, quina ser\u00e0 la teva pr\u00f2xima pel\u00b7l\u00edcula?<\/b><\/div>\n<div class=\"x_1921526486elementToProof\">Tinc un mili\u00f3 de projectes, per\u00f2 tamb\u00e9 un mili\u00f3 de dubtes i de problemes de poder tirar-los endavant. Com t&#8217;he dit abans, la meua intenci\u00f3 \u00e9s treballar des de Val\u00e8ncia per poder ajudar a construir una cinematografia valenciana, \u00e9s a dir, contar les nostres hist\u00f2ries, amb la nostra gent i en la nostra llengua. La meua aspiraci\u00f3 \u00e9s tamb\u00e9 el meu c\u00e0stig, perqu\u00e8 a la nostra terra voler treballar per la cultura i la llengua no est\u00e0 valorat, ans al contrari, est\u00e0 penat. Jo tinc projectes que conten la nostra hist\u00f2ria, la nostra terra i la nostra pol\u00edtica. Parlo d&#8217;hist\u00f2ria, de la llengua, de la repressi\u00f3 franquista o de la corrupci\u00f3 pol\u00edtica, tinc per a triar. Per\u00f2 s\u00e9, certament, que no tindr\u00e9 les ajudes o el suport necessari per a tirar-los endavant.<\/div>\n<div class=\"x_1921526486elementToProof\"><\/div>\n<div class=\"x_1921526486elementToProof\"><b>\u00c9s inevitable parlar amb vost\u00e8 de les agressions a la unitat de la llengua al Pa\u00eds Valenci\u00e0. En quin moment estem en aquest tema?<\/b><\/div>\n<div class=\"x_1921526486elementToProof\">Hi ha una dita valenciana que diu \u00abde fora vindran que de casa ens trauran\u00bb. Doncs eixa \u00e9s la sensaci\u00f3. L&#8217;energia desplegada contra la nostra llengua (contra el catal\u00e0 que parlem al Pa\u00eds Valenci\u00e0 i que nosaltres anomenem \u00abvalenci\u00e0\u00bb) \u00e9s tan forta que gaireb\u00e9 ens fa sentir forasters en la nostra pr\u00f2pia terra. No s&#8217;ataca nom\u00e9s la unitat de la llengua, sin\u00f3 el mateix \u00fas i coneixement de la llengua. Com a exemple, la televisi\u00f3 valenciana ha declarat, sense gens de vergonya, que a partir d&#8217;ara ja no doblaran s\u00e8ries ni pel\u00b7l\u00edcules al valenci\u00e0 i que donaran m\u00e9s espai al castell\u00e0 que al valenci\u00e0 en la programaci\u00f3 \u00abper motius d&#8217;audi\u00e8ncia\u00bb. Com diu un dels personatges de la pel\u00b7l\u00edcula&#8230; \u00abVolen un pa\u00eds d&#8217;analfabets\u00bb.<\/div>\n<h2><\/h2>\n<h2>El Maresme Film Festival aixeca el tel\u00f3 amb una inauguraci\u00f3 de cine per celebrar la seva 10a edici\u00f3<\/h2>\n<div>\n<p>El <b>Maresme Internacional Film Festival <\/b>celebra <b>deu anys de cinema, cultura i emocions <\/b>amb una <b>inauguraci\u00f3 espectacular <\/b>que transformar\u00e0 Calella en un aut\u00e8ntic plat\u00f3 de pel\u00b7l\u00edcula. El <b>dissabte 25 d\u2019octubre<\/b>, la ciutat viur\u00e0 una tarda i nit plenes d\u2019activitat, m\u00fasica, m\u00e0gia i cinema per donar el tret de sortida a una edici\u00f3 que promet ser <b>hist\u00f2rica<\/b>.<\/p>\n<p>La jornada comen\u00e7ar\u00e0 a les <b>17.00 h <\/b>amb una <b>cercavila tem\u00e0tica de <\/b><b><i>Harry Potter <\/i><\/b>que omplir\u00e0 els carrers de <b>m\u00e0gia i fantasia<\/b>, amb la col\u00b7laboraci\u00f3 especial de la <b>Colla de Geganters de Calella<\/b>. Com a fet destacable, <b>es vestir\u00e0 un dels gegants de Harry Potter <\/b>per encap\u00e7alar la cercavila. El recorregut anir\u00e0 de la <b>Sala Mozart <\/b>fins a la <b>Pla\u00e7a de l\u2019Ajuntament <\/b>i tornar\u00e0 a la Sala Mozart, en un trajecte ple d\u2019encant i esperit cinematogr\u00e0fic. Oberta a tothom que vulgui venir disfressat de l&#8217;univers Harry Potter i passar una bona estona.<\/p>\n<p><img decoding=\"async\" class=\"size-full wp-image-66989 aligncenter\" src=\"https:\/\/www.revistarambla.com\/wp-content\/uploads\/2025\/10\/Screenshot-2025-10-21-at-17-58-04-CFF25_cartell_print-CARTELL-DEL-MARESME-FILM-FESTIVAL-2025.pdf.jpg\" alt=\"Maresme Film Festival \" width=\"571\" height=\"800\" srcset=\"https:\/\/www.revistarambla.com\/wp-content\/uploads\/2025\/10\/Screenshot-2025-10-21-at-17-58-04-CFF25_cartell_print-CARTELL-DEL-MARESME-FILM-FESTIVAL-2025.pdf.jpg 571w, https:\/\/www.revistarambla.com\/wp-content\/uploads\/2025\/10\/Screenshot-2025-10-21-at-17-58-04-CFF25_cartell_print-CARTELL-DEL-MARESME-FILM-FESTIVAL-2025.pdf-261x365.jpg 261w, https:\/\/www.revistarambla.com\/wp-content\/uploads\/2025\/10\/Screenshot-2025-10-21-at-17-58-04-CFF25_cartell_print-CARTELL-DEL-MARESME-FILM-FESTIVAL-2025.pdf-9x12.jpg 9w\" sizes=\"(max-width: 571px) 100vw, 571px\" \/><\/p>\n<p>A les <b>18.30 h<\/b>, la Sala Mozart es convertir\u00e0 en un escenari ple d\u2019energia amb el <b>musical \u201cEl Poble Gris\u201d<\/b>, una producci\u00f3 vibrant del <b>CCR de Pineda <\/b>que combina m\u00fasica, dansa i emoci\u00f3 per recordar-nos el poder transformador de l\u2019art i la cultura.<\/p>\n<p>L\u2019acte central arribar\u00e0 a les <b>20.30 h<\/b>, amb la <b>Gala d\u2019Inauguraci\u00f3 de la 10a Edici\u00f3 del Maresme Film Festival<\/b>, un moment carregat d\u2019emoci\u00f3 i simbolisme que donar\u00e0 el tret de sortida oficial a aquesta edici\u00f3 tan especial. Una gala plena de sorpreses, homenatges i moments per recordar.<\/p>\n<p>Tot seguit, a les <b>21.00 h<\/b>, es projectar\u00e0 la pel\u00b7l\u00edcula <b>\u201cLa Invasi\u00f3 dels B\u00e0rbars\u201d que competeix en la categoria Creative Rosebud<\/b>. Comptarem amb la pres\u00e8ncia del director, Vicent Montson\u00eds, i el productor, Norbert Llar\u00e0s. El film ens trasllada a dues \u00e8poques paral\u00b7leles \u2014la Guerra Civil i l\u2019actualitat\u2014 per seguir la hist\u00f2ria d\u2019<b>Esperan\u00e7a, una jove conservadora del Museo del Prado interrogada per la desaparici\u00f3 d\u2019un quadre que un coronel vol confiscar<\/b>, i la de la seva neta <b>Aurora<\/b>, que vuitanta anys despr\u00e9s busca les seves despulles en una fossa del franquisme. Amb una posada en escena elegant i un relat que connecta passat i present, <i>La Invasi\u00f3 dels B\u00e0rbars <\/i>ens recorda que <b>els conflictes humans, tot i el pas del temps, sovint continuen sent els mateixos<\/b>.<\/p>\n<p>I per tancar aquesta jornada \u00fanica, a les <b>23.00 h <\/b>arribar\u00e0 la <b>gran Festa del 10\u00e8 Aniversari<\/b>, amb una <b>sessi\u00f3 DJ de bandes sonores <\/b>al <b>Legends Calella<\/b>. Una nit pensada per celebrar una d\u00e8cada de cinema amb ritme i passi\u00f3.<\/p>\n<p>Deu anys despr\u00e9s del seu naixement, el <b>Maresme Film Festival <\/b>consolida la seva aposta pel <b>talent, la creativitat i la passi\u00f3 pel cinema<\/b>, amb <b>Calella com a epicentre cultural <\/b>i el <b>Maresme com a territori cinematogr\u00e0fic de refer\u00e8ncia<\/b>.<\/p>\n<p><b>M\u00e0gia, m\u00fasica, cinema i festa&#8230; El Maresme Film Festival comen\u00e7a. I ho fa en gran.<\/b><\/p>\n<\/div>","protected":false},"excerpt":{"rendered":"<p>En una entrevista per a Revista Rambla, el director de cinema assegura que \u201ctreballar per la cultura i la llengua no est\u00e0 valorat, est\u00e0 penat\u201d<\/p>","protected":false},"author":33,"featured_media":66986,"comment_status":"closed","ping_status":"closed","sticky":false,"template":"","format":"standard","meta":{"footnotes":""},"categories":[61],"tags":[],"class_list":["post-66985","post","type-post","status-publish","format-standard","has-post-thumbnail","hentry","category-cine"],"yoast_head":"<!-- This site is optimized with the Yoast SEO plugin v27.5 - https:\/\/yoast.com\/product\/yoast-seo-wordpress\/ -->\n<title>Vicent Monson\u00eds: &quot;El jovent que diu que amb Franco es vivia millor no sap del que parla&quot; - Revista Rambla<\/title>\n<meta name=\"robots\" content=\"index, follow, max-snippet:-1, max-image-preview:large, max-video-preview:-1\" \/>\n<link rel=\"canonical\" href=\"https:\/\/www.revistarambla.com\/en\/vicent-monsonis-el-jovent-que-diu-que-amb-franco-es-vivia-millor-no-sap-del-que-parla\/\" \/>\n<meta property=\"og:locale\" content=\"en_GB\" \/>\n<meta property=\"og:type\" content=\"article\" \/>\n<meta property=\"og:title\" content=\"Vicent Monson\u00eds: &quot;El jovent que diu que amb Franco es vivia millor no sap del que parla&quot; - Revista Rambla\" \/>\n<meta property=\"og:description\" content=\"En una entrevista per a Revista Rambla, el director de cinema assegura que \u201ctreballar per la cultura i la llengua no est\u00e0 valorat, est\u00e0 penat\u201d\" \/>\n<meta property=\"og:url\" content=\"https:\/\/www.revistarambla.com\/en\/vicent-monsonis-el-jovent-que-diu-que-amb-franco-es-vivia-millor-no-sap-del-que-parla\/\" \/>\n<meta property=\"og:site_name\" content=\"Revista Rambla\" \/>\n<meta property=\"article:publisher\" content=\"https:\/\/www.facebook.com\/revistarambla\/\" \/>\n<meta property=\"article:published_time\" content=\"2025-10-21T15:57:14+00:00\" \/>\n<meta property=\"article:modified_time\" content=\"2025-10-23T15:54:16+00:00\" \/>\n<meta property=\"og:image\" content=\"https:\/\/www.revistarambla.com\/wp-content\/uploads\/2025\/10\/VICENT_MONSONIS.jpg\" \/>\n\t<meta property=\"og:image:width\" content=\"1920\" \/>\n\t<meta property=\"og:image:height\" content=\"1440\" \/>\n\t<meta property=\"og:image:type\" content=\"image\/jpeg\" \/>\n<meta name=\"author\" content=\"\u00c0lex M. Franquet\" \/>\n<meta name=\"twitter:card\" content=\"summary_large_image\" \/>\n<meta name=\"twitter:creator\" content=\"@revistarambla\" \/>\n<meta name=\"twitter:site\" content=\"@revistarambla\" \/>\n<meta name=\"twitter:label1\" content=\"Written by\" \/>\n\t<meta name=\"twitter:data1\" content=\"\u00c0lex M. Franquet\" \/>\n\t<meta name=\"twitter:label2\" content=\"Estimated reading time\" \/>\n\t<meta name=\"twitter:data2\" content=\"11 minutes\" \/>\n<script type=\"application\/ld+json\" class=\"yoast-schema-graph\">{\"@context\":\"https:\\\/\\\/schema.org\",\"@graph\":[{\"@type\":\"Article\",\"@id\":\"https:\\\/\\\/www.revistarambla.com\\\/vicent-monsonis-el-jovent-que-diu-que-amb-franco-es-vivia-millor-no-sap-del-que-parla\\\/#article\",\"isPartOf\":{\"@id\":\"https:\\\/\\\/www.revistarambla.com\\\/vicent-monsonis-el-jovent-que-diu-que-amb-franco-es-vivia-millor-no-sap-del-que-parla\\\/\"},\"author\":{\"name\":\"\u00c0lex M. Franquet\",\"@id\":\"https:\\\/\\\/www.revistarambla.com\\\/#\\\/schema\\\/person\\\/f970e20c8f452a7910eb4defa5fe7d7d\"},\"headline\":\"Vicent Monson\u00eds: \u00abEl jovent que diu que amb Franco es vivia millor no sap del que parla\u00bb\",\"datePublished\":\"2025-10-21T15:57:14+00:00\",\"dateModified\":\"2025-10-23T15:54:16+00:00\",\"mainEntityOfPage\":{\"@id\":\"https:\\\/\\\/www.revistarambla.com\\\/vicent-monsonis-el-jovent-que-diu-que-amb-franco-es-vivia-millor-no-sap-del-que-parla\\\/\"},\"wordCount\":2390,\"publisher\":{\"@id\":\"https:\\\/\\\/www.revistarambla.com\\\/#organization\"},\"image\":{\"@id\":\"https:\\\/\\\/www.revistarambla.com\\\/vicent-monsonis-el-jovent-que-diu-que-amb-franco-es-vivia-millor-no-sap-del-que-parla\\\/#primaryimage\"},\"thumbnailUrl\":\"https:\\\/\\\/www.revistarambla.com\\\/wp-content\\\/uploads\\\/2025\\\/10\\\/VICENT_MONSONIS.jpg\",\"articleSection\":[\"Cine &amp; Series\"],\"inLanguage\":\"en-GB\"},{\"@type\":\"WebPage\",\"@id\":\"https:\\\/\\\/www.revistarambla.com\\\/vicent-monsonis-el-jovent-que-diu-que-amb-franco-es-vivia-millor-no-sap-del-que-parla\\\/\",\"url\":\"https:\\\/\\\/www.revistarambla.com\\\/vicent-monsonis-el-jovent-que-diu-que-amb-franco-es-vivia-millor-no-sap-del-que-parla\\\/\",\"name\":\"Vicent Monson\u00eds: \\\"El jovent que diu que amb Franco es vivia millor no sap del que parla\\\" - Revista Rambla\",\"isPartOf\":{\"@id\":\"https:\\\/\\\/www.revistarambla.com\\\/#website\"},\"primaryImageOfPage\":{\"@id\":\"https:\\\/\\\/www.revistarambla.com\\\/vicent-monsonis-el-jovent-que-diu-que-amb-franco-es-vivia-millor-no-sap-del-que-parla\\\/#primaryimage\"},\"image\":{\"@id\":\"https:\\\/\\\/www.revistarambla.com\\\/vicent-monsonis-el-jovent-que-diu-que-amb-franco-es-vivia-millor-no-sap-del-que-parla\\\/#primaryimage\"},\"thumbnailUrl\":\"https:\\\/\\\/www.revistarambla.com\\\/wp-content\\\/uploads\\\/2025\\\/10\\\/VICENT_MONSONIS.jpg\",\"datePublished\":\"2025-10-21T15:57:14+00:00\",\"dateModified\":\"2025-10-23T15:54:16+00:00\",\"breadcrumb\":{\"@id\":\"https:\\\/\\\/www.revistarambla.com\\\/vicent-monsonis-el-jovent-que-diu-que-amb-franco-es-vivia-millor-no-sap-del-que-parla\\\/#breadcrumb\"},\"inLanguage\":\"en-GB\",\"potentialAction\":[{\"@type\":\"ReadAction\",\"target\":[\"https:\\\/\\\/www.revistarambla.com\\\/vicent-monsonis-el-jovent-que-diu-que-amb-franco-es-vivia-millor-no-sap-del-que-parla\\\/\"]}]},{\"@type\":\"ImageObject\",\"inLanguage\":\"en-GB\",\"@id\":\"https:\\\/\\\/www.revistarambla.com\\\/vicent-monsonis-el-jovent-que-diu-que-amb-franco-es-vivia-millor-no-sap-del-que-parla\\\/#primaryimage\",\"url\":\"https:\\\/\\\/www.revistarambla.com\\\/wp-content\\\/uploads\\\/2025\\\/10\\\/VICENT_MONSONIS.jpg\",\"contentUrl\":\"https:\\\/\\\/www.revistarambla.com\\\/wp-content\\\/uploads\\\/2025\\\/10\\\/VICENT_MONSONIS.jpg\",\"width\":1920,\"height\":1440,\"caption\":\"Vicent Monson\u00eds\"},{\"@type\":\"BreadcrumbList\",\"@id\":\"https:\\\/\\\/www.revistarambla.com\\\/vicent-monsonis-el-jovent-que-diu-que-amb-franco-es-vivia-millor-no-sap-del-que-parla\\\/#breadcrumb\",\"itemListElement\":[{\"@type\":\"ListItem\",\"position\":1,\"name\":\"Portada\",\"item\":\"https:\\\/\\\/www.revistarambla.com\\\/\"},{\"@type\":\"ListItem\",\"position\":2,\"name\":\"Vicent Monson\u00eds: \u00abEl jovent que diu que amb Franco es vivia millor no sap del que parla\u00bb\"}]},{\"@type\":\"WebSite\",\"@id\":\"https:\\\/\\\/www.revistarambla.com\\\/#website\",\"url\":\"https:\\\/\\\/www.revistarambla.com\\\/\",\"name\":\"Revista Rambla Barcelona\",\"description\":\"Periodismo independiente\",\"publisher\":{\"@id\":\"https:\\\/\\\/www.revistarambla.com\\\/#organization\"},\"potentialAction\":[{\"@type\":\"SearchAction\",\"target\":{\"@type\":\"EntryPoint\",\"urlTemplate\":\"https:\\\/\\\/www.revistarambla.com\\\/?s={search_term_string}\"},\"query-input\":{\"@type\":\"PropertyValueSpecification\",\"valueRequired\":true,\"valueName\":\"search_term_string\"}}],\"inLanguage\":\"en-GB\"},{\"@type\":\"Organization\",\"@id\":\"https:\\\/\\\/www.revistarambla.com\\\/#organization\",\"name\":\"Revista Rambla\",\"url\":\"https:\\\/\\\/www.revistarambla.com\\\/\",\"logo\":{\"@type\":\"ImageObject\",\"inLanguage\":\"en-GB\",\"@id\":\"https:\\\/\\\/www.revistarambla.com\\\/#\\\/schema\\\/logo\\\/image\\\/\",\"url\":\"https:\\\/\\\/www.revistarambla.com\\\/wp-content\\\/uploads\\\/2020\\\/09\\\/banner_rambla_1900x600_BB.png\",\"contentUrl\":\"https:\\\/\\\/www.revistarambla.com\\\/wp-content\\\/uploads\\\/2020\\\/09\\\/banner_rambla_1900x600_BB.png\",\"width\":1900,\"height\":600,\"caption\":\"Revista Rambla\"},\"image\":{\"@id\":\"https:\\\/\\\/www.revistarambla.com\\\/#\\\/schema\\\/logo\\\/image\\\/\"},\"sameAs\":[\"https:\\\/\\\/www.facebook.com\\\/revistarambla\\\/\",\"https:\\\/\\\/x.com\\\/revistarambla\",\"https:\\\/\\\/www.instagram.com\\\/revista_rambla\",\"https:\\\/\\\/es.linkedin.com\\\/company\\\/revista-rambla\"]},{\"@type\":\"Person\",\"@id\":\"https:\\\/\\\/www.revistarambla.com\\\/#\\\/schema\\\/person\\\/f970e20c8f452a7910eb4defa5fe7d7d\",\"name\":\"\u00c0lex M. Franquet\",\"description\":\"-\",\"sameAs\":[\"https:\\\/\\\/www.revistarambla.com\\\/\"]}]}<\/script>\n<!-- \/ Yoast SEO plugin. -->","yoast_head_json":{"title":"Vicent Monson\u00eds: \"El jovent que diu que amb Franco es vivia millor no sap del que parla\" - Revista Rambla","robots":{"index":"index","follow":"follow","max-snippet":"max-snippet:-1","max-image-preview":"max-image-preview:large","max-video-preview":"max-video-preview:-1"},"canonical":"https:\/\/www.revistarambla.com\/en\/vicent-monsonis-el-jovent-que-diu-que-amb-franco-es-vivia-millor-no-sap-del-que-parla\/","og_locale":"en_GB","og_type":"article","og_title":"Vicent Monson\u00eds: \"El jovent que diu que amb Franco es vivia millor no sap del que parla\" - Revista Rambla","og_description":"En una entrevista per a Revista Rambla, el director de cinema assegura que \u201ctreballar per la cultura i la llengua no est\u00e0 valorat, est\u00e0 penat\u201d","og_url":"https:\/\/www.revistarambla.com\/en\/vicent-monsonis-el-jovent-que-diu-que-amb-franco-es-vivia-millor-no-sap-del-que-parla\/","og_site_name":"Revista Rambla","article_publisher":"https:\/\/www.facebook.com\/revistarambla\/","article_published_time":"2025-10-21T15:57:14+00:00","article_modified_time":"2025-10-23T15:54:16+00:00","og_image":[{"width":1920,"height":1440,"url":"https:\/\/www.revistarambla.com\/wp-content\/uploads\/2025\/10\/VICENT_MONSONIS.jpg","type":"image\/jpeg"}],"author":"\u00c0lex M. Franquet","twitter_card":"summary_large_image","twitter_creator":"@revistarambla","twitter_site":"@revistarambla","twitter_misc":{"Written by":"\u00c0lex M. Franquet","Estimated reading time":"11 minutes"},"schema":{"@context":"https:\/\/schema.org","@graph":[{"@type":"Article","@id":"https:\/\/www.revistarambla.com\/vicent-monsonis-el-jovent-que-diu-que-amb-franco-es-vivia-millor-no-sap-del-que-parla\/#article","isPartOf":{"@id":"https:\/\/www.revistarambla.com\/vicent-monsonis-el-jovent-que-diu-que-amb-franco-es-vivia-millor-no-sap-del-que-parla\/"},"author":{"name":"\u00c0lex M. Franquet","@id":"https:\/\/www.revistarambla.com\/#\/schema\/person\/f970e20c8f452a7910eb4defa5fe7d7d"},"headline":"Vicent Monson\u00eds: \u00abEl jovent que diu que amb Franco es vivia millor no sap del que parla\u00bb","datePublished":"2025-10-21T15:57:14+00:00","dateModified":"2025-10-23T15:54:16+00:00","mainEntityOfPage":{"@id":"https:\/\/www.revistarambla.com\/vicent-monsonis-el-jovent-que-diu-que-amb-franco-es-vivia-millor-no-sap-del-que-parla\/"},"wordCount":2390,"publisher":{"@id":"https:\/\/www.revistarambla.com\/#organization"},"image":{"@id":"https:\/\/www.revistarambla.com\/vicent-monsonis-el-jovent-que-diu-que-amb-franco-es-vivia-millor-no-sap-del-que-parla\/#primaryimage"},"thumbnailUrl":"https:\/\/www.revistarambla.com\/wp-content\/uploads\/2025\/10\/VICENT_MONSONIS.jpg","articleSection":["Cine &amp; Series"],"inLanguage":"en-GB"},{"@type":"WebPage","@id":"https:\/\/www.revistarambla.com\/vicent-monsonis-el-jovent-que-diu-que-amb-franco-es-vivia-millor-no-sap-del-que-parla\/","url":"https:\/\/www.revistarambla.com\/vicent-monsonis-el-jovent-que-diu-que-amb-franco-es-vivia-millor-no-sap-del-que-parla\/","name":"Vicent Monson\u00eds: \"El jovent que diu que amb Franco es vivia millor no sap del que parla\" - Revista Rambla","isPartOf":{"@id":"https:\/\/www.revistarambla.com\/#website"},"primaryImageOfPage":{"@id":"https:\/\/www.revistarambla.com\/vicent-monsonis-el-jovent-que-diu-que-amb-franco-es-vivia-millor-no-sap-del-que-parla\/#primaryimage"},"image":{"@id":"https:\/\/www.revistarambla.com\/vicent-monsonis-el-jovent-que-diu-que-amb-franco-es-vivia-millor-no-sap-del-que-parla\/#primaryimage"},"thumbnailUrl":"https:\/\/www.revistarambla.com\/wp-content\/uploads\/2025\/10\/VICENT_MONSONIS.jpg","datePublished":"2025-10-21T15:57:14+00:00","dateModified":"2025-10-23T15:54:16+00:00","breadcrumb":{"@id":"https:\/\/www.revistarambla.com\/vicent-monsonis-el-jovent-que-diu-que-amb-franco-es-vivia-millor-no-sap-del-que-parla\/#breadcrumb"},"inLanguage":"en-GB","potentialAction":[{"@type":"ReadAction","target":["https:\/\/www.revistarambla.com\/vicent-monsonis-el-jovent-que-diu-que-amb-franco-es-vivia-millor-no-sap-del-que-parla\/"]}]},{"@type":"ImageObject","inLanguage":"en-GB","@id":"https:\/\/www.revistarambla.com\/vicent-monsonis-el-jovent-que-diu-que-amb-franco-es-vivia-millor-no-sap-del-que-parla\/#primaryimage","url":"https:\/\/www.revistarambla.com\/wp-content\/uploads\/2025\/10\/VICENT_MONSONIS.jpg","contentUrl":"https:\/\/www.revistarambla.com\/wp-content\/uploads\/2025\/10\/VICENT_MONSONIS.jpg","width":1920,"height":1440,"caption":"Vicent Monson\u00eds"},{"@type":"BreadcrumbList","@id":"https:\/\/www.revistarambla.com\/vicent-monsonis-el-jovent-que-diu-que-amb-franco-es-vivia-millor-no-sap-del-que-parla\/#breadcrumb","itemListElement":[{"@type":"ListItem","position":1,"name":"Portada","item":"https:\/\/www.revistarambla.com\/"},{"@type":"ListItem","position":2,"name":"Vicent Monson\u00eds: \u00abEl jovent que diu que amb Franco es vivia millor no sap del que parla\u00bb"}]},{"@type":"WebSite","@id":"https:\/\/www.revistarambla.com\/#website","url":"https:\/\/www.revistarambla.com\/","name":"Revista Rambla Barcelona","description":"Periodismo independiente","publisher":{"@id":"https:\/\/www.revistarambla.com\/#organization"},"potentialAction":[{"@type":"SearchAction","target":{"@type":"EntryPoint","urlTemplate":"https:\/\/www.revistarambla.com\/?s={search_term_string}"},"query-input":{"@type":"PropertyValueSpecification","valueRequired":true,"valueName":"search_term_string"}}],"inLanguage":"en-GB"},{"@type":"Organization","@id":"https:\/\/www.revistarambla.com\/#organization","name":"Revista Rambla","url":"https:\/\/www.revistarambla.com\/","logo":{"@type":"ImageObject","inLanguage":"en-GB","@id":"https:\/\/www.revistarambla.com\/#\/schema\/logo\/image\/","url":"https:\/\/www.revistarambla.com\/wp-content\/uploads\/2020\/09\/banner_rambla_1900x600_BB.png","contentUrl":"https:\/\/www.revistarambla.com\/wp-content\/uploads\/2020\/09\/banner_rambla_1900x600_BB.png","width":1900,"height":600,"caption":"Revista Rambla"},"image":{"@id":"https:\/\/www.revistarambla.com\/#\/schema\/logo\/image\/"},"sameAs":["https:\/\/www.facebook.com\/revistarambla\/","https:\/\/x.com\/revistarambla","https:\/\/www.instagram.com\/revista_rambla","https:\/\/es.linkedin.com\/company\/revista-rambla"]},{"@type":"Person","@id":"https:\/\/www.revistarambla.com\/#\/schema\/person\/f970e20c8f452a7910eb4defa5fe7d7d","name":"\u00c0lex M. Franquet","description":"-","sameAs":["https:\/\/www.revistarambla.com\/"]}]}},"_links":{"self":[{"href":"https:\/\/www.revistarambla.com\/en\/wp-json\/wp\/v2\/posts\/66985","targetHints":{"allow":["GET"]}}],"collection":[{"href":"https:\/\/www.revistarambla.com\/en\/wp-json\/wp\/v2\/posts"}],"about":[{"href":"https:\/\/www.revistarambla.com\/en\/wp-json\/wp\/v2\/types\/post"}],"author":[{"embeddable":true,"href":"https:\/\/www.revistarambla.com\/en\/wp-json\/wp\/v2\/users\/33"}],"replies":[{"embeddable":true,"href":"https:\/\/www.revistarambla.com\/en\/wp-json\/wp\/v2\/comments?post=66985"}],"version-history":[{"count":4,"href":"https:\/\/www.revistarambla.com\/en\/wp-json\/wp\/v2\/posts\/66985\/revisions"}],"predecessor-version":[{"id":66991,"href":"https:\/\/www.revistarambla.com\/en\/wp-json\/wp\/v2\/posts\/66985\/revisions\/66991"}],"wp:featuredmedia":[{"embeddable":true,"href":"https:\/\/www.revistarambla.com\/en\/wp-json\/wp\/v2\/media\/66986"}],"wp:attachment":[{"href":"https:\/\/www.revistarambla.com\/en\/wp-json\/wp\/v2\/media?parent=66985"}],"wp:term":[{"taxonomy":"category","embeddable":true,"href":"https:\/\/www.revistarambla.com\/en\/wp-json\/wp\/v2\/categories?post=66985"},{"taxonomy":"post_tag","embeddable":true,"href":"https:\/\/www.revistarambla.com\/en\/wp-json\/wp\/v2\/tags?post=66985"}],"curies":[{"name":"wp","href":"https:\/\/api.w.org\/{rel}","templated":true}]}}