{"id":66971,"date":"2025-10-19T20:19:30","date_gmt":"2025-10-19T18:19:30","guid":{"rendered":"https:\/\/www.revistarambla.com\/?p=66971"},"modified":"2025-10-19T20:19:30","modified_gmt":"2025-10-19T18:19:30","slug":"el-taxi-de-barcelona-en-pie-de-guerra-por-el-acuerdo-uber-barca","status":"publish","type":"post","link":"https:\/\/www.revistarambla.com\/en\/el-taxi-de-barcelona-en-pie-de-guerra-por-el-acuerdo-uber-barca\/","title":{"rendered":"El taxi de Barcelona en pie de guerra por el acuerdo Uber-Bar\u00e7a"},"content":{"rendered":"<p>En un giro que fusiona el mundo del f\u00fatbol con las batallas urbanas por la movilidad, el sector del taxi en Barcelona ha declarado la guerra abierta al FC Barcelona <!--more-->tras el anuncio de un inminente acuerdo de patrocinio con Uber. Elite Taxi, la principal asociaci\u00f3n de taxistas de la ciudad, ha convocado un paro total del servicio para el pr\u00f3ximo martes, coincidiendo con el crucial partido de la Liga de Campeones entre el Bar\u00e7a y el Olympiacos. Esta protesta no solo amenaza con paralizar el transporte p\u00fablico en la capital catalana, sino que tambi\u00e9n podr\u00eda colapsar los accesos a dos iconos deportivos: el Camp Nou y el Estadi Ol\u00edmpic de Montju\u00efc. En un contexto de tensiones hist\u00f3ricas entre los taxistas tradicionales y las plataformas de VTC (Veh\u00edculos de Transporte con Conductor), este episodio resalta las fricciones entre el progreso comercial de un club legendario y las demandas de un sector que se siente amenazado por la globalizaci\u00f3n del transporte.<\/p>\n<p>El anuncio del acuerdo entre el FC Barcelona y Uber ha ca\u00eddo como una bomba en el ecosistema urbano de Barcelona. Seg\u00fan fuentes del club, el pacto se presentar\u00e1 oficialmente el mi\u00e9rcoles 22 de octubre en la sala comercial del Spotify Camp Nou, con la participaci\u00f3n del joven defensa Pau Cubars\u00ed \u2013quien ya ha sido visto utilizando servicios de Uber para sus desplazamientos antes de obtener su carnet de conducir\u2013, el director general del Bar\u00e7a, Manel del R\u00edo, y Felipe Fern\u00e1ndez Aramburu, director general de Uber Iberia. Este nuevo patrocinio posiciona a Uber como \u00abpartner oficial de movilidad\u00bb del club blaugrana, sum\u00e1ndose a una serie de acuerdos recientes que buscan inyectar liquidez a las arcas del Bar\u00e7a, como los firmados con Midea (por unos 12 millones de euros anuales), la Rep\u00fablica Democr\u00e1tica del Congo (40 millones hasta 2029) y la renovaci\u00f3n con Spotify, que podr\u00eda generar hasta 460 millones de euros entre 2026 y 2034.<\/p>\n<p>Para el FC Barcelona, este acuerdo representa un paso m\u00e1s en su estrategia de recuperaci\u00f3n financiera tras a\u00f1os de turbulencias econ\u00f3micas. Bajo la presidencia de Joan Laporta, el club ha priorizado alianzas globales para estabilizar sus finanzas, atrayendo a marcas internacionales que ven en el Bar\u00e7a una plataforma de visibilidad masiva. Uber, con su presencia en m\u00e1s de 10.000 ciudades alrededor del mundo, ve en esta asociaci\u00f3n una oportunidad para consolidar su imagen en Espa\u00f1a, donde ha enfrentado regulaciones estrictas y controversias laborales. Sin embargo, lo que para el club es un triunfo comercial, para los taxistas es una \u00abtraici\u00f3n\u00bb que atenta contra el equilibrio del transporte p\u00fablico en Barcelona.<\/p>\n<p>Elite Taxi no ha tardado en reaccionar. En un comunicado emitido este s\u00e1bado, la asociaci\u00f3n ha convocado a todos los taxistas a un paro total del servicio desde las 17:00 hasta las 22:00 horas del martes 21 de octubre. Durante este per\u00edodo, no habr\u00e1 taxis disponibles en ninguna parte de la ciudad, lo que podr\u00eda afectar a miles de usuarios, especialmente a aquellos que planeen asistir al partido de Champions en el Estadi Ol\u00edmpic. La protesta se estructurar\u00e1 en dos \u00abcolumnas\u00bb de veh\u00edculos: una avanzar\u00e1 hacia las oficinas del FC Barcelona en la Travessera de Les Corts, con el objetivo de colapsar los accesos al Camp Nou, mientras que la otra se dirigir\u00e1 al Estadi Ol\u00edmpic de Montju\u00efc para rodear completamente el estadio en se\u00f1al de repudio. Adem\u00e1s, se desplegar\u00e1n piquetes informativos en puntos clave como las dos terminales del Aeropuerto de El Prat y la Estaci\u00f3n de Sants, donde los taxistas explicar\u00e1n a los viajeros las razones de su movilizaci\u00f3n y denunciar\u00e1n el acuerdo como un \u00abataque directo a la legalidad y a los derechos laborales\u00bb.<\/p>\n<p>Tito \u00c1lvarez, portavoz de Elite Taxi y figura emblem\u00e1tica del sector, ha sido tajante en sus declaraciones. \u00abEs una verg\u00fcenza que el Bar\u00e7a haga un acuerdo con carteristas\u00bb, ha afirmado, reconociendo su devoci\u00f3n personal por el club \u2013incluso lleva el escudo tatuado\u2013 pero lamentando que esta decisi\u00f3n genere un \u00abconflicto social\u00bb innecesario. \u00c1lvarez ha revelado que la asociaci\u00f3n hab\u00eda propuesto previamente al Bar\u00e7a una colaboraci\u00f3n para mejorar la movilidad de los aficionados en los d\u00edas de partido, oferta que no recibi\u00f3 respuesta. En cambio, el club opt\u00f3 por aliarse con Uber, una empresa que, seg\u00fan los taxistas, \u00ablleva a\u00f1os actuando fuera de la ley, explotando trabajadores y atacando el transporte p\u00fablico de la ciudad\u00bb. Esta percepci\u00f3n no es nueva: desde la irrupci\u00f3n de Uber en Espa\u00f1a en 2014, el sector del taxi ha liderado protestas masivas, huelgas y demandas judiciales contra las plataformas VTC, argumentando que operan con ventajas competitivas desleales, como licencias m\u00e1s flexibles y condiciones laborales precarias.<\/p>\n<p>El contexto hist\u00f3rico de este conflicto es crucial para entender la magnitud de la protesta. Barcelona ha sido un epicentro de la lucha contra las VTC en Europa. En 2018, una huelga indefinida de taxistas paraliz\u00f3 la ciudad durante d\u00edas, obligando al Govern de Catalunya a aprobar el Decreto Ley 4\/2019, que impone restricciones como la precontrataci\u00f3n con al menos 15 minutos de antelaci\u00f3n y l\u00edmites en el n\u00famero de licencias VTC. A pesar de estas medidas, Uber y similares han seguido expandi\u00e9ndose, generando tensiones continuas. En 2023, por ejemplo, Elite Taxi organiz\u00f3 manifestaciones contra la supuesta invasi\u00f3n de VTC ilegales, y en 2024, se intensificaron las denuncias por explotaci\u00f3n laboral en plataformas como Uber, donde conductores reportan jornadas extenuantes y salarios por debajo del m\u00ednimo interprofesional. Para los taxistas, el acuerdo con el Bar\u00e7a no es solo un patrocinio: es una validaci\u00f3n institucional a un modelo que amenaza su supervivencia, afectando a m\u00e1s de 10.000 licencias de taxi en el \u00c1rea Metropolitana de Barcelona.<\/p>\n<p>El impacto de esta protesta podr\u00eda ser significativo. El partido contra el Olympiacos, programado para las 21:00 horas en el Estadi Ol\u00edmpic, atraer\u00e1 a decenas de miles de aficionados, muchos de los cuales dependen del taxi para llegar al estadio, especialmente desde el aeropuerto o el centro de la ciudad. Con el paro en vigor, se prev\u00e9 un caos vial en las avenidas principales como la Gran Via de les Corts Catalanes y la Ronda del Litoral, exacerbado por las \u00abcolumnas\u00bb de taxis que bloquear\u00e1n los accesos. Las autoridades municipales, incluyendo el Ayuntamiento de Barcelona y la Guardia Urbana, ya han sido alertadas y podr\u00edan desplegar medidas extraordinarias para gestionar el tr\u00e1fico, aunque fuentes consultadas indican que no se descarta una intervenci\u00f3n para evitar altercados. Adem\u00e1s, el paro afectar\u00e1 al turismo, un pilar econ\u00f3mico de la ciudad, justo en una semana con alta afluencia por eventos deportivos y culturales.<\/p>\n<p>Desde el FC Barcelona, por el momento, no ha habido una respuesta oficial a la convocatoria de Elite Taxi. El club se ha limitado a confirmar el acto de presentaci\u00f3n del acuerdo, enfatizando su compromiso con la innovaci\u00f3n en movilidad sostenible. Uber, por su parte, ha defendido el patrocinio como una oportunidad para \u00abmejorar la experiencia de los fans\u00bb mediante servicios integrados, aunque no ha comentado directamente las protestas. Analistas econ\u00f3micos se\u00f1alan que este tipo de alianzas son vitales para el Bar\u00e7a, que a\u00fan arrastra deudas superiores a los 1.000 millones de euros, pero advierten que el boicot podr\u00eda da\u00f1ar la imagen del club entre su base local de seguidores.<\/p>\n<p>Esta no es la primera vez que un acuerdo comercial del Bar\u00e7a genera controversia. En el pasado, patrocinios con empresas como Qatar Airways o Beko han sido criticados por cuestiones \u00e9ticas o pol\u00edticas. Ahora, el foco est\u00e1 en Uber, una multinacional valorada en m\u00e1s de 150.000 millones de d\u00f3lares, pero con un historial de litigios globales por evasi\u00f3n fiscal y precariedad laboral. Para Elite Taxi, la protesta del martes es solo el inicio: han amenazado con acciones en todos los partidos de Liga y Champions hasta que Laporta \u00abreconsidere\u00bb el pacto.<\/p>\n<p>En \u00faltima instancia, este episodio refleja las tensiones m\u00e1s amplias en Barcelona entre tradici\u00f3n y modernidad. Una ciudad que se enorgullece de su modelo de transporte p\u00fablico inclusivo ve c\u00f3mo el f\u00fatbol, su mayor embajador cultural, se alinea con fuerzas disruptivas. Mientras los taxistas preparan sus columnas para colapsar las calles, los aficionados al Bar\u00e7a se enfrentan a un dilema: apoyar a su equipo o solidarizarse con un sector que forma parte del tejido social de la ciudad. El martes, las calles alrededor del Camp Nou y Montju\u00efc no solo ser\u00e1n testigo de un partido europeo, sino de una batalla por el futuro de la movilidad urbana.<\/p>","protected":false},"excerpt":{"rendered":"<p>Elite Taxi Convoca un Paro Masivo<\/p>","protected":false},"author":3,"featured_media":42229,"comment_status":"closed","ping_status":"closed","sticky":false,"template":"","format":"standard","meta":{"footnotes":""},"categories":[76],"tags":[],"class_list":["post-66971","post","type-post","status-publish","format-standard","has-post-thumbnail","hentry","category-barcelona"],"yoast_head":"<!-- This site is optimized with the Yoast SEO plugin v27.5 - https:\/\/yoast.com\/product\/yoast-seo-wordpress\/ -->\n<title>El taxi de Barcelona en pie de guerra por el acuerdo Uber-Bar\u00e7a - Revista Rambla<\/title>\n<meta name=\"robots\" content=\"index, follow, max-snippet:-1, max-image-preview:large, max-video-preview:-1\" \/>\n<link rel=\"canonical\" href=\"https:\/\/www.revistarambla.com\/en\/el-taxi-de-barcelona-en-pie-de-guerra-por-el-acuerdo-uber-barca\/\" \/>\n<meta property=\"og:locale\" content=\"en_GB\" \/>\n<meta property=\"og:type\" content=\"article\" \/>\n<meta property=\"og:title\" content=\"El taxi de Barcelona en pie de guerra por el acuerdo Uber-Bar\u00e7a - Revista Rambla\" \/>\n<meta property=\"og:description\" content=\"Elite Taxi Convoca un Paro Masivo\" \/>\n<meta property=\"og:url\" content=\"https:\/\/www.revistarambla.com\/en\/el-taxi-de-barcelona-en-pie-de-guerra-por-el-acuerdo-uber-barca\/\" \/>\n<meta property=\"og:site_name\" content=\"Revista Rambla\" \/>\n<meta property=\"article:publisher\" content=\"https:\/\/www.facebook.com\/revistarambla\/\" \/>\n<meta property=\"article:author\" content=\"https:\/\/www.facebook.com\/revistarambla\" \/>\n<meta property=\"article:published_time\" content=\"2025-10-19T18:19:30+00:00\" \/>\n<meta property=\"og:image\" content=\"https:\/\/www.revistarambla.com\/wp-content\/uploads\/2022\/05\/taxi-barcelona-protesta.jpg\" \/>\n\t<meta property=\"og:image:width\" content=\"1024\" \/>\n\t<meta property=\"og:image:height\" content=\"768\" \/>\n\t<meta property=\"og:image:type\" content=\"image\/jpeg\" \/>\n<meta name=\"author\" content=\"R@mbla\" \/>\n<meta name=\"twitter:card\" content=\"summary_large_image\" \/>\n<meta name=\"twitter:creator\" content=\"@revistarambla\" \/>\n<meta name=\"twitter:site\" content=\"@revistarambla\" \/>\n<meta name=\"twitter:label1\" content=\"Written by\" \/>\n\t<meta name=\"twitter:data1\" content=\"R@mbla\" \/>\n\t<meta name=\"twitter:label2\" content=\"Estimated reading time\" \/>\n\t<meta name=\"twitter:data2\" content=\"7 minutes\" \/>\n<script type=\"application\/ld+json\" class=\"yoast-schema-graph\">{\"@context\":\"https:\\\/\\\/schema.org\",\"@graph\":[{\"@type\":\"Article\",\"@id\":\"https:\\\/\\\/www.revistarambla.com\\\/el-taxi-de-barcelona-en-pie-de-guerra-por-el-acuerdo-uber-barca\\\/#article\",\"isPartOf\":{\"@id\":\"https:\\\/\\\/www.revistarambla.com\\\/el-taxi-de-barcelona-en-pie-de-guerra-por-el-acuerdo-uber-barca\\\/\"},\"author\":{\"name\":\"R@mbla\",\"@id\":\"https:\\\/\\\/www.revistarambla.com\\\/#\\\/schema\\\/person\\\/a146a5a2550b94981a75131180e1bd9c\"},\"headline\":\"El taxi de Barcelona en pie de guerra por el acuerdo Uber-Bar\u00e7a\",\"datePublished\":\"2025-10-19T18:19:30+00:00\",\"mainEntityOfPage\":{\"@id\":\"https:\\\/\\\/www.revistarambla.com\\\/el-taxi-de-barcelona-en-pie-de-guerra-por-el-acuerdo-uber-barca\\\/\"},\"wordCount\":1484,\"publisher\":{\"@id\":\"https:\\\/\\\/www.revistarambla.com\\\/#organization\"},\"image\":{\"@id\":\"https:\\\/\\\/www.revistarambla.com\\\/el-taxi-de-barcelona-en-pie-de-guerra-por-el-acuerdo-uber-barca\\\/#primaryimage\"},\"thumbnailUrl\":\"https:\\\/\\\/www.revistarambla.com\\\/wp-content\\\/uploads\\\/2022\\\/05\\\/taxi-barcelona-protesta.jpg\",\"articleSection\":[\"Barcelona\"],\"inLanguage\":\"en-GB\"},{\"@type\":\"WebPage\",\"@id\":\"https:\\\/\\\/www.revistarambla.com\\\/el-taxi-de-barcelona-en-pie-de-guerra-por-el-acuerdo-uber-barca\\\/\",\"url\":\"https:\\\/\\\/www.revistarambla.com\\\/el-taxi-de-barcelona-en-pie-de-guerra-por-el-acuerdo-uber-barca\\\/\",\"name\":\"El taxi de Barcelona en pie de guerra por el acuerdo Uber-Bar\u00e7a - Revista Rambla\",\"isPartOf\":{\"@id\":\"https:\\\/\\\/www.revistarambla.com\\\/#website\"},\"primaryImageOfPage\":{\"@id\":\"https:\\\/\\\/www.revistarambla.com\\\/el-taxi-de-barcelona-en-pie-de-guerra-por-el-acuerdo-uber-barca\\\/#primaryimage\"},\"image\":{\"@id\":\"https:\\\/\\\/www.revistarambla.com\\\/el-taxi-de-barcelona-en-pie-de-guerra-por-el-acuerdo-uber-barca\\\/#primaryimage\"},\"thumbnailUrl\":\"https:\\\/\\\/www.revistarambla.com\\\/wp-content\\\/uploads\\\/2022\\\/05\\\/taxi-barcelona-protesta.jpg\",\"datePublished\":\"2025-10-19T18:19:30+00:00\",\"breadcrumb\":{\"@id\":\"https:\\\/\\\/www.revistarambla.com\\\/el-taxi-de-barcelona-en-pie-de-guerra-por-el-acuerdo-uber-barca\\\/#breadcrumb\"},\"inLanguage\":\"en-GB\",\"potentialAction\":[{\"@type\":\"ReadAction\",\"target\":[\"https:\\\/\\\/www.revistarambla.com\\\/el-taxi-de-barcelona-en-pie-de-guerra-por-el-acuerdo-uber-barca\\\/\"]}]},{\"@type\":\"ImageObject\",\"inLanguage\":\"en-GB\",\"@id\":\"https:\\\/\\\/www.revistarambla.com\\\/el-taxi-de-barcelona-en-pie-de-guerra-por-el-acuerdo-uber-barca\\\/#primaryimage\",\"url\":\"https:\\\/\\\/www.revistarambla.com\\\/wp-content\\\/uploads\\\/2022\\\/05\\\/taxi-barcelona-protesta.jpg\",\"contentUrl\":\"https:\\\/\\\/www.revistarambla.com\\\/wp-content\\\/uploads\\\/2022\\\/05\\\/taxi-barcelona-protesta.jpg\",\"width\":1024,\"height\":768,\"caption\":\"FC Barcelona Uber taxi elite\"},{\"@type\":\"BreadcrumbList\",\"@id\":\"https:\\\/\\\/www.revistarambla.com\\\/el-taxi-de-barcelona-en-pie-de-guerra-por-el-acuerdo-uber-barca\\\/#breadcrumb\",\"itemListElement\":[{\"@type\":\"ListItem\",\"position\":1,\"name\":\"Portada\",\"item\":\"https:\\\/\\\/www.revistarambla.com\\\/\"},{\"@type\":\"ListItem\",\"position\":2,\"name\":\"El taxi de Barcelona en pie de guerra por el acuerdo Uber-Bar\u00e7a\"}]},{\"@type\":\"WebSite\",\"@id\":\"https:\\\/\\\/www.revistarambla.com\\\/#website\",\"url\":\"https:\\\/\\\/www.revistarambla.com\\\/\",\"name\":\"Revista Rambla Barcelona\",\"description\":\"Periodismo independiente\",\"publisher\":{\"@id\":\"https:\\\/\\\/www.revistarambla.com\\\/#organization\"},\"potentialAction\":[{\"@type\":\"SearchAction\",\"target\":{\"@type\":\"EntryPoint\",\"urlTemplate\":\"https:\\\/\\\/www.revistarambla.com\\\/?s={search_term_string}\"},\"query-input\":{\"@type\":\"PropertyValueSpecification\",\"valueRequired\":true,\"valueName\":\"search_term_string\"}}],\"inLanguage\":\"en-GB\"},{\"@type\":\"Organization\",\"@id\":\"https:\\\/\\\/www.revistarambla.com\\\/#organization\",\"name\":\"Revista Rambla\",\"url\":\"https:\\\/\\\/www.revistarambla.com\\\/\",\"logo\":{\"@type\":\"ImageObject\",\"inLanguage\":\"en-GB\",\"@id\":\"https:\\\/\\\/www.revistarambla.com\\\/#\\\/schema\\\/logo\\\/image\\\/\",\"url\":\"https:\\\/\\\/www.revistarambla.com\\\/wp-content\\\/uploads\\\/2020\\\/09\\\/banner_rambla_1900x600_BB.png\",\"contentUrl\":\"https:\\\/\\\/www.revistarambla.com\\\/wp-content\\\/uploads\\\/2020\\\/09\\\/banner_rambla_1900x600_BB.png\",\"width\":1900,\"height\":600,\"caption\":\"Revista Rambla\"},\"image\":{\"@id\":\"https:\\\/\\\/www.revistarambla.com\\\/#\\\/schema\\\/logo\\\/image\\\/\"},\"sameAs\":[\"https:\\\/\\\/www.facebook.com\\\/revistarambla\\\/\",\"https:\\\/\\\/x.com\\\/revistarambla\",\"https:\\\/\\\/www.instagram.com\\\/revista_rambla\",\"https:\\\/\\\/es.linkedin.com\\\/company\\\/revista-rambla\"]},{\"@type\":\"Person\",\"@id\":\"https:\\\/\\\/www.revistarambla.com\\\/#\\\/schema\\\/person\\\/a146a5a2550b94981a75131180e1bd9c\",\"name\":\"R@mbla\",\"description\":\"Este art\u00edculo ha sido redactado y\\\/o validado por el equipo de redacci\u00f3n de Revista Rambla.\",\"sameAs\":[\"https:\\\/\\\/www.revistarambla.com\\\/\",\"https:\\\/\\\/www.facebook.com\\\/revistarambla\",\"https:\\\/\\\/x.com\\\/revistarambla\"]}]}<\/script>\n<!-- \/ Yoast SEO plugin. -->","yoast_head_json":{"title":"El taxi de Barcelona en pie de guerra por el acuerdo Uber-Bar\u00e7a - Revista Rambla","robots":{"index":"index","follow":"follow","max-snippet":"max-snippet:-1","max-image-preview":"max-image-preview:large","max-video-preview":"max-video-preview:-1"},"canonical":"https:\/\/www.revistarambla.com\/en\/el-taxi-de-barcelona-en-pie-de-guerra-por-el-acuerdo-uber-barca\/","og_locale":"en_GB","og_type":"article","og_title":"El taxi de Barcelona en pie de guerra por el acuerdo Uber-Bar\u00e7a - Revista Rambla","og_description":"Elite Taxi Convoca un Paro Masivo","og_url":"https:\/\/www.revistarambla.com\/en\/el-taxi-de-barcelona-en-pie-de-guerra-por-el-acuerdo-uber-barca\/","og_site_name":"Revista Rambla","article_publisher":"https:\/\/www.facebook.com\/revistarambla\/","article_author":"https:\/\/www.facebook.com\/revistarambla","article_published_time":"2025-10-19T18:19:30+00:00","og_image":[{"width":1024,"height":768,"url":"https:\/\/www.revistarambla.com\/wp-content\/uploads\/2022\/05\/taxi-barcelona-protesta.jpg","type":"image\/jpeg"}],"author":"R@mbla","twitter_card":"summary_large_image","twitter_creator":"@revistarambla","twitter_site":"@revistarambla","twitter_misc":{"Written by":"R@mbla","Estimated reading time":"7 minutes"},"schema":{"@context":"https:\/\/schema.org","@graph":[{"@type":"Article","@id":"https:\/\/www.revistarambla.com\/el-taxi-de-barcelona-en-pie-de-guerra-por-el-acuerdo-uber-barca\/#article","isPartOf":{"@id":"https:\/\/www.revistarambla.com\/el-taxi-de-barcelona-en-pie-de-guerra-por-el-acuerdo-uber-barca\/"},"author":{"name":"R@mbla","@id":"https:\/\/www.revistarambla.com\/#\/schema\/person\/a146a5a2550b94981a75131180e1bd9c"},"headline":"El taxi de Barcelona en pie de guerra por el acuerdo Uber-Bar\u00e7a","datePublished":"2025-10-19T18:19:30+00:00","mainEntityOfPage":{"@id":"https:\/\/www.revistarambla.com\/el-taxi-de-barcelona-en-pie-de-guerra-por-el-acuerdo-uber-barca\/"},"wordCount":1484,"publisher":{"@id":"https:\/\/www.revistarambla.com\/#organization"},"image":{"@id":"https:\/\/www.revistarambla.com\/el-taxi-de-barcelona-en-pie-de-guerra-por-el-acuerdo-uber-barca\/#primaryimage"},"thumbnailUrl":"https:\/\/www.revistarambla.com\/wp-content\/uploads\/2022\/05\/taxi-barcelona-protesta.jpg","articleSection":["Barcelona"],"inLanguage":"en-GB"},{"@type":"WebPage","@id":"https:\/\/www.revistarambla.com\/el-taxi-de-barcelona-en-pie-de-guerra-por-el-acuerdo-uber-barca\/","url":"https:\/\/www.revistarambla.com\/el-taxi-de-barcelona-en-pie-de-guerra-por-el-acuerdo-uber-barca\/","name":"El taxi de Barcelona en pie de guerra por el acuerdo Uber-Bar\u00e7a - Revista Rambla","isPartOf":{"@id":"https:\/\/www.revistarambla.com\/#website"},"primaryImageOfPage":{"@id":"https:\/\/www.revistarambla.com\/el-taxi-de-barcelona-en-pie-de-guerra-por-el-acuerdo-uber-barca\/#primaryimage"},"image":{"@id":"https:\/\/www.revistarambla.com\/el-taxi-de-barcelona-en-pie-de-guerra-por-el-acuerdo-uber-barca\/#primaryimage"},"thumbnailUrl":"https:\/\/www.revistarambla.com\/wp-content\/uploads\/2022\/05\/taxi-barcelona-protesta.jpg","datePublished":"2025-10-19T18:19:30+00:00","breadcrumb":{"@id":"https:\/\/www.revistarambla.com\/el-taxi-de-barcelona-en-pie-de-guerra-por-el-acuerdo-uber-barca\/#breadcrumb"},"inLanguage":"en-GB","potentialAction":[{"@type":"ReadAction","target":["https:\/\/www.revistarambla.com\/el-taxi-de-barcelona-en-pie-de-guerra-por-el-acuerdo-uber-barca\/"]}]},{"@type":"ImageObject","inLanguage":"en-GB","@id":"https:\/\/www.revistarambla.com\/el-taxi-de-barcelona-en-pie-de-guerra-por-el-acuerdo-uber-barca\/#primaryimage","url":"https:\/\/www.revistarambla.com\/wp-content\/uploads\/2022\/05\/taxi-barcelona-protesta.jpg","contentUrl":"https:\/\/www.revistarambla.com\/wp-content\/uploads\/2022\/05\/taxi-barcelona-protesta.jpg","width":1024,"height":768,"caption":"FC Barcelona Uber taxi elite"},{"@type":"BreadcrumbList","@id":"https:\/\/www.revistarambla.com\/el-taxi-de-barcelona-en-pie-de-guerra-por-el-acuerdo-uber-barca\/#breadcrumb","itemListElement":[{"@type":"ListItem","position":1,"name":"Portada","item":"https:\/\/www.revistarambla.com\/"},{"@type":"ListItem","position":2,"name":"El taxi de Barcelona en pie de guerra por el acuerdo Uber-Bar\u00e7a"}]},{"@type":"WebSite","@id":"https:\/\/www.revistarambla.com\/#website","url":"https:\/\/www.revistarambla.com\/","name":"Revista Rambla Barcelona","description":"Periodismo independiente","publisher":{"@id":"https:\/\/www.revistarambla.com\/#organization"},"potentialAction":[{"@type":"SearchAction","target":{"@type":"EntryPoint","urlTemplate":"https:\/\/www.revistarambla.com\/?s={search_term_string}"},"query-input":{"@type":"PropertyValueSpecification","valueRequired":true,"valueName":"search_term_string"}}],"inLanguage":"en-GB"},{"@type":"Organization","@id":"https:\/\/www.revistarambla.com\/#organization","name":"Revista Rambla","url":"https:\/\/www.revistarambla.com\/","logo":{"@type":"ImageObject","inLanguage":"en-GB","@id":"https:\/\/www.revistarambla.com\/#\/schema\/logo\/image\/","url":"https:\/\/www.revistarambla.com\/wp-content\/uploads\/2020\/09\/banner_rambla_1900x600_BB.png","contentUrl":"https:\/\/www.revistarambla.com\/wp-content\/uploads\/2020\/09\/banner_rambla_1900x600_BB.png","width":1900,"height":600,"caption":"Revista Rambla"},"image":{"@id":"https:\/\/www.revistarambla.com\/#\/schema\/logo\/image\/"},"sameAs":["https:\/\/www.facebook.com\/revistarambla\/","https:\/\/x.com\/revistarambla","https:\/\/www.instagram.com\/revista_rambla","https:\/\/es.linkedin.com\/company\/revista-rambla"]},{"@type":"Person","@id":"https:\/\/www.revistarambla.com\/#\/schema\/person\/a146a5a2550b94981a75131180e1bd9c","name":"R@mbla","description":"Este art\u00edculo ha sido redactado y\/o validado por el equipo de redacci\u00f3n de Revista Rambla.","sameAs":["https:\/\/www.revistarambla.com\/","https:\/\/www.facebook.com\/revistarambla","https:\/\/x.com\/revistarambla"]}]}},"_links":{"self":[{"href":"https:\/\/www.revistarambla.com\/en\/wp-json\/wp\/v2\/posts\/66971","targetHints":{"allow":["GET"]}}],"collection":[{"href":"https:\/\/www.revistarambla.com\/en\/wp-json\/wp\/v2\/posts"}],"about":[{"href":"https:\/\/www.revistarambla.com\/en\/wp-json\/wp\/v2\/types\/post"}],"author":[{"embeddable":true,"href":"https:\/\/www.revistarambla.com\/en\/wp-json\/wp\/v2\/users\/3"}],"replies":[{"embeddable":true,"href":"https:\/\/www.revistarambla.com\/en\/wp-json\/wp\/v2\/comments?post=66971"}],"version-history":[{"count":1,"href":"https:\/\/www.revistarambla.com\/en\/wp-json\/wp\/v2\/posts\/66971\/revisions"}],"predecessor-version":[{"id":66972,"href":"https:\/\/www.revistarambla.com\/en\/wp-json\/wp\/v2\/posts\/66971\/revisions\/66972"}],"wp:featuredmedia":[{"embeddable":true,"href":"https:\/\/www.revistarambla.com\/en\/wp-json\/wp\/v2\/media\/42229"}],"wp:attachment":[{"href":"https:\/\/www.revistarambla.com\/en\/wp-json\/wp\/v2\/media?parent=66971"}],"wp:term":[{"taxonomy":"category","embeddable":true,"href":"https:\/\/www.revistarambla.com\/en\/wp-json\/wp\/v2\/categories?post=66971"},{"taxonomy":"post_tag","embeddable":true,"href":"https:\/\/www.revistarambla.com\/en\/wp-json\/wp\/v2\/tags?post=66971"}],"curies":[{"name":"wp","href":"https:\/\/api.w.org\/{rel}","templated":true}]}}