{"id":66967,"date":"2025-10-19T20:04:22","date_gmt":"2025-10-19T18:04:22","guid":{"rendered":"https:\/\/www.revistarambla.com\/?p=66967"},"modified":"2025-10-20T19:25:10","modified_gmt":"2025-10-20T17:25:10","slug":"rattenlinien-las-vias-de-escape-en-la-derrota-del-fascismo-europeo","status":"publish","type":"post","link":"https:\/\/www.revistarambla.com\/en\/rattenlinien-las-vias-de-escape-en-la-derrota-del-fascismo-europeo\/","title":{"rendered":"Rattenlinien: las v\u00edas de escape en la derrota del fascismo europeo"},"content":{"rendered":"<p>Al finalizar la Segunda Guerra Mundial en 1945, con la rendici\u00f3n incondicional de Alemania nazi y la liberaci\u00f3n progresiva de Europa por parte de las fuerzas aliadas, un cap\u00edtulo sombr\u00edo se abri\u00f3 en la historia del fascismo: la huida masiva de sus principales figuras. Mientras los Aliados, liderados por Estados Unidos, la Uni\u00f3n Sovi\u00e9tica y el Reino Unido, avanzaban hacia Berl\u00edn, miles de oficiales de las SS, l\u00edderes del Partido Nazi y colaboradores fascistas de otros pa\u00edses europeos buscaron refugio para evadir los juicios por cr\u00edmenes de guerra y contra la humanidad. Estas rutas clandestinas de escape, conocidas como \u00abratlines\u00bb (l\u00edneas de ratas, en alem\u00e1n <em>Rattenlinien<\/em>), representaron un complejo sistema de redes que facilitaron viajes transatl\u00e1nticos hacia destinos seguros, principalmente en Sudam\u00e9rica. Estimaciones conservadoras indican que entre 5.000 y 10.000 nazis utilizaron estas v\u00edas para desaparecer, aunque cifras m\u00e1s altas, como las 9.000 mencionadas en archivos brasile\u00f1os y chilenos, sugieren un fen\u00f3meno de mayor envergadura.<\/p>\n<h2>La Derrota del Eje y la Urgencia de la Huida<\/h2>\n<p>La derrota del fascismo europeo no fue solo militar, sino tambi\u00e9n ideol\u00f3gica. Con la ca\u00edda de Benito Mussolini en Italia en 1943 y la muerte de Adolf Hitler en su b\u00fanker de Berl\u00edn en abril de 1945, el r\u00e9gimen nazi se desmoron\u00f3. Los Juicios de N\u00faremberg (1945-1946) marcaron el inicio de la rendici\u00f3n de cuentas, donde 22 altos funcionarios nazis fueron procesados por cr\u00edmenes de guerra. Sin embargo, muchos otros, conscientes de su culpabilidad en el Holocausto \u2014que cobr\u00f3 la vida de seis millones de jud\u00edos y millones m\u00e1s de roman\u00edes, prisioneros de guerra y disidentes\u2014, optaron por la fuga. La liberaci\u00f3n aliada de campos de concentraci\u00f3n como Auschwitz y Dachau revel\u00f3 la magnitud de las atrocidades, intensificando la caza de responsables.<\/p>\n<p>Las ratlines surgieron en este caos posb\u00e9lico. Inicialmente, rutas informales a trav\u00e9s de los Alpes hacia Italia y Espa\u00f1a se convirtieron en redes organizadas. No eran un sistema centralizado, sino una colaboraci\u00f3n espont\u00e1nea entre simpatizantes fascistas, cl\u00e9rigos cat\u00f3licos y gobiernos receptivos. El anticomunismo jug\u00f3 un rol pivotal: muchos ve\u00edan a los nazis como aliados contra la expansi\u00f3n sovi\u00e9tica en Europa del Este. Adem\u00e1s, potencias como Estados Unidos reclutaron a cient\u00edficos nazis a trav\u00e9s de la Operaci\u00f3n Paperclip, mientras que la CIA y el BND alem\u00e1n utilizaron a ex nazis para inteligencia anticomunista. Este contexto geopol\u00edtico facilit\u00f3 que criminales de guerra se integraran en sociedades lejanas, a menudo con identidades falsas.<\/p>\n<h2>Las Principales Rutas de Escape<\/h2>\n<p>Las ratlines se ramificaban en varias direcciones, pero dos rutas principales destacaban: la \u00abvaticana\u00bb y la \u00abib\u00e9rica\u00bb. La primera transitaba desde Alemania a trav\u00e9s de los Alpes hasta Italia, con paradas en monasterios del Tirol Sur como Merano y Bolzano, donde nazis se ocultaban junto a refugiados jud\u00edos en un ir\u00f3nico giro. Desde Roma o G\u00e9nova, embarcaban hacia Sudam\u00e9rica con pasaportes falsos emitidos por el Comit\u00e9 Internacional de la Cruz Roja (CICR), que expidi\u00f3 alrededor de 120.000 documentos hasta 1951 basados en certificados eclesi\u00e1sticos. La ruta ib\u00e9rica pasaba por Espa\u00f1a, bajo el r\u00e9gimen franquista, que ofrec\u00eda refugio temporal antes de cruces atl\u00e1nticos.<\/p>\n<p>Una tercera v\u00eda, la \u00abn\u00f3rdica\u00bb, part\u00eda de Dinamarca hacia Suecia y luego a Argentina. Los destinos predilectos eran Argentina, Brasil, Chile y Bolivia, atra\u00eddos por gobiernos simp\u00e1ticos al fascismo y comunidades alemanas establecidas. Argentina, en particular, recibi\u00f3 hasta 5.000 nazis, gracias a su neutralidad durante gran parte de la guerra y su reticencia a extradiciones. Redes bancarias, como las vinculadas a Credit Suisse, financiaron estas fugas con oro nazi saqueado y transacciones ocultas.<\/p>\n<p>Aunque se menciona a menudo la Organizaci\u00f3n de Antiguos Miembros de las SS (ODESSA) como una red m\u00edtica, evidencia hist\u00f3rica sugiere que era m\u00e1s un mito que una entidad real; en su lugar, grupos menores como \u00abLa Ara\u00f1a\u00bb, liderada por Otto Skorzeny, operaban independientemente.<\/p>\n<h2>Actores Clave: El Rol del Vaticano, Per\u00f3n y Otros Facilitadores<\/h2>\n<p>El Vaticano jug\u00f3 un papel controvertido. Aunque no hab\u00eda una pol\u00edtica oficial, cl\u00e9rigos individuales proporcionaron asistencia activa. El obispo austriaco Alois Hudal, admirador de Hitler, facilit\u00f3 documentos falsos desde Roma, ayudando a figuras como Franz Stangl y Adolf Eichmann. Hudal justificaba su ayuda como rescate de \u00abperseguidos inocentes\u00bb del comunismo. El sacerdote croata Krunoslav Draganovi\u0107 tambi\u00e9n organiz\u00f3 ratlines para ustachas croatas. Archivos vaticanos abiertos en 2020 bajo el papa Francisco revelan que P\u00edo XII podr\u00eda haber sabido de estas actividades, aunque su involucramiento directo sigue debatido.<\/p>\n<p>En Sudam\u00e9rica, Juan Domingo Per\u00f3n fue pivotal. Como presidente argentino (1946-1955), orden\u00f3 secretamente a diplom\u00e1ticos establecer ratlines para reclutar expertos nazis en tecnolog\u00eda y militarismo. Influenciado por su tiempo en Italia fascista, Per\u00f3n vio en ellos un medio para modernizar Argentina. El cardenal argentino Antonio Caggiano transmiti\u00f3 ofertas a colaboradores franceses. Otros gobiernos, como el de Bolivia, acogieron a nazis con ayuda de la CIC estadounidense.<\/p>\n<h2>Casos Notables de Fugitivos<\/h2>\n<p>Entre los escapados destacan Adolf Eichmann, \u00abarquitecto del Holocausto\u00bb, quien huy\u00f3 a Argentina en 1950 bajo el alias Riccardo Klement con un pasaporte CICR falsificado. Trabaj\u00f3 en una f\u00e1brica de Mercedes-Benz hasta su secuestro por el Mossad en 1960, juicio en Israel y ejecuci\u00f3n en 1962.<\/p>\n<ul>\n<li>Josef Mengele, el \u00ab\u00c1ngel de la Muerte\u00bb de Auschwitz, lleg\u00f3 a Argentina en 1949 como Helmut Gregor, luego se mud\u00f3 a Paraguay y Brasil, donde muri\u00f3 ahogado en 1979 sin ser capturado.<\/li>\n<li>Klaus Barbie, \u00abCarnicero de Lyon\u00bb, escap\u00f3 a Bolivia en 1951 con ayuda estadounidense; extraditado en 1983, fue condenado a cadena perpetua en Francia.<\/li>\n<li>Franz Stangl, comandante de Treblinka, huy\u00f3 v\u00eda ratline vaticana a Brasil en 1951; capturado en 1967 gracias a Simon Wiesenthal, muri\u00f3 en prisi\u00f3n en 1971.<\/li>\n<\/ul>\n<p>Otros incluyen a Erich Priebke, extraditado de Argentina en 1995 por la masacre de las Fosas Ardeatinas, y Walther Rauff, inventor de c\u00e1maras de gas m\u00f3viles, quien muri\u00f3 en Chile en 1984.<\/p>\n<h2>La Caza de Nazis y el Legado<\/h2>\n<p>La huida nazi impuls\u00f3 la era de los \u00abcazadores de nazis\u00bb. Simon Wiesenthal, sobreviviente del Holocausto, localiz\u00f3 a cientos, incluyendo a Stangl. Fritz Bauer, fiscal alem\u00e1n, alert\u00f3 sobre Eichmann. Beate y Serge Klarsfeld expusieron a Barbie y otros en Europa.<\/p>\n<p>Desclasificaciones recientes, como las 1.850 documentos argentinos en 2025 ordenados por el presidente Javier Milei, revelan redes bancarias y presencia nazi. El Centro Simon Wiesenthal y el senador estadounidense Chuck Grassley contin\u00faan investigando.<\/p>\n<p>El legado de las ratlines es un recordatorio de c\u00f3mo el fascismo sobrevivi\u00f3 en la di\u00e1spora, influenciando reg\u00edmenes autoritarios en Sudam\u00e9rica y perpetuando el antisemitismo. Hoy, con archivos abiertos y tecnolog\u00eda forense, la justicia hist\u00f3rica persiste, aunque muchos culpables murieron impunes.<\/p>\n<p>En resumen, las ratlines no solo salvaron a criminales, sino que expusieron fallas en la justicia internacional posb\u00e9lica. Su estudio, respaldado por fuentes como la Biblioteca Virtual Jud\u00eda e History.com, subraya la necesidad de vigilancia contra el resurgimiento del extremismo.<\/p>","protected":false},"excerpt":{"rendered":"<p>Al finalizar la Segunda Guerra Mundial en 1945, con la rendici\u00f3n incondicional de Alemania nazi y la liberaci\u00f3n progresiva de Europa por parte de las fuerzas aliadas, un cap\u00edtulo sombr\u00edo se abri\u00f3 en la historia del fascismo: la huida masiva de sus principales figuras. Mientras los Aliados, liderados por Estados [&hellip;]<\/p>\n","protected":false},"author":3,"featured_media":66968,"comment_status":"closed","ping_status":"closed","sticky":false,"template":"","format":"standard","meta":{"footnotes":""},"categories":[562],"tags":[],"class_list":["post-66967","post","type-post","status-publish","format-standard","has-post-thumbnail","hentry","category-historia"],"yoast_head":"<!-- This site is optimized with the Yoast SEO plugin v27.5 - https:\/\/yoast.com\/product\/yoast-seo-wordpress\/ -->\n<title>Rattenlinien: las v\u00edas de escape en la derrota del fascismo europeo - Revista Rambla<\/title>\n<meta name=\"robots\" content=\"index, follow, max-snippet:-1, max-image-preview:large, max-video-preview:-1\" \/>\n<link rel=\"canonical\" href=\"https:\/\/www.revistarambla.com\/en\/rattenlinien-las-vias-de-escape-en-la-derrota-del-fascismo-europeo\/\" \/>\n<meta property=\"og:locale\" content=\"en_GB\" \/>\n<meta property=\"og:type\" content=\"article\" \/>\n<meta property=\"og:title\" content=\"Rattenlinien: las v\u00edas de escape en la derrota del fascismo europeo - Revista Rambla\" \/>\n<meta property=\"og:description\" content=\"Al finalizar la Segunda Guerra Mundial en 1945, con la rendici\u00f3n incondicional de Alemania nazi y la liberaci\u00f3n progresiva de Europa por parte de las fuerzas aliadas, un cap\u00edtulo sombr\u00edo se abri\u00f3 en la historia del fascismo: la huida masiva de sus principales figuras. Mientras los Aliados, liderados por Estados [&hellip;]\" \/>\n<meta property=\"og:url\" content=\"https:\/\/www.revistarambla.com\/en\/rattenlinien-las-vias-de-escape-en-la-derrota-del-fascismo-europeo\/\" \/>\n<meta property=\"og:site_name\" content=\"Revista Rambla\" \/>\n<meta property=\"article:publisher\" content=\"https:\/\/www.facebook.com\/revistarambla\/\" \/>\n<meta property=\"article:author\" content=\"https:\/\/www.facebook.com\/revistarambla\" \/>\n<meta property=\"article:published_time\" content=\"2025-10-19T18:04:22+00:00\" \/>\n<meta property=\"article:modified_time\" content=\"2025-10-20T17:25:10+00:00\" \/>\n<meta property=\"og:image\" content=\"https:\/\/www.revistarambla.com\/wp-content\/uploads\/2025\/10\/AAAABd-BuaagfVwKNVLUEcGz_2NVn2s5Gcdsyv_Luz-zKznTH0_Ot2RpsRUDXAbFH_eu2zwhDtjpK1KlmXdT5mT8GwC2ParYHq9RV42O.jpg\" \/>\n\t<meta property=\"og:image:width\" content=\"1920\" \/>\n\t<meta property=\"og:image:height\" content=\"1080\" \/>\n\t<meta property=\"og:image:type\" content=\"image\/jpeg\" \/>\n<meta name=\"author\" content=\"R@mbla\" \/>\n<meta name=\"twitter:card\" content=\"summary_large_image\" \/>\n<meta name=\"twitter:creator\" content=\"@revistarambla\" \/>\n<meta name=\"twitter:site\" content=\"@revistarambla\" \/>\n<meta name=\"twitter:label1\" content=\"Written by\" \/>\n\t<meta name=\"twitter:data1\" content=\"R@mbla\" \/>\n\t<meta name=\"twitter:label2\" content=\"Estimated reading time\" \/>\n\t<meta name=\"twitter:data2\" content=\"6 minutes\" \/>\n<script type=\"application\/ld+json\" class=\"yoast-schema-graph\">{\"@context\":\"https:\\\/\\\/schema.org\",\"@graph\":[{\"@type\":\"Article\",\"@id\":\"https:\\\/\\\/www.revistarambla.com\\\/rattenlinien-las-vias-de-escape-en-la-derrota-del-fascismo-europeo\\\/#article\",\"isPartOf\":{\"@id\":\"https:\\\/\\\/www.revistarambla.com\\\/rattenlinien-las-vias-de-escape-en-la-derrota-del-fascismo-europeo\\\/\"},\"author\":{\"name\":\"R@mbla\",\"@id\":\"https:\\\/\\\/www.revistarambla.com\\\/#\\\/schema\\\/person\\\/a146a5a2550b94981a75131180e1bd9c\"},\"headline\":\"Rattenlinien: las v\u00edas de escape en la derrota del fascismo europeo\",\"datePublished\":\"2025-10-19T18:04:22+00:00\",\"dateModified\":\"2025-10-20T17:25:10+00:00\",\"mainEntityOfPage\":{\"@id\":\"https:\\\/\\\/www.revistarambla.com\\\/rattenlinien-las-vias-de-escape-en-la-derrota-del-fascismo-europeo\\\/\"},\"wordCount\":1192,\"publisher\":{\"@id\":\"https:\\\/\\\/www.revistarambla.com\\\/#organization\"},\"image\":{\"@id\":\"https:\\\/\\\/www.revistarambla.com\\\/rattenlinien-las-vias-de-escape-en-la-derrota-del-fascismo-europeo\\\/#primaryimage\"},\"thumbnailUrl\":\"https:\\\/\\\/www.revistarambla.com\\\/wp-content\\\/uploads\\\/2025\\\/10\\\/AAAABd-BuaagfVwKNVLUEcGz_2NVn2s5Gcdsyv_Luz-zKznTH0_Ot2RpsRUDXAbFH_eu2zwhDtjpK1KlmXdT5mT8GwC2ParYHq9RV42O.jpg\",\"articleSection\":[\"Historia\"],\"inLanguage\":\"en-GB\"},{\"@type\":\"WebPage\",\"@id\":\"https:\\\/\\\/www.revistarambla.com\\\/rattenlinien-las-vias-de-escape-en-la-derrota-del-fascismo-europeo\\\/\",\"url\":\"https:\\\/\\\/www.revistarambla.com\\\/rattenlinien-las-vias-de-escape-en-la-derrota-del-fascismo-europeo\\\/\",\"name\":\"Rattenlinien: las v\u00edas de escape en la derrota del fascismo europeo - Revista Rambla\",\"isPartOf\":{\"@id\":\"https:\\\/\\\/www.revistarambla.com\\\/#website\"},\"primaryImageOfPage\":{\"@id\":\"https:\\\/\\\/www.revistarambla.com\\\/rattenlinien-las-vias-de-escape-en-la-derrota-del-fascismo-europeo\\\/#primaryimage\"},\"image\":{\"@id\":\"https:\\\/\\\/www.revistarambla.com\\\/rattenlinien-las-vias-de-escape-en-la-derrota-del-fascismo-europeo\\\/#primaryimage\"},\"thumbnailUrl\":\"https:\\\/\\\/www.revistarambla.com\\\/wp-content\\\/uploads\\\/2025\\\/10\\\/AAAABd-BuaagfVwKNVLUEcGz_2NVn2s5Gcdsyv_Luz-zKznTH0_Ot2RpsRUDXAbFH_eu2zwhDtjpK1KlmXdT5mT8GwC2ParYHq9RV42O.jpg\",\"datePublished\":\"2025-10-19T18:04:22+00:00\",\"dateModified\":\"2025-10-20T17:25:10+00:00\",\"breadcrumb\":{\"@id\":\"https:\\\/\\\/www.revistarambla.com\\\/rattenlinien-las-vias-de-escape-en-la-derrota-del-fascismo-europeo\\\/#breadcrumb\"},\"inLanguage\":\"en-GB\",\"potentialAction\":[{\"@type\":\"ReadAction\",\"target\":[\"https:\\\/\\\/www.revistarambla.com\\\/rattenlinien-las-vias-de-escape-en-la-derrota-del-fascismo-europeo\\\/\"]}]},{\"@type\":\"ImageObject\",\"inLanguage\":\"en-GB\",\"@id\":\"https:\\\/\\\/www.revistarambla.com\\\/rattenlinien-las-vias-de-escape-en-la-derrota-del-fascismo-europeo\\\/#primaryimage\",\"url\":\"https:\\\/\\\/www.revistarambla.com\\\/wp-content\\\/uploads\\\/2025\\\/10\\\/AAAABd-BuaagfVwKNVLUEcGz_2NVn2s5Gcdsyv_Luz-zKznTH0_Ot2RpsRUDXAbFH_eu2zwhDtjpK1KlmXdT5mT8GwC2ParYHq9RV42O.jpg\",\"contentUrl\":\"https:\\\/\\\/www.revistarambla.com\\\/wp-content\\\/uploads\\\/2025\\\/10\\\/AAAABd-BuaagfVwKNVLUEcGz_2NVn2s5Gcdsyv_Luz-zKznTH0_Ot2RpsRUDXAbFH_eu2zwhDtjpK1KlmXdT5mT8GwC2ParYHq9RV42O.jpg\",\"width\":1920,\"height\":1080,\"caption\":\"ratlines\"},{\"@type\":\"BreadcrumbList\",\"@id\":\"https:\\\/\\\/www.revistarambla.com\\\/rattenlinien-las-vias-de-escape-en-la-derrota-del-fascismo-europeo\\\/#breadcrumb\",\"itemListElement\":[{\"@type\":\"ListItem\",\"position\":1,\"name\":\"Portada\",\"item\":\"https:\\\/\\\/www.revistarambla.com\\\/\"},{\"@type\":\"ListItem\",\"position\":2,\"name\":\"Rattenlinien: las v\u00edas de escape en la derrota del fascismo europeo\"}]},{\"@type\":\"WebSite\",\"@id\":\"https:\\\/\\\/www.revistarambla.com\\\/#website\",\"url\":\"https:\\\/\\\/www.revistarambla.com\\\/\",\"name\":\"Revista Rambla Barcelona\",\"description\":\"Periodismo independiente\",\"publisher\":{\"@id\":\"https:\\\/\\\/www.revistarambla.com\\\/#organization\"},\"potentialAction\":[{\"@type\":\"SearchAction\",\"target\":{\"@type\":\"EntryPoint\",\"urlTemplate\":\"https:\\\/\\\/www.revistarambla.com\\\/?s={search_term_string}\"},\"query-input\":{\"@type\":\"PropertyValueSpecification\",\"valueRequired\":true,\"valueName\":\"search_term_string\"}}],\"inLanguage\":\"en-GB\"},{\"@type\":\"Organization\",\"@id\":\"https:\\\/\\\/www.revistarambla.com\\\/#organization\",\"name\":\"Revista Rambla\",\"url\":\"https:\\\/\\\/www.revistarambla.com\\\/\",\"logo\":{\"@type\":\"ImageObject\",\"inLanguage\":\"en-GB\",\"@id\":\"https:\\\/\\\/www.revistarambla.com\\\/#\\\/schema\\\/logo\\\/image\\\/\",\"url\":\"https:\\\/\\\/www.revistarambla.com\\\/wp-content\\\/uploads\\\/2020\\\/09\\\/banner_rambla_1900x600_BB.png\",\"contentUrl\":\"https:\\\/\\\/www.revistarambla.com\\\/wp-content\\\/uploads\\\/2020\\\/09\\\/banner_rambla_1900x600_BB.png\",\"width\":1900,\"height\":600,\"caption\":\"Revista Rambla\"},\"image\":{\"@id\":\"https:\\\/\\\/www.revistarambla.com\\\/#\\\/schema\\\/logo\\\/image\\\/\"},\"sameAs\":[\"https:\\\/\\\/www.facebook.com\\\/revistarambla\\\/\",\"https:\\\/\\\/x.com\\\/revistarambla\",\"https:\\\/\\\/www.instagram.com\\\/revista_rambla\",\"https:\\\/\\\/es.linkedin.com\\\/company\\\/revista-rambla\"]},{\"@type\":\"Person\",\"@id\":\"https:\\\/\\\/www.revistarambla.com\\\/#\\\/schema\\\/person\\\/a146a5a2550b94981a75131180e1bd9c\",\"name\":\"R@mbla\",\"description\":\"Este art\u00edculo ha sido redactado y\\\/o validado por el equipo de redacci\u00f3n de Revista Rambla.\",\"sameAs\":[\"https:\\\/\\\/www.revistarambla.com\\\/\",\"https:\\\/\\\/www.facebook.com\\\/revistarambla\",\"https:\\\/\\\/x.com\\\/revistarambla\"]}]}<\/script>\n<!-- \/ Yoast SEO plugin. -->","yoast_head_json":{"title":"Rattenlinien: las v\u00edas de escape en la derrota del fascismo europeo - Revista Rambla","robots":{"index":"index","follow":"follow","max-snippet":"max-snippet:-1","max-image-preview":"max-image-preview:large","max-video-preview":"max-video-preview:-1"},"canonical":"https:\/\/www.revistarambla.com\/en\/rattenlinien-las-vias-de-escape-en-la-derrota-del-fascismo-europeo\/","og_locale":"en_GB","og_type":"article","og_title":"Rattenlinien: las v\u00edas de escape en la derrota del fascismo europeo - Revista Rambla","og_description":"Al finalizar la Segunda Guerra Mundial en 1945, con la rendici\u00f3n incondicional de Alemania nazi y la liberaci\u00f3n progresiva de Europa por parte de las fuerzas aliadas, un cap\u00edtulo sombr\u00edo se abri\u00f3 en la historia del fascismo: la huida masiva de sus principales figuras. Mientras los Aliados, liderados por Estados [&hellip;]","og_url":"https:\/\/www.revistarambla.com\/en\/rattenlinien-las-vias-de-escape-en-la-derrota-del-fascismo-europeo\/","og_site_name":"Revista Rambla","article_publisher":"https:\/\/www.facebook.com\/revistarambla\/","article_author":"https:\/\/www.facebook.com\/revistarambla","article_published_time":"2025-10-19T18:04:22+00:00","article_modified_time":"2025-10-20T17:25:10+00:00","og_image":[{"width":1920,"height":1080,"url":"https:\/\/www.revistarambla.com\/wp-content\/uploads\/2025\/10\/AAAABd-BuaagfVwKNVLUEcGz_2NVn2s5Gcdsyv_Luz-zKznTH0_Ot2RpsRUDXAbFH_eu2zwhDtjpK1KlmXdT5mT8GwC2ParYHq9RV42O.jpg","type":"image\/jpeg"}],"author":"R@mbla","twitter_card":"summary_large_image","twitter_creator":"@revistarambla","twitter_site":"@revistarambla","twitter_misc":{"Written by":"R@mbla","Estimated reading time":"6 minutes"},"schema":{"@context":"https:\/\/schema.org","@graph":[{"@type":"Article","@id":"https:\/\/www.revistarambla.com\/rattenlinien-las-vias-de-escape-en-la-derrota-del-fascismo-europeo\/#article","isPartOf":{"@id":"https:\/\/www.revistarambla.com\/rattenlinien-las-vias-de-escape-en-la-derrota-del-fascismo-europeo\/"},"author":{"name":"R@mbla","@id":"https:\/\/www.revistarambla.com\/#\/schema\/person\/a146a5a2550b94981a75131180e1bd9c"},"headline":"Rattenlinien: las v\u00edas de escape en la derrota del fascismo europeo","datePublished":"2025-10-19T18:04:22+00:00","dateModified":"2025-10-20T17:25:10+00:00","mainEntityOfPage":{"@id":"https:\/\/www.revistarambla.com\/rattenlinien-las-vias-de-escape-en-la-derrota-del-fascismo-europeo\/"},"wordCount":1192,"publisher":{"@id":"https:\/\/www.revistarambla.com\/#organization"},"image":{"@id":"https:\/\/www.revistarambla.com\/rattenlinien-las-vias-de-escape-en-la-derrota-del-fascismo-europeo\/#primaryimage"},"thumbnailUrl":"https:\/\/www.revistarambla.com\/wp-content\/uploads\/2025\/10\/AAAABd-BuaagfVwKNVLUEcGz_2NVn2s5Gcdsyv_Luz-zKznTH0_Ot2RpsRUDXAbFH_eu2zwhDtjpK1KlmXdT5mT8GwC2ParYHq9RV42O.jpg","articleSection":["Historia"],"inLanguage":"en-GB"},{"@type":"WebPage","@id":"https:\/\/www.revistarambla.com\/rattenlinien-las-vias-de-escape-en-la-derrota-del-fascismo-europeo\/","url":"https:\/\/www.revistarambla.com\/rattenlinien-las-vias-de-escape-en-la-derrota-del-fascismo-europeo\/","name":"Rattenlinien: las v\u00edas de escape en la derrota del fascismo europeo - Revista Rambla","isPartOf":{"@id":"https:\/\/www.revistarambla.com\/#website"},"primaryImageOfPage":{"@id":"https:\/\/www.revistarambla.com\/rattenlinien-las-vias-de-escape-en-la-derrota-del-fascismo-europeo\/#primaryimage"},"image":{"@id":"https:\/\/www.revistarambla.com\/rattenlinien-las-vias-de-escape-en-la-derrota-del-fascismo-europeo\/#primaryimage"},"thumbnailUrl":"https:\/\/www.revistarambla.com\/wp-content\/uploads\/2025\/10\/AAAABd-BuaagfVwKNVLUEcGz_2NVn2s5Gcdsyv_Luz-zKznTH0_Ot2RpsRUDXAbFH_eu2zwhDtjpK1KlmXdT5mT8GwC2ParYHq9RV42O.jpg","datePublished":"2025-10-19T18:04:22+00:00","dateModified":"2025-10-20T17:25:10+00:00","breadcrumb":{"@id":"https:\/\/www.revistarambla.com\/rattenlinien-las-vias-de-escape-en-la-derrota-del-fascismo-europeo\/#breadcrumb"},"inLanguage":"en-GB","potentialAction":[{"@type":"ReadAction","target":["https:\/\/www.revistarambla.com\/rattenlinien-las-vias-de-escape-en-la-derrota-del-fascismo-europeo\/"]}]},{"@type":"ImageObject","inLanguage":"en-GB","@id":"https:\/\/www.revistarambla.com\/rattenlinien-las-vias-de-escape-en-la-derrota-del-fascismo-europeo\/#primaryimage","url":"https:\/\/www.revistarambla.com\/wp-content\/uploads\/2025\/10\/AAAABd-BuaagfVwKNVLUEcGz_2NVn2s5Gcdsyv_Luz-zKznTH0_Ot2RpsRUDXAbFH_eu2zwhDtjpK1KlmXdT5mT8GwC2ParYHq9RV42O.jpg","contentUrl":"https:\/\/www.revistarambla.com\/wp-content\/uploads\/2025\/10\/AAAABd-BuaagfVwKNVLUEcGz_2NVn2s5Gcdsyv_Luz-zKznTH0_Ot2RpsRUDXAbFH_eu2zwhDtjpK1KlmXdT5mT8GwC2ParYHq9RV42O.jpg","width":1920,"height":1080,"caption":"ratlines"},{"@type":"BreadcrumbList","@id":"https:\/\/www.revistarambla.com\/rattenlinien-las-vias-de-escape-en-la-derrota-del-fascismo-europeo\/#breadcrumb","itemListElement":[{"@type":"ListItem","position":1,"name":"Portada","item":"https:\/\/www.revistarambla.com\/"},{"@type":"ListItem","position":2,"name":"Rattenlinien: las v\u00edas de escape en la derrota del fascismo europeo"}]},{"@type":"WebSite","@id":"https:\/\/www.revistarambla.com\/#website","url":"https:\/\/www.revistarambla.com\/","name":"Revista Rambla Barcelona","description":"Periodismo independiente","publisher":{"@id":"https:\/\/www.revistarambla.com\/#organization"},"potentialAction":[{"@type":"SearchAction","target":{"@type":"EntryPoint","urlTemplate":"https:\/\/www.revistarambla.com\/?s={search_term_string}"},"query-input":{"@type":"PropertyValueSpecification","valueRequired":true,"valueName":"search_term_string"}}],"inLanguage":"en-GB"},{"@type":"Organization","@id":"https:\/\/www.revistarambla.com\/#organization","name":"Revista Rambla","url":"https:\/\/www.revistarambla.com\/","logo":{"@type":"ImageObject","inLanguage":"en-GB","@id":"https:\/\/www.revistarambla.com\/#\/schema\/logo\/image\/","url":"https:\/\/www.revistarambla.com\/wp-content\/uploads\/2020\/09\/banner_rambla_1900x600_BB.png","contentUrl":"https:\/\/www.revistarambla.com\/wp-content\/uploads\/2020\/09\/banner_rambla_1900x600_BB.png","width":1900,"height":600,"caption":"Revista Rambla"},"image":{"@id":"https:\/\/www.revistarambla.com\/#\/schema\/logo\/image\/"},"sameAs":["https:\/\/www.facebook.com\/revistarambla\/","https:\/\/x.com\/revistarambla","https:\/\/www.instagram.com\/revista_rambla","https:\/\/es.linkedin.com\/company\/revista-rambla"]},{"@type":"Person","@id":"https:\/\/www.revistarambla.com\/#\/schema\/person\/a146a5a2550b94981a75131180e1bd9c","name":"R@mbla","description":"Este art\u00edculo ha sido redactado y\/o validado por el equipo de redacci\u00f3n de Revista Rambla.","sameAs":["https:\/\/www.revistarambla.com\/","https:\/\/www.facebook.com\/revistarambla","https:\/\/x.com\/revistarambla"]}]}},"_links":{"self":[{"href":"https:\/\/www.revistarambla.com\/en\/wp-json\/wp\/v2\/posts\/66967","targetHints":{"allow":["GET"]}}],"collection":[{"href":"https:\/\/www.revistarambla.com\/en\/wp-json\/wp\/v2\/posts"}],"about":[{"href":"https:\/\/www.revistarambla.com\/en\/wp-json\/wp\/v2\/types\/post"}],"author":[{"embeddable":true,"href":"https:\/\/www.revistarambla.com\/en\/wp-json\/wp\/v2\/users\/3"}],"replies":[{"embeddable":true,"href":"https:\/\/www.revistarambla.com\/en\/wp-json\/wp\/v2\/comments?post=66967"}],"version-history":[{"count":1,"href":"https:\/\/www.revistarambla.com\/en\/wp-json\/wp\/v2\/posts\/66967\/revisions"}],"predecessor-version":[{"id":66969,"href":"https:\/\/www.revistarambla.com\/en\/wp-json\/wp\/v2\/posts\/66967\/revisions\/66969"}],"wp:featuredmedia":[{"embeddable":true,"href":"https:\/\/www.revistarambla.com\/en\/wp-json\/wp\/v2\/media\/66968"}],"wp:attachment":[{"href":"https:\/\/www.revistarambla.com\/en\/wp-json\/wp\/v2\/media?parent=66967"}],"wp:term":[{"taxonomy":"category","embeddable":true,"href":"https:\/\/www.revistarambla.com\/en\/wp-json\/wp\/v2\/categories?post=66967"},{"taxonomy":"post_tag","embeddable":true,"href":"https:\/\/www.revistarambla.com\/en\/wp-json\/wp\/v2\/tags?post=66967"}],"curies":[{"name":"wp","href":"https:\/\/api.w.org\/{rel}","templated":true}]}}