{"id":66951,"date":"2025-10-19T14:44:13","date_gmt":"2025-10-19T12:44:13","guid":{"rendered":"https:\/\/www.revistarambla.com\/?p=66951"},"modified":"2025-10-20T19:03:15","modified_gmt":"2025-10-20T17:03:15","slug":"cuando-ernest-hemingway-aprendio-a-callar","status":"publish","type":"post","link":"https:\/\/www.revistarambla.com\/en\/cuando-ernest-hemingway-aprendio-a-callar\/","title":{"rendered":"El valor del silencio"},"content":{"rendered":"<p>En el vasto panorama de la literatura del siglo XX, pocas figuras proyectan una sombra tan larga como <a href=\"https:\/\/www.revistarambla.com\/entrevista-con-ernest-hemingway\/\">Ernest Hemingway<\/a>. Atribuida a \u00e9l una c\u00e9lebre frase \u2014\u201cSe necesitan dos a\u00f1os para aprender a hablar, y sesenta para aprender a callar\u201d\u2014, esta sentencia encapsula una verdad profunda sobre la condici\u00f3n humana: el silencio no es mera ausencia de palabras, sino un arte que requiere madurez, disciplina y, a menudo, un costo emocional significativo. Aunque la atribuci\u00f3n exacta de esta cita a Hemingway ha sido cuestionada por investigadores, quienes rastrean variaciones similares en textos del siglo XVIII como los de la Condesa Diane, su resonancia con el estilo y la filosof\u00eda del autor estadounidense la hace un punto de partida id\u00f3neo para explorar por qu\u00e9 callar resulta m\u00e1s arduo que hablar. En este art\u00edculo, destinado a lectores expertos en literatura, examinaremos esta idea a trav\u00e9s de la lente de la vida y obra de <a href=\"https:\/\/www.revistarambla.com\/leo-y-ernest-la-vida-secreta-de-hemingway-en-cuba\/\">Hemingway<\/a>, apoy\u00e1ndonos en fuentes fiables como biograf\u00edas autorizadas y an\u00e1lisis cr\u00edticos, para desentra\u00f1ar sus implicaciones psicol\u00f3gicas, narrativas y culturales.<\/p>\n<p>Hemingway, nacido en 1899 en Oak Park, Illinois, y fallecido en 1961, fue un maestro de la concisi\u00f3n. Su trayectoria como periodista en el <em>Kansas City Star<\/em> y corresponsal de guerra molde\u00f3 un estilo que priorizaba la brevedad y la omisi\u00f3n, conocido como la \u00abteor\u00eda del iceberg\u00bb. Esta teor\u00eda, expuesta por el propio autor en <em>Muerte en la tarde<\/em> (1932), postula que el verdadero significado de una historia reside bajo la superficie, como el 7\/8 de un iceberg sumergido, mientras que solo el 1\/8 visible \u2014las palabras escritas\u2014 sugiere lo profundo. Aqu\u00ed, el \u00abcallar\u00bb literario se convierte en una herramienta poderosa: omitir detalles no es debilidad, sino estrategia para invitar al lector a inferir emociones y verdades no dichas. Pero \u00bfpor qu\u00e9 este aprendizaje del silencio es tan prolongado y dif\u00edcil, como sugiere la cita atribuida? Para responder, debemos indagar en la psicolog\u00eda humana y en c\u00f3mo Hemingway la reflej\u00f3 en sus personajes.<\/p>\n<p>Desde una perspectiva psicol\u00f3gica, hablar es un impulso instintivo, arraigado en nuestra evoluci\u00f3n social. Como se\u00f1ala la psicolog\u00eda positiva, el silencio exige un alto grado de autocontrol, autoconciencia y regulaci\u00f3n emocional, cualidades que se desarrollan con el tiempo y la experiencia. Hablar, en cambio, puede ser cat\u00e1rtico y autom\u00e1tico: libera tensiones, busca validaci\u00f3n y llena vac\u00edos emocionales. Personas con tendencia a la verborrea, por ejemplo, a menudo usan el habla como escudo contra el silencio introspectivo, que podr\u00eda revelar vulnerabilidades o requerir confrontar pensamientos inc\u00f3modos. En un mundo hiperconectado, donde las redes sociales premian la expresi\u00f3n constante, callar se percibe como una renuncia al poder narrativo. Sin embargo, el silencio puede ser un acto de resistencia: permite procesar informaci\u00f3n, fomentar creatividad y ganar perspectiva, pero su pr\u00e1ctica es ardua porque combate el instinto gregario de comunicarnos.<\/p>\n<p>Hemingway encarn\u00f3 esta tensi\u00f3n en su vida personal. Sus experiencias en la Primera Guerra Mundial, donde sirvi\u00f3 como conductor de ambulancias en Italia y fue herido gravemente en 1918, le ense\u00f1aron el valor del estoicismo. En sus memorias p\u00f3stumas, <em>Par\u00eds era una fiesta<\/em> (1964), describe escenas de guerra donde el silencio no era opci\u00f3n, sino supervivencia: el estruendo de las bombas contrastaba con los momentos de quietud forzada en trincheras u hospitales, donde callar equival\u00eda a preservar la cordura. Bi\u00f3grafos como Carlos Baker, en su exhaustiva <em>Hemingway: A Life Story<\/em> (1969), destacan c\u00f3mo estas vivencias forjaron su aversi\u00f3n al melodrama verbal. Hemingway era conocido por su personalidad extrovertida \u2014cazador, pescador, bebedor legendario\u2014, pero en la escritura optaba por la restricci\u00f3n. \u00abEscribir la oraci\u00f3n m\u00e1s verdadera que conozcas\u00bb, aconsejaba, implicando que el exceso de palabras diluye la verdad. Esta dualidad refleja por qu\u00e9 callar es m\u00e1s dif\u00edcil: requiere dominar impulsos, como el de Hemingway, para narrar sus aventuras, y transformarlos en arte sutil.<\/p>\n<p>En su obra, el silencio se manifiesta como un valor moral, interconectado con el movimiento y el control, como analiza Cassandre Meunier en su ensayo \u00abThe Values of Silence in \u2018Fifty Grand,\u2019 \u2018A Day\u2019s Wait,\u2019 and \u2018Nobody Ever Dies\u2019\u00bb (publicado en la <em>Journal de la Soci\u00e9t\u00e9 des \u00c9tudes sur l\u2019\u0152uvre de Hemingway<\/em>, 2007). En \u00abFifty Grand\u00bb (de <em>Men Without Women<\/em>, 1927), el boxeador Jack Brennan encarna el \u00abholding tight\u00bb: prepara su \u00faltima pelea con minimalismo f\u00edsico y verbal, limitando movimientos y palabras para conservar dignidad ante la derrota inminente. Jack evita charlas superficiales, silencia insultos y se refugia en la quietud de la cama, donde \u00abshuts his eyes\u00bb para ganar confianza. Esta omisi\u00f3n no es pasividad, sino estrategia: como en la teor\u00eda del iceberg, lo no dicho \u2014su apuesta secreta contra s\u00ed mismo\u2014 genera suspense y admiraci\u00f3n. Meunier argumenta que el silencio aqu\u00ed es un \u00abfortaleza inexpugnable\u00bb, protegiendo secretos y permitiendo al personaje mantener el control moral, incluso en la p\u00e9rdida.<\/p>\n<p>Similarmente, en \u00abA Day\u2019s Wait\u00bb (de <em>Winner Take Nothing<\/em>, 1933), un ni\u00f1o de nueve a\u00f1os cree estar muriendo de fiebre y opta por el silencio estoico. Acostado \u00abstill in the bed\u00bb, mira fijamente al pie de la cama, rechazando visitas y conversaci\u00f3n. Su padre, ignorante del malentendido (el ni\u00f1o confunde escalas de temperatura), percibe solo ligereza, pero el silencio del ni\u00f1o revela una madurez prematura: \u00abholding steady\u00bb ante el fin percibido, como describe la cr\u00edtica Ann Putnam. Una vez aclarado, el ni\u00f1o llora, liberando la tensi\u00f3n acumulada. Aqu\u00ed, callar es m\u00e1s dif\u00edcil porque implica soportar solos el peso emocional \u2014el miedo a la muerte\u2014, sin el alivio del habla. Psicol\u00f3gicamente, esto alinea con mecanismos de retiro emocional, donde el silencio act\u00faa como <em>coping<\/em>, pero a costa de aislamiento.<\/p>\n<p>En \u00abNobody Ever Dies\u00bb (1939), Hemingway extiende estos valores al \u00e1mbito femenino, desafiando estereotipos de g\u00e9nero. La protagonista Mar\u00eda, una luchadora cubana, enfrenta la captura tras la muerte de su hermano. Ante el discurso ideol\u00f3gico y verbal de su compa\u00f1ero Enrique, quien la interrumpe y minimiza su duelo, Mar\u00eda se retrae en silencio: \u00abShe said nothing and [\u2026] looking straight ahead\u00bb. Este mutismo no es sumisi\u00f3n, sino que poder: obliga a Enrique a confrontar la p\u00e9rdida real, y en su arresto, su postura erguida y \u00abface shining proudly\u00bb impone silencio a sus captores, invirtiendo din\u00e1micas de poder. Meunier concluye que el silencio, como en los otros relatos, transforma percepciones de debilidad en awe, paralelizando la t\u00e9cnica narrativa de Hemingway: la omisi\u00f3n crea \u00abdignity of movement\u00bb, invitando a entender sin juzgar.<\/p>\n<p>Estos ejemplos ilustran por qu\u00e9 callar es m\u00e1s arduo: psicol\u00f3gicamente, requiere resistir la urgencia de expresar dolor, miedo o ira, cualidades que Hemingway desarroll\u00f3 a lo largo de su vida, marcada por depresiones, divorcios y un suicidio final que, ir\u00f3nicamente, sell\u00f3 su silencio eterno. En un an\u00e1lisis m\u00e1s amplio, la literatura del siglo XX refleja esta lucha. Autores como Samuel Beckett en <em>Esperando a Godot<\/em> (1953) usan pausas y silencios para exponer la futilidad del habla incesante, mientras que Virginia Woolf en <em>Al faro<\/em> (1927) explora el silencio interior como refugio femenino ante el patriarcado verbal. Hemingway, influido por modernistas como Ezra Pound, elev\u00f3 el silencio a principio est\u00e9tico: en <em>El viejo y el mar<\/em> (1952), Santiago habla poco, pero su lucha interna contra el mar \u2014lo no verbalizado\u2014 transmite \u00e9pica.<\/p>\n<p>Culturalmente, la dificultad del silencio persiste hoy. En era de redes sociales, donde el \u00aboversharing\u00bb es norma, callar se ve como anomal\u00eda o debilidad. Sin embargo, estudios psicol\u00f3gicos advierten que el silencio fomenta creatividad y foco, pero su carga emocional \u2014como el \u00abcognitive dissonance\u00bb generado al no responder\u2014 lo hace costoso. Para minor\u00edas, el silencio puede perpetuar opresi\u00f3n, imponiendo la carga de educar a otros. Hemingway, consciente de esto, us\u00f3 el silencio no para oprimir, sino para empoderar: sus personajes, al callar, ganan agencia.<\/p>\n<p>En conclusi\u00f3n, la cita atribuida a Hemingway \u2014aun si ap\u00f3crifa\u2014 destila una lecci\u00f3n perdurable: aprender a callar toma d\u00e9cadas porque combate impulsos innatos, exigiendo madurez para omitir lo superfluo y revelar lo esencial. Su obra, con su econom\u00eda verbal y \u00e9nfasis en lo sumergido, ense\u00f1a que el silencio no es vac\u00edo, sino profundidad. En un mundo ruidoso, esta maestr\u00eda sigue siendo un arte raro, pero vital para la dignidad humana. Como Hemingway escribi\u00f3 en <em>Por qui\u00e9n doblan las campanas<\/em> (1940): \u00abEl mundo es un buen lugar por el que vale la pena luchar\u00bb. Y a veces, luchar significa callar.<\/p>\n","protected":false},"excerpt":{"rendered":"<p>En el vasto panorama de la literatura del siglo XX, pocas figuras proyectan una sombra tan larga como Ernest Hemingway. Atribuida a \u00e9l una c\u00e9lebre frase \u2014\u201cSe necesitan dos a\u00f1os para aprender a hablar, y sesenta para aprender a callar\u201d\u2014, esta sentencia encapsula una verdad profunda sobre la condici\u00f3n humana: [&hellip;]<\/p>\n","protected":false},"author":3,"featured_media":54415,"comment_status":"closed","ping_status":"closed","sticky":false,"template":"","format":"standard","meta":{"footnotes":""},"categories":[4],"tags":[],"class_list":["post-66951","post","type-post","status-publish","format-standard","has-post-thumbnail","hentry","category-cultura"],"yoast_head":"<!-- This site is optimized with the Yoast SEO plugin v27.5 - https:\/\/yoast.com\/product\/yoast-seo-wordpress\/ -->\n<title>El valor del silencio - Revista Rambla<\/title>\n<meta name=\"robots\" content=\"index, follow, max-snippet:-1, max-image-preview:large, max-video-preview:-1\" \/>\n<link rel=\"canonical\" href=\"https:\/\/www.revistarambla.com\/en\/cuando-ernest-hemingway-aprendio-a-callar\/\" \/>\n<meta property=\"og:locale\" content=\"en_GB\" \/>\n<meta property=\"og:type\" content=\"article\" \/>\n<meta property=\"og:title\" content=\"El valor del silencio - Revista Rambla\" \/>\n<meta property=\"og:description\" content=\"En el vasto panorama de la literatura del siglo XX, pocas figuras proyectan una sombra tan larga como Ernest Hemingway. Atribuida a \u00e9l una c\u00e9lebre frase \u2014\u201cSe necesitan dos a\u00f1os para aprender a hablar, y sesenta para aprender a callar\u201d\u2014, esta sentencia encapsula una verdad profunda sobre la condici\u00f3n humana: [&hellip;]\" \/>\n<meta property=\"og:url\" content=\"https:\/\/www.revistarambla.com\/en\/cuando-ernest-hemingway-aprendio-a-callar\/\" \/>\n<meta property=\"og:site_name\" content=\"Revista Rambla\" \/>\n<meta property=\"article:publisher\" content=\"https:\/\/www.facebook.com\/revistarambla\/\" \/>\n<meta property=\"article:author\" content=\"https:\/\/www.facebook.com\/revistarambla\" \/>\n<meta property=\"article:published_time\" content=\"2025-10-19T12:44:13+00:00\" \/>\n<meta property=\"article:modified_time\" content=\"2025-10-20T17:03:15+00:00\" \/>\n<meta property=\"og:image\" content=\"https:\/\/www.revistarambla.com\/wp-content\/uploads\/2023\/04\/ErnestHemingway-crop.jpg\" \/>\n\t<meta property=\"og:image:width\" content=\"1500\" \/>\n\t<meta property=\"og:image:height\" content=\"1250\" \/>\n\t<meta property=\"og:image:type\" content=\"image\/jpeg\" \/>\n<meta name=\"author\" content=\"R@mbla\" \/>\n<meta name=\"twitter:card\" content=\"summary_large_image\" \/>\n<meta name=\"twitter:creator\" content=\"@revistarambla\" \/>\n<meta name=\"twitter:site\" content=\"@revistarambla\" \/>\n<meta name=\"twitter:label1\" content=\"Written by\" \/>\n\t<meta name=\"twitter:data1\" content=\"R@mbla\" \/>\n\t<meta name=\"twitter:label2\" content=\"Estimated reading time\" \/>\n\t<meta name=\"twitter:data2\" content=\"7 minutes\" \/>\n<script type=\"application\/ld+json\" class=\"yoast-schema-graph\">{\"@context\":\"https:\\\/\\\/schema.org\",\"@graph\":[{\"@type\":\"Article\",\"@id\":\"https:\\\/\\\/www.revistarambla.com\\\/cuando-ernest-hemingway-aprendio-a-callar\\\/#article\",\"isPartOf\":{\"@id\":\"https:\\\/\\\/www.revistarambla.com\\\/cuando-ernest-hemingway-aprendio-a-callar\\\/\"},\"author\":{\"name\":\"R@mbla\",\"@id\":\"https:\\\/\\\/www.revistarambla.com\\\/#\\\/schema\\\/person\\\/a146a5a2550b94981a75131180e1bd9c\"},\"headline\":\"El valor del silencio\",\"datePublished\":\"2025-10-19T12:44:13+00:00\",\"dateModified\":\"2025-10-20T17:03:15+00:00\",\"mainEntityOfPage\":{\"@id\":\"https:\\\/\\\/www.revistarambla.com\\\/cuando-ernest-hemingway-aprendio-a-callar\\\/\"},\"wordCount\":1442,\"publisher\":{\"@id\":\"https:\\\/\\\/www.revistarambla.com\\\/#organization\"},\"image\":{\"@id\":\"https:\\\/\\\/www.revistarambla.com\\\/cuando-ernest-hemingway-aprendio-a-callar\\\/#primaryimage\"},\"thumbnailUrl\":\"https:\\\/\\\/www.revistarambla.com\\\/wp-content\\\/uploads\\\/2023\\\/04\\\/ErnestHemingway-crop.jpg\",\"articleSection\":[\"Cultura\"],\"inLanguage\":\"en-GB\"},{\"@type\":\"WebPage\",\"@id\":\"https:\\\/\\\/www.revistarambla.com\\\/cuando-ernest-hemingway-aprendio-a-callar\\\/\",\"url\":\"https:\\\/\\\/www.revistarambla.com\\\/cuando-ernest-hemingway-aprendio-a-callar\\\/\",\"name\":\"El valor del silencio - Revista Rambla\",\"isPartOf\":{\"@id\":\"https:\\\/\\\/www.revistarambla.com\\\/#website\"},\"primaryImageOfPage\":{\"@id\":\"https:\\\/\\\/www.revistarambla.com\\\/cuando-ernest-hemingway-aprendio-a-callar\\\/#primaryimage\"},\"image\":{\"@id\":\"https:\\\/\\\/www.revistarambla.com\\\/cuando-ernest-hemingway-aprendio-a-callar\\\/#primaryimage\"},\"thumbnailUrl\":\"https:\\\/\\\/www.revistarambla.com\\\/wp-content\\\/uploads\\\/2023\\\/04\\\/ErnestHemingway-crop.jpg\",\"datePublished\":\"2025-10-19T12:44:13+00:00\",\"dateModified\":\"2025-10-20T17:03:15+00:00\",\"breadcrumb\":{\"@id\":\"https:\\\/\\\/www.revistarambla.com\\\/cuando-ernest-hemingway-aprendio-a-callar\\\/#breadcrumb\"},\"inLanguage\":\"en-GB\",\"potentialAction\":[{\"@type\":\"ReadAction\",\"target\":[\"https:\\\/\\\/www.revistarambla.com\\\/cuando-ernest-hemingway-aprendio-a-callar\\\/\"]}]},{\"@type\":\"ImageObject\",\"inLanguage\":\"en-GB\",\"@id\":\"https:\\\/\\\/www.revistarambla.com\\\/cuando-ernest-hemingway-aprendio-a-callar\\\/#primaryimage\",\"url\":\"https:\\\/\\\/www.revistarambla.com\\\/wp-content\\\/uploads\\\/2023\\\/04\\\/ErnestHemingway-crop.jpg\",\"contentUrl\":\"https:\\\/\\\/www.revistarambla.com\\\/wp-content\\\/uploads\\\/2023\\\/04\\\/ErnestHemingway-crop.jpg\",\"width\":1500,\"height\":1250,\"caption\":\"Ernest Hemingway\"},{\"@type\":\"BreadcrumbList\",\"@id\":\"https:\\\/\\\/www.revistarambla.com\\\/cuando-ernest-hemingway-aprendio-a-callar\\\/#breadcrumb\",\"itemListElement\":[{\"@type\":\"ListItem\",\"position\":1,\"name\":\"Portada\",\"item\":\"https:\\\/\\\/www.revistarambla.com\\\/\"},{\"@type\":\"ListItem\",\"position\":2,\"name\":\"El valor del silencio\"}]},{\"@type\":\"WebSite\",\"@id\":\"https:\\\/\\\/www.revistarambla.com\\\/#website\",\"url\":\"https:\\\/\\\/www.revistarambla.com\\\/\",\"name\":\"Revista Rambla Barcelona\",\"description\":\"Periodismo independiente\",\"publisher\":{\"@id\":\"https:\\\/\\\/www.revistarambla.com\\\/#organization\"},\"potentialAction\":[{\"@type\":\"SearchAction\",\"target\":{\"@type\":\"EntryPoint\",\"urlTemplate\":\"https:\\\/\\\/www.revistarambla.com\\\/?s={search_term_string}\"},\"query-input\":{\"@type\":\"PropertyValueSpecification\",\"valueRequired\":true,\"valueName\":\"search_term_string\"}}],\"inLanguage\":\"en-GB\"},{\"@type\":\"Organization\",\"@id\":\"https:\\\/\\\/www.revistarambla.com\\\/#organization\",\"name\":\"Revista Rambla\",\"url\":\"https:\\\/\\\/www.revistarambla.com\\\/\",\"logo\":{\"@type\":\"ImageObject\",\"inLanguage\":\"en-GB\",\"@id\":\"https:\\\/\\\/www.revistarambla.com\\\/#\\\/schema\\\/logo\\\/image\\\/\",\"url\":\"https:\\\/\\\/www.revistarambla.com\\\/wp-content\\\/uploads\\\/2020\\\/09\\\/banner_rambla_1900x600_BB.png\",\"contentUrl\":\"https:\\\/\\\/www.revistarambla.com\\\/wp-content\\\/uploads\\\/2020\\\/09\\\/banner_rambla_1900x600_BB.png\",\"width\":1900,\"height\":600,\"caption\":\"Revista Rambla\"},\"image\":{\"@id\":\"https:\\\/\\\/www.revistarambla.com\\\/#\\\/schema\\\/logo\\\/image\\\/\"},\"sameAs\":[\"https:\\\/\\\/www.facebook.com\\\/revistarambla\\\/\",\"https:\\\/\\\/x.com\\\/revistarambla\",\"https:\\\/\\\/www.instagram.com\\\/revista_rambla\",\"https:\\\/\\\/es.linkedin.com\\\/company\\\/revista-rambla\"]},{\"@type\":\"Person\",\"@id\":\"https:\\\/\\\/www.revistarambla.com\\\/#\\\/schema\\\/person\\\/a146a5a2550b94981a75131180e1bd9c\",\"name\":\"R@mbla\",\"description\":\"Este art\u00edculo ha sido redactado y\\\/o validado por el equipo de redacci\u00f3n de Revista Rambla.\",\"sameAs\":[\"https:\\\/\\\/www.revistarambla.com\\\/\",\"https:\\\/\\\/www.facebook.com\\\/revistarambla\",\"https:\\\/\\\/x.com\\\/revistarambla\"]}]}<\/script>\n<!-- \/ Yoast SEO plugin. -->","yoast_head_json":{"title":"El valor del silencio - Revista Rambla","robots":{"index":"index","follow":"follow","max-snippet":"max-snippet:-1","max-image-preview":"max-image-preview:large","max-video-preview":"max-video-preview:-1"},"canonical":"https:\/\/www.revistarambla.com\/en\/cuando-ernest-hemingway-aprendio-a-callar\/","og_locale":"en_GB","og_type":"article","og_title":"El valor del silencio - Revista Rambla","og_description":"En el vasto panorama de la literatura del siglo XX, pocas figuras proyectan una sombra tan larga como Ernest Hemingway. Atribuida a \u00e9l una c\u00e9lebre frase \u2014\u201cSe necesitan dos a\u00f1os para aprender a hablar, y sesenta para aprender a callar\u201d\u2014, esta sentencia encapsula una verdad profunda sobre la condici\u00f3n humana: [&hellip;]","og_url":"https:\/\/www.revistarambla.com\/en\/cuando-ernest-hemingway-aprendio-a-callar\/","og_site_name":"Revista Rambla","article_publisher":"https:\/\/www.facebook.com\/revistarambla\/","article_author":"https:\/\/www.facebook.com\/revistarambla","article_published_time":"2025-10-19T12:44:13+00:00","article_modified_time":"2025-10-20T17:03:15+00:00","og_image":[{"width":1500,"height":1250,"url":"https:\/\/www.revistarambla.com\/wp-content\/uploads\/2023\/04\/ErnestHemingway-crop.jpg","type":"image\/jpeg"}],"author":"R@mbla","twitter_card":"summary_large_image","twitter_creator":"@revistarambla","twitter_site":"@revistarambla","twitter_misc":{"Written by":"R@mbla","Estimated reading time":"7 minutes"},"schema":{"@context":"https:\/\/schema.org","@graph":[{"@type":"Article","@id":"https:\/\/www.revistarambla.com\/cuando-ernest-hemingway-aprendio-a-callar\/#article","isPartOf":{"@id":"https:\/\/www.revistarambla.com\/cuando-ernest-hemingway-aprendio-a-callar\/"},"author":{"name":"R@mbla","@id":"https:\/\/www.revistarambla.com\/#\/schema\/person\/a146a5a2550b94981a75131180e1bd9c"},"headline":"El valor del silencio","datePublished":"2025-10-19T12:44:13+00:00","dateModified":"2025-10-20T17:03:15+00:00","mainEntityOfPage":{"@id":"https:\/\/www.revistarambla.com\/cuando-ernest-hemingway-aprendio-a-callar\/"},"wordCount":1442,"publisher":{"@id":"https:\/\/www.revistarambla.com\/#organization"},"image":{"@id":"https:\/\/www.revistarambla.com\/cuando-ernest-hemingway-aprendio-a-callar\/#primaryimage"},"thumbnailUrl":"https:\/\/www.revistarambla.com\/wp-content\/uploads\/2023\/04\/ErnestHemingway-crop.jpg","articleSection":["Cultura"],"inLanguage":"en-GB"},{"@type":"WebPage","@id":"https:\/\/www.revistarambla.com\/cuando-ernest-hemingway-aprendio-a-callar\/","url":"https:\/\/www.revistarambla.com\/cuando-ernest-hemingway-aprendio-a-callar\/","name":"El valor del silencio - Revista Rambla","isPartOf":{"@id":"https:\/\/www.revistarambla.com\/#website"},"primaryImageOfPage":{"@id":"https:\/\/www.revistarambla.com\/cuando-ernest-hemingway-aprendio-a-callar\/#primaryimage"},"image":{"@id":"https:\/\/www.revistarambla.com\/cuando-ernest-hemingway-aprendio-a-callar\/#primaryimage"},"thumbnailUrl":"https:\/\/www.revistarambla.com\/wp-content\/uploads\/2023\/04\/ErnestHemingway-crop.jpg","datePublished":"2025-10-19T12:44:13+00:00","dateModified":"2025-10-20T17:03:15+00:00","breadcrumb":{"@id":"https:\/\/www.revistarambla.com\/cuando-ernest-hemingway-aprendio-a-callar\/#breadcrumb"},"inLanguage":"en-GB","potentialAction":[{"@type":"ReadAction","target":["https:\/\/www.revistarambla.com\/cuando-ernest-hemingway-aprendio-a-callar\/"]}]},{"@type":"ImageObject","inLanguage":"en-GB","@id":"https:\/\/www.revistarambla.com\/cuando-ernest-hemingway-aprendio-a-callar\/#primaryimage","url":"https:\/\/www.revistarambla.com\/wp-content\/uploads\/2023\/04\/ErnestHemingway-crop.jpg","contentUrl":"https:\/\/www.revistarambla.com\/wp-content\/uploads\/2023\/04\/ErnestHemingway-crop.jpg","width":1500,"height":1250,"caption":"Ernest Hemingway"},{"@type":"BreadcrumbList","@id":"https:\/\/www.revistarambla.com\/cuando-ernest-hemingway-aprendio-a-callar\/#breadcrumb","itemListElement":[{"@type":"ListItem","position":1,"name":"Portada","item":"https:\/\/www.revistarambla.com\/"},{"@type":"ListItem","position":2,"name":"El valor del silencio"}]},{"@type":"WebSite","@id":"https:\/\/www.revistarambla.com\/#website","url":"https:\/\/www.revistarambla.com\/","name":"Revista Rambla Barcelona","description":"Periodismo independiente","publisher":{"@id":"https:\/\/www.revistarambla.com\/#organization"},"potentialAction":[{"@type":"SearchAction","target":{"@type":"EntryPoint","urlTemplate":"https:\/\/www.revistarambla.com\/?s={search_term_string}"},"query-input":{"@type":"PropertyValueSpecification","valueRequired":true,"valueName":"search_term_string"}}],"inLanguage":"en-GB"},{"@type":"Organization","@id":"https:\/\/www.revistarambla.com\/#organization","name":"Revista Rambla","url":"https:\/\/www.revistarambla.com\/","logo":{"@type":"ImageObject","inLanguage":"en-GB","@id":"https:\/\/www.revistarambla.com\/#\/schema\/logo\/image\/","url":"https:\/\/www.revistarambla.com\/wp-content\/uploads\/2020\/09\/banner_rambla_1900x600_BB.png","contentUrl":"https:\/\/www.revistarambla.com\/wp-content\/uploads\/2020\/09\/banner_rambla_1900x600_BB.png","width":1900,"height":600,"caption":"Revista Rambla"},"image":{"@id":"https:\/\/www.revistarambla.com\/#\/schema\/logo\/image\/"},"sameAs":["https:\/\/www.facebook.com\/revistarambla\/","https:\/\/x.com\/revistarambla","https:\/\/www.instagram.com\/revista_rambla","https:\/\/es.linkedin.com\/company\/revista-rambla"]},{"@type":"Person","@id":"https:\/\/www.revistarambla.com\/#\/schema\/person\/a146a5a2550b94981a75131180e1bd9c","name":"R@mbla","description":"Este art\u00edculo ha sido redactado y\/o validado por el equipo de redacci\u00f3n de Revista Rambla.","sameAs":["https:\/\/www.revistarambla.com\/","https:\/\/www.facebook.com\/revistarambla","https:\/\/x.com\/revistarambla"]}]}},"_links":{"self":[{"href":"https:\/\/www.revistarambla.com\/en\/wp-json\/wp\/v2\/posts\/66951","targetHints":{"allow":["GET"]}}],"collection":[{"href":"https:\/\/www.revistarambla.com\/en\/wp-json\/wp\/v2\/posts"}],"about":[{"href":"https:\/\/www.revistarambla.com\/en\/wp-json\/wp\/v2\/types\/post"}],"author":[{"embeddable":true,"href":"https:\/\/www.revistarambla.com\/en\/wp-json\/wp\/v2\/users\/3"}],"replies":[{"embeddable":true,"href":"https:\/\/www.revistarambla.com\/en\/wp-json\/wp\/v2\/comments?post=66951"}],"version-history":[{"count":2,"href":"https:\/\/www.revistarambla.com\/en\/wp-json\/wp\/v2\/posts\/66951\/revisions"}],"predecessor-version":[{"id":66980,"href":"https:\/\/www.revistarambla.com\/en\/wp-json\/wp\/v2\/posts\/66951\/revisions\/66980"}],"wp:featuredmedia":[{"embeddable":true,"href":"https:\/\/www.revistarambla.com\/en\/wp-json\/wp\/v2\/media\/54415"}],"wp:attachment":[{"href":"https:\/\/www.revistarambla.com\/en\/wp-json\/wp\/v2\/media?parent=66951"}],"wp:term":[{"taxonomy":"category","embeddable":true,"href":"https:\/\/www.revistarambla.com\/en\/wp-json\/wp\/v2\/categories?post=66951"},{"taxonomy":"post_tag","embeddable":true,"href":"https:\/\/www.revistarambla.com\/en\/wp-json\/wp\/v2\/tags?post=66951"}],"curies":[{"name":"wp","href":"https:\/\/api.w.org\/{rel}","templated":true}]}}