{"id":66946,"date":"2025-10-18T11:42:09","date_gmt":"2025-10-18T09:42:09","guid":{"rendered":"https:\/\/www.revistarambla.com\/?p=66946"},"modified":"2025-10-18T11:42:09","modified_gmt":"2025-10-18T09:42:09","slug":"que-le-pasa-al-cerebro-de-una-mujer-que-ha-sufrido-una-agresion-sexual","status":"publish","type":"post","link":"https:\/\/www.revistarambla.com\/en\/que-le-pasa-al-cerebro-de-una-mujer-que-ha-sufrido-una-agresion-sexual\/","title":{"rendered":"\u00bfQu\u00e9 le pasa al cerebro de una mujer que ha sufrido una agresi\u00f3n sexual?"},"content":{"rendered":"<p>En un avance significativo para la comprensi\u00f3n de los trastornos mentales derivados de traumas espec\u00edficos, un equipo de cient\u00edficos espa\u00f1oles ha revelado alteraciones profundas en la conectividad cerebral de mujeres que han sufrido agresiones sexuales recientes. Este estudio, liderado por investigadores del Hospital Cl\u00ednic de Barcelona y el Institut d&#8217;Investigacions Biom\u00e8diques August Pi i Sunyer (IDIBAPS), demuestra c\u00f3mo el trastorno por estr\u00e9s postraum\u00e1tico (TEPT) inducido por violencia sexual provoca una \u00abdesconexi\u00f3n\u00bb entre regiones clave del cerebro responsables de procesar y regular las emociones. Los hallazgos, presentados en el Congreso del Colegio Europeo de Neuropsicofarmacolog\u00eda (ECNP) en \u00c1msterdam, subrayan la urgencia de intervenciones tempranas y personalizadas, y podr\u00edan pavimentar el camino hacia biomarcadores neuroimagenol\u00f3gicos para predecir la evoluci\u00f3n del trastorno.<\/p>\n<p>La violencia sexual es una de las formas de trauma m\u00e1s prevalentes en el mundo, afectando predominantemente a mujeres. Seg\u00fan datos de la Organizaci\u00f3n Mundial de la Salud (OMS), hasta el 25% de las mujeres experimentan una agresi\u00f3n sexual en alg\u00fan momento de su vida, y de ellas, alrededor del 70% desarrollan TEPT. Este trastorno, caracterizado por s\u00edntomas como ansiedad persistente, hipervigilancia, recuerdos intrusivos, insomnio y dificultades para concentrarse, no solo altera la calidad de vida, sino que tambi\u00e9n deja huellas biol\u00f3gicas en el cerebro. Hist\u00f3ricamente, la investigaci\u00f3n sobre TEPT se ha centrado en traumas como conflictos b\u00e9licos o desastres naturales, dejando un vac\u00edo en el estudio de la violencia de g\u00e9nero. El nuevo trabajo espa\u00f1ol aborda esta brecha, enfoc\u00e1ndose en un trauma espec\u00edfico y reciente, y utilizando t\u00e9cnicas avanzadas de neuroimagen para mapear cambios funcionales en el sistema nervioso central.<\/p>\n<p>El estudio, titulado \u00abDisrupted fronto-limbic connectivity in posttraumatic stress disorder secondary to a recent sexual assault\u00bb, fue dirigido por la psic\u00f3loga Olga Puig, coordinadora del Programa de Prevenci\u00f3n y Tratamiento de las Secuelas Ps\u00edquicas en Mujeres V\u00edctimas de Agresi\u00f3n Sexual del Hospital Cl\u00ednic, junto con la psiquiatra Adriana Fortea como codirectora, y Lydia Fortea a cargo de los an\u00e1lisis metodol\u00f3gicos. Esta iniciativa surge de un programa cl\u00ednico establecido en 2008, que ha atendido a m\u00e1s de 1.500 mujeres en Barcelona, integrando atenci\u00f3n psicol\u00f3gica inmediata con investigaci\u00f3n neurocient\u00edfica. Los investigadores reclutaron a 85 participantes: 40 mujeres (incluyendo adultas y adolescentes) que hab\u00edan sufrido una agresi\u00f3n sexual en el \u00faltimo a\u00f1o y desarrollado TEPT, y 45 controles sanas sin historial de trauma reciente. La selecci\u00f3n se bas\u00f3 en criterios estrictos, excluyendo comorbilidades como trastornos psiqui\u00e1tricos previos o uso de sustancias, para aislar los efectos del trauma sexual.<\/p>\n<p>Metodol\u00f3gicamente, el equipo emple\u00f3 resonancia magn\u00e9tica funcional en reposo (fMRI-rs), una t\u00e9cnica no invasiva que mide la actividad cerebral espont\u00e1nea y la conectividad funcional entre regiones sin requerir tareas espec\u00edficas del sujeto. Esta aproximaci\u00f3n permite observar c\u00f3mo el cerebro \u00abdescansa\u00bb y c\u00f3mo se comunican sus redes neuronales, ofreciendo insights sobre alteraciones subyacentes en trastornos como el TEPT. Las participantes fueron escaneadas en un equipo de 3 Tesla, con protocolos estandarizados para minimizar artefactos de movimiento y asegurar la reproducibilidad. El an\u00e1lisis se centr\u00f3 en el sistema fronto-l\u00edmbico, un circuito clave involucrado en la regulaci\u00f3n emocional, que incluye la am\u00edgdala (responsable de procesar emociones primarias como el miedo) y la corteza cingulada anterior (ACC, por sus siglas en ingl\u00e9s), una subregi\u00f3n de la corteza prefrontal que modula respuestas emocionales y cognitivas.<\/p>\n<p>Los resultados son impactantes: en 22 de las 40 mujeres con TEPT (un 55%), la conectividad funcional entre la am\u00edgdala y la ACC se redujo dr\u00e1sticamente o desapareci\u00f3 por completo. Esta \u00abdesconexi\u00f3n\u00bb implica que la corteza prefrontal pierde su capacidad para inhibir o regular las se\u00f1ales de alarma generadas por la am\u00edgdala, lo que podr\u00eda explicar s\u00edntomas centrales del TEPT, como reacciones de miedo desproporcionadas ante est\u00edmulos neutros, cambios abruptos de humor o una sensaci\u00f3n constante de amenaza. En t\u00e9rminos neurobiol\u00f3gicos, esta alteraci\u00f3n se asemeja a un fallo en el \u00abfreno\u00bb emocional del cerebro, permitiendo que respuestas primitivas de supervivencia dominen sobre procesos cognitivos superiores. Notablemente, no se encontr\u00f3 una correlaci\u00f3n estad\u00edstica significativa entre el grado de desconexi\u00f3n y la severidad de los s\u00edntomas cl\u00ednicos, medidos mediante escalas estandarizadas como la Clinician-Administered PTSD Scale (CAPS). Esto sugiere que la alteraci\u00f3n fronto-l\u00edmbica act\u00faa como un biomarcador espec\u00edfico del TEPT post-agresi\u00f3n sexual, independientemente de la intensidad sintom\u00e1tica, lo que la distingue de variaciones individuales en la expresi\u00f3n cl\u00ednica.<\/p>\n<p>Para contextualizar estos hallazgos, es \u00fatil recordar que estudios previos en TEPT, como los realizados en veteranos de guerra, han identificado patrones similares de hipoactividad en la corteza prefrontal y hiperactividad amigdalar. Sin embargo, el enfoque en agresiones sexuales introduce novedades: este trauma es interpersonal, cr\u00f3nico en su impacto social y predominantemente femenino, lo que podr\u00eda modular respuestas neuronales de manera \u00fanica. Por ejemplo, investigaciones meta-anal\u00edticas publicadas en revistas como *JAMA Psychiatry* han mostrado que el TEPT relacionado con violencia de g\u00e9nero presenta tasas m\u00e1s altas de cronicidad (hasta 50% de casos persistentes a los 5 a\u00f1os) comparado con otros traumas. El equipo espa\u00f1ol destaca que, al analizar traumas recientes (dentro del a\u00f1o), evitan confusi\u00f3n con efectos acumulativos de traumas previos, fortaleciendo la causalidad entre la agresi\u00f3n y los cambios cerebrales.<\/p>\n<p>Desde una perspectiva experta, estos resultados han sido bien recibidos por la comunidad cient\u00edfica. C\u00e9sar San Juan, investigador en Psicolog\u00eda Criminal de la Universidad del Pa\u00eds Vasco, califica la metodolog\u00eda como \u00abs\u00f3lida\u00bb y resalta la novedad de aplicar an\u00e1lisis fronto-l\u00edmbicos a agresiones sexuales. \u00abQue en m\u00e1s de la mitad de las pacientes la conexi\u00f3n am\u00edgdala-corteza casi desaparezca es un resultado extraordinariamente destacable\u00bb, afirma, enfatizando la necesidad de estudios longitudinales para confirmar causalidad. Ra\u00fcl Andero Gal\u00ed, profesor ICREA en la Universitat Aut\u00f2noma de Barcelona, a\u00f1ade que este hallazgo refuerza la conectividad prefrontal-am\u00edgdala como diana terap\u00e9utica clave, especialmente dada la \u00aboportunidad \u00fanica\u00bb del TEPT para prevenci\u00f3n, ya que surge de un evento identificable. Ambos expertos declaran no tener conflictos de inter\u00e9s, agregando credibilidad a sus valoraciones.<\/p>\n<p>Las implicaciones cl\u00ednicas son profundas. Si la desconexi\u00f3n fronto-l\u00edmbica se confirma como predictor de respuesta terap\u00e9utica, la fMRI podr\u00eda integrarse en protocolos de screening post-trauma, permitiendo identificar mujeres en alto riesgo de cronicidad y adaptar intervenciones. Actualmente, tratamientos como la terapia cognitivo-conductual enfocada en trauma (TF-CBT) o la eye movement desensitization and reprocessing (EMDR) logran remisiones en el 60-70% de casos, pero fallan en subgrupos resistentes. Biomarcadores neuroimagenol\u00f3gicos podr\u00edan guiar hacia enfoques farmacol\u00f3gicos, como moduladores de glutamato o ketamina, que han mostrado promesa en restaurar conectividad en modelos animales de TEPT. Adem\u00e1s, el estudio resalta diferencias potenciales entre adolescentes y adultas: el cerebro en desarrollo podr\u00eda exhibir mayor plasticidad, ofreciendo ventanas para intervenciones preventivas.<\/p>\n<p>No obstante, el estudio presenta limitaciones inherentes a su dise\u00f1o transversal. Al capturar un \u00abinstant\u00e1neo\u00bb cerebral, no establece si la desconexi\u00f3n precede al trauma (como vulnerabilidad preexistente) o surge como consecuencia directa. El equipo planea expandir la muestra a 75 participantes por grupo y realizar seguimientos longitudinales al a\u00f1o, incorporando evaluaciones cl\u00ednicas para correlacionar cambios neuronales con recuperaci\u00f3n. Otra cr\u00edtica es el enfoque exclusivo en mujeres, justificado por la epidemiolog\u00eda de las agresiones sexuales, pero que limita generalizaci\u00f3n a hombres o no binarios. Futuras investigaciones podr\u00edan incorporar an\u00e1lisis gen\u00e9ticos, como polimorfismos en genes de receptores de glucocorticoides, para elucidar interacciones gene-ambiente en la patog\u00e9nesis del TEPT.<\/p>\n<p>En un panorama m\u00e1s amplio, este trabajo contribuye a desestigmatizar el TEPT post-violencia sexual. Al evidenciar cambios biol\u00f3gicos tangibles, refuta narrativas que minimizan el trauma como \u00abreacci\u00f3n exagerada\u00bb, promoviendo empat\u00eda social y pol\u00edticas p\u00fablicas. En Espa\u00f1a, donde se reportan m\u00e1s de 15.000 denuncias anuales por delitos sexuales (seg\u00fan el Ministerio del Interior), programas como el del Hospital Cl\u00ednic podr\u00edan escalarse, integrando neuroimagen con apoyo psicol\u00f3gico forense. A nivel global, alinea con iniciativas de la OMS para priorizar salud mental en v\u00edctimas de violencia de g\u00e9nero, potencialmente influyendo en gu\u00edas como las del National Institute for Health and Care Excellence (NICE) del Reino Unido.<\/p>\n<p>En conclusi\u00f3n, este estudio espa\u00f1ol no solo ilumina los mecanismos neuronales del TEPT inducido por agresi\u00f3n sexual, sino que abre puertas a una medicina de precisi\u00f3n en psiquiatr\u00eda traum\u00e1tica. Al revelar c\u00f3mo el cerebro \u00abse desconecta\u00bb para protegerse, pero a costa de la regulaci\u00f3n emocional, insta a una acci\u00f3n inmediata: detecci\u00f3n temprana, tratamientos innovadores y apoyo integral. Con m\u00e1s de 3,9% de la poblaci\u00f3n mundial afectada por TEPT, avances como este podr\u00edan transformar el pron\u00f3stico para millones, convirtiendo el trauma en un cap\u00edtulo superable en lugar de una sentencia vitalicia. La investigaci\u00f3n contin\u00faa, con promesas de datos longitudinales que profundicen nuestra comprensi\u00f3n del resiliente cerebro humano.<\/p>","protected":false},"excerpt":{"rendered":"<p>Los resultados de una nueva investigaci\u00f3n podr\u00edan ayudar a desarrollar tratamientos m\u00e1s eficaces para las v\u00edctimas<\/p>","protected":false},"author":3,"featured_media":66947,"comment_status":"closed","ping_status":"closed","sticky":false,"template":"","format":"standard","meta":{"footnotes":""},"categories":[4099],"tags":[],"class_list":["post-66946","post","type-post","status-publish","format-standard","has-post-thumbnail","hentry","category-otras-miradas"],"yoast_head":"<!-- This site is optimized with the Yoast SEO plugin v27.5 - https:\/\/yoast.com\/product\/yoast-seo-wordpress\/ -->\n<title>\u00bfQu\u00e9 le pasa al cerebro de una mujer que ha sufrido una agresi\u00f3n sexual? - Revista Rambla<\/title>\n<meta name=\"robots\" content=\"index, follow, max-snippet:-1, max-image-preview:large, max-video-preview:-1\" \/>\n<link rel=\"canonical\" href=\"https:\/\/www.revistarambla.com\/en\/que-le-pasa-al-cerebro-de-una-mujer-que-ha-sufrido-una-agresion-sexual\/\" \/>\n<meta property=\"og:locale\" content=\"en_GB\" \/>\n<meta property=\"og:type\" content=\"article\" \/>\n<meta property=\"og:title\" content=\"\u00bfQu\u00e9 le pasa al cerebro de una mujer que ha sufrido una agresi\u00f3n sexual? - Revista Rambla\" \/>\n<meta property=\"og:description\" content=\"Los resultados de una nueva investigaci\u00f3n podr\u00edan ayudar a desarrollar tratamientos m\u00e1s eficaces para las v\u00edctimas\" \/>\n<meta property=\"og:url\" content=\"https:\/\/www.revistarambla.com\/en\/que-le-pasa-al-cerebro-de-una-mujer-que-ha-sufrido-una-agresion-sexual\/\" \/>\n<meta property=\"og:site_name\" content=\"Revista Rambla\" \/>\n<meta property=\"article:publisher\" content=\"https:\/\/www.facebook.com\/revistarambla\/\" \/>\n<meta property=\"article:author\" content=\"https:\/\/www.facebook.com\/revistarambla\" \/>\n<meta property=\"article:published_time\" content=\"2025-10-18T09:42:09+00:00\" \/>\n<meta property=\"og:image\" content=\"https:\/\/www.revistarambla.com\/wp-content\/uploads\/2025\/10\/68f25966e9ff7123e93236d9.jpg\" \/>\n\t<meta property=\"og:image:width\" content=\"1104\" \/>\n\t<meta property=\"og:image:height\" content=\"622\" \/>\n\t<meta property=\"og:image:type\" content=\"image\/jpeg\" \/>\n<meta name=\"author\" content=\"R@mbla\" \/>\n<meta name=\"twitter:card\" content=\"summary_large_image\" \/>\n<meta name=\"twitter:creator\" content=\"@revistarambla\" \/>\n<meta name=\"twitter:site\" content=\"@revistarambla\" \/>\n<meta name=\"twitter:label1\" content=\"Written by\" \/>\n\t<meta name=\"twitter:data1\" content=\"R@mbla\" \/>\n\t<meta name=\"twitter:label2\" content=\"Estimated reading time\" \/>\n\t<meta name=\"twitter:data2\" content=\"7 minutes\" \/>\n<script type=\"application\/ld+json\" class=\"yoast-schema-graph\">{\"@context\":\"https:\\\/\\\/schema.org\",\"@graph\":[{\"@type\":\"Article\",\"@id\":\"https:\\\/\\\/www.revistarambla.com\\\/que-le-pasa-al-cerebro-de-una-mujer-que-ha-sufrido-una-agresion-sexual\\\/#article\",\"isPartOf\":{\"@id\":\"https:\\\/\\\/www.revistarambla.com\\\/que-le-pasa-al-cerebro-de-una-mujer-que-ha-sufrido-una-agresion-sexual\\\/\"},\"author\":{\"name\":\"R@mbla\",\"@id\":\"https:\\\/\\\/www.revistarambla.com\\\/#\\\/schema\\\/person\\\/a146a5a2550b94981a75131180e1bd9c\"},\"headline\":\"\u00bfQu\u00e9 le pasa al cerebro de una mujer que ha sufrido una agresi\u00f3n sexual?\",\"datePublished\":\"2025-10-18T09:42:09+00:00\",\"mainEntityOfPage\":{\"@id\":\"https:\\\/\\\/www.revistarambla.com\\\/que-le-pasa-al-cerebro-de-una-mujer-que-ha-sufrido-una-agresion-sexual\\\/\"},\"wordCount\":1558,\"publisher\":{\"@id\":\"https:\\\/\\\/www.revistarambla.com\\\/#organization\"},\"image\":{\"@id\":\"https:\\\/\\\/www.revistarambla.com\\\/que-le-pasa-al-cerebro-de-una-mujer-que-ha-sufrido-una-agresion-sexual\\\/#primaryimage\"},\"thumbnailUrl\":\"https:\\\/\\\/www.revistarambla.com\\\/wp-content\\\/uploads\\\/2025\\\/10\\\/68f25966e9ff7123e93236d9.jpg\",\"articleSection\":[\"Otras Miradas\"],\"inLanguage\":\"en-GB\"},{\"@type\":\"WebPage\",\"@id\":\"https:\\\/\\\/www.revistarambla.com\\\/que-le-pasa-al-cerebro-de-una-mujer-que-ha-sufrido-una-agresion-sexual\\\/\",\"url\":\"https:\\\/\\\/www.revistarambla.com\\\/que-le-pasa-al-cerebro-de-una-mujer-que-ha-sufrido-una-agresion-sexual\\\/\",\"name\":\"\u00bfQu\u00e9 le pasa al cerebro de una mujer que ha sufrido una agresi\u00f3n sexual? - Revista Rambla\",\"isPartOf\":{\"@id\":\"https:\\\/\\\/www.revistarambla.com\\\/#website\"},\"primaryImageOfPage\":{\"@id\":\"https:\\\/\\\/www.revistarambla.com\\\/que-le-pasa-al-cerebro-de-una-mujer-que-ha-sufrido-una-agresion-sexual\\\/#primaryimage\"},\"image\":{\"@id\":\"https:\\\/\\\/www.revistarambla.com\\\/que-le-pasa-al-cerebro-de-una-mujer-que-ha-sufrido-una-agresion-sexual\\\/#primaryimage\"},\"thumbnailUrl\":\"https:\\\/\\\/www.revistarambla.com\\\/wp-content\\\/uploads\\\/2025\\\/10\\\/68f25966e9ff7123e93236d9.jpg\",\"datePublished\":\"2025-10-18T09:42:09+00:00\",\"breadcrumb\":{\"@id\":\"https:\\\/\\\/www.revistarambla.com\\\/que-le-pasa-al-cerebro-de-una-mujer-que-ha-sufrido-una-agresion-sexual\\\/#breadcrumb\"},\"inLanguage\":\"en-GB\",\"potentialAction\":[{\"@type\":\"ReadAction\",\"target\":[\"https:\\\/\\\/www.revistarambla.com\\\/que-le-pasa-al-cerebro-de-una-mujer-que-ha-sufrido-una-agresion-sexual\\\/\"]}]},{\"@type\":\"ImageObject\",\"inLanguage\":\"en-GB\",\"@id\":\"https:\\\/\\\/www.revistarambla.com\\\/que-le-pasa-al-cerebro-de-una-mujer-que-ha-sufrido-una-agresion-sexual\\\/#primaryimage\",\"url\":\"https:\\\/\\\/www.revistarambla.com\\\/wp-content\\\/uploads\\\/2025\\\/10\\\/68f25966e9ff7123e93236d9.jpg\",\"contentUrl\":\"https:\\\/\\\/www.revistarambla.com\\\/wp-content\\\/uploads\\\/2025\\\/10\\\/68f25966e9ff7123e93236d9.jpg\",\"width\":1104,\"height\":622,\"caption\":\"cerebro mujer violada\"},{\"@type\":\"BreadcrumbList\",\"@id\":\"https:\\\/\\\/www.revistarambla.com\\\/que-le-pasa-al-cerebro-de-una-mujer-que-ha-sufrido-una-agresion-sexual\\\/#breadcrumb\",\"itemListElement\":[{\"@type\":\"ListItem\",\"position\":1,\"name\":\"Portada\",\"item\":\"https:\\\/\\\/www.revistarambla.com\\\/\"},{\"@type\":\"ListItem\",\"position\":2,\"name\":\"\u00bfQu\u00e9 le pasa al cerebro de una mujer que ha sufrido una agresi\u00f3n sexual?\"}]},{\"@type\":\"WebSite\",\"@id\":\"https:\\\/\\\/www.revistarambla.com\\\/#website\",\"url\":\"https:\\\/\\\/www.revistarambla.com\\\/\",\"name\":\"Revista Rambla Barcelona\",\"description\":\"Periodismo independiente\",\"publisher\":{\"@id\":\"https:\\\/\\\/www.revistarambla.com\\\/#organization\"},\"potentialAction\":[{\"@type\":\"SearchAction\",\"target\":{\"@type\":\"EntryPoint\",\"urlTemplate\":\"https:\\\/\\\/www.revistarambla.com\\\/?s={search_term_string}\"},\"query-input\":{\"@type\":\"PropertyValueSpecification\",\"valueRequired\":true,\"valueName\":\"search_term_string\"}}],\"inLanguage\":\"en-GB\"},{\"@type\":\"Organization\",\"@id\":\"https:\\\/\\\/www.revistarambla.com\\\/#organization\",\"name\":\"Revista Rambla\",\"url\":\"https:\\\/\\\/www.revistarambla.com\\\/\",\"logo\":{\"@type\":\"ImageObject\",\"inLanguage\":\"en-GB\",\"@id\":\"https:\\\/\\\/www.revistarambla.com\\\/#\\\/schema\\\/logo\\\/image\\\/\",\"url\":\"https:\\\/\\\/www.revistarambla.com\\\/wp-content\\\/uploads\\\/2020\\\/09\\\/banner_rambla_1900x600_BB.png\",\"contentUrl\":\"https:\\\/\\\/www.revistarambla.com\\\/wp-content\\\/uploads\\\/2020\\\/09\\\/banner_rambla_1900x600_BB.png\",\"width\":1900,\"height\":600,\"caption\":\"Revista Rambla\"},\"image\":{\"@id\":\"https:\\\/\\\/www.revistarambla.com\\\/#\\\/schema\\\/logo\\\/image\\\/\"},\"sameAs\":[\"https:\\\/\\\/www.facebook.com\\\/revistarambla\\\/\",\"https:\\\/\\\/x.com\\\/revistarambla\",\"https:\\\/\\\/www.instagram.com\\\/revista_rambla\",\"https:\\\/\\\/es.linkedin.com\\\/company\\\/revista-rambla\"]},{\"@type\":\"Person\",\"@id\":\"https:\\\/\\\/www.revistarambla.com\\\/#\\\/schema\\\/person\\\/a146a5a2550b94981a75131180e1bd9c\",\"name\":\"R@mbla\",\"description\":\"Este art\u00edculo ha sido redactado y\\\/o validado por el equipo de redacci\u00f3n de Revista Rambla.\",\"sameAs\":[\"https:\\\/\\\/www.revistarambla.com\\\/\",\"https:\\\/\\\/www.facebook.com\\\/revistarambla\",\"https:\\\/\\\/x.com\\\/revistarambla\"]}]}<\/script>\n<!-- \/ Yoast SEO plugin. -->","yoast_head_json":{"title":"\u00bfQu\u00e9 le pasa al cerebro de una mujer que ha sufrido una agresi\u00f3n sexual? - Revista Rambla","robots":{"index":"index","follow":"follow","max-snippet":"max-snippet:-1","max-image-preview":"max-image-preview:large","max-video-preview":"max-video-preview:-1"},"canonical":"https:\/\/www.revistarambla.com\/en\/que-le-pasa-al-cerebro-de-una-mujer-que-ha-sufrido-una-agresion-sexual\/","og_locale":"en_GB","og_type":"article","og_title":"\u00bfQu\u00e9 le pasa al cerebro de una mujer que ha sufrido una agresi\u00f3n sexual? - Revista Rambla","og_description":"Los resultados de una nueva investigaci\u00f3n podr\u00edan ayudar a desarrollar tratamientos m\u00e1s eficaces para las v\u00edctimas","og_url":"https:\/\/www.revistarambla.com\/en\/que-le-pasa-al-cerebro-de-una-mujer-que-ha-sufrido-una-agresion-sexual\/","og_site_name":"Revista Rambla","article_publisher":"https:\/\/www.facebook.com\/revistarambla\/","article_author":"https:\/\/www.facebook.com\/revistarambla","article_published_time":"2025-10-18T09:42:09+00:00","og_image":[{"width":1104,"height":622,"url":"https:\/\/www.revistarambla.com\/wp-content\/uploads\/2025\/10\/68f25966e9ff7123e93236d9.jpg","type":"image\/jpeg"}],"author":"R@mbla","twitter_card":"summary_large_image","twitter_creator":"@revistarambla","twitter_site":"@revistarambla","twitter_misc":{"Written by":"R@mbla","Estimated reading time":"7 minutes"},"schema":{"@context":"https:\/\/schema.org","@graph":[{"@type":"Article","@id":"https:\/\/www.revistarambla.com\/que-le-pasa-al-cerebro-de-una-mujer-que-ha-sufrido-una-agresion-sexual\/#article","isPartOf":{"@id":"https:\/\/www.revistarambla.com\/que-le-pasa-al-cerebro-de-una-mujer-que-ha-sufrido-una-agresion-sexual\/"},"author":{"name":"R@mbla","@id":"https:\/\/www.revistarambla.com\/#\/schema\/person\/a146a5a2550b94981a75131180e1bd9c"},"headline":"\u00bfQu\u00e9 le pasa al cerebro de una mujer que ha sufrido una agresi\u00f3n sexual?","datePublished":"2025-10-18T09:42:09+00:00","mainEntityOfPage":{"@id":"https:\/\/www.revistarambla.com\/que-le-pasa-al-cerebro-de-una-mujer-que-ha-sufrido-una-agresion-sexual\/"},"wordCount":1558,"publisher":{"@id":"https:\/\/www.revistarambla.com\/#organization"},"image":{"@id":"https:\/\/www.revistarambla.com\/que-le-pasa-al-cerebro-de-una-mujer-que-ha-sufrido-una-agresion-sexual\/#primaryimage"},"thumbnailUrl":"https:\/\/www.revistarambla.com\/wp-content\/uploads\/2025\/10\/68f25966e9ff7123e93236d9.jpg","articleSection":["Otras Miradas"],"inLanguage":"en-GB"},{"@type":"WebPage","@id":"https:\/\/www.revistarambla.com\/que-le-pasa-al-cerebro-de-una-mujer-que-ha-sufrido-una-agresion-sexual\/","url":"https:\/\/www.revistarambla.com\/que-le-pasa-al-cerebro-de-una-mujer-que-ha-sufrido-una-agresion-sexual\/","name":"\u00bfQu\u00e9 le pasa al cerebro de una mujer que ha sufrido una agresi\u00f3n sexual? - Revista Rambla","isPartOf":{"@id":"https:\/\/www.revistarambla.com\/#website"},"primaryImageOfPage":{"@id":"https:\/\/www.revistarambla.com\/que-le-pasa-al-cerebro-de-una-mujer-que-ha-sufrido-una-agresion-sexual\/#primaryimage"},"image":{"@id":"https:\/\/www.revistarambla.com\/que-le-pasa-al-cerebro-de-una-mujer-que-ha-sufrido-una-agresion-sexual\/#primaryimage"},"thumbnailUrl":"https:\/\/www.revistarambla.com\/wp-content\/uploads\/2025\/10\/68f25966e9ff7123e93236d9.jpg","datePublished":"2025-10-18T09:42:09+00:00","breadcrumb":{"@id":"https:\/\/www.revistarambla.com\/que-le-pasa-al-cerebro-de-una-mujer-que-ha-sufrido-una-agresion-sexual\/#breadcrumb"},"inLanguage":"en-GB","potentialAction":[{"@type":"ReadAction","target":["https:\/\/www.revistarambla.com\/que-le-pasa-al-cerebro-de-una-mujer-que-ha-sufrido-una-agresion-sexual\/"]}]},{"@type":"ImageObject","inLanguage":"en-GB","@id":"https:\/\/www.revistarambla.com\/que-le-pasa-al-cerebro-de-una-mujer-que-ha-sufrido-una-agresion-sexual\/#primaryimage","url":"https:\/\/www.revistarambla.com\/wp-content\/uploads\/2025\/10\/68f25966e9ff7123e93236d9.jpg","contentUrl":"https:\/\/www.revistarambla.com\/wp-content\/uploads\/2025\/10\/68f25966e9ff7123e93236d9.jpg","width":1104,"height":622,"caption":"cerebro mujer violada"},{"@type":"BreadcrumbList","@id":"https:\/\/www.revistarambla.com\/que-le-pasa-al-cerebro-de-una-mujer-que-ha-sufrido-una-agresion-sexual\/#breadcrumb","itemListElement":[{"@type":"ListItem","position":1,"name":"Portada","item":"https:\/\/www.revistarambla.com\/"},{"@type":"ListItem","position":2,"name":"\u00bfQu\u00e9 le pasa al cerebro de una mujer que ha sufrido una agresi\u00f3n sexual?"}]},{"@type":"WebSite","@id":"https:\/\/www.revistarambla.com\/#website","url":"https:\/\/www.revistarambla.com\/","name":"Revista Rambla Barcelona","description":"Periodismo independiente","publisher":{"@id":"https:\/\/www.revistarambla.com\/#organization"},"potentialAction":[{"@type":"SearchAction","target":{"@type":"EntryPoint","urlTemplate":"https:\/\/www.revistarambla.com\/?s={search_term_string}"},"query-input":{"@type":"PropertyValueSpecification","valueRequired":true,"valueName":"search_term_string"}}],"inLanguage":"en-GB"},{"@type":"Organization","@id":"https:\/\/www.revistarambla.com\/#organization","name":"Revista Rambla","url":"https:\/\/www.revistarambla.com\/","logo":{"@type":"ImageObject","inLanguage":"en-GB","@id":"https:\/\/www.revistarambla.com\/#\/schema\/logo\/image\/","url":"https:\/\/www.revistarambla.com\/wp-content\/uploads\/2020\/09\/banner_rambla_1900x600_BB.png","contentUrl":"https:\/\/www.revistarambla.com\/wp-content\/uploads\/2020\/09\/banner_rambla_1900x600_BB.png","width":1900,"height":600,"caption":"Revista Rambla"},"image":{"@id":"https:\/\/www.revistarambla.com\/#\/schema\/logo\/image\/"},"sameAs":["https:\/\/www.facebook.com\/revistarambla\/","https:\/\/x.com\/revistarambla","https:\/\/www.instagram.com\/revista_rambla","https:\/\/es.linkedin.com\/company\/revista-rambla"]},{"@type":"Person","@id":"https:\/\/www.revistarambla.com\/#\/schema\/person\/a146a5a2550b94981a75131180e1bd9c","name":"R@mbla","description":"Este art\u00edculo ha sido redactado y\/o validado por el equipo de redacci\u00f3n de Revista Rambla.","sameAs":["https:\/\/www.revistarambla.com\/","https:\/\/www.facebook.com\/revistarambla","https:\/\/x.com\/revistarambla"]}]}},"_links":{"self":[{"href":"https:\/\/www.revistarambla.com\/en\/wp-json\/wp\/v2\/posts\/66946","targetHints":{"allow":["GET"]}}],"collection":[{"href":"https:\/\/www.revistarambla.com\/en\/wp-json\/wp\/v2\/posts"}],"about":[{"href":"https:\/\/www.revistarambla.com\/en\/wp-json\/wp\/v2\/types\/post"}],"author":[{"embeddable":true,"href":"https:\/\/www.revistarambla.com\/en\/wp-json\/wp\/v2\/users\/3"}],"replies":[{"embeddable":true,"href":"https:\/\/www.revistarambla.com\/en\/wp-json\/wp\/v2\/comments?post=66946"}],"version-history":[{"count":1,"href":"https:\/\/www.revistarambla.com\/en\/wp-json\/wp\/v2\/posts\/66946\/revisions"}],"predecessor-version":[{"id":66948,"href":"https:\/\/www.revistarambla.com\/en\/wp-json\/wp\/v2\/posts\/66946\/revisions\/66948"}],"wp:featuredmedia":[{"embeddable":true,"href":"https:\/\/www.revistarambla.com\/en\/wp-json\/wp\/v2\/media\/66947"}],"wp:attachment":[{"href":"https:\/\/www.revistarambla.com\/en\/wp-json\/wp\/v2\/media?parent=66946"}],"wp:term":[{"taxonomy":"category","embeddable":true,"href":"https:\/\/www.revistarambla.com\/en\/wp-json\/wp\/v2\/categories?post=66946"},{"taxonomy":"post_tag","embeddable":true,"href":"https:\/\/www.revistarambla.com\/en\/wp-json\/wp\/v2\/tags?post=66946"}],"curies":[{"name":"wp","href":"https:\/\/api.w.org\/{rel}","templated":true}]}}